{"id":35069,"date":"2020-10-24T14:30:16","date_gmt":"2020-10-24T12:30:16","guid":{"rendered":"http:\/\/mula.es\/web\/?p=35069"},"modified":"2021-05-12T20:07:57","modified_gmt":"2021-05-12T18:07:57","slug":"juan-jesus-moreno-pide-al-presidente-de-la-comunidad-flexibilidad-ante-el-sector-de-la-hosteleria-frente-al-toque-de-queda","status":"publish","type":"post","link":"https:\/\/mula.es\/web\/juan-jesus-moreno-pide-al-presidente-de-la-comunidad-flexibilidad-ante-el-sector-de-la-hosteleria-frente-al-toque-de-queda\/","title":{"rendered":"ALCALD\u00cdA | Juan Jes\u00fas Moreno pide al presidente de la Comunidad flexibilidad ante el sector de la hosteler\u00eda frente al \u2018toque de queda\u2019"},"content":{"rendered":"<p style=\"text-align: justify;\">El alcalde de Mula, Juan Jes\u00fas Moreno, ha participado durante la ma\u00f1ana de este viernes en un encuentro telem\u00e1tico entre el presidente de la Comunidad, Fernando L\u00f3pez Miras, y los alcaldes de los municipios de la Regi\u00f3n de Murcia.<\/p>\n<p style=\"text-align: justify;\">Durante el encuentro el presidente ha trasladado en qu\u00e9 consistir\u00eda el \u2018toque de queda\u2019 propuesto por el Gobierno de Espa\u00f1a y c\u00f3mo se aplicar\u00eda en los municipios, ya que podr\u00eda aprobarse por el Tribunal Superior de Justicia y entrar en vigor en los pr\u00f3ximos d\u00edas.<\/p>\n<p style=\"text-align: justify;\">Entre otros aspectos se ha hecho balance de la situaci\u00f3n de crisis sanitaria en la Regi\u00f3n de Murcia, \u201ccon datos muy altos\u201d, motivo que conllevar\u00eda que ese \u2018toque de queda\u2019 se implantara finalmente en la Comunidad presumiblemente desde las 23 horas hasta las 6 de la ma\u00f1ana.<\/p>\n<p style=\"text-align: justify;\">Moreno resaltaba sobre este hecho que \u201che insistido much\u00edsimo al presidente de que se sea muy flexible sobre este asunto enfocado en el sector de la hosteler\u00eda, con el fin de que los hosteleros se vean da\u00f1ados lo m\u00e1ximo posible. Es un sector que en este momento se est\u00e1 viendo enormemente perjudicado por la situaci\u00f3n y debemos incidir en que las medidas les afecten el m\u00ednimo posible\u201d, afirmaba.<\/p>\n<p style=\"text-align: justify;\">El alcalde de Mula ha hecho especial hincapi\u00e9, adem\u00e1s, en la necesidad que establecer m\u00e1s rastreadores, como aspecto fundamental para seguir los casos positivos. Asimismo ha resaltado la importancia de controlar en gran medida las competiciones deportivas para evitar posibles brotes en esta \u00e1rea. \u201cTenemos que aunar todos los esfuerzos para que haya los menores problemas dentro de las competiciones deportivas y podamos alternar el ocio y deporte con el devenir diario\u201d.<\/p>\n","protected":false},"excerpt":{"rendered":"<p>El alcalde de Mula, Juan Jes\u00fas Moreno, ha participado durante la ma\u00f1ana de este viernes en un encuentro telem\u00e1tico entre el presidente de la Comunidad, Fernando L\u00f3pez Miras, y los alcaldes de los municipios de la Regi\u00f3n de Murcia. Durante el encuentro el presidente ha trasladado en qu\u00e9 consistir\u00eda el \u2018toque de queda\u2019 propuesto por  [&#8230;]<\/p>\n","protected":false},"author":1,"featured_media":35070,"comment_status":"closed","ping_status":"closed","sticky":false,"template":"","format":"standard","meta":{"jetpack_post_was_ever_published":false,"_jetpack_newsletter_access":"","_jetpack_dont_email_post_to_subs":false,"_jetpack_newsletter_tier_id":0,"_jetpack_memberships_contains_paywalled_content":false,"_jetpack_memberships_contains_paid_content":false,"footnotes":"","jetpack_publicize_message":"","jetpack_publicize_feature_enabled":true,"jetpack_social_post_already_shared":false,"jetpack_social_options":{"image_generator_settings":{"template":"highway","default_image_id":0,"font":"","enabled":false},"version":2}},"categories":[127,392,664],"tags":[],"class_list":["post-35069","post","type-post","status-publish","format-standard","has-post-thumbnail","hentry","category-alcalde","category-alcaldia","category-coronavirus"],"yoast_head":"<!-- This site is optimized with the Yoast SEO plugin v27.5 - https:\/\/yoast.com\/product\/yoast-seo-wordpress\/ -->\n<title>ALCALD\u00cdA | Juan Jes\u00fas Moreno pide al presidente de la Comunidad flexibilidad ante el sector de la hosteler\u00eda frente al \u2018toque de queda\u2019 - Ayuntamiento de Mula<\/title>\n<meta name=\"robots\" content=\"index, follow, max-snippet:-1, max-image-preview:large, max-video-preview:-1\" \/>\n<link rel=\"canonical\" href=\"https:\/\/mula.es\/web\/juan-jesus-moreno-pide-al-presidente-de-la-comunidad-flexibilidad-ante-el-sector-de-la-hosteleria-frente-al-toque-de-queda\/\" \/>\n<meta property=\"og:locale\" content=\"es_ES\" \/>\n<meta property=\"og:type\" content=\"article\" \/>\n<meta property=\"og:title\" content=\"ALCALD\u00cdA | Juan Jes\u00fas Moreno pide al presidente de la Comunidad flexibilidad ante el sector de la hosteler\u00eda frente al \u2018toque de queda\u2019 - Ayuntamiento de Mula\" \/>\n<meta property=\"og:description\" content=\"El alcalde de Mula, Juan Jes\u00fas Moreno, ha participado durante la ma\u00f1ana de este viernes en un encuentro telem\u00e1tico entre el presidente de la Comunidad, Fernando L\u00f3pez Miras, y los alcaldes de los municipios de la Regi\u00f3n de Murcia. Durante el encuentro el presidente ha trasladado en qu\u00e9 consistir\u00eda el \u2018toque de queda\u2019 propuesto por [...]\" \/>\n<meta property=\"og:url\" content=\"https:\/\/mula.es\/web\/juan-jesus-moreno-pide-al-presidente-de-la-comunidad-flexibilidad-ante-el-sector-de-la-hosteleria-frente-al-toque-de-queda\/\" \/>\n<meta property=\"og:site_name\" content=\"Ayuntamiento de Mula\" \/>\n<meta property=\"article:published_time\" content=\"2020-10-24T12:30:16+00:00\" \/>\n<meta property=\"article:modified_time\" content=\"2021-05-12T18:07:57+00:00\" \/>\n<meta property=\"og:image\" content=\"https:\/\/i0.wp.com\/mula.es\/web\/wp-content\/uploads\/2020\/10\/Reunion-Alcaldes-Presidente-CARM-23-10-20.jpg?fit=1024%2C768&ssl=1\" \/>\n\t<meta property=\"og:image:width\" content=\"1024\" \/>\n\t<meta property=\"og:image:height\" content=\"768\" \/>\n\t<meta property=\"og:image:type\" content=\"image\/jpeg\" \/>\n<meta name=\"author\" content=\"admin\" \/>\n<meta name=\"twitter:card\" content=\"summary_large_image\" \/>\n<meta name=\"twitter:image\" content=\"https:\/\/mula.es\/web\/wp-content\/uploads\/2020\/06\/escudo-cuadrado-e1591045058235.jpg\" \/>\n<meta name=\"twitter:creator\" content=\"@AyuntamientMula\" \/>\n<meta name=\"twitter:site\" content=\"@AyuntamientMula\" \/>\n<meta name=\"twitter:label1\" content=\"Escrito por\" \/>\n\t<meta name=\"twitter:data1\" content=\"admin\" \/>\n\t<meta name=\"twitter:label2\" content=\"Tiempo de lectura\" \/>\n\t<meta name=\"twitter:data2\" content=\"1 minuto\" \/>\n<script type=\"application\/ld+json\" class=\"yoast-schema-graph\">{\"@context\":\"https:\\\/\\\/schema.org\",\"@graph\":[{\"@type\":\"Article\",\"@id\":\"https:\\\/\\\/mula.es\\\/web\\\/juan-jesus-moreno-pide-al-presidente-de-la-comunidad-flexibilidad-ante-el-sector-de-la-hosteleria-frente-al-toque-de-queda\\\/#article\",\"isPartOf\":{\"@id\":\"https:\\\/\\\/mula.es\\\/web\\\/juan-jesus-moreno-pide-al-presidente-de-la-comunidad-flexibilidad-ante-el-sector-de-la-hosteleria-frente-al-toque-de-queda\\\/\"},\"author\":{\"name\":\"admin\",\"@id\":\"https:\\\/\\\/mula.es\\\/web\\\/#\\\/schema\\\/person\\\/a0dbffe9f4a3ed4aaebedcfef02f71a1\"},\"headline\":\"ALCALD\u00cdA | Juan Jes\u00fas Moreno pide al presidente de la Comunidad flexibilidad ante el sector de la hosteler\u00eda frente al \u2018toque de queda\u2019\",\"datePublished\":\"2020-10-24T12:30:16+00:00\",\"dateModified\":\"2021-05-12T18:07:57+00:00\",\"mainEntityOfPage\":{\"@id\":\"https:\\\/\\\/mula.es\\\/web\\\/juan-jesus-moreno-pide-al-presidente-de-la-comunidad-flexibilidad-ante-el-sector-de-la-hosteleria-frente-al-toque-de-queda\\\/\"},\"wordCount\":318,\"image\":{\"@id\":\"https:\\\/\\\/mula.es\\\/web\\\/juan-jesus-moreno-pide-al-presidente-de-la-comunidad-flexibilidad-ante-el-sector-de-la-hosteleria-frente-al-toque-de-queda\\\/#primaryimage\"},\"thumbnailUrl\":\"https:\\\/\\\/mula.es\\\/web\\\/wp-content\\\/uploads\\\/2020\\\/10\\\/Reunion-Alcaldes-Presidente-CARM-23-10-20.jpg\",\"articleSection\":[\"alcalde\",\"alcald\u00eda\",\"coronavirus\"],\"inLanguage\":\"es\"},{\"@type\":\"WebPage\",\"@id\":\"https:\\\/\\\/mula.es\\\/web\\\/juan-jesus-moreno-pide-al-presidente-de-la-comunidad-flexibilidad-ante-el-sector-de-la-hosteleria-frente-al-toque-de-queda\\\/\",\"url\":\"https:\\\/\\\/mula.es\\\/web\\\/juan-jesus-moreno-pide-al-presidente-de-la-comunidad-flexibilidad-ante-el-sector-de-la-hosteleria-frente-al-toque-de-queda\\\/\",\"name\":\"ALCALD\u00cdA | Juan Jes\u00fas Moreno pide al presidente de la Comunidad flexibilidad ante el sector de la hosteler\u00eda frente al \u2018toque de queda\u2019 - Ayuntamiento de Mula\",\"isPartOf\":{\"@id\":\"https:\\\/\\\/mula.es\\\/web\\\/#website\"},\"primaryImageOfPage\":{\"@id\":\"https:\\\/\\\/mula.es\\\/web\\\/juan-jesus-moreno-pide-al-presidente-de-la-comunidad-flexibilidad-ante-el-sector-de-la-hosteleria-frente-al-toque-de-queda\\\/#primaryimage\"},\"image\":{\"@id\":\"https:\\\/\\\/mula.es\\\/web\\\/juan-jesus-moreno-pide-al-presidente-de-la-comunidad-flexibilidad-ante-el-sector-de-la-hosteleria-frente-al-toque-de-queda\\\/#primaryimage\"},\"thumbnailUrl\":\"https:\\\/\\\/mula.es\\\/web\\\/wp-content\\\/uploads\\\/2020\\\/10\\\/Reunion-Alcaldes-Presidente-CARM-23-10-20.jpg\",\"datePublished\":\"2020-10-24T12:30:16+00:00\",\"dateModified\":\"2021-05-12T18:07:57+00:00\",\"author\":{\"@id\":\"https:\\\/\\\/mula.es\\\/web\\\/#\\\/schema\\\/person\\\/a0dbffe9f4a3ed4aaebedcfef02f71a1\"},\"breadcrumb\":{\"@id\":\"https:\\\/\\\/mula.es\\\/web\\\/juan-jesus-moreno-pide-al-presidente-de-la-comunidad-flexibilidad-ante-el-sector-de-la-hosteleria-frente-al-toque-de-queda\\\/#breadcrumb\"},\"inLanguage\":\"es\",\"potentialAction\":[{\"@type\":\"ReadAction\",\"target\":[\"https:\\\/\\\/mula.es\\\/web\\\/juan-jesus-moreno-pide-al-presidente-de-la-comunidad-flexibilidad-ante-el-sector-de-la-hosteleria-frente-al-toque-de-queda\\\/\"]}]},{\"@type\":\"ImageObject\",\"inLanguage\":\"es\",\"@id\":\"https:\\\/\\\/mula.es\\\/web\\\/juan-jesus-moreno-pide-al-presidente-de-la-comunidad-flexibilidad-ante-el-sector-de-la-hosteleria-frente-al-toque-de-queda\\\/#primaryimage\",\"url\":\"https:\\\/\\\/mula.es\\\/web\\\/wp-content\\\/uploads\\\/2020\\\/10\\\/Reunion-Alcaldes-Presidente-CARM-23-10-20.jpg\",\"contentUrl\":\"https:\\\/\\\/mula.es\\\/web\\\/wp-content\\\/uploads\\\/2020\\\/10\\\/Reunion-Alcaldes-Presidente-CARM-23-10-20.jpg\",\"width\":1024,\"height\":768},{\"@type\":\"BreadcrumbList\",\"@id\":\"https:\\\/\\\/mula.es\\\/web\\\/juan-jesus-moreno-pide-al-presidente-de-la-comunidad-flexibilidad-ante-el-sector-de-la-hosteleria-frente-al-toque-de-queda\\\/#breadcrumb\",\"itemListElement\":[{\"@type\":\"ListItem\",\"position\":1,\"name\":\"Portada\",\"item\":\"https:\\\/\\\/mula.es\\\/web\\\/\"},{\"@type\":\"ListItem\",\"position\":2,\"name\":\"ALCALD\u00cdA | Juan Jes\u00fas Moreno pide al presidente de la Comunidad flexibilidad ante el sector de la hosteler\u00eda frente al \u2018toque de queda\u2019\"}]},{\"@type\":\"WebSite\",\"@id\":\"https:\\\/\\\/mula.es\\\/web\\\/#website\",\"url\":\"https:\\\/\\\/mula.es\\\/web\\\/\",\"name\":\"Ayuntamiento de Mula\",\"description\":\"P\u00e1gina web del Ayuntamiento de Mula (Regi\u00f3n de Murcia)\",\"potentialAction\":[{\"@type\":\"SearchAction\",\"target\":{\"@type\":\"EntryPoint\",\"urlTemplate\":\"https:\\\/\\\/mula.es\\\/web\\\/?s={search_term_string}\"},\"query-input\":{\"@type\":\"PropertyValueSpecification\",\"valueRequired\":true,\"valueName\":\"search_term_string\"}}],\"inLanguage\":\"es\"},{\"@type\":\"Person\",\"@id\":\"https:\\\/\\\/mula.es\\\/web\\\/#\\\/schema\\\/person\\\/a0dbffe9f4a3ed4aaebedcfef02f71a1\",\"name\":\"admin\",\"image\":{\"@type\":\"ImageObject\",\"inLanguage\":\"es\",\"@id\":\"https:\\\/\\\/secure.gravatar.com\\\/avatar\\\/5423b9cd77f4c7f89a124365a268866f9dfee038c17fe9e37afd92b5920d810e?s=96&d=mm&r=g\",\"url\":\"https:\\\/\\\/secure.gravatar.com\\\/avatar\\\/5423b9cd77f4c7f89a124365a268866f9dfee038c17fe9e37afd92b5920d810e?s=96&d=mm&r=g\",\"contentUrl\":\"https:\\\/\\\/secure.gravatar.com\\\/avatar\\\/5423b9cd77f4c7f89a124365a268866f9dfee038c17fe9e37afd92b5920d810e?s=96&d=mm&r=g\",\"caption\":\"admin\"},\"description\":\"Lorem ipsum dolor sit amet, consectetur adipiscing elit. Nam viverra euismod odio, gravida pellentesque urna varius vitae. Sed dui lorem, adipiscing in adipiscing et, interdum nec metus. Mauris ultricies, justo eu convallis placerat, felis enim ornare nisi, vitae mattis nulla ante id dui. Ut lectus purus, commodo et tincidunt vel, interdum sed lectus. Vestibulum adipiscing tempor nisi id elementi.\",\"url\":\"https:\\\/\\\/mula.es\\\/web\\\/author\\\/jose-maria-boti\\\/\"}]}<\/script>\n<!-- \/ Yoast SEO plugin. -->","yoast_head_json":{"title":"ALCALD\u00cdA | Juan Jes\u00fas Moreno pide al presidente de la Comunidad flexibilidad ante el sector de la hosteler\u00eda frente al \u2018toque de queda\u2019 - Ayuntamiento de Mula","robots":{"index":"index","follow":"follow","max-snippet":"max-snippet:-1","max-image-preview":"max-image-preview:large","max-video-preview":"max-video-preview:-1"},"canonical":"https:\/\/mula.es\/web\/juan-jesus-moreno-pide-al-presidente-de-la-comunidad-flexibilidad-ante-el-sector-de-la-hosteleria-frente-al-toque-de-queda\/","og_locale":"es_ES","og_type":"article","og_title":"ALCALD\u00cdA | Juan Jes\u00fas Moreno pide al presidente de la Comunidad flexibilidad ante el sector de la hosteler\u00eda frente al \u2018toque de queda\u2019 - Ayuntamiento de Mula","og_description":"El alcalde de Mula, Juan Jes\u00fas Moreno, ha participado durante la ma\u00f1ana de este viernes en un encuentro telem\u00e1tico entre el presidente de la Comunidad, Fernando L\u00f3pez Miras, y los alcaldes de los municipios de la Regi\u00f3n de Murcia. Durante el encuentro el presidente ha trasladado en qu\u00e9 consistir\u00eda el \u2018toque de queda\u2019 propuesto por [...]","og_url":"https:\/\/mula.es\/web\/juan-jesus-moreno-pide-al-presidente-de-la-comunidad-flexibilidad-ante-el-sector-de-la-hosteleria-frente-al-toque-de-queda\/","og_site_name":"Ayuntamiento de Mula","article_published_time":"2020-10-24T12:30:16+00:00","article_modified_time":"2021-05-12T18:07:57+00:00","og_image":[{"width":1024,"height":768,"url":"https:\/\/i0.wp.com\/mula.es\/web\/wp-content\/uploads\/2020\/10\/Reunion-Alcaldes-Presidente-CARM-23-10-20.jpg?fit=1024%2C768&ssl=1","type":"image\/jpeg"}],"author":"admin","twitter_card":"summary_large_image","twitter_image":"https:\/\/mula.es\/web\/wp-content\/uploads\/2020\/06\/escudo-cuadrado-e1591045058235.jpg","twitter_creator":"@AyuntamientMula","twitter_site":"@AyuntamientMula","twitter_misc":{"Escrito por":"admin","Tiempo de lectura":"1 minuto"},"schema":{"@context":"https:\/\/schema.org","@graph":[{"@type":"Article","@id":"https:\/\/mula.es\/web\/juan-jesus-moreno-pide-al-presidente-de-la-comunidad-flexibilidad-ante-el-sector-de-la-hosteleria-frente-al-toque-de-queda\/#article","isPartOf":{"@id":"https:\/\/mula.es\/web\/juan-jesus-moreno-pide-al-presidente-de-la-comunidad-flexibilidad-ante-el-sector-de-la-hosteleria-frente-al-toque-de-queda\/"},"author":{"name":"admin","@id":"https:\/\/mula.es\/web\/#\/schema\/person\/a0dbffe9f4a3ed4aaebedcfef02f71a1"},"headline":"ALCALD\u00cdA | Juan Jes\u00fas Moreno pide al presidente de la Comunidad flexibilidad ante el sector de la hosteler\u00eda frente al \u2018toque de queda\u2019","datePublished":"2020-10-24T12:30:16+00:00","dateModified":"2021-05-12T18:07:57+00:00","mainEntityOfPage":{"@id":"https:\/\/mula.es\/web\/juan-jesus-moreno-pide-al-presidente-de-la-comunidad-flexibilidad-ante-el-sector-de-la-hosteleria-frente-al-toque-de-queda\/"},"wordCount":318,"image":{"@id":"https:\/\/mula.es\/web\/juan-jesus-moreno-pide-al-presidente-de-la-comunidad-flexibilidad-ante-el-sector-de-la-hosteleria-frente-al-toque-de-queda\/#primaryimage"},"thumbnailUrl":"https:\/\/mula.es\/web\/wp-content\/uploads\/2020\/10\/Reunion-Alcaldes-Presidente-CARM-23-10-20.jpg","articleSection":["alcalde","alcald\u00eda","coronavirus"],"inLanguage":"es"},{"@type":"WebPage","@id":"https:\/\/mula.es\/web\/juan-jesus-moreno-pide-al-presidente-de-la-comunidad-flexibilidad-ante-el-sector-de-la-hosteleria-frente-al-toque-de-queda\/","url":"https:\/\/mula.es\/web\/juan-jesus-moreno-pide-al-presidente-de-la-comunidad-flexibilidad-ante-el-sector-de-la-hosteleria-frente-al-toque-de-queda\/","name":"ALCALD\u00cdA | Juan Jes\u00fas Moreno pide al presidente de la Comunidad flexibilidad ante el sector de la hosteler\u00eda frente al \u2018toque de queda\u2019 - Ayuntamiento de Mula","isPartOf":{"@id":"https:\/\/mula.es\/web\/#website"},"primaryImageOfPage":{"@id":"https:\/\/mula.es\/web\/juan-jesus-moreno-pide-al-presidente-de-la-comunidad-flexibilidad-ante-el-sector-de-la-hosteleria-frente-al-toque-de-queda\/#primaryimage"},"image":{"@id":"https:\/\/mula.es\/web\/juan-jesus-moreno-pide-al-presidente-de-la-comunidad-flexibilidad-ante-el-sector-de-la-hosteleria-frente-al-toque-de-queda\/#primaryimage"},"thumbnailUrl":"https:\/\/mula.es\/web\/wp-content\/uploads\/2020\/10\/Reunion-Alcaldes-Presidente-CARM-23-10-20.jpg","datePublished":"2020-10-24T12:30:16+00:00","dateModified":"2021-05-12T18:07:57+00:00","author":{"@id":"https:\/\/mula.es\/web\/#\/schema\/person\/a0dbffe9f4a3ed4aaebedcfef02f71a1"},"breadcrumb":{"@id":"https:\/\/mula.es\/web\/juan-jesus-moreno-pide-al-presidente-de-la-comunidad-flexibilidad-ante-el-sector-de-la-hosteleria-frente-al-toque-de-queda\/#breadcrumb"},"inLanguage":"es","potentialAction":[{"@type":"ReadAction","target":["https:\/\/mula.es\/web\/juan-jesus-moreno-pide-al-presidente-de-la-comunidad-flexibilidad-ante-el-sector-de-la-hosteleria-frente-al-toque-de-queda\/"]}]},{"@type":"ImageObject","inLanguage":"es","@id":"https:\/\/mula.es\/web\/juan-jesus-moreno-pide-al-presidente-de-la-comunidad-flexibilidad-ante-el-sector-de-la-hosteleria-frente-al-toque-de-queda\/#primaryimage","url":"https:\/\/mula.es\/web\/wp-content\/uploads\/2020\/10\/Reunion-Alcaldes-Presidente-CARM-23-10-20.jpg","contentUrl":"https:\/\/mula.es\/web\/wp-content\/uploads\/2020\/10\/Reunion-Alcaldes-Presidente-CARM-23-10-20.jpg","width":1024,"height":768},{"@type":"BreadcrumbList","@id":"https:\/\/mula.es\/web\/juan-jesus-moreno-pide-al-presidente-de-la-comunidad-flexibilidad-ante-el-sector-de-la-hosteleria-frente-al-toque-de-queda\/#breadcrumb","itemListElement":[{"@type":"ListItem","position":1,"name":"Portada","item":"https:\/\/mula.es\/web\/"},{"@type":"ListItem","position":2,"name":"ALCALD\u00cdA | Juan Jes\u00fas Moreno pide al presidente de la Comunidad flexibilidad ante el sector de la hosteler\u00eda frente al \u2018toque de queda\u2019"}]},{"@type":"WebSite","@id":"https:\/\/mula.es\/web\/#website","url":"https:\/\/mula.es\/web\/","name":"Ayuntamiento de Mula","description":"P\u00e1gina web del Ayuntamiento de Mula (Regi\u00f3n de Murcia)","potentialAction":[{"@type":"SearchAction","target":{"@type":"EntryPoint","urlTemplate":"https:\/\/mula.es\/web\/?s={search_term_string}"},"query-input":{"@type":"PropertyValueSpecification","valueRequired":true,"valueName":"search_term_string"}}],"inLanguage":"es"},{"@type":"Person","@id":"https:\/\/mula.es\/web\/#\/schema\/person\/a0dbffe9f4a3ed4aaebedcfef02f71a1","name":"admin","image":{"@type":"ImageObject","inLanguage":"es","@id":"https:\/\/secure.gravatar.com\/avatar\/5423b9cd77f4c7f89a124365a268866f9dfee038c17fe9e37afd92b5920d810e?s=96&d=mm&r=g","url":"https:\/\/secure.gravatar.com\/avatar\/5423b9cd77f4c7f89a124365a268866f9dfee038c17fe9e37afd92b5920d810e?s=96&d=mm&r=g","contentUrl":"https:\/\/secure.gravatar.com\/avatar\/5423b9cd77f4c7f89a124365a268866f9dfee038c17fe9e37afd92b5920d810e?s=96&d=mm&r=g","caption":"admin"},"description":"Lorem ipsum dolor sit amet, consectetur adipiscing elit. Nam viverra euismod odio, gravida pellentesque urna varius vitae. Sed dui lorem, adipiscing in adipiscing et, interdum nec metus. Mauris ultricies, justo eu convallis placerat, felis enim ornare nisi, vitae mattis nulla ante id dui. Ut lectus purus, commodo et tincidunt vel, interdum sed lectus. Vestibulum adipiscing tempor nisi id elementi.","url":"https:\/\/mula.es\/web\/author\/jose-maria-boti\/"}]}},"jetpack_publicize_connections":[],"jetpack_featured_media_url":"https:\/\/mula.es\/web\/wp-content\/uploads\/2020\/10\/Reunion-Alcaldes-Presidente-CARM-23-10-20.jpg","jetpack_sharing_enabled":true,"jetpack_shortlink":"https:\/\/wp.me\/pa9DMY-97D","jetpack-related-posts":[],"_links":{"self":[{"href":"https:\/\/mula.es\/web\/wp-json\/wp\/v2\/posts\/35069","targetHints":{"allow":["GET"]}}],"collection":[{"href":"https:\/\/mula.es\/web\/wp-json\/wp\/v2\/posts"}],"about":[{"href":"https:\/\/mula.es\/web\/wp-json\/wp\/v2\/types\/post"}],"author":[{"embeddable":true,"href":"https:\/\/mula.es\/web\/wp-json\/wp\/v2\/users\/1"}],"replies":[{"embeddable":true,"href":"https:\/\/mula.es\/web\/wp-json\/wp\/v2\/comments?post=35069"}],"version-history":[{"count":3,"href":"https:\/\/mula.es\/web\/wp-json\/wp\/v2\/posts\/35069\/revisions"}],"predecessor-version":[{"id":35078,"href":"https:\/\/mula.es\/web\/wp-json\/wp\/v2\/posts\/35069\/revisions\/35078"}],"wp:featuredmedia":[{"embeddable":true,"href":"https:\/\/mula.es\/web\/wp-json\/wp\/v2\/media\/35070"}],"wp:attachment":[{"href":"https:\/\/mula.es\/web\/wp-json\/wp\/v2\/media?parent=35069"}],"wp:term":[{"taxonomy":"category","embeddable":true,"href":"https:\/\/mula.es\/web\/wp-json\/wp\/v2\/categories?post=35069"},{"taxonomy":"post_tag","embeddable":true,"href":"https:\/\/mula.es\/web\/wp-json\/wp\/v2\/tags?post=35069"}],"curies":[{"name":"wp","href":"https:\/\/api.w.org\/{rel}","templated":true}]}}