{"id":35111,"date":"2020-10-28T14:15:03","date_gmt":"2020-10-28T13:15:03","guid":{"rendered":"http:\/\/mula.es\/web\/?p=35111"},"modified":"2021-05-12T20:07:54","modified_gmt":"2021-05-12T18:07:54","slug":"servicios-el-alcalde-y-concejal-de-obras-visitan-las-actuaciones-desarrolladas-en-el-cementerio-municipal","status":"publish","type":"post","link":"https:\/\/mula.es\/web\/servicios-el-alcalde-y-concejal-de-obras-visitan-las-actuaciones-desarrolladas-en-el-cementerio-municipal\/","title":{"rendered":"SERVICIOS | El alcalde y concejal de Obras visitan las actuaciones desarrolladas en el cementerio municipal"},"content":{"rendered":"<div class=\"fusion-fullwidth fullwidth-box fusion-builder-row-1 fusion-flex-container hundred-percent-fullwidth non-hundred-percent-height-scrolling\" style=\"--awb-border-radius-top-left:0px;--awb-border-radius-top-right:0px;--awb-border-radius-bottom-right:0px;--awb-border-radius-bottom-left:0px;--awb-overflow:visible;--awb-flex-wrap:wrap;\" ><div class=\"fusion-builder-row fusion-row fusion-flex-align-items-flex-start fusion-flex-content-wrap\" style=\"width:calc( 100% + 0px ) !important;max-width:calc( 100% + 0px ) !important;margin-left: calc(-0px \/ 2 );margin-right: calc(-0px \/ 2 );\"><div class=\"fusion-layout-column fusion_builder_column fusion-builder-column-0 fusion_builder_column_1_1 1_1 fusion-flex-column\" style=\"--awb-bg-size:cover;--awb-width-large:100%;--awb-margin-top-large:0px;--awb-spacing-right-large:0px;--awb-margin-bottom-large:20px;--awb-spacing-left-large:0px;--awb-width-medium:100%;--awb-spacing-right-medium:0px;--awb-spacing-left-medium:0px;--awb-width-small:100%;--awb-spacing-right-small:0px;--awb-spacing-left-small:0px;\"><div class=\"fusion-column-wrapper fusion-flex-justify-content-flex-start fusion-content-layout-column\"><div class=\"fusion-text fusion-text-1\"><p style=\"text-align: justify;\">Se han supervisado las medidas de seguridad establecidas para un buen uso de las instalaciones con motivo de Todos los Santos<\/p>\n<p style=\"text-align: justify;\">El alcalde de Mula, Juan Jes\u00fas Moreno, junto con el concejal de Obras y Servicios Municipales, Vicente L\u00f3pez, y el encargado del cementerio han visitado durante la ma\u00f1ana de este mi\u00e9rcoles las \u00faltimas obras de mejora realizadas en el cementerio.<\/p>\n<p style=\"text-align: justify;\">Adem\u00e1s, han comprobado que todas las medidas de seguridad establecidas en las instalaciones del cementerio ante la llegada del D\u00eda de Todos los Santos sean las adecuadas para garantizar el buen uso por parte de los visitantes.<\/p>\n<p style=\"text-align: justify;\">Ambas actuaciones se han desarrollado para una mejora de las instalaciones del cementerio municipal que se prev\u00e9 reciba durante los pr\u00f3ximos d\u00edas un importante n\u00famero de visitas de vecinos y gente llegada de otros lugares para visitar a sus difuntos.<\/p>\n<p style=\"text-align: justify;\">El alcalde ha pedido a todos los usuarios del cementerio durante los pr\u00f3ximos d\u00edas que respeten todas las medidas de prevenci\u00f3n y seguridad como llevar siempre la mascarilla puesta, no comer, beber o fumar en las instalaciones, evitar la aglomeraci\u00f3n de personas frente a un pante\u00f3n y evitar reuniones sociales no convivientes de m\u00e1s de seis personas.<\/p>\n<p style=\"text-align: justify;\">\u201cToda la prevenci\u00f3n que pongamos de nuestra parte es poca para evitar cualquier tipo de contagio\u201d, destacan.<\/p>\n<\/div><\/div><\/div><\/div><\/div>\n","protected":false},"excerpt":{"rendered":"","protected":false},"author":9,"featured_media":35112,"comment_status":"closed","ping_status":"closed","sticky":false,"template":"","format":"standard","meta":{"jetpack_post_was_ever_published":false,"_jetpack_newsletter_access":"","_jetpack_dont_email_post_to_subs":false,"_jetpack_newsletter_tier_id":0,"_jetpack_memberships_contains_paywalled_content":false,"_jetpack_memberships_contains_paid_content":false,"footnotes":"","jetpack_publicize_message":"","jetpack_publicize_feature_enabled":true,"jetpack_social_post_already_shared":false,"jetpack_social_options":{"image_generator_settings":{"template":"highway","default_image_id":0,"font":"","enabled":false},"version":2}},"categories":[544],"tags":[709],"class_list":["post-35111","post","type-post","status-publish","format-standard","has-post-thumbnail","hentry","category-servicios","tag-cementerio"],"yoast_head":"<!-- This site is optimized with the Yoast SEO plugin v27.4 - https:\/\/yoast.com\/product\/yoast-seo-wordpress\/ -->\n<title>SERVICIOS | El alcalde y concejal de Obras visitan las actuaciones desarrolladas en el cementerio municipal - Ayuntamiento de Mula<\/title>\n<meta name=\"robots\" content=\"index, follow, max-snippet:-1, max-image-preview:large, max-video-preview:-1\" \/>\n<link rel=\"canonical\" href=\"https:\/\/mula.es\/web\/servicios-el-alcalde-y-concejal-de-obras-visitan-las-actuaciones-desarrolladas-en-el-cementerio-municipal\/\" \/>\n<meta property=\"og:locale\" content=\"es_ES\" \/>\n<meta property=\"og:type\" content=\"article\" \/>\n<meta property=\"og:title\" content=\"SERVICIOS | El alcalde y concejal de Obras visitan las actuaciones desarrolladas en el cementerio municipal - Ayuntamiento de Mula\" \/>\n<meta property=\"og:url\" content=\"https:\/\/mula.es\/web\/servicios-el-alcalde-y-concejal-de-obras-visitan-las-actuaciones-desarrolladas-en-el-cementerio-municipal\/\" \/>\n<meta property=\"og:site_name\" content=\"Ayuntamiento de Mula\" \/>\n<meta property=\"article:published_time\" content=\"2020-10-28T13:15:03+00:00\" \/>\n<meta property=\"article:modified_time\" content=\"2021-05-12T18:07:54+00:00\" \/>\n<meta property=\"og:image\" content=\"https:\/\/i0.wp.com\/mula.es\/web\/wp-content\/uploads\/2020\/10\/unnamed-5.jpg?fit=768%2C1024&ssl=1\" \/>\n\t<meta property=\"og:image:width\" content=\"768\" \/>\n\t<meta property=\"og:image:height\" content=\"1024\" \/>\n\t<meta property=\"og:image:type\" content=\"image\/jpeg\" \/>\n<meta name=\"author\" content=\"Rosario Mart\u00ednez\" \/>\n<meta name=\"twitter:card\" content=\"summary_large_image\" \/>\n<meta name=\"twitter:image\" content=\"https:\/\/mula.es\/web\/wp-content\/uploads\/2020\/06\/escudo-cuadrado-e1591045058235.jpg\" \/>\n<meta name=\"twitter:creator\" content=\"@AyuntamientMula\" \/>\n<meta name=\"twitter:site\" content=\"@AyuntamientMula\" \/>\n<meta name=\"twitter:label1\" content=\"Escrito por\" \/>\n\t<meta name=\"twitter:data1\" content=\"Rosario Mart\u00ednez\" \/>\n\t<meta name=\"twitter:label2\" content=\"Tiempo de lectura\" \/>\n\t<meta name=\"twitter:data2\" content=\"2 minutos\" \/>\n<script type=\"application\/ld+json\" class=\"yoast-schema-graph\">{\"@context\":\"https:\\\/\\\/schema.org\",\"@graph\":[{\"@type\":\"Article\",\"@id\":\"https:\\\/\\\/mula.es\\\/web\\\/servicios-el-alcalde-y-concejal-de-obras-visitan-las-actuaciones-desarrolladas-en-el-cementerio-municipal\\\/#article\",\"isPartOf\":{\"@id\":\"https:\\\/\\\/mula.es\\\/web\\\/servicios-el-alcalde-y-concejal-de-obras-visitan-las-actuaciones-desarrolladas-en-el-cementerio-municipal\\\/\"},\"author\":{\"name\":\"Rosario Mart\u00ednez\",\"@id\":\"https:\\\/\\\/mula.es\\\/web\\\/#\\\/schema\\\/person\\\/f8d63bd3ab6e7b025268b909b7ab0771\"},\"headline\":\"SERVICIOS | El alcalde y concejal de Obras visitan las actuaciones desarrolladas en el cementerio municipal\",\"datePublished\":\"2020-10-28T13:15:03+00:00\",\"dateModified\":\"2021-05-12T18:07:54+00:00\",\"mainEntityOfPage\":{\"@id\":\"https:\\\/\\\/mula.es\\\/web\\\/servicios-el-alcalde-y-concejal-de-obras-visitan-las-actuaciones-desarrolladas-en-el-cementerio-municipal\\\/\"},\"wordCount\":322,\"image\":{\"@id\":\"https:\\\/\\\/mula.es\\\/web\\\/servicios-el-alcalde-y-concejal-de-obras-visitan-las-actuaciones-desarrolladas-en-el-cementerio-municipal\\\/#primaryimage\"},\"thumbnailUrl\":\"https:\\\/\\\/mula.es\\\/web\\\/wp-content\\\/uploads\\\/2020\\\/10\\\/unnamed-5.jpg\",\"keywords\":[\"cementerio\"],\"articleSection\":[\"servicios\"],\"inLanguage\":\"es\"},{\"@type\":\"WebPage\",\"@id\":\"https:\\\/\\\/mula.es\\\/web\\\/servicios-el-alcalde-y-concejal-de-obras-visitan-las-actuaciones-desarrolladas-en-el-cementerio-municipal\\\/\",\"url\":\"https:\\\/\\\/mula.es\\\/web\\\/servicios-el-alcalde-y-concejal-de-obras-visitan-las-actuaciones-desarrolladas-en-el-cementerio-municipal\\\/\",\"name\":\"SERVICIOS | El alcalde y concejal de Obras visitan las actuaciones desarrolladas en el cementerio municipal - Ayuntamiento de Mula\",\"isPartOf\":{\"@id\":\"https:\\\/\\\/mula.es\\\/web\\\/#website\"},\"primaryImageOfPage\":{\"@id\":\"https:\\\/\\\/mula.es\\\/web\\\/servicios-el-alcalde-y-concejal-de-obras-visitan-las-actuaciones-desarrolladas-en-el-cementerio-municipal\\\/#primaryimage\"},\"image\":{\"@id\":\"https:\\\/\\\/mula.es\\\/web\\\/servicios-el-alcalde-y-concejal-de-obras-visitan-las-actuaciones-desarrolladas-en-el-cementerio-municipal\\\/#primaryimage\"},\"thumbnailUrl\":\"https:\\\/\\\/mula.es\\\/web\\\/wp-content\\\/uploads\\\/2020\\\/10\\\/unnamed-5.jpg\",\"datePublished\":\"2020-10-28T13:15:03+00:00\",\"dateModified\":\"2021-05-12T18:07:54+00:00\",\"author\":{\"@id\":\"https:\\\/\\\/mula.es\\\/web\\\/#\\\/schema\\\/person\\\/f8d63bd3ab6e7b025268b909b7ab0771\"},\"breadcrumb\":{\"@id\":\"https:\\\/\\\/mula.es\\\/web\\\/servicios-el-alcalde-y-concejal-de-obras-visitan-las-actuaciones-desarrolladas-en-el-cementerio-municipal\\\/#breadcrumb\"},\"inLanguage\":\"es\",\"potentialAction\":[{\"@type\":\"ReadAction\",\"target\":[\"https:\\\/\\\/mula.es\\\/web\\\/servicios-el-alcalde-y-concejal-de-obras-visitan-las-actuaciones-desarrolladas-en-el-cementerio-municipal\\\/\"]}]},{\"@type\":\"ImageObject\",\"inLanguage\":\"es\",\"@id\":\"https:\\\/\\\/mula.es\\\/web\\\/servicios-el-alcalde-y-concejal-de-obras-visitan-las-actuaciones-desarrolladas-en-el-cementerio-municipal\\\/#primaryimage\",\"url\":\"https:\\\/\\\/mula.es\\\/web\\\/wp-content\\\/uploads\\\/2020\\\/10\\\/unnamed-5.jpg\",\"contentUrl\":\"https:\\\/\\\/mula.es\\\/web\\\/wp-content\\\/uploads\\\/2020\\\/10\\\/unnamed-5.jpg\",\"width\":768,\"height\":1024},{\"@type\":\"BreadcrumbList\",\"@id\":\"https:\\\/\\\/mula.es\\\/web\\\/servicios-el-alcalde-y-concejal-de-obras-visitan-las-actuaciones-desarrolladas-en-el-cementerio-municipal\\\/#breadcrumb\",\"itemListElement\":[{\"@type\":\"ListItem\",\"position\":1,\"name\":\"Portada\",\"item\":\"https:\\\/\\\/mula.es\\\/web\\\/\"},{\"@type\":\"ListItem\",\"position\":2,\"name\":\"SERVICIOS | El alcalde y concejal de Obras visitan las actuaciones desarrolladas en el cementerio municipal\"}]},{\"@type\":\"WebSite\",\"@id\":\"https:\\\/\\\/mula.es\\\/web\\\/#website\",\"url\":\"https:\\\/\\\/mula.es\\\/web\\\/\",\"name\":\"Ayuntamiento de Mula\",\"description\":\"P\u00e1gina web del Ayuntamiento de Mula (Regi\u00f3n de Murcia)\",\"potentialAction\":[{\"@type\":\"SearchAction\",\"target\":{\"@type\":\"EntryPoint\",\"urlTemplate\":\"https:\\\/\\\/mula.es\\\/web\\\/?s={search_term_string}\"},\"query-input\":{\"@type\":\"PropertyValueSpecification\",\"valueRequired\":true,\"valueName\":\"search_term_string\"}}],\"inLanguage\":\"es\"},{\"@type\":\"Person\",\"@id\":\"https:\\\/\\\/mula.es\\\/web\\\/#\\\/schema\\\/person\\\/f8d63bd3ab6e7b025268b909b7ab0771\",\"name\":\"Rosario Mart\u00ednez\",\"image\":{\"@type\":\"ImageObject\",\"inLanguage\":\"es\",\"@id\":\"https:\\\/\\\/secure.gravatar.com\\\/avatar\\\/ce916b980ac93e5b1d36e6068357675d4e089a572ebc8789fcb807c2fb2edfef?s=96&d=mm&r=g\",\"url\":\"https:\\\/\\\/secure.gravatar.com\\\/avatar\\\/ce916b980ac93e5b1d36e6068357675d4e089a572ebc8789fcb807c2fb2edfef?s=96&d=mm&r=g\",\"contentUrl\":\"https:\\\/\\\/secure.gravatar.com\\\/avatar\\\/ce916b980ac93e5b1d36e6068357675d4e089a572ebc8789fcb807c2fb2edfef?s=96&d=mm&r=g\",\"caption\":\"Rosario Mart\u00ednez\"},\"url\":\"https:\\\/\\\/mula.es\\\/web\\\/author\\\/rmartinez\\\/\"}]}<\/script>\n<!-- \/ Yoast SEO plugin. -->","yoast_head_json":{"title":"SERVICIOS | El alcalde y concejal de Obras visitan las actuaciones desarrolladas en el cementerio municipal - Ayuntamiento de Mula","robots":{"index":"index","follow":"follow","max-snippet":"max-snippet:-1","max-image-preview":"max-image-preview:large","max-video-preview":"max-video-preview:-1"},"canonical":"https:\/\/mula.es\/web\/servicios-el-alcalde-y-concejal-de-obras-visitan-las-actuaciones-desarrolladas-en-el-cementerio-municipal\/","og_locale":"es_ES","og_type":"article","og_title":"SERVICIOS | El alcalde y concejal de Obras visitan las actuaciones desarrolladas en el cementerio municipal - Ayuntamiento de Mula","og_url":"https:\/\/mula.es\/web\/servicios-el-alcalde-y-concejal-de-obras-visitan-las-actuaciones-desarrolladas-en-el-cementerio-municipal\/","og_site_name":"Ayuntamiento de Mula","article_published_time":"2020-10-28T13:15:03+00:00","article_modified_time":"2021-05-12T18:07:54+00:00","og_image":[{"width":768,"height":1024,"url":"https:\/\/i0.wp.com\/mula.es\/web\/wp-content\/uploads\/2020\/10\/unnamed-5.jpg?fit=768%2C1024&ssl=1","type":"image\/jpeg"}],"author":"Rosario Mart\u00ednez","twitter_card":"summary_large_image","twitter_image":"https:\/\/mula.es\/web\/wp-content\/uploads\/2020\/06\/escudo-cuadrado-e1591045058235.jpg","twitter_creator":"@AyuntamientMula","twitter_site":"@AyuntamientMula","twitter_misc":{"Escrito por":"Rosario Mart\u00ednez","Tiempo de lectura":"2 minutos"},"schema":{"@context":"https:\/\/schema.org","@graph":[{"@type":"Article","@id":"https:\/\/mula.es\/web\/servicios-el-alcalde-y-concejal-de-obras-visitan-las-actuaciones-desarrolladas-en-el-cementerio-municipal\/#article","isPartOf":{"@id":"https:\/\/mula.es\/web\/servicios-el-alcalde-y-concejal-de-obras-visitan-las-actuaciones-desarrolladas-en-el-cementerio-municipal\/"},"author":{"name":"Rosario Mart\u00ednez","@id":"https:\/\/mula.es\/web\/#\/schema\/person\/f8d63bd3ab6e7b025268b909b7ab0771"},"headline":"SERVICIOS | El alcalde y concejal de Obras visitan las actuaciones desarrolladas en el cementerio municipal","datePublished":"2020-10-28T13:15:03+00:00","dateModified":"2021-05-12T18:07:54+00:00","mainEntityOfPage":{"@id":"https:\/\/mula.es\/web\/servicios-el-alcalde-y-concejal-de-obras-visitan-las-actuaciones-desarrolladas-en-el-cementerio-municipal\/"},"wordCount":322,"image":{"@id":"https:\/\/mula.es\/web\/servicios-el-alcalde-y-concejal-de-obras-visitan-las-actuaciones-desarrolladas-en-el-cementerio-municipal\/#primaryimage"},"thumbnailUrl":"https:\/\/mula.es\/web\/wp-content\/uploads\/2020\/10\/unnamed-5.jpg","keywords":["cementerio"],"articleSection":["servicios"],"inLanguage":"es"},{"@type":"WebPage","@id":"https:\/\/mula.es\/web\/servicios-el-alcalde-y-concejal-de-obras-visitan-las-actuaciones-desarrolladas-en-el-cementerio-municipal\/","url":"https:\/\/mula.es\/web\/servicios-el-alcalde-y-concejal-de-obras-visitan-las-actuaciones-desarrolladas-en-el-cementerio-municipal\/","name":"SERVICIOS | El alcalde y concejal de Obras visitan las actuaciones desarrolladas en el cementerio municipal - Ayuntamiento de Mula","isPartOf":{"@id":"https:\/\/mula.es\/web\/#website"},"primaryImageOfPage":{"@id":"https:\/\/mula.es\/web\/servicios-el-alcalde-y-concejal-de-obras-visitan-las-actuaciones-desarrolladas-en-el-cementerio-municipal\/#primaryimage"},"image":{"@id":"https:\/\/mula.es\/web\/servicios-el-alcalde-y-concejal-de-obras-visitan-las-actuaciones-desarrolladas-en-el-cementerio-municipal\/#primaryimage"},"thumbnailUrl":"https:\/\/mula.es\/web\/wp-content\/uploads\/2020\/10\/unnamed-5.jpg","datePublished":"2020-10-28T13:15:03+00:00","dateModified":"2021-05-12T18:07:54+00:00","author":{"@id":"https:\/\/mula.es\/web\/#\/schema\/person\/f8d63bd3ab6e7b025268b909b7ab0771"},"breadcrumb":{"@id":"https:\/\/mula.es\/web\/servicios-el-alcalde-y-concejal-de-obras-visitan-las-actuaciones-desarrolladas-en-el-cementerio-municipal\/#breadcrumb"},"inLanguage":"es","potentialAction":[{"@type":"ReadAction","target":["https:\/\/mula.es\/web\/servicios-el-alcalde-y-concejal-de-obras-visitan-las-actuaciones-desarrolladas-en-el-cementerio-municipal\/"]}]},{"@type":"ImageObject","inLanguage":"es","@id":"https:\/\/mula.es\/web\/servicios-el-alcalde-y-concejal-de-obras-visitan-las-actuaciones-desarrolladas-en-el-cementerio-municipal\/#primaryimage","url":"https:\/\/mula.es\/web\/wp-content\/uploads\/2020\/10\/unnamed-5.jpg","contentUrl":"https:\/\/mula.es\/web\/wp-content\/uploads\/2020\/10\/unnamed-5.jpg","width":768,"height":1024},{"@type":"BreadcrumbList","@id":"https:\/\/mula.es\/web\/servicios-el-alcalde-y-concejal-de-obras-visitan-las-actuaciones-desarrolladas-en-el-cementerio-municipal\/#breadcrumb","itemListElement":[{"@type":"ListItem","position":1,"name":"Portada","item":"https:\/\/mula.es\/web\/"},{"@type":"ListItem","position":2,"name":"SERVICIOS | El alcalde y concejal de Obras visitan las actuaciones desarrolladas en el cementerio municipal"}]},{"@type":"WebSite","@id":"https:\/\/mula.es\/web\/#website","url":"https:\/\/mula.es\/web\/","name":"Ayuntamiento de Mula","description":"P\u00e1gina web del Ayuntamiento de Mula (Regi\u00f3n de Murcia)","potentialAction":[{"@type":"SearchAction","target":{"@type":"EntryPoint","urlTemplate":"https:\/\/mula.es\/web\/?s={search_term_string}"},"query-input":{"@type":"PropertyValueSpecification","valueRequired":true,"valueName":"search_term_string"}}],"inLanguage":"es"},{"@type":"Person","@id":"https:\/\/mula.es\/web\/#\/schema\/person\/f8d63bd3ab6e7b025268b909b7ab0771","name":"Rosario Mart\u00ednez","image":{"@type":"ImageObject","inLanguage":"es","@id":"https:\/\/secure.gravatar.com\/avatar\/ce916b980ac93e5b1d36e6068357675d4e089a572ebc8789fcb807c2fb2edfef?s=96&d=mm&r=g","url":"https:\/\/secure.gravatar.com\/avatar\/ce916b980ac93e5b1d36e6068357675d4e089a572ebc8789fcb807c2fb2edfef?s=96&d=mm&r=g","contentUrl":"https:\/\/secure.gravatar.com\/avatar\/ce916b980ac93e5b1d36e6068357675d4e089a572ebc8789fcb807c2fb2edfef?s=96&d=mm&r=g","caption":"Rosario Mart\u00ednez"},"url":"https:\/\/mula.es\/web\/author\/rmartinez\/"}]}},"jetpack_publicize_connections":[],"jetpack_featured_media_url":"https:\/\/mula.es\/web\/wp-content\/uploads\/2020\/10\/unnamed-5.jpg","jetpack_sharing_enabled":true,"jetpack_shortlink":"https:\/\/wp.me\/pa9DMY-98j","jetpack-related-posts":[],"_links":{"self":[{"href":"https:\/\/mula.es\/web\/wp-json\/wp\/v2\/posts\/35111","targetHints":{"allow":["GET"]}}],"collection":[{"href":"https:\/\/mula.es\/web\/wp-json\/wp\/v2\/posts"}],"about":[{"href":"https:\/\/mula.es\/web\/wp-json\/wp\/v2\/types\/post"}],"author":[{"embeddable":true,"href":"https:\/\/mula.es\/web\/wp-json\/wp\/v2\/users\/9"}],"replies":[{"embeddable":true,"href":"https:\/\/mula.es\/web\/wp-json\/wp\/v2\/comments?post=35111"}],"version-history":[{"count":2,"href":"https:\/\/mula.es\/web\/wp-json\/wp\/v2\/posts\/35111\/revisions"}],"predecessor-version":[{"id":38677,"href":"https:\/\/mula.es\/web\/wp-json\/wp\/v2\/posts\/35111\/revisions\/38677"}],"wp:featuredmedia":[{"embeddable":true,"href":"https:\/\/mula.es\/web\/wp-json\/wp\/v2\/media\/35112"}],"wp:attachment":[{"href":"https:\/\/mula.es\/web\/wp-json\/wp\/v2\/media?parent=35111"}],"wp:term":[{"taxonomy":"category","embeddable":true,"href":"https:\/\/mula.es\/web\/wp-json\/wp\/v2\/categories?post=35111"},{"taxonomy":"post_tag","embeddable":true,"href":"https:\/\/mula.es\/web\/wp-json\/wp\/v2\/tags?post=35111"}],"curies":[{"name":"wp","href":"https:\/\/api.w.org\/{rel}","templated":true}]}}