{"id":35315,"date":"2020-11-12T21:28:03","date_gmt":"2020-11-12T20:28:03","guid":{"rendered":"http:\/\/mula.es\/web\/?p=35315"},"modified":"2020-11-12T21:28:21","modified_gmt":"2020-11-12T20:28:21","slug":"mujer-e-igualdad-bases-concursos-cartel-y-cortos-dia-internacional-para-la-eliminacion-de-la-violencia-de-genero","status":"publish","type":"post","link":"https:\/\/mula.es\/web\/mujer-e-igualdad-bases-concursos-cartel-y-cortos-dia-internacional-para-la-eliminacion-de-la-violencia-de-genero\/","title":{"rendered":"MUJER E IGUALDAD | Bases concursos cartel y cortos &#8216;D\u00eda Internacional para la eliminaci\u00f3n de la violencia de g\u00e9nero&#8217;"},"content":{"rendered":"<p>Se publican las bases de los concursos del cartel y de cortos &#8216;D\u00eda Internacional para la eliminaci\u00f3n de la violencia de g\u00e9nero&#8217;: \u201cAmor no es control\u201d. La posesi\u00f3n es una forma de maltrato, deshazte de ella.<\/p>\n<p>El plazo para participar en cualquiera de los dos concursos concluye el 20 de noviembre de 2020 a las 14:00 horas.<\/p>\n<p><a href=\"https:\/\/mula.es\/web\/wp-content\/uploads\/2020\/11\/BASES-PREMIO-CARTEL-25N.pdf\">Bases concurso cartel (en pdf)<\/a><\/p>\n<p><a href=\"https:\/\/mula.es\/web\/wp-content\/uploads\/2020\/11\/BASES-CONCURSO-CORTOS-D\u00cdA-INTERNACIONAL-ELIMINACI\u00d3N-VIOLENCIA-DE-G\u00c9NERO-2020-1.pdf\">Bases concurso cortos (en pdf)<\/a><\/p>\n","protected":false},"excerpt":{"rendered":"<p>Se publican las bases de los concursos del cartel y de cortos &#8216;D\u00eda Internacional para la eliminaci\u00f3n de la violencia de g\u00e9nero&#8217;: \u201cAmor no es control\u201d. La posesi\u00f3n es una forma de maltrato, deshazte de ella. El plazo para participar en cualquiera de los dos concursos concluye el 20 de noviembre de 2020 a las  [&#8230;]<\/p>\n","protected":false},"author":1,"featured_media":33512,"comment_status":"closed","ping_status":"closed","sticky":false,"template":"","format":"standard","meta":{"jetpack_post_was_ever_published":false,"_jetpack_newsletter_access":"","_jetpack_dont_email_post_to_subs":false,"_jetpack_newsletter_tier_id":0,"_jetpack_memberships_contains_paywalled_content":false,"_jetpack_memberships_contains_paid_content":false,"footnotes":"","jetpack_publicize_message":"","jetpack_publicize_feature_enabled":true,"jetpack_social_post_already_shared":false,"jetpack_social_options":{"image_generator_settings":{"template":"highway","default_image_id":0,"font":"","enabled":false},"version":2}},"categories":[147,116,669],"tags":[],"class_list":["post-35315","post","type-post","status-publish","format-standard","has-post-thumbnail","hentry","category-igualdad","category-mujer","category-violencia-de-genero"],"yoast_head":"<!-- This site is optimized with the Yoast SEO plugin v27.4 - https:\/\/yoast.com\/product\/yoast-seo-wordpress\/ -->\n<title>MUJER E IGUALDAD | Bases concursos cartel y cortos &#039;D\u00eda Internacional para la eliminaci\u00f3n de la violencia de g\u00e9nero&#039; - Ayuntamiento de Mula<\/title>\n<meta name=\"robots\" content=\"index, follow, max-snippet:-1, max-image-preview:large, max-video-preview:-1\" \/>\n<link rel=\"canonical\" href=\"https:\/\/mula.es\/web\/mujer-e-igualdad-bases-concursos-cartel-y-cortos-dia-internacional-para-la-eliminacion-de-la-violencia-de-genero\/\" \/>\n<meta property=\"og:locale\" content=\"es_ES\" \/>\n<meta property=\"og:type\" content=\"article\" \/>\n<meta property=\"og:title\" content=\"MUJER E IGUALDAD | Bases concursos cartel y cortos &#039;D\u00eda Internacional para la eliminaci\u00f3n de la violencia de g\u00e9nero&#039; - Ayuntamiento de Mula\" \/>\n<meta property=\"og:description\" content=\"Se publican las bases de los concursos del cartel y de cortos &#8216;D\u00eda Internacional para la eliminaci\u00f3n de la violencia de g\u00e9nero&#8217;: \u201cAmor no es control\u201d. La posesi\u00f3n es una forma de maltrato, deshazte de ella. El plazo para participar en cualquiera de los dos concursos concluye el 20 de noviembre de 2020 a las [...]\" \/>\n<meta property=\"og:url\" content=\"https:\/\/mula.es\/web\/mujer-e-igualdad-bases-concursos-cartel-y-cortos-dia-internacional-para-la-eliminacion-de-la-violencia-de-genero\/\" \/>\n<meta property=\"og:site_name\" content=\"Ayuntamiento de Mula\" \/>\n<meta property=\"article:published_time\" content=\"2020-11-12T20:28:03+00:00\" \/>\n<meta property=\"article:modified_time\" content=\"2020-11-12T20:28:21+00:00\" \/>\n<meta property=\"og:image\" content=\"https:\/\/i0.wp.com\/mula.es\/web\/wp-content\/uploads\/2020\/06\/escudo-cuadrado-e1591045058235.jpg?fit=200%2C218&ssl=1\" \/>\n\t<meta property=\"og:image:width\" content=\"200\" \/>\n\t<meta property=\"og:image:height\" content=\"218\" \/>\n\t<meta property=\"og:image:type\" content=\"image\/jpeg\" \/>\n<meta name=\"author\" content=\"admin\" \/>\n<meta name=\"twitter:card\" content=\"summary_large_image\" \/>\n<meta name=\"twitter:creator\" content=\"@AyuntamientMula\" \/>\n<meta name=\"twitter:site\" content=\"@AyuntamientMula\" \/>\n<meta name=\"twitter:label1\" content=\"Escrito por\" \/>\n\t<meta name=\"twitter:data1\" content=\"admin\" \/>\n<script type=\"application\/ld+json\" class=\"yoast-schema-graph\">{\"@context\":\"https:\\\/\\\/schema.org\",\"@graph\":[{\"@type\":\"Article\",\"@id\":\"https:\\\/\\\/mula.es\\\/web\\\/mujer-e-igualdad-bases-concursos-cartel-y-cortos-dia-internacional-para-la-eliminacion-de-la-violencia-de-genero\\\/#article\",\"isPartOf\":{\"@id\":\"https:\\\/\\\/mula.es\\\/web\\\/mujer-e-igualdad-bases-concursos-cartel-y-cortos-dia-internacional-para-la-eliminacion-de-la-violencia-de-genero\\\/\"},\"author\":{\"name\":\"admin\",\"@id\":\"https:\\\/\\\/mula.es\\\/web\\\/#\\\/schema\\\/person\\\/a0dbffe9f4a3ed4aaebedcfef02f71a1\"},\"headline\":\"MUJER E IGUALDAD | Bases concursos cartel y cortos &#8216;D\u00eda Internacional para la eliminaci\u00f3n de la violencia de g\u00e9nero&#8217;\",\"datePublished\":\"2020-11-12T20:28:03+00:00\",\"dateModified\":\"2020-11-12T20:28:21+00:00\",\"mainEntityOfPage\":{\"@id\":\"https:\\\/\\\/mula.es\\\/web\\\/mujer-e-igualdad-bases-concursos-cartel-y-cortos-dia-internacional-para-la-eliminacion-de-la-violencia-de-genero\\\/\"},\"wordCount\":89,\"image\":{\"@id\":\"https:\\\/\\\/mula.es\\\/web\\\/mujer-e-igualdad-bases-concursos-cartel-y-cortos-dia-internacional-para-la-eliminacion-de-la-violencia-de-genero\\\/#primaryimage\"},\"thumbnailUrl\":\"https:\\\/\\\/mula.es\\\/web\\\/wp-content\\\/uploads\\\/2020\\\/06\\\/escudo-cuadrado-e1591045058235.jpg\",\"articleSection\":[\"igualdad\",\"mujer\",\"violencia de genero\"],\"inLanguage\":\"es\"},{\"@type\":\"WebPage\",\"@id\":\"https:\\\/\\\/mula.es\\\/web\\\/mujer-e-igualdad-bases-concursos-cartel-y-cortos-dia-internacional-para-la-eliminacion-de-la-violencia-de-genero\\\/\",\"url\":\"https:\\\/\\\/mula.es\\\/web\\\/mujer-e-igualdad-bases-concursos-cartel-y-cortos-dia-internacional-para-la-eliminacion-de-la-violencia-de-genero\\\/\",\"name\":\"MUJER E IGUALDAD | Bases concursos cartel y cortos 'D\u00eda Internacional para la eliminaci\u00f3n de la violencia de g\u00e9nero' - Ayuntamiento de Mula\",\"isPartOf\":{\"@id\":\"https:\\\/\\\/mula.es\\\/web\\\/#website\"},\"primaryImageOfPage\":{\"@id\":\"https:\\\/\\\/mula.es\\\/web\\\/mujer-e-igualdad-bases-concursos-cartel-y-cortos-dia-internacional-para-la-eliminacion-de-la-violencia-de-genero\\\/#primaryimage\"},\"image\":{\"@id\":\"https:\\\/\\\/mula.es\\\/web\\\/mujer-e-igualdad-bases-concursos-cartel-y-cortos-dia-internacional-para-la-eliminacion-de-la-violencia-de-genero\\\/#primaryimage\"},\"thumbnailUrl\":\"https:\\\/\\\/mula.es\\\/web\\\/wp-content\\\/uploads\\\/2020\\\/06\\\/escudo-cuadrado-e1591045058235.jpg\",\"datePublished\":\"2020-11-12T20:28:03+00:00\",\"dateModified\":\"2020-11-12T20:28:21+00:00\",\"author\":{\"@id\":\"https:\\\/\\\/mula.es\\\/web\\\/#\\\/schema\\\/person\\\/a0dbffe9f4a3ed4aaebedcfef02f71a1\"},\"breadcrumb\":{\"@id\":\"https:\\\/\\\/mula.es\\\/web\\\/mujer-e-igualdad-bases-concursos-cartel-y-cortos-dia-internacional-para-la-eliminacion-de-la-violencia-de-genero\\\/#breadcrumb\"},\"inLanguage\":\"es\",\"potentialAction\":[{\"@type\":\"ReadAction\",\"target\":[\"https:\\\/\\\/mula.es\\\/web\\\/mujer-e-igualdad-bases-concursos-cartel-y-cortos-dia-internacional-para-la-eliminacion-de-la-violencia-de-genero\\\/\"]}]},{\"@type\":\"ImageObject\",\"inLanguage\":\"es\",\"@id\":\"https:\\\/\\\/mula.es\\\/web\\\/mujer-e-igualdad-bases-concursos-cartel-y-cortos-dia-internacional-para-la-eliminacion-de-la-violencia-de-genero\\\/#primaryimage\",\"url\":\"https:\\\/\\\/mula.es\\\/web\\\/wp-content\\\/uploads\\\/2020\\\/06\\\/escudo-cuadrado-e1591045058235.jpg\",\"contentUrl\":\"https:\\\/\\\/mula.es\\\/web\\\/wp-content\\\/uploads\\\/2020\\\/06\\\/escudo-cuadrado-e1591045058235.jpg\",\"width\":200,\"height\":218},{\"@type\":\"BreadcrumbList\",\"@id\":\"https:\\\/\\\/mula.es\\\/web\\\/mujer-e-igualdad-bases-concursos-cartel-y-cortos-dia-internacional-para-la-eliminacion-de-la-violencia-de-genero\\\/#breadcrumb\",\"itemListElement\":[{\"@type\":\"ListItem\",\"position\":1,\"name\":\"Portada\",\"item\":\"https:\\\/\\\/mula.es\\\/web\\\/\"},{\"@type\":\"ListItem\",\"position\":2,\"name\":\"MUJER E IGUALDAD | Bases concursos cartel y cortos &#8216;D\u00eda Internacional para la eliminaci\u00f3n de la violencia de g\u00e9nero&#8217;\"}]},{\"@type\":\"WebSite\",\"@id\":\"https:\\\/\\\/mula.es\\\/web\\\/#website\",\"url\":\"https:\\\/\\\/mula.es\\\/web\\\/\",\"name\":\"Ayuntamiento de Mula\",\"description\":\"P\u00e1gina web del Ayuntamiento de Mula (Regi\u00f3n de Murcia)\",\"potentialAction\":[{\"@type\":\"SearchAction\",\"target\":{\"@type\":\"EntryPoint\",\"urlTemplate\":\"https:\\\/\\\/mula.es\\\/web\\\/?s={search_term_string}\"},\"query-input\":{\"@type\":\"PropertyValueSpecification\",\"valueRequired\":true,\"valueName\":\"search_term_string\"}}],\"inLanguage\":\"es\"},{\"@type\":\"Person\",\"@id\":\"https:\\\/\\\/mula.es\\\/web\\\/#\\\/schema\\\/person\\\/a0dbffe9f4a3ed4aaebedcfef02f71a1\",\"name\":\"admin\",\"image\":{\"@type\":\"ImageObject\",\"inLanguage\":\"es\",\"@id\":\"https:\\\/\\\/secure.gravatar.com\\\/avatar\\\/5423b9cd77f4c7f89a124365a268866f9dfee038c17fe9e37afd92b5920d810e?s=96&d=mm&r=g\",\"url\":\"https:\\\/\\\/secure.gravatar.com\\\/avatar\\\/5423b9cd77f4c7f89a124365a268866f9dfee038c17fe9e37afd92b5920d810e?s=96&d=mm&r=g\",\"contentUrl\":\"https:\\\/\\\/secure.gravatar.com\\\/avatar\\\/5423b9cd77f4c7f89a124365a268866f9dfee038c17fe9e37afd92b5920d810e?s=96&d=mm&r=g\",\"caption\":\"admin\"},\"description\":\"Lorem ipsum dolor sit amet, consectetur adipiscing elit. Nam viverra euismod odio, gravida pellentesque urna varius vitae. Sed dui lorem, adipiscing in adipiscing et, interdum nec metus. Mauris ultricies, justo eu convallis placerat, felis enim ornare nisi, vitae mattis nulla ante id dui. Ut lectus purus, commodo et tincidunt vel, interdum sed lectus. Vestibulum adipiscing tempor nisi id elementi.\",\"url\":\"https:\\\/\\\/mula.es\\\/web\\\/author\\\/jose-maria-boti\\\/\"}]}<\/script>\n<!-- \/ Yoast SEO plugin. -->","yoast_head_json":{"title":"MUJER E IGUALDAD | Bases concursos cartel y cortos 'D\u00eda Internacional para la eliminaci\u00f3n de la violencia de g\u00e9nero' - Ayuntamiento de Mula","robots":{"index":"index","follow":"follow","max-snippet":"max-snippet:-1","max-image-preview":"max-image-preview:large","max-video-preview":"max-video-preview:-1"},"canonical":"https:\/\/mula.es\/web\/mujer-e-igualdad-bases-concursos-cartel-y-cortos-dia-internacional-para-la-eliminacion-de-la-violencia-de-genero\/","og_locale":"es_ES","og_type":"article","og_title":"MUJER E IGUALDAD | Bases concursos cartel y cortos 'D\u00eda Internacional para la eliminaci\u00f3n de la violencia de g\u00e9nero' - Ayuntamiento de Mula","og_description":"Se publican las bases de los concursos del cartel y de cortos &#8216;D\u00eda Internacional para la eliminaci\u00f3n de la violencia de g\u00e9nero&#8217;: \u201cAmor no es control\u201d. La posesi\u00f3n es una forma de maltrato, deshazte de ella. El plazo para participar en cualquiera de los dos concursos concluye el 20 de noviembre de 2020 a las [...]","og_url":"https:\/\/mula.es\/web\/mujer-e-igualdad-bases-concursos-cartel-y-cortos-dia-internacional-para-la-eliminacion-de-la-violencia-de-genero\/","og_site_name":"Ayuntamiento de Mula","article_published_time":"2020-11-12T20:28:03+00:00","article_modified_time":"2020-11-12T20:28:21+00:00","og_image":[{"width":200,"height":218,"url":"https:\/\/i0.wp.com\/mula.es\/web\/wp-content\/uploads\/2020\/06\/escudo-cuadrado-e1591045058235.jpg?fit=200%2C218&ssl=1","type":"image\/jpeg"}],"author":"admin","twitter_card":"summary_large_image","twitter_creator":"@AyuntamientMula","twitter_site":"@AyuntamientMula","twitter_misc":{"Escrito por":"admin"},"schema":{"@context":"https:\/\/schema.org","@graph":[{"@type":"Article","@id":"https:\/\/mula.es\/web\/mujer-e-igualdad-bases-concursos-cartel-y-cortos-dia-internacional-para-la-eliminacion-de-la-violencia-de-genero\/#article","isPartOf":{"@id":"https:\/\/mula.es\/web\/mujer-e-igualdad-bases-concursos-cartel-y-cortos-dia-internacional-para-la-eliminacion-de-la-violencia-de-genero\/"},"author":{"name":"admin","@id":"https:\/\/mula.es\/web\/#\/schema\/person\/a0dbffe9f4a3ed4aaebedcfef02f71a1"},"headline":"MUJER E IGUALDAD | Bases concursos cartel y cortos &#8216;D\u00eda Internacional para la eliminaci\u00f3n de la violencia de g\u00e9nero&#8217;","datePublished":"2020-11-12T20:28:03+00:00","dateModified":"2020-11-12T20:28:21+00:00","mainEntityOfPage":{"@id":"https:\/\/mula.es\/web\/mujer-e-igualdad-bases-concursos-cartel-y-cortos-dia-internacional-para-la-eliminacion-de-la-violencia-de-genero\/"},"wordCount":89,"image":{"@id":"https:\/\/mula.es\/web\/mujer-e-igualdad-bases-concursos-cartel-y-cortos-dia-internacional-para-la-eliminacion-de-la-violencia-de-genero\/#primaryimage"},"thumbnailUrl":"https:\/\/mula.es\/web\/wp-content\/uploads\/2020\/06\/escudo-cuadrado-e1591045058235.jpg","articleSection":["igualdad","mujer","violencia de genero"],"inLanguage":"es"},{"@type":"WebPage","@id":"https:\/\/mula.es\/web\/mujer-e-igualdad-bases-concursos-cartel-y-cortos-dia-internacional-para-la-eliminacion-de-la-violencia-de-genero\/","url":"https:\/\/mula.es\/web\/mujer-e-igualdad-bases-concursos-cartel-y-cortos-dia-internacional-para-la-eliminacion-de-la-violencia-de-genero\/","name":"MUJER E IGUALDAD | Bases concursos cartel y cortos 'D\u00eda Internacional para la eliminaci\u00f3n de la violencia de g\u00e9nero' - Ayuntamiento de Mula","isPartOf":{"@id":"https:\/\/mula.es\/web\/#website"},"primaryImageOfPage":{"@id":"https:\/\/mula.es\/web\/mujer-e-igualdad-bases-concursos-cartel-y-cortos-dia-internacional-para-la-eliminacion-de-la-violencia-de-genero\/#primaryimage"},"image":{"@id":"https:\/\/mula.es\/web\/mujer-e-igualdad-bases-concursos-cartel-y-cortos-dia-internacional-para-la-eliminacion-de-la-violencia-de-genero\/#primaryimage"},"thumbnailUrl":"https:\/\/mula.es\/web\/wp-content\/uploads\/2020\/06\/escudo-cuadrado-e1591045058235.jpg","datePublished":"2020-11-12T20:28:03+00:00","dateModified":"2020-11-12T20:28:21+00:00","author":{"@id":"https:\/\/mula.es\/web\/#\/schema\/person\/a0dbffe9f4a3ed4aaebedcfef02f71a1"},"breadcrumb":{"@id":"https:\/\/mula.es\/web\/mujer-e-igualdad-bases-concursos-cartel-y-cortos-dia-internacional-para-la-eliminacion-de-la-violencia-de-genero\/#breadcrumb"},"inLanguage":"es","potentialAction":[{"@type":"ReadAction","target":["https:\/\/mula.es\/web\/mujer-e-igualdad-bases-concursos-cartel-y-cortos-dia-internacional-para-la-eliminacion-de-la-violencia-de-genero\/"]}]},{"@type":"ImageObject","inLanguage":"es","@id":"https:\/\/mula.es\/web\/mujer-e-igualdad-bases-concursos-cartel-y-cortos-dia-internacional-para-la-eliminacion-de-la-violencia-de-genero\/#primaryimage","url":"https:\/\/mula.es\/web\/wp-content\/uploads\/2020\/06\/escudo-cuadrado-e1591045058235.jpg","contentUrl":"https:\/\/mula.es\/web\/wp-content\/uploads\/2020\/06\/escudo-cuadrado-e1591045058235.jpg","width":200,"height":218},{"@type":"BreadcrumbList","@id":"https:\/\/mula.es\/web\/mujer-e-igualdad-bases-concursos-cartel-y-cortos-dia-internacional-para-la-eliminacion-de-la-violencia-de-genero\/#breadcrumb","itemListElement":[{"@type":"ListItem","position":1,"name":"Portada","item":"https:\/\/mula.es\/web\/"},{"@type":"ListItem","position":2,"name":"MUJER E IGUALDAD | Bases concursos cartel y cortos &#8216;D\u00eda Internacional para la eliminaci\u00f3n de la violencia de g\u00e9nero&#8217;"}]},{"@type":"WebSite","@id":"https:\/\/mula.es\/web\/#website","url":"https:\/\/mula.es\/web\/","name":"Ayuntamiento de Mula","description":"P\u00e1gina web del Ayuntamiento de Mula (Regi\u00f3n de Murcia)","potentialAction":[{"@type":"SearchAction","target":{"@type":"EntryPoint","urlTemplate":"https:\/\/mula.es\/web\/?s={search_term_string}"},"query-input":{"@type":"PropertyValueSpecification","valueRequired":true,"valueName":"search_term_string"}}],"inLanguage":"es"},{"@type":"Person","@id":"https:\/\/mula.es\/web\/#\/schema\/person\/a0dbffe9f4a3ed4aaebedcfef02f71a1","name":"admin","image":{"@type":"ImageObject","inLanguage":"es","@id":"https:\/\/secure.gravatar.com\/avatar\/5423b9cd77f4c7f89a124365a268866f9dfee038c17fe9e37afd92b5920d810e?s=96&d=mm&r=g","url":"https:\/\/secure.gravatar.com\/avatar\/5423b9cd77f4c7f89a124365a268866f9dfee038c17fe9e37afd92b5920d810e?s=96&d=mm&r=g","contentUrl":"https:\/\/secure.gravatar.com\/avatar\/5423b9cd77f4c7f89a124365a268866f9dfee038c17fe9e37afd92b5920d810e?s=96&d=mm&r=g","caption":"admin"},"description":"Lorem ipsum dolor sit amet, consectetur adipiscing elit. Nam viverra euismod odio, gravida pellentesque urna varius vitae. Sed dui lorem, adipiscing in adipiscing et, interdum nec metus. Mauris ultricies, justo eu convallis placerat, felis enim ornare nisi, vitae mattis nulla ante id dui. Ut lectus purus, commodo et tincidunt vel, interdum sed lectus. Vestibulum adipiscing tempor nisi id elementi.","url":"https:\/\/mula.es\/web\/author\/jose-maria-boti\/"}]}},"jetpack_publicize_connections":[],"jetpack_featured_media_url":"https:\/\/mula.es\/web\/wp-content\/uploads\/2020\/06\/escudo-cuadrado-e1591045058235.jpg","jetpack_sharing_enabled":true,"jetpack_shortlink":"https:\/\/wp.me\/pa9DMY-9bB","jetpack-related-posts":[],"_links":{"self":[{"href":"https:\/\/mula.es\/web\/wp-json\/wp\/v2\/posts\/35315","targetHints":{"allow":["GET"]}}],"collection":[{"href":"https:\/\/mula.es\/web\/wp-json\/wp\/v2\/posts"}],"about":[{"href":"https:\/\/mula.es\/web\/wp-json\/wp\/v2\/types\/post"}],"author":[{"embeddable":true,"href":"https:\/\/mula.es\/web\/wp-json\/wp\/v2\/users\/1"}],"replies":[{"embeddable":true,"href":"https:\/\/mula.es\/web\/wp-json\/wp\/v2\/comments?post=35315"}],"version-history":[{"count":2,"href":"https:\/\/mula.es\/web\/wp-json\/wp\/v2\/posts\/35315\/revisions"}],"predecessor-version":[{"id":35319,"href":"https:\/\/mula.es\/web\/wp-json\/wp\/v2\/posts\/35315\/revisions\/35319"}],"wp:featuredmedia":[{"embeddable":true,"href":"https:\/\/mula.es\/web\/wp-json\/wp\/v2\/media\/33512"}],"wp:attachment":[{"href":"https:\/\/mula.es\/web\/wp-json\/wp\/v2\/media?parent=35315"}],"wp:term":[{"taxonomy":"category","embeddable":true,"href":"https:\/\/mula.es\/web\/wp-json\/wp\/v2\/categories?post=35315"},{"taxonomy":"post_tag","embeddable":true,"href":"https:\/\/mula.es\/web\/wp-json\/wp\/v2\/tags?post=35315"}],"curies":[{"name":"wp","href":"https:\/\/api.w.org\/{rel}","templated":true}]}}