{"id":35323,"date":"2020-11-13T21:02:12","date_gmt":"2020-11-13T20:02:12","guid":{"rendered":"http:\/\/mula.es\/web\/?p=35323"},"modified":"2021-05-12T20:07:46","modified_gmt":"2021-05-12T18:07:46","slug":"seguridad-ciudadana-suscrito-el-convenio-anual-con-la-agrupacion-de-voluntarios-de-proteccion-civil-de-mula","status":"publish","type":"post","link":"https:\/\/mula.es\/web\/seguridad-ciudadana-suscrito-el-convenio-anual-con-la-agrupacion-de-voluntarios-de-proteccion-civil-de-mula\/","title":{"rendered":"SEGURIDAD CIUDADANA | Suscrito el convenio anual con la Agrupaci\u00f3n de Voluntarios de Protecci\u00f3n Civil de Mula"},"content":{"rendered":"<div class=\"fusion-fullwidth fullwidth-box fusion-builder-row-1 fusion-flex-container hundred-percent-fullwidth non-hundred-percent-height-scrolling\" style=\"--awb-border-radius-top-left:0px;--awb-border-radius-top-right:0px;--awb-border-radius-bottom-right:0px;--awb-border-radius-bottom-left:0px;--awb-overflow:visible;--awb-flex-wrap:wrap;\" ><div class=\"fusion-builder-row fusion-row fusion-flex-align-items-flex-start fusion-flex-content-wrap\" style=\"width:calc( 100% + 0px ) !important;max-width:calc( 100% + 0px ) !important;margin-left: calc(-0px \/ 2 );margin-right: calc(-0px \/ 2 );\"><div class=\"fusion-layout-column fusion_builder_column fusion-builder-column-0 fusion_builder_column_1_1 1_1 fusion-flex-column\" style=\"--awb-bg-size:cover;--awb-width-large:100%;--awb-margin-top-large:0px;--awb-spacing-right-large:0px;--awb-margin-bottom-large:20px;--awb-spacing-left-large:0px;--awb-width-medium:100%;--awb-spacing-right-medium:0px;--awb-spacing-left-medium:0px;--awb-width-small:100%;--awb-spacing-right-small:0px;--awb-spacing-left-small:0px;\"><div class=\"fusion-column-wrapper fusion-flex-justify-content-flex-start fusion-content-layout-column\"><div class=\"fusion-text fusion-text-1\"><p style=\"text-align: justify;\">El alcalde de Mula ha alabado la gran labor que vienen desempe\u00f1ando desde siempre y el gran esfuerzo que realizar\u00e1n tras incorporarse como apoyo a los rastreadores del Centro de Salud<\/p>\n<p style=\"text-align: justify;\">Suscrito el convenio anual con la Agrupaci\u00f3n de Voluntarios de Protecci\u00f3n Civil de Mula.<\/p>\n<p style=\"text-align: justify;\">El alcalde de Mula, Juan Jes\u00fas Moreno, acompa\u00f1ado por el concejal de Seguridad Ciudadana, Diego Boluda, la concejal de Hacienda, Alejandra Mart\u00ednez, un representante de Polic\u00eda Local, y el presidente de la Agrupaci\u00f3n de Voluntarios de Protecci\u00f3n Civil de Mula, Pedro Jos\u00e9 Buend\u00eda, han suscrito el convenio anual que el Ayuntamiento mantiene con la Agrupaci\u00f3n.<\/p>\n<p style=\"text-align: justify;\">El alcalde de Mula ha agradecido la enorme labor que realizan los voluntarios \u201cdesde siempre en su colaboraci\u00f3n con Polic\u00eda Local en multitud de situaciones, actos y eventos, en la vigilancia y control frente a inundaciones, as\u00ed como su colaboraci\u00f3n en cat\u00e1strofes climatol\u00f3gicas como las \u00faltimas DANAS\u201d.<\/p>\n<p style=\"text-align: justify;\">Durante el periodo de pandemia la labor de Protecci\u00f3n Civil de Mula ha sido muy importante en el apoyo tanto a Polic\u00eda Local como Guardia Civil, as\u00ed como en situaciones diversas durante el confinamiento como la colaboraci\u00f3n con los centros educativos del municipio en el reparto de libros o la ayuda en el reparto a domicilio de alimentos para personas mayores o en situaci\u00f3n de riesgo frente al Covid, entre muchos otros.<\/p>\n<p style=\"text-align: justify;\">Juan Jes\u00fas Moreno resaltaba que todo este apoyo, muy importante para el control y seguridad de los vecinos de Mula, se incrementaba ahora mucho m\u00e1s \u201ccon el apoyo de los voluntarios en las tareas de rastreo que realiza el Centro de Salud, un hecho que agilizar\u00e1 el trabajo que desarrollan los sanitarios y que beneficiar\u00e1 enormemente al control de la pandemia en el municipio de Mula\u201d, ha destacado el alcalde.<\/p>\n<\/div><\/div><\/div><div class=\"fusion-layout-column fusion_builder_column fusion-builder-column-1 fusion_builder_column_1_1 1_1 fusion-flex-column\" style=\"--awb-bg-size:cover;--awb-width-large:100%;--awb-margin-top-large:0px;--awb-spacing-right-large:0px;--awb-margin-bottom-large:20px;--awb-spacing-left-large:0px;--awb-width-medium:100%;--awb-spacing-right-medium:0px;--awb-spacing-left-medium:0px;--awb-width-small:100%;--awb-spacing-right-small:0px;--awb-spacing-left-small:0px;\"><div class=\"fusion-column-wrapper fusion-flex-justify-content-flex-start fusion-content-layout-column\"><div class=\"fusion-image-carousel fusion-image-carousel-auto fusion-image-carousel-1 lightbox-enabled fusion-carousel-border\"><div class=\"awb-carousel awb-swiper awb-swiper-carousel awb-carousel--carousel awb-swiper-dots-position-bottom\" data-layout=\"carousel\" data-autoplay=\"no\" data-autoplayspeed=\"2500\" data-autoplaypause=\"no\" data-loop=\"yes\" data-columns=\"2\" data-columnsmedium=\"1\" data-columnssmall=\"1\" data-itemmargin=\"13\" data-itemwidth=\"180\" data-touchscroll=\"no\" data-freemode=\"no\" data-imagesize=\"auto\" data-scrollitems=\"0\" data-centeredslides=\"no\" data-rotationangle=\"50\" data-depth=\"100\" data-speed=\"500\" data-shadow=\"no\" data-pagination=\"bullets\" style=\"--awb-columns:2;--awb-border-width:1px;--awb-border-color:#e9eaee;\"><div class=\"swiper-wrapper awb-image-carousel-wrapper fusion-flex-align-items-center\"><div class=\"swiper-slide\"><div class=\"fusion-carousel-item-wrapper\"><div class=\"fusion-image-wrapper hover-type-none\"><a data-rel=\"iLightbox[image_carousel_1]\" href=\"https:\/\/mula.es\/web\/wp-content\/uploads\/2020\/11\/proteccion_civil_1-1024x768.jpg\" target=\"_self\"><img decoding=\"async\" src=\"https:\/\/mula.es\/web\/wp-content\/uploads\/2020\/11\/proteccion_civil_1-1024x768.jpg\" alt=\"\"\/><\/a><\/div><\/div><\/div><div class=\"swiper-slide\"><div class=\"fusion-carousel-item-wrapper\"><div class=\"fusion-image-wrapper hover-type-none\"><a data-rel=\"iLightbox[image_carousel_1]\" href=\"https:\/\/mula.es\/web\/wp-content\/uploads\/2020\/11\/proteccion_civil_2-1024x768.jpg\" target=\"_self\"><img decoding=\"async\" src=\"https:\/\/mula.es\/web\/wp-content\/uploads\/2020\/11\/proteccion_civil_2-1024x768.jpg\" alt=\"\"\/><\/a><\/div><\/div><\/div><\/div><div class=\"awb-swiper-button awb-swiper-button-prev\"><i class=\"awb-icon-angle-left\" aria-hidden=\"true\"><\/i><\/div><div class=\"awb-swiper-button awb-swiper-button-next\"><i class=\"awb-icon-angle-right\" aria-hidden=\"true\"><\/i><\/div><\/div><\/div><\/div><\/div><\/div><\/div>\n","protected":false},"excerpt":{"rendered":"","protected":false},"author":9,"featured_media":35324,"comment_status":"closed","ping_status":"closed","sticky":false,"template":"","format":"standard","meta":{"jetpack_post_was_ever_published":false,"_jetpack_newsletter_access":"","_jetpack_dont_email_post_to_subs":false,"_jetpack_newsletter_tier_id":0,"_jetpack_memberships_contains_paywalled_content":false,"_jetpack_memberships_contains_paid_content":false,"footnotes":"","jetpack_publicize_message":"","jetpack_publicize_feature_enabled":true,"jetpack_social_post_already_shared":false,"jetpack_social_options":{"image_generator_settings":{"template":"highway","default_image_id":0,"font":"","enabled":false},"version":2}},"categories":[130],"tags":[],"class_list":["post-35323","post","type-post","status-publish","format-standard","has-post-thumbnail","hentry","category-seguridad-ciudadana"],"yoast_head":"<!-- This site is optimized with the Yoast SEO plugin v27.4 - https:\/\/yoast.com\/product\/yoast-seo-wordpress\/ -->\n<title>SEGURIDAD CIUDADANA | Suscrito el convenio anual con la Agrupaci\u00f3n de Voluntarios de Protecci\u00f3n Civil de Mula - Ayuntamiento de Mula<\/title>\n<meta name=\"robots\" content=\"index, follow, max-snippet:-1, max-image-preview:large, max-video-preview:-1\" \/>\n<link rel=\"canonical\" href=\"https:\/\/mula.es\/web\/seguridad-ciudadana-suscrito-el-convenio-anual-con-la-agrupacion-de-voluntarios-de-proteccion-civil-de-mula\/\" \/>\n<meta property=\"og:locale\" content=\"es_ES\" \/>\n<meta property=\"og:type\" content=\"article\" \/>\n<meta property=\"og:title\" content=\"SEGURIDAD CIUDADANA | Suscrito el convenio anual con la Agrupaci\u00f3n de Voluntarios de Protecci\u00f3n Civil de Mula - Ayuntamiento de Mula\" \/>\n<meta property=\"og:url\" content=\"https:\/\/mula.es\/web\/seguridad-ciudadana-suscrito-el-convenio-anual-con-la-agrupacion-de-voluntarios-de-proteccion-civil-de-mula\/\" \/>\n<meta property=\"og:site_name\" content=\"Ayuntamiento de Mula\" \/>\n<meta property=\"article:published_time\" content=\"2020-11-13T20:02:12+00:00\" \/>\n<meta property=\"article:modified_time\" content=\"2021-05-12T18:07:46+00:00\" \/>\n<meta property=\"og:image\" content=\"https:\/\/i0.wp.com\/mula.es\/web\/wp-content\/uploads\/2020\/11\/proteccion_civil_3-scaled.jpg?fit=2560%2C1920&ssl=1\" \/>\n\t<meta property=\"og:image:width\" content=\"2560\" \/>\n\t<meta property=\"og:image:height\" content=\"1920\" \/>\n\t<meta property=\"og:image:type\" content=\"image\/jpeg\" \/>\n<meta name=\"author\" content=\"Rosario Mart\u00ednez\" \/>\n<meta name=\"twitter:card\" content=\"summary_large_image\" \/>\n<meta name=\"twitter:image\" content=\"https:\/\/mula.es\/web\/wp-content\/uploads\/2020\/06\/escudo-cuadrado-e1591045058235.jpg\" \/>\n<meta name=\"twitter:creator\" content=\"@AyuntamientMula\" \/>\n<meta name=\"twitter:site\" content=\"@AyuntamientMula\" \/>\n<meta name=\"twitter:label1\" content=\"Escrito por\" \/>\n\t<meta name=\"twitter:data1\" content=\"Rosario Mart\u00ednez\" \/>\n\t<meta name=\"twitter:label2\" content=\"Tiempo de lectura\" \/>\n\t<meta name=\"twitter:data2\" content=\"3 minutos\" \/>\n<script type=\"application\/ld+json\" class=\"yoast-schema-graph\">{\"@context\":\"https:\\\/\\\/schema.org\",\"@graph\":[{\"@type\":\"Article\",\"@id\":\"https:\\\/\\\/mula.es\\\/web\\\/seguridad-ciudadana-suscrito-el-convenio-anual-con-la-agrupacion-de-voluntarios-de-proteccion-civil-de-mula\\\/#article\",\"isPartOf\":{\"@id\":\"https:\\\/\\\/mula.es\\\/web\\\/seguridad-ciudadana-suscrito-el-convenio-anual-con-la-agrupacion-de-voluntarios-de-proteccion-civil-de-mula\\\/\"},\"author\":{\"name\":\"Rosario Mart\u00ednez\",\"@id\":\"https:\\\/\\\/mula.es\\\/web\\\/#\\\/schema\\\/person\\\/f8d63bd3ab6e7b025268b909b7ab0771\"},\"headline\":\"SEGURIDAD CIUDADANA | Suscrito el convenio anual con la Agrupaci\u00f3n de Voluntarios de Protecci\u00f3n Civil de Mula\",\"datePublished\":\"2020-11-13T20:02:12+00:00\",\"dateModified\":\"2021-05-12T18:07:46+00:00\",\"mainEntityOfPage\":{\"@id\":\"https:\\\/\\\/mula.es\\\/web\\\/seguridad-ciudadana-suscrito-el-convenio-anual-con-la-agrupacion-de-voluntarios-de-proteccion-civil-de-mula\\\/\"},\"wordCount\":532,\"image\":{\"@id\":\"https:\\\/\\\/mula.es\\\/web\\\/seguridad-ciudadana-suscrito-el-convenio-anual-con-la-agrupacion-de-voluntarios-de-proteccion-civil-de-mula\\\/#primaryimage\"},\"thumbnailUrl\":\"https:\\\/\\\/mula.es\\\/web\\\/wp-content\\\/uploads\\\/2020\\\/11\\\/proteccion_civil_3-scaled.jpg\",\"articleSection\":[\"seguridad ciudadana\"],\"inLanguage\":\"es\"},{\"@type\":\"WebPage\",\"@id\":\"https:\\\/\\\/mula.es\\\/web\\\/seguridad-ciudadana-suscrito-el-convenio-anual-con-la-agrupacion-de-voluntarios-de-proteccion-civil-de-mula\\\/\",\"url\":\"https:\\\/\\\/mula.es\\\/web\\\/seguridad-ciudadana-suscrito-el-convenio-anual-con-la-agrupacion-de-voluntarios-de-proteccion-civil-de-mula\\\/\",\"name\":\"SEGURIDAD CIUDADANA | Suscrito el convenio anual con la Agrupaci\u00f3n de Voluntarios de Protecci\u00f3n Civil de Mula - Ayuntamiento de Mula\",\"isPartOf\":{\"@id\":\"https:\\\/\\\/mula.es\\\/web\\\/#website\"},\"primaryImageOfPage\":{\"@id\":\"https:\\\/\\\/mula.es\\\/web\\\/seguridad-ciudadana-suscrito-el-convenio-anual-con-la-agrupacion-de-voluntarios-de-proteccion-civil-de-mula\\\/#primaryimage\"},\"image\":{\"@id\":\"https:\\\/\\\/mula.es\\\/web\\\/seguridad-ciudadana-suscrito-el-convenio-anual-con-la-agrupacion-de-voluntarios-de-proteccion-civil-de-mula\\\/#primaryimage\"},\"thumbnailUrl\":\"https:\\\/\\\/mula.es\\\/web\\\/wp-content\\\/uploads\\\/2020\\\/11\\\/proteccion_civil_3-scaled.jpg\",\"datePublished\":\"2020-11-13T20:02:12+00:00\",\"dateModified\":\"2021-05-12T18:07:46+00:00\",\"author\":{\"@id\":\"https:\\\/\\\/mula.es\\\/web\\\/#\\\/schema\\\/person\\\/f8d63bd3ab6e7b025268b909b7ab0771\"},\"breadcrumb\":{\"@id\":\"https:\\\/\\\/mula.es\\\/web\\\/seguridad-ciudadana-suscrito-el-convenio-anual-con-la-agrupacion-de-voluntarios-de-proteccion-civil-de-mula\\\/#breadcrumb\"},\"inLanguage\":\"es\",\"potentialAction\":[{\"@type\":\"ReadAction\",\"target\":[\"https:\\\/\\\/mula.es\\\/web\\\/seguridad-ciudadana-suscrito-el-convenio-anual-con-la-agrupacion-de-voluntarios-de-proteccion-civil-de-mula\\\/\"]}]},{\"@type\":\"ImageObject\",\"inLanguage\":\"es\",\"@id\":\"https:\\\/\\\/mula.es\\\/web\\\/seguridad-ciudadana-suscrito-el-convenio-anual-con-la-agrupacion-de-voluntarios-de-proteccion-civil-de-mula\\\/#primaryimage\",\"url\":\"https:\\\/\\\/mula.es\\\/web\\\/wp-content\\\/uploads\\\/2020\\\/11\\\/proteccion_civil_3-scaled.jpg\",\"contentUrl\":\"https:\\\/\\\/mula.es\\\/web\\\/wp-content\\\/uploads\\\/2020\\\/11\\\/proteccion_civil_3-scaled.jpg\",\"width\":2560,\"height\":1920},{\"@type\":\"BreadcrumbList\",\"@id\":\"https:\\\/\\\/mula.es\\\/web\\\/seguridad-ciudadana-suscrito-el-convenio-anual-con-la-agrupacion-de-voluntarios-de-proteccion-civil-de-mula\\\/#breadcrumb\",\"itemListElement\":[{\"@type\":\"ListItem\",\"position\":1,\"name\":\"Portada\",\"item\":\"https:\\\/\\\/mula.es\\\/web\\\/\"},{\"@type\":\"ListItem\",\"position\":2,\"name\":\"SEGURIDAD CIUDADANA | Suscrito el convenio anual con la Agrupaci\u00f3n de Voluntarios de Protecci\u00f3n Civil de Mula\"}]},{\"@type\":\"WebSite\",\"@id\":\"https:\\\/\\\/mula.es\\\/web\\\/#website\",\"url\":\"https:\\\/\\\/mula.es\\\/web\\\/\",\"name\":\"Ayuntamiento de Mula\",\"description\":\"P\u00e1gina web del Ayuntamiento de Mula (Regi\u00f3n de Murcia)\",\"potentialAction\":[{\"@type\":\"SearchAction\",\"target\":{\"@type\":\"EntryPoint\",\"urlTemplate\":\"https:\\\/\\\/mula.es\\\/web\\\/?s={search_term_string}\"},\"query-input\":{\"@type\":\"PropertyValueSpecification\",\"valueRequired\":true,\"valueName\":\"search_term_string\"}}],\"inLanguage\":\"es\"},{\"@type\":\"Person\",\"@id\":\"https:\\\/\\\/mula.es\\\/web\\\/#\\\/schema\\\/person\\\/f8d63bd3ab6e7b025268b909b7ab0771\",\"name\":\"Rosario Mart\u00ednez\",\"image\":{\"@type\":\"ImageObject\",\"inLanguage\":\"es\",\"@id\":\"https:\\\/\\\/secure.gravatar.com\\\/avatar\\\/ce916b980ac93e5b1d36e6068357675d4e089a572ebc8789fcb807c2fb2edfef?s=96&d=mm&r=g\",\"url\":\"https:\\\/\\\/secure.gravatar.com\\\/avatar\\\/ce916b980ac93e5b1d36e6068357675d4e089a572ebc8789fcb807c2fb2edfef?s=96&d=mm&r=g\",\"contentUrl\":\"https:\\\/\\\/secure.gravatar.com\\\/avatar\\\/ce916b980ac93e5b1d36e6068357675d4e089a572ebc8789fcb807c2fb2edfef?s=96&d=mm&r=g\",\"caption\":\"Rosario Mart\u00ednez\"},\"url\":\"https:\\\/\\\/mula.es\\\/web\\\/author\\\/rmartinez\\\/\"}]}<\/script>\n<!-- \/ Yoast SEO plugin. -->","yoast_head_json":{"title":"SEGURIDAD CIUDADANA | Suscrito el convenio anual con la Agrupaci\u00f3n de Voluntarios de Protecci\u00f3n Civil de Mula - Ayuntamiento de Mula","robots":{"index":"index","follow":"follow","max-snippet":"max-snippet:-1","max-image-preview":"max-image-preview:large","max-video-preview":"max-video-preview:-1"},"canonical":"https:\/\/mula.es\/web\/seguridad-ciudadana-suscrito-el-convenio-anual-con-la-agrupacion-de-voluntarios-de-proteccion-civil-de-mula\/","og_locale":"es_ES","og_type":"article","og_title":"SEGURIDAD CIUDADANA | Suscrito el convenio anual con la Agrupaci\u00f3n de Voluntarios de Protecci\u00f3n Civil de Mula - Ayuntamiento de Mula","og_url":"https:\/\/mula.es\/web\/seguridad-ciudadana-suscrito-el-convenio-anual-con-la-agrupacion-de-voluntarios-de-proteccion-civil-de-mula\/","og_site_name":"Ayuntamiento de Mula","article_published_time":"2020-11-13T20:02:12+00:00","article_modified_time":"2021-05-12T18:07:46+00:00","og_image":[{"width":2560,"height":1920,"url":"https:\/\/i0.wp.com\/mula.es\/web\/wp-content\/uploads\/2020\/11\/proteccion_civil_3-scaled.jpg?fit=2560%2C1920&ssl=1","type":"image\/jpeg"}],"author":"Rosario Mart\u00ednez","twitter_card":"summary_large_image","twitter_image":"https:\/\/mula.es\/web\/wp-content\/uploads\/2020\/06\/escudo-cuadrado-e1591045058235.jpg","twitter_creator":"@AyuntamientMula","twitter_site":"@AyuntamientMula","twitter_misc":{"Escrito por":"Rosario Mart\u00ednez","Tiempo de lectura":"3 minutos"},"schema":{"@context":"https:\/\/schema.org","@graph":[{"@type":"Article","@id":"https:\/\/mula.es\/web\/seguridad-ciudadana-suscrito-el-convenio-anual-con-la-agrupacion-de-voluntarios-de-proteccion-civil-de-mula\/#article","isPartOf":{"@id":"https:\/\/mula.es\/web\/seguridad-ciudadana-suscrito-el-convenio-anual-con-la-agrupacion-de-voluntarios-de-proteccion-civil-de-mula\/"},"author":{"name":"Rosario Mart\u00ednez","@id":"https:\/\/mula.es\/web\/#\/schema\/person\/f8d63bd3ab6e7b025268b909b7ab0771"},"headline":"SEGURIDAD CIUDADANA | Suscrito el convenio anual con la Agrupaci\u00f3n de Voluntarios de Protecci\u00f3n Civil de Mula","datePublished":"2020-11-13T20:02:12+00:00","dateModified":"2021-05-12T18:07:46+00:00","mainEntityOfPage":{"@id":"https:\/\/mula.es\/web\/seguridad-ciudadana-suscrito-el-convenio-anual-con-la-agrupacion-de-voluntarios-de-proteccion-civil-de-mula\/"},"wordCount":532,"image":{"@id":"https:\/\/mula.es\/web\/seguridad-ciudadana-suscrito-el-convenio-anual-con-la-agrupacion-de-voluntarios-de-proteccion-civil-de-mula\/#primaryimage"},"thumbnailUrl":"https:\/\/mula.es\/web\/wp-content\/uploads\/2020\/11\/proteccion_civil_3-scaled.jpg","articleSection":["seguridad ciudadana"],"inLanguage":"es"},{"@type":"WebPage","@id":"https:\/\/mula.es\/web\/seguridad-ciudadana-suscrito-el-convenio-anual-con-la-agrupacion-de-voluntarios-de-proteccion-civil-de-mula\/","url":"https:\/\/mula.es\/web\/seguridad-ciudadana-suscrito-el-convenio-anual-con-la-agrupacion-de-voluntarios-de-proteccion-civil-de-mula\/","name":"SEGURIDAD CIUDADANA | Suscrito el convenio anual con la Agrupaci\u00f3n de Voluntarios de Protecci\u00f3n Civil de Mula - Ayuntamiento de Mula","isPartOf":{"@id":"https:\/\/mula.es\/web\/#website"},"primaryImageOfPage":{"@id":"https:\/\/mula.es\/web\/seguridad-ciudadana-suscrito-el-convenio-anual-con-la-agrupacion-de-voluntarios-de-proteccion-civil-de-mula\/#primaryimage"},"image":{"@id":"https:\/\/mula.es\/web\/seguridad-ciudadana-suscrito-el-convenio-anual-con-la-agrupacion-de-voluntarios-de-proteccion-civil-de-mula\/#primaryimage"},"thumbnailUrl":"https:\/\/mula.es\/web\/wp-content\/uploads\/2020\/11\/proteccion_civil_3-scaled.jpg","datePublished":"2020-11-13T20:02:12+00:00","dateModified":"2021-05-12T18:07:46+00:00","author":{"@id":"https:\/\/mula.es\/web\/#\/schema\/person\/f8d63bd3ab6e7b025268b909b7ab0771"},"breadcrumb":{"@id":"https:\/\/mula.es\/web\/seguridad-ciudadana-suscrito-el-convenio-anual-con-la-agrupacion-de-voluntarios-de-proteccion-civil-de-mula\/#breadcrumb"},"inLanguage":"es","potentialAction":[{"@type":"ReadAction","target":["https:\/\/mula.es\/web\/seguridad-ciudadana-suscrito-el-convenio-anual-con-la-agrupacion-de-voluntarios-de-proteccion-civil-de-mula\/"]}]},{"@type":"ImageObject","inLanguage":"es","@id":"https:\/\/mula.es\/web\/seguridad-ciudadana-suscrito-el-convenio-anual-con-la-agrupacion-de-voluntarios-de-proteccion-civil-de-mula\/#primaryimage","url":"https:\/\/mula.es\/web\/wp-content\/uploads\/2020\/11\/proteccion_civil_3-scaled.jpg","contentUrl":"https:\/\/mula.es\/web\/wp-content\/uploads\/2020\/11\/proteccion_civil_3-scaled.jpg","width":2560,"height":1920},{"@type":"BreadcrumbList","@id":"https:\/\/mula.es\/web\/seguridad-ciudadana-suscrito-el-convenio-anual-con-la-agrupacion-de-voluntarios-de-proteccion-civil-de-mula\/#breadcrumb","itemListElement":[{"@type":"ListItem","position":1,"name":"Portada","item":"https:\/\/mula.es\/web\/"},{"@type":"ListItem","position":2,"name":"SEGURIDAD CIUDADANA | Suscrito el convenio anual con la Agrupaci\u00f3n de Voluntarios de Protecci\u00f3n Civil de Mula"}]},{"@type":"WebSite","@id":"https:\/\/mula.es\/web\/#website","url":"https:\/\/mula.es\/web\/","name":"Ayuntamiento de Mula","description":"P\u00e1gina web del Ayuntamiento de Mula (Regi\u00f3n de Murcia)","potentialAction":[{"@type":"SearchAction","target":{"@type":"EntryPoint","urlTemplate":"https:\/\/mula.es\/web\/?s={search_term_string}"},"query-input":{"@type":"PropertyValueSpecification","valueRequired":true,"valueName":"search_term_string"}}],"inLanguage":"es"},{"@type":"Person","@id":"https:\/\/mula.es\/web\/#\/schema\/person\/f8d63bd3ab6e7b025268b909b7ab0771","name":"Rosario Mart\u00ednez","image":{"@type":"ImageObject","inLanguage":"es","@id":"https:\/\/secure.gravatar.com\/avatar\/ce916b980ac93e5b1d36e6068357675d4e089a572ebc8789fcb807c2fb2edfef?s=96&d=mm&r=g","url":"https:\/\/secure.gravatar.com\/avatar\/ce916b980ac93e5b1d36e6068357675d4e089a572ebc8789fcb807c2fb2edfef?s=96&d=mm&r=g","contentUrl":"https:\/\/secure.gravatar.com\/avatar\/ce916b980ac93e5b1d36e6068357675d4e089a572ebc8789fcb807c2fb2edfef?s=96&d=mm&r=g","caption":"Rosario Mart\u00ednez"},"url":"https:\/\/mula.es\/web\/author\/rmartinez\/"}]}},"jetpack_publicize_connections":[],"jetpack_featured_media_url":"https:\/\/mula.es\/web\/wp-content\/uploads\/2020\/11\/proteccion_civil_3-scaled.jpg","jetpack_sharing_enabled":true,"jetpack_shortlink":"https:\/\/wp.me\/pa9DMY-9bJ","jetpack-related-posts":[],"_links":{"self":[{"href":"https:\/\/mula.es\/web\/wp-json\/wp\/v2\/posts\/35323","targetHints":{"allow":["GET"]}}],"collection":[{"href":"https:\/\/mula.es\/web\/wp-json\/wp\/v2\/posts"}],"about":[{"href":"https:\/\/mula.es\/web\/wp-json\/wp\/v2\/types\/post"}],"author":[{"embeddable":true,"href":"https:\/\/mula.es\/web\/wp-json\/wp\/v2\/users\/9"}],"replies":[{"embeddable":true,"href":"https:\/\/mula.es\/web\/wp-json\/wp\/v2\/comments?post=35323"}],"version-history":[{"count":2,"href":"https:\/\/mula.es\/web\/wp-json\/wp\/v2\/posts\/35323\/revisions"}],"predecessor-version":[{"id":38649,"href":"https:\/\/mula.es\/web\/wp-json\/wp\/v2\/posts\/35323\/revisions\/38649"}],"wp:featuredmedia":[{"embeddable":true,"href":"https:\/\/mula.es\/web\/wp-json\/wp\/v2\/media\/35324"}],"wp:attachment":[{"href":"https:\/\/mula.es\/web\/wp-json\/wp\/v2\/media?parent=35323"}],"wp:term":[{"taxonomy":"category","embeddable":true,"href":"https:\/\/mula.es\/web\/wp-json\/wp\/v2\/categories?post=35323"},{"taxonomy":"post_tag","embeddable":true,"href":"https:\/\/mula.es\/web\/wp-json\/wp\/v2\/tags?post=35323"}],"curies":[{"name":"wp","href":"https:\/\/api.w.org\/{rel}","templated":true}]}}