{"id":35401,"date":"2020-11-21T20:34:34","date_gmt":"2020-11-21T19:34:34","guid":{"rendered":"http:\/\/mula.es\/web\/?p=35401"},"modified":"2020-11-21T20:35:28","modified_gmt":"2020-11-21T19:35:28","slug":"mujer-e-igualdad-mula-conmemora-el-dia-internacional-contra-la-violencia-de-genero-con-diversas-actividades","status":"publish","type":"post","link":"https:\/\/mula.es\/web\/mujer-e-igualdad-mula-conmemora-el-dia-internacional-contra-la-violencia-de-genero-con-diversas-actividades\/","title":{"rendered":"MUJER E IGUALDAD | Mula conmemora el D\u00eda Internacional contra la Violencia de G\u00e9nero con diversas actividades"},"content":{"rendered":"<p style=\"text-align: justify;\">La concejal\u00eda de Mujer e Igualdad ha organizado diversas actividades para los pr\u00f3ximos d\u00edas con motivo de la conmemoraci\u00f3n del D\u00eda Internacional para la eliminaci\u00f3n de la Violencia de G\u00e9nero el 25 de noviembre.<\/p>\n<p style=\"text-align: justify;\">La programaci\u00f3n se ha presentado a cargo de la concejal de Igualdad, Pilar Gil, acompa\u00f1ada por la concejales de Juventud, Laura Salas, y de Servicios Sociales, Antonia Gabarr\u00f3n.<\/p>\n<p style=\"text-align: justify;\">Entre las actividades, concursos, programa de radio, acto institucional y lectura del manifiesto, actos que se prolongar\u00e1n desde el pr\u00f3ximo d\u00eda 23 con la colocaci\u00f3n del lazo morado en la fachada del Ayuntamiento y concluir\u00e1 el lunes d\u00eda 30 \u00a0con la presentaci\u00f3n del buz\u00f3n violeta, en el refectorio del convento de San Francisco,\u00a0 una nueva herramienta virtual en donde las mujeres puedan realizar consultas, pedir ayuda en caso de maltrato, realizar preguntas y hacer sugerencias para mejorar la igualdad en el municipio.<\/p>\n<p style=\"text-align: justify;\">La concejal\u00eda de Juventud ha colaborado en la propuesta de actividades dando visibilidad a que los j\u00f3venes son un colectivo muy importante en la puesta en valores y prevenci\u00f3n de violencia de g\u00e9nero.<\/p>\n<p style=\"text-align: justify;\">El programa queda as\u00ed:<\/p>\n<ul>\n<li style=\"text-align: justify;\">Lunes 23 de Noviembre. 12.00 hrs. \u2013 Colocaci\u00f3n del lazo morado en la fachada del Ayuntamiento de Mula.<\/li>\n<li style=\"text-align: justify;\">Martes 24 de Noviembre. 12.00 hrs. \u2013 Entrega de premios a los ganadores Concurso Cartel #AmorNoEsControl y Concurso Cortos #AmorNoEsControl. En el Espacio M.<\/li>\n<li style=\"text-align: justify;\">Mi\u00e9rcoles 25 de Noviembre \u201cD\u00eda Internacional para la Eliminaci\u00f3n de la Violencia de G\u00e9nero\u201d. 12:20 hrs. \u2013 Emisi\u00f3n en radio Mula del especial \u201c25N, D\u00eda Internacional para la Eliminaci\u00f3n de la Violencia de G\u00e9nero\u201d. Intervendr\u00e1n las t\u00e9cnicas del CAVI (Mamen Maiquez, trabajadora social, Encarna Guill\u00e9n, asesora jur\u00eddica y Charo Nieto , psic\u00f3loga del CAVI) y la Concejala de Mujer e Igualdad, Pilar Gil. Adem\u00e1s. A partir de las 17.00 hrs. Acto Institucional \u201cD\u00eda Internacional para la Eliminaci\u00f3n de la Violencia de G\u00e9nero\u201d en la Plaza del Hospital con la Lectura del Manifiesto Institucional contra la violencia de g\u00e9nero a cargo de la Concejala de Mujer e Igualdad, Pilar Gil y un acto simb\u00f3lico en recuerdo a las mujeres v\u00edctimas de la violencia de g\u00e9nero. Entrega de los premios del concurso de fotograf\u00eda \u201cHuellas del desamor\u201d.<\/li>\n<li style=\"text-align: justify;\">Jueves 26 de Noviembre. 16:30 hrs. Presentaci\u00f3n de la campa\u00f1a \u201c#AmorNoEsControl\u201d en el Refectorio del Convento de S. Francisco a cargo de la Concejala de Juventud, Laura Salas y de la Concejala de Mujer e Igualdad, Pilar Gil. Campa\u00f1a de concienciaci\u00f3n y prevenci\u00f3n sobre la violencia de g\u00e9nero dirigida a los m\u00e1s j\u00f3venes.<\/li>\n<li style=\"text-align: justify;\">Lunes 30 de Noviembre. 12:00 hrs. Presentaci\u00f3n del buz\u00f3n violeta, en el Refectorio del Convento de S.Francisco, una nueva herramienta virtual en donde las mujeres puedan realizar consultas, pedir ayuda en caso de maltrato, realizar preguntas y hacer sugerencias para mejorar la igualdad en el municipio.<\/li>\n<\/ul>\n<p style=\"text-align: justify;\">Adem\u00e1s, el Pleno de mes de Noviembre, presentaci\u00f3n de la moci\u00f3n condenando la violencia de g\u00e9nero.<\/p>\n","protected":false},"excerpt":{"rendered":"<p>La concejal\u00eda de Mujer e Igualdad ha organizado diversas actividades para los pr\u00f3ximos d\u00edas con motivo de la conmemoraci\u00f3n del D\u00eda Internacional para la eliminaci\u00f3n de la Violencia de G\u00e9nero el 25 de noviembre. La programaci\u00f3n se ha presentado a cargo de la concejal de Igualdad, Pilar Gil, acompa\u00f1ada por la concejales de Juventud, Laura  [&#8230;]<\/p>\n","protected":false},"author":1,"featured_media":35402,"comment_status":"closed","ping_status":"closed","sticky":false,"template":"","format":"standard","meta":{"jetpack_post_was_ever_published":false,"_jetpack_newsletter_access":"","_jetpack_dont_email_post_to_subs":false,"_jetpack_newsletter_tier_id":0,"_jetpack_memberships_contains_paywalled_content":false,"_jetpack_memberships_contains_paid_content":false,"footnotes":"","jetpack_publicize_message":"","jetpack_publicize_feature_enabled":true,"jetpack_social_post_already_shared":false,"jetpack_social_options":{"image_generator_settings":{"template":"highway","default_image_id":0,"font":"","enabled":false},"version":2}},"categories":[147,116],"tags":[],"class_list":["post-35401","post","type-post","status-publish","format-standard","has-post-thumbnail","hentry","category-igualdad","category-mujer"],"yoast_head":"<!-- This site is optimized with the Yoast SEO plugin v27.4 - https:\/\/yoast.com\/product\/yoast-seo-wordpress\/ -->\n<title>MUJER E IGUALDAD | Mula conmemora el D\u00eda Internacional contra la Violencia de G\u00e9nero con diversas actividades - Ayuntamiento de Mula<\/title>\n<meta name=\"robots\" content=\"index, follow, max-snippet:-1, max-image-preview:large, max-video-preview:-1\" \/>\n<link rel=\"canonical\" href=\"https:\/\/mula.es\/web\/mujer-e-igualdad-mula-conmemora-el-dia-internacional-contra-la-violencia-de-genero-con-diversas-actividades\/\" \/>\n<meta property=\"og:locale\" content=\"es_ES\" \/>\n<meta property=\"og:type\" content=\"article\" \/>\n<meta property=\"og:title\" content=\"MUJER E IGUALDAD | Mula conmemora el D\u00eda Internacional contra la Violencia de G\u00e9nero con diversas actividades - Ayuntamiento de Mula\" \/>\n<meta property=\"og:description\" content=\"La concejal\u00eda de Mujer e Igualdad ha organizado diversas actividades para los pr\u00f3ximos d\u00edas con motivo de la conmemoraci\u00f3n del D\u00eda Internacional para la eliminaci\u00f3n de la Violencia de G\u00e9nero el 25 de noviembre. La programaci\u00f3n se ha presentado a cargo de la concejal de Igualdad, Pilar Gil, acompa\u00f1ada por la concejales de Juventud, Laura [...]\" \/>\n<meta property=\"og:url\" content=\"https:\/\/mula.es\/web\/mujer-e-igualdad-mula-conmemora-el-dia-internacional-contra-la-violencia-de-genero-con-diversas-actividades\/\" \/>\n<meta property=\"og:site_name\" content=\"Ayuntamiento de Mula\" \/>\n<meta property=\"article:published_time\" content=\"2020-11-21T19:34:34+00:00\" \/>\n<meta property=\"article:modified_time\" content=\"2020-11-21T19:35:28+00:00\" \/>\n<meta property=\"og:image\" content=\"https:\/\/i0.wp.com\/mula.es\/web\/wp-content\/uploads\/2020\/11\/Programacion-25N-2020.jpg?fit=1600%2C1200&ssl=1\" \/>\n\t<meta property=\"og:image:width\" content=\"1600\" \/>\n\t<meta property=\"og:image:height\" content=\"1200\" \/>\n\t<meta property=\"og:image:type\" content=\"image\/jpeg\" \/>\n<meta name=\"author\" content=\"admin\" \/>\n<meta name=\"twitter:card\" content=\"summary_large_image\" \/>\n<meta name=\"twitter:image\" content=\"https:\/\/mula.es\/web\/wp-content\/uploads\/2020\/11\/Programacion-25N-2020.jpg\" \/>\n<meta name=\"twitter:creator\" content=\"@AyuntamientMula\" \/>\n<meta name=\"twitter:site\" content=\"@AyuntamientMula\" \/>\n<meta name=\"twitter:label1\" content=\"Escrito por\" \/>\n\t<meta name=\"twitter:data1\" content=\"admin\" \/>\n\t<meta name=\"twitter:label2\" content=\"Tiempo de lectura\" \/>\n\t<meta name=\"twitter:data2\" content=\"3 minutos\" \/>\n<script type=\"application\/ld+json\" class=\"yoast-schema-graph\">{\"@context\":\"https:\\\/\\\/schema.org\",\"@graph\":[{\"@type\":\"Article\",\"@id\":\"https:\\\/\\\/mula.es\\\/web\\\/mujer-e-igualdad-mula-conmemora-el-dia-internacional-contra-la-violencia-de-genero-con-diversas-actividades\\\/#article\",\"isPartOf\":{\"@id\":\"https:\\\/\\\/mula.es\\\/web\\\/mujer-e-igualdad-mula-conmemora-el-dia-internacional-contra-la-violencia-de-genero-con-diversas-actividades\\\/\"},\"author\":{\"name\":\"admin\",\"@id\":\"https:\\\/\\\/mula.es\\\/web\\\/#\\\/schema\\\/person\\\/a0dbffe9f4a3ed4aaebedcfef02f71a1\"},\"headline\":\"MUJER E IGUALDAD | Mula conmemora el D\u00eda Internacional contra la Violencia de G\u00e9nero con diversas actividades\",\"datePublished\":\"2020-11-21T19:34:34+00:00\",\"dateModified\":\"2020-11-21T19:35:28+00:00\",\"mainEntityOfPage\":{\"@id\":\"https:\\\/\\\/mula.es\\\/web\\\/mujer-e-igualdad-mula-conmemora-el-dia-internacional-contra-la-violencia-de-genero-con-diversas-actividades\\\/\"},\"wordCount\":532,\"image\":{\"@id\":\"https:\\\/\\\/mula.es\\\/web\\\/mujer-e-igualdad-mula-conmemora-el-dia-internacional-contra-la-violencia-de-genero-con-diversas-actividades\\\/#primaryimage\"},\"thumbnailUrl\":\"https:\\\/\\\/mula.es\\\/web\\\/wp-content\\\/uploads\\\/2020\\\/11\\\/Programacion-25N-2020.jpg\",\"articleSection\":[\"igualdad\",\"mujer\"],\"inLanguage\":\"es\"},{\"@type\":\"WebPage\",\"@id\":\"https:\\\/\\\/mula.es\\\/web\\\/mujer-e-igualdad-mula-conmemora-el-dia-internacional-contra-la-violencia-de-genero-con-diversas-actividades\\\/\",\"url\":\"https:\\\/\\\/mula.es\\\/web\\\/mujer-e-igualdad-mula-conmemora-el-dia-internacional-contra-la-violencia-de-genero-con-diversas-actividades\\\/\",\"name\":\"MUJER E IGUALDAD | Mula conmemora el D\u00eda Internacional contra la Violencia de G\u00e9nero con diversas actividades - Ayuntamiento de Mula\",\"isPartOf\":{\"@id\":\"https:\\\/\\\/mula.es\\\/web\\\/#website\"},\"primaryImageOfPage\":{\"@id\":\"https:\\\/\\\/mula.es\\\/web\\\/mujer-e-igualdad-mula-conmemora-el-dia-internacional-contra-la-violencia-de-genero-con-diversas-actividades\\\/#primaryimage\"},\"image\":{\"@id\":\"https:\\\/\\\/mula.es\\\/web\\\/mujer-e-igualdad-mula-conmemora-el-dia-internacional-contra-la-violencia-de-genero-con-diversas-actividades\\\/#primaryimage\"},\"thumbnailUrl\":\"https:\\\/\\\/mula.es\\\/web\\\/wp-content\\\/uploads\\\/2020\\\/11\\\/Programacion-25N-2020.jpg\",\"datePublished\":\"2020-11-21T19:34:34+00:00\",\"dateModified\":\"2020-11-21T19:35:28+00:00\",\"author\":{\"@id\":\"https:\\\/\\\/mula.es\\\/web\\\/#\\\/schema\\\/person\\\/a0dbffe9f4a3ed4aaebedcfef02f71a1\"},\"breadcrumb\":{\"@id\":\"https:\\\/\\\/mula.es\\\/web\\\/mujer-e-igualdad-mula-conmemora-el-dia-internacional-contra-la-violencia-de-genero-con-diversas-actividades\\\/#breadcrumb\"},\"inLanguage\":\"es\",\"potentialAction\":[{\"@type\":\"ReadAction\",\"target\":[\"https:\\\/\\\/mula.es\\\/web\\\/mujer-e-igualdad-mula-conmemora-el-dia-internacional-contra-la-violencia-de-genero-con-diversas-actividades\\\/\"]}]},{\"@type\":\"ImageObject\",\"inLanguage\":\"es\",\"@id\":\"https:\\\/\\\/mula.es\\\/web\\\/mujer-e-igualdad-mula-conmemora-el-dia-internacional-contra-la-violencia-de-genero-con-diversas-actividades\\\/#primaryimage\",\"url\":\"https:\\\/\\\/mula.es\\\/web\\\/wp-content\\\/uploads\\\/2020\\\/11\\\/Programacion-25N-2020.jpg\",\"contentUrl\":\"https:\\\/\\\/mula.es\\\/web\\\/wp-content\\\/uploads\\\/2020\\\/11\\\/Programacion-25N-2020.jpg\",\"width\":1600,\"height\":1200},{\"@type\":\"BreadcrumbList\",\"@id\":\"https:\\\/\\\/mula.es\\\/web\\\/mujer-e-igualdad-mula-conmemora-el-dia-internacional-contra-la-violencia-de-genero-con-diversas-actividades\\\/#breadcrumb\",\"itemListElement\":[{\"@type\":\"ListItem\",\"position\":1,\"name\":\"Portada\",\"item\":\"https:\\\/\\\/mula.es\\\/web\\\/\"},{\"@type\":\"ListItem\",\"position\":2,\"name\":\"MUJER E IGUALDAD | Mula conmemora el D\u00eda Internacional contra la Violencia de G\u00e9nero con diversas actividades\"}]},{\"@type\":\"WebSite\",\"@id\":\"https:\\\/\\\/mula.es\\\/web\\\/#website\",\"url\":\"https:\\\/\\\/mula.es\\\/web\\\/\",\"name\":\"Ayuntamiento de Mula\",\"description\":\"P\u00e1gina web del Ayuntamiento de Mula (Regi\u00f3n de Murcia)\",\"potentialAction\":[{\"@type\":\"SearchAction\",\"target\":{\"@type\":\"EntryPoint\",\"urlTemplate\":\"https:\\\/\\\/mula.es\\\/web\\\/?s={search_term_string}\"},\"query-input\":{\"@type\":\"PropertyValueSpecification\",\"valueRequired\":true,\"valueName\":\"search_term_string\"}}],\"inLanguage\":\"es\"},{\"@type\":\"Person\",\"@id\":\"https:\\\/\\\/mula.es\\\/web\\\/#\\\/schema\\\/person\\\/a0dbffe9f4a3ed4aaebedcfef02f71a1\",\"name\":\"admin\",\"image\":{\"@type\":\"ImageObject\",\"inLanguage\":\"es\",\"@id\":\"https:\\\/\\\/secure.gravatar.com\\\/avatar\\\/5423b9cd77f4c7f89a124365a268866f9dfee038c17fe9e37afd92b5920d810e?s=96&d=mm&r=g\",\"url\":\"https:\\\/\\\/secure.gravatar.com\\\/avatar\\\/5423b9cd77f4c7f89a124365a268866f9dfee038c17fe9e37afd92b5920d810e?s=96&d=mm&r=g\",\"contentUrl\":\"https:\\\/\\\/secure.gravatar.com\\\/avatar\\\/5423b9cd77f4c7f89a124365a268866f9dfee038c17fe9e37afd92b5920d810e?s=96&d=mm&r=g\",\"caption\":\"admin\"},\"description\":\"Lorem ipsum dolor sit amet, consectetur adipiscing elit. Nam viverra euismod odio, gravida pellentesque urna varius vitae. Sed dui lorem, adipiscing in adipiscing et, interdum nec metus. Mauris ultricies, justo eu convallis placerat, felis enim ornare nisi, vitae mattis nulla ante id dui. Ut lectus purus, commodo et tincidunt vel, interdum sed lectus. Vestibulum adipiscing tempor nisi id elementi.\",\"url\":\"https:\\\/\\\/mula.es\\\/web\\\/author\\\/jose-maria-boti\\\/\"}]}<\/script>\n<!-- \/ Yoast SEO plugin. -->","yoast_head_json":{"title":"MUJER E IGUALDAD | Mula conmemora el D\u00eda Internacional contra la Violencia de G\u00e9nero con diversas actividades - Ayuntamiento de Mula","robots":{"index":"index","follow":"follow","max-snippet":"max-snippet:-1","max-image-preview":"max-image-preview:large","max-video-preview":"max-video-preview:-1"},"canonical":"https:\/\/mula.es\/web\/mujer-e-igualdad-mula-conmemora-el-dia-internacional-contra-la-violencia-de-genero-con-diversas-actividades\/","og_locale":"es_ES","og_type":"article","og_title":"MUJER E IGUALDAD | Mula conmemora el D\u00eda Internacional contra la Violencia de G\u00e9nero con diversas actividades - Ayuntamiento de Mula","og_description":"La concejal\u00eda de Mujer e Igualdad ha organizado diversas actividades para los pr\u00f3ximos d\u00edas con motivo de la conmemoraci\u00f3n del D\u00eda Internacional para la eliminaci\u00f3n de la Violencia de G\u00e9nero el 25 de noviembre. La programaci\u00f3n se ha presentado a cargo de la concejal de Igualdad, Pilar Gil, acompa\u00f1ada por la concejales de Juventud, Laura [...]","og_url":"https:\/\/mula.es\/web\/mujer-e-igualdad-mula-conmemora-el-dia-internacional-contra-la-violencia-de-genero-con-diversas-actividades\/","og_site_name":"Ayuntamiento de Mula","article_published_time":"2020-11-21T19:34:34+00:00","article_modified_time":"2020-11-21T19:35:28+00:00","og_image":[{"width":1600,"height":1200,"url":"https:\/\/i0.wp.com\/mula.es\/web\/wp-content\/uploads\/2020\/11\/Programacion-25N-2020.jpg?fit=1600%2C1200&ssl=1","type":"image\/jpeg"}],"author":"admin","twitter_card":"summary_large_image","twitter_image":"https:\/\/mula.es\/web\/wp-content\/uploads\/2020\/11\/Programacion-25N-2020.jpg","twitter_creator":"@AyuntamientMula","twitter_site":"@AyuntamientMula","twitter_misc":{"Escrito por":"admin","Tiempo de lectura":"3 minutos"},"schema":{"@context":"https:\/\/schema.org","@graph":[{"@type":"Article","@id":"https:\/\/mula.es\/web\/mujer-e-igualdad-mula-conmemora-el-dia-internacional-contra-la-violencia-de-genero-con-diversas-actividades\/#article","isPartOf":{"@id":"https:\/\/mula.es\/web\/mujer-e-igualdad-mula-conmemora-el-dia-internacional-contra-la-violencia-de-genero-con-diversas-actividades\/"},"author":{"name":"admin","@id":"https:\/\/mula.es\/web\/#\/schema\/person\/a0dbffe9f4a3ed4aaebedcfef02f71a1"},"headline":"MUJER E IGUALDAD | Mula conmemora el D\u00eda Internacional contra la Violencia de G\u00e9nero con diversas actividades","datePublished":"2020-11-21T19:34:34+00:00","dateModified":"2020-11-21T19:35:28+00:00","mainEntityOfPage":{"@id":"https:\/\/mula.es\/web\/mujer-e-igualdad-mula-conmemora-el-dia-internacional-contra-la-violencia-de-genero-con-diversas-actividades\/"},"wordCount":532,"image":{"@id":"https:\/\/mula.es\/web\/mujer-e-igualdad-mula-conmemora-el-dia-internacional-contra-la-violencia-de-genero-con-diversas-actividades\/#primaryimage"},"thumbnailUrl":"https:\/\/mula.es\/web\/wp-content\/uploads\/2020\/11\/Programacion-25N-2020.jpg","articleSection":["igualdad","mujer"],"inLanguage":"es"},{"@type":"WebPage","@id":"https:\/\/mula.es\/web\/mujer-e-igualdad-mula-conmemora-el-dia-internacional-contra-la-violencia-de-genero-con-diversas-actividades\/","url":"https:\/\/mula.es\/web\/mujer-e-igualdad-mula-conmemora-el-dia-internacional-contra-la-violencia-de-genero-con-diversas-actividades\/","name":"MUJER E IGUALDAD | Mula conmemora el D\u00eda Internacional contra la Violencia de G\u00e9nero con diversas actividades - Ayuntamiento de Mula","isPartOf":{"@id":"https:\/\/mula.es\/web\/#website"},"primaryImageOfPage":{"@id":"https:\/\/mula.es\/web\/mujer-e-igualdad-mula-conmemora-el-dia-internacional-contra-la-violencia-de-genero-con-diversas-actividades\/#primaryimage"},"image":{"@id":"https:\/\/mula.es\/web\/mujer-e-igualdad-mula-conmemora-el-dia-internacional-contra-la-violencia-de-genero-con-diversas-actividades\/#primaryimage"},"thumbnailUrl":"https:\/\/mula.es\/web\/wp-content\/uploads\/2020\/11\/Programacion-25N-2020.jpg","datePublished":"2020-11-21T19:34:34+00:00","dateModified":"2020-11-21T19:35:28+00:00","author":{"@id":"https:\/\/mula.es\/web\/#\/schema\/person\/a0dbffe9f4a3ed4aaebedcfef02f71a1"},"breadcrumb":{"@id":"https:\/\/mula.es\/web\/mujer-e-igualdad-mula-conmemora-el-dia-internacional-contra-la-violencia-de-genero-con-diversas-actividades\/#breadcrumb"},"inLanguage":"es","potentialAction":[{"@type":"ReadAction","target":["https:\/\/mula.es\/web\/mujer-e-igualdad-mula-conmemora-el-dia-internacional-contra-la-violencia-de-genero-con-diversas-actividades\/"]}]},{"@type":"ImageObject","inLanguage":"es","@id":"https:\/\/mula.es\/web\/mujer-e-igualdad-mula-conmemora-el-dia-internacional-contra-la-violencia-de-genero-con-diversas-actividades\/#primaryimage","url":"https:\/\/mula.es\/web\/wp-content\/uploads\/2020\/11\/Programacion-25N-2020.jpg","contentUrl":"https:\/\/mula.es\/web\/wp-content\/uploads\/2020\/11\/Programacion-25N-2020.jpg","width":1600,"height":1200},{"@type":"BreadcrumbList","@id":"https:\/\/mula.es\/web\/mujer-e-igualdad-mula-conmemora-el-dia-internacional-contra-la-violencia-de-genero-con-diversas-actividades\/#breadcrumb","itemListElement":[{"@type":"ListItem","position":1,"name":"Portada","item":"https:\/\/mula.es\/web\/"},{"@type":"ListItem","position":2,"name":"MUJER E IGUALDAD | Mula conmemora el D\u00eda Internacional contra la Violencia de G\u00e9nero con diversas actividades"}]},{"@type":"WebSite","@id":"https:\/\/mula.es\/web\/#website","url":"https:\/\/mula.es\/web\/","name":"Ayuntamiento de Mula","description":"P\u00e1gina web del Ayuntamiento de Mula (Regi\u00f3n de Murcia)","potentialAction":[{"@type":"SearchAction","target":{"@type":"EntryPoint","urlTemplate":"https:\/\/mula.es\/web\/?s={search_term_string}"},"query-input":{"@type":"PropertyValueSpecification","valueRequired":true,"valueName":"search_term_string"}}],"inLanguage":"es"},{"@type":"Person","@id":"https:\/\/mula.es\/web\/#\/schema\/person\/a0dbffe9f4a3ed4aaebedcfef02f71a1","name":"admin","image":{"@type":"ImageObject","inLanguage":"es","@id":"https:\/\/secure.gravatar.com\/avatar\/5423b9cd77f4c7f89a124365a268866f9dfee038c17fe9e37afd92b5920d810e?s=96&d=mm&r=g","url":"https:\/\/secure.gravatar.com\/avatar\/5423b9cd77f4c7f89a124365a268866f9dfee038c17fe9e37afd92b5920d810e?s=96&d=mm&r=g","contentUrl":"https:\/\/secure.gravatar.com\/avatar\/5423b9cd77f4c7f89a124365a268866f9dfee038c17fe9e37afd92b5920d810e?s=96&d=mm&r=g","caption":"admin"},"description":"Lorem ipsum dolor sit amet, consectetur adipiscing elit. Nam viverra euismod odio, gravida pellentesque urna varius vitae. Sed dui lorem, adipiscing in adipiscing et, interdum nec metus. Mauris ultricies, justo eu convallis placerat, felis enim ornare nisi, vitae mattis nulla ante id dui. Ut lectus purus, commodo et tincidunt vel, interdum sed lectus. Vestibulum adipiscing tempor nisi id elementi.","url":"https:\/\/mula.es\/web\/author\/jose-maria-boti\/"}]}},"jetpack_publicize_connections":[],"jetpack_featured_media_url":"https:\/\/mula.es\/web\/wp-content\/uploads\/2020\/11\/Programacion-25N-2020.jpg","jetpack_sharing_enabled":true,"jetpack_shortlink":"https:\/\/wp.me\/pa9DMY-9cZ","jetpack-related-posts":[],"_links":{"self":[{"href":"https:\/\/mula.es\/web\/wp-json\/wp\/v2\/posts\/35401","targetHints":{"allow":["GET"]}}],"collection":[{"href":"https:\/\/mula.es\/web\/wp-json\/wp\/v2\/posts"}],"about":[{"href":"https:\/\/mula.es\/web\/wp-json\/wp\/v2\/types\/post"}],"author":[{"embeddable":true,"href":"https:\/\/mula.es\/web\/wp-json\/wp\/v2\/users\/1"}],"replies":[{"embeddable":true,"href":"https:\/\/mula.es\/web\/wp-json\/wp\/v2\/comments?post=35401"}],"version-history":[{"count":2,"href":"https:\/\/mula.es\/web\/wp-json\/wp\/v2\/posts\/35401\/revisions"}],"predecessor-version":[{"id":35404,"href":"https:\/\/mula.es\/web\/wp-json\/wp\/v2\/posts\/35401\/revisions\/35404"}],"wp:featuredmedia":[{"embeddable":true,"href":"https:\/\/mula.es\/web\/wp-json\/wp\/v2\/media\/35402"}],"wp:attachment":[{"href":"https:\/\/mula.es\/web\/wp-json\/wp\/v2\/media?parent=35401"}],"wp:term":[{"taxonomy":"category","embeddable":true,"href":"https:\/\/mula.es\/web\/wp-json\/wp\/v2\/categories?post=35401"},{"taxonomy":"post_tag","embeddable":true,"href":"https:\/\/mula.es\/web\/wp-json\/wp\/v2\/tags?post=35401"}],"curies":[{"name":"wp","href":"https:\/\/api.w.org\/{rel}","templated":true}]}}