{"id":35491,"date":"2020-11-27T18:59:29","date_gmt":"2020-11-27T17:59:29","guid":{"rendered":"http:\/\/mula.es\/web\/?p=35491"},"modified":"2020-11-27T19:00:05","modified_gmt":"2020-11-27T18:00:05","slug":"cultura-fallo-del-xxiii-premio-nacional-de-cuentos-ciudad-de-mula-francisco-ros","status":"publish","type":"post","link":"https:\/\/mula.es\/web\/cultura-fallo-del-xxiii-premio-nacional-de-cuentos-ciudad-de-mula-francisco-ros\/","title":{"rendered":"CULTURA | Fallo del XXIII Premio Nacional de Cuentos \u00abCiudad de Mula &#8211; Francisco Ros\u00bb"},"content":{"rendered":"<div dir=\"auto\">\n<div class=\"kvgmc6g5 cxmmr5t8 oygrvhab hcukyx3x c1et5uql ii04i59q\">\n<div dir=\"auto\">La Concejal\u00eda de Cultura y Patrimonio Hist\u00f3rico tiene el gusto de hacer p\u00fablico el fallo del jurado del XXIII Premio Nacional de Cuentos \u201cCiudad de Mula- Francisco Ros\u201d:<\/div>\n<div dir=\"auto\"><\/div>\n<\/div>\n<div class=\"o9v6fnle cxmmr5t8 oygrvhab hcukyx3x c1et5uql ii04i59q\">\n<div dir=\"auto\"><strong>Premio.<\/strong><\/div>\n<div dir=\"auto\"><strong>T\u00edtulo: EL MONT\u00d3N DE ARENA<\/strong><\/div>\n<div dir=\"auto\"><strong>Seud\u00f3nimo: ACHELENSE<\/strong><\/div>\n<div dir=\"auto\"><strong>Autor: JOS\u00c9 MANUEL MORENO P\u00c9REZ<\/strong><\/div>\n<div dir=\"auto\"><strong>Madrid<\/strong><\/div>\n<div dir=\"auto\"><\/div>\n<\/div>\n<p><\/p>\n<div class=\"o9v6fnle cxmmr5t8 oygrvhab hcukyx3x c1et5uql ii04i59q\">\n<div dir=\"auto\">Acc\u00e9sit.<\/div>\n<div dir=\"auto\">T\u00edtulo: LAS TIZAS DE COLORES<\/div>\n<div dir=\"auto\">Seud\u00f3nimo: CATALINA LA NEGRA<\/div>\n<div dir=\"auto\">Autor: ALBERTO ECHEVARR\u00cdA<\/div>\n<div dir=\"auto\">Madrid<\/div>\n<div dir=\"auto\"><\/div>\n<\/div>\n<p><\/p>\n<div class=\"o9v6fnle cxmmr5t8 oygrvhab hcukyx3x c1et5uql ii04i59q\">\n<div dir=\"auto\">Menci\u00f3n de honor.<\/div>\n<div dir=\"auto\">T\u00edtulo: BALUARTE<\/div>\n<div dir=\"auto\">Seud\u00f3nimo: ELSOCANA<\/div>\n<div dir=\"auto\">Autor: PEDRO CASTILLO CABALLERO<\/div>\n<div dir=\"auto\">Mula<\/div>\n<div dir=\"auto\"><\/div>\n<\/div>\n<p><\/p>\n<div class=\"o9v6fnle cxmmr5t8 oygrvhab hcukyx3x c1et5uql ii04i59q\">\n<div dir=\"auto\">Enhorabuena a los premiados y el expreso agradecimiento de la Concejal\u00eda de Cultura y Patrimonio Hist\u00f3rico a todos los participantes en esta edici\u00f3n por dar brillantez y categor\u00eda al concurso nacional de cuentos \u201cCiudad de Mula-Francisco Ros\u201d, as\u00ed como al Jurado calificador por su meritoria y desinteresada colaboraci\u00f3n.<\/div>\n<div dir=\"auto\"><\/div>\n<\/div>\n<\/div>\n","protected":false},"excerpt":{"rendered":"<p>La Concejal\u00eda de Cultura y Patrimonio Hist\u00f3rico tiene el gusto de hacer p\u00fablico el fallo del jurado del XXIII Premio Nacional de Cuentos \u201cCiudad de Mula- Francisco Ros\u201d: Premio. T\u00edtulo: EL MONT\u00d3N DE ARENA Seud\u00f3nimo: ACHELENSE Autor: JOS\u00c9 MANUEL MORENO P\u00c9REZ Madrid Acc\u00e9sit. T\u00edtulo: LAS TIZAS DE COLORES Seud\u00f3nimo: CATALINA LA NEGRA Autor: ALBERTO ECHEVARR\u00cdA  [&#8230;]<\/p>\n","protected":false},"author":1,"featured_media":33787,"comment_status":"closed","ping_status":"closed","sticky":false,"template":"","format":"standard","meta":{"jetpack_post_was_ever_published":false,"_jetpack_newsletter_access":"","_jetpack_dont_email_post_to_subs":false,"_jetpack_newsletter_tier_id":0,"_jetpack_memberships_contains_paywalled_content":false,"_jetpack_memberships_contains_paid_content":false,"footnotes":"","jetpack_publicize_message":"","jetpack_publicize_feature_enabled":true,"jetpack_social_post_already_shared":false,"jetpack_social_options":{"image_generator_settings":{"template":"highway","default_image_id":0,"font":"","enabled":false},"version":2}},"categories":[412,97],"tags":[],"class_list":["post-35491","post","type-post","status-publish","format-standard","has-post-thumbnail","hentry","category-cuentos-ciudad-de-mula","category-cultura"],"yoast_head":"<!-- This site is optimized with the Yoast SEO plugin v27.4 - https:\/\/yoast.com\/product\/yoast-seo-wordpress\/ -->\n<title>CULTURA | Fallo del XXIII Premio Nacional de Cuentos &quot;Ciudad de Mula - Francisco Ros&quot; - Ayuntamiento de Mula<\/title>\n<meta name=\"robots\" content=\"index, follow, max-snippet:-1, max-image-preview:large, max-video-preview:-1\" \/>\n<link rel=\"canonical\" href=\"https:\/\/mula.es\/web\/cultura-fallo-del-xxiii-premio-nacional-de-cuentos-ciudad-de-mula-francisco-ros\/\" \/>\n<meta property=\"og:locale\" content=\"es_ES\" \/>\n<meta property=\"og:type\" content=\"article\" \/>\n<meta property=\"og:title\" content=\"CULTURA | Fallo del XXIII Premio Nacional de Cuentos &quot;Ciudad de Mula - Francisco Ros&quot; - Ayuntamiento de Mula\" \/>\n<meta property=\"og:description\" content=\"La Concejal\u00eda de Cultura y Patrimonio Hist\u00f3rico tiene el gusto de hacer p\u00fablico el fallo del jurado del XXIII Premio Nacional de Cuentos \u201cCiudad de Mula- Francisco Ros\u201d: Premio. T\u00edtulo: EL MONT\u00d3N DE ARENA Seud\u00f3nimo: ACHELENSE Autor: JOS\u00c9 MANUEL MORENO P\u00c9REZ Madrid Acc\u00e9sit. T\u00edtulo: LAS TIZAS DE COLORES Seud\u00f3nimo: CATALINA LA NEGRA Autor: ALBERTO ECHEVARR\u00cdA [...]\" \/>\n<meta property=\"og:url\" content=\"https:\/\/mula.es\/web\/cultura-fallo-del-xxiii-premio-nacional-de-cuentos-ciudad-de-mula-francisco-ros\/\" \/>\n<meta property=\"og:site_name\" content=\"Ayuntamiento de Mula\" \/>\n<meta property=\"article:published_time\" content=\"2020-11-27T17:59:29+00:00\" \/>\n<meta property=\"article:modified_time\" content=\"2020-11-27T18:00:05+00:00\" \/>\n<meta property=\"og:image\" content=\"https:\/\/i0.wp.com\/mula.es\/web\/wp-content\/uploads\/2020\/06\/2020-06-26-20_52_40-TARJETA-BASES-XXIII-PREMIO-CUENTOS-2020-1.pdf-Adobe-Reader.png?fit=887%2C629&ssl=1\" \/>\n\t<meta property=\"og:image:width\" content=\"887\" \/>\n\t<meta property=\"og:image:height\" content=\"629\" \/>\n\t<meta property=\"og:image:type\" content=\"image\/png\" \/>\n<meta name=\"author\" content=\"admin\" \/>\n<meta name=\"twitter:card\" content=\"summary_large_image\" \/>\n<meta name=\"twitter:image\" content=\"https:\/\/mula.es\/web\/wp-content\/uploads\/2020\/06\/escudo-cuadrado-e1591045058235.jpg\" \/>\n<meta name=\"twitter:creator\" content=\"@AyuntamientMula\" \/>\n<meta name=\"twitter:site\" content=\"@AyuntamientMula\" \/>\n<meta name=\"twitter:label1\" content=\"Escrito por\" \/>\n\t<meta name=\"twitter:data1\" content=\"admin\" \/>\n\t<meta name=\"twitter:label2\" content=\"Tiempo de lectura\" \/>\n\t<meta name=\"twitter:data2\" content=\"1 minuto\" \/>\n<script type=\"application\/ld+json\" class=\"yoast-schema-graph\">{\"@context\":\"https:\\\/\\\/schema.org\",\"@graph\":[{\"@type\":\"Article\",\"@id\":\"https:\\\/\\\/mula.es\\\/web\\\/cultura-fallo-del-xxiii-premio-nacional-de-cuentos-ciudad-de-mula-francisco-ros\\\/#article\",\"isPartOf\":{\"@id\":\"https:\\\/\\\/mula.es\\\/web\\\/cultura-fallo-del-xxiii-premio-nacional-de-cuentos-ciudad-de-mula-francisco-ros\\\/\"},\"author\":{\"name\":\"admin\",\"@id\":\"https:\\\/\\\/mula.es\\\/web\\\/#\\\/schema\\\/person\\\/a0dbffe9f4a3ed4aaebedcfef02f71a1\"},\"headline\":\"CULTURA | Fallo del XXIII Premio Nacional de Cuentos \u00abCiudad de Mula &#8211; Francisco Ros\u00bb\",\"datePublished\":\"2020-11-27T17:59:29+00:00\",\"dateModified\":\"2020-11-27T18:00:05+00:00\",\"mainEntityOfPage\":{\"@id\":\"https:\\\/\\\/mula.es\\\/web\\\/cultura-fallo-del-xxiii-premio-nacional-de-cuentos-ciudad-de-mula-francisco-ros\\\/\"},\"wordCount\":149,\"image\":{\"@id\":\"https:\\\/\\\/mula.es\\\/web\\\/cultura-fallo-del-xxiii-premio-nacional-de-cuentos-ciudad-de-mula-francisco-ros\\\/#primaryimage\"},\"thumbnailUrl\":\"https:\\\/\\\/mula.es\\\/web\\\/wp-content\\\/uploads\\\/2020\\\/06\\\/2020-06-26-20_52_40-TARJETA-BASES-XXIII-PREMIO-CUENTOS-2020-1.pdf-Adobe-Reader.png\",\"articleSection\":[\"Cuentos Ciudad de Mula\",\"cultura\"],\"inLanguage\":\"es\"},{\"@type\":\"WebPage\",\"@id\":\"https:\\\/\\\/mula.es\\\/web\\\/cultura-fallo-del-xxiii-premio-nacional-de-cuentos-ciudad-de-mula-francisco-ros\\\/\",\"url\":\"https:\\\/\\\/mula.es\\\/web\\\/cultura-fallo-del-xxiii-premio-nacional-de-cuentos-ciudad-de-mula-francisco-ros\\\/\",\"name\":\"CULTURA | Fallo del XXIII Premio Nacional de Cuentos \\\"Ciudad de Mula - Francisco Ros\\\" - Ayuntamiento de Mula\",\"isPartOf\":{\"@id\":\"https:\\\/\\\/mula.es\\\/web\\\/#website\"},\"primaryImageOfPage\":{\"@id\":\"https:\\\/\\\/mula.es\\\/web\\\/cultura-fallo-del-xxiii-premio-nacional-de-cuentos-ciudad-de-mula-francisco-ros\\\/#primaryimage\"},\"image\":{\"@id\":\"https:\\\/\\\/mula.es\\\/web\\\/cultura-fallo-del-xxiii-premio-nacional-de-cuentos-ciudad-de-mula-francisco-ros\\\/#primaryimage\"},\"thumbnailUrl\":\"https:\\\/\\\/mula.es\\\/web\\\/wp-content\\\/uploads\\\/2020\\\/06\\\/2020-06-26-20_52_40-TARJETA-BASES-XXIII-PREMIO-CUENTOS-2020-1.pdf-Adobe-Reader.png\",\"datePublished\":\"2020-11-27T17:59:29+00:00\",\"dateModified\":\"2020-11-27T18:00:05+00:00\",\"author\":{\"@id\":\"https:\\\/\\\/mula.es\\\/web\\\/#\\\/schema\\\/person\\\/a0dbffe9f4a3ed4aaebedcfef02f71a1\"},\"breadcrumb\":{\"@id\":\"https:\\\/\\\/mula.es\\\/web\\\/cultura-fallo-del-xxiii-premio-nacional-de-cuentos-ciudad-de-mula-francisco-ros\\\/#breadcrumb\"},\"inLanguage\":\"es\",\"potentialAction\":[{\"@type\":\"ReadAction\",\"target\":[\"https:\\\/\\\/mula.es\\\/web\\\/cultura-fallo-del-xxiii-premio-nacional-de-cuentos-ciudad-de-mula-francisco-ros\\\/\"]}]},{\"@type\":\"ImageObject\",\"inLanguage\":\"es\",\"@id\":\"https:\\\/\\\/mula.es\\\/web\\\/cultura-fallo-del-xxiii-premio-nacional-de-cuentos-ciudad-de-mula-francisco-ros\\\/#primaryimage\",\"url\":\"https:\\\/\\\/mula.es\\\/web\\\/wp-content\\\/uploads\\\/2020\\\/06\\\/2020-06-26-20_52_40-TARJETA-BASES-XXIII-PREMIO-CUENTOS-2020-1.pdf-Adobe-Reader.png\",\"contentUrl\":\"https:\\\/\\\/mula.es\\\/web\\\/wp-content\\\/uploads\\\/2020\\\/06\\\/2020-06-26-20_52_40-TARJETA-BASES-XXIII-PREMIO-CUENTOS-2020-1.pdf-Adobe-Reader.png\",\"width\":887,\"height\":629},{\"@type\":\"BreadcrumbList\",\"@id\":\"https:\\\/\\\/mula.es\\\/web\\\/cultura-fallo-del-xxiii-premio-nacional-de-cuentos-ciudad-de-mula-francisco-ros\\\/#breadcrumb\",\"itemListElement\":[{\"@type\":\"ListItem\",\"position\":1,\"name\":\"Portada\",\"item\":\"https:\\\/\\\/mula.es\\\/web\\\/\"},{\"@type\":\"ListItem\",\"position\":2,\"name\":\"CULTURA | Fallo del XXIII Premio Nacional de Cuentos \u00abCiudad de Mula &#8211; Francisco Ros\u00bb\"}]},{\"@type\":\"WebSite\",\"@id\":\"https:\\\/\\\/mula.es\\\/web\\\/#website\",\"url\":\"https:\\\/\\\/mula.es\\\/web\\\/\",\"name\":\"Ayuntamiento de Mula\",\"description\":\"P\u00e1gina web del Ayuntamiento de Mula (Regi\u00f3n de Murcia)\",\"potentialAction\":[{\"@type\":\"SearchAction\",\"target\":{\"@type\":\"EntryPoint\",\"urlTemplate\":\"https:\\\/\\\/mula.es\\\/web\\\/?s={search_term_string}\"},\"query-input\":{\"@type\":\"PropertyValueSpecification\",\"valueRequired\":true,\"valueName\":\"search_term_string\"}}],\"inLanguage\":\"es\"},{\"@type\":\"Person\",\"@id\":\"https:\\\/\\\/mula.es\\\/web\\\/#\\\/schema\\\/person\\\/a0dbffe9f4a3ed4aaebedcfef02f71a1\",\"name\":\"admin\",\"image\":{\"@type\":\"ImageObject\",\"inLanguage\":\"es\",\"@id\":\"https:\\\/\\\/secure.gravatar.com\\\/avatar\\\/5423b9cd77f4c7f89a124365a268866f9dfee038c17fe9e37afd92b5920d810e?s=96&d=mm&r=g\",\"url\":\"https:\\\/\\\/secure.gravatar.com\\\/avatar\\\/5423b9cd77f4c7f89a124365a268866f9dfee038c17fe9e37afd92b5920d810e?s=96&d=mm&r=g\",\"contentUrl\":\"https:\\\/\\\/secure.gravatar.com\\\/avatar\\\/5423b9cd77f4c7f89a124365a268866f9dfee038c17fe9e37afd92b5920d810e?s=96&d=mm&r=g\",\"caption\":\"admin\"},\"description\":\"Lorem ipsum dolor sit amet, consectetur adipiscing elit. Nam viverra euismod odio, gravida pellentesque urna varius vitae. Sed dui lorem, adipiscing in adipiscing et, interdum nec metus. Mauris ultricies, justo eu convallis placerat, felis enim ornare nisi, vitae mattis nulla ante id dui. Ut lectus purus, commodo et tincidunt vel, interdum sed lectus. Vestibulum adipiscing tempor nisi id elementi.\",\"url\":\"https:\\\/\\\/mula.es\\\/web\\\/author\\\/jose-maria-boti\\\/\"}]}<\/script>\n<!-- \/ Yoast SEO plugin. -->","yoast_head_json":{"title":"CULTURA | Fallo del XXIII Premio Nacional de Cuentos \"Ciudad de Mula - Francisco Ros\" - Ayuntamiento de Mula","robots":{"index":"index","follow":"follow","max-snippet":"max-snippet:-1","max-image-preview":"max-image-preview:large","max-video-preview":"max-video-preview:-1"},"canonical":"https:\/\/mula.es\/web\/cultura-fallo-del-xxiii-premio-nacional-de-cuentos-ciudad-de-mula-francisco-ros\/","og_locale":"es_ES","og_type":"article","og_title":"CULTURA | Fallo del XXIII Premio Nacional de Cuentos \"Ciudad de Mula - Francisco Ros\" - Ayuntamiento de Mula","og_description":"La Concejal\u00eda de Cultura y Patrimonio Hist\u00f3rico tiene el gusto de hacer p\u00fablico el fallo del jurado del XXIII Premio Nacional de Cuentos \u201cCiudad de Mula- Francisco Ros\u201d: Premio. T\u00edtulo: EL MONT\u00d3N DE ARENA Seud\u00f3nimo: ACHELENSE Autor: JOS\u00c9 MANUEL MORENO P\u00c9REZ Madrid Acc\u00e9sit. T\u00edtulo: LAS TIZAS DE COLORES Seud\u00f3nimo: CATALINA LA NEGRA Autor: ALBERTO ECHEVARR\u00cdA [...]","og_url":"https:\/\/mula.es\/web\/cultura-fallo-del-xxiii-premio-nacional-de-cuentos-ciudad-de-mula-francisco-ros\/","og_site_name":"Ayuntamiento de Mula","article_published_time":"2020-11-27T17:59:29+00:00","article_modified_time":"2020-11-27T18:00:05+00:00","og_image":[{"width":887,"height":629,"url":"https:\/\/i0.wp.com\/mula.es\/web\/wp-content\/uploads\/2020\/06\/2020-06-26-20_52_40-TARJETA-BASES-XXIII-PREMIO-CUENTOS-2020-1.pdf-Adobe-Reader.png?fit=887%2C629&ssl=1","type":"image\/png"}],"author":"admin","twitter_card":"summary_large_image","twitter_image":"https:\/\/mula.es\/web\/wp-content\/uploads\/2020\/06\/escudo-cuadrado-e1591045058235.jpg","twitter_creator":"@AyuntamientMula","twitter_site":"@AyuntamientMula","twitter_misc":{"Escrito por":"admin","Tiempo de lectura":"1 minuto"},"schema":{"@context":"https:\/\/schema.org","@graph":[{"@type":"Article","@id":"https:\/\/mula.es\/web\/cultura-fallo-del-xxiii-premio-nacional-de-cuentos-ciudad-de-mula-francisco-ros\/#article","isPartOf":{"@id":"https:\/\/mula.es\/web\/cultura-fallo-del-xxiii-premio-nacional-de-cuentos-ciudad-de-mula-francisco-ros\/"},"author":{"name":"admin","@id":"https:\/\/mula.es\/web\/#\/schema\/person\/a0dbffe9f4a3ed4aaebedcfef02f71a1"},"headline":"CULTURA | Fallo del XXIII Premio Nacional de Cuentos \u00abCiudad de Mula &#8211; Francisco Ros\u00bb","datePublished":"2020-11-27T17:59:29+00:00","dateModified":"2020-11-27T18:00:05+00:00","mainEntityOfPage":{"@id":"https:\/\/mula.es\/web\/cultura-fallo-del-xxiii-premio-nacional-de-cuentos-ciudad-de-mula-francisco-ros\/"},"wordCount":149,"image":{"@id":"https:\/\/mula.es\/web\/cultura-fallo-del-xxiii-premio-nacional-de-cuentos-ciudad-de-mula-francisco-ros\/#primaryimage"},"thumbnailUrl":"https:\/\/mula.es\/web\/wp-content\/uploads\/2020\/06\/2020-06-26-20_52_40-TARJETA-BASES-XXIII-PREMIO-CUENTOS-2020-1.pdf-Adobe-Reader.png","articleSection":["Cuentos Ciudad de Mula","cultura"],"inLanguage":"es"},{"@type":"WebPage","@id":"https:\/\/mula.es\/web\/cultura-fallo-del-xxiii-premio-nacional-de-cuentos-ciudad-de-mula-francisco-ros\/","url":"https:\/\/mula.es\/web\/cultura-fallo-del-xxiii-premio-nacional-de-cuentos-ciudad-de-mula-francisco-ros\/","name":"CULTURA | Fallo del XXIII Premio Nacional de Cuentos \"Ciudad de Mula - Francisco Ros\" - Ayuntamiento de Mula","isPartOf":{"@id":"https:\/\/mula.es\/web\/#website"},"primaryImageOfPage":{"@id":"https:\/\/mula.es\/web\/cultura-fallo-del-xxiii-premio-nacional-de-cuentos-ciudad-de-mula-francisco-ros\/#primaryimage"},"image":{"@id":"https:\/\/mula.es\/web\/cultura-fallo-del-xxiii-premio-nacional-de-cuentos-ciudad-de-mula-francisco-ros\/#primaryimage"},"thumbnailUrl":"https:\/\/mula.es\/web\/wp-content\/uploads\/2020\/06\/2020-06-26-20_52_40-TARJETA-BASES-XXIII-PREMIO-CUENTOS-2020-1.pdf-Adobe-Reader.png","datePublished":"2020-11-27T17:59:29+00:00","dateModified":"2020-11-27T18:00:05+00:00","author":{"@id":"https:\/\/mula.es\/web\/#\/schema\/person\/a0dbffe9f4a3ed4aaebedcfef02f71a1"},"breadcrumb":{"@id":"https:\/\/mula.es\/web\/cultura-fallo-del-xxiii-premio-nacional-de-cuentos-ciudad-de-mula-francisco-ros\/#breadcrumb"},"inLanguage":"es","potentialAction":[{"@type":"ReadAction","target":["https:\/\/mula.es\/web\/cultura-fallo-del-xxiii-premio-nacional-de-cuentos-ciudad-de-mula-francisco-ros\/"]}]},{"@type":"ImageObject","inLanguage":"es","@id":"https:\/\/mula.es\/web\/cultura-fallo-del-xxiii-premio-nacional-de-cuentos-ciudad-de-mula-francisco-ros\/#primaryimage","url":"https:\/\/mula.es\/web\/wp-content\/uploads\/2020\/06\/2020-06-26-20_52_40-TARJETA-BASES-XXIII-PREMIO-CUENTOS-2020-1.pdf-Adobe-Reader.png","contentUrl":"https:\/\/mula.es\/web\/wp-content\/uploads\/2020\/06\/2020-06-26-20_52_40-TARJETA-BASES-XXIII-PREMIO-CUENTOS-2020-1.pdf-Adobe-Reader.png","width":887,"height":629},{"@type":"BreadcrumbList","@id":"https:\/\/mula.es\/web\/cultura-fallo-del-xxiii-premio-nacional-de-cuentos-ciudad-de-mula-francisco-ros\/#breadcrumb","itemListElement":[{"@type":"ListItem","position":1,"name":"Portada","item":"https:\/\/mula.es\/web\/"},{"@type":"ListItem","position":2,"name":"CULTURA | Fallo del XXIII Premio Nacional de Cuentos \u00abCiudad de Mula &#8211; Francisco Ros\u00bb"}]},{"@type":"WebSite","@id":"https:\/\/mula.es\/web\/#website","url":"https:\/\/mula.es\/web\/","name":"Ayuntamiento de Mula","description":"P\u00e1gina web del Ayuntamiento de Mula (Regi\u00f3n de Murcia)","potentialAction":[{"@type":"SearchAction","target":{"@type":"EntryPoint","urlTemplate":"https:\/\/mula.es\/web\/?s={search_term_string}"},"query-input":{"@type":"PropertyValueSpecification","valueRequired":true,"valueName":"search_term_string"}}],"inLanguage":"es"},{"@type":"Person","@id":"https:\/\/mula.es\/web\/#\/schema\/person\/a0dbffe9f4a3ed4aaebedcfef02f71a1","name":"admin","image":{"@type":"ImageObject","inLanguage":"es","@id":"https:\/\/secure.gravatar.com\/avatar\/5423b9cd77f4c7f89a124365a268866f9dfee038c17fe9e37afd92b5920d810e?s=96&d=mm&r=g","url":"https:\/\/secure.gravatar.com\/avatar\/5423b9cd77f4c7f89a124365a268866f9dfee038c17fe9e37afd92b5920d810e?s=96&d=mm&r=g","contentUrl":"https:\/\/secure.gravatar.com\/avatar\/5423b9cd77f4c7f89a124365a268866f9dfee038c17fe9e37afd92b5920d810e?s=96&d=mm&r=g","caption":"admin"},"description":"Lorem ipsum dolor sit amet, consectetur adipiscing elit. Nam viverra euismod odio, gravida pellentesque urna varius vitae. Sed dui lorem, adipiscing in adipiscing et, interdum nec metus. Mauris ultricies, justo eu convallis placerat, felis enim ornare nisi, vitae mattis nulla ante id dui. Ut lectus purus, commodo et tincidunt vel, interdum sed lectus. Vestibulum adipiscing tempor nisi id elementi.","url":"https:\/\/mula.es\/web\/author\/jose-maria-boti\/"}]}},"jetpack_publicize_connections":[],"jetpack_featured_media_url":"https:\/\/mula.es\/web\/wp-content\/uploads\/2020\/06\/2020-06-26-20_52_40-TARJETA-BASES-XXIII-PREMIO-CUENTOS-2020-1.pdf-Adobe-Reader.png","jetpack_sharing_enabled":true,"jetpack_shortlink":"https:\/\/wp.me\/pa9DMY-9er","jetpack-related-posts":[],"_links":{"self":[{"href":"https:\/\/mula.es\/web\/wp-json\/wp\/v2\/posts\/35491","targetHints":{"allow":["GET"]}}],"collection":[{"href":"https:\/\/mula.es\/web\/wp-json\/wp\/v2\/posts"}],"about":[{"href":"https:\/\/mula.es\/web\/wp-json\/wp\/v2\/types\/post"}],"author":[{"embeddable":true,"href":"https:\/\/mula.es\/web\/wp-json\/wp\/v2\/users\/1"}],"replies":[{"embeddable":true,"href":"https:\/\/mula.es\/web\/wp-json\/wp\/v2\/comments?post=35491"}],"version-history":[{"count":2,"href":"https:\/\/mula.es\/web\/wp-json\/wp\/v2\/posts\/35491\/revisions"}],"predecessor-version":[{"id":35493,"href":"https:\/\/mula.es\/web\/wp-json\/wp\/v2\/posts\/35491\/revisions\/35493"}],"wp:featuredmedia":[{"embeddable":true,"href":"https:\/\/mula.es\/web\/wp-json\/wp\/v2\/media\/33787"}],"wp:attachment":[{"href":"https:\/\/mula.es\/web\/wp-json\/wp\/v2\/media?parent=35491"}],"wp:term":[{"taxonomy":"category","embeddable":true,"href":"https:\/\/mula.es\/web\/wp-json\/wp\/v2\/categories?post=35491"},{"taxonomy":"post_tag","embeddable":true,"href":"https:\/\/mula.es\/web\/wp-json\/wp\/v2\/tags?post=35491"}],"curies":[{"name":"wp","href":"https:\/\/api.w.org\/{rel}","templated":true}]}}