{"id":35540,"date":"2020-12-01T21:33:48","date_gmt":"2020-12-01T20:33:48","guid":{"rendered":"http:\/\/mula.es\/web\/?p=35540"},"modified":"2020-12-01T21:33:48","modified_gmt":"2020-12-01T20:33:48","slug":"medio-ambiente-el-ayuntamiento-traslada-a-la-chs-propuestas-de-actuaciones-para-ser-incluidas-en-los-fondos-europeos-covid","status":"publish","type":"post","link":"https:\/\/mula.es\/web\/medio-ambiente-el-ayuntamiento-traslada-a-la-chs-propuestas-de-actuaciones-para-ser-incluidas-en-los-fondos-europeos-covid\/","title":{"rendered":"MEDIO AMBIENTE | El Ayuntamiento traslada a la CHS propuestas de actuaciones para ser incluidas en los Fondos Europeos Covid"},"content":{"rendered":"<p style=\"text-align: justify;\">El alcalde de Mula, Juan Jes\u00fas Moreno, junto al concejal de Urbanismo, Francisco J. Llamazares, han mantenido un encuentro v\u00eda telem\u00e1tica con el presidente de Confederaci\u00f3n Hidrogr\u00e1fica del Segura (CHS), Mario Urrea, y el Comisario de Aguas, Francisco J. Garc\u00eda, donde se han tratado sobre diversas propuestas a tener en cuenta para los pr\u00f3ximos Fondos Europeos Covid que van a venir a Espa\u00f1a y repercutir\u00e1n tanto en las comunidades aut\u00f3nomas como en los ayuntamientos.<\/p>\n<p style=\"text-align: justify;\">As\u00ed, se ha propuesto la mejora ambiental del R\u00edo Mula en el t\u00e9rmino municipal de Mula y de Albudeite, desde el embalse de La Cierva hasta el t\u00e9rmino municipal de Albudeite. Un presupuesto que ascender\u00eda a 1.474.586,09 euros y que vendr\u00eda a suponer un impulso importante a la sostenibilidad y disfrute del entorno del r\u00edo Mula a su paso por ambos t\u00e9rminos municipales.<\/p>\n<p style=\"text-align: justify;\">Otra de las propuestas es la mejora ambiental de la Rambla Perea, en el t\u00e9rmino municipal de Mula, una actuaci\u00f3n que ascender\u00eda a 135.228,15 euros.<\/p>\n<p style=\"text-align: justify;\">Durante el encuentro, el Comisario de Aguas ha manifestado su compromiso a la ejecuci\u00f3n del proyecto de las obras aguas arriba de La Puebla de Mula hasta aguas debajo de Los Ba\u00f1os de Mula, una actuaci\u00f3n que ya cuenta con los pliegos de condiciones terminados para ponerlos en exposici\u00f3n p\u00fablica y que podr\u00eda estar listo a principios de marzo del pr\u00f3ximo a\u00f1o.<\/p>\n<p style=\"text-align: justify;\">Se ha tratado, adem\u00e1s, de otros aspectos que afectan al municipio de Mula como las pr\u00f3ximas adjudicaciones de agua de Valdelentisco a la Comunidad de Regantes de Fuente Librilla.<\/p>\n<p style=\"text-align: justify;\">Todos los proyectos presentados, afirma Juan Jes\u00fas Moreno, entran dentro del Pacto Verde Europeo, por lo que cuentan con todas las condiciones para estar incluidos en los Fondos Europeos Covid.<\/p>\n<p style=\"text-align: justify;\">\n<p>&nbsp;<\/p>\n","protected":false},"excerpt":{"rendered":"<p>El alcalde de Mula, Juan Jes\u00fas Moreno, junto al concejal de Urbanismo, Francisco J. Llamazares, han mantenido un encuentro v\u00eda telem\u00e1tica con el presidente de Confederaci\u00f3n Hidrogr\u00e1fica del Segura (CHS), Mario Urrea, y el Comisario de Aguas, Francisco J. Garc\u00eda, donde se han tratado sobre diversas propuestas a tener en cuenta para los pr\u00f3ximos Fondos  [&#8230;]<\/p>\n","protected":false},"author":1,"featured_media":35541,"comment_status":"closed","ping_status":"closed","sticky":false,"template":"","format":"standard","meta":{"jetpack_post_was_ever_published":false,"_jetpack_newsletter_access":"","_jetpack_dont_email_post_to_subs":false,"_jetpack_newsletter_tier_id":0,"_jetpack_memberships_contains_paywalled_content":false,"_jetpack_memberships_contains_paid_content":false,"footnotes":"","jetpack_publicize_message":"","jetpack_publicize_feature_enabled":true,"jetpack_social_post_already_shared":false,"jetpack_social_options":{"image_generator_settings":{"template":"highway","default_image_id":0,"font":"","enabled":false},"version":2}},"categories":[153],"tags":[],"class_list":["post-35540","post","type-post","status-publish","format-standard","has-post-thumbnail","hentry","category-medio-ambiente"],"yoast_head":"<!-- This site is optimized with the Yoast SEO plugin v27.5 - https:\/\/yoast.com\/product\/yoast-seo-wordpress\/ -->\n<title>MEDIO AMBIENTE | El Ayuntamiento traslada a la CHS propuestas de actuaciones para ser incluidas en los Fondos Europeos Covid - Ayuntamiento de Mula<\/title>\n<meta name=\"robots\" content=\"index, follow, max-snippet:-1, max-image-preview:large, max-video-preview:-1\" \/>\n<link rel=\"canonical\" href=\"https:\/\/mula.es\/web\/medio-ambiente-el-ayuntamiento-traslada-a-la-chs-propuestas-de-actuaciones-para-ser-incluidas-en-los-fondos-europeos-covid\/\" \/>\n<meta property=\"og:locale\" content=\"es_ES\" \/>\n<meta property=\"og:type\" content=\"article\" \/>\n<meta property=\"og:title\" content=\"MEDIO AMBIENTE | El Ayuntamiento traslada a la CHS propuestas de actuaciones para ser incluidas en los Fondos Europeos Covid - Ayuntamiento de Mula\" \/>\n<meta property=\"og:description\" content=\"El alcalde de Mula, Juan Jes\u00fas Moreno, junto al concejal de Urbanismo, Francisco J. Llamazares, han mantenido un encuentro v\u00eda telem\u00e1tica con el presidente de Confederaci\u00f3n Hidrogr\u00e1fica del Segura (CHS), Mario Urrea, y el Comisario de Aguas, Francisco J. Garc\u00eda, donde se han tratado sobre diversas propuestas a tener en cuenta para los pr\u00f3ximos Fondos [...]\" \/>\n<meta property=\"og:url\" content=\"https:\/\/mula.es\/web\/medio-ambiente-el-ayuntamiento-traslada-a-la-chs-propuestas-de-actuaciones-para-ser-incluidas-en-los-fondos-europeos-covid\/\" \/>\n<meta property=\"og:site_name\" content=\"Ayuntamiento de Mula\" \/>\n<meta property=\"article:published_time\" content=\"2020-12-01T20:33:48+00:00\" \/>\n<meta property=\"og:image\" content=\"https:\/\/i0.wp.com\/mula.es\/web\/wp-content\/uploads\/2020\/12\/Reunion-CHS-01-12-2020.jpg?fit=1024%2C768&ssl=1\" \/>\n\t<meta property=\"og:image:width\" content=\"1024\" \/>\n\t<meta property=\"og:image:height\" content=\"768\" \/>\n\t<meta property=\"og:image:type\" content=\"image\/jpeg\" \/>\n<meta name=\"author\" content=\"admin\" \/>\n<meta name=\"twitter:card\" content=\"summary_large_image\" \/>\n<meta name=\"twitter:image\" content=\"https:\/\/mula.es\/web\/wp-content\/uploads\/2020\/06\/escudo-cuadrado-e1591045058235.jpg\" \/>\n<meta name=\"twitter:creator\" content=\"@AyuntamientMula\" \/>\n<meta name=\"twitter:site\" content=\"@AyuntamientMula\" \/>\n<meta name=\"twitter:label1\" content=\"Escrito por\" \/>\n\t<meta name=\"twitter:data1\" content=\"admin\" \/>\n\t<meta name=\"twitter:label2\" content=\"Tiempo de lectura\" \/>\n\t<meta name=\"twitter:data2\" content=\"2 minutos\" \/>\n<script type=\"application\/ld+json\" class=\"yoast-schema-graph\">{\"@context\":\"https:\\\/\\\/schema.org\",\"@graph\":[{\"@type\":\"Article\",\"@id\":\"https:\\\/\\\/mula.es\\\/web\\\/medio-ambiente-el-ayuntamiento-traslada-a-la-chs-propuestas-de-actuaciones-para-ser-incluidas-en-los-fondos-europeos-covid\\\/#article\",\"isPartOf\":{\"@id\":\"https:\\\/\\\/mula.es\\\/web\\\/medio-ambiente-el-ayuntamiento-traslada-a-la-chs-propuestas-de-actuaciones-para-ser-incluidas-en-los-fondos-europeos-covid\\\/\"},\"author\":{\"name\":\"admin\",\"@id\":\"https:\\\/\\\/mula.es\\\/web\\\/#\\\/schema\\\/person\\\/a0dbffe9f4a3ed4aaebedcfef02f71a1\"},\"headline\":\"MEDIO AMBIENTE | El Ayuntamiento traslada a la CHS propuestas de actuaciones para ser incluidas en los Fondos Europeos Covid\",\"datePublished\":\"2020-12-01T20:33:48+00:00\",\"mainEntityOfPage\":{\"@id\":\"https:\\\/\\\/mula.es\\\/web\\\/medio-ambiente-el-ayuntamiento-traslada-a-la-chs-propuestas-de-actuaciones-para-ser-incluidas-en-los-fondos-europeos-covid\\\/\"},\"wordCount\":332,\"image\":{\"@id\":\"https:\\\/\\\/mula.es\\\/web\\\/medio-ambiente-el-ayuntamiento-traslada-a-la-chs-propuestas-de-actuaciones-para-ser-incluidas-en-los-fondos-europeos-covid\\\/#primaryimage\"},\"thumbnailUrl\":\"https:\\\/\\\/mula.es\\\/web\\\/wp-content\\\/uploads\\\/2020\\\/12\\\/Reunion-CHS-01-12-2020.jpg\",\"articleSection\":[\"medio ambiente\"],\"inLanguage\":\"es\"},{\"@type\":\"WebPage\",\"@id\":\"https:\\\/\\\/mula.es\\\/web\\\/medio-ambiente-el-ayuntamiento-traslada-a-la-chs-propuestas-de-actuaciones-para-ser-incluidas-en-los-fondos-europeos-covid\\\/\",\"url\":\"https:\\\/\\\/mula.es\\\/web\\\/medio-ambiente-el-ayuntamiento-traslada-a-la-chs-propuestas-de-actuaciones-para-ser-incluidas-en-los-fondos-europeos-covid\\\/\",\"name\":\"MEDIO AMBIENTE | El Ayuntamiento traslada a la CHS propuestas de actuaciones para ser incluidas en los Fondos Europeos Covid - Ayuntamiento de Mula\",\"isPartOf\":{\"@id\":\"https:\\\/\\\/mula.es\\\/web\\\/#website\"},\"primaryImageOfPage\":{\"@id\":\"https:\\\/\\\/mula.es\\\/web\\\/medio-ambiente-el-ayuntamiento-traslada-a-la-chs-propuestas-de-actuaciones-para-ser-incluidas-en-los-fondos-europeos-covid\\\/#primaryimage\"},\"image\":{\"@id\":\"https:\\\/\\\/mula.es\\\/web\\\/medio-ambiente-el-ayuntamiento-traslada-a-la-chs-propuestas-de-actuaciones-para-ser-incluidas-en-los-fondos-europeos-covid\\\/#primaryimage\"},\"thumbnailUrl\":\"https:\\\/\\\/mula.es\\\/web\\\/wp-content\\\/uploads\\\/2020\\\/12\\\/Reunion-CHS-01-12-2020.jpg\",\"datePublished\":\"2020-12-01T20:33:48+00:00\",\"author\":{\"@id\":\"https:\\\/\\\/mula.es\\\/web\\\/#\\\/schema\\\/person\\\/a0dbffe9f4a3ed4aaebedcfef02f71a1\"},\"breadcrumb\":{\"@id\":\"https:\\\/\\\/mula.es\\\/web\\\/medio-ambiente-el-ayuntamiento-traslada-a-la-chs-propuestas-de-actuaciones-para-ser-incluidas-en-los-fondos-europeos-covid\\\/#breadcrumb\"},\"inLanguage\":\"es\",\"potentialAction\":[{\"@type\":\"ReadAction\",\"target\":[\"https:\\\/\\\/mula.es\\\/web\\\/medio-ambiente-el-ayuntamiento-traslada-a-la-chs-propuestas-de-actuaciones-para-ser-incluidas-en-los-fondos-europeos-covid\\\/\"]}]},{\"@type\":\"ImageObject\",\"inLanguage\":\"es\",\"@id\":\"https:\\\/\\\/mula.es\\\/web\\\/medio-ambiente-el-ayuntamiento-traslada-a-la-chs-propuestas-de-actuaciones-para-ser-incluidas-en-los-fondos-europeos-covid\\\/#primaryimage\",\"url\":\"https:\\\/\\\/mula.es\\\/web\\\/wp-content\\\/uploads\\\/2020\\\/12\\\/Reunion-CHS-01-12-2020.jpg\",\"contentUrl\":\"https:\\\/\\\/mula.es\\\/web\\\/wp-content\\\/uploads\\\/2020\\\/12\\\/Reunion-CHS-01-12-2020.jpg\",\"width\":1024,\"height\":768},{\"@type\":\"BreadcrumbList\",\"@id\":\"https:\\\/\\\/mula.es\\\/web\\\/medio-ambiente-el-ayuntamiento-traslada-a-la-chs-propuestas-de-actuaciones-para-ser-incluidas-en-los-fondos-europeos-covid\\\/#breadcrumb\",\"itemListElement\":[{\"@type\":\"ListItem\",\"position\":1,\"name\":\"Portada\",\"item\":\"https:\\\/\\\/mula.es\\\/web\\\/\"},{\"@type\":\"ListItem\",\"position\":2,\"name\":\"MEDIO AMBIENTE | El Ayuntamiento traslada a la CHS propuestas de actuaciones para ser incluidas en los Fondos Europeos Covid\"}]},{\"@type\":\"WebSite\",\"@id\":\"https:\\\/\\\/mula.es\\\/web\\\/#website\",\"url\":\"https:\\\/\\\/mula.es\\\/web\\\/\",\"name\":\"Ayuntamiento de Mula\",\"description\":\"P\u00e1gina web del Ayuntamiento de Mula (Regi\u00f3n de Murcia)\",\"potentialAction\":[{\"@type\":\"SearchAction\",\"target\":{\"@type\":\"EntryPoint\",\"urlTemplate\":\"https:\\\/\\\/mula.es\\\/web\\\/?s={search_term_string}\"},\"query-input\":{\"@type\":\"PropertyValueSpecification\",\"valueRequired\":true,\"valueName\":\"search_term_string\"}}],\"inLanguage\":\"es\"},{\"@type\":\"Person\",\"@id\":\"https:\\\/\\\/mula.es\\\/web\\\/#\\\/schema\\\/person\\\/a0dbffe9f4a3ed4aaebedcfef02f71a1\",\"name\":\"admin\",\"image\":{\"@type\":\"ImageObject\",\"inLanguage\":\"es\",\"@id\":\"https:\\\/\\\/secure.gravatar.com\\\/avatar\\\/5423b9cd77f4c7f89a124365a268866f9dfee038c17fe9e37afd92b5920d810e?s=96&d=mm&r=g\",\"url\":\"https:\\\/\\\/secure.gravatar.com\\\/avatar\\\/5423b9cd77f4c7f89a124365a268866f9dfee038c17fe9e37afd92b5920d810e?s=96&d=mm&r=g\",\"contentUrl\":\"https:\\\/\\\/secure.gravatar.com\\\/avatar\\\/5423b9cd77f4c7f89a124365a268866f9dfee038c17fe9e37afd92b5920d810e?s=96&d=mm&r=g\",\"caption\":\"admin\"},\"description\":\"Lorem ipsum dolor sit amet, consectetur adipiscing elit. Nam viverra euismod odio, gravida pellentesque urna varius vitae. Sed dui lorem, adipiscing in adipiscing et, interdum nec metus. Mauris ultricies, justo eu convallis placerat, felis enim ornare nisi, vitae mattis nulla ante id dui. Ut lectus purus, commodo et tincidunt vel, interdum sed lectus. Vestibulum adipiscing tempor nisi id elementi.\",\"url\":\"https:\\\/\\\/mula.es\\\/web\\\/author\\\/jose-maria-boti\\\/\"}]}<\/script>\n<!-- \/ Yoast SEO plugin. -->","yoast_head_json":{"title":"MEDIO AMBIENTE | El Ayuntamiento traslada a la CHS propuestas de actuaciones para ser incluidas en los Fondos Europeos Covid - Ayuntamiento de Mula","robots":{"index":"index","follow":"follow","max-snippet":"max-snippet:-1","max-image-preview":"max-image-preview:large","max-video-preview":"max-video-preview:-1"},"canonical":"https:\/\/mula.es\/web\/medio-ambiente-el-ayuntamiento-traslada-a-la-chs-propuestas-de-actuaciones-para-ser-incluidas-en-los-fondos-europeos-covid\/","og_locale":"es_ES","og_type":"article","og_title":"MEDIO AMBIENTE | El Ayuntamiento traslada a la CHS propuestas de actuaciones para ser incluidas en los Fondos Europeos Covid - Ayuntamiento de Mula","og_description":"El alcalde de Mula, Juan Jes\u00fas Moreno, junto al concejal de Urbanismo, Francisco J. Llamazares, han mantenido un encuentro v\u00eda telem\u00e1tica con el presidente de Confederaci\u00f3n Hidrogr\u00e1fica del Segura (CHS), Mario Urrea, y el Comisario de Aguas, Francisco J. Garc\u00eda, donde se han tratado sobre diversas propuestas a tener en cuenta para los pr\u00f3ximos Fondos [...]","og_url":"https:\/\/mula.es\/web\/medio-ambiente-el-ayuntamiento-traslada-a-la-chs-propuestas-de-actuaciones-para-ser-incluidas-en-los-fondos-europeos-covid\/","og_site_name":"Ayuntamiento de Mula","article_published_time":"2020-12-01T20:33:48+00:00","og_image":[{"width":1024,"height":768,"url":"https:\/\/i0.wp.com\/mula.es\/web\/wp-content\/uploads\/2020\/12\/Reunion-CHS-01-12-2020.jpg?fit=1024%2C768&ssl=1","type":"image\/jpeg"}],"author":"admin","twitter_card":"summary_large_image","twitter_image":"https:\/\/mula.es\/web\/wp-content\/uploads\/2020\/06\/escudo-cuadrado-e1591045058235.jpg","twitter_creator":"@AyuntamientMula","twitter_site":"@AyuntamientMula","twitter_misc":{"Escrito por":"admin","Tiempo de lectura":"2 minutos"},"schema":{"@context":"https:\/\/schema.org","@graph":[{"@type":"Article","@id":"https:\/\/mula.es\/web\/medio-ambiente-el-ayuntamiento-traslada-a-la-chs-propuestas-de-actuaciones-para-ser-incluidas-en-los-fondos-europeos-covid\/#article","isPartOf":{"@id":"https:\/\/mula.es\/web\/medio-ambiente-el-ayuntamiento-traslada-a-la-chs-propuestas-de-actuaciones-para-ser-incluidas-en-los-fondos-europeos-covid\/"},"author":{"name":"admin","@id":"https:\/\/mula.es\/web\/#\/schema\/person\/a0dbffe9f4a3ed4aaebedcfef02f71a1"},"headline":"MEDIO AMBIENTE | El Ayuntamiento traslada a la CHS propuestas de actuaciones para ser incluidas en los Fondos Europeos Covid","datePublished":"2020-12-01T20:33:48+00:00","mainEntityOfPage":{"@id":"https:\/\/mula.es\/web\/medio-ambiente-el-ayuntamiento-traslada-a-la-chs-propuestas-de-actuaciones-para-ser-incluidas-en-los-fondos-europeos-covid\/"},"wordCount":332,"image":{"@id":"https:\/\/mula.es\/web\/medio-ambiente-el-ayuntamiento-traslada-a-la-chs-propuestas-de-actuaciones-para-ser-incluidas-en-los-fondos-europeos-covid\/#primaryimage"},"thumbnailUrl":"https:\/\/mula.es\/web\/wp-content\/uploads\/2020\/12\/Reunion-CHS-01-12-2020.jpg","articleSection":["medio ambiente"],"inLanguage":"es"},{"@type":"WebPage","@id":"https:\/\/mula.es\/web\/medio-ambiente-el-ayuntamiento-traslada-a-la-chs-propuestas-de-actuaciones-para-ser-incluidas-en-los-fondos-europeos-covid\/","url":"https:\/\/mula.es\/web\/medio-ambiente-el-ayuntamiento-traslada-a-la-chs-propuestas-de-actuaciones-para-ser-incluidas-en-los-fondos-europeos-covid\/","name":"MEDIO AMBIENTE | El Ayuntamiento traslada a la CHS propuestas de actuaciones para ser incluidas en los Fondos Europeos Covid - Ayuntamiento de Mula","isPartOf":{"@id":"https:\/\/mula.es\/web\/#website"},"primaryImageOfPage":{"@id":"https:\/\/mula.es\/web\/medio-ambiente-el-ayuntamiento-traslada-a-la-chs-propuestas-de-actuaciones-para-ser-incluidas-en-los-fondos-europeos-covid\/#primaryimage"},"image":{"@id":"https:\/\/mula.es\/web\/medio-ambiente-el-ayuntamiento-traslada-a-la-chs-propuestas-de-actuaciones-para-ser-incluidas-en-los-fondos-europeos-covid\/#primaryimage"},"thumbnailUrl":"https:\/\/mula.es\/web\/wp-content\/uploads\/2020\/12\/Reunion-CHS-01-12-2020.jpg","datePublished":"2020-12-01T20:33:48+00:00","author":{"@id":"https:\/\/mula.es\/web\/#\/schema\/person\/a0dbffe9f4a3ed4aaebedcfef02f71a1"},"breadcrumb":{"@id":"https:\/\/mula.es\/web\/medio-ambiente-el-ayuntamiento-traslada-a-la-chs-propuestas-de-actuaciones-para-ser-incluidas-en-los-fondos-europeos-covid\/#breadcrumb"},"inLanguage":"es","potentialAction":[{"@type":"ReadAction","target":["https:\/\/mula.es\/web\/medio-ambiente-el-ayuntamiento-traslada-a-la-chs-propuestas-de-actuaciones-para-ser-incluidas-en-los-fondos-europeos-covid\/"]}]},{"@type":"ImageObject","inLanguage":"es","@id":"https:\/\/mula.es\/web\/medio-ambiente-el-ayuntamiento-traslada-a-la-chs-propuestas-de-actuaciones-para-ser-incluidas-en-los-fondos-europeos-covid\/#primaryimage","url":"https:\/\/mula.es\/web\/wp-content\/uploads\/2020\/12\/Reunion-CHS-01-12-2020.jpg","contentUrl":"https:\/\/mula.es\/web\/wp-content\/uploads\/2020\/12\/Reunion-CHS-01-12-2020.jpg","width":1024,"height":768},{"@type":"BreadcrumbList","@id":"https:\/\/mula.es\/web\/medio-ambiente-el-ayuntamiento-traslada-a-la-chs-propuestas-de-actuaciones-para-ser-incluidas-en-los-fondos-europeos-covid\/#breadcrumb","itemListElement":[{"@type":"ListItem","position":1,"name":"Portada","item":"https:\/\/mula.es\/web\/"},{"@type":"ListItem","position":2,"name":"MEDIO AMBIENTE | El Ayuntamiento traslada a la CHS propuestas de actuaciones para ser incluidas en los Fondos Europeos Covid"}]},{"@type":"WebSite","@id":"https:\/\/mula.es\/web\/#website","url":"https:\/\/mula.es\/web\/","name":"Ayuntamiento de Mula","description":"P\u00e1gina web del Ayuntamiento de Mula (Regi\u00f3n de Murcia)","potentialAction":[{"@type":"SearchAction","target":{"@type":"EntryPoint","urlTemplate":"https:\/\/mula.es\/web\/?s={search_term_string}"},"query-input":{"@type":"PropertyValueSpecification","valueRequired":true,"valueName":"search_term_string"}}],"inLanguage":"es"},{"@type":"Person","@id":"https:\/\/mula.es\/web\/#\/schema\/person\/a0dbffe9f4a3ed4aaebedcfef02f71a1","name":"admin","image":{"@type":"ImageObject","inLanguage":"es","@id":"https:\/\/secure.gravatar.com\/avatar\/5423b9cd77f4c7f89a124365a268866f9dfee038c17fe9e37afd92b5920d810e?s=96&d=mm&r=g","url":"https:\/\/secure.gravatar.com\/avatar\/5423b9cd77f4c7f89a124365a268866f9dfee038c17fe9e37afd92b5920d810e?s=96&d=mm&r=g","contentUrl":"https:\/\/secure.gravatar.com\/avatar\/5423b9cd77f4c7f89a124365a268866f9dfee038c17fe9e37afd92b5920d810e?s=96&d=mm&r=g","caption":"admin"},"description":"Lorem ipsum dolor sit amet, consectetur adipiscing elit. Nam viverra euismod odio, gravida pellentesque urna varius vitae. Sed dui lorem, adipiscing in adipiscing et, interdum nec metus. Mauris ultricies, justo eu convallis placerat, felis enim ornare nisi, vitae mattis nulla ante id dui. Ut lectus purus, commodo et tincidunt vel, interdum sed lectus. Vestibulum adipiscing tempor nisi id elementi.","url":"https:\/\/mula.es\/web\/author\/jose-maria-boti\/"}]}},"jetpack_publicize_connections":[],"jetpack_featured_media_url":"https:\/\/mula.es\/web\/wp-content\/uploads\/2020\/12\/Reunion-CHS-01-12-2020.jpg","jetpack_sharing_enabled":true,"jetpack_shortlink":"https:\/\/wp.me\/pa9DMY-9fe","jetpack-related-posts":[],"_links":{"self":[{"href":"https:\/\/mula.es\/web\/wp-json\/wp\/v2\/posts\/35540","targetHints":{"allow":["GET"]}}],"collection":[{"href":"https:\/\/mula.es\/web\/wp-json\/wp\/v2\/posts"}],"about":[{"href":"https:\/\/mula.es\/web\/wp-json\/wp\/v2\/types\/post"}],"author":[{"embeddable":true,"href":"https:\/\/mula.es\/web\/wp-json\/wp\/v2\/users\/1"}],"replies":[{"embeddable":true,"href":"https:\/\/mula.es\/web\/wp-json\/wp\/v2\/comments?post=35540"}],"version-history":[{"count":1,"href":"https:\/\/mula.es\/web\/wp-json\/wp\/v2\/posts\/35540\/revisions"}],"predecessor-version":[{"id":35542,"href":"https:\/\/mula.es\/web\/wp-json\/wp\/v2\/posts\/35540\/revisions\/35542"}],"wp:featuredmedia":[{"embeddable":true,"href":"https:\/\/mula.es\/web\/wp-json\/wp\/v2\/media\/35541"}],"wp:attachment":[{"href":"https:\/\/mula.es\/web\/wp-json\/wp\/v2\/media?parent=35540"}],"wp:term":[{"taxonomy":"category","embeddable":true,"href":"https:\/\/mula.es\/web\/wp-json\/wp\/v2\/categories?post=35540"},{"taxonomy":"post_tag","embeddable":true,"href":"https:\/\/mula.es\/web\/wp-json\/wp\/v2\/tags?post=35540"}],"curies":[{"name":"wp","href":"https:\/\/api.w.org\/{rel}","templated":true}]}}