{"id":35577,"date":"2020-12-03T20:52:45","date_gmt":"2020-12-03T19:52:45","guid":{"rendered":"http:\/\/mula.es\/web\/?p=35577"},"modified":"2021-05-12T20:07:12","modified_gmt":"2021-05-12T18:07:12","slug":"cultura-tic-el-archivo-municipal-crea-un-canal-de-youtube-con-imagenes-de-mula-desde-1987-hasta-2013","status":"publish","type":"post","link":"https:\/\/mula.es\/web\/cultura-tic-el-archivo-municipal-crea-un-canal-de-youtube-con-imagenes-de-mula-desde-1987-hasta-2013\/","title":{"rendered":"CULTURA &#8211; TIC | El Archivo Municipal crea un canal de YouTube con im\u00e1genes de Mula desde 1987 hasta 2013"},"content":{"rendered":"<p style=\"text-align: justify;\">Las concejal\u00edas de Cultura y Tecnolog\u00edas de la Informaci\u00f3n y la Comunicaci\u00f3n, conjuntamente con el coordinador del Archivo Municipal, Antonio Gabarr\u00f3n, y el responsable de inform\u00e1tica y redes del Ayuntamiento de Mula, Jos\u00e9 Mar\u00eda Bot\u00ed, han presentado este jueves el nuevo canal de <a href=\"https:\/\/www.youtube.com\/channel\/UCJ7bXA7BHC0ZyISGTPKyJDw\">YouTube del Archivo Municipal de Mula<\/a> donde los mule\u00f1os y cualquier persona interesada pueden ya disfrutar de una parte del material audiovisual que Jos\u00e9 Lu\u00eds Pi\u00f1ero produjo para la televisi\u00f3n por cable y don\u00f3 al Archivo para su catalogaci\u00f3n, conservaci\u00f3n y difusi\u00f3n con material gr\u00e1fico de gran relevancia de los \u00faltimos 26 a\u00f1os de la vida del municipio.<\/p>\n<p style=\"text-align: justify;\">Dichas grabaciones se comenzaron a realizar para las emisiones de la televisi\u00f3n local en 1987. En 1999, debido al inter\u00e9s del comunicador para que las im\u00e1genes no se perdieran, fueron donadas al Archivo, donaciones que se prolongaron hasta 2013 y donde se registraron un conjunto de 1.678 unidades de cintas VHS y 398 DVDs.<\/p>\n<p style=\"text-align: justify;\">Actualmente se han digitalizado m\u00e1s de 900 cintas VHS, cuyo contenido se ir\u00e1 subiendo poco a poco en el canal de <a href=\"https:\/\/www.youtube.com\/channel\/UCJ7bXA7BHC0ZyISGTPKyJDw\">YouTube del Archivo Municipal<\/a> que ya cuenta con las primeras 200 cintas publicadas y a disposici\u00f3n de toda aquella persona que quiera visualizarlas.<\/p>\n<p style=\"text-align: justify;\">Durante el acto, adem\u00e1s, la familia de Jos\u00e9 Guti\u00e9rrez Moya, \u2018Josel\u00f3n\u2019, ha hecho entrega al Archivo de material de un destacado archivo audiovisual que recoge algunos de los momentos m\u00e1s importantes, fiestas, actividades deportivas, vistas de Mula y la comarca, en total una colecci\u00f3n de 216 cintas VHS que comprenden desde los a\u00f1os 1991 al 2008 y que tambi\u00e9n ser\u00e1n digitalizadas y ser\u00e1n complementarias al archivo existente.<\/p>\n<p style=\"text-align: justify;\">Todo este material gr\u00e1fico forma ya parte del patrimonio visual de la historia de Mula, el mismo que disfrutar\u00e1n las generaciones futuras.<\/p>\n<p style=\"text-align: justify;\">El concejal de Tecnolog\u00edas de la Informaci\u00f3n y la Comunicaci\u00f3n, Pedro Aurelio Llamas, ha querido mostrar un enorme agradecimiento tanto a Jos\u00e9 Luis Pi\u00f1ero como a la familia de Jos\u00e9 Guti\u00e9rrez por la cesi\u00f3n del archivo as\u00ed como animar a quienes posean este tipo de materiales en que conf\u00eden en el Archivo como lugar m\u00e1s seguro para su conservaci\u00f3n y protecci\u00f3n.<\/p>\n<p style=\"text-align: justify;\">El concejal de Cultura, Diego Boluda, ha agradecido la labor invisible y laboriosa de los t\u00e9cnicos municipales para que este proyecto sea posible, destacando que el objetivo es poner a disposici\u00f3n de toda la ciudadan\u00eda este tipo de material, ya que resulta muy interesante para la poblaci\u00f3n. Desde ambas concejal\u00edas ya se trabaja conjuntamente en otros proyectos con el Archivo Municipal que ver\u00e1n su fruto en los pr\u00f3ximos meses.<\/p>\n","protected":false},"excerpt":{"rendered":"<p>Las concejal\u00edas de Cultura y Tecnolog\u00edas de la Informaci\u00f3n y la Comunicaci\u00f3n, conjuntamente con el coordinador del Archivo Municipal, Antonio Gabarr\u00f3n, y el responsable de inform\u00e1tica y redes del Ayuntamiento de Mula, Jos\u00e9 Mar\u00eda Bot\u00ed, han presentado este jueves el nuevo canal de YouTube del Archivo Municipal de Mula donde los mule\u00f1os y cualquier persona  [&#8230;]<\/p>\n","protected":false},"author":1,"featured_media":35578,"comment_status":"closed","ping_status":"closed","sticky":false,"template":"","format":"standard","meta":{"jetpack_post_was_ever_published":false,"_jetpack_newsletter_access":"","_jetpack_dont_email_post_to_subs":false,"_jetpack_newsletter_tier_id":0,"_jetpack_memberships_contains_paywalled_content":false,"_jetpack_memberships_contains_paid_content":false,"footnotes":"","jetpack_publicize_message":"","jetpack_publicize_feature_enabled":true,"jetpack_social_post_already_shared":false,"jetpack_social_options":{"image_generator_settings":{"template":"highway","default_image_id":0,"font":"","enabled":false},"version":2}},"categories":[604,92,185,680,712,689],"tags":[],"class_list":["post-35577","post","type-post","status-publish","format-standard","has-post-thumbnail","hentry","category-archivo","category-nuevas-tecnologias","category-tecnologia","category-tecnologias-de-la-informacion-y-la-comunicacion","category-tecnologias-de-lnformacion-y-la-comunicacion","category-tic"],"yoast_head":"<!-- This site is optimized with the Yoast SEO plugin v27.4 - https:\/\/yoast.com\/product\/yoast-seo-wordpress\/ -->\n<title>CULTURA - TIC | El Archivo Municipal crea un canal de YouTube con im\u00e1genes de Mula desde 1987 hasta 2013 - Ayuntamiento de Mula<\/title>\n<meta name=\"robots\" content=\"index, follow, max-snippet:-1, max-image-preview:large, max-video-preview:-1\" \/>\n<link rel=\"canonical\" href=\"https:\/\/mula.es\/web\/cultura-tic-el-archivo-municipal-crea-un-canal-de-youtube-con-imagenes-de-mula-desde-1987-hasta-2013\/\" \/>\n<meta property=\"og:locale\" content=\"es_ES\" \/>\n<meta property=\"og:type\" content=\"article\" \/>\n<meta property=\"og:title\" content=\"CULTURA - TIC | El Archivo Municipal crea un canal de YouTube con im\u00e1genes de Mula desde 1987 hasta 2013 - Ayuntamiento de Mula\" \/>\n<meta property=\"og:description\" content=\"Las concejal\u00edas de Cultura y Tecnolog\u00edas de la Informaci\u00f3n y la Comunicaci\u00f3n, conjuntamente con el coordinador del Archivo Municipal, Antonio Gabarr\u00f3n, y el responsable de inform\u00e1tica y redes del Ayuntamiento de Mula, Jos\u00e9 Mar\u00eda Bot\u00ed, han presentado este jueves el nuevo canal de YouTube del Archivo Municipal de Mula donde los mule\u00f1os y cualquier persona [...]\" \/>\n<meta property=\"og:url\" content=\"https:\/\/mula.es\/web\/cultura-tic-el-archivo-municipal-crea-un-canal-de-youtube-con-imagenes-de-mula-desde-1987-hasta-2013\/\" \/>\n<meta property=\"og:site_name\" content=\"Ayuntamiento de Mula\" \/>\n<meta property=\"article:published_time\" content=\"2020-12-03T19:52:45+00:00\" \/>\n<meta property=\"article:modified_time\" content=\"2021-05-12T18:07:12+00:00\" \/>\n<meta property=\"og:image\" content=\"https:\/\/i0.wp.com\/mula.es\/web\/wp-content\/uploads\/2020\/12\/Digitalizacion-video-archivo-Mula.jpg?fit=1024%2C768&ssl=1\" \/>\n\t<meta property=\"og:image:width\" content=\"1024\" \/>\n\t<meta property=\"og:image:height\" content=\"768\" \/>\n\t<meta property=\"og:image:type\" content=\"image\/jpeg\" \/>\n<meta name=\"author\" content=\"admin\" \/>\n<meta name=\"twitter:card\" content=\"summary_large_image\" \/>\n<meta name=\"twitter:image\" content=\"https:\/\/mula.es\/web\/wp-content\/uploads\/2020\/06\/escudo-cuadrado-e1591045058235.jpg\" \/>\n<meta name=\"twitter:creator\" content=\"@AyuntamientMula\" \/>\n<meta name=\"twitter:site\" content=\"@AyuntamientMula\" \/>\n<meta name=\"twitter:label1\" content=\"Escrito por\" \/>\n\t<meta name=\"twitter:data1\" content=\"admin\" \/>\n\t<meta name=\"twitter:label2\" content=\"Tiempo de lectura\" \/>\n\t<meta name=\"twitter:data2\" content=\"2 minutos\" \/>\n<script type=\"application\/ld+json\" class=\"yoast-schema-graph\">{\"@context\":\"https:\\\/\\\/schema.org\",\"@graph\":[{\"@type\":\"Article\",\"@id\":\"https:\\\/\\\/mula.es\\\/web\\\/cultura-tic-el-archivo-municipal-crea-un-canal-de-youtube-con-imagenes-de-mula-desde-1987-hasta-2013\\\/#article\",\"isPartOf\":{\"@id\":\"https:\\\/\\\/mula.es\\\/web\\\/cultura-tic-el-archivo-municipal-crea-un-canal-de-youtube-con-imagenes-de-mula-desde-1987-hasta-2013\\\/\"},\"author\":{\"name\":\"admin\",\"@id\":\"https:\\\/\\\/mula.es\\\/web\\\/#\\\/schema\\\/person\\\/a0dbffe9f4a3ed4aaebedcfef02f71a1\"},\"headline\":\"CULTURA &#8211; TIC | El Archivo Municipal crea un canal de YouTube con im\u00e1genes de Mula desde 1987 hasta 2013\",\"datePublished\":\"2020-12-03T19:52:45+00:00\",\"dateModified\":\"2021-05-12T18:07:12+00:00\",\"mainEntityOfPage\":{\"@id\":\"https:\\\/\\\/mula.es\\\/web\\\/cultura-tic-el-archivo-municipal-crea-un-canal-de-youtube-con-imagenes-de-mula-desde-1987-hasta-2013\\\/\"},\"wordCount\":474,\"image\":{\"@id\":\"https:\\\/\\\/mula.es\\\/web\\\/cultura-tic-el-archivo-municipal-crea-un-canal-de-youtube-con-imagenes-de-mula-desde-1987-hasta-2013\\\/#primaryimage\"},\"thumbnailUrl\":\"https:\\\/\\\/mula.es\\\/web\\\/wp-content\\\/uploads\\\/2020\\\/12\\\/Digitalizacion-video-archivo-Mula.jpg\",\"articleSection\":[\"archivo\",\"nuevas tecnolog\u00edas\",\"tecnolog\u00eda\",\"tecnolog\u00edas de la informaci\u00f3n y la comunicaci\u00f3n\",\"Tecnolog\u00edas de lnformaci\u00f3n y la Comunicaci\u00f3n\",\"TIC\"],\"inLanguage\":\"es\"},{\"@type\":\"WebPage\",\"@id\":\"https:\\\/\\\/mula.es\\\/web\\\/cultura-tic-el-archivo-municipal-crea-un-canal-de-youtube-con-imagenes-de-mula-desde-1987-hasta-2013\\\/\",\"url\":\"https:\\\/\\\/mula.es\\\/web\\\/cultura-tic-el-archivo-municipal-crea-un-canal-de-youtube-con-imagenes-de-mula-desde-1987-hasta-2013\\\/\",\"name\":\"CULTURA - TIC | El Archivo Municipal crea un canal de YouTube con im\u00e1genes de Mula desde 1987 hasta 2013 - Ayuntamiento de Mula\",\"isPartOf\":{\"@id\":\"https:\\\/\\\/mula.es\\\/web\\\/#website\"},\"primaryImageOfPage\":{\"@id\":\"https:\\\/\\\/mula.es\\\/web\\\/cultura-tic-el-archivo-municipal-crea-un-canal-de-youtube-con-imagenes-de-mula-desde-1987-hasta-2013\\\/#primaryimage\"},\"image\":{\"@id\":\"https:\\\/\\\/mula.es\\\/web\\\/cultura-tic-el-archivo-municipal-crea-un-canal-de-youtube-con-imagenes-de-mula-desde-1987-hasta-2013\\\/#primaryimage\"},\"thumbnailUrl\":\"https:\\\/\\\/mula.es\\\/web\\\/wp-content\\\/uploads\\\/2020\\\/12\\\/Digitalizacion-video-archivo-Mula.jpg\",\"datePublished\":\"2020-12-03T19:52:45+00:00\",\"dateModified\":\"2021-05-12T18:07:12+00:00\",\"author\":{\"@id\":\"https:\\\/\\\/mula.es\\\/web\\\/#\\\/schema\\\/person\\\/a0dbffe9f4a3ed4aaebedcfef02f71a1\"},\"breadcrumb\":{\"@id\":\"https:\\\/\\\/mula.es\\\/web\\\/cultura-tic-el-archivo-municipal-crea-un-canal-de-youtube-con-imagenes-de-mula-desde-1987-hasta-2013\\\/#breadcrumb\"},\"inLanguage\":\"es\",\"potentialAction\":[{\"@type\":\"ReadAction\",\"target\":[\"https:\\\/\\\/mula.es\\\/web\\\/cultura-tic-el-archivo-municipal-crea-un-canal-de-youtube-con-imagenes-de-mula-desde-1987-hasta-2013\\\/\"]}]},{\"@type\":\"ImageObject\",\"inLanguage\":\"es\",\"@id\":\"https:\\\/\\\/mula.es\\\/web\\\/cultura-tic-el-archivo-municipal-crea-un-canal-de-youtube-con-imagenes-de-mula-desde-1987-hasta-2013\\\/#primaryimage\",\"url\":\"https:\\\/\\\/mula.es\\\/web\\\/wp-content\\\/uploads\\\/2020\\\/12\\\/Digitalizacion-video-archivo-Mula.jpg\",\"contentUrl\":\"https:\\\/\\\/mula.es\\\/web\\\/wp-content\\\/uploads\\\/2020\\\/12\\\/Digitalizacion-video-archivo-Mula.jpg\",\"width\":1024,\"height\":768},{\"@type\":\"BreadcrumbList\",\"@id\":\"https:\\\/\\\/mula.es\\\/web\\\/cultura-tic-el-archivo-municipal-crea-un-canal-de-youtube-con-imagenes-de-mula-desde-1987-hasta-2013\\\/#breadcrumb\",\"itemListElement\":[{\"@type\":\"ListItem\",\"position\":1,\"name\":\"Portada\",\"item\":\"https:\\\/\\\/mula.es\\\/web\\\/\"},{\"@type\":\"ListItem\",\"position\":2,\"name\":\"CULTURA &#8211; TIC | El Archivo Municipal crea un canal de YouTube con im\u00e1genes de Mula desde 1987 hasta 2013\"}]},{\"@type\":\"WebSite\",\"@id\":\"https:\\\/\\\/mula.es\\\/web\\\/#website\",\"url\":\"https:\\\/\\\/mula.es\\\/web\\\/\",\"name\":\"Ayuntamiento de Mula\",\"description\":\"P\u00e1gina web del Ayuntamiento de Mula (Regi\u00f3n de Murcia)\",\"potentialAction\":[{\"@type\":\"SearchAction\",\"target\":{\"@type\":\"EntryPoint\",\"urlTemplate\":\"https:\\\/\\\/mula.es\\\/web\\\/?s={search_term_string}\"},\"query-input\":{\"@type\":\"PropertyValueSpecification\",\"valueRequired\":true,\"valueName\":\"search_term_string\"}}],\"inLanguage\":\"es\"},{\"@type\":\"Person\",\"@id\":\"https:\\\/\\\/mula.es\\\/web\\\/#\\\/schema\\\/person\\\/a0dbffe9f4a3ed4aaebedcfef02f71a1\",\"name\":\"admin\",\"image\":{\"@type\":\"ImageObject\",\"inLanguage\":\"es\",\"@id\":\"https:\\\/\\\/secure.gravatar.com\\\/avatar\\\/5423b9cd77f4c7f89a124365a268866f9dfee038c17fe9e37afd92b5920d810e?s=96&d=mm&r=g\",\"url\":\"https:\\\/\\\/secure.gravatar.com\\\/avatar\\\/5423b9cd77f4c7f89a124365a268866f9dfee038c17fe9e37afd92b5920d810e?s=96&d=mm&r=g\",\"contentUrl\":\"https:\\\/\\\/secure.gravatar.com\\\/avatar\\\/5423b9cd77f4c7f89a124365a268866f9dfee038c17fe9e37afd92b5920d810e?s=96&d=mm&r=g\",\"caption\":\"admin\"},\"description\":\"Lorem ipsum dolor sit amet, consectetur adipiscing elit. Nam viverra euismod odio, gravida pellentesque urna varius vitae. Sed dui lorem, adipiscing in adipiscing et, interdum nec metus. Mauris ultricies, justo eu convallis placerat, felis enim ornare nisi, vitae mattis nulla ante id dui. Ut lectus purus, commodo et tincidunt vel, interdum sed lectus. Vestibulum adipiscing tempor nisi id elementi.\",\"url\":\"https:\\\/\\\/mula.es\\\/web\\\/author\\\/jose-maria-boti\\\/\"}]}<\/script>\n<!-- \/ Yoast SEO plugin. -->","yoast_head_json":{"title":"CULTURA - TIC | El Archivo Municipal crea un canal de YouTube con im\u00e1genes de Mula desde 1987 hasta 2013 - Ayuntamiento de Mula","robots":{"index":"index","follow":"follow","max-snippet":"max-snippet:-1","max-image-preview":"max-image-preview:large","max-video-preview":"max-video-preview:-1"},"canonical":"https:\/\/mula.es\/web\/cultura-tic-el-archivo-municipal-crea-un-canal-de-youtube-con-imagenes-de-mula-desde-1987-hasta-2013\/","og_locale":"es_ES","og_type":"article","og_title":"CULTURA - TIC | El Archivo Municipal crea un canal de YouTube con im\u00e1genes de Mula desde 1987 hasta 2013 - Ayuntamiento de Mula","og_description":"Las concejal\u00edas de Cultura y Tecnolog\u00edas de la Informaci\u00f3n y la Comunicaci\u00f3n, conjuntamente con el coordinador del Archivo Municipal, Antonio Gabarr\u00f3n, y el responsable de inform\u00e1tica y redes del Ayuntamiento de Mula, Jos\u00e9 Mar\u00eda Bot\u00ed, han presentado este jueves el nuevo canal de YouTube del Archivo Municipal de Mula donde los mule\u00f1os y cualquier persona [...]","og_url":"https:\/\/mula.es\/web\/cultura-tic-el-archivo-municipal-crea-un-canal-de-youtube-con-imagenes-de-mula-desde-1987-hasta-2013\/","og_site_name":"Ayuntamiento de Mula","article_published_time":"2020-12-03T19:52:45+00:00","article_modified_time":"2021-05-12T18:07:12+00:00","og_image":[{"width":1024,"height":768,"url":"https:\/\/i0.wp.com\/mula.es\/web\/wp-content\/uploads\/2020\/12\/Digitalizacion-video-archivo-Mula.jpg?fit=1024%2C768&ssl=1","type":"image\/jpeg"}],"author":"admin","twitter_card":"summary_large_image","twitter_image":"https:\/\/mula.es\/web\/wp-content\/uploads\/2020\/06\/escudo-cuadrado-e1591045058235.jpg","twitter_creator":"@AyuntamientMula","twitter_site":"@AyuntamientMula","twitter_misc":{"Escrito por":"admin","Tiempo de lectura":"2 minutos"},"schema":{"@context":"https:\/\/schema.org","@graph":[{"@type":"Article","@id":"https:\/\/mula.es\/web\/cultura-tic-el-archivo-municipal-crea-un-canal-de-youtube-con-imagenes-de-mula-desde-1987-hasta-2013\/#article","isPartOf":{"@id":"https:\/\/mula.es\/web\/cultura-tic-el-archivo-municipal-crea-un-canal-de-youtube-con-imagenes-de-mula-desde-1987-hasta-2013\/"},"author":{"name":"admin","@id":"https:\/\/mula.es\/web\/#\/schema\/person\/a0dbffe9f4a3ed4aaebedcfef02f71a1"},"headline":"CULTURA &#8211; TIC | El Archivo Municipal crea un canal de YouTube con im\u00e1genes de Mula desde 1987 hasta 2013","datePublished":"2020-12-03T19:52:45+00:00","dateModified":"2021-05-12T18:07:12+00:00","mainEntityOfPage":{"@id":"https:\/\/mula.es\/web\/cultura-tic-el-archivo-municipal-crea-un-canal-de-youtube-con-imagenes-de-mula-desde-1987-hasta-2013\/"},"wordCount":474,"image":{"@id":"https:\/\/mula.es\/web\/cultura-tic-el-archivo-municipal-crea-un-canal-de-youtube-con-imagenes-de-mula-desde-1987-hasta-2013\/#primaryimage"},"thumbnailUrl":"https:\/\/mula.es\/web\/wp-content\/uploads\/2020\/12\/Digitalizacion-video-archivo-Mula.jpg","articleSection":["archivo","nuevas tecnolog\u00edas","tecnolog\u00eda","tecnolog\u00edas de la informaci\u00f3n y la comunicaci\u00f3n","Tecnolog\u00edas de lnformaci\u00f3n y la Comunicaci\u00f3n","TIC"],"inLanguage":"es"},{"@type":"WebPage","@id":"https:\/\/mula.es\/web\/cultura-tic-el-archivo-municipal-crea-un-canal-de-youtube-con-imagenes-de-mula-desde-1987-hasta-2013\/","url":"https:\/\/mula.es\/web\/cultura-tic-el-archivo-municipal-crea-un-canal-de-youtube-con-imagenes-de-mula-desde-1987-hasta-2013\/","name":"CULTURA - TIC | El Archivo Municipal crea un canal de YouTube con im\u00e1genes de Mula desde 1987 hasta 2013 - Ayuntamiento de Mula","isPartOf":{"@id":"https:\/\/mula.es\/web\/#website"},"primaryImageOfPage":{"@id":"https:\/\/mula.es\/web\/cultura-tic-el-archivo-municipal-crea-un-canal-de-youtube-con-imagenes-de-mula-desde-1987-hasta-2013\/#primaryimage"},"image":{"@id":"https:\/\/mula.es\/web\/cultura-tic-el-archivo-municipal-crea-un-canal-de-youtube-con-imagenes-de-mula-desde-1987-hasta-2013\/#primaryimage"},"thumbnailUrl":"https:\/\/mula.es\/web\/wp-content\/uploads\/2020\/12\/Digitalizacion-video-archivo-Mula.jpg","datePublished":"2020-12-03T19:52:45+00:00","dateModified":"2021-05-12T18:07:12+00:00","author":{"@id":"https:\/\/mula.es\/web\/#\/schema\/person\/a0dbffe9f4a3ed4aaebedcfef02f71a1"},"breadcrumb":{"@id":"https:\/\/mula.es\/web\/cultura-tic-el-archivo-municipal-crea-un-canal-de-youtube-con-imagenes-de-mula-desde-1987-hasta-2013\/#breadcrumb"},"inLanguage":"es","potentialAction":[{"@type":"ReadAction","target":["https:\/\/mula.es\/web\/cultura-tic-el-archivo-municipal-crea-un-canal-de-youtube-con-imagenes-de-mula-desde-1987-hasta-2013\/"]}]},{"@type":"ImageObject","inLanguage":"es","@id":"https:\/\/mula.es\/web\/cultura-tic-el-archivo-municipal-crea-un-canal-de-youtube-con-imagenes-de-mula-desde-1987-hasta-2013\/#primaryimage","url":"https:\/\/mula.es\/web\/wp-content\/uploads\/2020\/12\/Digitalizacion-video-archivo-Mula.jpg","contentUrl":"https:\/\/mula.es\/web\/wp-content\/uploads\/2020\/12\/Digitalizacion-video-archivo-Mula.jpg","width":1024,"height":768},{"@type":"BreadcrumbList","@id":"https:\/\/mula.es\/web\/cultura-tic-el-archivo-municipal-crea-un-canal-de-youtube-con-imagenes-de-mula-desde-1987-hasta-2013\/#breadcrumb","itemListElement":[{"@type":"ListItem","position":1,"name":"Portada","item":"https:\/\/mula.es\/web\/"},{"@type":"ListItem","position":2,"name":"CULTURA &#8211; TIC | El Archivo Municipal crea un canal de YouTube con im\u00e1genes de Mula desde 1987 hasta 2013"}]},{"@type":"WebSite","@id":"https:\/\/mula.es\/web\/#website","url":"https:\/\/mula.es\/web\/","name":"Ayuntamiento de Mula","description":"P\u00e1gina web del Ayuntamiento de Mula (Regi\u00f3n de Murcia)","potentialAction":[{"@type":"SearchAction","target":{"@type":"EntryPoint","urlTemplate":"https:\/\/mula.es\/web\/?s={search_term_string}"},"query-input":{"@type":"PropertyValueSpecification","valueRequired":true,"valueName":"search_term_string"}}],"inLanguage":"es"},{"@type":"Person","@id":"https:\/\/mula.es\/web\/#\/schema\/person\/a0dbffe9f4a3ed4aaebedcfef02f71a1","name":"admin","image":{"@type":"ImageObject","inLanguage":"es","@id":"https:\/\/secure.gravatar.com\/avatar\/5423b9cd77f4c7f89a124365a268866f9dfee038c17fe9e37afd92b5920d810e?s=96&d=mm&r=g","url":"https:\/\/secure.gravatar.com\/avatar\/5423b9cd77f4c7f89a124365a268866f9dfee038c17fe9e37afd92b5920d810e?s=96&d=mm&r=g","contentUrl":"https:\/\/secure.gravatar.com\/avatar\/5423b9cd77f4c7f89a124365a268866f9dfee038c17fe9e37afd92b5920d810e?s=96&d=mm&r=g","caption":"admin"},"description":"Lorem ipsum dolor sit amet, consectetur adipiscing elit. Nam viverra euismod odio, gravida pellentesque urna varius vitae. Sed dui lorem, adipiscing in adipiscing et, interdum nec metus. Mauris ultricies, justo eu convallis placerat, felis enim ornare nisi, vitae mattis nulla ante id dui. Ut lectus purus, commodo et tincidunt vel, interdum sed lectus. Vestibulum adipiscing tempor nisi id elementi.","url":"https:\/\/mula.es\/web\/author\/jose-maria-boti\/"}]}},"jetpack_publicize_connections":[],"jetpack_featured_media_url":"https:\/\/mula.es\/web\/wp-content\/uploads\/2020\/12\/Digitalizacion-video-archivo-Mula.jpg","jetpack_sharing_enabled":true,"jetpack_shortlink":"https:\/\/wp.me\/pa9DMY-9fP","jetpack-related-posts":[],"_links":{"self":[{"href":"https:\/\/mula.es\/web\/wp-json\/wp\/v2\/posts\/35577","targetHints":{"allow":["GET"]}}],"collection":[{"href":"https:\/\/mula.es\/web\/wp-json\/wp\/v2\/posts"}],"about":[{"href":"https:\/\/mula.es\/web\/wp-json\/wp\/v2\/types\/post"}],"author":[{"embeddable":true,"href":"https:\/\/mula.es\/web\/wp-json\/wp\/v2\/users\/1"}],"replies":[{"embeddable":true,"href":"https:\/\/mula.es\/web\/wp-json\/wp\/v2\/comments?post=35577"}],"version-history":[{"count":4,"href":"https:\/\/mula.es\/web\/wp-json\/wp\/v2\/posts\/35577\/revisions"}],"predecessor-version":[{"id":35583,"href":"https:\/\/mula.es\/web\/wp-json\/wp\/v2\/posts\/35577\/revisions\/35583"}],"wp:featuredmedia":[{"embeddable":true,"href":"https:\/\/mula.es\/web\/wp-json\/wp\/v2\/media\/35578"}],"wp:attachment":[{"href":"https:\/\/mula.es\/web\/wp-json\/wp\/v2\/media?parent=35577"}],"wp:term":[{"taxonomy":"category","embeddable":true,"href":"https:\/\/mula.es\/web\/wp-json\/wp\/v2\/categories?post=35577"},{"taxonomy":"post_tag","embeddable":true,"href":"https:\/\/mula.es\/web\/wp-json\/wp\/v2\/tags?post=35577"}],"curies":[{"name":"wp","href":"https:\/\/api.w.org\/{rel}","templated":true}]}}