{"id":35840,"date":"2020-12-21T15:54:27","date_gmt":"2020-12-21T14:54:27","guid":{"rendered":"http:\/\/mula.es\/web\/?p=35840"},"modified":"2021-05-12T20:07:01","modified_gmt":"2021-05-12T18:07:01","slug":"comercio-gran-acogida-del-tradicional-mercadillo-de-navidad","status":"publish","type":"post","link":"https:\/\/mula.es\/web\/comercio-gran-acogida-del-tradicional-mercadillo-de-navidad\/","title":{"rendered":"COMERCIO | Gran acogida del tradicional Mercadillo de Navidad"},"content":{"rendered":"<p>Gran acogida del Mercadillo de Navidad que se celebra en Mula durante la jornada de este domingo en el Paseo de la Glorieta y sus calles adyacentes. Hasta una veintena de puestos entre dulces, embutidos, pan y productos artesanos a los que se han unido un importante n\u00famero de comercios del municipio se dan cita en este tradicional mercadillo previo a los d\u00edas festivos, una oportunidad para disfrutar de los productos t\u00edpicos de estas fechas y realizar las \u00faltimas compras navide\u00f1as.<\/p>\n<p>El alcalde de Mula, Juan Jes\u00fas Moreno, junto a miembros del equipo de Gobierno, han visitado las instalaciones del mercadillo y animado a los artesanos y comerciantes a seguir trabajando como hasta ahora y acogerse a las propuestas que desde el consistorio se est\u00e1n realizando para fomentar las compras en el comercio local.<\/p>\n<p>Las instalaciones se han adaptado en el entorno del Convento de San Francisco para poder garantizar todas las medidas de seguridad y animar a los vecinos a pasar un d\u00eda de disfrute al aire libre, visitar los establecimientos de hosteler\u00eda y participar en las distintas actividades.<\/p>\n<p>Durante su estancia en el mercadillo tuvieron la oportunidad de visitar a Papa Noel que se encontraba en el patio del Convento de San Francisco para recoger las cartas de los ni\u00f1os mule\u00f1os.<\/p>\n<p>El Mercadillo acog\u00eda, adem\u00e1s, un espect\u00e1culo teatralizado infantil para animar a los ni\u00f1os durante la ma\u00f1ana y facilitar a los papas poder hacer sus compras.<\/p>\n<p>La jornada en Mula se complet\u00f3 el domingo con la visita al yacimiento de Villaricos y una ruta por las iglesias.<\/p>\n<p><a href=\"https:\/\/mula.es\/web\/wp-content\/uploads\/2020\/12\/Mercadillo-Navidad-2.jpg\"><img decoding=\"async\" data-attachment-id=\"35842\" data-permalink=\"https:\/\/mula.es\/web\/comercio-gran-acogida-del-tradicional-mercadillo-de-navidad\/mercadillo-navidad-2\/\" data-orig-file=\"https:\/\/mula.es\/web\/wp-content\/uploads\/2020\/12\/Mercadillo-Navidad-2.jpg\" data-orig-size=\"1280,957\" data-comments-opened=\"0\" data-image-meta=\"{&quot;aperture&quot;:&quot;0&quot;,&quot;credit&quot;:&quot;&quot;,&quot;camera&quot;:&quot;&quot;,&quot;caption&quot;:&quot;&quot;,&quot;created_timestamp&quot;:&quot;0&quot;,&quot;copyright&quot;:&quot;&quot;,&quot;focal_length&quot;:&quot;0&quot;,&quot;iso&quot;:&quot;0&quot;,&quot;shutter_speed&quot;:&quot;0&quot;,&quot;title&quot;:&quot;&quot;,&quot;orientation&quot;:&quot;0&quot;}\" data-image-title=\"Mercadillo Navidad 2\" data-image-description=\"\" data-image-caption=\"\" data-large-file=\"https:\/\/mula.es\/web\/wp-content\/uploads\/2020\/12\/Mercadillo-Navidad-2-1024x766.jpg\" class=\"aligncenter size-large wp-image-35842\" src=\"https:\/\/mula.es\/web\/wp-content\/uploads\/2020\/12\/Mercadillo-Navidad-2-1024x766.jpg\" alt=\"\" width=\"1024\" height=\"766\" srcset=\"https:\/\/mula.es\/web\/wp-content\/uploads\/2020\/12\/Mercadillo-Navidad-2-200x150.jpg 200w, https:\/\/mula.es\/web\/wp-content\/uploads\/2020\/12\/Mercadillo-Navidad-2-300x224.jpg 300w, https:\/\/mula.es\/web\/wp-content\/uploads\/2020\/12\/Mercadillo-Navidad-2-400x299.jpg 400w, https:\/\/mula.es\/web\/wp-content\/uploads\/2020\/12\/Mercadillo-Navidad-2-600x449.jpg 600w, https:\/\/mula.es\/web\/wp-content\/uploads\/2020\/12\/Mercadillo-Navidad-2-768x574.jpg 768w, https:\/\/mula.es\/web\/wp-content\/uploads\/2020\/12\/Mercadillo-Navidad-2-800x598.jpg 800w, https:\/\/mula.es\/web\/wp-content\/uploads\/2020\/12\/Mercadillo-Navidad-2-1024x766.jpg 1024w, https:\/\/mula.es\/web\/wp-content\/uploads\/2020\/12\/Mercadillo-Navidad-2-1200x897.jpg 1200w, https:\/\/mula.es\/web\/wp-content\/uploads\/2020\/12\/Mercadillo-Navidad-2.jpg 1280w\" sizes=\"(max-width: 1024px) 100vw, 1024px\" \/><\/a><\/p>\n","protected":false},"excerpt":{"rendered":"<p>Gran acogida del Mercadillo de Navidad que se celebra en Mula durante la jornada de este domingo en el Paseo de la Glorieta y sus calles adyacentes. Hasta una veintena de puestos entre dulces, embutidos, pan y productos artesanos a los que se han unido un importante n\u00famero de comercios del municipio se dan cita  [&#8230;]<\/p>\n","protected":false},"author":1,"featured_media":35841,"comment_status":"closed","ping_status":"closed","sticky":false,"template":"","format":"standard","meta":{"jetpack_post_was_ever_published":false,"_jetpack_newsletter_access":"","_jetpack_dont_email_post_to_subs":false,"_jetpack_newsletter_tier_id":0,"_jetpack_memberships_contains_paywalled_content":false,"_jetpack_memberships_contains_paid_content":false,"footnotes":"","jetpack_publicize_message":"","jetpack_publicize_feature_enabled":true,"jetpack_social_post_already_shared":false,"jetpack_social_options":{"image_generator_settings":{"template":"highway","default_image_id":0,"font":"","enabled":false},"version":2}},"categories":[164,336],"tags":[],"class_list":["post-35840","post","type-post","status-publish","format-standard","has-post-thumbnail","hentry","category-comercio","category-navidad"],"yoast_head":"<!-- This site is optimized with the Yoast SEO plugin v27.5 - https:\/\/yoast.com\/product\/yoast-seo-wordpress\/ -->\n<title>COMERCIO | Gran acogida del tradicional Mercadillo de Navidad - Ayuntamiento de Mula<\/title>\n<meta name=\"robots\" content=\"index, follow, max-snippet:-1, max-image-preview:large, max-video-preview:-1\" \/>\n<link rel=\"canonical\" href=\"https:\/\/mula.es\/web\/comercio-gran-acogida-del-tradicional-mercadillo-de-navidad\/\" \/>\n<meta property=\"og:locale\" content=\"es_ES\" \/>\n<meta property=\"og:type\" content=\"article\" \/>\n<meta property=\"og:title\" content=\"COMERCIO | Gran acogida del tradicional Mercadillo de Navidad - Ayuntamiento de Mula\" \/>\n<meta property=\"og:description\" content=\"Gran acogida del Mercadillo de Navidad que se celebra en Mula durante la jornada de este domingo en el Paseo de la Glorieta y sus calles adyacentes. Hasta una veintena de puestos entre dulces, embutidos, pan y productos artesanos a los que se han unido un importante n\u00famero de comercios del municipio se dan cita [...]\" \/>\n<meta property=\"og:url\" content=\"https:\/\/mula.es\/web\/comercio-gran-acogida-del-tradicional-mercadillo-de-navidad\/\" \/>\n<meta property=\"og:site_name\" content=\"Ayuntamiento de Mula\" \/>\n<meta property=\"article:published_time\" content=\"2020-12-21T14:54:27+00:00\" \/>\n<meta property=\"article:modified_time\" content=\"2021-05-12T18:07:01+00:00\" \/>\n<meta property=\"og:image\" content=\"https:\/\/i0.wp.com\/mula.es\/web\/wp-content\/uploads\/2020\/12\/Mercadillo-Navidad-1.jpg?fit=2000%2C1500&ssl=1\" \/>\n\t<meta property=\"og:image:width\" content=\"2000\" \/>\n\t<meta property=\"og:image:height\" content=\"1500\" \/>\n\t<meta property=\"og:image:type\" content=\"image\/jpeg\" \/>\n<meta name=\"author\" content=\"admin\" \/>\n<meta name=\"twitter:card\" content=\"summary_large_image\" \/>\n<meta name=\"twitter:image\" content=\"https:\/\/mula.es\/web\/wp-content\/uploads\/2020\/06\/escudo-cuadrado-e1591045058235.jpg\" \/>\n<meta name=\"twitter:creator\" content=\"@AyuntamientMula\" \/>\n<meta name=\"twitter:site\" content=\"@AyuntamientMula\" \/>\n<meta name=\"twitter:label1\" content=\"Escrito por\" \/>\n\t<meta name=\"twitter:data1\" content=\"admin\" \/>\n\t<meta name=\"twitter:label2\" content=\"Tiempo de lectura\" \/>\n\t<meta name=\"twitter:data2\" content=\"1 minuto\" \/>\n<script type=\"application\/ld+json\" class=\"yoast-schema-graph\">{\"@context\":\"https:\\\/\\\/schema.org\",\"@graph\":[{\"@type\":\"Article\",\"@id\":\"https:\\\/\\\/mula.es\\\/web\\\/comercio-gran-acogida-del-tradicional-mercadillo-de-navidad\\\/#article\",\"isPartOf\":{\"@id\":\"https:\\\/\\\/mula.es\\\/web\\\/comercio-gran-acogida-del-tradicional-mercadillo-de-navidad\\\/\"},\"author\":{\"name\":\"admin\",\"@id\":\"https:\\\/\\\/mula.es\\\/web\\\/#\\\/schema\\\/person\\\/a0dbffe9f4a3ed4aaebedcfef02f71a1\"},\"headline\":\"COMERCIO | Gran acogida del tradicional Mercadillo de Navidad\",\"datePublished\":\"2020-12-21T14:54:27+00:00\",\"dateModified\":\"2021-05-12T18:07:01+00:00\",\"mainEntityOfPage\":{\"@id\":\"https:\\\/\\\/mula.es\\\/web\\\/comercio-gran-acogida-del-tradicional-mercadillo-de-navidad\\\/\"},\"wordCount\":282,\"image\":{\"@id\":\"https:\\\/\\\/mula.es\\\/web\\\/comercio-gran-acogida-del-tradicional-mercadillo-de-navidad\\\/#primaryimage\"},\"thumbnailUrl\":\"https:\\\/\\\/mula.es\\\/web\\\/wp-content\\\/uploads\\\/2020\\\/12\\\/Mercadillo-Navidad-1.jpg\",\"articleSection\":[\"comercio\",\"navidad\"],\"inLanguage\":\"es\"},{\"@type\":\"WebPage\",\"@id\":\"https:\\\/\\\/mula.es\\\/web\\\/comercio-gran-acogida-del-tradicional-mercadillo-de-navidad\\\/\",\"url\":\"https:\\\/\\\/mula.es\\\/web\\\/comercio-gran-acogida-del-tradicional-mercadillo-de-navidad\\\/\",\"name\":\"COMERCIO | Gran acogida del tradicional Mercadillo de Navidad - Ayuntamiento de Mula\",\"isPartOf\":{\"@id\":\"https:\\\/\\\/mula.es\\\/web\\\/#website\"},\"primaryImageOfPage\":{\"@id\":\"https:\\\/\\\/mula.es\\\/web\\\/comercio-gran-acogida-del-tradicional-mercadillo-de-navidad\\\/#primaryimage\"},\"image\":{\"@id\":\"https:\\\/\\\/mula.es\\\/web\\\/comercio-gran-acogida-del-tradicional-mercadillo-de-navidad\\\/#primaryimage\"},\"thumbnailUrl\":\"https:\\\/\\\/mula.es\\\/web\\\/wp-content\\\/uploads\\\/2020\\\/12\\\/Mercadillo-Navidad-1.jpg\",\"datePublished\":\"2020-12-21T14:54:27+00:00\",\"dateModified\":\"2021-05-12T18:07:01+00:00\",\"author\":{\"@id\":\"https:\\\/\\\/mula.es\\\/web\\\/#\\\/schema\\\/person\\\/a0dbffe9f4a3ed4aaebedcfef02f71a1\"},\"breadcrumb\":{\"@id\":\"https:\\\/\\\/mula.es\\\/web\\\/comercio-gran-acogida-del-tradicional-mercadillo-de-navidad\\\/#breadcrumb\"},\"inLanguage\":\"es\",\"potentialAction\":[{\"@type\":\"ReadAction\",\"target\":[\"https:\\\/\\\/mula.es\\\/web\\\/comercio-gran-acogida-del-tradicional-mercadillo-de-navidad\\\/\"]}]},{\"@type\":\"ImageObject\",\"inLanguage\":\"es\",\"@id\":\"https:\\\/\\\/mula.es\\\/web\\\/comercio-gran-acogida-del-tradicional-mercadillo-de-navidad\\\/#primaryimage\",\"url\":\"https:\\\/\\\/mula.es\\\/web\\\/wp-content\\\/uploads\\\/2020\\\/12\\\/Mercadillo-Navidad-1.jpg\",\"contentUrl\":\"https:\\\/\\\/mula.es\\\/web\\\/wp-content\\\/uploads\\\/2020\\\/12\\\/Mercadillo-Navidad-1.jpg\",\"width\":2000,\"height\":1500},{\"@type\":\"BreadcrumbList\",\"@id\":\"https:\\\/\\\/mula.es\\\/web\\\/comercio-gran-acogida-del-tradicional-mercadillo-de-navidad\\\/#breadcrumb\",\"itemListElement\":[{\"@type\":\"ListItem\",\"position\":1,\"name\":\"Portada\",\"item\":\"https:\\\/\\\/mula.es\\\/web\\\/\"},{\"@type\":\"ListItem\",\"position\":2,\"name\":\"COMERCIO | Gran acogida del tradicional Mercadillo de Navidad\"}]},{\"@type\":\"WebSite\",\"@id\":\"https:\\\/\\\/mula.es\\\/web\\\/#website\",\"url\":\"https:\\\/\\\/mula.es\\\/web\\\/\",\"name\":\"Ayuntamiento de Mula\",\"description\":\"P\u00e1gina web del Ayuntamiento de Mula (Regi\u00f3n de Murcia)\",\"potentialAction\":[{\"@type\":\"SearchAction\",\"target\":{\"@type\":\"EntryPoint\",\"urlTemplate\":\"https:\\\/\\\/mula.es\\\/web\\\/?s={search_term_string}\"},\"query-input\":{\"@type\":\"PropertyValueSpecification\",\"valueRequired\":true,\"valueName\":\"search_term_string\"}}],\"inLanguage\":\"es\"},{\"@type\":\"Person\",\"@id\":\"https:\\\/\\\/mula.es\\\/web\\\/#\\\/schema\\\/person\\\/a0dbffe9f4a3ed4aaebedcfef02f71a1\",\"name\":\"admin\",\"image\":{\"@type\":\"ImageObject\",\"inLanguage\":\"es\",\"@id\":\"https:\\\/\\\/secure.gravatar.com\\\/avatar\\\/5423b9cd77f4c7f89a124365a268866f9dfee038c17fe9e37afd92b5920d810e?s=96&d=mm&r=g\",\"url\":\"https:\\\/\\\/secure.gravatar.com\\\/avatar\\\/5423b9cd77f4c7f89a124365a268866f9dfee038c17fe9e37afd92b5920d810e?s=96&d=mm&r=g\",\"contentUrl\":\"https:\\\/\\\/secure.gravatar.com\\\/avatar\\\/5423b9cd77f4c7f89a124365a268866f9dfee038c17fe9e37afd92b5920d810e?s=96&d=mm&r=g\",\"caption\":\"admin\"},\"description\":\"Lorem ipsum dolor sit amet, consectetur adipiscing elit. Nam viverra euismod odio, gravida pellentesque urna varius vitae. Sed dui lorem, adipiscing in adipiscing et, interdum nec metus. Mauris ultricies, justo eu convallis placerat, felis enim ornare nisi, vitae mattis nulla ante id dui. Ut lectus purus, commodo et tincidunt vel, interdum sed lectus. Vestibulum adipiscing tempor nisi id elementi.\",\"url\":\"https:\\\/\\\/mula.es\\\/web\\\/author\\\/jose-maria-boti\\\/\"}]}<\/script>\n<!-- \/ Yoast SEO plugin. -->","yoast_head_json":{"title":"COMERCIO | Gran acogida del tradicional Mercadillo de Navidad - Ayuntamiento de Mula","robots":{"index":"index","follow":"follow","max-snippet":"max-snippet:-1","max-image-preview":"max-image-preview:large","max-video-preview":"max-video-preview:-1"},"canonical":"https:\/\/mula.es\/web\/comercio-gran-acogida-del-tradicional-mercadillo-de-navidad\/","og_locale":"es_ES","og_type":"article","og_title":"COMERCIO | Gran acogida del tradicional Mercadillo de Navidad - Ayuntamiento de Mula","og_description":"Gran acogida del Mercadillo de Navidad que se celebra en Mula durante la jornada de este domingo en el Paseo de la Glorieta y sus calles adyacentes. Hasta una veintena de puestos entre dulces, embutidos, pan y productos artesanos a los que se han unido un importante n\u00famero de comercios del municipio se dan cita [...]","og_url":"https:\/\/mula.es\/web\/comercio-gran-acogida-del-tradicional-mercadillo-de-navidad\/","og_site_name":"Ayuntamiento de Mula","article_published_time":"2020-12-21T14:54:27+00:00","article_modified_time":"2021-05-12T18:07:01+00:00","og_image":[{"width":2000,"height":1500,"url":"https:\/\/i0.wp.com\/mula.es\/web\/wp-content\/uploads\/2020\/12\/Mercadillo-Navidad-1.jpg?fit=2000%2C1500&ssl=1","type":"image\/jpeg"}],"author":"admin","twitter_card":"summary_large_image","twitter_image":"https:\/\/mula.es\/web\/wp-content\/uploads\/2020\/06\/escudo-cuadrado-e1591045058235.jpg","twitter_creator":"@AyuntamientMula","twitter_site":"@AyuntamientMula","twitter_misc":{"Escrito por":"admin","Tiempo de lectura":"1 minuto"},"schema":{"@context":"https:\/\/schema.org","@graph":[{"@type":"Article","@id":"https:\/\/mula.es\/web\/comercio-gran-acogida-del-tradicional-mercadillo-de-navidad\/#article","isPartOf":{"@id":"https:\/\/mula.es\/web\/comercio-gran-acogida-del-tradicional-mercadillo-de-navidad\/"},"author":{"name":"admin","@id":"https:\/\/mula.es\/web\/#\/schema\/person\/a0dbffe9f4a3ed4aaebedcfef02f71a1"},"headline":"COMERCIO | Gran acogida del tradicional Mercadillo de Navidad","datePublished":"2020-12-21T14:54:27+00:00","dateModified":"2021-05-12T18:07:01+00:00","mainEntityOfPage":{"@id":"https:\/\/mula.es\/web\/comercio-gran-acogida-del-tradicional-mercadillo-de-navidad\/"},"wordCount":282,"image":{"@id":"https:\/\/mula.es\/web\/comercio-gran-acogida-del-tradicional-mercadillo-de-navidad\/#primaryimage"},"thumbnailUrl":"https:\/\/mula.es\/web\/wp-content\/uploads\/2020\/12\/Mercadillo-Navidad-1.jpg","articleSection":["comercio","navidad"],"inLanguage":"es"},{"@type":"WebPage","@id":"https:\/\/mula.es\/web\/comercio-gran-acogida-del-tradicional-mercadillo-de-navidad\/","url":"https:\/\/mula.es\/web\/comercio-gran-acogida-del-tradicional-mercadillo-de-navidad\/","name":"COMERCIO | Gran acogida del tradicional Mercadillo de Navidad - Ayuntamiento de Mula","isPartOf":{"@id":"https:\/\/mula.es\/web\/#website"},"primaryImageOfPage":{"@id":"https:\/\/mula.es\/web\/comercio-gran-acogida-del-tradicional-mercadillo-de-navidad\/#primaryimage"},"image":{"@id":"https:\/\/mula.es\/web\/comercio-gran-acogida-del-tradicional-mercadillo-de-navidad\/#primaryimage"},"thumbnailUrl":"https:\/\/mula.es\/web\/wp-content\/uploads\/2020\/12\/Mercadillo-Navidad-1.jpg","datePublished":"2020-12-21T14:54:27+00:00","dateModified":"2021-05-12T18:07:01+00:00","author":{"@id":"https:\/\/mula.es\/web\/#\/schema\/person\/a0dbffe9f4a3ed4aaebedcfef02f71a1"},"breadcrumb":{"@id":"https:\/\/mula.es\/web\/comercio-gran-acogida-del-tradicional-mercadillo-de-navidad\/#breadcrumb"},"inLanguage":"es","potentialAction":[{"@type":"ReadAction","target":["https:\/\/mula.es\/web\/comercio-gran-acogida-del-tradicional-mercadillo-de-navidad\/"]}]},{"@type":"ImageObject","inLanguage":"es","@id":"https:\/\/mula.es\/web\/comercio-gran-acogida-del-tradicional-mercadillo-de-navidad\/#primaryimage","url":"https:\/\/mula.es\/web\/wp-content\/uploads\/2020\/12\/Mercadillo-Navidad-1.jpg","contentUrl":"https:\/\/mula.es\/web\/wp-content\/uploads\/2020\/12\/Mercadillo-Navidad-1.jpg","width":2000,"height":1500},{"@type":"BreadcrumbList","@id":"https:\/\/mula.es\/web\/comercio-gran-acogida-del-tradicional-mercadillo-de-navidad\/#breadcrumb","itemListElement":[{"@type":"ListItem","position":1,"name":"Portada","item":"https:\/\/mula.es\/web\/"},{"@type":"ListItem","position":2,"name":"COMERCIO | Gran acogida del tradicional Mercadillo de Navidad"}]},{"@type":"WebSite","@id":"https:\/\/mula.es\/web\/#website","url":"https:\/\/mula.es\/web\/","name":"Ayuntamiento de Mula","description":"P\u00e1gina web del Ayuntamiento de Mula (Regi\u00f3n de Murcia)","potentialAction":[{"@type":"SearchAction","target":{"@type":"EntryPoint","urlTemplate":"https:\/\/mula.es\/web\/?s={search_term_string}"},"query-input":{"@type":"PropertyValueSpecification","valueRequired":true,"valueName":"search_term_string"}}],"inLanguage":"es"},{"@type":"Person","@id":"https:\/\/mula.es\/web\/#\/schema\/person\/a0dbffe9f4a3ed4aaebedcfef02f71a1","name":"admin","image":{"@type":"ImageObject","inLanguage":"es","@id":"https:\/\/secure.gravatar.com\/avatar\/5423b9cd77f4c7f89a124365a268866f9dfee038c17fe9e37afd92b5920d810e?s=96&d=mm&r=g","url":"https:\/\/secure.gravatar.com\/avatar\/5423b9cd77f4c7f89a124365a268866f9dfee038c17fe9e37afd92b5920d810e?s=96&d=mm&r=g","contentUrl":"https:\/\/secure.gravatar.com\/avatar\/5423b9cd77f4c7f89a124365a268866f9dfee038c17fe9e37afd92b5920d810e?s=96&d=mm&r=g","caption":"admin"},"description":"Lorem ipsum dolor sit amet, consectetur adipiscing elit. Nam viverra euismod odio, gravida pellentesque urna varius vitae. Sed dui lorem, adipiscing in adipiscing et, interdum nec metus. Mauris ultricies, justo eu convallis placerat, felis enim ornare nisi, vitae mattis nulla ante id dui. Ut lectus purus, commodo et tincidunt vel, interdum sed lectus. Vestibulum adipiscing tempor nisi id elementi.","url":"https:\/\/mula.es\/web\/author\/jose-maria-boti\/"}]}},"jetpack_publicize_connections":[],"jetpack_featured_media_url":"https:\/\/mula.es\/web\/wp-content\/uploads\/2020\/12\/Mercadillo-Navidad-1.jpg","jetpack_sharing_enabled":true,"jetpack_shortlink":"https:\/\/wp.me\/pa9DMY-9k4","jetpack-related-posts":[],"_links":{"self":[{"href":"https:\/\/mula.es\/web\/wp-json\/wp\/v2\/posts\/35840","targetHints":{"allow":["GET"]}}],"collection":[{"href":"https:\/\/mula.es\/web\/wp-json\/wp\/v2\/posts"}],"about":[{"href":"https:\/\/mula.es\/web\/wp-json\/wp\/v2\/types\/post"}],"author":[{"embeddable":true,"href":"https:\/\/mula.es\/web\/wp-json\/wp\/v2\/users\/1"}],"replies":[{"embeddable":true,"href":"https:\/\/mula.es\/web\/wp-json\/wp\/v2\/comments?post=35840"}],"version-history":[{"count":1,"href":"https:\/\/mula.es\/web\/wp-json\/wp\/v2\/posts\/35840\/revisions"}],"predecessor-version":[{"id":35843,"href":"https:\/\/mula.es\/web\/wp-json\/wp\/v2\/posts\/35840\/revisions\/35843"}],"wp:featuredmedia":[{"embeddable":true,"href":"https:\/\/mula.es\/web\/wp-json\/wp\/v2\/media\/35841"}],"wp:attachment":[{"href":"https:\/\/mula.es\/web\/wp-json\/wp\/v2\/media?parent=35840"}],"wp:term":[{"taxonomy":"category","embeddable":true,"href":"https:\/\/mula.es\/web\/wp-json\/wp\/v2\/categories?post=35840"},{"taxonomy":"post_tag","embeddable":true,"href":"https:\/\/mula.es\/web\/wp-json\/wp\/v2\/tags?post=35840"}],"curies":[{"name":"wp","href":"https:\/\/api.w.org\/{rel}","templated":true}]}}