{"id":35844,"date":"2020-12-21T15:59:00","date_gmt":"2020-12-21T14:59:00","guid":{"rendered":"http:\/\/mula.es\/web\/?p=35844"},"modified":"2021-05-12T20:07:01","modified_gmt":"2021-05-12T18:07:01","slug":"cultura-el-teatro-lope-de-vega-acoge-el-tradicional-concierto-de-navidad-de-la-agrupacion-musical-mulena","status":"publish","type":"post","link":"https:\/\/mula.es\/web\/cultura-el-teatro-lope-de-vega-acoge-el-tradicional-concierto-de-navidad-de-la-agrupacion-musical-mulena\/","title":{"rendered":"CULTURA | El Teatro Lope de Vega acoge el tradicional concierto de Navidad de la Agrupaci\u00f3n Musical Mule\u00f1a"},"content":{"rendered":"<p>La Agrupaci\u00f3n Musical Mule\u00f1a ofrec\u00eda este domingo, en el Teatro Lope de Vega, y bajo la direcci\u00f3n de David Piqueras Gilar, su tradicional Concierto de Navidad.<\/p>\n<p>Participaban en el concierto el Grupo de Saxofones y el Grupo de Metales y Percusi\u00f3n en un gran espect\u00e1culo que agradaba enormemente a todos los asistentes.<\/p>\n<p>El alcalde de Mula, Juan Jes\u00fas Moreno, acompa\u00f1ado por algunos de los concejales del equipo de Gobierno, disfrutaba del tradicional concierto que la Agrupaci\u00f3n realiza previo a la llegada de Navidad.<\/p>\n<p>La Agrupaci\u00f3n Musical celebraba, adem\u00e1s, un concierto la tarde de este s\u00e1bado en la parroquia de San Miguel con la participaci\u00f3n del Grupo de Vientos y Cuerdas y el Grupo de Clarinetes.<\/p>\n","protected":false},"excerpt":{"rendered":"<p>La Agrupaci\u00f3n Musical Mule\u00f1a ofrec\u00eda este domingo, en el Teatro Lope de Vega, y bajo la direcci\u00f3n de David Piqueras Gilar, su tradicional Concierto de Navidad. Participaban en el concierto el Grupo de Saxofones y el Grupo de Metales y Percusi\u00f3n en un gran espect\u00e1culo que agradaba enormemente a todos los asistentes. El alcalde de  [&#8230;]<\/p>\n","protected":false},"author":1,"featured_media":35845,"comment_status":"closed","ping_status":"closed","sticky":false,"template":"","format":"standard","meta":{"jetpack_post_was_ever_published":false,"_jetpack_newsletter_access":"","_jetpack_dont_email_post_to_subs":false,"_jetpack_newsletter_tier_id":0,"_jetpack_memberships_contains_paywalled_content":false,"_jetpack_memberships_contains_paid_content":false,"footnotes":"","jetpack_publicize_message":"","jetpack_publicize_feature_enabled":true,"jetpack_social_post_already_shared":false,"jetpack_social_options":{"image_generator_settings":{"template":"highway","default_image_id":0,"font":"","enabled":false},"version":2}},"categories":[373,201,97],"tags":[],"class_list":["post-35844","post","type-post","status-publish","format-standard","has-post-thumbnail","hentry","category-agrupacion-musical-mulena","category-concierto","category-cultura"],"yoast_head":"<!-- This site is optimized with the Yoast SEO plugin v27.5 - https:\/\/yoast.com\/product\/yoast-seo-wordpress\/ -->\n<title>CULTURA | El Teatro Lope de Vega acoge el tradicional concierto de Navidad de la Agrupaci\u00f3n Musical Mule\u00f1a - Ayuntamiento de Mula<\/title>\n<meta name=\"robots\" content=\"index, follow, max-snippet:-1, max-image-preview:large, max-video-preview:-1\" \/>\n<link rel=\"canonical\" href=\"https:\/\/mula.es\/web\/cultura-el-teatro-lope-de-vega-acoge-el-tradicional-concierto-de-navidad-de-la-agrupacion-musical-mulena\/\" \/>\n<meta property=\"og:locale\" content=\"es_ES\" \/>\n<meta property=\"og:type\" content=\"article\" \/>\n<meta property=\"og:title\" content=\"CULTURA | El Teatro Lope de Vega acoge el tradicional concierto de Navidad de la Agrupaci\u00f3n Musical Mule\u00f1a - Ayuntamiento de Mula\" \/>\n<meta property=\"og:description\" content=\"La Agrupaci\u00f3n Musical Mule\u00f1a ofrec\u00eda este domingo, en el Teatro Lope de Vega, y bajo la direcci\u00f3n de David Piqueras Gilar, su tradicional Concierto de Navidad. Participaban en el concierto el Grupo de Saxofones y el Grupo de Metales y Percusi\u00f3n en un gran espect\u00e1culo que agradaba enormemente a todos los asistentes. El alcalde de [...]\" \/>\n<meta property=\"og:url\" content=\"https:\/\/mula.es\/web\/cultura-el-teatro-lope-de-vega-acoge-el-tradicional-concierto-de-navidad-de-la-agrupacion-musical-mulena\/\" \/>\n<meta property=\"og:site_name\" content=\"Ayuntamiento de Mula\" \/>\n<meta property=\"article:published_time\" content=\"2020-12-21T14:59:00+00:00\" \/>\n<meta property=\"article:modified_time\" content=\"2021-05-12T18:07:01+00:00\" \/>\n<meta property=\"og:image\" content=\"https:\/\/i0.wp.com\/mula.es\/web\/wp-content\/uploads\/2020\/12\/Agrupacion-Musical-Mule\u00f1a.jpg?fit=1600%2C1200&ssl=1\" \/>\n\t<meta property=\"og:image:width\" content=\"1600\" \/>\n\t<meta property=\"og:image:height\" content=\"1200\" \/>\n\t<meta property=\"og:image:type\" content=\"image\/jpeg\" \/>\n<meta name=\"author\" content=\"admin\" \/>\n<meta name=\"twitter:card\" content=\"summary_large_image\" \/>\n<meta name=\"twitter:image\" content=\"https:\/\/mula.es\/web\/wp-content\/uploads\/2020\/06\/escudo-cuadrado-e1591045058235.jpg\" \/>\n<meta name=\"twitter:creator\" content=\"@AyuntamientMula\" \/>\n<meta name=\"twitter:site\" content=\"@AyuntamientMula\" \/>\n<meta name=\"twitter:label1\" content=\"Escrito por\" \/>\n\t<meta name=\"twitter:data1\" content=\"admin\" \/>\n\t<meta name=\"twitter:label2\" content=\"Tiempo de lectura\" \/>\n\t<meta name=\"twitter:data2\" content=\"1 minuto\" \/>\n<script type=\"application\/ld+json\" class=\"yoast-schema-graph\">{\"@context\":\"https:\\\/\\\/schema.org\",\"@graph\":[{\"@type\":\"Article\",\"@id\":\"https:\\\/\\\/mula.es\\\/web\\\/cultura-el-teatro-lope-de-vega-acoge-el-tradicional-concierto-de-navidad-de-la-agrupacion-musical-mulena\\\/#article\",\"isPartOf\":{\"@id\":\"https:\\\/\\\/mula.es\\\/web\\\/cultura-el-teatro-lope-de-vega-acoge-el-tradicional-concierto-de-navidad-de-la-agrupacion-musical-mulena\\\/\"},\"author\":{\"name\":\"admin\",\"@id\":\"https:\\\/\\\/mula.es\\\/web\\\/#\\\/schema\\\/person\\\/a0dbffe9f4a3ed4aaebedcfef02f71a1\"},\"headline\":\"CULTURA | El Teatro Lope de Vega acoge el tradicional concierto de Navidad de la Agrupaci\u00f3n Musical Mule\u00f1a\",\"datePublished\":\"2020-12-21T14:59:00+00:00\",\"dateModified\":\"2021-05-12T18:07:01+00:00\",\"mainEntityOfPage\":{\"@id\":\"https:\\\/\\\/mula.es\\\/web\\\/cultura-el-teatro-lope-de-vega-acoge-el-tradicional-concierto-de-navidad-de-la-agrupacion-musical-mulena\\\/\"},\"wordCount\":147,\"image\":{\"@id\":\"https:\\\/\\\/mula.es\\\/web\\\/cultura-el-teatro-lope-de-vega-acoge-el-tradicional-concierto-de-navidad-de-la-agrupacion-musical-mulena\\\/#primaryimage\"},\"thumbnailUrl\":\"https:\\\/\\\/mula.es\\\/web\\\/wp-content\\\/uploads\\\/2020\\\/12\\\/Agrupacion-Musical-Mule\u00f1a.jpg\",\"articleSection\":[\"agrupaci\u00f3n musical mule\u00f1a\",\"concierto\",\"cultura\"],\"inLanguage\":\"es\"},{\"@type\":\"WebPage\",\"@id\":\"https:\\\/\\\/mula.es\\\/web\\\/cultura-el-teatro-lope-de-vega-acoge-el-tradicional-concierto-de-navidad-de-la-agrupacion-musical-mulena\\\/\",\"url\":\"https:\\\/\\\/mula.es\\\/web\\\/cultura-el-teatro-lope-de-vega-acoge-el-tradicional-concierto-de-navidad-de-la-agrupacion-musical-mulena\\\/\",\"name\":\"CULTURA | El Teatro Lope de Vega acoge el tradicional concierto de Navidad de la Agrupaci\u00f3n Musical Mule\u00f1a - Ayuntamiento de Mula\",\"isPartOf\":{\"@id\":\"https:\\\/\\\/mula.es\\\/web\\\/#website\"},\"primaryImageOfPage\":{\"@id\":\"https:\\\/\\\/mula.es\\\/web\\\/cultura-el-teatro-lope-de-vega-acoge-el-tradicional-concierto-de-navidad-de-la-agrupacion-musical-mulena\\\/#primaryimage\"},\"image\":{\"@id\":\"https:\\\/\\\/mula.es\\\/web\\\/cultura-el-teatro-lope-de-vega-acoge-el-tradicional-concierto-de-navidad-de-la-agrupacion-musical-mulena\\\/#primaryimage\"},\"thumbnailUrl\":\"https:\\\/\\\/mula.es\\\/web\\\/wp-content\\\/uploads\\\/2020\\\/12\\\/Agrupacion-Musical-Mule\u00f1a.jpg\",\"datePublished\":\"2020-12-21T14:59:00+00:00\",\"dateModified\":\"2021-05-12T18:07:01+00:00\",\"author\":{\"@id\":\"https:\\\/\\\/mula.es\\\/web\\\/#\\\/schema\\\/person\\\/a0dbffe9f4a3ed4aaebedcfef02f71a1\"},\"breadcrumb\":{\"@id\":\"https:\\\/\\\/mula.es\\\/web\\\/cultura-el-teatro-lope-de-vega-acoge-el-tradicional-concierto-de-navidad-de-la-agrupacion-musical-mulena\\\/#breadcrumb\"},\"inLanguage\":\"es\",\"potentialAction\":[{\"@type\":\"ReadAction\",\"target\":[\"https:\\\/\\\/mula.es\\\/web\\\/cultura-el-teatro-lope-de-vega-acoge-el-tradicional-concierto-de-navidad-de-la-agrupacion-musical-mulena\\\/\"]}]},{\"@type\":\"ImageObject\",\"inLanguage\":\"es\",\"@id\":\"https:\\\/\\\/mula.es\\\/web\\\/cultura-el-teatro-lope-de-vega-acoge-el-tradicional-concierto-de-navidad-de-la-agrupacion-musical-mulena\\\/#primaryimage\",\"url\":\"https:\\\/\\\/mula.es\\\/web\\\/wp-content\\\/uploads\\\/2020\\\/12\\\/Agrupacion-Musical-Mule\u00f1a.jpg\",\"contentUrl\":\"https:\\\/\\\/mula.es\\\/web\\\/wp-content\\\/uploads\\\/2020\\\/12\\\/Agrupacion-Musical-Mule\u00f1a.jpg\",\"width\":1600,\"height\":1200},{\"@type\":\"BreadcrumbList\",\"@id\":\"https:\\\/\\\/mula.es\\\/web\\\/cultura-el-teatro-lope-de-vega-acoge-el-tradicional-concierto-de-navidad-de-la-agrupacion-musical-mulena\\\/#breadcrumb\",\"itemListElement\":[{\"@type\":\"ListItem\",\"position\":1,\"name\":\"Portada\",\"item\":\"https:\\\/\\\/mula.es\\\/web\\\/\"},{\"@type\":\"ListItem\",\"position\":2,\"name\":\"CULTURA | El Teatro Lope de Vega acoge el tradicional concierto de Navidad de la Agrupaci\u00f3n Musical Mule\u00f1a\"}]},{\"@type\":\"WebSite\",\"@id\":\"https:\\\/\\\/mula.es\\\/web\\\/#website\",\"url\":\"https:\\\/\\\/mula.es\\\/web\\\/\",\"name\":\"Ayuntamiento de Mula\",\"description\":\"P\u00e1gina web del Ayuntamiento de Mula (Regi\u00f3n de Murcia)\",\"potentialAction\":[{\"@type\":\"SearchAction\",\"target\":{\"@type\":\"EntryPoint\",\"urlTemplate\":\"https:\\\/\\\/mula.es\\\/web\\\/?s={search_term_string}\"},\"query-input\":{\"@type\":\"PropertyValueSpecification\",\"valueRequired\":true,\"valueName\":\"search_term_string\"}}],\"inLanguage\":\"es\"},{\"@type\":\"Person\",\"@id\":\"https:\\\/\\\/mula.es\\\/web\\\/#\\\/schema\\\/person\\\/a0dbffe9f4a3ed4aaebedcfef02f71a1\",\"name\":\"admin\",\"image\":{\"@type\":\"ImageObject\",\"inLanguage\":\"es\",\"@id\":\"https:\\\/\\\/secure.gravatar.com\\\/avatar\\\/5423b9cd77f4c7f89a124365a268866f9dfee038c17fe9e37afd92b5920d810e?s=96&d=mm&r=g\",\"url\":\"https:\\\/\\\/secure.gravatar.com\\\/avatar\\\/5423b9cd77f4c7f89a124365a268866f9dfee038c17fe9e37afd92b5920d810e?s=96&d=mm&r=g\",\"contentUrl\":\"https:\\\/\\\/secure.gravatar.com\\\/avatar\\\/5423b9cd77f4c7f89a124365a268866f9dfee038c17fe9e37afd92b5920d810e?s=96&d=mm&r=g\",\"caption\":\"admin\"},\"description\":\"Lorem ipsum dolor sit amet, consectetur adipiscing elit. Nam viverra euismod odio, gravida pellentesque urna varius vitae. Sed dui lorem, adipiscing in adipiscing et, interdum nec metus. Mauris ultricies, justo eu convallis placerat, felis enim ornare nisi, vitae mattis nulla ante id dui. Ut lectus purus, commodo et tincidunt vel, interdum sed lectus. Vestibulum adipiscing tempor nisi id elementi.\",\"url\":\"https:\\\/\\\/mula.es\\\/web\\\/author\\\/jose-maria-boti\\\/\"}]}<\/script>\n<!-- \/ Yoast SEO plugin. -->","yoast_head_json":{"title":"CULTURA | El Teatro Lope de Vega acoge el tradicional concierto de Navidad de la Agrupaci\u00f3n Musical Mule\u00f1a - Ayuntamiento de Mula","robots":{"index":"index","follow":"follow","max-snippet":"max-snippet:-1","max-image-preview":"max-image-preview:large","max-video-preview":"max-video-preview:-1"},"canonical":"https:\/\/mula.es\/web\/cultura-el-teatro-lope-de-vega-acoge-el-tradicional-concierto-de-navidad-de-la-agrupacion-musical-mulena\/","og_locale":"es_ES","og_type":"article","og_title":"CULTURA | El Teatro Lope de Vega acoge el tradicional concierto de Navidad de la Agrupaci\u00f3n Musical Mule\u00f1a - Ayuntamiento de Mula","og_description":"La Agrupaci\u00f3n Musical Mule\u00f1a ofrec\u00eda este domingo, en el Teatro Lope de Vega, y bajo la direcci\u00f3n de David Piqueras Gilar, su tradicional Concierto de Navidad. Participaban en el concierto el Grupo de Saxofones y el Grupo de Metales y Percusi\u00f3n en un gran espect\u00e1culo que agradaba enormemente a todos los asistentes. El alcalde de [...]","og_url":"https:\/\/mula.es\/web\/cultura-el-teatro-lope-de-vega-acoge-el-tradicional-concierto-de-navidad-de-la-agrupacion-musical-mulena\/","og_site_name":"Ayuntamiento de Mula","article_published_time":"2020-12-21T14:59:00+00:00","article_modified_time":"2021-05-12T18:07:01+00:00","og_image":[{"width":1600,"height":1200,"url":"https:\/\/i0.wp.com\/mula.es\/web\/wp-content\/uploads\/2020\/12\/Agrupacion-Musical-Mule\u00f1a.jpg?fit=1600%2C1200&ssl=1","type":"image\/jpeg"}],"author":"admin","twitter_card":"summary_large_image","twitter_image":"https:\/\/mula.es\/web\/wp-content\/uploads\/2020\/06\/escudo-cuadrado-e1591045058235.jpg","twitter_creator":"@AyuntamientMula","twitter_site":"@AyuntamientMula","twitter_misc":{"Escrito por":"admin","Tiempo de lectura":"1 minuto"},"schema":{"@context":"https:\/\/schema.org","@graph":[{"@type":"Article","@id":"https:\/\/mula.es\/web\/cultura-el-teatro-lope-de-vega-acoge-el-tradicional-concierto-de-navidad-de-la-agrupacion-musical-mulena\/#article","isPartOf":{"@id":"https:\/\/mula.es\/web\/cultura-el-teatro-lope-de-vega-acoge-el-tradicional-concierto-de-navidad-de-la-agrupacion-musical-mulena\/"},"author":{"name":"admin","@id":"https:\/\/mula.es\/web\/#\/schema\/person\/a0dbffe9f4a3ed4aaebedcfef02f71a1"},"headline":"CULTURA | El Teatro Lope de Vega acoge el tradicional concierto de Navidad de la Agrupaci\u00f3n Musical Mule\u00f1a","datePublished":"2020-12-21T14:59:00+00:00","dateModified":"2021-05-12T18:07:01+00:00","mainEntityOfPage":{"@id":"https:\/\/mula.es\/web\/cultura-el-teatro-lope-de-vega-acoge-el-tradicional-concierto-de-navidad-de-la-agrupacion-musical-mulena\/"},"wordCount":147,"image":{"@id":"https:\/\/mula.es\/web\/cultura-el-teatro-lope-de-vega-acoge-el-tradicional-concierto-de-navidad-de-la-agrupacion-musical-mulena\/#primaryimage"},"thumbnailUrl":"https:\/\/mula.es\/web\/wp-content\/uploads\/2020\/12\/Agrupacion-Musical-Mule\u00f1a.jpg","articleSection":["agrupaci\u00f3n musical mule\u00f1a","concierto","cultura"],"inLanguage":"es"},{"@type":"WebPage","@id":"https:\/\/mula.es\/web\/cultura-el-teatro-lope-de-vega-acoge-el-tradicional-concierto-de-navidad-de-la-agrupacion-musical-mulena\/","url":"https:\/\/mula.es\/web\/cultura-el-teatro-lope-de-vega-acoge-el-tradicional-concierto-de-navidad-de-la-agrupacion-musical-mulena\/","name":"CULTURA | El Teatro Lope de Vega acoge el tradicional concierto de Navidad de la Agrupaci\u00f3n Musical Mule\u00f1a - Ayuntamiento de Mula","isPartOf":{"@id":"https:\/\/mula.es\/web\/#website"},"primaryImageOfPage":{"@id":"https:\/\/mula.es\/web\/cultura-el-teatro-lope-de-vega-acoge-el-tradicional-concierto-de-navidad-de-la-agrupacion-musical-mulena\/#primaryimage"},"image":{"@id":"https:\/\/mula.es\/web\/cultura-el-teatro-lope-de-vega-acoge-el-tradicional-concierto-de-navidad-de-la-agrupacion-musical-mulena\/#primaryimage"},"thumbnailUrl":"https:\/\/mula.es\/web\/wp-content\/uploads\/2020\/12\/Agrupacion-Musical-Mule\u00f1a.jpg","datePublished":"2020-12-21T14:59:00+00:00","dateModified":"2021-05-12T18:07:01+00:00","author":{"@id":"https:\/\/mula.es\/web\/#\/schema\/person\/a0dbffe9f4a3ed4aaebedcfef02f71a1"},"breadcrumb":{"@id":"https:\/\/mula.es\/web\/cultura-el-teatro-lope-de-vega-acoge-el-tradicional-concierto-de-navidad-de-la-agrupacion-musical-mulena\/#breadcrumb"},"inLanguage":"es","potentialAction":[{"@type":"ReadAction","target":["https:\/\/mula.es\/web\/cultura-el-teatro-lope-de-vega-acoge-el-tradicional-concierto-de-navidad-de-la-agrupacion-musical-mulena\/"]}]},{"@type":"ImageObject","inLanguage":"es","@id":"https:\/\/mula.es\/web\/cultura-el-teatro-lope-de-vega-acoge-el-tradicional-concierto-de-navidad-de-la-agrupacion-musical-mulena\/#primaryimage","url":"https:\/\/mula.es\/web\/wp-content\/uploads\/2020\/12\/Agrupacion-Musical-Mule\u00f1a.jpg","contentUrl":"https:\/\/mula.es\/web\/wp-content\/uploads\/2020\/12\/Agrupacion-Musical-Mule\u00f1a.jpg","width":1600,"height":1200},{"@type":"BreadcrumbList","@id":"https:\/\/mula.es\/web\/cultura-el-teatro-lope-de-vega-acoge-el-tradicional-concierto-de-navidad-de-la-agrupacion-musical-mulena\/#breadcrumb","itemListElement":[{"@type":"ListItem","position":1,"name":"Portada","item":"https:\/\/mula.es\/web\/"},{"@type":"ListItem","position":2,"name":"CULTURA | El Teatro Lope de Vega acoge el tradicional concierto de Navidad de la Agrupaci\u00f3n Musical Mule\u00f1a"}]},{"@type":"WebSite","@id":"https:\/\/mula.es\/web\/#website","url":"https:\/\/mula.es\/web\/","name":"Ayuntamiento de Mula","description":"P\u00e1gina web del Ayuntamiento de Mula (Regi\u00f3n de Murcia)","potentialAction":[{"@type":"SearchAction","target":{"@type":"EntryPoint","urlTemplate":"https:\/\/mula.es\/web\/?s={search_term_string}"},"query-input":{"@type":"PropertyValueSpecification","valueRequired":true,"valueName":"search_term_string"}}],"inLanguage":"es"},{"@type":"Person","@id":"https:\/\/mula.es\/web\/#\/schema\/person\/a0dbffe9f4a3ed4aaebedcfef02f71a1","name":"admin","image":{"@type":"ImageObject","inLanguage":"es","@id":"https:\/\/secure.gravatar.com\/avatar\/5423b9cd77f4c7f89a124365a268866f9dfee038c17fe9e37afd92b5920d810e?s=96&d=mm&r=g","url":"https:\/\/secure.gravatar.com\/avatar\/5423b9cd77f4c7f89a124365a268866f9dfee038c17fe9e37afd92b5920d810e?s=96&d=mm&r=g","contentUrl":"https:\/\/secure.gravatar.com\/avatar\/5423b9cd77f4c7f89a124365a268866f9dfee038c17fe9e37afd92b5920d810e?s=96&d=mm&r=g","caption":"admin"},"description":"Lorem ipsum dolor sit amet, consectetur adipiscing elit. Nam viverra euismod odio, gravida pellentesque urna varius vitae. Sed dui lorem, adipiscing in adipiscing et, interdum nec metus. Mauris ultricies, justo eu convallis placerat, felis enim ornare nisi, vitae mattis nulla ante id dui. Ut lectus purus, commodo et tincidunt vel, interdum sed lectus. Vestibulum adipiscing tempor nisi id elementi.","url":"https:\/\/mula.es\/web\/author\/jose-maria-boti\/"}]}},"jetpack_publicize_connections":[],"jetpack_featured_media_url":"https:\/\/mula.es\/web\/wp-content\/uploads\/2020\/12\/Agrupacion-Musical-Mule\u00f1a.jpg","jetpack_sharing_enabled":true,"jetpack_shortlink":"https:\/\/wp.me\/pa9DMY-9k8","jetpack-related-posts":[],"_links":{"self":[{"href":"https:\/\/mula.es\/web\/wp-json\/wp\/v2\/posts\/35844","targetHints":{"allow":["GET"]}}],"collection":[{"href":"https:\/\/mula.es\/web\/wp-json\/wp\/v2\/posts"}],"about":[{"href":"https:\/\/mula.es\/web\/wp-json\/wp\/v2\/types\/post"}],"author":[{"embeddable":true,"href":"https:\/\/mula.es\/web\/wp-json\/wp\/v2\/users\/1"}],"replies":[{"embeddable":true,"href":"https:\/\/mula.es\/web\/wp-json\/wp\/v2\/comments?post=35844"}],"version-history":[{"count":1,"href":"https:\/\/mula.es\/web\/wp-json\/wp\/v2\/posts\/35844\/revisions"}],"predecessor-version":[{"id":35846,"href":"https:\/\/mula.es\/web\/wp-json\/wp\/v2\/posts\/35844\/revisions\/35846"}],"wp:featuredmedia":[{"embeddable":true,"href":"https:\/\/mula.es\/web\/wp-json\/wp\/v2\/media\/35845"}],"wp:attachment":[{"href":"https:\/\/mula.es\/web\/wp-json\/wp\/v2\/media?parent=35844"}],"wp:term":[{"taxonomy":"category","embeddable":true,"href":"https:\/\/mula.es\/web\/wp-json\/wp\/v2\/categories?post=35844"},{"taxonomy":"post_tag","embeddable":true,"href":"https:\/\/mula.es\/web\/wp-json\/wp\/v2\/tags?post=35844"}],"curies":[{"name":"wp","href":"https:\/\/api.w.org\/{rel}","templated":true}]}}