{"id":35954,"date":"2020-12-30T14:09:21","date_gmt":"2020-12-30T13:09:21","guid":{"rendered":"http:\/\/mula.es\/web\/?p=35954"},"modified":"2021-05-12T20:06:58","modified_gmt":"2021-05-12T18:06:58","slug":"alcaldia-balance-del-ejercicio-2020-ha-sido-un-ano-marcado-por-las-ayudas-a-politica-social-y-al-tejido-empresarial-del-municipio","status":"publish","type":"post","link":"https:\/\/mula.es\/web\/alcaldia-balance-del-ejercicio-2020-ha-sido-un-ano-marcado-por-las-ayudas-a-politica-social-y-al-tejido-empresarial-del-municipio\/","title":{"rendered":"ALCALD\u00cdA | Balance del ejercicio 2020: ha sido un a\u00f1o marcado por las ayudas a Pol\u00edtica Social y al tejido empresarial del municipio"},"content":{"rendered":"<p style=\"text-align: justify;\">El alcalde de Mula, Juan Jes\u00fas Moreno, acompa\u00f1ado por el portavoz del grupo municipal Socialista, Francisco Javier Llamazares, hac\u00eda durante la ma\u00f1ana de este mi\u00e9rcoles un balance del a\u00f1o y mostraba su entusiasmo ante la llegada del nuevo a\u00f1o, \u201cun a\u00f1o que va a estar marcado por la vacuna y lleno de posibilidades para los mule\u00f1os\u201d, afirmaba.<\/p>\n<p style=\"text-align: justify;\">El alcalde iniciaba su intervenci\u00f3n hablando de las medidas econ\u00f3micas que han marcado la actividad diaria del Ayuntamiento desde el inicio de la pandemia. \u201cA principios de 2020 se aprobaba un presupuesto lleno de actuaciones para el municipio que ha tenido que sufrir muchas modificaciones a lo largo de estos meses debido a la pandemia de Covid, principalmente dirigidos a Pol\u00edtica Social y Pol\u00edtica de Comercios\u201d, explicaba.<\/p>\n<p style=\"text-align: justify;\">\u201cHemos puesto a disposici\u00f3n de los mule\u00f1os en torno a un mill\u00f3n de euros en ayudas sociales, ayudas a aut\u00f3nomos, bonificaciones de agua, saneamiento, basuras, ocupaci\u00f3n de la v\u00eda p\u00fablica, as\u00ed como refuerzo de limpieza en los centros educativos, refuerzo de personal de limpieza y cultura\u201d.<\/p>\n<p style=\"text-align: justify;\">En materia econ\u00f3mica, el Ayuntamiento no ha incrementado deuda para hacer frente a estas ayudas, situ\u00e1ndose la deuda actual con proveedores en torno a los 2.500.000 euros. \u201cNo es una cifra para sentirnos orgullosos, pero s\u00ed el hecho de que hemos podido hacer frente a 4.500.000 euros de deuda a proveedores a pesar de la pandemia\u201d.<\/p>\n<p style=\"text-align: justify;\">El Ayuntamiento ha percibido 83.000 euros del Gobierno de la Naci\u00f3n y 17.500 euros del Gobierno Regional, y, a pocas horas de que acabe 2020 esperamos que siga llegando financiaci\u00f3n de ese Fondo Covid del Gobierno Nacional y recibir las ayudas necesarias para hacer frente a todas las propuestas y necesidades dirigidas a la Comunidad Aut\u00f3noma.<\/p>\n<p style=\"text-align: justify;\">Por su parte, Francisco Llamazares hac\u00eda balance de gran parte de las inversiones que se hab\u00edan realizado en los \u00faltimos meses, haciendo hincapi\u00e9 de que la pandemia no hab\u00eda frenado las actuaciones en el municipio, tanto en Mula como las pedan\u00edas. As\u00ed, enumeraba algunas de las obras ya ejecutadas como las mejoras en la calle Boticas, las actuaciones en los cinco parques de la localidad, en el Plan Municipal de Eficiencia Energ\u00e9tica con la sustituci\u00f3n de luminarias, la mejora de caminos rurales como El Cigarralejo o los Almarjales, la plaza de Fuente Librilla o la plaza de Abastos de Mula.<\/p>\n<p style=\"text-align: justify;\">Entre las actuaciones que se est\u00e1n ejecutando en estos momentos destacaba los Altos de Santo Domingo, el acceso al Castillo o la acera del colegio Anita Arnao coincidiendo con las mejoras que se est\u00e1n realizando en el vallado del colegio.<\/p>\n<p style=\"text-align: justify;\">Para 2021, el portavoz socialista resaltaba que hay prevista una inversi\u00f3n en obras por encima de un mill\u00f3n de euros. Entre algunas de las propuestas que ya cuentan con los proyectos finalizados destacaba las mejoras en las calles Jard\u00edn, Postigos, avenida Juan Vi\u00f1egla, los caminos rurales de El Balate o Prao Negro, as\u00ed como la puesta en marcha de actuaciones diversas en el castillo como la senda del Albacar o el Aljibe.<\/p>\n<p style=\"text-align: justify;\">Tambi\u00e9n explicaba el gran proyecto de la Mancomunidad Tur\u00edstica de Sierra Espu\u00f1a para el que Mula cuenta con ocho grandes actuaciones que, \u201caunque se realizar\u00e1n a lo largo de los tres pr\u00f3ximos a\u00f1os, as\u00ed se ejecutar\u00e1n durante 2021 el \u00e1rea de autocaravanas en Casas Nuevas o la adecuaci\u00f3n de Albergue del Matadero de Mula\u201d.<\/p>\n<p style=\"text-align: justify;\">El Plan ARRU, el Proyecto Kair\u00f3s o la cesi\u00f3n de la Casa Pintada para albergar el futuro Museo del Tambor tambi\u00e9n se destacaban en su intervenci\u00f3n, como actuaciones de gran importancia para el municipio.<\/p>\n<p style=\"text-align: justify;\">Juan Jes\u00fas Moreno hac\u00eda, a pesar de la dura crisis, un balance positivo para el municipio de Mula y animaba a todos los vecinos a seguir manteniendo \u201cuna disciplina social acorde a las necesidades de este momento\u201d, pidiendo mantener las medidas preventivas frente a la Covid deseando una buena entrada de a\u00f1o para todos los vecinos.<\/p>\n<p style=\"text-align: justify;\">\n<p style=\"text-align: justify;\">\n","protected":false},"excerpt":{"rendered":"<p>El alcalde de Mula, Juan Jes\u00fas Moreno, acompa\u00f1ado por el portavoz del grupo municipal Socialista, Francisco Javier Llamazares, hac\u00eda durante la ma\u00f1ana de este mi\u00e9rcoles un balance del a\u00f1o y mostraba su entusiasmo ante la llegada del nuevo a\u00f1o, \u201cun a\u00f1o que va a estar marcado por la vacuna y lleno de posibilidades para los  [&#8230;]<\/p>\n","protected":false},"author":1,"featured_media":35788,"comment_status":"closed","ping_status":"closed","sticky":false,"template":"","format":"standard","meta":{"jetpack_post_was_ever_published":false,"_jetpack_newsletter_access":"","_jetpack_dont_email_post_to_subs":false,"_jetpack_newsletter_tier_id":0,"_jetpack_memberships_contains_paywalled_content":false,"_jetpack_memberships_contains_paid_content":false,"footnotes":"","jetpack_publicize_message":"","jetpack_publicize_feature_enabled":true,"jetpack_social_post_already_shared":false,"jetpack_social_options":{"image_generator_settings":{"template":"highway","default_image_id":0,"font":"","enabled":false},"version":2}},"categories":[127,392],"tags":[],"class_list":["post-35954","post","type-post","status-publish","format-standard","has-post-thumbnail","hentry","category-alcalde","category-alcaldia"],"yoast_head":"<!-- This site is optimized with the Yoast SEO plugin v27.5 - https:\/\/yoast.com\/product\/yoast-seo-wordpress\/ -->\n<title>ALCALD\u00cdA | Balance del ejercicio 2020: ha sido un a\u00f1o marcado por las ayudas a Pol\u00edtica Social y al tejido empresarial del municipio - Ayuntamiento de Mula<\/title>\n<meta name=\"robots\" content=\"index, follow, max-snippet:-1, max-image-preview:large, max-video-preview:-1\" \/>\n<link rel=\"canonical\" href=\"https:\/\/mula.es\/web\/alcaldia-balance-del-ejercicio-2020-ha-sido-un-ano-marcado-por-las-ayudas-a-politica-social-y-al-tejido-empresarial-del-municipio\/\" \/>\n<meta property=\"og:locale\" content=\"es_ES\" \/>\n<meta property=\"og:type\" content=\"article\" \/>\n<meta property=\"og:title\" content=\"ALCALD\u00cdA | Balance del ejercicio 2020: ha sido un a\u00f1o marcado por las ayudas a Pol\u00edtica Social y al tejido empresarial del municipio - Ayuntamiento de Mula\" \/>\n<meta property=\"og:description\" content=\"El alcalde de Mula, Juan Jes\u00fas Moreno, acompa\u00f1ado por el portavoz del grupo municipal Socialista, Francisco Javier Llamazares, hac\u00eda durante la ma\u00f1ana de este mi\u00e9rcoles un balance del a\u00f1o y mostraba su entusiasmo ante la llegada del nuevo a\u00f1o, \u201cun a\u00f1o que va a estar marcado por la vacuna y lleno de posibilidades para los [...]\" \/>\n<meta property=\"og:url\" content=\"https:\/\/mula.es\/web\/alcaldia-balance-del-ejercicio-2020-ha-sido-un-ano-marcado-por-las-ayudas-a-politica-social-y-al-tejido-empresarial-del-municipio\/\" \/>\n<meta property=\"og:site_name\" content=\"Ayuntamiento de Mula\" \/>\n<meta property=\"article:published_time\" content=\"2020-12-30T13:09:21+00:00\" \/>\n<meta property=\"article:modified_time\" content=\"2021-05-12T18:06:58+00:00\" \/>\n<meta property=\"og:image\" content=\"https:\/\/i0.wp.com\/mula.es\/web\/wp-content\/uploads\/2020\/12\/Foto-alcalde-2017-scaled.jpg?fit=1707%2C2560&ssl=1\" \/>\n\t<meta property=\"og:image:width\" content=\"1707\" \/>\n\t<meta property=\"og:image:height\" content=\"2560\" \/>\n\t<meta property=\"og:image:type\" content=\"image\/jpeg\" \/>\n<meta name=\"author\" content=\"admin\" \/>\n<meta name=\"twitter:card\" content=\"summary_large_image\" \/>\n<meta name=\"twitter:image\" content=\"https:\/\/mula.es\/web\/wp-content\/uploads\/2020\/06\/escudo-cuadrado-e1591045058235.jpg\" \/>\n<meta name=\"twitter:creator\" content=\"@AyuntamientMula\" \/>\n<meta name=\"twitter:site\" content=\"@AyuntamientMula\" \/>\n<meta name=\"twitter:label1\" content=\"Escrito por\" \/>\n\t<meta name=\"twitter:data1\" content=\"admin\" \/>\n\t<meta name=\"twitter:label2\" content=\"Tiempo de lectura\" \/>\n\t<meta name=\"twitter:data2\" content=\"3 minutos\" \/>\n<script type=\"application\/ld+json\" class=\"yoast-schema-graph\">{\"@context\":\"https:\\\/\\\/schema.org\",\"@graph\":[{\"@type\":\"Article\",\"@id\":\"https:\\\/\\\/mula.es\\\/web\\\/alcaldia-balance-del-ejercicio-2020-ha-sido-un-ano-marcado-por-las-ayudas-a-politica-social-y-al-tejido-empresarial-del-municipio\\\/#article\",\"isPartOf\":{\"@id\":\"https:\\\/\\\/mula.es\\\/web\\\/alcaldia-balance-del-ejercicio-2020-ha-sido-un-ano-marcado-por-las-ayudas-a-politica-social-y-al-tejido-empresarial-del-municipio\\\/\"},\"author\":{\"name\":\"admin\",\"@id\":\"https:\\\/\\\/mula.es\\\/web\\\/#\\\/schema\\\/person\\\/a0dbffe9f4a3ed4aaebedcfef02f71a1\"},\"headline\":\"ALCALD\u00cdA | Balance del ejercicio 2020: ha sido un a\u00f1o marcado por las ayudas a Pol\u00edtica Social y al tejido empresarial del municipio\",\"datePublished\":\"2020-12-30T13:09:21+00:00\",\"dateModified\":\"2021-05-12T18:06:58+00:00\",\"mainEntityOfPage\":{\"@id\":\"https:\\\/\\\/mula.es\\\/web\\\/alcaldia-balance-del-ejercicio-2020-ha-sido-un-ano-marcado-por-las-ayudas-a-politica-social-y-al-tejido-empresarial-del-municipio\\\/\"},\"wordCount\":706,\"image\":{\"@id\":\"https:\\\/\\\/mula.es\\\/web\\\/alcaldia-balance-del-ejercicio-2020-ha-sido-un-ano-marcado-por-las-ayudas-a-politica-social-y-al-tejido-empresarial-del-municipio\\\/#primaryimage\"},\"thumbnailUrl\":\"https:\\\/\\\/mula.es\\\/web\\\/wp-content\\\/uploads\\\/2020\\\/12\\\/Foto-alcalde-2017-scaled.jpg\",\"articleSection\":[\"alcalde\",\"alcald\u00eda\"],\"inLanguage\":\"es\"},{\"@type\":\"WebPage\",\"@id\":\"https:\\\/\\\/mula.es\\\/web\\\/alcaldia-balance-del-ejercicio-2020-ha-sido-un-ano-marcado-por-las-ayudas-a-politica-social-y-al-tejido-empresarial-del-municipio\\\/\",\"url\":\"https:\\\/\\\/mula.es\\\/web\\\/alcaldia-balance-del-ejercicio-2020-ha-sido-un-ano-marcado-por-las-ayudas-a-politica-social-y-al-tejido-empresarial-del-municipio\\\/\",\"name\":\"ALCALD\u00cdA | Balance del ejercicio 2020: ha sido un a\u00f1o marcado por las ayudas a Pol\u00edtica Social y al tejido empresarial del municipio - Ayuntamiento de Mula\",\"isPartOf\":{\"@id\":\"https:\\\/\\\/mula.es\\\/web\\\/#website\"},\"primaryImageOfPage\":{\"@id\":\"https:\\\/\\\/mula.es\\\/web\\\/alcaldia-balance-del-ejercicio-2020-ha-sido-un-ano-marcado-por-las-ayudas-a-politica-social-y-al-tejido-empresarial-del-municipio\\\/#primaryimage\"},\"image\":{\"@id\":\"https:\\\/\\\/mula.es\\\/web\\\/alcaldia-balance-del-ejercicio-2020-ha-sido-un-ano-marcado-por-las-ayudas-a-politica-social-y-al-tejido-empresarial-del-municipio\\\/#primaryimage\"},\"thumbnailUrl\":\"https:\\\/\\\/mula.es\\\/web\\\/wp-content\\\/uploads\\\/2020\\\/12\\\/Foto-alcalde-2017-scaled.jpg\",\"datePublished\":\"2020-12-30T13:09:21+00:00\",\"dateModified\":\"2021-05-12T18:06:58+00:00\",\"author\":{\"@id\":\"https:\\\/\\\/mula.es\\\/web\\\/#\\\/schema\\\/person\\\/a0dbffe9f4a3ed4aaebedcfef02f71a1\"},\"breadcrumb\":{\"@id\":\"https:\\\/\\\/mula.es\\\/web\\\/alcaldia-balance-del-ejercicio-2020-ha-sido-un-ano-marcado-por-las-ayudas-a-politica-social-y-al-tejido-empresarial-del-municipio\\\/#breadcrumb\"},\"inLanguage\":\"es\",\"potentialAction\":[{\"@type\":\"ReadAction\",\"target\":[\"https:\\\/\\\/mula.es\\\/web\\\/alcaldia-balance-del-ejercicio-2020-ha-sido-un-ano-marcado-por-las-ayudas-a-politica-social-y-al-tejido-empresarial-del-municipio\\\/\"]}]},{\"@type\":\"ImageObject\",\"inLanguage\":\"es\",\"@id\":\"https:\\\/\\\/mula.es\\\/web\\\/alcaldia-balance-del-ejercicio-2020-ha-sido-un-ano-marcado-por-las-ayudas-a-politica-social-y-al-tejido-empresarial-del-municipio\\\/#primaryimage\",\"url\":\"https:\\\/\\\/mula.es\\\/web\\\/wp-content\\\/uploads\\\/2020\\\/12\\\/Foto-alcalde-2017-scaled.jpg\",\"contentUrl\":\"https:\\\/\\\/mula.es\\\/web\\\/wp-content\\\/uploads\\\/2020\\\/12\\\/Foto-alcalde-2017-scaled.jpg\",\"width\":1707,\"height\":2560},{\"@type\":\"BreadcrumbList\",\"@id\":\"https:\\\/\\\/mula.es\\\/web\\\/alcaldia-balance-del-ejercicio-2020-ha-sido-un-ano-marcado-por-las-ayudas-a-politica-social-y-al-tejido-empresarial-del-municipio\\\/#breadcrumb\",\"itemListElement\":[{\"@type\":\"ListItem\",\"position\":1,\"name\":\"Portada\",\"item\":\"https:\\\/\\\/mula.es\\\/web\\\/\"},{\"@type\":\"ListItem\",\"position\":2,\"name\":\"ALCALD\u00cdA | Balance del ejercicio 2020: ha sido un a\u00f1o marcado por las ayudas a Pol\u00edtica Social y al tejido empresarial del municipio\"}]},{\"@type\":\"WebSite\",\"@id\":\"https:\\\/\\\/mula.es\\\/web\\\/#website\",\"url\":\"https:\\\/\\\/mula.es\\\/web\\\/\",\"name\":\"Ayuntamiento de Mula\",\"description\":\"P\u00e1gina web del Ayuntamiento de Mula (Regi\u00f3n de Murcia)\",\"potentialAction\":[{\"@type\":\"SearchAction\",\"target\":{\"@type\":\"EntryPoint\",\"urlTemplate\":\"https:\\\/\\\/mula.es\\\/web\\\/?s={search_term_string}\"},\"query-input\":{\"@type\":\"PropertyValueSpecification\",\"valueRequired\":true,\"valueName\":\"search_term_string\"}}],\"inLanguage\":\"es\"},{\"@type\":\"Person\",\"@id\":\"https:\\\/\\\/mula.es\\\/web\\\/#\\\/schema\\\/person\\\/a0dbffe9f4a3ed4aaebedcfef02f71a1\",\"name\":\"admin\",\"image\":{\"@type\":\"ImageObject\",\"inLanguage\":\"es\",\"@id\":\"https:\\\/\\\/secure.gravatar.com\\\/avatar\\\/5423b9cd77f4c7f89a124365a268866f9dfee038c17fe9e37afd92b5920d810e?s=96&d=mm&r=g\",\"url\":\"https:\\\/\\\/secure.gravatar.com\\\/avatar\\\/5423b9cd77f4c7f89a124365a268866f9dfee038c17fe9e37afd92b5920d810e?s=96&d=mm&r=g\",\"contentUrl\":\"https:\\\/\\\/secure.gravatar.com\\\/avatar\\\/5423b9cd77f4c7f89a124365a268866f9dfee038c17fe9e37afd92b5920d810e?s=96&d=mm&r=g\",\"caption\":\"admin\"},\"description\":\"Lorem ipsum dolor sit amet, consectetur adipiscing elit. Nam viverra euismod odio, gravida pellentesque urna varius vitae. Sed dui lorem, adipiscing in adipiscing et, interdum nec metus. Mauris ultricies, justo eu convallis placerat, felis enim ornare nisi, vitae mattis nulla ante id dui. Ut lectus purus, commodo et tincidunt vel, interdum sed lectus. Vestibulum adipiscing tempor nisi id elementi.\",\"url\":\"https:\\\/\\\/mula.es\\\/web\\\/author\\\/jose-maria-boti\\\/\"}]}<\/script>\n<!-- \/ Yoast SEO plugin. -->","yoast_head_json":{"title":"ALCALD\u00cdA | Balance del ejercicio 2020: ha sido un a\u00f1o marcado por las ayudas a Pol\u00edtica Social y al tejido empresarial del municipio - Ayuntamiento de Mula","robots":{"index":"index","follow":"follow","max-snippet":"max-snippet:-1","max-image-preview":"max-image-preview:large","max-video-preview":"max-video-preview:-1"},"canonical":"https:\/\/mula.es\/web\/alcaldia-balance-del-ejercicio-2020-ha-sido-un-ano-marcado-por-las-ayudas-a-politica-social-y-al-tejido-empresarial-del-municipio\/","og_locale":"es_ES","og_type":"article","og_title":"ALCALD\u00cdA | Balance del ejercicio 2020: ha sido un a\u00f1o marcado por las ayudas a Pol\u00edtica Social y al tejido empresarial del municipio - Ayuntamiento de Mula","og_description":"El alcalde de Mula, Juan Jes\u00fas Moreno, acompa\u00f1ado por el portavoz del grupo municipal Socialista, Francisco Javier Llamazares, hac\u00eda durante la ma\u00f1ana de este mi\u00e9rcoles un balance del a\u00f1o y mostraba su entusiasmo ante la llegada del nuevo a\u00f1o, \u201cun a\u00f1o que va a estar marcado por la vacuna y lleno de posibilidades para los [...]","og_url":"https:\/\/mula.es\/web\/alcaldia-balance-del-ejercicio-2020-ha-sido-un-ano-marcado-por-las-ayudas-a-politica-social-y-al-tejido-empresarial-del-municipio\/","og_site_name":"Ayuntamiento de Mula","article_published_time":"2020-12-30T13:09:21+00:00","article_modified_time":"2021-05-12T18:06:58+00:00","og_image":[{"width":1707,"height":2560,"url":"https:\/\/i0.wp.com\/mula.es\/web\/wp-content\/uploads\/2020\/12\/Foto-alcalde-2017-scaled.jpg?fit=1707%2C2560&ssl=1","type":"image\/jpeg"}],"author":"admin","twitter_card":"summary_large_image","twitter_image":"https:\/\/mula.es\/web\/wp-content\/uploads\/2020\/06\/escudo-cuadrado-e1591045058235.jpg","twitter_creator":"@AyuntamientMula","twitter_site":"@AyuntamientMula","twitter_misc":{"Escrito por":"admin","Tiempo de lectura":"3 minutos"},"schema":{"@context":"https:\/\/schema.org","@graph":[{"@type":"Article","@id":"https:\/\/mula.es\/web\/alcaldia-balance-del-ejercicio-2020-ha-sido-un-ano-marcado-por-las-ayudas-a-politica-social-y-al-tejido-empresarial-del-municipio\/#article","isPartOf":{"@id":"https:\/\/mula.es\/web\/alcaldia-balance-del-ejercicio-2020-ha-sido-un-ano-marcado-por-las-ayudas-a-politica-social-y-al-tejido-empresarial-del-municipio\/"},"author":{"name":"admin","@id":"https:\/\/mula.es\/web\/#\/schema\/person\/a0dbffe9f4a3ed4aaebedcfef02f71a1"},"headline":"ALCALD\u00cdA | Balance del ejercicio 2020: ha sido un a\u00f1o marcado por las ayudas a Pol\u00edtica Social y al tejido empresarial del municipio","datePublished":"2020-12-30T13:09:21+00:00","dateModified":"2021-05-12T18:06:58+00:00","mainEntityOfPage":{"@id":"https:\/\/mula.es\/web\/alcaldia-balance-del-ejercicio-2020-ha-sido-un-ano-marcado-por-las-ayudas-a-politica-social-y-al-tejido-empresarial-del-municipio\/"},"wordCount":706,"image":{"@id":"https:\/\/mula.es\/web\/alcaldia-balance-del-ejercicio-2020-ha-sido-un-ano-marcado-por-las-ayudas-a-politica-social-y-al-tejido-empresarial-del-municipio\/#primaryimage"},"thumbnailUrl":"https:\/\/mula.es\/web\/wp-content\/uploads\/2020\/12\/Foto-alcalde-2017-scaled.jpg","articleSection":["alcalde","alcald\u00eda"],"inLanguage":"es"},{"@type":"WebPage","@id":"https:\/\/mula.es\/web\/alcaldia-balance-del-ejercicio-2020-ha-sido-un-ano-marcado-por-las-ayudas-a-politica-social-y-al-tejido-empresarial-del-municipio\/","url":"https:\/\/mula.es\/web\/alcaldia-balance-del-ejercicio-2020-ha-sido-un-ano-marcado-por-las-ayudas-a-politica-social-y-al-tejido-empresarial-del-municipio\/","name":"ALCALD\u00cdA | Balance del ejercicio 2020: ha sido un a\u00f1o marcado por las ayudas a Pol\u00edtica Social y al tejido empresarial del municipio - Ayuntamiento de Mula","isPartOf":{"@id":"https:\/\/mula.es\/web\/#website"},"primaryImageOfPage":{"@id":"https:\/\/mula.es\/web\/alcaldia-balance-del-ejercicio-2020-ha-sido-un-ano-marcado-por-las-ayudas-a-politica-social-y-al-tejido-empresarial-del-municipio\/#primaryimage"},"image":{"@id":"https:\/\/mula.es\/web\/alcaldia-balance-del-ejercicio-2020-ha-sido-un-ano-marcado-por-las-ayudas-a-politica-social-y-al-tejido-empresarial-del-municipio\/#primaryimage"},"thumbnailUrl":"https:\/\/mula.es\/web\/wp-content\/uploads\/2020\/12\/Foto-alcalde-2017-scaled.jpg","datePublished":"2020-12-30T13:09:21+00:00","dateModified":"2021-05-12T18:06:58+00:00","author":{"@id":"https:\/\/mula.es\/web\/#\/schema\/person\/a0dbffe9f4a3ed4aaebedcfef02f71a1"},"breadcrumb":{"@id":"https:\/\/mula.es\/web\/alcaldia-balance-del-ejercicio-2020-ha-sido-un-ano-marcado-por-las-ayudas-a-politica-social-y-al-tejido-empresarial-del-municipio\/#breadcrumb"},"inLanguage":"es","potentialAction":[{"@type":"ReadAction","target":["https:\/\/mula.es\/web\/alcaldia-balance-del-ejercicio-2020-ha-sido-un-ano-marcado-por-las-ayudas-a-politica-social-y-al-tejido-empresarial-del-municipio\/"]}]},{"@type":"ImageObject","inLanguage":"es","@id":"https:\/\/mula.es\/web\/alcaldia-balance-del-ejercicio-2020-ha-sido-un-ano-marcado-por-las-ayudas-a-politica-social-y-al-tejido-empresarial-del-municipio\/#primaryimage","url":"https:\/\/mula.es\/web\/wp-content\/uploads\/2020\/12\/Foto-alcalde-2017-scaled.jpg","contentUrl":"https:\/\/mula.es\/web\/wp-content\/uploads\/2020\/12\/Foto-alcalde-2017-scaled.jpg","width":1707,"height":2560},{"@type":"BreadcrumbList","@id":"https:\/\/mula.es\/web\/alcaldia-balance-del-ejercicio-2020-ha-sido-un-ano-marcado-por-las-ayudas-a-politica-social-y-al-tejido-empresarial-del-municipio\/#breadcrumb","itemListElement":[{"@type":"ListItem","position":1,"name":"Portada","item":"https:\/\/mula.es\/web\/"},{"@type":"ListItem","position":2,"name":"ALCALD\u00cdA | Balance del ejercicio 2020: ha sido un a\u00f1o marcado por las ayudas a Pol\u00edtica Social y al tejido empresarial del municipio"}]},{"@type":"WebSite","@id":"https:\/\/mula.es\/web\/#website","url":"https:\/\/mula.es\/web\/","name":"Ayuntamiento de Mula","description":"P\u00e1gina web del Ayuntamiento de Mula (Regi\u00f3n de Murcia)","potentialAction":[{"@type":"SearchAction","target":{"@type":"EntryPoint","urlTemplate":"https:\/\/mula.es\/web\/?s={search_term_string}"},"query-input":{"@type":"PropertyValueSpecification","valueRequired":true,"valueName":"search_term_string"}}],"inLanguage":"es"},{"@type":"Person","@id":"https:\/\/mula.es\/web\/#\/schema\/person\/a0dbffe9f4a3ed4aaebedcfef02f71a1","name":"admin","image":{"@type":"ImageObject","inLanguage":"es","@id":"https:\/\/secure.gravatar.com\/avatar\/5423b9cd77f4c7f89a124365a268866f9dfee038c17fe9e37afd92b5920d810e?s=96&d=mm&r=g","url":"https:\/\/secure.gravatar.com\/avatar\/5423b9cd77f4c7f89a124365a268866f9dfee038c17fe9e37afd92b5920d810e?s=96&d=mm&r=g","contentUrl":"https:\/\/secure.gravatar.com\/avatar\/5423b9cd77f4c7f89a124365a268866f9dfee038c17fe9e37afd92b5920d810e?s=96&d=mm&r=g","caption":"admin"},"description":"Lorem ipsum dolor sit amet, consectetur adipiscing elit. Nam viverra euismod odio, gravida pellentesque urna varius vitae. Sed dui lorem, adipiscing in adipiscing et, interdum nec metus. Mauris ultricies, justo eu convallis placerat, felis enim ornare nisi, vitae mattis nulla ante id dui. Ut lectus purus, commodo et tincidunt vel, interdum sed lectus. Vestibulum adipiscing tempor nisi id elementi.","url":"https:\/\/mula.es\/web\/author\/jose-maria-boti\/"}]}},"jetpack_publicize_connections":[],"jetpack_featured_media_url":"https:\/\/mula.es\/web\/wp-content\/uploads\/2020\/12\/Foto-alcalde-2017-scaled.jpg","jetpack_sharing_enabled":true,"jetpack_shortlink":"https:\/\/wp.me\/pa9DMY-9lU","jetpack-related-posts":[],"_links":{"self":[{"href":"https:\/\/mula.es\/web\/wp-json\/wp\/v2\/posts\/35954","targetHints":{"allow":["GET"]}}],"collection":[{"href":"https:\/\/mula.es\/web\/wp-json\/wp\/v2\/posts"}],"about":[{"href":"https:\/\/mula.es\/web\/wp-json\/wp\/v2\/types\/post"}],"author":[{"embeddable":true,"href":"https:\/\/mula.es\/web\/wp-json\/wp\/v2\/users\/1"}],"replies":[{"embeddable":true,"href":"https:\/\/mula.es\/web\/wp-json\/wp\/v2\/comments?post=35954"}],"version-history":[{"count":2,"href":"https:\/\/mula.es\/web\/wp-json\/wp\/v2\/posts\/35954\/revisions"}],"predecessor-version":[{"id":35957,"href":"https:\/\/mula.es\/web\/wp-json\/wp\/v2\/posts\/35954\/revisions\/35957"}],"wp:featuredmedia":[{"embeddable":true,"href":"https:\/\/mula.es\/web\/wp-json\/wp\/v2\/media\/35788"}],"wp:attachment":[{"href":"https:\/\/mula.es\/web\/wp-json\/wp\/v2\/media?parent=35954"}],"wp:term":[{"taxonomy":"category","embeddable":true,"href":"https:\/\/mula.es\/web\/wp-json\/wp\/v2\/categories?post=35954"},{"taxonomy":"post_tag","embeddable":true,"href":"https:\/\/mula.es\/web\/wp-json\/wp\/v2\/tags?post=35954"}],"curies":[{"name":"wp","href":"https:\/\/api.w.org\/{rel}","templated":true}]}}