{"id":36009,"date":"2021-01-05T21:21:59","date_gmt":"2021-01-05T20:21:59","guid":{"rendered":"http:\/\/mula.es\/web\/?p=36009"},"modified":"2021-05-12T20:06:54","modified_gmt":"2021-05-12T18:06:54","slug":"festejos-el-ayuntamiento-de-mula-muestra-su-agradecimiento-a-todas-las-personas-que-han-hecho-posible-que-los-ninos-de-mula-hayan-podido-estar-cerca-de-los-reyes-magos-de-oriente","status":"publish","type":"post","link":"https:\/\/mula.es\/web\/festejos-el-ayuntamiento-de-mula-muestra-su-agradecimiento-a-todas-las-personas-que-han-hecho-posible-que-los-ninos-de-mula-hayan-podido-estar-cerca-de-los-reyes-magos-de-oriente\/","title":{"rendered":"FESTEJOS | El Ayuntamiento de Mula muestra su agradecimiento a todas las personas que han hecho posible que los ni\u00f1os de Mula hayan podido estar cerca de los Reyes Magos de Oriente"},"content":{"rendered":"<div class=\"fusion-fullwidth fullwidth-box fusion-builder-row-1 fusion-flex-container hundred-percent-fullwidth non-hundred-percent-height-scrolling\" style=\"--awb-border-radius-top-left:0px;--awb-border-radius-top-right:0px;--awb-border-radius-bottom-right:0px;--awb-border-radius-bottom-left:0px;--awb-overflow:visible;--awb-flex-wrap:wrap;\" ><div class=\"fusion-builder-row fusion-row fusion-flex-align-items-flex-start fusion-flex-content-wrap\" style=\"width:104% !important;max-width:104% !important;margin-left: calc(-4% \/ 2 );margin-right: calc(-4% \/ 2 );\"><div class=\"fusion-layout-column fusion_builder_column fusion-builder-column-0 fusion_builder_column_1_1 1_1 fusion-flex-column fusion-flex-align-self-flex-start fusion-column-no-min-height\" style=\"--awb-bg-size:cover;--awb-width-large:100%;--awb-margin-top-large:0px;--awb-spacing-right-large:1.92%;--awb-margin-bottom-large:0px;--awb-spacing-left-large:1.92%;--awb-width-medium:100%;--awb-spacing-right-medium:1.92%;--awb-spacing-left-medium:1.92%;--awb-width-small:100%;--awb-spacing-right-small:1.92%;--awb-spacing-left-small:1.92%;\"><div class=\"fusion-column-wrapper fusion-flex-justify-content-flex-start fusion-content-layout-column\"><div class=\"fusion-text fusion-text-1\"><p>A Piedad, Justa, Scouts, Yawara Jitsu, los equipos de f\u00fatbol sala locales del Ni\u00f1o Jes\u00fas y Puntarr\u00f3n, Juventudes Socialistas, Alberto, del Plan del Mono y Esteban, de Cultura de Calle.<\/p>\n<p>Un especial agradecimiento a Pedro, Chencho, Juanma, Andr\u00e9s y Pap.<\/p>\n<p>A Marien por la decoraci\u00f3n. A los voluntarios de Protecci\u00f3n Civil y Polic\u00eda Local por velar por el control y seguridad de la actividad.<\/p>\n<p>A los servicios municipales de mantenimiento, indispensables para que todo saliese bien hoy.<\/p>\n<p>Han sido centenares de personas las que han podido caminar por la pasarela de la ilusi\u00f3n, viendo de cerca a sus personajes favoritos.<\/p>\n<p>Gracias a todos los asistentes, sin excepci\u00f3n alguna, por el gran grado de responsabilidad mostrado, la intachable colaboraci\u00f3n de padres y madres ha sido fundamental.<\/p>\n<p>\u00a1Feliz Noche de Reyes!<\/p>\n<p>&nbsp;<\/p>\n<\/div><\/div><\/div><div class=\"fusion-layout-column fusion_builder_column fusion-builder-column-1 fusion_builder_column_1_2 1_2 fusion-flex-column\" style=\"--awb-bg-size:cover;--awb-width-large:50%;--awb-margin-top-large:0px;--awb-spacing-right-large:3.84%;--awb-margin-bottom-large:20px;--awb-spacing-left-large:3.84%;--awb-width-medium:50%;--awb-spacing-right-medium:3.84%;--awb-spacing-left-medium:3.84%;--awb-width-small:100%;--awb-spacing-right-small:1.92%;--awb-spacing-left-small:1.92%;\"><div class=\"fusion-column-wrapper fusion-flex-justify-content-flex-start fusion-content-layout-column\"><div class=\"fusion-image-element \" style=\"--awb-caption-title-font-family:var(--h2_typography-font-family);--awb-caption-title-font-weight:var(--h2_typography-font-weight);--awb-caption-title-font-style:var(--h2_typography-font-style);--awb-caption-title-size:var(--h2_typography-font-size);--awb-caption-title-transform:var(--h2_typography-text-transform);--awb-caption-title-line-height:var(--h2_typography-line-height);--awb-caption-title-letter-spacing:var(--h2_typography-letter-spacing);\"><span class=\" fusion-imageframe imageframe-none imageframe-1 hover-type-zoomin\"><a href=\"https:\/\/mula.es\/web\/wp-content\/uploads\/2021\/01\/Reyes-Magos-2021-2.jpg\" class=\"fusion-lightbox\" data-rel=\"iLightbox[f9b31ea861ab6db21c7]\" data-title=\"Reyes Magos 2021 &#8211; 2\" title=\"Reyes Magos 2021 &#8211; 2\"><img decoding=\"async\" width=\"1024\" height=\"768\" src=\"https:\/\/mula.es\/web\/wp-content\/uploads\/2021\/01\/Reyes-Magos-2021-2.jpg\" alt class=\"img-responsive wp-image-36012\" srcset=\"https:\/\/mula.es\/web\/wp-content\/uploads\/2021\/01\/Reyes-Magos-2021-2-200x150.jpg 200w, https:\/\/mula.es\/web\/wp-content\/uploads\/2021\/01\/Reyes-Magos-2021-2-400x300.jpg 400w, https:\/\/mula.es\/web\/wp-content\/uploads\/2021\/01\/Reyes-Magos-2021-2-600x450.jpg 600w, https:\/\/mula.es\/web\/wp-content\/uploads\/2021\/01\/Reyes-Magos-2021-2-800x600.jpg 800w, https:\/\/mula.es\/web\/wp-content\/uploads\/2021\/01\/Reyes-Magos-2021-2.jpg 1024w\" sizes=\"(max-width: 640px) 100vw, 1024px\" \/><\/a><\/span><\/div><\/div><\/div><div class=\"fusion-layout-column fusion_builder_column fusion-builder-column-2 fusion_builder_column_1_2 1_2 fusion-flex-column\" style=\"--awb-bg-size:cover;--awb-width-large:50%;--awb-margin-top-large:0px;--awb-spacing-right-large:3.84%;--awb-margin-bottom-large:20px;--awb-spacing-left-large:3.84%;--awb-width-medium:50%;--awb-spacing-right-medium:3.84%;--awb-spacing-left-medium:3.84%;--awb-width-small:100%;--awb-spacing-right-small:1.92%;--awb-spacing-left-small:1.92%;\"><div class=\"fusion-column-wrapper fusion-flex-justify-content-flex-start fusion-content-layout-column\"><div class=\"fusion-image-element \" style=\"--awb-caption-title-font-family:var(--h2_typography-font-family);--awb-caption-title-font-weight:var(--h2_typography-font-weight);--awb-caption-title-font-style:var(--h2_typography-font-style);--awb-caption-title-size:var(--h2_typography-font-size);--awb-caption-title-transform:var(--h2_typography-text-transform);--awb-caption-title-line-height:var(--h2_typography-line-height);--awb-caption-title-letter-spacing:var(--h2_typography-letter-spacing);\"><span class=\" fusion-imageframe imageframe-none imageframe-2 hover-type-zoomin\"><a href=\"https:\/\/mula.es\/web\/wp-content\/uploads\/2021\/01\/Reyes-Magos-2021-3.jpg\" class=\"fusion-lightbox\" data-rel=\"iLightbox[8c381681fff828c1c7b]\" data-title=\"Reyes Magos 2021 -3\" title=\"Reyes Magos 2021 -3\"><img decoding=\"async\" width=\"1024\" height=\"768\" src=\"https:\/\/mula.es\/web\/wp-content\/uploads\/2021\/01\/Reyes-Magos-2021-3.jpg\" alt class=\"img-responsive wp-image-36013\" srcset=\"https:\/\/mula.es\/web\/wp-content\/uploads\/2021\/01\/Reyes-Magos-2021-3-200x150.jpg 200w, https:\/\/mula.es\/web\/wp-content\/uploads\/2021\/01\/Reyes-Magos-2021-3-400x300.jpg 400w, https:\/\/mula.es\/web\/wp-content\/uploads\/2021\/01\/Reyes-Magos-2021-3-600x450.jpg 600w, https:\/\/mula.es\/web\/wp-content\/uploads\/2021\/01\/Reyes-Magos-2021-3-800x600.jpg 800w, https:\/\/mula.es\/web\/wp-content\/uploads\/2021\/01\/Reyes-Magos-2021-3.jpg 1024w\" sizes=\"(max-width: 640px) 100vw, 1024px\" \/><\/a><\/span><\/div><\/div><\/div><\/div><\/div>\n","protected":false},"excerpt":{"rendered":"","protected":false},"author":1,"featured_media":36010,"comment_status":"closed","ping_status":"closed","sticky":false,"template":"","format":"standard","meta":{"jetpack_post_was_ever_published":false,"_jetpack_newsletter_access":"","_jetpack_dont_email_post_to_subs":false,"_jetpack_newsletter_tier_id":0,"_jetpack_memberships_contains_paywalled_content":false,"_jetpack_memberships_contains_paid_content":false,"footnotes":"","jetpack_publicize_message":"","jetpack_publicize_feature_enabled":true,"jetpack_social_post_already_shared":false,"jetpack_social_options":{"image_generator_settings":{"template":"highway","default_image_id":0,"font":"","enabled":false},"version":2}},"categories":[171],"tags":[],"class_list":["post-36009","post","type-post","status-publish","format-standard","has-post-thumbnail","hentry","category-festejos"],"yoast_head":"<!-- This site is optimized with the Yoast SEO plugin v27.5 - https:\/\/yoast.com\/product\/yoast-seo-wordpress\/ -->\n<title>FESTEJOS | El Ayuntamiento de Mula muestra su agradecimiento a todas las personas que han hecho posible que los ni\u00f1os de Mula hayan podido estar cerca de los Reyes Magos de Oriente - Ayuntamiento de Mula<\/title>\n<meta name=\"robots\" content=\"index, follow, max-snippet:-1, max-image-preview:large, max-video-preview:-1\" \/>\n<link rel=\"canonical\" href=\"https:\/\/mula.es\/web\/festejos-el-ayuntamiento-de-mula-muestra-su-agradecimiento-a-todas-las-personas-que-han-hecho-posible-que-los-ninos-de-mula-hayan-podido-estar-cerca-de-los-reyes-magos-de-oriente\/\" \/>\n<meta property=\"og:locale\" content=\"es_ES\" \/>\n<meta property=\"og:type\" content=\"article\" \/>\n<meta property=\"og:title\" content=\"FESTEJOS | El Ayuntamiento de Mula muestra su agradecimiento a todas las personas que han hecho posible que los ni\u00f1os de Mula hayan podido estar cerca de los Reyes Magos de Oriente - Ayuntamiento de Mula\" \/>\n<meta property=\"og:url\" content=\"https:\/\/mula.es\/web\/festejos-el-ayuntamiento-de-mula-muestra-su-agradecimiento-a-todas-las-personas-que-han-hecho-posible-que-los-ninos-de-mula-hayan-podido-estar-cerca-de-los-reyes-magos-de-oriente\/\" \/>\n<meta property=\"og:site_name\" content=\"Ayuntamiento de Mula\" \/>\n<meta property=\"article:published_time\" content=\"2021-01-05T20:21:59+00:00\" \/>\n<meta property=\"article:modified_time\" content=\"2021-05-12T18:06:54+00:00\" \/>\n<meta property=\"og:image\" content=\"https:\/\/i0.wp.com\/mula.es\/web\/wp-content\/uploads\/2021\/01\/Reyes-Magos-2021.jpg?fit=1024%2C768&ssl=1\" \/>\n\t<meta property=\"og:image:width\" content=\"1024\" \/>\n\t<meta property=\"og:image:height\" content=\"768\" \/>\n\t<meta property=\"og:image:type\" content=\"image\/jpeg\" \/>\n<meta name=\"author\" content=\"admin\" \/>\n<meta name=\"twitter:card\" content=\"summary_large_image\" \/>\n<meta name=\"twitter:image\" content=\"https:\/\/mula.es\/web\/wp-content\/uploads\/2020\/06\/escudo-cuadrado-e1591045058235.jpg\" \/>\n<meta name=\"twitter:creator\" content=\"@AyuntamientMula\" \/>\n<meta name=\"twitter:site\" content=\"@AyuntamientMula\" \/>\n<meta name=\"twitter:label1\" content=\"Escrito por\" \/>\n\t<meta name=\"twitter:data1\" content=\"admin\" \/>\n\t<meta name=\"twitter:label2\" content=\"Tiempo de lectura\" \/>\n\t<meta name=\"twitter:data2\" content=\"2 minutos\" \/>\n<script type=\"application\/ld+json\" class=\"yoast-schema-graph\">{\"@context\":\"https:\\\/\\\/schema.org\",\"@graph\":[{\"@type\":\"Article\",\"@id\":\"https:\\\/\\\/mula.es\\\/web\\\/festejos-el-ayuntamiento-de-mula-muestra-su-agradecimiento-a-todas-las-personas-que-han-hecho-posible-que-los-ninos-de-mula-hayan-podido-estar-cerca-de-los-reyes-magos-de-oriente\\\/#article\",\"isPartOf\":{\"@id\":\"https:\\\/\\\/mula.es\\\/web\\\/festejos-el-ayuntamiento-de-mula-muestra-su-agradecimiento-a-todas-las-personas-que-han-hecho-posible-que-los-ninos-de-mula-hayan-podido-estar-cerca-de-los-reyes-magos-de-oriente\\\/\"},\"author\":{\"name\":\"admin\",\"@id\":\"https:\\\/\\\/mula.es\\\/web\\\/#\\\/schema\\\/person\\\/a0dbffe9f4a3ed4aaebedcfef02f71a1\"},\"headline\":\"FESTEJOS | El Ayuntamiento de Mula muestra su agradecimiento a todas las personas que han hecho posible que los ni\u00f1os de Mula hayan podido estar cerca de los Reyes Magos de Oriente\",\"datePublished\":\"2021-01-05T20:21:59+00:00\",\"dateModified\":\"2021-05-12T18:06:54+00:00\",\"mainEntityOfPage\":{\"@id\":\"https:\\\/\\\/mula.es\\\/web\\\/festejos-el-ayuntamiento-de-mula-muestra-su-agradecimiento-a-todas-las-personas-que-han-hecho-posible-que-los-ninos-de-mula-hayan-podido-estar-cerca-de-los-reyes-magos-de-oriente\\\/\"},\"wordCount\":445,\"image\":{\"@id\":\"https:\\\/\\\/mula.es\\\/web\\\/festejos-el-ayuntamiento-de-mula-muestra-su-agradecimiento-a-todas-las-personas-que-han-hecho-posible-que-los-ninos-de-mula-hayan-podido-estar-cerca-de-los-reyes-magos-de-oriente\\\/#primaryimage\"},\"thumbnailUrl\":\"https:\\\/\\\/mula.es\\\/web\\\/wp-content\\\/uploads\\\/2021\\\/01\\\/Reyes-Magos-2021.jpg\",\"articleSection\":[\"festejos\"],\"inLanguage\":\"es\"},{\"@type\":\"WebPage\",\"@id\":\"https:\\\/\\\/mula.es\\\/web\\\/festejos-el-ayuntamiento-de-mula-muestra-su-agradecimiento-a-todas-las-personas-que-han-hecho-posible-que-los-ninos-de-mula-hayan-podido-estar-cerca-de-los-reyes-magos-de-oriente\\\/\",\"url\":\"https:\\\/\\\/mula.es\\\/web\\\/festejos-el-ayuntamiento-de-mula-muestra-su-agradecimiento-a-todas-las-personas-que-han-hecho-posible-que-los-ninos-de-mula-hayan-podido-estar-cerca-de-los-reyes-magos-de-oriente\\\/\",\"name\":\"FESTEJOS | El Ayuntamiento de Mula muestra su agradecimiento a todas las personas que han hecho posible que los ni\u00f1os de Mula hayan podido estar cerca de los Reyes Magos de Oriente - Ayuntamiento de Mula\",\"isPartOf\":{\"@id\":\"https:\\\/\\\/mula.es\\\/web\\\/#website\"},\"primaryImageOfPage\":{\"@id\":\"https:\\\/\\\/mula.es\\\/web\\\/festejos-el-ayuntamiento-de-mula-muestra-su-agradecimiento-a-todas-las-personas-que-han-hecho-posible-que-los-ninos-de-mula-hayan-podido-estar-cerca-de-los-reyes-magos-de-oriente\\\/#primaryimage\"},\"image\":{\"@id\":\"https:\\\/\\\/mula.es\\\/web\\\/festejos-el-ayuntamiento-de-mula-muestra-su-agradecimiento-a-todas-las-personas-que-han-hecho-posible-que-los-ninos-de-mula-hayan-podido-estar-cerca-de-los-reyes-magos-de-oriente\\\/#primaryimage\"},\"thumbnailUrl\":\"https:\\\/\\\/mula.es\\\/web\\\/wp-content\\\/uploads\\\/2021\\\/01\\\/Reyes-Magos-2021.jpg\",\"datePublished\":\"2021-01-05T20:21:59+00:00\",\"dateModified\":\"2021-05-12T18:06:54+00:00\",\"author\":{\"@id\":\"https:\\\/\\\/mula.es\\\/web\\\/#\\\/schema\\\/person\\\/a0dbffe9f4a3ed4aaebedcfef02f71a1\"},\"breadcrumb\":{\"@id\":\"https:\\\/\\\/mula.es\\\/web\\\/festejos-el-ayuntamiento-de-mula-muestra-su-agradecimiento-a-todas-las-personas-que-han-hecho-posible-que-los-ninos-de-mula-hayan-podido-estar-cerca-de-los-reyes-magos-de-oriente\\\/#breadcrumb\"},\"inLanguage\":\"es\",\"potentialAction\":[{\"@type\":\"ReadAction\",\"target\":[\"https:\\\/\\\/mula.es\\\/web\\\/festejos-el-ayuntamiento-de-mula-muestra-su-agradecimiento-a-todas-las-personas-que-han-hecho-posible-que-los-ninos-de-mula-hayan-podido-estar-cerca-de-los-reyes-magos-de-oriente\\\/\"]}]},{\"@type\":\"ImageObject\",\"inLanguage\":\"es\",\"@id\":\"https:\\\/\\\/mula.es\\\/web\\\/festejos-el-ayuntamiento-de-mula-muestra-su-agradecimiento-a-todas-las-personas-que-han-hecho-posible-que-los-ninos-de-mula-hayan-podido-estar-cerca-de-los-reyes-magos-de-oriente\\\/#primaryimage\",\"url\":\"https:\\\/\\\/mula.es\\\/web\\\/wp-content\\\/uploads\\\/2021\\\/01\\\/Reyes-Magos-2021.jpg\",\"contentUrl\":\"https:\\\/\\\/mula.es\\\/web\\\/wp-content\\\/uploads\\\/2021\\\/01\\\/Reyes-Magos-2021.jpg\",\"width\":1024,\"height\":768},{\"@type\":\"BreadcrumbList\",\"@id\":\"https:\\\/\\\/mula.es\\\/web\\\/festejos-el-ayuntamiento-de-mula-muestra-su-agradecimiento-a-todas-las-personas-que-han-hecho-posible-que-los-ninos-de-mula-hayan-podido-estar-cerca-de-los-reyes-magos-de-oriente\\\/#breadcrumb\",\"itemListElement\":[{\"@type\":\"ListItem\",\"position\":1,\"name\":\"Portada\",\"item\":\"https:\\\/\\\/mula.es\\\/web\\\/\"},{\"@type\":\"ListItem\",\"position\":2,\"name\":\"FESTEJOS | El Ayuntamiento de Mula muestra su agradecimiento a todas las personas que han hecho posible que los ni\u00f1os de Mula hayan podido estar cerca de los Reyes Magos de Oriente\"}]},{\"@type\":\"WebSite\",\"@id\":\"https:\\\/\\\/mula.es\\\/web\\\/#website\",\"url\":\"https:\\\/\\\/mula.es\\\/web\\\/\",\"name\":\"Ayuntamiento de Mula\",\"description\":\"P\u00e1gina web del Ayuntamiento de Mula (Regi\u00f3n de Murcia)\",\"potentialAction\":[{\"@type\":\"SearchAction\",\"target\":{\"@type\":\"EntryPoint\",\"urlTemplate\":\"https:\\\/\\\/mula.es\\\/web\\\/?s={search_term_string}\"},\"query-input\":{\"@type\":\"PropertyValueSpecification\",\"valueRequired\":true,\"valueName\":\"search_term_string\"}}],\"inLanguage\":\"es\"},{\"@type\":\"Person\",\"@id\":\"https:\\\/\\\/mula.es\\\/web\\\/#\\\/schema\\\/person\\\/a0dbffe9f4a3ed4aaebedcfef02f71a1\",\"name\":\"admin\",\"image\":{\"@type\":\"ImageObject\",\"inLanguage\":\"es\",\"@id\":\"https:\\\/\\\/secure.gravatar.com\\\/avatar\\\/5423b9cd77f4c7f89a124365a268866f9dfee038c17fe9e37afd92b5920d810e?s=96&d=mm&r=g\",\"url\":\"https:\\\/\\\/secure.gravatar.com\\\/avatar\\\/5423b9cd77f4c7f89a124365a268866f9dfee038c17fe9e37afd92b5920d810e?s=96&d=mm&r=g\",\"contentUrl\":\"https:\\\/\\\/secure.gravatar.com\\\/avatar\\\/5423b9cd77f4c7f89a124365a268866f9dfee038c17fe9e37afd92b5920d810e?s=96&d=mm&r=g\",\"caption\":\"admin\"},\"description\":\"Lorem ipsum dolor sit amet, consectetur adipiscing elit. Nam viverra euismod odio, gravida pellentesque urna varius vitae. Sed dui lorem, adipiscing in adipiscing et, interdum nec metus. Mauris ultricies, justo eu convallis placerat, felis enim ornare nisi, vitae mattis nulla ante id dui. Ut lectus purus, commodo et tincidunt vel, interdum sed lectus. Vestibulum adipiscing tempor nisi id elementi.\",\"url\":\"https:\\\/\\\/mula.es\\\/web\\\/author\\\/jose-maria-boti\\\/\"}]}<\/script>\n<!-- \/ Yoast SEO plugin. -->","yoast_head_json":{"title":"FESTEJOS | El Ayuntamiento de Mula muestra su agradecimiento a todas las personas que han hecho posible que los ni\u00f1os de Mula hayan podido estar cerca de los Reyes Magos de Oriente - Ayuntamiento de Mula","robots":{"index":"index","follow":"follow","max-snippet":"max-snippet:-1","max-image-preview":"max-image-preview:large","max-video-preview":"max-video-preview:-1"},"canonical":"https:\/\/mula.es\/web\/festejos-el-ayuntamiento-de-mula-muestra-su-agradecimiento-a-todas-las-personas-que-han-hecho-posible-que-los-ninos-de-mula-hayan-podido-estar-cerca-de-los-reyes-magos-de-oriente\/","og_locale":"es_ES","og_type":"article","og_title":"FESTEJOS | El Ayuntamiento de Mula muestra su agradecimiento a todas las personas que han hecho posible que los ni\u00f1os de Mula hayan podido estar cerca de los Reyes Magos de Oriente - Ayuntamiento de Mula","og_url":"https:\/\/mula.es\/web\/festejos-el-ayuntamiento-de-mula-muestra-su-agradecimiento-a-todas-las-personas-que-han-hecho-posible-que-los-ninos-de-mula-hayan-podido-estar-cerca-de-los-reyes-magos-de-oriente\/","og_site_name":"Ayuntamiento de Mula","article_published_time":"2021-01-05T20:21:59+00:00","article_modified_time":"2021-05-12T18:06:54+00:00","og_image":[{"width":1024,"height":768,"url":"https:\/\/i0.wp.com\/mula.es\/web\/wp-content\/uploads\/2021\/01\/Reyes-Magos-2021.jpg?fit=1024%2C768&ssl=1","type":"image\/jpeg"}],"author":"admin","twitter_card":"summary_large_image","twitter_image":"https:\/\/mula.es\/web\/wp-content\/uploads\/2020\/06\/escudo-cuadrado-e1591045058235.jpg","twitter_creator":"@AyuntamientMula","twitter_site":"@AyuntamientMula","twitter_misc":{"Escrito por":"admin","Tiempo de lectura":"2 minutos"},"schema":{"@context":"https:\/\/schema.org","@graph":[{"@type":"Article","@id":"https:\/\/mula.es\/web\/festejos-el-ayuntamiento-de-mula-muestra-su-agradecimiento-a-todas-las-personas-que-han-hecho-posible-que-los-ninos-de-mula-hayan-podido-estar-cerca-de-los-reyes-magos-de-oriente\/#article","isPartOf":{"@id":"https:\/\/mula.es\/web\/festejos-el-ayuntamiento-de-mula-muestra-su-agradecimiento-a-todas-las-personas-que-han-hecho-posible-que-los-ninos-de-mula-hayan-podido-estar-cerca-de-los-reyes-magos-de-oriente\/"},"author":{"name":"admin","@id":"https:\/\/mula.es\/web\/#\/schema\/person\/a0dbffe9f4a3ed4aaebedcfef02f71a1"},"headline":"FESTEJOS | El Ayuntamiento de Mula muestra su agradecimiento a todas las personas que han hecho posible que los ni\u00f1os de Mula hayan podido estar cerca de los Reyes Magos de Oriente","datePublished":"2021-01-05T20:21:59+00:00","dateModified":"2021-05-12T18:06:54+00:00","mainEntityOfPage":{"@id":"https:\/\/mula.es\/web\/festejos-el-ayuntamiento-de-mula-muestra-su-agradecimiento-a-todas-las-personas-que-han-hecho-posible-que-los-ninos-de-mula-hayan-podido-estar-cerca-de-los-reyes-magos-de-oriente\/"},"wordCount":445,"image":{"@id":"https:\/\/mula.es\/web\/festejos-el-ayuntamiento-de-mula-muestra-su-agradecimiento-a-todas-las-personas-que-han-hecho-posible-que-los-ninos-de-mula-hayan-podido-estar-cerca-de-los-reyes-magos-de-oriente\/#primaryimage"},"thumbnailUrl":"https:\/\/mula.es\/web\/wp-content\/uploads\/2021\/01\/Reyes-Magos-2021.jpg","articleSection":["festejos"],"inLanguage":"es"},{"@type":"WebPage","@id":"https:\/\/mula.es\/web\/festejos-el-ayuntamiento-de-mula-muestra-su-agradecimiento-a-todas-las-personas-que-han-hecho-posible-que-los-ninos-de-mula-hayan-podido-estar-cerca-de-los-reyes-magos-de-oriente\/","url":"https:\/\/mula.es\/web\/festejos-el-ayuntamiento-de-mula-muestra-su-agradecimiento-a-todas-las-personas-que-han-hecho-posible-que-los-ninos-de-mula-hayan-podido-estar-cerca-de-los-reyes-magos-de-oriente\/","name":"FESTEJOS | El Ayuntamiento de Mula muestra su agradecimiento a todas las personas que han hecho posible que los ni\u00f1os de Mula hayan podido estar cerca de los Reyes Magos de Oriente - Ayuntamiento de Mula","isPartOf":{"@id":"https:\/\/mula.es\/web\/#website"},"primaryImageOfPage":{"@id":"https:\/\/mula.es\/web\/festejos-el-ayuntamiento-de-mula-muestra-su-agradecimiento-a-todas-las-personas-que-han-hecho-posible-que-los-ninos-de-mula-hayan-podido-estar-cerca-de-los-reyes-magos-de-oriente\/#primaryimage"},"image":{"@id":"https:\/\/mula.es\/web\/festejos-el-ayuntamiento-de-mula-muestra-su-agradecimiento-a-todas-las-personas-que-han-hecho-posible-que-los-ninos-de-mula-hayan-podido-estar-cerca-de-los-reyes-magos-de-oriente\/#primaryimage"},"thumbnailUrl":"https:\/\/mula.es\/web\/wp-content\/uploads\/2021\/01\/Reyes-Magos-2021.jpg","datePublished":"2021-01-05T20:21:59+00:00","dateModified":"2021-05-12T18:06:54+00:00","author":{"@id":"https:\/\/mula.es\/web\/#\/schema\/person\/a0dbffe9f4a3ed4aaebedcfef02f71a1"},"breadcrumb":{"@id":"https:\/\/mula.es\/web\/festejos-el-ayuntamiento-de-mula-muestra-su-agradecimiento-a-todas-las-personas-que-han-hecho-posible-que-los-ninos-de-mula-hayan-podido-estar-cerca-de-los-reyes-magos-de-oriente\/#breadcrumb"},"inLanguage":"es","potentialAction":[{"@type":"ReadAction","target":["https:\/\/mula.es\/web\/festejos-el-ayuntamiento-de-mula-muestra-su-agradecimiento-a-todas-las-personas-que-han-hecho-posible-que-los-ninos-de-mula-hayan-podido-estar-cerca-de-los-reyes-magos-de-oriente\/"]}]},{"@type":"ImageObject","inLanguage":"es","@id":"https:\/\/mula.es\/web\/festejos-el-ayuntamiento-de-mula-muestra-su-agradecimiento-a-todas-las-personas-que-han-hecho-posible-que-los-ninos-de-mula-hayan-podido-estar-cerca-de-los-reyes-magos-de-oriente\/#primaryimage","url":"https:\/\/mula.es\/web\/wp-content\/uploads\/2021\/01\/Reyes-Magos-2021.jpg","contentUrl":"https:\/\/mula.es\/web\/wp-content\/uploads\/2021\/01\/Reyes-Magos-2021.jpg","width":1024,"height":768},{"@type":"BreadcrumbList","@id":"https:\/\/mula.es\/web\/festejos-el-ayuntamiento-de-mula-muestra-su-agradecimiento-a-todas-las-personas-que-han-hecho-posible-que-los-ninos-de-mula-hayan-podido-estar-cerca-de-los-reyes-magos-de-oriente\/#breadcrumb","itemListElement":[{"@type":"ListItem","position":1,"name":"Portada","item":"https:\/\/mula.es\/web\/"},{"@type":"ListItem","position":2,"name":"FESTEJOS | El Ayuntamiento de Mula muestra su agradecimiento a todas las personas que han hecho posible que los ni\u00f1os de Mula hayan podido estar cerca de los Reyes Magos de Oriente"}]},{"@type":"WebSite","@id":"https:\/\/mula.es\/web\/#website","url":"https:\/\/mula.es\/web\/","name":"Ayuntamiento de Mula","description":"P\u00e1gina web del Ayuntamiento de Mula (Regi\u00f3n de Murcia)","potentialAction":[{"@type":"SearchAction","target":{"@type":"EntryPoint","urlTemplate":"https:\/\/mula.es\/web\/?s={search_term_string}"},"query-input":{"@type":"PropertyValueSpecification","valueRequired":true,"valueName":"search_term_string"}}],"inLanguage":"es"},{"@type":"Person","@id":"https:\/\/mula.es\/web\/#\/schema\/person\/a0dbffe9f4a3ed4aaebedcfef02f71a1","name":"admin","image":{"@type":"ImageObject","inLanguage":"es","@id":"https:\/\/secure.gravatar.com\/avatar\/5423b9cd77f4c7f89a124365a268866f9dfee038c17fe9e37afd92b5920d810e?s=96&d=mm&r=g","url":"https:\/\/secure.gravatar.com\/avatar\/5423b9cd77f4c7f89a124365a268866f9dfee038c17fe9e37afd92b5920d810e?s=96&d=mm&r=g","contentUrl":"https:\/\/secure.gravatar.com\/avatar\/5423b9cd77f4c7f89a124365a268866f9dfee038c17fe9e37afd92b5920d810e?s=96&d=mm&r=g","caption":"admin"},"description":"Lorem ipsum dolor sit amet, consectetur adipiscing elit. Nam viverra euismod odio, gravida pellentesque urna varius vitae. Sed dui lorem, adipiscing in adipiscing et, interdum nec metus. Mauris ultricies, justo eu convallis placerat, felis enim ornare nisi, vitae mattis nulla ante id dui. Ut lectus purus, commodo et tincidunt vel, interdum sed lectus. Vestibulum adipiscing tempor nisi id elementi.","url":"https:\/\/mula.es\/web\/author\/jose-maria-boti\/"}]}},"jetpack_publicize_connections":[],"jetpack_featured_media_url":"https:\/\/mula.es\/web\/wp-content\/uploads\/2021\/01\/Reyes-Magos-2021.jpg","jetpack_sharing_enabled":true,"jetpack_shortlink":"https:\/\/wp.me\/pa9DMY-9mN","jetpack-related-posts":[],"_links":{"self":[{"href":"https:\/\/mula.es\/web\/wp-json\/wp\/v2\/posts\/36009","targetHints":{"allow":["GET"]}}],"collection":[{"href":"https:\/\/mula.es\/web\/wp-json\/wp\/v2\/posts"}],"about":[{"href":"https:\/\/mula.es\/web\/wp-json\/wp\/v2\/types\/post"}],"author":[{"embeddable":true,"href":"https:\/\/mula.es\/web\/wp-json\/wp\/v2\/users\/1"}],"replies":[{"embeddable":true,"href":"https:\/\/mula.es\/web\/wp-json\/wp\/v2\/comments?post=36009"}],"version-history":[{"count":2,"href":"https:\/\/mula.es\/web\/wp-json\/wp\/v2\/posts\/36009\/revisions"}],"predecessor-version":[{"id":38550,"href":"https:\/\/mula.es\/web\/wp-json\/wp\/v2\/posts\/36009\/revisions\/38550"}],"wp:featuredmedia":[{"embeddable":true,"href":"https:\/\/mula.es\/web\/wp-json\/wp\/v2\/media\/36010"}],"wp:attachment":[{"href":"https:\/\/mula.es\/web\/wp-json\/wp\/v2\/media?parent=36009"}],"wp:term":[{"taxonomy":"category","embeddable":true,"href":"https:\/\/mula.es\/web\/wp-json\/wp\/v2\/categories?post=36009"},{"taxonomy":"post_tag","embeddable":true,"href":"https:\/\/mula.es\/web\/wp-json\/wp\/v2\/tags?post=36009"}],"curies":[{"name":"wp","href":"https:\/\/api.w.org\/{rel}","templated":true}]}}