{"id":37371,"date":"2021-02-26T12:17:38","date_gmt":"2021-02-26T11:17:38","guid":{"rendered":"http:\/\/mula.es\/web\/?p=37371"},"modified":"2021-05-12T20:06:11","modified_gmt":"2021-05-12T18:06:11","slug":"cultura-juventud-el-cortometraje-la-ilustracion-todo-un-ejemplo-de-trabajo-y-esfuerzo-para-los-jovenes","status":"publish","type":"post","link":"https:\/\/mula.es\/web\/cultura-juventud-el-cortometraje-la-ilustracion-todo-un-ejemplo-de-trabajo-y-esfuerzo-para-los-jovenes\/","title":{"rendered":"CULTURA &#8211; JUVENTUD | El cortometraje \u2018La ilustraci\u00f3n\u2019, todo un ejemplo de trabajo y esfuerzo para los j\u00f3venes"},"content":{"rendered":"<div class=\"fusion-fullwidth fullwidth-box fusion-builder-row-1 fusion-flex-container hundred-percent-fullwidth non-hundred-percent-height-scrolling\" style=\"--awb-border-radius-top-left:0px;--awb-border-radius-top-right:0px;--awb-border-radius-bottom-right:0px;--awb-border-radius-bottom-left:0px;--awb-overflow:visible;--awb-flex-wrap:wrap;\" ><div class=\"fusion-builder-row fusion-row fusion-flex-align-items-flex-start fusion-flex-content-wrap\" style=\"width:calc( 100% + 0px ) !important;max-width:calc( 100% + 0px ) !important;margin-left: calc(-0px \/ 2 );margin-right: calc(-0px \/ 2 );\"><div class=\"fusion-layout-column fusion_builder_column fusion-builder-column-0 fusion_builder_column_1_1 1_1 fusion-flex-column\" style=\"--awb-bg-size:cover;--awb-width-large:100%;--awb-margin-top-large:0px;--awb-spacing-right-large:0px;--awb-margin-bottom-large:20px;--awb-spacing-left-large:0px;--awb-width-medium:100%;--awb-spacing-right-medium:0px;--awb-spacing-left-medium:0px;--awb-width-small:100%;--awb-spacing-right-small:0px;--awb-spacing-left-small:0px;\"><div class=\"fusion-column-wrapper fusion-flex-justify-content-flex-start fusion-content-layout-column\"><div class=\"fusion-text fusion-text-1\"><p style=\"text-align: justify;\">Creado y realizado por tres j\u00f3venes mule\u00f1os: \u00c1lvaro Gabarr\u00f3n, Luc\u00eda Fern\u00e1ndez y Cristian Pastor<\/p>\n<p style=\"text-align: justify;\">Los concejales de Cultura y Juventud se han comprometido en realizar un acto p\u00fablico para presentarlo y proyectarlo durante un encuentro con los autores del trabajo<\/p>\n<p style=\"text-align: justify;\">Los concejales de Cultura, Diego Boluda, y Juventud, Laura Salas, han mantenido un encuentro con los autores del cortometraje \u2018La Ilustraci\u00f3n\u2019, los mule\u00f1os \u00c1lvaro Gabarr\u00f3n, Luc\u00eda Fern\u00e1ndez y Cristian Pastor, cuyo trabajo ha sido seleccionado para el festival CyBorg Film en Italia.<\/p>\n<p style=\"text-align: justify;\">El corto, elaborado con medios propios de sus autores, est\u00e1 disponible a trav\u00e9s de Amazon Prime Video en Estados Unidos y el Reino Unido dado que est\u00e1 participando en festivales europeos y todav\u00eda no se encuentra disponible en abierto para Espa\u00f1a.<\/p>\n<p style=\"text-align: justify;\">Los j\u00f3venes se han mostrado muy agradecidos por el recibimiento y han trasladado a los concejales c\u00f3mo hab\u00eda surgido el proyecto y los problemas a los que se enfrentaron dado a la situaci\u00f3n de la pandemia durante la elaboraci\u00f3n del mismo.<\/p>\n<p style=\"text-align: justify;\">As\u00ed, explicaban que lo m\u00e1s importante era poder reflejar que si hay momentos en los que la crisis actual puede crear malas expectativas en los j\u00f3venes tambi\u00e9n se puede explotar la creatividad y hacer grandes cosas.<\/p>\n<p style=\"text-align: justify;\">Los concejales resaltaron la gran relevancia de este trabajo, no s\u00f3lo por ser un proyecto mule\u00f1o hecho por mule\u00f1os sino por el hecho de ser todo un ejemplo para la juventud, \u201ctanto por el emprendimiento, la creatividad y el valor para todos los j\u00f3venes\u201d.<\/p>\n<p style=\"text-align: justify;\">\u2018La ilustraci\u00f3n\u2019, un cortometraje de terror psicol\u00f3gico y sus creadores han recibido el apoyo de las concejal\u00edas de Cultura y Juventud para seguir engrandeciendo este trabajo, as\u00ed como el compromiso de realizar un acto p\u00fablico para presentar, exponer y proyectar este cortometraje cuando la situaci\u00f3n por la pandemia lo permita.<\/p>\n<\/div><\/div><\/div><\/div><\/div>\n","protected":false},"excerpt":{"rendered":"","protected":false},"author":9,"featured_media":37372,"comment_status":"closed","ping_status":"closed","sticky":false,"template":"","format":"standard","meta":{"jetpack_post_was_ever_published":false,"_jetpack_newsletter_access":"","_jetpack_dont_email_post_to_subs":false,"_jetpack_newsletter_tier_id":0,"_jetpack_memberships_contains_paywalled_content":false,"_jetpack_memberships_contains_paid_content":false,"footnotes":"","jetpack_publicize_message":"","jetpack_publicize_feature_enabled":true,"jetpack_social_post_already_shared":false,"jetpack_social_options":{"image_generator_settings":{"template":"highway","default_image_id":0,"font":"","enabled":false},"version":2}},"categories":[97,87],"tags":[],"class_list":["post-37371","post","type-post","status-publish","format-standard","has-post-thumbnail","hentry","category-cultura","category-juventud-y-adolescencia"],"yoast_head":"<!-- This site is optimized with the Yoast SEO plugin v27.5 - https:\/\/yoast.com\/product\/yoast-seo-wordpress\/ -->\n<title>CULTURA - JUVENTUD | El cortometraje \u2018La ilustraci\u00f3n\u2019, todo un ejemplo de trabajo y esfuerzo para los j\u00f3venes - Ayuntamiento de Mula<\/title>\n<meta name=\"robots\" content=\"index, follow, max-snippet:-1, max-image-preview:large, max-video-preview:-1\" \/>\n<link rel=\"canonical\" href=\"https:\/\/mula.es\/web\/cultura-juventud-el-cortometraje-la-ilustracion-todo-un-ejemplo-de-trabajo-y-esfuerzo-para-los-jovenes\/\" \/>\n<meta property=\"og:locale\" content=\"es_ES\" \/>\n<meta property=\"og:type\" content=\"article\" \/>\n<meta property=\"og:title\" content=\"CULTURA - JUVENTUD | El cortometraje \u2018La ilustraci\u00f3n\u2019, todo un ejemplo de trabajo y esfuerzo para los j\u00f3venes - Ayuntamiento de Mula\" \/>\n<meta property=\"og:url\" content=\"https:\/\/mula.es\/web\/cultura-juventud-el-cortometraje-la-ilustracion-todo-un-ejemplo-de-trabajo-y-esfuerzo-para-los-jovenes\/\" \/>\n<meta property=\"og:site_name\" content=\"Ayuntamiento de Mula\" \/>\n<meta property=\"article:published_time\" content=\"2021-02-26T11:17:38+00:00\" \/>\n<meta property=\"article:modified_time\" content=\"2021-05-12T18:06:11+00:00\" \/>\n<meta property=\"og:image\" content=\"https:\/\/i0.wp.com\/mula.es\/web\/wp-content\/uploads\/2021\/02\/corto_ilustracion.jpg?fit=1504%2C1128&ssl=1\" \/>\n\t<meta property=\"og:image:width\" content=\"1504\" \/>\n\t<meta property=\"og:image:height\" content=\"1128\" \/>\n\t<meta property=\"og:image:type\" content=\"image\/jpeg\" \/>\n<meta name=\"author\" content=\"Rosario Mart\u00ednez\" \/>\n<meta name=\"twitter:card\" content=\"summary_large_image\" \/>\n<meta name=\"twitter:image\" content=\"https:\/\/mula.es\/web\/wp-content\/uploads\/2020\/06\/escudo-cuadrado-e1591045058235.jpg\" \/>\n<meta name=\"twitter:creator\" content=\"@AyuntamientMula\" \/>\n<meta name=\"twitter:site\" content=\"@AyuntamientMula\" \/>\n<meta name=\"twitter:label1\" content=\"Escrito por\" \/>\n\t<meta name=\"twitter:data1\" content=\"Rosario Mart\u00ednez\" \/>\n\t<meta name=\"twitter:label2\" content=\"Tiempo de lectura\" \/>\n\t<meta name=\"twitter:data2\" content=\"2 minutos\" \/>\n<script type=\"application\/ld+json\" class=\"yoast-schema-graph\">{\"@context\":\"https:\\\/\\\/schema.org\",\"@graph\":[{\"@type\":\"Article\",\"@id\":\"https:\\\/\\\/mula.es\\\/web\\\/cultura-juventud-el-cortometraje-la-ilustracion-todo-un-ejemplo-de-trabajo-y-esfuerzo-para-los-jovenes\\\/#article\",\"isPartOf\":{\"@id\":\"https:\\\/\\\/mula.es\\\/web\\\/cultura-juventud-el-cortometraje-la-ilustracion-todo-un-ejemplo-de-trabajo-y-esfuerzo-para-los-jovenes\\\/\"},\"author\":{\"name\":\"Rosario Mart\u00ednez\",\"@id\":\"https:\\\/\\\/mula.es\\\/web\\\/#\\\/schema\\\/person\\\/f8d63bd3ab6e7b025268b909b7ab0771\"},\"headline\":\"CULTURA &#8211; JUVENTUD | El cortometraje \u2018La ilustraci\u00f3n\u2019, todo un ejemplo de trabajo y esfuerzo para los j\u00f3venes\",\"datePublished\":\"2021-02-26T11:17:38+00:00\",\"dateModified\":\"2021-05-12T18:06:11+00:00\",\"mainEntityOfPage\":{\"@id\":\"https:\\\/\\\/mula.es\\\/web\\\/cultura-juventud-el-cortometraje-la-ilustracion-todo-un-ejemplo-de-trabajo-y-esfuerzo-para-los-jovenes\\\/\"},\"wordCount\":423,\"image\":{\"@id\":\"https:\\\/\\\/mula.es\\\/web\\\/cultura-juventud-el-cortometraje-la-ilustracion-todo-un-ejemplo-de-trabajo-y-esfuerzo-para-los-jovenes\\\/#primaryimage\"},\"thumbnailUrl\":\"https:\\\/\\\/mula.es\\\/web\\\/wp-content\\\/uploads\\\/2021\\\/02\\\/corto_ilustracion.jpg\",\"articleSection\":[\"cultura\",\"juventud y adolescencia\"],\"inLanguage\":\"es\"},{\"@type\":\"WebPage\",\"@id\":\"https:\\\/\\\/mula.es\\\/web\\\/cultura-juventud-el-cortometraje-la-ilustracion-todo-un-ejemplo-de-trabajo-y-esfuerzo-para-los-jovenes\\\/\",\"url\":\"https:\\\/\\\/mula.es\\\/web\\\/cultura-juventud-el-cortometraje-la-ilustracion-todo-un-ejemplo-de-trabajo-y-esfuerzo-para-los-jovenes\\\/\",\"name\":\"CULTURA - JUVENTUD | El cortometraje \u2018La ilustraci\u00f3n\u2019, todo un ejemplo de trabajo y esfuerzo para los j\u00f3venes - Ayuntamiento de Mula\",\"isPartOf\":{\"@id\":\"https:\\\/\\\/mula.es\\\/web\\\/#website\"},\"primaryImageOfPage\":{\"@id\":\"https:\\\/\\\/mula.es\\\/web\\\/cultura-juventud-el-cortometraje-la-ilustracion-todo-un-ejemplo-de-trabajo-y-esfuerzo-para-los-jovenes\\\/#primaryimage\"},\"image\":{\"@id\":\"https:\\\/\\\/mula.es\\\/web\\\/cultura-juventud-el-cortometraje-la-ilustracion-todo-un-ejemplo-de-trabajo-y-esfuerzo-para-los-jovenes\\\/#primaryimage\"},\"thumbnailUrl\":\"https:\\\/\\\/mula.es\\\/web\\\/wp-content\\\/uploads\\\/2021\\\/02\\\/corto_ilustracion.jpg\",\"datePublished\":\"2021-02-26T11:17:38+00:00\",\"dateModified\":\"2021-05-12T18:06:11+00:00\",\"author\":{\"@id\":\"https:\\\/\\\/mula.es\\\/web\\\/#\\\/schema\\\/person\\\/f8d63bd3ab6e7b025268b909b7ab0771\"},\"breadcrumb\":{\"@id\":\"https:\\\/\\\/mula.es\\\/web\\\/cultura-juventud-el-cortometraje-la-ilustracion-todo-un-ejemplo-de-trabajo-y-esfuerzo-para-los-jovenes\\\/#breadcrumb\"},\"inLanguage\":\"es\",\"potentialAction\":[{\"@type\":\"ReadAction\",\"target\":[\"https:\\\/\\\/mula.es\\\/web\\\/cultura-juventud-el-cortometraje-la-ilustracion-todo-un-ejemplo-de-trabajo-y-esfuerzo-para-los-jovenes\\\/\"]}]},{\"@type\":\"ImageObject\",\"inLanguage\":\"es\",\"@id\":\"https:\\\/\\\/mula.es\\\/web\\\/cultura-juventud-el-cortometraje-la-ilustracion-todo-un-ejemplo-de-trabajo-y-esfuerzo-para-los-jovenes\\\/#primaryimage\",\"url\":\"https:\\\/\\\/mula.es\\\/web\\\/wp-content\\\/uploads\\\/2021\\\/02\\\/corto_ilustracion.jpg\",\"contentUrl\":\"https:\\\/\\\/mula.es\\\/web\\\/wp-content\\\/uploads\\\/2021\\\/02\\\/corto_ilustracion.jpg\",\"width\":1504,\"height\":1128},{\"@type\":\"BreadcrumbList\",\"@id\":\"https:\\\/\\\/mula.es\\\/web\\\/cultura-juventud-el-cortometraje-la-ilustracion-todo-un-ejemplo-de-trabajo-y-esfuerzo-para-los-jovenes\\\/#breadcrumb\",\"itemListElement\":[{\"@type\":\"ListItem\",\"position\":1,\"name\":\"Portada\",\"item\":\"https:\\\/\\\/mula.es\\\/web\\\/\"},{\"@type\":\"ListItem\",\"position\":2,\"name\":\"CULTURA &#8211; JUVENTUD | El cortometraje \u2018La ilustraci\u00f3n\u2019, todo un ejemplo de trabajo y esfuerzo para los j\u00f3venes\"}]},{\"@type\":\"WebSite\",\"@id\":\"https:\\\/\\\/mula.es\\\/web\\\/#website\",\"url\":\"https:\\\/\\\/mula.es\\\/web\\\/\",\"name\":\"Ayuntamiento de Mula\",\"description\":\"P\u00e1gina web del Ayuntamiento de Mula (Regi\u00f3n de Murcia)\",\"potentialAction\":[{\"@type\":\"SearchAction\",\"target\":{\"@type\":\"EntryPoint\",\"urlTemplate\":\"https:\\\/\\\/mula.es\\\/web\\\/?s={search_term_string}\"},\"query-input\":{\"@type\":\"PropertyValueSpecification\",\"valueRequired\":true,\"valueName\":\"search_term_string\"}}],\"inLanguage\":\"es\"},{\"@type\":\"Person\",\"@id\":\"https:\\\/\\\/mula.es\\\/web\\\/#\\\/schema\\\/person\\\/f8d63bd3ab6e7b025268b909b7ab0771\",\"name\":\"Rosario Mart\u00ednez\",\"image\":{\"@type\":\"ImageObject\",\"inLanguage\":\"es\",\"@id\":\"https:\\\/\\\/secure.gravatar.com\\\/avatar\\\/ce916b980ac93e5b1d36e6068357675d4e089a572ebc8789fcb807c2fb2edfef?s=96&d=mm&r=g\",\"url\":\"https:\\\/\\\/secure.gravatar.com\\\/avatar\\\/ce916b980ac93e5b1d36e6068357675d4e089a572ebc8789fcb807c2fb2edfef?s=96&d=mm&r=g\",\"contentUrl\":\"https:\\\/\\\/secure.gravatar.com\\\/avatar\\\/ce916b980ac93e5b1d36e6068357675d4e089a572ebc8789fcb807c2fb2edfef?s=96&d=mm&r=g\",\"caption\":\"Rosario Mart\u00ednez\"},\"url\":\"https:\\\/\\\/mula.es\\\/web\\\/author\\\/rmartinez\\\/\"}]}<\/script>\n<!-- \/ Yoast SEO plugin. -->","yoast_head_json":{"title":"CULTURA - JUVENTUD | El cortometraje \u2018La ilustraci\u00f3n\u2019, todo un ejemplo de trabajo y esfuerzo para los j\u00f3venes - Ayuntamiento de Mula","robots":{"index":"index","follow":"follow","max-snippet":"max-snippet:-1","max-image-preview":"max-image-preview:large","max-video-preview":"max-video-preview:-1"},"canonical":"https:\/\/mula.es\/web\/cultura-juventud-el-cortometraje-la-ilustracion-todo-un-ejemplo-de-trabajo-y-esfuerzo-para-los-jovenes\/","og_locale":"es_ES","og_type":"article","og_title":"CULTURA - JUVENTUD | El cortometraje \u2018La ilustraci\u00f3n\u2019, todo un ejemplo de trabajo y esfuerzo para los j\u00f3venes - Ayuntamiento de Mula","og_url":"https:\/\/mula.es\/web\/cultura-juventud-el-cortometraje-la-ilustracion-todo-un-ejemplo-de-trabajo-y-esfuerzo-para-los-jovenes\/","og_site_name":"Ayuntamiento de Mula","article_published_time":"2021-02-26T11:17:38+00:00","article_modified_time":"2021-05-12T18:06:11+00:00","og_image":[{"width":1504,"height":1128,"url":"https:\/\/i0.wp.com\/mula.es\/web\/wp-content\/uploads\/2021\/02\/corto_ilustracion.jpg?fit=1504%2C1128&ssl=1","type":"image\/jpeg"}],"author":"Rosario Mart\u00ednez","twitter_card":"summary_large_image","twitter_image":"https:\/\/mula.es\/web\/wp-content\/uploads\/2020\/06\/escudo-cuadrado-e1591045058235.jpg","twitter_creator":"@AyuntamientMula","twitter_site":"@AyuntamientMula","twitter_misc":{"Escrito por":"Rosario Mart\u00ednez","Tiempo de lectura":"2 minutos"},"schema":{"@context":"https:\/\/schema.org","@graph":[{"@type":"Article","@id":"https:\/\/mula.es\/web\/cultura-juventud-el-cortometraje-la-ilustracion-todo-un-ejemplo-de-trabajo-y-esfuerzo-para-los-jovenes\/#article","isPartOf":{"@id":"https:\/\/mula.es\/web\/cultura-juventud-el-cortometraje-la-ilustracion-todo-un-ejemplo-de-trabajo-y-esfuerzo-para-los-jovenes\/"},"author":{"name":"Rosario Mart\u00ednez","@id":"https:\/\/mula.es\/web\/#\/schema\/person\/f8d63bd3ab6e7b025268b909b7ab0771"},"headline":"CULTURA &#8211; JUVENTUD | El cortometraje \u2018La ilustraci\u00f3n\u2019, todo un ejemplo de trabajo y esfuerzo para los j\u00f3venes","datePublished":"2021-02-26T11:17:38+00:00","dateModified":"2021-05-12T18:06:11+00:00","mainEntityOfPage":{"@id":"https:\/\/mula.es\/web\/cultura-juventud-el-cortometraje-la-ilustracion-todo-un-ejemplo-de-trabajo-y-esfuerzo-para-los-jovenes\/"},"wordCount":423,"image":{"@id":"https:\/\/mula.es\/web\/cultura-juventud-el-cortometraje-la-ilustracion-todo-un-ejemplo-de-trabajo-y-esfuerzo-para-los-jovenes\/#primaryimage"},"thumbnailUrl":"https:\/\/mula.es\/web\/wp-content\/uploads\/2021\/02\/corto_ilustracion.jpg","articleSection":["cultura","juventud y adolescencia"],"inLanguage":"es"},{"@type":"WebPage","@id":"https:\/\/mula.es\/web\/cultura-juventud-el-cortometraje-la-ilustracion-todo-un-ejemplo-de-trabajo-y-esfuerzo-para-los-jovenes\/","url":"https:\/\/mula.es\/web\/cultura-juventud-el-cortometraje-la-ilustracion-todo-un-ejemplo-de-trabajo-y-esfuerzo-para-los-jovenes\/","name":"CULTURA - JUVENTUD | El cortometraje \u2018La ilustraci\u00f3n\u2019, todo un ejemplo de trabajo y esfuerzo para los j\u00f3venes - Ayuntamiento de Mula","isPartOf":{"@id":"https:\/\/mula.es\/web\/#website"},"primaryImageOfPage":{"@id":"https:\/\/mula.es\/web\/cultura-juventud-el-cortometraje-la-ilustracion-todo-un-ejemplo-de-trabajo-y-esfuerzo-para-los-jovenes\/#primaryimage"},"image":{"@id":"https:\/\/mula.es\/web\/cultura-juventud-el-cortometraje-la-ilustracion-todo-un-ejemplo-de-trabajo-y-esfuerzo-para-los-jovenes\/#primaryimage"},"thumbnailUrl":"https:\/\/mula.es\/web\/wp-content\/uploads\/2021\/02\/corto_ilustracion.jpg","datePublished":"2021-02-26T11:17:38+00:00","dateModified":"2021-05-12T18:06:11+00:00","author":{"@id":"https:\/\/mula.es\/web\/#\/schema\/person\/f8d63bd3ab6e7b025268b909b7ab0771"},"breadcrumb":{"@id":"https:\/\/mula.es\/web\/cultura-juventud-el-cortometraje-la-ilustracion-todo-un-ejemplo-de-trabajo-y-esfuerzo-para-los-jovenes\/#breadcrumb"},"inLanguage":"es","potentialAction":[{"@type":"ReadAction","target":["https:\/\/mula.es\/web\/cultura-juventud-el-cortometraje-la-ilustracion-todo-un-ejemplo-de-trabajo-y-esfuerzo-para-los-jovenes\/"]}]},{"@type":"ImageObject","inLanguage":"es","@id":"https:\/\/mula.es\/web\/cultura-juventud-el-cortometraje-la-ilustracion-todo-un-ejemplo-de-trabajo-y-esfuerzo-para-los-jovenes\/#primaryimage","url":"https:\/\/mula.es\/web\/wp-content\/uploads\/2021\/02\/corto_ilustracion.jpg","contentUrl":"https:\/\/mula.es\/web\/wp-content\/uploads\/2021\/02\/corto_ilustracion.jpg","width":1504,"height":1128},{"@type":"BreadcrumbList","@id":"https:\/\/mula.es\/web\/cultura-juventud-el-cortometraje-la-ilustracion-todo-un-ejemplo-de-trabajo-y-esfuerzo-para-los-jovenes\/#breadcrumb","itemListElement":[{"@type":"ListItem","position":1,"name":"Portada","item":"https:\/\/mula.es\/web\/"},{"@type":"ListItem","position":2,"name":"CULTURA &#8211; JUVENTUD | El cortometraje \u2018La ilustraci\u00f3n\u2019, todo un ejemplo de trabajo y esfuerzo para los j\u00f3venes"}]},{"@type":"WebSite","@id":"https:\/\/mula.es\/web\/#website","url":"https:\/\/mula.es\/web\/","name":"Ayuntamiento de Mula","description":"P\u00e1gina web del Ayuntamiento de Mula (Regi\u00f3n de Murcia)","potentialAction":[{"@type":"SearchAction","target":{"@type":"EntryPoint","urlTemplate":"https:\/\/mula.es\/web\/?s={search_term_string}"},"query-input":{"@type":"PropertyValueSpecification","valueRequired":true,"valueName":"search_term_string"}}],"inLanguage":"es"},{"@type":"Person","@id":"https:\/\/mula.es\/web\/#\/schema\/person\/f8d63bd3ab6e7b025268b909b7ab0771","name":"Rosario Mart\u00ednez","image":{"@type":"ImageObject","inLanguage":"es","@id":"https:\/\/secure.gravatar.com\/avatar\/ce916b980ac93e5b1d36e6068357675d4e089a572ebc8789fcb807c2fb2edfef?s=96&d=mm&r=g","url":"https:\/\/secure.gravatar.com\/avatar\/ce916b980ac93e5b1d36e6068357675d4e089a572ebc8789fcb807c2fb2edfef?s=96&d=mm&r=g","contentUrl":"https:\/\/secure.gravatar.com\/avatar\/ce916b980ac93e5b1d36e6068357675d4e089a572ebc8789fcb807c2fb2edfef?s=96&d=mm&r=g","caption":"Rosario Mart\u00ednez"},"url":"https:\/\/mula.es\/web\/author\/rmartinez\/"}]}},"jetpack_publicize_connections":[],"jetpack_featured_media_url":"https:\/\/mula.es\/web\/wp-content\/uploads\/2021\/02\/corto_ilustracion.jpg","jetpack_sharing_enabled":true,"jetpack_shortlink":"https:\/\/wp.me\/pa9DMY-9IL","jetpack-related-posts":[],"_links":{"self":[{"href":"https:\/\/mula.es\/web\/wp-json\/wp\/v2\/posts\/37371","targetHints":{"allow":["GET"]}}],"collection":[{"href":"https:\/\/mula.es\/web\/wp-json\/wp\/v2\/posts"}],"about":[{"href":"https:\/\/mula.es\/web\/wp-json\/wp\/v2\/types\/post"}],"author":[{"embeddable":true,"href":"https:\/\/mula.es\/web\/wp-json\/wp\/v2\/users\/9"}],"replies":[{"embeddable":true,"href":"https:\/\/mula.es\/web\/wp-json\/wp\/v2\/comments?post=37371"}],"version-history":[{"count":2,"href":"https:\/\/mula.es\/web\/wp-json\/wp\/v2\/posts\/37371\/revisions"}],"predecessor-version":[{"id":38478,"href":"https:\/\/mula.es\/web\/wp-json\/wp\/v2\/posts\/37371\/revisions\/38478"}],"wp:featuredmedia":[{"embeddable":true,"href":"https:\/\/mula.es\/web\/wp-json\/wp\/v2\/media\/37372"}],"wp:attachment":[{"href":"https:\/\/mula.es\/web\/wp-json\/wp\/v2\/media?parent=37371"}],"wp:term":[{"taxonomy":"category","embeddable":true,"href":"https:\/\/mula.es\/web\/wp-json\/wp\/v2\/categories?post=37371"},{"taxonomy":"post_tag","embeddable":true,"href":"https:\/\/mula.es\/web\/wp-json\/wp\/v2\/tags?post=37371"}],"curies":[{"name":"wp","href":"https:\/\/api.w.org\/{rel}","templated":true}]}}