{"id":37682,"date":"2021-03-26T20:30:11","date_gmt":"2021-03-26T19:30:11","guid":{"rendered":"https:\/\/mula.es\/web\/?p=37682"},"modified":"2021-03-26T20:30:11","modified_gmt":"2021-03-26T19:30:11","slug":"tambores-los-tambores-sonaran-este-martes-santo-desde-las-12-de-la-noche-y-durante-media-hora-desde-balcones-y-terrazas","status":"publish","type":"post","link":"https:\/\/mula.es\/web\/tambores-los-tambores-sonaran-este-martes-santo-desde-las-12-de-la-noche-y-durante-media-hora-desde-balcones-y-terrazas\/","title":{"rendered":"TAMBORES| Los tambores sonar\u00e1n este Martes Santo desde las 12 de la noche y durante media hora desde balcones y terrazas"},"content":{"rendered":"<p style=\"text-align: justify;\">Sonar\u00e1n tambores en Mula la noche de Martes Santo. El Ayuntamiento de Mula ha hecho p\u00fablico un Bando de Alcald\u00eda donde se anuncia que el martes 30 de marzo, \u2018Noche de los Tambores\u2019, a partir de las 12 de la noche y durante los 30 minutos siguientes se podr\u00e1 tocar el tambor, \u201cexclusivamente en domicilios familiares con los convivientes permitidos, en sus balcones y ventanas, guardando la distancia y el rigor\u201d.<\/p>\n<p style=\"text-align: justify;\">As\u00ed se anima a los tamboristas a vivir, por segundo a\u00f1o consecutivo, una tamborada distinta en la que no se podr\u00e1 acudir a la plaza pero que se podr\u00e1 sentir a trav\u00e9s de un espacio virtual donde sonar\u00e1 la llamada a la tamborada y que servir\u00e1 como punto de encuentro desde las redes (<strong><a href=\"https:\/\/youtu.be\/d4PB6N5RPOw\">https:\/\/youtu.be\/d4PB6N5RPOw<\/a><\/strong>) que marcar\u00e1 el inicio del toque para que los tambores puedan \u2018atronar\u2019 al mismo tiempo.<\/p>\n<p style=\"text-align: justify;\">El Bando destaca que no se permitir\u00e1 el toque de tambor en espacios comunales o vecinales, en calles o placetas y que no se aproveche la ocasi\u00f3n para convocar festejos inapropiados. Es por ello que, tanto el alcalde, Juan Jes\u00fas Moreno, como el presidente de la asociaci\u00f3n de Tamboristas de Mula, Pedro Manuel Ruiz, ped\u00edan a todos los tamboristas responsabilidad individual. \u201cQuedar\u00e1 la plaza en el Martes Santo a\u00f1orante de todos nosotros. Las calles vac\u00edas, como as\u00ed ha de ser. Con la responsabilidad que se nos demanda y que tan bien supo el pueblo de Mula demostrar el a\u00f1o pasado\u201d, resalta el Bando.<\/p>\n<p style=\"text-align: justify;\">El Ayuntamiento de Mula est\u00e1 trabajando en la consecuci\u00f3n de la Declaraci\u00f3n de Inter\u00e9s Tur\u00edstico Internacional para el festejo de la Noche de los Tambores, un evento que a\u00f1o tras a\u00f1o sirve de reclamo para miles de turistas que visitan el pueblo de Mula o que siguen la tamborada a trav\u00e9s de los distintos canales en redes sociales que se habilitan esa noche.<\/p>\n<p style=\"text-align: justify;\">\u201cQue se oiga que Mula Suena durante la media hora permitida. Y luego quede la noche muda como testigo\u201d.<\/p>\n","protected":false},"excerpt":{"rendered":"<p>Sonar\u00e1n tambores en Mula la noche de Martes Santo. El Ayuntamiento de Mula ha hecho p\u00fablico un Bando de Alcald\u00eda donde se anuncia que el martes 30 de marzo, \u2018Noche de los Tambores\u2019, a partir de las 12 de la noche y durante los 30 minutos siguientes se podr\u00e1 tocar el tambor, \u201cexclusivamente en domicilios  [&#8230;]<\/p>\n","protected":false},"author":1,"featured_media":37683,"comment_status":"closed","ping_status":"closed","sticky":false,"template":"","format":"standard","meta":{"jetpack_post_was_ever_published":false,"_jetpack_newsletter_access":"","_jetpack_dont_email_post_to_subs":false,"_jetpack_newsletter_tier_id":0,"_jetpack_memberships_contains_paywalled_content":false,"_jetpack_memberships_contains_paid_content":false,"footnotes":"","jetpack_publicize_message":"","jetpack_publicize_feature_enabled":true,"jetpack_social_post_already_shared":false,"jetpack_social_options":{"image_generator_settings":{"template":"highway","default_image_id":0,"font":"","enabled":false},"version":2}},"categories":[157],"tags":[],"class_list":["post-37682","post","type-post","status-publish","format-standard","has-post-thumbnail","hentry","category-la-noche-de-los-tambores"],"yoast_head":"<!-- This site is optimized with the Yoast SEO plugin v27.5 - https:\/\/yoast.com\/product\/yoast-seo-wordpress\/ -->\n<title>TAMBORES| Los tambores sonar\u00e1n este Martes Santo desde las 12 de la noche y durante media hora desde balcones y terrazas - Ayuntamiento de Mula<\/title>\n<meta name=\"robots\" content=\"index, follow, max-snippet:-1, max-image-preview:large, max-video-preview:-1\" \/>\n<link rel=\"canonical\" href=\"https:\/\/mula.es\/web\/tambores-los-tambores-sonaran-este-martes-santo-desde-las-12-de-la-noche-y-durante-media-hora-desde-balcones-y-terrazas\/\" \/>\n<meta property=\"og:locale\" content=\"es_ES\" \/>\n<meta property=\"og:type\" content=\"article\" \/>\n<meta property=\"og:title\" content=\"TAMBORES| Los tambores sonar\u00e1n este Martes Santo desde las 12 de la noche y durante media hora desde balcones y terrazas - Ayuntamiento de Mula\" \/>\n<meta property=\"og:description\" content=\"Sonar\u00e1n tambores en Mula la noche de Martes Santo. El Ayuntamiento de Mula ha hecho p\u00fablico un Bando de Alcald\u00eda donde se anuncia que el martes 30 de marzo, \u2018Noche de los Tambores\u2019, a partir de las 12 de la noche y durante los 30 minutos siguientes se podr\u00e1 tocar el tambor, \u201cexclusivamente en domicilios [...]\" \/>\n<meta property=\"og:url\" content=\"https:\/\/mula.es\/web\/tambores-los-tambores-sonaran-este-martes-santo-desde-las-12-de-la-noche-y-durante-media-hora-desde-balcones-y-terrazas\/\" \/>\n<meta property=\"og:site_name\" content=\"Ayuntamiento de Mula\" \/>\n<meta property=\"article:published_time\" content=\"2021-03-26T19:30:11+00:00\" \/>\n<meta property=\"og:image\" content=\"https:\/\/i0.wp.com\/mula.es\/web\/wp-content\/uploads\/2021\/03\/Rueda-prensa-tambores-2021-scaled.jpg?fit=2560%2C1920&ssl=1\" \/>\n\t<meta property=\"og:image:width\" content=\"2560\" \/>\n\t<meta property=\"og:image:height\" content=\"1920\" \/>\n\t<meta property=\"og:image:type\" content=\"image\/jpeg\" \/>\n<meta name=\"author\" content=\"admin\" \/>\n<meta name=\"twitter:card\" content=\"summary_large_image\" \/>\n<meta name=\"twitter:image\" content=\"https:\/\/mula.es\/web\/wp-content\/uploads\/2020\/06\/cropped-escudo-cuadrado.jpg\" \/>\n<meta name=\"twitter:creator\" content=\"@AyuntamientMula\" \/>\n<meta name=\"twitter:site\" content=\"@AyuntamientMula\" \/>\n<meta name=\"twitter:label1\" content=\"Escrito por\" \/>\n\t<meta name=\"twitter:data1\" content=\"admin\" \/>\n\t<meta name=\"twitter:label2\" content=\"Tiempo de lectura\" \/>\n\t<meta name=\"twitter:data2\" content=\"2 minutos\" \/>\n<script type=\"application\/ld+json\" class=\"yoast-schema-graph\">{\"@context\":\"https:\\\/\\\/schema.org\",\"@graph\":[{\"@type\":\"Article\",\"@id\":\"https:\\\/\\\/mula.es\\\/web\\\/tambores-los-tambores-sonaran-este-martes-santo-desde-las-12-de-la-noche-y-durante-media-hora-desde-balcones-y-terrazas\\\/#article\",\"isPartOf\":{\"@id\":\"https:\\\/\\\/mula.es\\\/web\\\/tambores-los-tambores-sonaran-este-martes-santo-desde-las-12-de-la-noche-y-durante-media-hora-desde-balcones-y-terrazas\\\/\"},\"author\":{\"name\":\"admin\",\"@id\":\"https:\\\/\\\/mula.es\\\/web\\\/#\\\/schema\\\/person\\\/a0dbffe9f4a3ed4aaebedcfef02f71a1\"},\"headline\":\"TAMBORES| Los tambores sonar\u00e1n este Martes Santo desde las 12 de la noche y durante media hora desde balcones y terrazas\",\"datePublished\":\"2021-03-26T19:30:11+00:00\",\"mainEntityOfPage\":{\"@id\":\"https:\\\/\\\/mula.es\\\/web\\\/tambores-los-tambores-sonaran-este-martes-santo-desde-las-12-de-la-noche-y-durante-media-hora-desde-balcones-y-terrazas\\\/\"},\"wordCount\":368,\"image\":{\"@id\":\"https:\\\/\\\/mula.es\\\/web\\\/tambores-los-tambores-sonaran-este-martes-santo-desde-las-12-de-la-noche-y-durante-media-hora-desde-balcones-y-terrazas\\\/#primaryimage\"},\"thumbnailUrl\":\"https:\\\/\\\/mula.es\\\/web\\\/wp-content\\\/uploads\\\/2021\\\/03\\\/Rueda-prensa-tambores-2021-scaled.jpg\",\"articleSection\":[\"la noche de los tambores\"],\"inLanguage\":\"es\"},{\"@type\":\"WebPage\",\"@id\":\"https:\\\/\\\/mula.es\\\/web\\\/tambores-los-tambores-sonaran-este-martes-santo-desde-las-12-de-la-noche-y-durante-media-hora-desde-balcones-y-terrazas\\\/\",\"url\":\"https:\\\/\\\/mula.es\\\/web\\\/tambores-los-tambores-sonaran-este-martes-santo-desde-las-12-de-la-noche-y-durante-media-hora-desde-balcones-y-terrazas\\\/\",\"name\":\"TAMBORES| Los tambores sonar\u00e1n este Martes Santo desde las 12 de la noche y durante media hora desde balcones y terrazas - Ayuntamiento de Mula\",\"isPartOf\":{\"@id\":\"https:\\\/\\\/mula.es\\\/web\\\/#website\"},\"primaryImageOfPage\":{\"@id\":\"https:\\\/\\\/mula.es\\\/web\\\/tambores-los-tambores-sonaran-este-martes-santo-desde-las-12-de-la-noche-y-durante-media-hora-desde-balcones-y-terrazas\\\/#primaryimage\"},\"image\":{\"@id\":\"https:\\\/\\\/mula.es\\\/web\\\/tambores-los-tambores-sonaran-este-martes-santo-desde-las-12-de-la-noche-y-durante-media-hora-desde-balcones-y-terrazas\\\/#primaryimage\"},\"thumbnailUrl\":\"https:\\\/\\\/mula.es\\\/web\\\/wp-content\\\/uploads\\\/2021\\\/03\\\/Rueda-prensa-tambores-2021-scaled.jpg\",\"datePublished\":\"2021-03-26T19:30:11+00:00\",\"author\":{\"@id\":\"https:\\\/\\\/mula.es\\\/web\\\/#\\\/schema\\\/person\\\/a0dbffe9f4a3ed4aaebedcfef02f71a1\"},\"breadcrumb\":{\"@id\":\"https:\\\/\\\/mula.es\\\/web\\\/tambores-los-tambores-sonaran-este-martes-santo-desde-las-12-de-la-noche-y-durante-media-hora-desde-balcones-y-terrazas\\\/#breadcrumb\"},\"inLanguage\":\"es\",\"potentialAction\":[{\"@type\":\"ReadAction\",\"target\":[\"https:\\\/\\\/mula.es\\\/web\\\/tambores-los-tambores-sonaran-este-martes-santo-desde-las-12-de-la-noche-y-durante-media-hora-desde-balcones-y-terrazas\\\/\"]}]},{\"@type\":\"ImageObject\",\"inLanguage\":\"es\",\"@id\":\"https:\\\/\\\/mula.es\\\/web\\\/tambores-los-tambores-sonaran-este-martes-santo-desde-las-12-de-la-noche-y-durante-media-hora-desde-balcones-y-terrazas\\\/#primaryimage\",\"url\":\"https:\\\/\\\/mula.es\\\/web\\\/wp-content\\\/uploads\\\/2021\\\/03\\\/Rueda-prensa-tambores-2021-scaled.jpg\",\"contentUrl\":\"https:\\\/\\\/mula.es\\\/web\\\/wp-content\\\/uploads\\\/2021\\\/03\\\/Rueda-prensa-tambores-2021-scaled.jpg\",\"width\":2560,\"height\":1920},{\"@type\":\"BreadcrumbList\",\"@id\":\"https:\\\/\\\/mula.es\\\/web\\\/tambores-los-tambores-sonaran-este-martes-santo-desde-las-12-de-la-noche-y-durante-media-hora-desde-balcones-y-terrazas\\\/#breadcrumb\",\"itemListElement\":[{\"@type\":\"ListItem\",\"position\":1,\"name\":\"Portada\",\"item\":\"https:\\\/\\\/mula.es\\\/web\\\/\"},{\"@type\":\"ListItem\",\"position\":2,\"name\":\"TAMBORES| Los tambores sonar\u00e1n este Martes Santo desde las 12 de la noche y durante media hora desde balcones y terrazas\"}]},{\"@type\":\"WebSite\",\"@id\":\"https:\\\/\\\/mula.es\\\/web\\\/#website\",\"url\":\"https:\\\/\\\/mula.es\\\/web\\\/\",\"name\":\"Ayuntamiento de Mula\",\"description\":\"P\u00e1gina web del Ayuntamiento de Mula (Regi\u00f3n de Murcia)\",\"potentialAction\":[{\"@type\":\"SearchAction\",\"target\":{\"@type\":\"EntryPoint\",\"urlTemplate\":\"https:\\\/\\\/mula.es\\\/web\\\/?s={search_term_string}\"},\"query-input\":{\"@type\":\"PropertyValueSpecification\",\"valueRequired\":true,\"valueName\":\"search_term_string\"}}],\"inLanguage\":\"es\"},{\"@type\":\"Person\",\"@id\":\"https:\\\/\\\/mula.es\\\/web\\\/#\\\/schema\\\/person\\\/a0dbffe9f4a3ed4aaebedcfef02f71a1\",\"name\":\"admin\",\"image\":{\"@type\":\"ImageObject\",\"inLanguage\":\"es\",\"@id\":\"https:\\\/\\\/secure.gravatar.com\\\/avatar\\\/5423b9cd77f4c7f89a124365a268866f9dfee038c17fe9e37afd92b5920d810e?s=96&d=mm&r=g\",\"url\":\"https:\\\/\\\/secure.gravatar.com\\\/avatar\\\/5423b9cd77f4c7f89a124365a268866f9dfee038c17fe9e37afd92b5920d810e?s=96&d=mm&r=g\",\"contentUrl\":\"https:\\\/\\\/secure.gravatar.com\\\/avatar\\\/5423b9cd77f4c7f89a124365a268866f9dfee038c17fe9e37afd92b5920d810e?s=96&d=mm&r=g\",\"caption\":\"admin\"},\"description\":\"Lorem ipsum dolor sit amet, consectetur adipiscing elit. Nam viverra euismod odio, gravida pellentesque urna varius vitae. Sed dui lorem, adipiscing in adipiscing et, interdum nec metus. Mauris ultricies, justo eu convallis placerat, felis enim ornare nisi, vitae mattis nulla ante id dui. Ut lectus purus, commodo et tincidunt vel, interdum sed lectus. Vestibulum adipiscing tempor nisi id elementi.\",\"url\":\"https:\\\/\\\/mula.es\\\/web\\\/author\\\/jose-maria-boti\\\/\"}]}<\/script>\n<!-- \/ Yoast SEO plugin. -->","yoast_head_json":{"title":"TAMBORES| Los tambores sonar\u00e1n este Martes Santo desde las 12 de la noche y durante media hora desde balcones y terrazas - Ayuntamiento de Mula","robots":{"index":"index","follow":"follow","max-snippet":"max-snippet:-1","max-image-preview":"max-image-preview:large","max-video-preview":"max-video-preview:-1"},"canonical":"https:\/\/mula.es\/web\/tambores-los-tambores-sonaran-este-martes-santo-desde-las-12-de-la-noche-y-durante-media-hora-desde-balcones-y-terrazas\/","og_locale":"es_ES","og_type":"article","og_title":"TAMBORES| Los tambores sonar\u00e1n este Martes Santo desde las 12 de la noche y durante media hora desde balcones y terrazas - Ayuntamiento de Mula","og_description":"Sonar\u00e1n tambores en Mula la noche de Martes Santo. El Ayuntamiento de Mula ha hecho p\u00fablico un Bando de Alcald\u00eda donde se anuncia que el martes 30 de marzo, \u2018Noche de los Tambores\u2019, a partir de las 12 de la noche y durante los 30 minutos siguientes se podr\u00e1 tocar el tambor, \u201cexclusivamente en domicilios [...]","og_url":"https:\/\/mula.es\/web\/tambores-los-tambores-sonaran-este-martes-santo-desde-las-12-de-la-noche-y-durante-media-hora-desde-balcones-y-terrazas\/","og_site_name":"Ayuntamiento de Mula","article_published_time":"2021-03-26T19:30:11+00:00","og_image":[{"width":2560,"height":1920,"url":"https:\/\/i0.wp.com\/mula.es\/web\/wp-content\/uploads\/2021\/03\/Rueda-prensa-tambores-2021-scaled.jpg?fit=2560%2C1920&ssl=1","type":"image\/jpeg"}],"author":"admin","twitter_card":"summary_large_image","twitter_image":"https:\/\/mula.es\/web\/wp-content\/uploads\/2020\/06\/cropped-escudo-cuadrado.jpg","twitter_creator":"@AyuntamientMula","twitter_site":"@AyuntamientMula","twitter_misc":{"Escrito por":"admin","Tiempo de lectura":"2 minutos"},"schema":{"@context":"https:\/\/schema.org","@graph":[{"@type":"Article","@id":"https:\/\/mula.es\/web\/tambores-los-tambores-sonaran-este-martes-santo-desde-las-12-de-la-noche-y-durante-media-hora-desde-balcones-y-terrazas\/#article","isPartOf":{"@id":"https:\/\/mula.es\/web\/tambores-los-tambores-sonaran-este-martes-santo-desde-las-12-de-la-noche-y-durante-media-hora-desde-balcones-y-terrazas\/"},"author":{"name":"admin","@id":"https:\/\/mula.es\/web\/#\/schema\/person\/a0dbffe9f4a3ed4aaebedcfef02f71a1"},"headline":"TAMBORES| Los tambores sonar\u00e1n este Martes Santo desde las 12 de la noche y durante media hora desde balcones y terrazas","datePublished":"2021-03-26T19:30:11+00:00","mainEntityOfPage":{"@id":"https:\/\/mula.es\/web\/tambores-los-tambores-sonaran-este-martes-santo-desde-las-12-de-la-noche-y-durante-media-hora-desde-balcones-y-terrazas\/"},"wordCount":368,"image":{"@id":"https:\/\/mula.es\/web\/tambores-los-tambores-sonaran-este-martes-santo-desde-las-12-de-la-noche-y-durante-media-hora-desde-balcones-y-terrazas\/#primaryimage"},"thumbnailUrl":"https:\/\/mula.es\/web\/wp-content\/uploads\/2021\/03\/Rueda-prensa-tambores-2021-scaled.jpg","articleSection":["la noche de los tambores"],"inLanguage":"es"},{"@type":"WebPage","@id":"https:\/\/mula.es\/web\/tambores-los-tambores-sonaran-este-martes-santo-desde-las-12-de-la-noche-y-durante-media-hora-desde-balcones-y-terrazas\/","url":"https:\/\/mula.es\/web\/tambores-los-tambores-sonaran-este-martes-santo-desde-las-12-de-la-noche-y-durante-media-hora-desde-balcones-y-terrazas\/","name":"TAMBORES| Los tambores sonar\u00e1n este Martes Santo desde las 12 de la noche y durante media hora desde balcones y terrazas - Ayuntamiento de Mula","isPartOf":{"@id":"https:\/\/mula.es\/web\/#website"},"primaryImageOfPage":{"@id":"https:\/\/mula.es\/web\/tambores-los-tambores-sonaran-este-martes-santo-desde-las-12-de-la-noche-y-durante-media-hora-desde-balcones-y-terrazas\/#primaryimage"},"image":{"@id":"https:\/\/mula.es\/web\/tambores-los-tambores-sonaran-este-martes-santo-desde-las-12-de-la-noche-y-durante-media-hora-desde-balcones-y-terrazas\/#primaryimage"},"thumbnailUrl":"https:\/\/mula.es\/web\/wp-content\/uploads\/2021\/03\/Rueda-prensa-tambores-2021-scaled.jpg","datePublished":"2021-03-26T19:30:11+00:00","author":{"@id":"https:\/\/mula.es\/web\/#\/schema\/person\/a0dbffe9f4a3ed4aaebedcfef02f71a1"},"breadcrumb":{"@id":"https:\/\/mula.es\/web\/tambores-los-tambores-sonaran-este-martes-santo-desde-las-12-de-la-noche-y-durante-media-hora-desde-balcones-y-terrazas\/#breadcrumb"},"inLanguage":"es","potentialAction":[{"@type":"ReadAction","target":["https:\/\/mula.es\/web\/tambores-los-tambores-sonaran-este-martes-santo-desde-las-12-de-la-noche-y-durante-media-hora-desde-balcones-y-terrazas\/"]}]},{"@type":"ImageObject","inLanguage":"es","@id":"https:\/\/mula.es\/web\/tambores-los-tambores-sonaran-este-martes-santo-desde-las-12-de-la-noche-y-durante-media-hora-desde-balcones-y-terrazas\/#primaryimage","url":"https:\/\/mula.es\/web\/wp-content\/uploads\/2021\/03\/Rueda-prensa-tambores-2021-scaled.jpg","contentUrl":"https:\/\/mula.es\/web\/wp-content\/uploads\/2021\/03\/Rueda-prensa-tambores-2021-scaled.jpg","width":2560,"height":1920},{"@type":"BreadcrumbList","@id":"https:\/\/mula.es\/web\/tambores-los-tambores-sonaran-este-martes-santo-desde-las-12-de-la-noche-y-durante-media-hora-desde-balcones-y-terrazas\/#breadcrumb","itemListElement":[{"@type":"ListItem","position":1,"name":"Portada","item":"https:\/\/mula.es\/web\/"},{"@type":"ListItem","position":2,"name":"TAMBORES| Los tambores sonar\u00e1n este Martes Santo desde las 12 de la noche y durante media hora desde balcones y terrazas"}]},{"@type":"WebSite","@id":"https:\/\/mula.es\/web\/#website","url":"https:\/\/mula.es\/web\/","name":"Ayuntamiento de Mula","description":"P\u00e1gina web del Ayuntamiento de Mula (Regi\u00f3n de Murcia)","potentialAction":[{"@type":"SearchAction","target":{"@type":"EntryPoint","urlTemplate":"https:\/\/mula.es\/web\/?s={search_term_string}"},"query-input":{"@type":"PropertyValueSpecification","valueRequired":true,"valueName":"search_term_string"}}],"inLanguage":"es"},{"@type":"Person","@id":"https:\/\/mula.es\/web\/#\/schema\/person\/a0dbffe9f4a3ed4aaebedcfef02f71a1","name":"admin","image":{"@type":"ImageObject","inLanguage":"es","@id":"https:\/\/secure.gravatar.com\/avatar\/5423b9cd77f4c7f89a124365a268866f9dfee038c17fe9e37afd92b5920d810e?s=96&d=mm&r=g","url":"https:\/\/secure.gravatar.com\/avatar\/5423b9cd77f4c7f89a124365a268866f9dfee038c17fe9e37afd92b5920d810e?s=96&d=mm&r=g","contentUrl":"https:\/\/secure.gravatar.com\/avatar\/5423b9cd77f4c7f89a124365a268866f9dfee038c17fe9e37afd92b5920d810e?s=96&d=mm&r=g","caption":"admin"},"description":"Lorem ipsum dolor sit amet, consectetur adipiscing elit. Nam viverra euismod odio, gravida pellentesque urna varius vitae. Sed dui lorem, adipiscing in adipiscing et, interdum nec metus. Mauris ultricies, justo eu convallis placerat, felis enim ornare nisi, vitae mattis nulla ante id dui. Ut lectus purus, commodo et tincidunt vel, interdum sed lectus. Vestibulum adipiscing tempor nisi id elementi.","url":"https:\/\/mula.es\/web\/author\/jose-maria-boti\/"}]}},"jetpack_publicize_connections":[],"jetpack_featured_media_url":"https:\/\/mula.es\/web\/wp-content\/uploads\/2021\/03\/Rueda-prensa-tambores-2021-scaled.jpg","jetpack_sharing_enabled":true,"jetpack_shortlink":"https:\/\/wp.me\/pa9DMY-9NM","jetpack-related-posts":[],"_links":{"self":[{"href":"https:\/\/mula.es\/web\/wp-json\/wp\/v2\/posts\/37682","targetHints":{"allow":["GET"]}}],"collection":[{"href":"https:\/\/mula.es\/web\/wp-json\/wp\/v2\/posts"}],"about":[{"href":"https:\/\/mula.es\/web\/wp-json\/wp\/v2\/types\/post"}],"author":[{"embeddable":true,"href":"https:\/\/mula.es\/web\/wp-json\/wp\/v2\/users\/1"}],"replies":[{"embeddable":true,"href":"https:\/\/mula.es\/web\/wp-json\/wp\/v2\/comments?post=37682"}],"version-history":[{"count":1,"href":"https:\/\/mula.es\/web\/wp-json\/wp\/v2\/posts\/37682\/revisions"}],"predecessor-version":[{"id":37684,"href":"https:\/\/mula.es\/web\/wp-json\/wp\/v2\/posts\/37682\/revisions\/37684"}],"wp:featuredmedia":[{"embeddable":true,"href":"https:\/\/mula.es\/web\/wp-json\/wp\/v2\/media\/37683"}],"wp:attachment":[{"href":"https:\/\/mula.es\/web\/wp-json\/wp\/v2\/media?parent=37682"}],"wp:term":[{"taxonomy":"category","embeddable":true,"href":"https:\/\/mula.es\/web\/wp-json\/wp\/v2\/categories?post=37682"},{"taxonomy":"post_tag","embeddable":true,"href":"https:\/\/mula.es\/web\/wp-json\/wp\/v2\/tags?post=37682"}],"curies":[{"name":"wp","href":"https:\/\/api.w.org\/{rel}","templated":true}]}}