{"id":37878,"date":"2021-04-20T13:57:19","date_gmt":"2021-04-20T11:57:19","guid":{"rendered":"https:\/\/mula.es\/web\/?p=37878"},"modified":"2021-05-12T20:05:48","modified_gmt":"2021-05-12T18:05:48","slug":"covid19-cerca-de-1-200-personas-reciben-hoy-la-vacuna-contra-la-covid-19-en-mula","status":"publish","type":"post","link":"https:\/\/mula.es\/web\/covid19-cerca-de-1-200-personas-reciben-hoy-la-vacuna-contra-la-covid-19-en-mula\/","title":{"rendered":"SANIDAD | Cerca de 1.200 personas reciben hoy la vacuna contra la Covid-19 en Mula"},"content":{"rendered":"<div class=\"fusion-fullwidth fullwidth-box fusion-builder-row-1 fusion-flex-container hundred-percent-fullwidth non-hundred-percent-height-scrolling\" style=\"--awb-border-radius-top-left:0px;--awb-border-radius-top-right:0px;--awb-border-radius-bottom-right:0px;--awb-border-radius-bottom-left:0px;--awb-overflow:visible;--awb-flex-wrap:wrap;\" ><div class=\"fusion-builder-row fusion-row fusion-flex-align-items-flex-start fusion-flex-content-wrap\" style=\"width:calc( 100% + 0px ) !important;max-width:calc( 100% + 0px ) !important;margin-left: calc(-0px \/ 2 );margin-right: calc(-0px \/ 2 );\"><div class=\"fusion-layout-column fusion_builder_column fusion-builder-column-0 fusion_builder_column_1_1 1_1 fusion-flex-column\" style=\"--awb-bg-size:cover;--awb-width-large:100%;--awb-margin-top-large:0px;--awb-spacing-right-large:0px;--awb-margin-bottom-large:20px;--awb-spacing-left-large:0px;--awb-width-medium:100%;--awb-spacing-right-medium:0px;--awb-spacing-left-medium:0px;--awb-width-small:100%;--awb-spacing-right-small:0px;--awb-spacing-left-small:0px;\"><div class=\"fusion-column-wrapper fusion-flex-justify-content-flex-start fusion-content-layout-column\"><div class=\"fusion-text fusion-text-1\"><p style=\"text-align: justify;\">El alcalde de Mula, junto a las concejalas de Sanidad y Presidencia, ha visitado las dependencias del Centro de Salud donde se realiza la campa\u00f1a<\/p>\n<p style=\"text-align: justify;\">Este viernes tendr\u00e1 lugar la segunda vacunaci\u00f3n masiva en el municipio a mayores de 70 a\u00f1os en el pabell\u00f3n municipal<\/p>\n<p style=\"text-align: justify;\">Cerca de 1.200 personas del municipio han recibido la vacuna contra la Covid-19 en una jornada intensiva de vacunaci\u00f3n que daba comienzo a primera hora de la ma\u00f1ana y se prolongaba hasta la tarde.<\/p>\n<p style=\"text-align: justify;\">Esta es la primera gran vacunaci\u00f3n que tiene lugar en el Centro de Salud y ha correspondido a los mayores de 60 a\u00f1os. La campa\u00f1a seguir\u00e1 este mi\u00e9rcoles con la segunda dosis a mayores de 80 y el viernes una vacunaci\u00f3n masiva a mayores de 70 que se realizar\u00e1 en el pabell\u00f3n municipal.<\/p>\n<p style=\"text-align: justify;\">El alcalde de Mula, Juan Jes\u00fas Moreno, junto a las concejalas de Sanidad y de Presidencia, Antonia Gabarr\u00f3n y Alejandra Mart\u00ednez, respectivamente, ha visitado el Centro de Salud donde el coordinador, Javier Corbal\u00e1n, y la coordinadora de enfermer\u00eda, Soledad Mar\u00edn, les han explicado c\u00f3mo estaba desarroll\u00e1ndose la vacunaci\u00f3n y el hecho de que todo estaba funcionando a la perfecci\u00f3n sin ning\u00fan contratiempo.<\/p>\n<p style=\"text-align: justify;\">\u201cHe visto a la gente ilusionada de poder finalmente recibir la vacuna. Tenemos una semana importante de vacunaci\u00f3n donde m\u00e1s de 4.000 vecinos recibir\u00e1n la dosis, pero es importante no bajar la guardia porque esto no significa que el virus se haya ido. Esperamos que muchos m\u00e1s vecinos puedan recibir su dosis en breve y que, como indican durante el oto\u00f1o pueda haber una inmunidad de reba\u00f1o real y podamos empezar a volver a la normalidad\u201d.<\/p>\n<\/div><\/div><\/div><div class=\"fusion-layout-column fusion_builder_column fusion-builder-column-1 fusion_builder_column_1_1 1_1 fusion-flex-column\" style=\"--awb-bg-size:cover;--awb-width-large:100%;--awb-margin-top-large:0px;--awb-spacing-right-large:0px;--awb-margin-bottom-large:20px;--awb-spacing-left-large:0px;--awb-width-medium:100%;--awb-spacing-right-medium:0px;--awb-spacing-left-medium:0px;--awb-width-small:100%;--awb-spacing-right-small:0px;--awb-spacing-left-small:0px;\"><div class=\"fusion-column-wrapper fusion-flex-justify-content-flex-start fusion-content-layout-column\"><div class=\"fusion-image-carousel fusion-image-carousel-auto fusion-image-carousel-1 lightbox-enabled fusion-carousel-border\"><div class=\"awb-carousel awb-swiper awb-swiper-carousel awb-carousel--carousel awb-swiper-dots-position-bottom\" data-layout=\"carousel\" data-autoplay=\"no\" data-autoplayspeed=\"2500\" data-autoplaypause=\"no\" data-loop=\"yes\" data-columns=\"3\" data-columnsmedium=\"1\" data-columnssmall=\"1\" data-itemmargin=\"13\" data-itemwidth=\"180\" data-touchscroll=\"no\" data-freemode=\"no\" data-imagesize=\"auto\" data-scrollitems=\"0\" data-centeredslides=\"no\" data-rotationangle=\"50\" data-depth=\"100\" data-speed=\"500\" data-shadow=\"no\" data-pagination=\"bullets\" style=\"--awb-columns:3;--awb-border-width:1px;--awb-border-color:#e9eaee;\"><div class=\"swiper-wrapper awb-image-carousel-wrapper fusion-flex-align-items-center\"><div class=\"swiper-slide\"><div class=\"fusion-carousel-item-wrapper\"><div class=\"fusion-image-wrapper hover-type-none\"><a data-rel=\"iLightbox[image_carousel_1]\" data-title=\"vacunas1\" aria-label=\"vacunas1\" href=\"https:\/\/mula.es\/web\/wp-content\/uploads\/2021\/04\/vacunas1.jpg\" target=\"_self\"><img decoding=\"async\" width=\"2016\" height=\"1512\" src=\"https:\/\/mula.es\/web\/wp-content\/uploads\/2021\/04\/vacunas1.jpg\" class=\"attachment-full size-full\" alt=\"\" srcset=\"https:\/\/mula.es\/web\/wp-content\/uploads\/2021\/04\/vacunas1-200x150.jpg 200w, https:\/\/mula.es\/web\/wp-content\/uploads\/2021\/04\/vacunas1-400x300.jpg 400w, https:\/\/mula.es\/web\/wp-content\/uploads\/2021\/04\/vacunas1-600x450.jpg 600w, https:\/\/mula.es\/web\/wp-content\/uploads\/2021\/04\/vacunas1-800x600.jpg 800w, https:\/\/mula.es\/web\/wp-content\/uploads\/2021\/04\/vacunas1-1200x900.jpg 1200w, https:\/\/mula.es\/web\/wp-content\/uploads\/2021\/04\/vacunas1.jpg 2016w\" sizes=\"(min-width: 2200px) 100vw, (min-width: 784px) 358px, (min-width: 712px) 537px, (min-width: 640px) 712px, \" data-attachment-id=\"37880\" data-permalink=\"https:\/\/mula.es\/web\/vacunas1\/\" data-orig-file=\"https:\/\/mula.es\/web\/wp-content\/uploads\/2021\/04\/vacunas1.jpg\" data-orig-size=\"2016,1512\" data-comments-opened=\"0\" data-image-meta=\"{&quot;aperture&quot;:&quot;1.8&quot;,&quot;credit&quot;:&quot;&quot;,&quot;camera&quot;:&quot;iPhone 11 Pro&quot;,&quot;caption&quot;:&quot;&quot;,&quot;created_timestamp&quot;:&quot;1618920549&quot;,&quot;copyright&quot;:&quot;&quot;,&quot;focal_length&quot;:&quot;4.25&quot;,&quot;iso&quot;:&quot;32&quot;,&quot;shutter_speed&quot;:&quot;0.00025100401606426&quot;,&quot;title&quot;:&quot;&quot;,&quot;orientation&quot;:&quot;1&quot;}\" data-image-title=\"vacunas1\" data-image-description=\"\" data-image-caption=\"\" data-large-file=\"https:\/\/mula.es\/web\/wp-content\/uploads\/2021\/04\/vacunas1-1024x768.jpg\" \/><\/a><\/div><\/div><\/div><div class=\"swiper-slide\"><div class=\"fusion-carousel-item-wrapper\"><div class=\"fusion-image-wrapper hover-type-none\"><a data-rel=\"iLightbox[image_carousel_1]\" data-title=\"vacunas2\" aria-label=\"vacunas2\" href=\"https:\/\/mula.es\/web\/wp-content\/uploads\/2021\/04\/vacunas2.jpg\" target=\"_self\"><img decoding=\"async\" width=\"2016\" height=\"1512\" src=\"https:\/\/mula.es\/web\/wp-content\/uploads\/2021\/04\/vacunas2.jpg\" class=\"attachment-full size-full\" alt=\"\" srcset=\"https:\/\/mula.es\/web\/wp-content\/uploads\/2021\/04\/vacunas2-200x150.jpg 200w, https:\/\/mula.es\/web\/wp-content\/uploads\/2021\/04\/vacunas2-400x300.jpg 400w, https:\/\/mula.es\/web\/wp-content\/uploads\/2021\/04\/vacunas2-600x450.jpg 600w, https:\/\/mula.es\/web\/wp-content\/uploads\/2021\/04\/vacunas2-800x600.jpg 800w, https:\/\/mula.es\/web\/wp-content\/uploads\/2021\/04\/vacunas2-1200x900.jpg 1200w, https:\/\/mula.es\/web\/wp-content\/uploads\/2021\/04\/vacunas2.jpg 2016w\" sizes=\"(min-width: 2200px) 100vw, (min-width: 784px) 358px, (min-width: 712px) 537px, (min-width: 640px) 712px, \" data-attachment-id=\"37881\" data-permalink=\"https:\/\/mula.es\/web\/vacunas2\/\" data-orig-file=\"https:\/\/mula.es\/web\/wp-content\/uploads\/2021\/04\/vacunas2.jpg\" data-orig-size=\"2016,1512\" data-comments-opened=\"0\" data-image-meta=\"{&quot;aperture&quot;:&quot;1.8&quot;,&quot;credit&quot;:&quot;&quot;,&quot;camera&quot;:&quot;iPhone 11 Pro&quot;,&quot;caption&quot;:&quot;&quot;,&quot;created_timestamp&quot;:&quot;1618919048&quot;,&quot;copyright&quot;:&quot;&quot;,&quot;focal_length&quot;:&quot;4.25&quot;,&quot;iso&quot;:&quot;32&quot;,&quot;shutter_speed&quot;:&quot;0.00046707146193368&quot;,&quot;title&quot;:&quot;&quot;,&quot;orientation&quot;:&quot;1&quot;}\" data-image-title=\"vacunas2\" data-image-description=\"\" data-image-caption=\"\" data-large-file=\"https:\/\/mula.es\/web\/wp-content\/uploads\/2021\/04\/vacunas2-1024x768.jpg\" \/><\/a><\/div><\/div><\/div><div class=\"swiper-slide\"><div class=\"fusion-carousel-item-wrapper\"><div class=\"fusion-image-wrapper hover-type-none\"><a data-rel=\"iLightbox[image_carousel_1]\" data-title=\"vacunas3\" aria-label=\"vacunas3\" href=\"https:\/\/mula.es\/web\/wp-content\/uploads\/2021\/04\/vacunas3.jpg\" target=\"_self\"><img decoding=\"async\" width=\"2016\" height=\"1512\" src=\"https:\/\/mula.es\/web\/wp-content\/uploads\/2021\/04\/vacunas3.jpg\" class=\"attachment-full size-full\" alt=\"\" srcset=\"https:\/\/mula.es\/web\/wp-content\/uploads\/2021\/04\/vacunas3-200x150.jpg 200w, https:\/\/mula.es\/web\/wp-content\/uploads\/2021\/04\/vacunas3-400x300.jpg 400w, https:\/\/mula.es\/web\/wp-content\/uploads\/2021\/04\/vacunas3-600x450.jpg 600w, https:\/\/mula.es\/web\/wp-content\/uploads\/2021\/04\/vacunas3-800x600.jpg 800w, https:\/\/mula.es\/web\/wp-content\/uploads\/2021\/04\/vacunas3-1200x900.jpg 1200w, https:\/\/mula.es\/web\/wp-content\/uploads\/2021\/04\/vacunas3.jpg 2016w\" sizes=\"(min-width: 2200px) 100vw, (min-width: 784px) 358px, (min-width: 712px) 537px, (min-width: 640px) 712px, \" data-attachment-id=\"37882\" data-permalink=\"https:\/\/mula.es\/web\/vacunas3\/\" data-orig-file=\"https:\/\/mula.es\/web\/wp-content\/uploads\/2021\/04\/vacunas3.jpg\" data-orig-size=\"2016,1512\" data-comments-opened=\"0\" data-image-meta=\"{&quot;aperture&quot;:&quot;1.8&quot;,&quot;credit&quot;:&quot;&quot;,&quot;camera&quot;:&quot;iPhone 11 Pro&quot;,&quot;caption&quot;:&quot;&quot;,&quot;created_timestamp&quot;:&quot;1618918793&quot;,&quot;copyright&quot;:&quot;&quot;,&quot;focal_length&quot;:&quot;4.25&quot;,&quot;iso&quot;:&quot;32&quot;,&quot;shutter_speed&quot;:&quot;0.0019342359767892&quot;,&quot;title&quot;:&quot;&quot;,&quot;orientation&quot;:&quot;1&quot;}\" data-image-title=\"vacunas3\" data-image-description=\"\" data-image-caption=\"\" data-large-file=\"https:\/\/mula.es\/web\/wp-content\/uploads\/2021\/04\/vacunas3-1024x768.jpg\" \/><\/a><\/div><\/div><\/div><\/div><div class=\"awb-swiper-button awb-swiper-button-prev\"><i class=\"awb-icon-angle-left\" aria-hidden=\"true\"><\/i><\/div><div class=\"awb-swiper-button awb-swiper-button-next\"><i class=\"awb-icon-angle-right\" aria-hidden=\"true\"><\/i><\/div><\/div><\/div><\/div><\/div><\/div><\/div>\n","protected":false},"excerpt":{"rendered":"","protected":false},"author":9,"featured_media":37879,"comment_status":"closed","ping_status":"closed","sticky":false,"template":"","format":"standard","meta":{"jetpack_post_was_ever_published":false,"_jetpack_newsletter_access":"","_jetpack_dont_email_post_to_subs":false,"_jetpack_newsletter_tier_id":0,"_jetpack_memberships_contains_paywalled_content":false,"_jetpack_memberships_contains_paid_content":false,"footnotes":"","jetpack_publicize_message":"","jetpack_publicize_feature_enabled":true,"jetpack_social_post_already_shared":false,"jetpack_social_options":{"image_generator_settings":{"template":"highway","default_image_id":0,"font":"","enabled":false},"version":2}},"categories":[664,90],"tags":[],"class_list":["post-37878","post","type-post","status-publish","format-standard","has-post-thumbnail","hentry","category-coronavirus","category-sanidad"],"yoast_head":"<!-- This site is optimized with the Yoast SEO plugin v27.5 - https:\/\/yoast.com\/product\/yoast-seo-wordpress\/ -->\n<title>SANIDAD | Cerca de 1.200 personas reciben hoy la vacuna contra la Covid-19 en Mula - Ayuntamiento de Mula<\/title>\n<meta name=\"robots\" content=\"index, follow, max-snippet:-1, max-image-preview:large, max-video-preview:-1\" \/>\n<link rel=\"canonical\" href=\"https:\/\/mula.es\/web\/covid19-cerca-de-1-200-personas-reciben-hoy-la-vacuna-contra-la-covid-19-en-mula\/\" \/>\n<meta property=\"og:locale\" content=\"es_ES\" \/>\n<meta property=\"og:type\" content=\"article\" \/>\n<meta property=\"og:title\" content=\"SANIDAD | Cerca de 1.200 personas reciben hoy la vacuna contra la Covid-19 en Mula - Ayuntamiento de Mula\" \/>\n<meta property=\"og:url\" content=\"https:\/\/mula.es\/web\/covid19-cerca-de-1-200-personas-reciben-hoy-la-vacuna-contra-la-covid-19-en-mula\/\" \/>\n<meta property=\"og:site_name\" content=\"Ayuntamiento de Mula\" \/>\n<meta property=\"article:published_time\" content=\"2021-04-20T11:57:19+00:00\" \/>\n<meta property=\"article:modified_time\" content=\"2021-05-12T18:05:48+00:00\" \/>\n<meta property=\"og:image\" content=\"https:\/\/i0.wp.com\/mula.es\/web\/wp-content\/uploads\/2021\/04\/IMG_1511.jpg?fit=2016%2C1512&ssl=1\" \/>\n\t<meta property=\"og:image:width\" content=\"2016\" \/>\n\t<meta property=\"og:image:height\" content=\"1512\" \/>\n\t<meta property=\"og:image:type\" content=\"image\/jpeg\" \/>\n<meta name=\"author\" content=\"Rosario Mart\u00ednez\" \/>\n<meta name=\"twitter:card\" content=\"summary_large_image\" \/>\n<meta name=\"twitter:image\" content=\"https:\/\/mula.es\/web\/wp-content\/uploads\/2020\/06\/escudo-cuadrado-e1591045058235.jpg\" \/>\n<meta name=\"twitter:creator\" content=\"@AyuntamientMula\" \/>\n<meta name=\"twitter:site\" content=\"@AyuntamientMula\" \/>\n<meta name=\"twitter:label1\" content=\"Escrito por\" \/>\n\t<meta name=\"twitter:data1\" content=\"Rosario Mart\u00ednez\" \/>\n\t<meta name=\"twitter:label2\" content=\"Tiempo de lectura\" \/>\n\t<meta name=\"twitter:data2\" content=\"2 minutos\" \/>\n<script type=\"application\/ld+json\" class=\"yoast-schema-graph\">{\"@context\":\"https:\\\/\\\/schema.org\",\"@graph\":[{\"@type\":\"Article\",\"@id\":\"https:\\\/\\\/mula.es\\\/web\\\/covid19-cerca-de-1-200-personas-reciben-hoy-la-vacuna-contra-la-covid-19-en-mula\\\/#article\",\"isPartOf\":{\"@id\":\"https:\\\/\\\/mula.es\\\/web\\\/covid19-cerca-de-1-200-personas-reciben-hoy-la-vacuna-contra-la-covid-19-en-mula\\\/\"},\"author\":{\"name\":\"Rosario Mart\u00ednez\",\"@id\":\"https:\\\/\\\/mula.es\\\/web\\\/#\\\/schema\\\/person\\\/f8d63bd3ab6e7b025268b909b7ab0771\"},\"headline\":\"SANIDAD | Cerca de 1.200 personas reciben hoy la vacuna contra la Covid-19 en Mula\",\"datePublished\":\"2021-04-20T11:57:19+00:00\",\"dateModified\":\"2021-05-12T18:05:48+00:00\",\"mainEntityOfPage\":{\"@id\":\"https:\\\/\\\/mula.es\\\/web\\\/covid19-cerca-de-1-200-personas-reciben-hoy-la-vacuna-contra-la-covid-19-en-mula\\\/\"},\"wordCount\":517,\"image\":{\"@id\":\"https:\\\/\\\/mula.es\\\/web\\\/covid19-cerca-de-1-200-personas-reciben-hoy-la-vacuna-contra-la-covid-19-en-mula\\\/#primaryimage\"},\"thumbnailUrl\":\"https:\\\/\\\/mula.es\\\/web\\\/wp-content\\\/uploads\\\/2021\\\/04\\\/IMG_1511.jpg\",\"articleSection\":[\"coronavirus\",\"sanidad\"],\"inLanguage\":\"es\"},{\"@type\":\"WebPage\",\"@id\":\"https:\\\/\\\/mula.es\\\/web\\\/covid19-cerca-de-1-200-personas-reciben-hoy-la-vacuna-contra-la-covid-19-en-mula\\\/\",\"url\":\"https:\\\/\\\/mula.es\\\/web\\\/covid19-cerca-de-1-200-personas-reciben-hoy-la-vacuna-contra-la-covid-19-en-mula\\\/\",\"name\":\"SANIDAD | Cerca de 1.200 personas reciben hoy la vacuna contra la Covid-19 en Mula - Ayuntamiento de Mula\",\"isPartOf\":{\"@id\":\"https:\\\/\\\/mula.es\\\/web\\\/#website\"},\"primaryImageOfPage\":{\"@id\":\"https:\\\/\\\/mula.es\\\/web\\\/covid19-cerca-de-1-200-personas-reciben-hoy-la-vacuna-contra-la-covid-19-en-mula\\\/#primaryimage\"},\"image\":{\"@id\":\"https:\\\/\\\/mula.es\\\/web\\\/covid19-cerca-de-1-200-personas-reciben-hoy-la-vacuna-contra-la-covid-19-en-mula\\\/#primaryimage\"},\"thumbnailUrl\":\"https:\\\/\\\/mula.es\\\/web\\\/wp-content\\\/uploads\\\/2021\\\/04\\\/IMG_1511.jpg\",\"datePublished\":\"2021-04-20T11:57:19+00:00\",\"dateModified\":\"2021-05-12T18:05:48+00:00\",\"author\":{\"@id\":\"https:\\\/\\\/mula.es\\\/web\\\/#\\\/schema\\\/person\\\/f8d63bd3ab6e7b025268b909b7ab0771\"},\"breadcrumb\":{\"@id\":\"https:\\\/\\\/mula.es\\\/web\\\/covid19-cerca-de-1-200-personas-reciben-hoy-la-vacuna-contra-la-covid-19-en-mula\\\/#breadcrumb\"},\"inLanguage\":\"es\",\"potentialAction\":[{\"@type\":\"ReadAction\",\"target\":[\"https:\\\/\\\/mula.es\\\/web\\\/covid19-cerca-de-1-200-personas-reciben-hoy-la-vacuna-contra-la-covid-19-en-mula\\\/\"]}]},{\"@type\":\"ImageObject\",\"inLanguage\":\"es\",\"@id\":\"https:\\\/\\\/mula.es\\\/web\\\/covid19-cerca-de-1-200-personas-reciben-hoy-la-vacuna-contra-la-covid-19-en-mula\\\/#primaryimage\",\"url\":\"https:\\\/\\\/mula.es\\\/web\\\/wp-content\\\/uploads\\\/2021\\\/04\\\/IMG_1511.jpg\",\"contentUrl\":\"https:\\\/\\\/mula.es\\\/web\\\/wp-content\\\/uploads\\\/2021\\\/04\\\/IMG_1511.jpg\",\"width\":2016,\"height\":1512},{\"@type\":\"BreadcrumbList\",\"@id\":\"https:\\\/\\\/mula.es\\\/web\\\/covid19-cerca-de-1-200-personas-reciben-hoy-la-vacuna-contra-la-covid-19-en-mula\\\/#breadcrumb\",\"itemListElement\":[{\"@type\":\"ListItem\",\"position\":1,\"name\":\"Portada\",\"item\":\"https:\\\/\\\/mula.es\\\/web\\\/\"},{\"@type\":\"ListItem\",\"position\":2,\"name\":\"SANIDAD | Cerca de 1.200 personas reciben hoy la vacuna contra la Covid-19 en Mula\"}]},{\"@type\":\"WebSite\",\"@id\":\"https:\\\/\\\/mula.es\\\/web\\\/#website\",\"url\":\"https:\\\/\\\/mula.es\\\/web\\\/\",\"name\":\"Ayuntamiento de Mula\",\"description\":\"P\u00e1gina web del Ayuntamiento de Mula (Regi\u00f3n de Murcia)\",\"potentialAction\":[{\"@type\":\"SearchAction\",\"target\":{\"@type\":\"EntryPoint\",\"urlTemplate\":\"https:\\\/\\\/mula.es\\\/web\\\/?s={search_term_string}\"},\"query-input\":{\"@type\":\"PropertyValueSpecification\",\"valueRequired\":true,\"valueName\":\"search_term_string\"}}],\"inLanguage\":\"es\"},{\"@type\":\"Person\",\"@id\":\"https:\\\/\\\/mula.es\\\/web\\\/#\\\/schema\\\/person\\\/f8d63bd3ab6e7b025268b909b7ab0771\",\"name\":\"Rosario Mart\u00ednez\",\"image\":{\"@type\":\"ImageObject\",\"inLanguage\":\"es\",\"@id\":\"https:\\\/\\\/secure.gravatar.com\\\/avatar\\\/ce916b980ac93e5b1d36e6068357675d4e089a572ebc8789fcb807c2fb2edfef?s=96&d=mm&r=g\",\"url\":\"https:\\\/\\\/secure.gravatar.com\\\/avatar\\\/ce916b980ac93e5b1d36e6068357675d4e089a572ebc8789fcb807c2fb2edfef?s=96&d=mm&r=g\",\"contentUrl\":\"https:\\\/\\\/secure.gravatar.com\\\/avatar\\\/ce916b980ac93e5b1d36e6068357675d4e089a572ebc8789fcb807c2fb2edfef?s=96&d=mm&r=g\",\"caption\":\"Rosario Mart\u00ednez\"},\"url\":\"https:\\\/\\\/mula.es\\\/web\\\/author\\\/rmartinez\\\/\"}]}<\/script>\n<!-- \/ Yoast SEO plugin. -->","yoast_head_json":{"title":"SANIDAD | Cerca de 1.200 personas reciben hoy la vacuna contra la Covid-19 en Mula - Ayuntamiento de Mula","robots":{"index":"index","follow":"follow","max-snippet":"max-snippet:-1","max-image-preview":"max-image-preview:large","max-video-preview":"max-video-preview:-1"},"canonical":"https:\/\/mula.es\/web\/covid19-cerca-de-1-200-personas-reciben-hoy-la-vacuna-contra-la-covid-19-en-mula\/","og_locale":"es_ES","og_type":"article","og_title":"SANIDAD | Cerca de 1.200 personas reciben hoy la vacuna contra la Covid-19 en Mula - Ayuntamiento de Mula","og_url":"https:\/\/mula.es\/web\/covid19-cerca-de-1-200-personas-reciben-hoy-la-vacuna-contra-la-covid-19-en-mula\/","og_site_name":"Ayuntamiento de Mula","article_published_time":"2021-04-20T11:57:19+00:00","article_modified_time":"2021-05-12T18:05:48+00:00","og_image":[{"width":2016,"height":1512,"url":"https:\/\/i0.wp.com\/mula.es\/web\/wp-content\/uploads\/2021\/04\/IMG_1511.jpg?fit=2016%2C1512&ssl=1","type":"image\/jpeg"}],"author":"Rosario Mart\u00ednez","twitter_card":"summary_large_image","twitter_image":"https:\/\/mula.es\/web\/wp-content\/uploads\/2020\/06\/escudo-cuadrado-e1591045058235.jpg","twitter_creator":"@AyuntamientMula","twitter_site":"@AyuntamientMula","twitter_misc":{"Escrito por":"Rosario Mart\u00ednez","Tiempo de lectura":"2 minutos"},"schema":{"@context":"https:\/\/schema.org","@graph":[{"@type":"Article","@id":"https:\/\/mula.es\/web\/covid19-cerca-de-1-200-personas-reciben-hoy-la-vacuna-contra-la-covid-19-en-mula\/#article","isPartOf":{"@id":"https:\/\/mula.es\/web\/covid19-cerca-de-1-200-personas-reciben-hoy-la-vacuna-contra-la-covid-19-en-mula\/"},"author":{"name":"Rosario Mart\u00ednez","@id":"https:\/\/mula.es\/web\/#\/schema\/person\/f8d63bd3ab6e7b025268b909b7ab0771"},"headline":"SANIDAD | Cerca de 1.200 personas reciben hoy la vacuna contra la Covid-19 en Mula","datePublished":"2021-04-20T11:57:19+00:00","dateModified":"2021-05-12T18:05:48+00:00","mainEntityOfPage":{"@id":"https:\/\/mula.es\/web\/covid19-cerca-de-1-200-personas-reciben-hoy-la-vacuna-contra-la-covid-19-en-mula\/"},"wordCount":517,"image":{"@id":"https:\/\/mula.es\/web\/covid19-cerca-de-1-200-personas-reciben-hoy-la-vacuna-contra-la-covid-19-en-mula\/#primaryimage"},"thumbnailUrl":"https:\/\/mula.es\/web\/wp-content\/uploads\/2021\/04\/IMG_1511.jpg","articleSection":["coronavirus","sanidad"],"inLanguage":"es"},{"@type":"WebPage","@id":"https:\/\/mula.es\/web\/covid19-cerca-de-1-200-personas-reciben-hoy-la-vacuna-contra-la-covid-19-en-mula\/","url":"https:\/\/mula.es\/web\/covid19-cerca-de-1-200-personas-reciben-hoy-la-vacuna-contra-la-covid-19-en-mula\/","name":"SANIDAD | Cerca de 1.200 personas reciben hoy la vacuna contra la Covid-19 en Mula - Ayuntamiento de Mula","isPartOf":{"@id":"https:\/\/mula.es\/web\/#website"},"primaryImageOfPage":{"@id":"https:\/\/mula.es\/web\/covid19-cerca-de-1-200-personas-reciben-hoy-la-vacuna-contra-la-covid-19-en-mula\/#primaryimage"},"image":{"@id":"https:\/\/mula.es\/web\/covid19-cerca-de-1-200-personas-reciben-hoy-la-vacuna-contra-la-covid-19-en-mula\/#primaryimage"},"thumbnailUrl":"https:\/\/mula.es\/web\/wp-content\/uploads\/2021\/04\/IMG_1511.jpg","datePublished":"2021-04-20T11:57:19+00:00","dateModified":"2021-05-12T18:05:48+00:00","author":{"@id":"https:\/\/mula.es\/web\/#\/schema\/person\/f8d63bd3ab6e7b025268b909b7ab0771"},"breadcrumb":{"@id":"https:\/\/mula.es\/web\/covid19-cerca-de-1-200-personas-reciben-hoy-la-vacuna-contra-la-covid-19-en-mula\/#breadcrumb"},"inLanguage":"es","potentialAction":[{"@type":"ReadAction","target":["https:\/\/mula.es\/web\/covid19-cerca-de-1-200-personas-reciben-hoy-la-vacuna-contra-la-covid-19-en-mula\/"]}]},{"@type":"ImageObject","inLanguage":"es","@id":"https:\/\/mula.es\/web\/covid19-cerca-de-1-200-personas-reciben-hoy-la-vacuna-contra-la-covid-19-en-mula\/#primaryimage","url":"https:\/\/mula.es\/web\/wp-content\/uploads\/2021\/04\/IMG_1511.jpg","contentUrl":"https:\/\/mula.es\/web\/wp-content\/uploads\/2021\/04\/IMG_1511.jpg","width":2016,"height":1512},{"@type":"BreadcrumbList","@id":"https:\/\/mula.es\/web\/covid19-cerca-de-1-200-personas-reciben-hoy-la-vacuna-contra-la-covid-19-en-mula\/#breadcrumb","itemListElement":[{"@type":"ListItem","position":1,"name":"Portada","item":"https:\/\/mula.es\/web\/"},{"@type":"ListItem","position":2,"name":"SANIDAD | Cerca de 1.200 personas reciben hoy la vacuna contra la Covid-19 en Mula"}]},{"@type":"WebSite","@id":"https:\/\/mula.es\/web\/#website","url":"https:\/\/mula.es\/web\/","name":"Ayuntamiento de Mula","description":"P\u00e1gina web del Ayuntamiento de Mula (Regi\u00f3n de Murcia)","potentialAction":[{"@type":"SearchAction","target":{"@type":"EntryPoint","urlTemplate":"https:\/\/mula.es\/web\/?s={search_term_string}"},"query-input":{"@type":"PropertyValueSpecification","valueRequired":true,"valueName":"search_term_string"}}],"inLanguage":"es"},{"@type":"Person","@id":"https:\/\/mula.es\/web\/#\/schema\/person\/f8d63bd3ab6e7b025268b909b7ab0771","name":"Rosario Mart\u00ednez","image":{"@type":"ImageObject","inLanguage":"es","@id":"https:\/\/secure.gravatar.com\/avatar\/ce916b980ac93e5b1d36e6068357675d4e089a572ebc8789fcb807c2fb2edfef?s=96&d=mm&r=g","url":"https:\/\/secure.gravatar.com\/avatar\/ce916b980ac93e5b1d36e6068357675d4e089a572ebc8789fcb807c2fb2edfef?s=96&d=mm&r=g","contentUrl":"https:\/\/secure.gravatar.com\/avatar\/ce916b980ac93e5b1d36e6068357675d4e089a572ebc8789fcb807c2fb2edfef?s=96&d=mm&r=g","caption":"Rosario Mart\u00ednez"},"url":"https:\/\/mula.es\/web\/author\/rmartinez\/"}]}},"jetpack_publicize_connections":[],"jetpack_featured_media_url":"https:\/\/mula.es\/web\/wp-content\/uploads\/2021\/04\/IMG_1511.jpg","jetpack_sharing_enabled":true,"jetpack_shortlink":"https:\/\/wp.me\/pa9DMY-9QW","jetpack-related-posts":[],"_links":{"self":[{"href":"https:\/\/mula.es\/web\/wp-json\/wp\/v2\/posts\/37878","targetHints":{"allow":["GET"]}}],"collection":[{"href":"https:\/\/mula.es\/web\/wp-json\/wp\/v2\/posts"}],"about":[{"href":"https:\/\/mula.es\/web\/wp-json\/wp\/v2\/types\/post"}],"author":[{"embeddable":true,"href":"https:\/\/mula.es\/web\/wp-json\/wp\/v2\/users\/9"}],"replies":[{"embeddable":true,"href":"https:\/\/mula.es\/web\/wp-json\/wp\/v2\/comments?post=37878"}],"version-history":[{"count":3,"href":"https:\/\/mula.es\/web\/wp-json\/wp\/v2\/posts\/37878\/revisions"}],"predecessor-version":[{"id":38441,"href":"https:\/\/mula.es\/web\/wp-json\/wp\/v2\/posts\/37878\/revisions\/38441"}],"wp:featuredmedia":[{"embeddable":true,"href":"https:\/\/mula.es\/web\/wp-json\/wp\/v2\/media\/37879"}],"wp:attachment":[{"href":"https:\/\/mula.es\/web\/wp-json\/wp\/v2\/media?parent=37878"}],"wp:term":[{"taxonomy":"category","embeddable":true,"href":"https:\/\/mula.es\/web\/wp-json\/wp\/v2\/categories?post=37878"},{"taxonomy":"post_tag","embeddable":true,"href":"https:\/\/mula.es\/web\/wp-json\/wp\/v2\/tags?post=37878"}],"curies":[{"name":"wp","href":"https:\/\/api.w.org\/{rel}","templated":true}]}}