{"id":37978,"date":"2021-04-28T08:23:25","date_gmt":"2021-04-28T06:23:25","guid":{"rendered":"https:\/\/mula.es\/web\/?p=37978"},"modified":"2021-04-28T08:23:25","modified_gmt":"2021-04-28T06:23:25","slug":"educacion-el-servicio-municipal-para-la-prevencion-seguimiento-y-control-del-absentismo-escolar-disena-actividades-y-materiales-educativos-para-reforzar-el-trabajo-desarrollado-desde-los-centros-ed","status":"publish","type":"post","link":"https:\/\/mula.es\/web\/educacion-el-servicio-municipal-para-la-prevencion-seguimiento-y-control-del-absentismo-escolar-disena-actividades-y-materiales-educativos-para-reforzar-el-trabajo-desarrollado-desde-los-centros-ed\/","title":{"rendered":"EDUCACI\u00d3N | El Servicio Municipal para la prevenci\u00f3n, seguimiento y control del absentismo escolar dise\u00f1a actividades y materiales educativos para reforzar el trabajo desarrollado desde los centros educativos"},"content":{"rendered":"<p style=\"text-align: justify;\">Se pone en marcha la campa\u00f1a \u2018No te quedes fuera, no los dejes fuera\u2019 dirigida al alumnado y sus familias para que hagan prevalecer el derecho de los menores a recibir formaci\u00f3n<\/p>\n<p style=\"text-align: justify;\">El Servicio Municipal para la prevenci\u00f3n, seguimiento y control del absentismo y fracaso escolar, subvencionado por la consejer\u00eda de Educaci\u00f3n y Cultura y el Fondo Social Europeo, ha dise\u00f1ado una serie de actividades y materiales educativos para reforzar el trabajo que desde los centros educativos se est\u00e1 llevando a cabo en la prevenci\u00f3n, seguimiento y control del absentismo y fracaso escolar, seg\u00fan ha dado a conocer el concejal de Educaci\u00f3n, Diego Boluda.<\/p>\n<p style=\"text-align: justify;\">Es responsabilidad de las administraciones velar por el cumplimiento de la escolaridad obligatoria de acuerdo con la normativa vigente, impulsando cuantas acciones sean necesarias para que la asistencia del alumnado de todos los centros educativos sea una realidad diaria.<\/p>\n<p style=\"text-align: justify;\">Con esta intenci\u00f3n se pone en marcha esta campa\u00f1a, bajo el lema \u201cNO TE QUEDES FUERA, NO LOS DEJES FUERA\u201d dirigida al alumnado y sus familias para que hagan prevalecer este derecho de los menores a recibir formaci\u00f3n.<\/p>\n<p style=\"text-align: justify;\">Las actuaciones para la prevenci\u00f3n del absentismo escolar se llevan a cabo de manera continuada desde comienzos de curso tanto por parte de los profesionales de los centros educativos como de los profesionales del Ayuntamiento, con el dise\u00f1o de estos materiales did\u00e1cticos se ha pretendido la creaci\u00f3n de un soporte educativo que facilite el trabajo a los profesionales de los Centros Educativos en la lucha contra el absentismo escolar.<\/p>\n<p style=\"text-align: justify;\">El concejal agradec\u00eda la implicaci\u00f3n en el desarrollo de dicho proyecto de la t\u00e9cnica de Educaci\u00f3n y Absentismo, Julia Gim\u00e9nez as\u00ed como de Ana Garc\u00eda. Destacaba que el OPIAM (\u00d3rgano de Participaci\u00f3n Infantil y Adolescente de Mula), de reciente creaci\u00f3n, ha participado implic\u00e1ndose en la propuesta y programaci\u00f3n de dichas actividades, consiguiendo que este nuevo organismo municipal est\u00e9 dando sus primeros pasos.<\/p>\n","protected":false},"excerpt":{"rendered":"<p>Se pone en marcha la campa\u00f1a \u2018No te quedes fuera, no los dejes fuera\u2019 dirigida al alumnado y sus familias para que hagan prevalecer el derecho de los menores a recibir formaci\u00f3n El Servicio Municipal para la prevenci\u00f3n, seguimiento y control del absentismo y fracaso escolar, subvencionado por la consejer\u00eda de Educaci\u00f3n y Cultura y  [&#8230;]<\/p>\n","protected":false},"author":9,"featured_media":37979,"comment_status":"closed","ping_status":"closed","sticky":false,"template":"","format":"standard","meta":{"jetpack_post_was_ever_published":false,"_jetpack_newsletter_access":"","_jetpack_dont_email_post_to_subs":false,"_jetpack_newsletter_tier_id":0,"_jetpack_memberships_contains_paywalled_content":false,"_jetpack_memberships_contains_paid_content":false,"footnotes":"","jetpack_publicize_message":"","jetpack_publicize_feature_enabled":true,"jetpack_social_post_already_shared":false,"jetpack_social_options":{"image_generator_settings":{"template":"highway","default_image_id":0,"font":"","enabled":false},"version":2}},"categories":[89],"tags":[720],"class_list":["post-37978","post","type-post","status-publish","format-standard","has-post-thumbnail","hentry","category-educacion","tag-absentismo"],"yoast_head":"<!-- This site is optimized with the Yoast SEO plugin v27.5 - https:\/\/yoast.com\/product\/yoast-seo-wordpress\/ -->\n<title>EDUCACI\u00d3N | El Servicio Municipal para la prevenci\u00f3n, seguimiento y control del absentismo escolar dise\u00f1a actividades y materiales educativos para reforzar el trabajo desarrollado desde los centros educativos - Ayuntamiento de Mula<\/title>\n<meta name=\"robots\" content=\"index, follow, max-snippet:-1, max-image-preview:large, max-video-preview:-1\" \/>\n<link rel=\"canonical\" href=\"https:\/\/mula.es\/web\/educacion-el-servicio-municipal-para-la-prevencion-seguimiento-y-control-del-absentismo-escolar-disena-actividades-y-materiales-educativos-para-reforzar-el-trabajo-desarrollado-desde-los-centros-ed\/\" \/>\n<meta property=\"og:locale\" content=\"es_ES\" \/>\n<meta property=\"og:type\" content=\"article\" \/>\n<meta property=\"og:title\" content=\"EDUCACI\u00d3N | El Servicio Municipal para la prevenci\u00f3n, seguimiento y control del absentismo escolar dise\u00f1a actividades y materiales educativos para reforzar el trabajo desarrollado desde los centros educativos - Ayuntamiento de Mula\" \/>\n<meta property=\"og:description\" content=\"Se pone en marcha la campa\u00f1a \u2018No te quedes fuera, no los dejes fuera\u2019 dirigida al alumnado y sus familias para que hagan prevalecer el derecho de los menores a recibir formaci\u00f3n El Servicio Municipal para la prevenci\u00f3n, seguimiento y control del absentismo y fracaso escolar, subvencionado por la consejer\u00eda de Educaci\u00f3n y Cultura y [...]\" \/>\n<meta property=\"og:url\" content=\"https:\/\/mula.es\/web\/educacion-el-servicio-municipal-para-la-prevencion-seguimiento-y-control-del-absentismo-escolar-disena-actividades-y-materiales-educativos-para-reforzar-el-trabajo-desarrollado-desde-los-centros-ed\/\" \/>\n<meta property=\"og:site_name\" content=\"Ayuntamiento de Mula\" \/>\n<meta property=\"article:published_time\" content=\"2021-04-28T06:23:25+00:00\" \/>\n<meta property=\"og:image\" content=\"https:\/\/i0.wp.com\/mula.es\/web\/wp-content\/uploads\/2021\/04\/prog_absentismo.jpg?fit=1068%2C1527&ssl=1\" \/>\n\t<meta property=\"og:image:width\" content=\"1068\" \/>\n\t<meta property=\"og:image:height\" content=\"1527\" \/>\n\t<meta property=\"og:image:type\" content=\"image\/jpeg\" \/>\n<meta name=\"author\" content=\"Rosario Mart\u00ednez\" \/>\n<meta name=\"twitter:card\" content=\"summary_large_image\" \/>\n<meta name=\"twitter:image\" content=\"https:\/\/mula.es\/web\/wp-content\/uploads\/2020\/06\/escudo-cuadrado-e1591045058235.jpg\" \/>\n<meta name=\"twitter:creator\" content=\"@AyuntamientMula\" \/>\n<meta name=\"twitter:site\" content=\"@AyuntamientMula\" \/>\n<meta name=\"twitter:label1\" content=\"Escrito por\" \/>\n\t<meta name=\"twitter:data1\" content=\"Rosario Mart\u00ednez\" \/>\n\t<meta name=\"twitter:label2\" content=\"Tiempo de lectura\" \/>\n\t<meta name=\"twitter:data2\" content=\"2 minutos\" \/>\n<script type=\"application\/ld+json\" class=\"yoast-schema-graph\">{\"@context\":\"https:\\\/\\\/schema.org\",\"@graph\":[{\"@type\":\"Article\",\"@id\":\"https:\\\/\\\/mula.es\\\/web\\\/educacion-el-servicio-municipal-para-la-prevencion-seguimiento-y-control-del-absentismo-escolar-disena-actividades-y-materiales-educativos-para-reforzar-el-trabajo-desarrollado-desde-los-centros-ed\\\/#article\",\"isPartOf\":{\"@id\":\"https:\\\/\\\/mula.es\\\/web\\\/educacion-el-servicio-municipal-para-la-prevencion-seguimiento-y-control-del-absentismo-escolar-disena-actividades-y-materiales-educativos-para-reforzar-el-trabajo-desarrollado-desde-los-centros-ed\\\/\"},\"author\":{\"name\":\"Rosario Mart\u00ednez\",\"@id\":\"https:\\\/\\\/mula.es\\\/web\\\/#\\\/schema\\\/person\\\/f8d63bd3ab6e7b025268b909b7ab0771\"},\"headline\":\"EDUCACI\u00d3N | El Servicio Municipal para la prevenci\u00f3n, seguimiento y control del absentismo escolar dise\u00f1a actividades y materiales educativos para reforzar el trabajo desarrollado desde los centros educativos\",\"datePublished\":\"2021-04-28T06:23:25+00:00\",\"mainEntityOfPage\":{\"@id\":\"https:\\\/\\\/mula.es\\\/web\\\/educacion-el-servicio-municipal-para-la-prevencion-seguimiento-y-control-del-absentismo-escolar-disena-actividades-y-materiales-educativos-para-reforzar-el-trabajo-desarrollado-desde-los-centros-ed\\\/\"},\"wordCount\":368,\"image\":{\"@id\":\"https:\\\/\\\/mula.es\\\/web\\\/educacion-el-servicio-municipal-para-la-prevencion-seguimiento-y-control-del-absentismo-escolar-disena-actividades-y-materiales-educativos-para-reforzar-el-trabajo-desarrollado-desde-los-centros-ed\\\/#primaryimage\"},\"thumbnailUrl\":\"https:\\\/\\\/mula.es\\\/web\\\/wp-content\\\/uploads\\\/2021\\\/04\\\/prog_absentismo.jpg\",\"keywords\":[\"absentismo\"],\"articleSection\":[\"educaci\u00f3n\"],\"inLanguage\":\"es\"},{\"@type\":\"WebPage\",\"@id\":\"https:\\\/\\\/mula.es\\\/web\\\/educacion-el-servicio-municipal-para-la-prevencion-seguimiento-y-control-del-absentismo-escolar-disena-actividades-y-materiales-educativos-para-reforzar-el-trabajo-desarrollado-desde-los-centros-ed\\\/\",\"url\":\"https:\\\/\\\/mula.es\\\/web\\\/educacion-el-servicio-municipal-para-la-prevencion-seguimiento-y-control-del-absentismo-escolar-disena-actividades-y-materiales-educativos-para-reforzar-el-trabajo-desarrollado-desde-los-centros-ed\\\/\",\"name\":\"EDUCACI\u00d3N | El Servicio Municipal para la prevenci\u00f3n, seguimiento y control del absentismo escolar dise\u00f1a actividades y materiales educativos para reforzar el trabajo desarrollado desde los centros educativos - Ayuntamiento de Mula\",\"isPartOf\":{\"@id\":\"https:\\\/\\\/mula.es\\\/web\\\/#website\"},\"primaryImageOfPage\":{\"@id\":\"https:\\\/\\\/mula.es\\\/web\\\/educacion-el-servicio-municipal-para-la-prevencion-seguimiento-y-control-del-absentismo-escolar-disena-actividades-y-materiales-educativos-para-reforzar-el-trabajo-desarrollado-desde-los-centros-ed\\\/#primaryimage\"},\"image\":{\"@id\":\"https:\\\/\\\/mula.es\\\/web\\\/educacion-el-servicio-municipal-para-la-prevencion-seguimiento-y-control-del-absentismo-escolar-disena-actividades-y-materiales-educativos-para-reforzar-el-trabajo-desarrollado-desde-los-centros-ed\\\/#primaryimage\"},\"thumbnailUrl\":\"https:\\\/\\\/mula.es\\\/web\\\/wp-content\\\/uploads\\\/2021\\\/04\\\/prog_absentismo.jpg\",\"datePublished\":\"2021-04-28T06:23:25+00:00\",\"author\":{\"@id\":\"https:\\\/\\\/mula.es\\\/web\\\/#\\\/schema\\\/person\\\/f8d63bd3ab6e7b025268b909b7ab0771\"},\"breadcrumb\":{\"@id\":\"https:\\\/\\\/mula.es\\\/web\\\/educacion-el-servicio-municipal-para-la-prevencion-seguimiento-y-control-del-absentismo-escolar-disena-actividades-y-materiales-educativos-para-reforzar-el-trabajo-desarrollado-desde-los-centros-ed\\\/#breadcrumb\"},\"inLanguage\":\"es\",\"potentialAction\":[{\"@type\":\"ReadAction\",\"target\":[\"https:\\\/\\\/mula.es\\\/web\\\/educacion-el-servicio-municipal-para-la-prevencion-seguimiento-y-control-del-absentismo-escolar-disena-actividades-y-materiales-educativos-para-reforzar-el-trabajo-desarrollado-desde-los-centros-ed\\\/\"]}]},{\"@type\":\"ImageObject\",\"inLanguage\":\"es\",\"@id\":\"https:\\\/\\\/mula.es\\\/web\\\/educacion-el-servicio-municipal-para-la-prevencion-seguimiento-y-control-del-absentismo-escolar-disena-actividades-y-materiales-educativos-para-reforzar-el-trabajo-desarrollado-desde-los-centros-ed\\\/#primaryimage\",\"url\":\"https:\\\/\\\/mula.es\\\/web\\\/wp-content\\\/uploads\\\/2021\\\/04\\\/prog_absentismo.jpg\",\"contentUrl\":\"https:\\\/\\\/mula.es\\\/web\\\/wp-content\\\/uploads\\\/2021\\\/04\\\/prog_absentismo.jpg\",\"width\":1068,\"height\":1527},{\"@type\":\"BreadcrumbList\",\"@id\":\"https:\\\/\\\/mula.es\\\/web\\\/educacion-el-servicio-municipal-para-la-prevencion-seguimiento-y-control-del-absentismo-escolar-disena-actividades-y-materiales-educativos-para-reforzar-el-trabajo-desarrollado-desde-los-centros-ed\\\/#breadcrumb\",\"itemListElement\":[{\"@type\":\"ListItem\",\"position\":1,\"name\":\"Portada\",\"item\":\"https:\\\/\\\/mula.es\\\/web\\\/\"},{\"@type\":\"ListItem\",\"position\":2,\"name\":\"EDUCACI\u00d3N | El Servicio Municipal para la prevenci\u00f3n, seguimiento y control del absentismo escolar dise\u00f1a actividades y materiales educativos para reforzar el trabajo desarrollado desde los centros educativos\"}]},{\"@type\":\"WebSite\",\"@id\":\"https:\\\/\\\/mula.es\\\/web\\\/#website\",\"url\":\"https:\\\/\\\/mula.es\\\/web\\\/\",\"name\":\"Ayuntamiento de Mula\",\"description\":\"P\u00e1gina web del Ayuntamiento de Mula (Regi\u00f3n de Murcia)\",\"potentialAction\":[{\"@type\":\"SearchAction\",\"target\":{\"@type\":\"EntryPoint\",\"urlTemplate\":\"https:\\\/\\\/mula.es\\\/web\\\/?s={search_term_string}\"},\"query-input\":{\"@type\":\"PropertyValueSpecification\",\"valueRequired\":true,\"valueName\":\"search_term_string\"}}],\"inLanguage\":\"es\"},{\"@type\":\"Person\",\"@id\":\"https:\\\/\\\/mula.es\\\/web\\\/#\\\/schema\\\/person\\\/f8d63bd3ab6e7b025268b909b7ab0771\",\"name\":\"Rosario Mart\u00ednez\",\"image\":{\"@type\":\"ImageObject\",\"inLanguage\":\"es\",\"@id\":\"https:\\\/\\\/secure.gravatar.com\\\/avatar\\\/ce916b980ac93e5b1d36e6068357675d4e089a572ebc8789fcb807c2fb2edfef?s=96&d=mm&r=g\",\"url\":\"https:\\\/\\\/secure.gravatar.com\\\/avatar\\\/ce916b980ac93e5b1d36e6068357675d4e089a572ebc8789fcb807c2fb2edfef?s=96&d=mm&r=g\",\"contentUrl\":\"https:\\\/\\\/secure.gravatar.com\\\/avatar\\\/ce916b980ac93e5b1d36e6068357675d4e089a572ebc8789fcb807c2fb2edfef?s=96&d=mm&r=g\",\"caption\":\"Rosario Mart\u00ednez\"},\"url\":\"https:\\\/\\\/mula.es\\\/web\\\/author\\\/rmartinez\\\/\"}]}<\/script>\n<!-- \/ Yoast SEO plugin. -->","yoast_head_json":{"title":"EDUCACI\u00d3N | El Servicio Municipal para la prevenci\u00f3n, seguimiento y control del absentismo escolar dise\u00f1a actividades y materiales educativos para reforzar el trabajo desarrollado desde los centros educativos - Ayuntamiento de Mula","robots":{"index":"index","follow":"follow","max-snippet":"max-snippet:-1","max-image-preview":"max-image-preview:large","max-video-preview":"max-video-preview:-1"},"canonical":"https:\/\/mula.es\/web\/educacion-el-servicio-municipal-para-la-prevencion-seguimiento-y-control-del-absentismo-escolar-disena-actividades-y-materiales-educativos-para-reforzar-el-trabajo-desarrollado-desde-los-centros-ed\/","og_locale":"es_ES","og_type":"article","og_title":"EDUCACI\u00d3N | El Servicio Municipal para la prevenci\u00f3n, seguimiento y control del absentismo escolar dise\u00f1a actividades y materiales educativos para reforzar el trabajo desarrollado desde los centros educativos - Ayuntamiento de Mula","og_description":"Se pone en marcha la campa\u00f1a \u2018No te quedes fuera, no los dejes fuera\u2019 dirigida al alumnado y sus familias para que hagan prevalecer el derecho de los menores a recibir formaci\u00f3n El Servicio Municipal para la prevenci\u00f3n, seguimiento y control del absentismo y fracaso escolar, subvencionado por la consejer\u00eda de Educaci\u00f3n y Cultura y [...]","og_url":"https:\/\/mula.es\/web\/educacion-el-servicio-municipal-para-la-prevencion-seguimiento-y-control-del-absentismo-escolar-disena-actividades-y-materiales-educativos-para-reforzar-el-trabajo-desarrollado-desde-los-centros-ed\/","og_site_name":"Ayuntamiento de Mula","article_published_time":"2021-04-28T06:23:25+00:00","og_image":[{"width":1068,"height":1527,"url":"https:\/\/i0.wp.com\/mula.es\/web\/wp-content\/uploads\/2021\/04\/prog_absentismo.jpg?fit=1068%2C1527&ssl=1","type":"image\/jpeg"}],"author":"Rosario Mart\u00ednez","twitter_card":"summary_large_image","twitter_image":"https:\/\/mula.es\/web\/wp-content\/uploads\/2020\/06\/escudo-cuadrado-e1591045058235.jpg","twitter_creator":"@AyuntamientMula","twitter_site":"@AyuntamientMula","twitter_misc":{"Escrito por":"Rosario Mart\u00ednez","Tiempo de lectura":"2 minutos"},"schema":{"@context":"https:\/\/schema.org","@graph":[{"@type":"Article","@id":"https:\/\/mula.es\/web\/educacion-el-servicio-municipal-para-la-prevencion-seguimiento-y-control-del-absentismo-escolar-disena-actividades-y-materiales-educativos-para-reforzar-el-trabajo-desarrollado-desde-los-centros-ed\/#article","isPartOf":{"@id":"https:\/\/mula.es\/web\/educacion-el-servicio-municipal-para-la-prevencion-seguimiento-y-control-del-absentismo-escolar-disena-actividades-y-materiales-educativos-para-reforzar-el-trabajo-desarrollado-desde-los-centros-ed\/"},"author":{"name":"Rosario Mart\u00ednez","@id":"https:\/\/mula.es\/web\/#\/schema\/person\/f8d63bd3ab6e7b025268b909b7ab0771"},"headline":"EDUCACI\u00d3N | El Servicio Municipal para la prevenci\u00f3n, seguimiento y control del absentismo escolar dise\u00f1a actividades y materiales educativos para reforzar el trabajo desarrollado desde los centros educativos","datePublished":"2021-04-28T06:23:25+00:00","mainEntityOfPage":{"@id":"https:\/\/mula.es\/web\/educacion-el-servicio-municipal-para-la-prevencion-seguimiento-y-control-del-absentismo-escolar-disena-actividades-y-materiales-educativos-para-reforzar-el-trabajo-desarrollado-desde-los-centros-ed\/"},"wordCount":368,"image":{"@id":"https:\/\/mula.es\/web\/educacion-el-servicio-municipal-para-la-prevencion-seguimiento-y-control-del-absentismo-escolar-disena-actividades-y-materiales-educativos-para-reforzar-el-trabajo-desarrollado-desde-los-centros-ed\/#primaryimage"},"thumbnailUrl":"https:\/\/mula.es\/web\/wp-content\/uploads\/2021\/04\/prog_absentismo.jpg","keywords":["absentismo"],"articleSection":["educaci\u00f3n"],"inLanguage":"es"},{"@type":"WebPage","@id":"https:\/\/mula.es\/web\/educacion-el-servicio-municipal-para-la-prevencion-seguimiento-y-control-del-absentismo-escolar-disena-actividades-y-materiales-educativos-para-reforzar-el-trabajo-desarrollado-desde-los-centros-ed\/","url":"https:\/\/mula.es\/web\/educacion-el-servicio-municipal-para-la-prevencion-seguimiento-y-control-del-absentismo-escolar-disena-actividades-y-materiales-educativos-para-reforzar-el-trabajo-desarrollado-desde-los-centros-ed\/","name":"EDUCACI\u00d3N | El Servicio Municipal para la prevenci\u00f3n, seguimiento y control del absentismo escolar dise\u00f1a actividades y materiales educativos para reforzar el trabajo desarrollado desde los centros educativos - Ayuntamiento de Mula","isPartOf":{"@id":"https:\/\/mula.es\/web\/#website"},"primaryImageOfPage":{"@id":"https:\/\/mula.es\/web\/educacion-el-servicio-municipal-para-la-prevencion-seguimiento-y-control-del-absentismo-escolar-disena-actividades-y-materiales-educativos-para-reforzar-el-trabajo-desarrollado-desde-los-centros-ed\/#primaryimage"},"image":{"@id":"https:\/\/mula.es\/web\/educacion-el-servicio-municipal-para-la-prevencion-seguimiento-y-control-del-absentismo-escolar-disena-actividades-y-materiales-educativos-para-reforzar-el-trabajo-desarrollado-desde-los-centros-ed\/#primaryimage"},"thumbnailUrl":"https:\/\/mula.es\/web\/wp-content\/uploads\/2021\/04\/prog_absentismo.jpg","datePublished":"2021-04-28T06:23:25+00:00","author":{"@id":"https:\/\/mula.es\/web\/#\/schema\/person\/f8d63bd3ab6e7b025268b909b7ab0771"},"breadcrumb":{"@id":"https:\/\/mula.es\/web\/educacion-el-servicio-municipal-para-la-prevencion-seguimiento-y-control-del-absentismo-escolar-disena-actividades-y-materiales-educativos-para-reforzar-el-trabajo-desarrollado-desde-los-centros-ed\/#breadcrumb"},"inLanguage":"es","potentialAction":[{"@type":"ReadAction","target":["https:\/\/mula.es\/web\/educacion-el-servicio-municipal-para-la-prevencion-seguimiento-y-control-del-absentismo-escolar-disena-actividades-y-materiales-educativos-para-reforzar-el-trabajo-desarrollado-desde-los-centros-ed\/"]}]},{"@type":"ImageObject","inLanguage":"es","@id":"https:\/\/mula.es\/web\/educacion-el-servicio-municipal-para-la-prevencion-seguimiento-y-control-del-absentismo-escolar-disena-actividades-y-materiales-educativos-para-reforzar-el-trabajo-desarrollado-desde-los-centros-ed\/#primaryimage","url":"https:\/\/mula.es\/web\/wp-content\/uploads\/2021\/04\/prog_absentismo.jpg","contentUrl":"https:\/\/mula.es\/web\/wp-content\/uploads\/2021\/04\/prog_absentismo.jpg","width":1068,"height":1527},{"@type":"BreadcrumbList","@id":"https:\/\/mula.es\/web\/educacion-el-servicio-municipal-para-la-prevencion-seguimiento-y-control-del-absentismo-escolar-disena-actividades-y-materiales-educativos-para-reforzar-el-trabajo-desarrollado-desde-los-centros-ed\/#breadcrumb","itemListElement":[{"@type":"ListItem","position":1,"name":"Portada","item":"https:\/\/mula.es\/web\/"},{"@type":"ListItem","position":2,"name":"EDUCACI\u00d3N | El Servicio Municipal para la prevenci\u00f3n, seguimiento y control del absentismo escolar dise\u00f1a actividades y materiales educativos para reforzar el trabajo desarrollado desde los centros educativos"}]},{"@type":"WebSite","@id":"https:\/\/mula.es\/web\/#website","url":"https:\/\/mula.es\/web\/","name":"Ayuntamiento de Mula","description":"P\u00e1gina web del Ayuntamiento de Mula (Regi\u00f3n de Murcia)","potentialAction":[{"@type":"SearchAction","target":{"@type":"EntryPoint","urlTemplate":"https:\/\/mula.es\/web\/?s={search_term_string}"},"query-input":{"@type":"PropertyValueSpecification","valueRequired":true,"valueName":"search_term_string"}}],"inLanguage":"es"},{"@type":"Person","@id":"https:\/\/mula.es\/web\/#\/schema\/person\/f8d63bd3ab6e7b025268b909b7ab0771","name":"Rosario Mart\u00ednez","image":{"@type":"ImageObject","inLanguage":"es","@id":"https:\/\/secure.gravatar.com\/avatar\/ce916b980ac93e5b1d36e6068357675d4e089a572ebc8789fcb807c2fb2edfef?s=96&d=mm&r=g","url":"https:\/\/secure.gravatar.com\/avatar\/ce916b980ac93e5b1d36e6068357675d4e089a572ebc8789fcb807c2fb2edfef?s=96&d=mm&r=g","contentUrl":"https:\/\/secure.gravatar.com\/avatar\/ce916b980ac93e5b1d36e6068357675d4e089a572ebc8789fcb807c2fb2edfef?s=96&d=mm&r=g","caption":"Rosario Mart\u00ednez"},"url":"https:\/\/mula.es\/web\/author\/rmartinez\/"}]}},"jetpack_publicize_connections":[],"jetpack_featured_media_url":"https:\/\/mula.es\/web\/wp-content\/uploads\/2021\/04\/prog_absentismo.jpg","jetpack_sharing_enabled":true,"jetpack_shortlink":"https:\/\/wp.me\/pa9DMY-9Sy","jetpack-related-posts":[],"_links":{"self":[{"href":"https:\/\/mula.es\/web\/wp-json\/wp\/v2\/posts\/37978","targetHints":{"allow":["GET"]}}],"collection":[{"href":"https:\/\/mula.es\/web\/wp-json\/wp\/v2\/posts"}],"about":[{"href":"https:\/\/mula.es\/web\/wp-json\/wp\/v2\/types\/post"}],"author":[{"embeddable":true,"href":"https:\/\/mula.es\/web\/wp-json\/wp\/v2\/users\/9"}],"replies":[{"embeddable":true,"href":"https:\/\/mula.es\/web\/wp-json\/wp\/v2\/comments?post=37978"}],"version-history":[{"count":1,"href":"https:\/\/mula.es\/web\/wp-json\/wp\/v2\/posts\/37978\/revisions"}],"predecessor-version":[{"id":37980,"href":"https:\/\/mula.es\/web\/wp-json\/wp\/v2\/posts\/37978\/revisions\/37980"}],"wp:featuredmedia":[{"embeddable":true,"href":"https:\/\/mula.es\/web\/wp-json\/wp\/v2\/media\/37979"}],"wp:attachment":[{"href":"https:\/\/mula.es\/web\/wp-json\/wp\/v2\/media?parent=37978"}],"wp:term":[{"taxonomy":"category","embeddable":true,"href":"https:\/\/mula.es\/web\/wp-json\/wp\/v2\/categories?post=37978"},{"taxonomy":"post_tag","embeddable":true,"href":"https:\/\/mula.es\/web\/wp-json\/wp\/v2\/tags?post=37978"}],"curies":[{"name":"wp","href":"https:\/\/api.w.org\/{rel}","templated":true}]}}