{"id":37986,"date":"2021-04-28T10:09:37","date_gmt":"2021-04-28T08:09:37","guid":{"rendered":"https:\/\/mula.es\/web\/?p=37986"},"modified":"2021-05-12T20:05:45","modified_gmt":"2021-05-12T18:05:45","slug":"cultura-inaugurada-la-extension-de-la-biblioteca-municipal-en-la-pedania-de-yechar","status":"publish","type":"post","link":"https:\/\/mula.es\/web\/cultura-inaugurada-la-extension-de-la-biblioteca-municipal-en-la-pedania-de-yechar\/","title":{"rendered":"CULTURA | Inaugurada la extensi\u00f3n de la Biblioteca Municipal en la pedan\u00eda de Y\u00e9char"},"content":{"rendered":"<p style=\"text-align: justify;\">El concejal de Cultura les traslad\u00f3 a los vecinos los proyectos para las pedan\u00edas en los que el Ayuntamiento de Mula trabaja para los pr\u00f3ximos meses<\/p>\n<p style=\"text-align: justify;\">El objetivo de Cultura es que las seis pedan\u00edas del municipio puedan contar con su propia biblioteca<\/p>\n<p style=\"text-align: justify;\">El pasado domingo, con motivo de los actos conmemorativos del D\u00eda Internacional del Libro, quedaba inaugurada la extensi\u00f3n de la Biblioteca Municipal en la pedan\u00eda mule\u00f1a de Y\u00e9char.<\/p>\n<p style=\"text-align: justify;\">Al acto de inauguraci\u00f3n asist\u00eda el concejal de Educaci\u00f3n y Cultura, Diego Boluda, la concejala de Pedan\u00edas, Candelaria Navarro, el presidente de la Junta Vecinal, Juan Francisco Ruiz, as\u00ed como miembros de la misma y vecinos de la pedan\u00eda.<\/p>\n<p style=\"text-align: justify;\">Los asistentes participaron de una enriquecedora tertulia en torno a la Cultura y el rico Patrimonio Hist\u00f3rico de Y\u00e9char.<\/p>\n<p style=\"text-align: justify;\">El concejal de Cultura estuvo escuchando las inquietudes culturales de los vecinos y les traslad\u00f3 los proyectos a corto y medio plazo que desde el Ayuntamiento de Mula se est\u00e1 trabajando para los pr\u00f3ximos meses.<\/p>\n<p style=\"text-align: justify;\">La biblioteca de Y\u00e9char posee un variado cat\u00e1logo para todas las edades a las que se ha sumado un numeroso lote de libros, para adultos e infantiles, donados por vecinos de Y\u00e9char dentro de la campa\u00f1a de donaci\u00f3n de libros promovida por la Junta Vecinal.<\/p>\n<p style=\"text-align: justify;\">El concejal agradec\u00eda la implicaci\u00f3n y sensibilidad que tanto la Junta Vecinal como los vecinos muestran hacia la historia de esta pedan\u00eda.<\/p>\n<p style=\"text-align: justify;\">Con estas nuevas instalaciones, son ya tres las pedan\u00edas del municipio de Mula que poseen biblioteca y por ende un mejor acceso a la lectura, que es el principal objetivo.<\/p>\n<p style=\"text-align: justify;\">Del mismo modo, seg\u00fan resaltaba Diego Boluda, \u201cse est\u00e1 trabajando para implantar en el resto de pedan\u00edas y conseguir as\u00ed que en los pr\u00f3ximos meses las seis pedan\u00edas del municipio puedan poseer su propia biblioteca. Desde el Ayuntamiento de Mula hay un fuerte compromiso cultural con nuestras pedan\u00edas\u201d.<\/p>\n","protected":false},"excerpt":{"rendered":"<p>El concejal de Cultura les traslad\u00f3 a los vecinos los proyectos para las pedan\u00edas en los que el Ayuntamiento de Mula trabaja para los pr\u00f3ximos meses El objetivo de Cultura es que las seis pedan\u00edas del municipio puedan contar con su propia biblioteca El pasado domingo, con motivo de los actos conmemorativos del D\u00eda Internacional  [&#8230;]<\/p>\n","protected":false},"author":9,"featured_media":37987,"comment_status":"closed","ping_status":"closed","sticky":false,"template":"","format":"standard","meta":{"jetpack_post_was_ever_published":false,"_jetpack_newsletter_access":"","_jetpack_dont_email_post_to_subs":false,"_jetpack_newsletter_tier_id":0,"_jetpack_memberships_contains_paywalled_content":false,"_jetpack_memberships_contains_paid_content":false,"footnotes":"","jetpack_publicize_message":"","jetpack_publicize_feature_enabled":true,"jetpack_social_post_already_shared":false,"jetpack_social_options":{"image_generator_settings":{"template":"highway","default_image_id":0,"font":"","enabled":false},"version":2}},"categories":[97,333],"tags":[],"class_list":["post-37986","post","type-post","status-publish","format-standard","has-post-thumbnail","hentry","category-cultura","category-pedanias"],"yoast_head":"<!-- This site is optimized with the Yoast SEO plugin v27.5 - https:\/\/yoast.com\/product\/yoast-seo-wordpress\/ -->\n<title>CULTURA | Inaugurada la extensi\u00f3n de la Biblioteca Municipal en la pedan\u00eda de Y\u00e9char - Ayuntamiento de Mula<\/title>\n<meta name=\"robots\" content=\"index, follow, max-snippet:-1, max-image-preview:large, max-video-preview:-1\" \/>\n<link rel=\"canonical\" href=\"https:\/\/mula.es\/web\/cultura-inaugurada-la-extension-de-la-biblioteca-municipal-en-la-pedania-de-yechar\/\" \/>\n<meta property=\"og:locale\" content=\"es_ES\" \/>\n<meta property=\"og:type\" content=\"article\" \/>\n<meta property=\"og:title\" content=\"CULTURA | Inaugurada la extensi\u00f3n de la Biblioteca Municipal en la pedan\u00eda de Y\u00e9char - Ayuntamiento de Mula\" \/>\n<meta property=\"og:description\" content=\"El concejal de Cultura les traslad\u00f3 a los vecinos los proyectos para las pedan\u00edas en los que el Ayuntamiento de Mula trabaja para los pr\u00f3ximos meses El objetivo de Cultura es que las seis pedan\u00edas del municipio puedan contar con su propia biblioteca El pasado domingo, con motivo de los actos conmemorativos del D\u00eda Internacional [...]\" \/>\n<meta property=\"og:url\" content=\"https:\/\/mula.es\/web\/cultura-inaugurada-la-extension-de-la-biblioteca-municipal-en-la-pedania-de-yechar\/\" \/>\n<meta property=\"og:site_name\" content=\"Ayuntamiento de Mula\" \/>\n<meta property=\"article:published_time\" content=\"2021-04-28T08:09:37+00:00\" \/>\n<meta property=\"article:modified_time\" content=\"2021-05-12T18:05:45+00:00\" \/>\n<meta property=\"og:image\" content=\"https:\/\/i0.wp.com\/mula.es\/web\/wp-content\/uploads\/2021\/04\/24276376-9a9b-4988-9e69-d42f3f14f56f.jpg?fit=1811%2C1237&ssl=1\" \/>\n\t<meta property=\"og:image:width\" content=\"1811\" \/>\n\t<meta property=\"og:image:height\" content=\"1237\" \/>\n\t<meta property=\"og:image:type\" content=\"image\/jpeg\" \/>\n<meta name=\"author\" content=\"Rosario Mart\u00ednez\" \/>\n<meta name=\"twitter:card\" content=\"summary_large_image\" \/>\n<meta name=\"twitter:image\" content=\"https:\/\/mula.es\/web\/wp-content\/uploads\/2020\/06\/cropped-escudo-cuadrado.jpg\" \/>\n<meta name=\"twitter:creator\" content=\"@AyuntamientMula\" \/>\n<meta name=\"twitter:site\" content=\"@AyuntamientMula\" \/>\n<meta name=\"twitter:label1\" content=\"Escrito por\" \/>\n\t<meta name=\"twitter:data1\" content=\"Rosario Mart\u00ednez\" \/>\n\t<meta name=\"twitter:label2\" content=\"Tiempo de lectura\" \/>\n\t<meta name=\"twitter:data2\" content=\"2 minutos\" \/>\n<script type=\"application\/ld+json\" class=\"yoast-schema-graph\">{\"@context\":\"https:\\\/\\\/schema.org\",\"@graph\":[{\"@type\":\"Article\",\"@id\":\"https:\\\/\\\/mula.es\\\/web\\\/cultura-inaugurada-la-extension-de-la-biblioteca-municipal-en-la-pedania-de-yechar\\\/#article\",\"isPartOf\":{\"@id\":\"https:\\\/\\\/mula.es\\\/web\\\/cultura-inaugurada-la-extension-de-la-biblioteca-municipal-en-la-pedania-de-yechar\\\/\"},\"author\":{\"name\":\"Rosario Mart\u00ednez\",\"@id\":\"https:\\\/\\\/mula.es\\\/web\\\/#\\\/schema\\\/person\\\/f8d63bd3ab6e7b025268b909b7ab0771\"},\"headline\":\"CULTURA | Inaugurada la extensi\u00f3n de la Biblioteca Municipal en la pedan\u00eda de Y\u00e9char\",\"datePublished\":\"2021-04-28T08:09:37+00:00\",\"dateModified\":\"2021-05-12T18:05:45+00:00\",\"mainEntityOfPage\":{\"@id\":\"https:\\\/\\\/mula.es\\\/web\\\/cultura-inaugurada-la-extension-de-la-biblioteca-municipal-en-la-pedania-de-yechar\\\/\"},\"wordCount\":355,\"image\":{\"@id\":\"https:\\\/\\\/mula.es\\\/web\\\/cultura-inaugurada-la-extension-de-la-biblioteca-municipal-en-la-pedania-de-yechar\\\/#primaryimage\"},\"thumbnailUrl\":\"https:\\\/\\\/mula.es\\\/web\\\/wp-content\\\/uploads\\\/2021\\\/04\\\/24276376-9a9b-4988-9e69-d42f3f14f56f.jpg\",\"articleSection\":[\"cultura\",\"pedan\u00edas\"],\"inLanguage\":\"es\"},{\"@type\":\"WebPage\",\"@id\":\"https:\\\/\\\/mula.es\\\/web\\\/cultura-inaugurada-la-extension-de-la-biblioteca-municipal-en-la-pedania-de-yechar\\\/\",\"url\":\"https:\\\/\\\/mula.es\\\/web\\\/cultura-inaugurada-la-extension-de-la-biblioteca-municipal-en-la-pedania-de-yechar\\\/\",\"name\":\"CULTURA | Inaugurada la extensi\u00f3n de la Biblioteca Municipal en la pedan\u00eda de Y\u00e9char - Ayuntamiento de Mula\",\"isPartOf\":{\"@id\":\"https:\\\/\\\/mula.es\\\/web\\\/#website\"},\"primaryImageOfPage\":{\"@id\":\"https:\\\/\\\/mula.es\\\/web\\\/cultura-inaugurada-la-extension-de-la-biblioteca-municipal-en-la-pedania-de-yechar\\\/#primaryimage\"},\"image\":{\"@id\":\"https:\\\/\\\/mula.es\\\/web\\\/cultura-inaugurada-la-extension-de-la-biblioteca-municipal-en-la-pedania-de-yechar\\\/#primaryimage\"},\"thumbnailUrl\":\"https:\\\/\\\/mula.es\\\/web\\\/wp-content\\\/uploads\\\/2021\\\/04\\\/24276376-9a9b-4988-9e69-d42f3f14f56f.jpg\",\"datePublished\":\"2021-04-28T08:09:37+00:00\",\"dateModified\":\"2021-05-12T18:05:45+00:00\",\"author\":{\"@id\":\"https:\\\/\\\/mula.es\\\/web\\\/#\\\/schema\\\/person\\\/f8d63bd3ab6e7b025268b909b7ab0771\"},\"breadcrumb\":{\"@id\":\"https:\\\/\\\/mula.es\\\/web\\\/cultura-inaugurada-la-extension-de-la-biblioteca-municipal-en-la-pedania-de-yechar\\\/#breadcrumb\"},\"inLanguage\":\"es\",\"potentialAction\":[{\"@type\":\"ReadAction\",\"target\":[\"https:\\\/\\\/mula.es\\\/web\\\/cultura-inaugurada-la-extension-de-la-biblioteca-municipal-en-la-pedania-de-yechar\\\/\"]}]},{\"@type\":\"ImageObject\",\"inLanguage\":\"es\",\"@id\":\"https:\\\/\\\/mula.es\\\/web\\\/cultura-inaugurada-la-extension-de-la-biblioteca-municipal-en-la-pedania-de-yechar\\\/#primaryimage\",\"url\":\"https:\\\/\\\/mula.es\\\/web\\\/wp-content\\\/uploads\\\/2021\\\/04\\\/24276376-9a9b-4988-9e69-d42f3f14f56f.jpg\",\"contentUrl\":\"https:\\\/\\\/mula.es\\\/web\\\/wp-content\\\/uploads\\\/2021\\\/04\\\/24276376-9a9b-4988-9e69-d42f3f14f56f.jpg\",\"width\":1811,\"height\":1237},{\"@type\":\"BreadcrumbList\",\"@id\":\"https:\\\/\\\/mula.es\\\/web\\\/cultura-inaugurada-la-extension-de-la-biblioteca-municipal-en-la-pedania-de-yechar\\\/#breadcrumb\",\"itemListElement\":[{\"@type\":\"ListItem\",\"position\":1,\"name\":\"Portada\",\"item\":\"https:\\\/\\\/mula.es\\\/web\\\/\"},{\"@type\":\"ListItem\",\"position\":2,\"name\":\"CULTURA | Inaugurada la extensi\u00f3n de la Biblioteca Municipal en la pedan\u00eda de Y\u00e9char\"}]},{\"@type\":\"WebSite\",\"@id\":\"https:\\\/\\\/mula.es\\\/web\\\/#website\",\"url\":\"https:\\\/\\\/mula.es\\\/web\\\/\",\"name\":\"Ayuntamiento de Mula\",\"description\":\"P\u00e1gina web del Ayuntamiento de Mula (Regi\u00f3n de Murcia)\",\"potentialAction\":[{\"@type\":\"SearchAction\",\"target\":{\"@type\":\"EntryPoint\",\"urlTemplate\":\"https:\\\/\\\/mula.es\\\/web\\\/?s={search_term_string}\"},\"query-input\":{\"@type\":\"PropertyValueSpecification\",\"valueRequired\":true,\"valueName\":\"search_term_string\"}}],\"inLanguage\":\"es\"},{\"@type\":\"Person\",\"@id\":\"https:\\\/\\\/mula.es\\\/web\\\/#\\\/schema\\\/person\\\/f8d63bd3ab6e7b025268b909b7ab0771\",\"name\":\"Rosario Mart\u00ednez\",\"image\":{\"@type\":\"ImageObject\",\"inLanguage\":\"es\",\"@id\":\"https:\\\/\\\/secure.gravatar.com\\\/avatar\\\/ce916b980ac93e5b1d36e6068357675d4e089a572ebc8789fcb807c2fb2edfef?s=96&d=mm&r=g\",\"url\":\"https:\\\/\\\/secure.gravatar.com\\\/avatar\\\/ce916b980ac93e5b1d36e6068357675d4e089a572ebc8789fcb807c2fb2edfef?s=96&d=mm&r=g\",\"contentUrl\":\"https:\\\/\\\/secure.gravatar.com\\\/avatar\\\/ce916b980ac93e5b1d36e6068357675d4e089a572ebc8789fcb807c2fb2edfef?s=96&d=mm&r=g\",\"caption\":\"Rosario Mart\u00ednez\"},\"url\":\"https:\\\/\\\/mula.es\\\/web\\\/author\\\/rmartinez\\\/\"}]}<\/script>\n<!-- \/ Yoast SEO plugin. -->","yoast_head_json":{"title":"CULTURA | Inaugurada la extensi\u00f3n de la Biblioteca Municipal en la pedan\u00eda de Y\u00e9char - Ayuntamiento de Mula","robots":{"index":"index","follow":"follow","max-snippet":"max-snippet:-1","max-image-preview":"max-image-preview:large","max-video-preview":"max-video-preview:-1"},"canonical":"https:\/\/mula.es\/web\/cultura-inaugurada-la-extension-de-la-biblioteca-municipal-en-la-pedania-de-yechar\/","og_locale":"es_ES","og_type":"article","og_title":"CULTURA | Inaugurada la extensi\u00f3n de la Biblioteca Municipal en la pedan\u00eda de Y\u00e9char - Ayuntamiento de Mula","og_description":"El concejal de Cultura les traslad\u00f3 a los vecinos los proyectos para las pedan\u00edas en los que el Ayuntamiento de Mula trabaja para los pr\u00f3ximos meses El objetivo de Cultura es que las seis pedan\u00edas del municipio puedan contar con su propia biblioteca El pasado domingo, con motivo de los actos conmemorativos del D\u00eda Internacional [...]","og_url":"https:\/\/mula.es\/web\/cultura-inaugurada-la-extension-de-la-biblioteca-municipal-en-la-pedania-de-yechar\/","og_site_name":"Ayuntamiento de Mula","article_published_time":"2021-04-28T08:09:37+00:00","article_modified_time":"2021-05-12T18:05:45+00:00","og_image":[{"width":1811,"height":1237,"url":"https:\/\/i0.wp.com\/mula.es\/web\/wp-content\/uploads\/2021\/04\/24276376-9a9b-4988-9e69-d42f3f14f56f.jpg?fit=1811%2C1237&ssl=1","type":"image\/jpeg"}],"author":"Rosario Mart\u00ednez","twitter_card":"summary_large_image","twitter_image":"https:\/\/mula.es\/web\/wp-content\/uploads\/2020\/06\/cropped-escudo-cuadrado.jpg","twitter_creator":"@AyuntamientMula","twitter_site":"@AyuntamientMula","twitter_misc":{"Escrito por":"Rosario Mart\u00ednez","Tiempo de lectura":"2 minutos"},"schema":{"@context":"https:\/\/schema.org","@graph":[{"@type":"Article","@id":"https:\/\/mula.es\/web\/cultura-inaugurada-la-extension-de-la-biblioteca-municipal-en-la-pedania-de-yechar\/#article","isPartOf":{"@id":"https:\/\/mula.es\/web\/cultura-inaugurada-la-extension-de-la-biblioteca-municipal-en-la-pedania-de-yechar\/"},"author":{"name":"Rosario Mart\u00ednez","@id":"https:\/\/mula.es\/web\/#\/schema\/person\/f8d63bd3ab6e7b025268b909b7ab0771"},"headline":"CULTURA | Inaugurada la extensi\u00f3n de la Biblioteca Municipal en la pedan\u00eda de Y\u00e9char","datePublished":"2021-04-28T08:09:37+00:00","dateModified":"2021-05-12T18:05:45+00:00","mainEntityOfPage":{"@id":"https:\/\/mula.es\/web\/cultura-inaugurada-la-extension-de-la-biblioteca-municipal-en-la-pedania-de-yechar\/"},"wordCount":355,"image":{"@id":"https:\/\/mula.es\/web\/cultura-inaugurada-la-extension-de-la-biblioteca-municipal-en-la-pedania-de-yechar\/#primaryimage"},"thumbnailUrl":"https:\/\/mula.es\/web\/wp-content\/uploads\/2021\/04\/24276376-9a9b-4988-9e69-d42f3f14f56f.jpg","articleSection":["cultura","pedan\u00edas"],"inLanguage":"es"},{"@type":"WebPage","@id":"https:\/\/mula.es\/web\/cultura-inaugurada-la-extension-de-la-biblioteca-municipal-en-la-pedania-de-yechar\/","url":"https:\/\/mula.es\/web\/cultura-inaugurada-la-extension-de-la-biblioteca-municipal-en-la-pedania-de-yechar\/","name":"CULTURA | Inaugurada la extensi\u00f3n de la Biblioteca Municipal en la pedan\u00eda de Y\u00e9char - Ayuntamiento de Mula","isPartOf":{"@id":"https:\/\/mula.es\/web\/#website"},"primaryImageOfPage":{"@id":"https:\/\/mula.es\/web\/cultura-inaugurada-la-extension-de-la-biblioteca-municipal-en-la-pedania-de-yechar\/#primaryimage"},"image":{"@id":"https:\/\/mula.es\/web\/cultura-inaugurada-la-extension-de-la-biblioteca-municipal-en-la-pedania-de-yechar\/#primaryimage"},"thumbnailUrl":"https:\/\/mula.es\/web\/wp-content\/uploads\/2021\/04\/24276376-9a9b-4988-9e69-d42f3f14f56f.jpg","datePublished":"2021-04-28T08:09:37+00:00","dateModified":"2021-05-12T18:05:45+00:00","author":{"@id":"https:\/\/mula.es\/web\/#\/schema\/person\/f8d63bd3ab6e7b025268b909b7ab0771"},"breadcrumb":{"@id":"https:\/\/mula.es\/web\/cultura-inaugurada-la-extension-de-la-biblioteca-municipal-en-la-pedania-de-yechar\/#breadcrumb"},"inLanguage":"es","potentialAction":[{"@type":"ReadAction","target":["https:\/\/mula.es\/web\/cultura-inaugurada-la-extension-de-la-biblioteca-municipal-en-la-pedania-de-yechar\/"]}]},{"@type":"ImageObject","inLanguage":"es","@id":"https:\/\/mula.es\/web\/cultura-inaugurada-la-extension-de-la-biblioteca-municipal-en-la-pedania-de-yechar\/#primaryimage","url":"https:\/\/mula.es\/web\/wp-content\/uploads\/2021\/04\/24276376-9a9b-4988-9e69-d42f3f14f56f.jpg","contentUrl":"https:\/\/mula.es\/web\/wp-content\/uploads\/2021\/04\/24276376-9a9b-4988-9e69-d42f3f14f56f.jpg","width":1811,"height":1237},{"@type":"BreadcrumbList","@id":"https:\/\/mula.es\/web\/cultura-inaugurada-la-extension-de-la-biblioteca-municipal-en-la-pedania-de-yechar\/#breadcrumb","itemListElement":[{"@type":"ListItem","position":1,"name":"Portada","item":"https:\/\/mula.es\/web\/"},{"@type":"ListItem","position":2,"name":"CULTURA | Inaugurada la extensi\u00f3n de la Biblioteca Municipal en la pedan\u00eda de Y\u00e9char"}]},{"@type":"WebSite","@id":"https:\/\/mula.es\/web\/#website","url":"https:\/\/mula.es\/web\/","name":"Ayuntamiento de Mula","description":"P\u00e1gina web del Ayuntamiento de Mula (Regi\u00f3n de Murcia)","potentialAction":[{"@type":"SearchAction","target":{"@type":"EntryPoint","urlTemplate":"https:\/\/mula.es\/web\/?s={search_term_string}"},"query-input":{"@type":"PropertyValueSpecification","valueRequired":true,"valueName":"search_term_string"}}],"inLanguage":"es"},{"@type":"Person","@id":"https:\/\/mula.es\/web\/#\/schema\/person\/f8d63bd3ab6e7b025268b909b7ab0771","name":"Rosario Mart\u00ednez","image":{"@type":"ImageObject","inLanguage":"es","@id":"https:\/\/secure.gravatar.com\/avatar\/ce916b980ac93e5b1d36e6068357675d4e089a572ebc8789fcb807c2fb2edfef?s=96&d=mm&r=g","url":"https:\/\/secure.gravatar.com\/avatar\/ce916b980ac93e5b1d36e6068357675d4e089a572ebc8789fcb807c2fb2edfef?s=96&d=mm&r=g","contentUrl":"https:\/\/secure.gravatar.com\/avatar\/ce916b980ac93e5b1d36e6068357675d4e089a572ebc8789fcb807c2fb2edfef?s=96&d=mm&r=g","caption":"Rosario Mart\u00ednez"},"url":"https:\/\/mula.es\/web\/author\/rmartinez\/"}]}},"jetpack_publicize_connections":[],"jetpack_featured_media_url":"https:\/\/mula.es\/web\/wp-content\/uploads\/2021\/04\/24276376-9a9b-4988-9e69-d42f3f14f56f.jpg","jetpack_sharing_enabled":true,"jetpack_shortlink":"https:\/\/wp.me\/pa9DMY-9SG","jetpack-related-posts":[],"_links":{"self":[{"href":"https:\/\/mula.es\/web\/wp-json\/wp\/v2\/posts\/37986","targetHints":{"allow":["GET"]}}],"collection":[{"href":"https:\/\/mula.es\/web\/wp-json\/wp\/v2\/posts"}],"about":[{"href":"https:\/\/mula.es\/web\/wp-json\/wp\/v2\/types\/post"}],"author":[{"embeddable":true,"href":"https:\/\/mula.es\/web\/wp-json\/wp\/v2\/users\/9"}],"replies":[{"embeddable":true,"href":"https:\/\/mula.es\/web\/wp-json\/wp\/v2\/comments?post=37986"}],"version-history":[{"count":1,"href":"https:\/\/mula.es\/web\/wp-json\/wp\/v2\/posts\/37986\/revisions"}],"predecessor-version":[{"id":37988,"href":"https:\/\/mula.es\/web\/wp-json\/wp\/v2\/posts\/37986\/revisions\/37988"}],"wp:featuredmedia":[{"embeddable":true,"href":"https:\/\/mula.es\/web\/wp-json\/wp\/v2\/media\/37987"}],"wp:attachment":[{"href":"https:\/\/mula.es\/web\/wp-json\/wp\/v2\/media?parent=37986"}],"wp:term":[{"taxonomy":"category","embeddable":true,"href":"https:\/\/mula.es\/web\/wp-json\/wp\/v2\/categories?post=37986"},{"taxonomy":"post_tag","embeddable":true,"href":"https:\/\/mula.es\/web\/wp-json\/wp\/v2\/tags?post=37986"}],"curies":[{"name":"wp","href":"https:\/\/api.w.org\/{rel}","templated":true}]}}