{"id":40741,"date":"2021-06-02T10:25:42","date_gmt":"2021-06-02T08:25:42","guid":{"rendered":"https:\/\/mula.es\/web\/?p=40741"},"modified":"2021-06-02T10:25:42","modified_gmt":"2021-06-02T08:25:42","slug":"turismo-turismo-sigue-poniendo-en-valor-el-patrimonio-historico-cultural-gastronomico-y-de-ocio-del-municipio-durante-este-junio","status":"publish","type":"post","link":"https:\/\/mula.es\/web\/turismo-turismo-sigue-poniendo-en-valor-el-patrimonio-historico-cultural-gastronomico-y-de-ocio-del-municipio-durante-este-junio\/","title":{"rendered":"TURISMO | Turismo sigue poniendo en valor el patrimonio hist\u00f3rico, cultural, gastron\u00f3mico y de ocio del municipio durante este junio"},"content":{"rendered":"<p style=\"text-align: justify;\">Presentado el programa de visitas guiadas y actividades que desde la concejal\u00eda proponen para seguir conociendo Mula<\/p>\n<p style=\"text-align: justify;\">La concejal\u00eda de Turismo presenta la propuesta de visitas guiadas para el mes de junio. Con el objetivo de fomentar el conocimiento del patrimonio e historia local y aportando momentos de ocio seguro que pueda repercutir en otros sectores econ\u00f3micos del municipio, Turismo ha organizado un amplio programa de visitas y actividades mediante las que seguir descubriendo el patrimonio hist\u00f3rico, cultural y gastron\u00f3mico del municipio de Mula.<\/p>\n<p style=\"text-align: justify;\">El programa recoge visitas guiadas al yacimiento de los Villaricos los d\u00edas domingo 6 y 13 de junio a las 10.30 horas. Adem\u00e1s, los d\u00edas s\u00e1bado 19 y 26 de junio se podr\u00e1 visitar el yacimiento a las 20.00 horas. El punto de encuentro ser\u00e1 el propio yacimiento y el precio 4\u20ac.<\/p>\n<p style=\"text-align: justify;\">El mi\u00e9rcoles d\u00eda 9 de junio, a partir de las 10.00 horas, visita al Santuario de El Ni\u00f1o, Senda de los Molinos y degustaci\u00f3n de un plato t\u00edpico mule\u00f1o. El precio de la actividad es de 10\u20ac. M\u00e1s informaci\u00f3n y reservas en atrioturismo@gmail.com.<\/p>\n<p style=\"text-align: justify;\">Los d\u00edas s\u00e1bado 12 y 26 de junio, visita guiada al casco antiguo de Mula. El punto de encuentro ser\u00e1 la puerta del Convento San Francisco a las 20.00 horas. Actividad gratuita.<\/p>\n<p style=\"text-align: justify;\">Los s\u00e1bados 5 y 19 de junio, a las 18.00 horas, Conoce la Historia del Convento de San Francisco. Actividad gratuita.<\/p>\n<p style=\"text-align: justify;\">Los d\u00edas s\u00e1bado 12 y 26 de junio, a las 18.00 horas, visita a la exposici\u00f3n \u2018Obra en proceso 1520\u2019. Punto de encuentro, el Convento San Francisco.<\/p>\n<p style=\"text-align: justify;\">El s\u00e1bado d\u00eda 19, a las 19.30 horas, visita guiada al interior de las Iglesias. El punto de encuentro ser\u00e1 el convento de La Encarnaci\u00f3n.<\/p>\n<p style=\"text-align: justify;\">El domingo 27 de junio se ha organizado un recorrido por la V\u00eda Verde en Calesa. A partir de las 11.00 horas. Precio 30\u20ac. Informaci\u00f3n y reservas en atrioturismo@gmail.com.<\/p>\n<p style=\"text-align: justify;\">Para participar en las actividades es imprescindible cita previa en la web\u00a0 murciaturistica.es o en la Oficina de Turismo de Mula.<\/p>\n<p style=\"text-align: justify;\">La concejala de Turismo en el Ayuntamiento de Mula, Alejandra Mart\u00ednez, resaltaba la importancia de estas actividades \u201cque repercuten directa e indirectamente en diversos sectores del tejido empresarial del municipio y que siguen acercando nuestra historia tanto a mule\u00f1os como visitantes. Adem\u00e1s, como en programas anteriores seguimos poniendo en valor a nuestras pedan\u00edas y dando a conocer la gran riqueza de la gastronom\u00eda local\u201d.<\/p>\n<p>&nbsp;<\/p>\n<p><a href=\"https:\/\/mula.es\/web\/wp-content\/uploads\/2021\/06\/prog_turismo_junio_2021.jpg\"><img decoding=\"async\" data-attachment-id=\"40742\" data-permalink=\"https:\/\/mula.es\/web\/turismo-turismo-sigue-poniendo-en-valor-el-patrimonio-historico-cultural-gastronomico-y-de-ocio-del-municipio-durante-este-junio\/prog_turismo_junio_2021\/\" data-orig-file=\"https:\/\/mula.es\/web\/wp-content\/uploads\/2021\/06\/prog_turismo_junio_2021.jpg\" data-orig-size=\"1049,1600\" data-comments-opened=\"0\" data-image-meta=\"{&quot;aperture&quot;:&quot;0&quot;,&quot;credit&quot;:&quot;&quot;,&quot;camera&quot;:&quot;&quot;,&quot;caption&quot;:&quot;&quot;,&quot;created_timestamp&quot;:&quot;0&quot;,&quot;copyright&quot;:&quot;&quot;,&quot;focal_length&quot;:&quot;0&quot;,&quot;iso&quot;:&quot;0&quot;,&quot;shutter_speed&quot;:&quot;0&quot;,&quot;title&quot;:&quot;&quot;,&quot;orientation&quot;:&quot;0&quot;}\" data-image-title=\"prog_turismo_junio_2021\" data-image-description=\"\" data-image-caption=\"\" data-large-file=\"https:\/\/mula.es\/web\/wp-content\/uploads\/2021\/06\/prog_turismo_junio_2021-671x1024.jpg\" class=\"aligncenter size-large wp-image-40742\" src=\"https:\/\/mula.es\/web\/wp-content\/uploads\/2021\/06\/prog_turismo_junio_2021-671x1024.jpg\" alt=\"\" width=\"671\" height=\"1024\" srcset=\"https:\/\/mula.es\/web\/wp-content\/uploads\/2021\/06\/prog_turismo_junio_2021-197x300.jpg 197w, https:\/\/mula.es\/web\/wp-content\/uploads\/2021\/06\/prog_turismo_junio_2021-200x305.jpg 200w, https:\/\/mula.es\/web\/wp-content\/uploads\/2021\/06\/prog_turismo_junio_2021-400x610.jpg 400w, https:\/\/mula.es\/web\/wp-content\/uploads\/2021\/06\/prog_turismo_junio_2021-600x915.jpg 600w, https:\/\/mula.es\/web\/wp-content\/uploads\/2021\/06\/prog_turismo_junio_2021-671x1024.jpg 671w, https:\/\/mula.es\/web\/wp-content\/uploads\/2021\/06\/prog_turismo_junio_2021-768x1171.jpg 768w, https:\/\/mula.es\/web\/wp-content\/uploads\/2021\/06\/prog_turismo_junio_2021-800x1220.jpg 800w, https:\/\/mula.es\/web\/wp-content\/uploads\/2021\/06\/prog_turismo_junio_2021-1007x1536.jpg 1007w, https:\/\/mula.es\/web\/wp-content\/uploads\/2021\/06\/prog_turismo_junio_2021.jpg 1049w\" sizes=\"(max-width: 671px) 100vw, 671px\" \/><\/a><\/p>\n","protected":false},"excerpt":{"rendered":"<p>Presentado el programa de visitas guiadas y actividades que desde la concejal\u00eda proponen para seguir conociendo Mula La concejal\u00eda de Turismo presenta la propuesta de visitas guiadas para el mes de junio. Con el objetivo de fomentar el conocimiento del patrimonio e historia local y aportando momentos de ocio seguro que pueda repercutir en otros  [&#8230;]<\/p>\n","protected":false},"author":9,"featured_media":14288,"comment_status":"closed","ping_status":"closed","sticky":false,"template":"","format":"standard","meta":{"jetpack_post_was_ever_published":false,"_jetpack_newsletter_access":"","_jetpack_dont_email_post_to_subs":false,"_jetpack_newsletter_tier_id":0,"_jetpack_memberships_contains_paywalled_content":false,"_jetpack_memberships_contains_paid_content":false,"footnotes":"","jetpack_publicize_message":"","jetpack_publicize_feature_enabled":true,"jetpack_social_post_already_shared":false,"jetpack_social_options":{"image_generator_settings":{"template":"highway","default_image_id":0,"font":"","enabled":false},"version":2}},"categories":[75],"tags":[],"class_list":["post-40741","post","type-post","status-publish","format-standard","has-post-thumbnail","hentry","category-turismo"],"yoast_head":"<!-- This site is optimized with the Yoast SEO plugin v27.5 - https:\/\/yoast.com\/product\/yoast-seo-wordpress\/ -->\n<title>TURISMO | Turismo sigue poniendo en valor el patrimonio hist\u00f3rico, cultural, gastron\u00f3mico y de ocio del municipio durante este junio - Ayuntamiento de Mula<\/title>\n<meta name=\"robots\" content=\"index, follow, max-snippet:-1, max-image-preview:large, max-video-preview:-1\" \/>\n<link rel=\"canonical\" href=\"https:\/\/mula.es\/web\/turismo-turismo-sigue-poniendo-en-valor-el-patrimonio-historico-cultural-gastronomico-y-de-ocio-del-municipio-durante-este-junio\/\" \/>\n<meta property=\"og:locale\" content=\"es_ES\" \/>\n<meta property=\"og:type\" content=\"article\" \/>\n<meta property=\"og:title\" content=\"TURISMO | Turismo sigue poniendo en valor el patrimonio hist\u00f3rico, cultural, gastron\u00f3mico y de ocio del municipio durante este junio - Ayuntamiento de Mula\" \/>\n<meta property=\"og:description\" content=\"Presentado el programa de visitas guiadas y actividades que desde la concejal\u00eda proponen para seguir conociendo Mula La concejal\u00eda de Turismo presenta la propuesta de visitas guiadas para el mes de junio. Con el objetivo de fomentar el conocimiento del patrimonio e historia local y aportando momentos de ocio seguro que pueda repercutir en otros [...]\" \/>\n<meta property=\"og:url\" content=\"https:\/\/mula.es\/web\/turismo-turismo-sigue-poniendo-en-valor-el-patrimonio-historico-cultural-gastronomico-y-de-ocio-del-municipio-durante-este-junio\/\" \/>\n<meta property=\"og:site_name\" content=\"Ayuntamiento de Mula\" \/>\n<meta property=\"article:published_time\" content=\"2021-06-02T08:25:42+00:00\" \/>\n<meta property=\"og:image\" content=\"https:\/\/i0.wp.com\/mula.es\/web\/wp-content\/uploads\/2016\/02\/logoturismo.png?fit=170%2C120&ssl=1\" \/>\n\t<meta property=\"og:image:width\" content=\"170\" \/>\n\t<meta property=\"og:image:height\" content=\"120\" \/>\n\t<meta property=\"og:image:type\" content=\"image\/png\" \/>\n<meta name=\"author\" content=\"Rosario Mart\u00ednez\" \/>\n<meta name=\"twitter:card\" content=\"summary_large_image\" \/>\n<meta name=\"twitter:image\" content=\"https:\/\/mula.es\/web\/wp-content\/uploads\/2020\/06\/cropped-escudo-cuadrado.jpg\" \/>\n<meta name=\"twitter:creator\" content=\"@AyuntamientMula\" \/>\n<meta name=\"twitter:site\" content=\"@AyuntamientMula\" \/>\n<meta name=\"twitter:label1\" content=\"Escrito por\" \/>\n\t<meta name=\"twitter:data1\" content=\"Rosario Mart\u00ednez\" \/>\n\t<meta name=\"twitter:label2\" content=\"Tiempo de lectura\" \/>\n\t<meta name=\"twitter:data2\" content=\"2 minutos\" \/>\n<script type=\"application\/ld+json\" class=\"yoast-schema-graph\">{\"@context\":\"https:\\\/\\\/schema.org\",\"@graph\":[{\"@type\":\"Article\",\"@id\":\"https:\\\/\\\/mula.es\\\/web\\\/turismo-turismo-sigue-poniendo-en-valor-el-patrimonio-historico-cultural-gastronomico-y-de-ocio-del-municipio-durante-este-junio\\\/#article\",\"isPartOf\":{\"@id\":\"https:\\\/\\\/mula.es\\\/web\\\/turismo-turismo-sigue-poniendo-en-valor-el-patrimonio-historico-cultural-gastronomico-y-de-ocio-del-municipio-durante-este-junio\\\/\"},\"author\":{\"name\":\"Rosario Mart\u00ednez\",\"@id\":\"https:\\\/\\\/mula.es\\\/web\\\/#\\\/schema\\\/person\\\/f8d63bd3ab6e7b025268b909b7ab0771\"},\"headline\":\"TURISMO | Turismo sigue poniendo en valor el patrimonio hist\u00f3rico, cultural, gastron\u00f3mico y de ocio del municipio durante este junio\",\"datePublished\":\"2021-06-02T08:25:42+00:00\",\"mainEntityOfPage\":{\"@id\":\"https:\\\/\\\/mula.es\\\/web\\\/turismo-turismo-sigue-poniendo-en-valor-el-patrimonio-historico-cultural-gastronomico-y-de-ocio-del-municipio-durante-este-junio\\\/\"},\"wordCount\":433,\"image\":{\"@id\":\"https:\\\/\\\/mula.es\\\/web\\\/turismo-turismo-sigue-poniendo-en-valor-el-patrimonio-historico-cultural-gastronomico-y-de-ocio-del-municipio-durante-este-junio\\\/#primaryimage\"},\"thumbnailUrl\":\"https:\\\/\\\/mula.es\\\/web\\\/wp-content\\\/uploads\\\/2016\\\/02\\\/logoturismo.png\",\"articleSection\":[\"turismo\"],\"inLanguage\":\"es\"},{\"@type\":\"WebPage\",\"@id\":\"https:\\\/\\\/mula.es\\\/web\\\/turismo-turismo-sigue-poniendo-en-valor-el-patrimonio-historico-cultural-gastronomico-y-de-ocio-del-municipio-durante-este-junio\\\/\",\"url\":\"https:\\\/\\\/mula.es\\\/web\\\/turismo-turismo-sigue-poniendo-en-valor-el-patrimonio-historico-cultural-gastronomico-y-de-ocio-del-municipio-durante-este-junio\\\/\",\"name\":\"TURISMO | Turismo sigue poniendo en valor el patrimonio hist\u00f3rico, cultural, gastron\u00f3mico y de ocio del municipio durante este junio - Ayuntamiento de Mula\",\"isPartOf\":{\"@id\":\"https:\\\/\\\/mula.es\\\/web\\\/#website\"},\"primaryImageOfPage\":{\"@id\":\"https:\\\/\\\/mula.es\\\/web\\\/turismo-turismo-sigue-poniendo-en-valor-el-patrimonio-historico-cultural-gastronomico-y-de-ocio-del-municipio-durante-este-junio\\\/#primaryimage\"},\"image\":{\"@id\":\"https:\\\/\\\/mula.es\\\/web\\\/turismo-turismo-sigue-poniendo-en-valor-el-patrimonio-historico-cultural-gastronomico-y-de-ocio-del-municipio-durante-este-junio\\\/#primaryimage\"},\"thumbnailUrl\":\"https:\\\/\\\/mula.es\\\/web\\\/wp-content\\\/uploads\\\/2016\\\/02\\\/logoturismo.png\",\"datePublished\":\"2021-06-02T08:25:42+00:00\",\"author\":{\"@id\":\"https:\\\/\\\/mula.es\\\/web\\\/#\\\/schema\\\/person\\\/f8d63bd3ab6e7b025268b909b7ab0771\"},\"breadcrumb\":{\"@id\":\"https:\\\/\\\/mula.es\\\/web\\\/turismo-turismo-sigue-poniendo-en-valor-el-patrimonio-historico-cultural-gastronomico-y-de-ocio-del-municipio-durante-este-junio\\\/#breadcrumb\"},\"inLanguage\":\"es\",\"potentialAction\":[{\"@type\":\"ReadAction\",\"target\":[\"https:\\\/\\\/mula.es\\\/web\\\/turismo-turismo-sigue-poniendo-en-valor-el-patrimonio-historico-cultural-gastronomico-y-de-ocio-del-municipio-durante-este-junio\\\/\"]}]},{\"@type\":\"ImageObject\",\"inLanguage\":\"es\",\"@id\":\"https:\\\/\\\/mula.es\\\/web\\\/turismo-turismo-sigue-poniendo-en-valor-el-patrimonio-historico-cultural-gastronomico-y-de-ocio-del-municipio-durante-este-junio\\\/#primaryimage\",\"url\":\"https:\\\/\\\/mula.es\\\/web\\\/wp-content\\\/uploads\\\/2016\\\/02\\\/logoturismo.png\",\"contentUrl\":\"https:\\\/\\\/mula.es\\\/web\\\/wp-content\\\/uploads\\\/2016\\\/02\\\/logoturismo.png\",\"width\":170,\"height\":120,\"caption\":\"Logo Turismo\"},{\"@type\":\"BreadcrumbList\",\"@id\":\"https:\\\/\\\/mula.es\\\/web\\\/turismo-turismo-sigue-poniendo-en-valor-el-patrimonio-historico-cultural-gastronomico-y-de-ocio-del-municipio-durante-este-junio\\\/#breadcrumb\",\"itemListElement\":[{\"@type\":\"ListItem\",\"position\":1,\"name\":\"Portada\",\"item\":\"https:\\\/\\\/mula.es\\\/web\\\/\"},{\"@type\":\"ListItem\",\"position\":2,\"name\":\"TURISMO | Turismo sigue poniendo en valor el patrimonio hist\u00f3rico, cultural, gastron\u00f3mico y de ocio del municipio durante este junio\"}]},{\"@type\":\"WebSite\",\"@id\":\"https:\\\/\\\/mula.es\\\/web\\\/#website\",\"url\":\"https:\\\/\\\/mula.es\\\/web\\\/\",\"name\":\"Ayuntamiento de Mula\",\"description\":\"P\u00e1gina web del Ayuntamiento de Mula (Regi\u00f3n de Murcia)\",\"potentialAction\":[{\"@type\":\"SearchAction\",\"target\":{\"@type\":\"EntryPoint\",\"urlTemplate\":\"https:\\\/\\\/mula.es\\\/web\\\/?s={search_term_string}\"},\"query-input\":{\"@type\":\"PropertyValueSpecification\",\"valueRequired\":true,\"valueName\":\"search_term_string\"}}],\"inLanguage\":\"es\"},{\"@type\":\"Person\",\"@id\":\"https:\\\/\\\/mula.es\\\/web\\\/#\\\/schema\\\/person\\\/f8d63bd3ab6e7b025268b909b7ab0771\",\"name\":\"Rosario Mart\u00ednez\",\"image\":{\"@type\":\"ImageObject\",\"inLanguage\":\"es\",\"@id\":\"https:\\\/\\\/secure.gravatar.com\\\/avatar\\\/ce916b980ac93e5b1d36e6068357675d4e089a572ebc8789fcb807c2fb2edfef?s=96&d=mm&r=g\",\"url\":\"https:\\\/\\\/secure.gravatar.com\\\/avatar\\\/ce916b980ac93e5b1d36e6068357675d4e089a572ebc8789fcb807c2fb2edfef?s=96&d=mm&r=g\",\"contentUrl\":\"https:\\\/\\\/secure.gravatar.com\\\/avatar\\\/ce916b980ac93e5b1d36e6068357675d4e089a572ebc8789fcb807c2fb2edfef?s=96&d=mm&r=g\",\"caption\":\"Rosario Mart\u00ednez\"},\"url\":\"https:\\\/\\\/mula.es\\\/web\\\/author\\\/rmartinez\\\/\"}]}<\/script>\n<!-- \/ Yoast SEO plugin. -->","yoast_head_json":{"title":"TURISMO | Turismo sigue poniendo en valor el patrimonio hist\u00f3rico, cultural, gastron\u00f3mico y de ocio del municipio durante este junio - Ayuntamiento de Mula","robots":{"index":"index","follow":"follow","max-snippet":"max-snippet:-1","max-image-preview":"max-image-preview:large","max-video-preview":"max-video-preview:-1"},"canonical":"https:\/\/mula.es\/web\/turismo-turismo-sigue-poniendo-en-valor-el-patrimonio-historico-cultural-gastronomico-y-de-ocio-del-municipio-durante-este-junio\/","og_locale":"es_ES","og_type":"article","og_title":"TURISMO | Turismo sigue poniendo en valor el patrimonio hist\u00f3rico, cultural, gastron\u00f3mico y de ocio del municipio durante este junio - Ayuntamiento de Mula","og_description":"Presentado el programa de visitas guiadas y actividades que desde la concejal\u00eda proponen para seguir conociendo Mula La concejal\u00eda de Turismo presenta la propuesta de visitas guiadas para el mes de junio. Con el objetivo de fomentar el conocimiento del patrimonio e historia local y aportando momentos de ocio seguro que pueda repercutir en otros [...]","og_url":"https:\/\/mula.es\/web\/turismo-turismo-sigue-poniendo-en-valor-el-patrimonio-historico-cultural-gastronomico-y-de-ocio-del-municipio-durante-este-junio\/","og_site_name":"Ayuntamiento de Mula","article_published_time":"2021-06-02T08:25:42+00:00","og_image":[{"width":170,"height":120,"url":"https:\/\/i0.wp.com\/mula.es\/web\/wp-content\/uploads\/2016\/02\/logoturismo.png?fit=170%2C120&ssl=1","type":"image\/png"}],"author":"Rosario Mart\u00ednez","twitter_card":"summary_large_image","twitter_image":"https:\/\/mula.es\/web\/wp-content\/uploads\/2020\/06\/cropped-escudo-cuadrado.jpg","twitter_creator":"@AyuntamientMula","twitter_site":"@AyuntamientMula","twitter_misc":{"Escrito por":"Rosario Mart\u00ednez","Tiempo de lectura":"2 minutos"},"schema":{"@context":"https:\/\/schema.org","@graph":[{"@type":"Article","@id":"https:\/\/mula.es\/web\/turismo-turismo-sigue-poniendo-en-valor-el-patrimonio-historico-cultural-gastronomico-y-de-ocio-del-municipio-durante-este-junio\/#article","isPartOf":{"@id":"https:\/\/mula.es\/web\/turismo-turismo-sigue-poniendo-en-valor-el-patrimonio-historico-cultural-gastronomico-y-de-ocio-del-municipio-durante-este-junio\/"},"author":{"name":"Rosario Mart\u00ednez","@id":"https:\/\/mula.es\/web\/#\/schema\/person\/f8d63bd3ab6e7b025268b909b7ab0771"},"headline":"TURISMO | Turismo sigue poniendo en valor el patrimonio hist\u00f3rico, cultural, gastron\u00f3mico y de ocio del municipio durante este junio","datePublished":"2021-06-02T08:25:42+00:00","mainEntityOfPage":{"@id":"https:\/\/mula.es\/web\/turismo-turismo-sigue-poniendo-en-valor-el-patrimonio-historico-cultural-gastronomico-y-de-ocio-del-municipio-durante-este-junio\/"},"wordCount":433,"image":{"@id":"https:\/\/mula.es\/web\/turismo-turismo-sigue-poniendo-en-valor-el-patrimonio-historico-cultural-gastronomico-y-de-ocio-del-municipio-durante-este-junio\/#primaryimage"},"thumbnailUrl":"https:\/\/mula.es\/web\/wp-content\/uploads\/2016\/02\/logoturismo.png","articleSection":["turismo"],"inLanguage":"es"},{"@type":"WebPage","@id":"https:\/\/mula.es\/web\/turismo-turismo-sigue-poniendo-en-valor-el-patrimonio-historico-cultural-gastronomico-y-de-ocio-del-municipio-durante-este-junio\/","url":"https:\/\/mula.es\/web\/turismo-turismo-sigue-poniendo-en-valor-el-patrimonio-historico-cultural-gastronomico-y-de-ocio-del-municipio-durante-este-junio\/","name":"TURISMO | Turismo sigue poniendo en valor el patrimonio hist\u00f3rico, cultural, gastron\u00f3mico y de ocio del municipio durante este junio - Ayuntamiento de Mula","isPartOf":{"@id":"https:\/\/mula.es\/web\/#website"},"primaryImageOfPage":{"@id":"https:\/\/mula.es\/web\/turismo-turismo-sigue-poniendo-en-valor-el-patrimonio-historico-cultural-gastronomico-y-de-ocio-del-municipio-durante-este-junio\/#primaryimage"},"image":{"@id":"https:\/\/mula.es\/web\/turismo-turismo-sigue-poniendo-en-valor-el-patrimonio-historico-cultural-gastronomico-y-de-ocio-del-municipio-durante-este-junio\/#primaryimage"},"thumbnailUrl":"https:\/\/mula.es\/web\/wp-content\/uploads\/2016\/02\/logoturismo.png","datePublished":"2021-06-02T08:25:42+00:00","author":{"@id":"https:\/\/mula.es\/web\/#\/schema\/person\/f8d63bd3ab6e7b025268b909b7ab0771"},"breadcrumb":{"@id":"https:\/\/mula.es\/web\/turismo-turismo-sigue-poniendo-en-valor-el-patrimonio-historico-cultural-gastronomico-y-de-ocio-del-municipio-durante-este-junio\/#breadcrumb"},"inLanguage":"es","potentialAction":[{"@type":"ReadAction","target":["https:\/\/mula.es\/web\/turismo-turismo-sigue-poniendo-en-valor-el-patrimonio-historico-cultural-gastronomico-y-de-ocio-del-municipio-durante-este-junio\/"]}]},{"@type":"ImageObject","inLanguage":"es","@id":"https:\/\/mula.es\/web\/turismo-turismo-sigue-poniendo-en-valor-el-patrimonio-historico-cultural-gastronomico-y-de-ocio-del-municipio-durante-este-junio\/#primaryimage","url":"https:\/\/mula.es\/web\/wp-content\/uploads\/2016\/02\/logoturismo.png","contentUrl":"https:\/\/mula.es\/web\/wp-content\/uploads\/2016\/02\/logoturismo.png","width":170,"height":120,"caption":"Logo Turismo"},{"@type":"BreadcrumbList","@id":"https:\/\/mula.es\/web\/turismo-turismo-sigue-poniendo-en-valor-el-patrimonio-historico-cultural-gastronomico-y-de-ocio-del-municipio-durante-este-junio\/#breadcrumb","itemListElement":[{"@type":"ListItem","position":1,"name":"Portada","item":"https:\/\/mula.es\/web\/"},{"@type":"ListItem","position":2,"name":"TURISMO | Turismo sigue poniendo en valor el patrimonio hist\u00f3rico, cultural, gastron\u00f3mico y de ocio del municipio durante este junio"}]},{"@type":"WebSite","@id":"https:\/\/mula.es\/web\/#website","url":"https:\/\/mula.es\/web\/","name":"Ayuntamiento de Mula","description":"P\u00e1gina web del Ayuntamiento de Mula (Regi\u00f3n de Murcia)","potentialAction":[{"@type":"SearchAction","target":{"@type":"EntryPoint","urlTemplate":"https:\/\/mula.es\/web\/?s={search_term_string}"},"query-input":{"@type":"PropertyValueSpecification","valueRequired":true,"valueName":"search_term_string"}}],"inLanguage":"es"},{"@type":"Person","@id":"https:\/\/mula.es\/web\/#\/schema\/person\/f8d63bd3ab6e7b025268b909b7ab0771","name":"Rosario Mart\u00ednez","image":{"@type":"ImageObject","inLanguage":"es","@id":"https:\/\/secure.gravatar.com\/avatar\/ce916b980ac93e5b1d36e6068357675d4e089a572ebc8789fcb807c2fb2edfef?s=96&d=mm&r=g","url":"https:\/\/secure.gravatar.com\/avatar\/ce916b980ac93e5b1d36e6068357675d4e089a572ebc8789fcb807c2fb2edfef?s=96&d=mm&r=g","contentUrl":"https:\/\/secure.gravatar.com\/avatar\/ce916b980ac93e5b1d36e6068357675d4e089a572ebc8789fcb807c2fb2edfef?s=96&d=mm&r=g","caption":"Rosario Mart\u00ednez"},"url":"https:\/\/mula.es\/web\/author\/rmartinez\/"}]}},"jetpack_publicize_connections":[],"jetpack_featured_media_url":"https:\/\/mula.es\/web\/wp-content\/uploads\/2016\/02\/logoturismo.png","jetpack_sharing_enabled":true,"jetpack_shortlink":"https:\/\/wp.me\/pa9DMY-aB7","jetpack-related-posts":[],"_links":{"self":[{"href":"https:\/\/mula.es\/web\/wp-json\/wp\/v2\/posts\/40741","targetHints":{"allow":["GET"]}}],"collection":[{"href":"https:\/\/mula.es\/web\/wp-json\/wp\/v2\/posts"}],"about":[{"href":"https:\/\/mula.es\/web\/wp-json\/wp\/v2\/types\/post"}],"author":[{"embeddable":true,"href":"https:\/\/mula.es\/web\/wp-json\/wp\/v2\/users\/9"}],"replies":[{"embeddable":true,"href":"https:\/\/mula.es\/web\/wp-json\/wp\/v2\/comments?post=40741"}],"version-history":[{"count":1,"href":"https:\/\/mula.es\/web\/wp-json\/wp\/v2\/posts\/40741\/revisions"}],"predecessor-version":[{"id":40743,"href":"https:\/\/mula.es\/web\/wp-json\/wp\/v2\/posts\/40741\/revisions\/40743"}],"wp:featuredmedia":[{"embeddable":true,"href":"https:\/\/mula.es\/web\/wp-json\/wp\/v2\/media\/14288"}],"wp:attachment":[{"href":"https:\/\/mula.es\/web\/wp-json\/wp\/v2\/media?parent=40741"}],"wp:term":[{"taxonomy":"category","embeddable":true,"href":"https:\/\/mula.es\/web\/wp-json\/wp\/v2\/categories?post=40741"},{"taxonomy":"post_tag","embeddable":true,"href":"https:\/\/mula.es\/web\/wp-json\/wp\/v2\/tags?post=40741"}],"curies":[{"name":"wp","href":"https:\/\/api.w.org\/{rel}","templated":true}]}}