{"id":40916,"date":"2021-06-14T13:55:38","date_gmt":"2021-06-14T11:55:38","guid":{"rendered":"https:\/\/mula.es\/web\/?p=40916"},"modified":"2021-06-14T14:19:50","modified_gmt":"2021-06-14T12:19:50","slug":"turismo-tambores-mula-y-la-noche-de-los-tambores-se-promocionan-en-las-primeras-cabeceras-de-prensa-alemanas","status":"publish","type":"post","link":"https:\/\/mula.es\/web\/turismo-tambores-mula-y-la-noche-de-los-tambores-se-promocionan-en-las-primeras-cabeceras-de-prensa-alemanas\/","title":{"rendered":"TURISMO &#8211; TAMBORES | Mula y la Noche de los Tambores se promocionan en las primeras cabeceras de prensa alemanas"},"content":{"rendered":"<div class=\"fusion-fullwidth fullwidth-box fusion-builder-row-1 fusion-flex-container nonhundred-percent-fullwidth non-hundred-percent-height-scrolling\" style=\"--awb-border-radius-top-left:0px;--awb-border-radius-top-right:0px;--awb-border-radius-bottom-right:0px;--awb-border-radius-bottom-left:0px;--awb-flex-wrap:wrap;\" ><div class=\"fusion-builder-row fusion-row fusion-flex-align-items-flex-start fusion-flex-content-wrap\" style=\"max-width:1144px;margin-left: calc(-4% \/ 2 );margin-right: calc(-4% \/ 2 );\"><div class=\"fusion-layout-column fusion_builder_column fusion-builder-column-0 fusion_builder_column_1_1 1_1 fusion-flex-column\" style=\"--awb-bg-size:cover;--awb-width-large:100%;--awb-margin-top-large:0px;--awb-spacing-right-large:1.92%;--awb-margin-bottom-large:0px;--awb-spacing-left-large:1.92%;--awb-width-medium:100%;--awb-spacing-right-medium:1.92%;--awb-spacing-left-medium:1.92%;--awb-width-small:100%;--awb-spacing-right-small:1.92%;--awb-spacing-left-small:1.92%;\"><div class=\"fusion-column-wrapper fusion-flex-justify-content-flex-start fusion-content-layout-column\"><div class=\"fusion-text fusion-text-1\"><p style=\"text-align: justify;\">Turismo y Tambores han lanzado una campa\u00f1a promocional del festejo de los tambores en la consecuci\u00f3n de la declaraci\u00f3n de Inter\u00e9s Tur\u00edstico Internacional<\/p>\n<p style=\"text-align: justify;\">La Noche de los Tambores y Mula se promocionan a nivel internacional. Las concejal\u00edas de Turismo y de Tambores, \u00e1reas que dirigen Alejandra Mart\u00ednez y Pablo Pi\u00f1ero, respectivamente, han iniciado durante el pasado fin de semana una campa\u00f1a de promoci\u00f3n internacional para este festejo unido al trabajo que se viene desarrollando desde el Ayuntamiento con la Asociaci\u00f3n de Tamboristas de Mula en la consecuci\u00f3n de la declaraci\u00f3n de Fiesta de Inter\u00e9s Tur\u00edstico Internacional.<\/p>\n<p style=\"text-align: justify;\">As\u00ed, durante este fin de semana se ha publicado en las principales cabeceras de los diarios alemanes un extenso reportaje sobre la Noche de los Tambores y los recursos tur\u00edsticos y patrimoniales del municipio de Mula con el fin de darlos a conocer en ese pa\u00eds europeo y atraer hasta el municipio turistas procedentes de ese territorio.<\/p>\n<p style=\"text-align: justify;\">Estas actuaciones son parte del trabajo que viene desarrollando Mula en la difusi\u00f3n del festejo y la gran oferta tur\u00edstica que ofrece el municipio, una actuaci\u00f3n que repercutir\u00e1 directamente en el inter\u00e9s y curiosidad del turista alem\u00e1n al tiempo que se espera sea muy bien acogida por la colonia mule\u00f1a residente en este pa\u00eds.<\/p>\n<p style=\"text-align: justify;\">En pr\u00f3ximas fechas La Noche de los Tambores y Mula llegar\u00e1n a B\u00e9lgica y Suiza con una promoci\u00f3n similar y que seguir\u00e1 mostrando los recursos mule\u00f1os y su gran festejo en torno al tambor. La campa\u00f1a se est\u00e1 realizando, adem\u00e1s, a trav\u00e9s de medios nacionales para que su difusi\u00f3n llegue a todos los rincones del pa\u00eds.<\/p>\n<p style=\"text-align: justify;\">Alejandra Mart\u00ednez resaltaba el gran esfuerzo y la gran importancia de poder llegar a diversidad de pa\u00edses con el objetivo \u201cde dar a conocer la riqueza tur\u00edstica del municipio unido a esta gran fiesta como son nuestros tambores y la noche m\u00e1gica de la tamborada\u201d. Del mismo modo resaltaba que se est\u00e1 trabajando de manera intensa con el ITREM en el expediente de solicitud de declaraci\u00f3n de Inter\u00e9s Tur\u00edstico Internacional, \u201cdocumento que podr\u00eda entregarse durante el mes de septiembre y con la vista puesta a poder contar con esta declaraci\u00f3n en la pr\u00f3xima tamborada\u201d.<\/p>\n<\/div><div class=\"fusion-image-carousel fusion-image-carousel-auto fusion-image-carousel-1 lightbox-enabled fusion-carousel-border\"><div class=\"awb-carousel awb-swiper awb-swiper-carousel awb-carousel--carousel awb-swiper-dots-position-bottom\" data-layout=\"carousel\" data-autoplay=\"no\" data-autoplayspeed=\"2500\" data-autoplaypause=\"no\" data-loop=\"yes\" data-columns=\"5\" data-columnsmedium=\"1\" data-columnssmall=\"1\" data-itemmargin=\"13\" data-itemwidth=\"180\" data-touchscroll=\"no\" data-freemode=\"no\" data-imagesize=\"auto\" data-scrollitems=\"0\" data-centeredslides=\"no\" data-rotationangle=\"50\" data-depth=\"100\" data-speed=\"500\" data-shadow=\"no\" data-pagination=\"bullets\" style=\"--awb-border-width:1px;--awb-border-color:#e9eaee;\"><div class=\"swiper-wrapper awb-image-carousel-wrapper fusion-flex-align-items-center\"><div class=\"swiper-slide\"><div class=\"fusion-carousel-item-wrapper\"><div class=\"fusion-image-wrapper hover-type-zoomin\"><a data-rel=\"iLightbox[image_carousel_1]\" data-title=\"tamboresinternacional1\" aria-label=\"tamboresinternacional1\" href=\"https:\/\/mula.es\/web\/wp-content\/uploads\/2021\/06\/tamboresinternacional1-150x300.jpg\" target=\"_self\"><img decoding=\"async\" width=\"1024\" height=\"2048\" src=\"https:\/\/mula.es\/web\/wp-content\/uploads\/2021\/06\/tamboresinternacional1.jpg\" class=\"attachment-full size-full\" alt=\"\" srcset=\"https:\/\/mula.es\/web\/wp-content\/uploads\/2021\/06\/tamboresinternacional1-200x400.jpg 200w, https:\/\/mula.es\/web\/wp-content\/uploads\/2021\/06\/tamboresinternacional1-400x800.jpg 400w, https:\/\/mula.es\/web\/wp-content\/uploads\/2021\/06\/tamboresinternacional1-600x1200.jpg 600w, https:\/\/mula.es\/web\/wp-content\/uploads\/2021\/06\/tamboresinternacional1-800x1600.jpg 800w, https:\/\/mula.es\/web\/wp-content\/uploads\/2021\/06\/tamboresinternacional1.jpg 1024w\" sizes=\"(min-width: 2200px) 100vw, (min-width: 928px) 210px, (min-width: 856px) 262px, (min-width: 784px) 349px, (min-width: 712px) 524px, (min-width: 640px) 712px, \" data-attachment-id=\"40917\" data-permalink=\"https:\/\/mula.es\/web\/turismo-tambores-mula-y-la-noche-de-los-tambores-se-promocionan-en-las-primeras-cabeceras-de-prensa-alemanas\/tamboresinternacional1\/\" data-orig-file=\"https:\/\/mula.es\/web\/wp-content\/uploads\/2021\/06\/tamboresinternacional1.jpg\" data-orig-size=\"1024,2048\" data-comments-opened=\"0\" data-image-meta=\"{&quot;aperture&quot;:&quot;0&quot;,&quot;credit&quot;:&quot;&quot;,&quot;camera&quot;:&quot;&quot;,&quot;caption&quot;:&quot;&quot;,&quot;created_timestamp&quot;:&quot;0&quot;,&quot;copyright&quot;:&quot;&quot;,&quot;focal_length&quot;:&quot;0&quot;,&quot;iso&quot;:&quot;0&quot;,&quot;shutter_speed&quot;:&quot;0&quot;,&quot;title&quot;:&quot;&quot;,&quot;orientation&quot;:&quot;0&quot;}\" data-image-title=\"tamboresinternacional1\" data-image-description=\"\" data-image-caption=\"\" data-large-file=\"https:\/\/mula.es\/web\/wp-content\/uploads\/2021\/06\/tamboresinternacional1-512x1024.jpg\" \/><\/a><\/div><\/div><\/div><div class=\"swiper-slide\"><div class=\"fusion-carousel-item-wrapper\"><div class=\"fusion-image-wrapper hover-type-zoomin\"><a data-rel=\"iLightbox[image_carousel_1]\" data-title=\"tamboresinternacional2\" aria-label=\"tamboresinternacional2\" href=\"https:\/\/mula.es\/web\/wp-content\/uploads\/2021\/06\/tamboresinternacional2-177x300.jpg\" target=\"_self\"><img decoding=\"async\" width=\"1106\" height=\"1871\" src=\"https:\/\/mula.es\/web\/wp-content\/uploads\/2021\/06\/tamboresinternacional2.jpg\" class=\"attachment-full size-full\" alt=\"\" srcset=\"https:\/\/mula.es\/web\/wp-content\/uploads\/2021\/06\/tamboresinternacional2-200x338.jpg 200w, https:\/\/mula.es\/web\/wp-content\/uploads\/2021\/06\/tamboresinternacional2-400x677.jpg 400w, https:\/\/mula.es\/web\/wp-content\/uploads\/2021\/06\/tamboresinternacional2-600x1015.jpg 600w, https:\/\/mula.es\/web\/wp-content\/uploads\/2021\/06\/tamboresinternacional2-800x1353.jpg 800w, https:\/\/mula.es\/web\/wp-content\/uploads\/2021\/06\/tamboresinternacional2.jpg 1106w\" sizes=\"(min-width: 2200px) 100vw, (min-width: 928px) 210px, (min-width: 856px) 262px, (min-width: 784px) 349px, (min-width: 712px) 524px, (min-width: 640px) 712px, \" data-attachment-id=\"40918\" data-permalink=\"https:\/\/mula.es\/web\/turismo-tambores-mula-y-la-noche-de-los-tambores-se-promocionan-en-las-primeras-cabeceras-de-prensa-alemanas\/tamboresinternacional2\/\" data-orig-file=\"https:\/\/mula.es\/web\/wp-content\/uploads\/2021\/06\/tamboresinternacional2.jpg\" data-orig-size=\"1106,1871\" data-comments-opened=\"0\" data-image-meta=\"{&quot;aperture&quot;:&quot;0&quot;,&quot;credit&quot;:&quot;&quot;,&quot;camera&quot;:&quot;&quot;,&quot;caption&quot;:&quot;&quot;,&quot;created_timestamp&quot;:&quot;0&quot;,&quot;copyright&quot;:&quot;&quot;,&quot;focal_length&quot;:&quot;0&quot;,&quot;iso&quot;:&quot;0&quot;,&quot;shutter_speed&quot;:&quot;0&quot;,&quot;title&quot;:&quot;&quot;,&quot;orientation&quot;:&quot;0&quot;}\" data-image-title=\"tamboresinternacional2\" data-image-description=\"\" data-image-caption=\"\" data-large-file=\"https:\/\/mula.es\/web\/wp-content\/uploads\/2021\/06\/tamboresinternacional2-605x1024.jpg\" \/><\/a><\/div><\/div><\/div><div class=\"swiper-slide\"><div class=\"fusion-carousel-item-wrapper\"><div class=\"fusion-image-wrapper hover-type-zoomin\"><a data-rel=\"iLightbox[image_carousel_1]\" data-title=\"tamboresinternacional3\" aria-label=\"tamboresinternacional3\" href=\"https:\/\/mula.es\/web\/wp-content\/uploads\/2021\/06\/tamboresinternacional3-159x300.jpg\" target=\"_self\"><img decoding=\"async\" width=\"1086\" height=\"2048\" src=\"https:\/\/mula.es\/web\/wp-content\/uploads\/2021\/06\/tamboresinternacional3.jpg\" class=\"attachment-full size-full\" alt=\"\" srcset=\"https:\/\/mula.es\/web\/wp-content\/uploads\/2021\/06\/tamboresinternacional3-200x377.jpg 200w, https:\/\/mula.es\/web\/wp-content\/uploads\/2021\/06\/tamboresinternacional3-400x754.jpg 400w, https:\/\/mula.es\/web\/wp-content\/uploads\/2021\/06\/tamboresinternacional3-600x1131.jpg 600w, https:\/\/mula.es\/web\/wp-content\/uploads\/2021\/06\/tamboresinternacional3-800x1509.jpg 800w, https:\/\/mula.es\/web\/wp-content\/uploads\/2021\/06\/tamboresinternacional3.jpg 1086w\" sizes=\"(min-width: 2200px) 100vw, (min-width: 928px) 210px, (min-width: 856px) 262px, (min-width: 784px) 349px, (min-width: 712px) 524px, (min-width: 640px) 712px, \" data-attachment-id=\"40919\" data-permalink=\"https:\/\/mula.es\/web\/turismo-tambores-mula-y-la-noche-de-los-tambores-se-promocionan-en-las-primeras-cabeceras-de-prensa-alemanas\/tamboresinternacional3\/\" data-orig-file=\"https:\/\/mula.es\/web\/wp-content\/uploads\/2021\/06\/tamboresinternacional3.jpg\" data-orig-size=\"1086,2048\" data-comments-opened=\"0\" data-image-meta=\"{&quot;aperture&quot;:&quot;0&quot;,&quot;credit&quot;:&quot;&quot;,&quot;camera&quot;:&quot;&quot;,&quot;caption&quot;:&quot;&quot;,&quot;created_timestamp&quot;:&quot;0&quot;,&quot;copyright&quot;:&quot;&quot;,&quot;focal_length&quot;:&quot;0&quot;,&quot;iso&quot;:&quot;0&quot;,&quot;shutter_speed&quot;:&quot;0&quot;,&quot;title&quot;:&quot;&quot;,&quot;orientation&quot;:&quot;0&quot;}\" data-image-title=\"tamboresinternacional3\" data-image-description=\"\" data-image-caption=\"\" data-large-file=\"https:\/\/mula.es\/web\/wp-content\/uploads\/2021\/06\/tamboresinternacional3-543x1024.jpg\" \/><\/a><\/div><\/div><\/div><div class=\"swiper-slide\"><div class=\"fusion-carousel-item-wrapper\"><div class=\"fusion-image-wrapper hover-type-zoomin\"><a data-rel=\"iLightbox[image_carousel_1]\" data-title=\"tamboresinternacional4\" aria-label=\"tamboresinternacional4\" href=\"https:\/\/mula.es\/web\/wp-content\/uploads\/2021\/06\/tamboresinternacional4-163x300.jpg\" target=\"_self\"><img decoding=\"async\" width=\"1110\" height=\"2048\" src=\"https:\/\/mula.es\/web\/wp-content\/uploads\/2021\/06\/tamboresinternacional4.jpg\" class=\"attachment-full size-full\" alt=\"\" srcset=\"https:\/\/mula.es\/web\/wp-content\/uploads\/2021\/06\/tamboresinternacional4-200x369.jpg 200w, https:\/\/mula.es\/web\/wp-content\/uploads\/2021\/06\/tamboresinternacional4-400x738.jpg 400w, https:\/\/mula.es\/web\/wp-content\/uploads\/2021\/06\/tamboresinternacional4-600x1107.jpg 600w, https:\/\/mula.es\/web\/wp-content\/uploads\/2021\/06\/tamboresinternacional4-800x1476.jpg 800w, https:\/\/mula.es\/web\/wp-content\/uploads\/2021\/06\/tamboresinternacional4.jpg 1110w\" sizes=\"(min-width: 2200px) 100vw, (min-width: 928px) 210px, (min-width: 856px) 262px, (min-width: 784px) 349px, (min-width: 712px) 524px, (min-width: 640px) 712px, \" data-attachment-id=\"40920\" data-permalink=\"https:\/\/mula.es\/web\/turismo-tambores-mula-y-la-noche-de-los-tambores-se-promocionan-en-las-primeras-cabeceras-de-prensa-alemanas\/tamboresinternacional4\/\" data-orig-file=\"https:\/\/mula.es\/web\/wp-content\/uploads\/2021\/06\/tamboresinternacional4.jpg\" data-orig-size=\"1110,2048\" data-comments-opened=\"0\" data-image-meta=\"{&quot;aperture&quot;:&quot;0&quot;,&quot;credit&quot;:&quot;&quot;,&quot;camera&quot;:&quot;&quot;,&quot;caption&quot;:&quot;&quot;,&quot;created_timestamp&quot;:&quot;0&quot;,&quot;copyright&quot;:&quot;&quot;,&quot;focal_length&quot;:&quot;0&quot;,&quot;iso&quot;:&quot;0&quot;,&quot;shutter_speed&quot;:&quot;0&quot;,&quot;title&quot;:&quot;&quot;,&quot;orientation&quot;:&quot;0&quot;}\" data-image-title=\"tamboresinternacional4\" data-image-description=\"\" data-image-caption=\"\" data-large-file=\"https:\/\/mula.es\/web\/wp-content\/uploads\/2021\/06\/tamboresinternacional4-555x1024.jpg\" \/><\/a><\/div><\/div><\/div><div class=\"swiper-slide\"><div class=\"fusion-carousel-item-wrapper\"><div class=\"fusion-image-wrapper hover-type-zoomin\"><a data-rel=\"iLightbox[image_carousel_1]\" data-title=\"tamboresinternacional5\" aria-label=\"tamboresinternacional5\" href=\"https:\/\/mula.es\/web\/wp-content\/uploads\/2021\/06\/tamboresinternacional5-154x300.jpg\" target=\"_self\"><img decoding=\"async\" width=\"1048\" height=\"2048\" src=\"https:\/\/mula.es\/web\/wp-content\/uploads\/2021\/06\/tamboresinternacional5.jpg\" class=\"attachment-full size-full\" alt=\"\" srcset=\"https:\/\/mula.es\/web\/wp-content\/uploads\/2021\/06\/tamboresinternacional5-200x391.jpg 200w, https:\/\/mula.es\/web\/wp-content\/uploads\/2021\/06\/tamboresinternacional5-400x782.jpg 400w, https:\/\/mula.es\/web\/wp-content\/uploads\/2021\/06\/tamboresinternacional5-600x1173.jpg 600w, https:\/\/mula.es\/web\/wp-content\/uploads\/2021\/06\/tamboresinternacional5-800x1563.jpg 800w, https:\/\/mula.es\/web\/wp-content\/uploads\/2021\/06\/tamboresinternacional5.jpg 1048w\" sizes=\"(min-width: 2200px) 100vw, (min-width: 928px) 210px, (min-width: 856px) 262px, (min-width: 784px) 349px, (min-width: 712px) 524px, (min-width: 640px) 712px, \" data-attachment-id=\"40921\" data-permalink=\"https:\/\/mula.es\/web\/turismo-tambores-mula-y-la-noche-de-los-tambores-se-promocionan-en-las-primeras-cabeceras-de-prensa-alemanas\/tamboresinternacional5\/\" data-orig-file=\"https:\/\/mula.es\/web\/wp-content\/uploads\/2021\/06\/tamboresinternacional5.jpg\" data-orig-size=\"1048,2048\" data-comments-opened=\"0\" data-image-meta=\"{&quot;aperture&quot;:&quot;0&quot;,&quot;credit&quot;:&quot;&quot;,&quot;camera&quot;:&quot;&quot;,&quot;caption&quot;:&quot;&quot;,&quot;created_timestamp&quot;:&quot;0&quot;,&quot;copyright&quot;:&quot;&quot;,&quot;focal_length&quot;:&quot;0&quot;,&quot;iso&quot;:&quot;0&quot;,&quot;shutter_speed&quot;:&quot;0&quot;,&quot;title&quot;:&quot;&quot;,&quot;orientation&quot;:&quot;0&quot;}\" data-image-title=\"tamboresinternacional5\" data-image-description=\"\" data-image-caption=\"\" data-large-file=\"https:\/\/mula.es\/web\/wp-content\/uploads\/2021\/06\/tamboresinternacional5-524x1024.jpg\" \/><\/a><\/div><\/div><\/div><\/div><div class=\"awb-swiper-button awb-swiper-button-prev\"><i class=\"awb-icon-angle-left\" aria-hidden=\"true\"><\/i><\/div><div class=\"awb-swiper-button awb-swiper-button-next\"><i class=\"awb-icon-angle-right\" aria-hidden=\"true\"><\/i><\/div><\/div><\/div><\/div><\/div><\/div><\/div>\n","protected":false},"excerpt":{"rendered":"","protected":false},"author":9,"featured_media":32426,"comment_status":"closed","ping_status":"closed","sticky":false,"template":"","format":"standard","meta":{"jetpack_post_was_ever_published":false,"_jetpack_newsletter_access":"","_jetpack_dont_email_post_to_subs":false,"_jetpack_newsletter_tier_id":0,"_jetpack_memberships_contains_paywalled_content":false,"_jetpack_memberships_contains_paid_content":false,"footnotes":"","jetpack_publicize_message":"","jetpack_publicize_feature_enabled":true,"jetpack_social_post_already_shared":false,"jetpack_social_options":{"image_generator_settings":{"template":"highway","default_image_id":0,"font":"","enabled":false},"version":2}},"categories":[123,75],"tags":[372],"class_list":["post-40916","post","type-post","status-publish","format-standard","has-post-thumbnail","hentry","category-tambores","category-turismo","tag-la-noche-de-los-tambores"],"yoast_head":"<!-- This site is optimized with the Yoast SEO plugin v27.5 - https:\/\/yoast.com\/product\/yoast-seo-wordpress\/ -->\n<title>TURISMO - TAMBORES | Mula y la Noche de los Tambores se promocionan en las primeras cabeceras de prensa alemanas - Ayuntamiento de Mula<\/title>\n<meta name=\"robots\" content=\"index, follow, max-snippet:-1, max-image-preview:large, max-video-preview:-1\" \/>\n<link rel=\"canonical\" href=\"https:\/\/mula.es\/web\/turismo-tambores-mula-y-la-noche-de-los-tambores-se-promocionan-en-las-primeras-cabeceras-de-prensa-alemanas\/\" \/>\n<meta property=\"og:locale\" content=\"es_ES\" \/>\n<meta property=\"og:type\" content=\"article\" \/>\n<meta property=\"og:title\" content=\"TURISMO - TAMBORES | Mula y la Noche de los Tambores se promocionan en las primeras cabeceras de prensa alemanas - Ayuntamiento de Mula\" \/>\n<meta property=\"og:url\" content=\"https:\/\/mula.es\/web\/turismo-tambores-mula-y-la-noche-de-los-tambores-se-promocionan-en-las-primeras-cabeceras-de-prensa-alemanas\/\" \/>\n<meta property=\"og:site_name\" content=\"Ayuntamiento de Mula\" \/>\n<meta property=\"article:published_time\" content=\"2021-06-14T11:55:38+00:00\" \/>\n<meta property=\"article:modified_time\" content=\"2021-06-14T12:19:50+00:00\" \/>\n<meta property=\"og:image\" content=\"https:\/\/i0.wp.com\/mula.es\/web\/wp-content\/uploads\/2020\/03\/nochetamborestitulo.jpg?fit=491%2C442&ssl=1\" \/>\n\t<meta property=\"og:image:width\" content=\"491\" \/>\n\t<meta property=\"og:image:height\" content=\"442\" \/>\n\t<meta property=\"og:image:type\" content=\"image\/jpeg\" \/>\n<meta name=\"author\" content=\"Rosario Mart\u00ednez\" \/>\n<meta name=\"twitter:card\" content=\"summary_large_image\" \/>\n<meta name=\"twitter:image\" content=\"https:\/\/mula.es\/web\/wp-content\/uploads\/2020\/06\/cropped-escudo-cuadrado.jpg\" \/>\n<meta name=\"twitter:creator\" content=\"@AyuntamientMula\" \/>\n<meta name=\"twitter:site\" content=\"@AyuntamientMula\" \/>\n<meta name=\"twitter:label1\" content=\"Escrito por\" \/>\n\t<meta name=\"twitter:data1\" content=\"Rosario Mart\u00ednez\" \/>\n\t<meta name=\"twitter:label2\" content=\"Tiempo de lectura\" \/>\n\t<meta name=\"twitter:data2\" content=\"2 minutos\" \/>\n<script type=\"application\/ld+json\" class=\"yoast-schema-graph\">{\"@context\":\"https:\\\/\\\/schema.org\",\"@graph\":[{\"@type\":\"Article\",\"@id\":\"https:\\\/\\\/mula.es\\\/web\\\/turismo-tambores-mula-y-la-noche-de-los-tambores-se-promocionan-en-las-primeras-cabeceras-de-prensa-alemanas\\\/#article\",\"isPartOf\":{\"@id\":\"https:\\\/\\\/mula.es\\\/web\\\/turismo-tambores-mula-y-la-noche-de-los-tambores-se-promocionan-en-las-primeras-cabeceras-de-prensa-alemanas\\\/\"},\"author\":{\"name\":\"Rosario Mart\u00ednez\",\"@id\":\"https:\\\/\\\/mula.es\\\/web\\\/#\\\/schema\\\/person\\\/f8d63bd3ab6e7b025268b909b7ab0771\"},\"headline\":\"TURISMO &#8211; TAMBORES | Mula y la Noche de los Tambores se promocionan en las primeras cabeceras de prensa alemanas\",\"datePublished\":\"2021-06-14T11:55:38+00:00\",\"dateModified\":\"2021-06-14T12:19:50+00:00\",\"mainEntityOfPage\":{\"@id\":\"https:\\\/\\\/mula.es\\\/web\\\/turismo-tambores-mula-y-la-noche-de-los-tambores-se-promocionan-en-las-primeras-cabeceras-de-prensa-alemanas\\\/\"},\"wordCount\":726,\"image\":{\"@id\":\"https:\\\/\\\/mula.es\\\/web\\\/turismo-tambores-mula-y-la-noche-de-los-tambores-se-promocionan-en-las-primeras-cabeceras-de-prensa-alemanas\\\/#primaryimage\"},\"thumbnailUrl\":\"https:\\\/\\\/mula.es\\\/web\\\/wp-content\\\/uploads\\\/2020\\\/03\\\/nochetamborestitulo.jpg\",\"keywords\":[\"la noche de los tambores\"],\"articleSection\":[\"tambores\",\"turismo\"],\"inLanguage\":\"es\"},{\"@type\":\"WebPage\",\"@id\":\"https:\\\/\\\/mula.es\\\/web\\\/turismo-tambores-mula-y-la-noche-de-los-tambores-se-promocionan-en-las-primeras-cabeceras-de-prensa-alemanas\\\/\",\"url\":\"https:\\\/\\\/mula.es\\\/web\\\/turismo-tambores-mula-y-la-noche-de-los-tambores-se-promocionan-en-las-primeras-cabeceras-de-prensa-alemanas\\\/\",\"name\":\"TURISMO - TAMBORES | Mula y la Noche de los Tambores se promocionan en las primeras cabeceras de prensa alemanas - Ayuntamiento de Mula\",\"isPartOf\":{\"@id\":\"https:\\\/\\\/mula.es\\\/web\\\/#website\"},\"primaryImageOfPage\":{\"@id\":\"https:\\\/\\\/mula.es\\\/web\\\/turismo-tambores-mula-y-la-noche-de-los-tambores-se-promocionan-en-las-primeras-cabeceras-de-prensa-alemanas\\\/#primaryimage\"},\"image\":{\"@id\":\"https:\\\/\\\/mula.es\\\/web\\\/turismo-tambores-mula-y-la-noche-de-los-tambores-se-promocionan-en-las-primeras-cabeceras-de-prensa-alemanas\\\/#primaryimage\"},\"thumbnailUrl\":\"https:\\\/\\\/mula.es\\\/web\\\/wp-content\\\/uploads\\\/2020\\\/03\\\/nochetamborestitulo.jpg\",\"datePublished\":\"2021-06-14T11:55:38+00:00\",\"dateModified\":\"2021-06-14T12:19:50+00:00\",\"author\":{\"@id\":\"https:\\\/\\\/mula.es\\\/web\\\/#\\\/schema\\\/person\\\/f8d63bd3ab6e7b025268b909b7ab0771\"},\"breadcrumb\":{\"@id\":\"https:\\\/\\\/mula.es\\\/web\\\/turismo-tambores-mula-y-la-noche-de-los-tambores-se-promocionan-en-las-primeras-cabeceras-de-prensa-alemanas\\\/#breadcrumb\"},\"inLanguage\":\"es\",\"potentialAction\":[{\"@type\":\"ReadAction\",\"target\":[\"https:\\\/\\\/mula.es\\\/web\\\/turismo-tambores-mula-y-la-noche-de-los-tambores-se-promocionan-en-las-primeras-cabeceras-de-prensa-alemanas\\\/\"]}]},{\"@type\":\"ImageObject\",\"inLanguage\":\"es\",\"@id\":\"https:\\\/\\\/mula.es\\\/web\\\/turismo-tambores-mula-y-la-noche-de-los-tambores-se-promocionan-en-las-primeras-cabeceras-de-prensa-alemanas\\\/#primaryimage\",\"url\":\"https:\\\/\\\/mula.es\\\/web\\\/wp-content\\\/uploads\\\/2020\\\/03\\\/nochetamborestitulo.jpg\",\"contentUrl\":\"https:\\\/\\\/mula.es\\\/web\\\/wp-content\\\/uploads\\\/2020\\\/03\\\/nochetamborestitulo.jpg\",\"width\":491,\"height\":442},{\"@type\":\"BreadcrumbList\",\"@id\":\"https:\\\/\\\/mula.es\\\/web\\\/turismo-tambores-mula-y-la-noche-de-los-tambores-se-promocionan-en-las-primeras-cabeceras-de-prensa-alemanas\\\/#breadcrumb\",\"itemListElement\":[{\"@type\":\"ListItem\",\"position\":1,\"name\":\"Portada\",\"item\":\"https:\\\/\\\/mula.es\\\/web\\\/\"},{\"@type\":\"ListItem\",\"position\":2,\"name\":\"TURISMO &#8211; TAMBORES | Mula y la Noche de los Tambores se promocionan en las primeras cabeceras de prensa alemanas\"}]},{\"@type\":\"WebSite\",\"@id\":\"https:\\\/\\\/mula.es\\\/web\\\/#website\",\"url\":\"https:\\\/\\\/mula.es\\\/web\\\/\",\"name\":\"Ayuntamiento de Mula\",\"description\":\"P\u00e1gina web del Ayuntamiento de Mula (Regi\u00f3n de Murcia)\",\"potentialAction\":[{\"@type\":\"SearchAction\",\"target\":{\"@type\":\"EntryPoint\",\"urlTemplate\":\"https:\\\/\\\/mula.es\\\/web\\\/?s={search_term_string}\"},\"query-input\":{\"@type\":\"PropertyValueSpecification\",\"valueRequired\":true,\"valueName\":\"search_term_string\"}}],\"inLanguage\":\"es\"},{\"@type\":\"Person\",\"@id\":\"https:\\\/\\\/mula.es\\\/web\\\/#\\\/schema\\\/person\\\/f8d63bd3ab6e7b025268b909b7ab0771\",\"name\":\"Rosario Mart\u00ednez\",\"image\":{\"@type\":\"ImageObject\",\"inLanguage\":\"es\",\"@id\":\"https:\\\/\\\/secure.gravatar.com\\\/avatar\\\/ce916b980ac93e5b1d36e6068357675d4e089a572ebc8789fcb807c2fb2edfef?s=96&d=mm&r=g\",\"url\":\"https:\\\/\\\/secure.gravatar.com\\\/avatar\\\/ce916b980ac93e5b1d36e6068357675d4e089a572ebc8789fcb807c2fb2edfef?s=96&d=mm&r=g\",\"contentUrl\":\"https:\\\/\\\/secure.gravatar.com\\\/avatar\\\/ce916b980ac93e5b1d36e6068357675d4e089a572ebc8789fcb807c2fb2edfef?s=96&d=mm&r=g\",\"caption\":\"Rosario Mart\u00ednez\"},\"url\":\"https:\\\/\\\/mula.es\\\/web\\\/author\\\/rmartinez\\\/\"}]}<\/script>\n<!-- \/ Yoast SEO plugin. -->","yoast_head_json":{"title":"TURISMO - TAMBORES | Mula y la Noche de los Tambores se promocionan en las primeras cabeceras de prensa alemanas - Ayuntamiento de Mula","robots":{"index":"index","follow":"follow","max-snippet":"max-snippet:-1","max-image-preview":"max-image-preview:large","max-video-preview":"max-video-preview:-1"},"canonical":"https:\/\/mula.es\/web\/turismo-tambores-mula-y-la-noche-de-los-tambores-se-promocionan-en-las-primeras-cabeceras-de-prensa-alemanas\/","og_locale":"es_ES","og_type":"article","og_title":"TURISMO - TAMBORES | Mula y la Noche de los Tambores se promocionan en las primeras cabeceras de prensa alemanas - Ayuntamiento de Mula","og_url":"https:\/\/mula.es\/web\/turismo-tambores-mula-y-la-noche-de-los-tambores-se-promocionan-en-las-primeras-cabeceras-de-prensa-alemanas\/","og_site_name":"Ayuntamiento de Mula","article_published_time":"2021-06-14T11:55:38+00:00","article_modified_time":"2021-06-14T12:19:50+00:00","og_image":[{"width":491,"height":442,"url":"https:\/\/i0.wp.com\/mula.es\/web\/wp-content\/uploads\/2020\/03\/nochetamborestitulo.jpg?fit=491%2C442&ssl=1","type":"image\/jpeg"}],"author":"Rosario Mart\u00ednez","twitter_card":"summary_large_image","twitter_image":"https:\/\/mula.es\/web\/wp-content\/uploads\/2020\/06\/cropped-escudo-cuadrado.jpg","twitter_creator":"@AyuntamientMula","twitter_site":"@AyuntamientMula","twitter_misc":{"Escrito por":"Rosario Mart\u00ednez","Tiempo de lectura":"2 minutos"},"schema":{"@context":"https:\/\/schema.org","@graph":[{"@type":"Article","@id":"https:\/\/mula.es\/web\/turismo-tambores-mula-y-la-noche-de-los-tambores-se-promocionan-en-las-primeras-cabeceras-de-prensa-alemanas\/#article","isPartOf":{"@id":"https:\/\/mula.es\/web\/turismo-tambores-mula-y-la-noche-de-los-tambores-se-promocionan-en-las-primeras-cabeceras-de-prensa-alemanas\/"},"author":{"name":"Rosario Mart\u00ednez","@id":"https:\/\/mula.es\/web\/#\/schema\/person\/f8d63bd3ab6e7b025268b909b7ab0771"},"headline":"TURISMO &#8211; TAMBORES | Mula y la Noche de los Tambores se promocionan en las primeras cabeceras de prensa alemanas","datePublished":"2021-06-14T11:55:38+00:00","dateModified":"2021-06-14T12:19:50+00:00","mainEntityOfPage":{"@id":"https:\/\/mula.es\/web\/turismo-tambores-mula-y-la-noche-de-los-tambores-se-promocionan-en-las-primeras-cabeceras-de-prensa-alemanas\/"},"wordCount":726,"image":{"@id":"https:\/\/mula.es\/web\/turismo-tambores-mula-y-la-noche-de-los-tambores-se-promocionan-en-las-primeras-cabeceras-de-prensa-alemanas\/#primaryimage"},"thumbnailUrl":"https:\/\/mula.es\/web\/wp-content\/uploads\/2020\/03\/nochetamborestitulo.jpg","keywords":["la noche de los tambores"],"articleSection":["tambores","turismo"],"inLanguage":"es"},{"@type":"WebPage","@id":"https:\/\/mula.es\/web\/turismo-tambores-mula-y-la-noche-de-los-tambores-se-promocionan-en-las-primeras-cabeceras-de-prensa-alemanas\/","url":"https:\/\/mula.es\/web\/turismo-tambores-mula-y-la-noche-de-los-tambores-se-promocionan-en-las-primeras-cabeceras-de-prensa-alemanas\/","name":"TURISMO - TAMBORES | Mula y la Noche de los Tambores se promocionan en las primeras cabeceras de prensa alemanas - Ayuntamiento de Mula","isPartOf":{"@id":"https:\/\/mula.es\/web\/#website"},"primaryImageOfPage":{"@id":"https:\/\/mula.es\/web\/turismo-tambores-mula-y-la-noche-de-los-tambores-se-promocionan-en-las-primeras-cabeceras-de-prensa-alemanas\/#primaryimage"},"image":{"@id":"https:\/\/mula.es\/web\/turismo-tambores-mula-y-la-noche-de-los-tambores-se-promocionan-en-las-primeras-cabeceras-de-prensa-alemanas\/#primaryimage"},"thumbnailUrl":"https:\/\/mula.es\/web\/wp-content\/uploads\/2020\/03\/nochetamborestitulo.jpg","datePublished":"2021-06-14T11:55:38+00:00","dateModified":"2021-06-14T12:19:50+00:00","author":{"@id":"https:\/\/mula.es\/web\/#\/schema\/person\/f8d63bd3ab6e7b025268b909b7ab0771"},"breadcrumb":{"@id":"https:\/\/mula.es\/web\/turismo-tambores-mula-y-la-noche-de-los-tambores-se-promocionan-en-las-primeras-cabeceras-de-prensa-alemanas\/#breadcrumb"},"inLanguage":"es","potentialAction":[{"@type":"ReadAction","target":["https:\/\/mula.es\/web\/turismo-tambores-mula-y-la-noche-de-los-tambores-se-promocionan-en-las-primeras-cabeceras-de-prensa-alemanas\/"]}]},{"@type":"ImageObject","inLanguage":"es","@id":"https:\/\/mula.es\/web\/turismo-tambores-mula-y-la-noche-de-los-tambores-se-promocionan-en-las-primeras-cabeceras-de-prensa-alemanas\/#primaryimage","url":"https:\/\/mula.es\/web\/wp-content\/uploads\/2020\/03\/nochetamborestitulo.jpg","contentUrl":"https:\/\/mula.es\/web\/wp-content\/uploads\/2020\/03\/nochetamborestitulo.jpg","width":491,"height":442},{"@type":"BreadcrumbList","@id":"https:\/\/mula.es\/web\/turismo-tambores-mula-y-la-noche-de-los-tambores-se-promocionan-en-las-primeras-cabeceras-de-prensa-alemanas\/#breadcrumb","itemListElement":[{"@type":"ListItem","position":1,"name":"Portada","item":"https:\/\/mula.es\/web\/"},{"@type":"ListItem","position":2,"name":"TURISMO &#8211; TAMBORES | Mula y la Noche de los Tambores se promocionan en las primeras cabeceras de prensa alemanas"}]},{"@type":"WebSite","@id":"https:\/\/mula.es\/web\/#website","url":"https:\/\/mula.es\/web\/","name":"Ayuntamiento de Mula","description":"P\u00e1gina web del Ayuntamiento de Mula (Regi\u00f3n de Murcia)","potentialAction":[{"@type":"SearchAction","target":{"@type":"EntryPoint","urlTemplate":"https:\/\/mula.es\/web\/?s={search_term_string}"},"query-input":{"@type":"PropertyValueSpecification","valueRequired":true,"valueName":"search_term_string"}}],"inLanguage":"es"},{"@type":"Person","@id":"https:\/\/mula.es\/web\/#\/schema\/person\/f8d63bd3ab6e7b025268b909b7ab0771","name":"Rosario Mart\u00ednez","image":{"@type":"ImageObject","inLanguage":"es","@id":"https:\/\/secure.gravatar.com\/avatar\/ce916b980ac93e5b1d36e6068357675d4e089a572ebc8789fcb807c2fb2edfef?s=96&d=mm&r=g","url":"https:\/\/secure.gravatar.com\/avatar\/ce916b980ac93e5b1d36e6068357675d4e089a572ebc8789fcb807c2fb2edfef?s=96&d=mm&r=g","contentUrl":"https:\/\/secure.gravatar.com\/avatar\/ce916b980ac93e5b1d36e6068357675d4e089a572ebc8789fcb807c2fb2edfef?s=96&d=mm&r=g","caption":"Rosario Mart\u00ednez"},"url":"https:\/\/mula.es\/web\/author\/rmartinez\/"}]}},"jetpack_publicize_connections":[],"jetpack_featured_media_url":"https:\/\/mula.es\/web\/wp-content\/uploads\/2020\/03\/nochetamborestitulo.jpg","jetpack_sharing_enabled":true,"jetpack_shortlink":"https:\/\/wp.me\/pa9DMY-aDW","jetpack-related-posts":[],"_links":{"self":[{"href":"https:\/\/mula.es\/web\/wp-json\/wp\/v2\/posts\/40916","targetHints":{"allow":["GET"]}}],"collection":[{"href":"https:\/\/mula.es\/web\/wp-json\/wp\/v2\/posts"}],"about":[{"href":"https:\/\/mula.es\/web\/wp-json\/wp\/v2\/types\/post"}],"author":[{"embeddable":true,"href":"https:\/\/mula.es\/web\/wp-json\/wp\/v2\/users\/9"}],"replies":[{"embeddable":true,"href":"https:\/\/mula.es\/web\/wp-json\/wp\/v2\/comments?post=40916"}],"version-history":[{"count":3,"href":"https:\/\/mula.es\/web\/wp-json\/wp\/v2\/posts\/40916\/revisions"}],"predecessor-version":[{"id":40924,"href":"https:\/\/mula.es\/web\/wp-json\/wp\/v2\/posts\/40916\/revisions\/40924"}],"wp:featuredmedia":[{"embeddable":true,"href":"https:\/\/mula.es\/web\/wp-json\/wp\/v2\/media\/32426"}],"wp:attachment":[{"href":"https:\/\/mula.es\/web\/wp-json\/wp\/v2\/media?parent=40916"}],"wp:term":[{"taxonomy":"category","embeddable":true,"href":"https:\/\/mula.es\/web\/wp-json\/wp\/v2\/categories?post=40916"},{"taxonomy":"post_tag","embeddable":true,"href":"https:\/\/mula.es\/web\/wp-json\/wp\/v2\/tags?post=40916"}],"curies":[{"name":"wp","href":"https:\/\/api.w.org\/{rel}","templated":true}]}}