{"id":40958,"date":"2021-06-18T13:29:09","date_gmt":"2021-06-18T11:29:09","guid":{"rendered":"https:\/\/mula.es\/web\/?p=40958"},"modified":"2021-06-18T13:30:26","modified_gmt":"2021-06-18T11:30:26","slug":"40958-2","status":"publish","type":"post","link":"https:\/\/mula.es\/web\/40958-2\/","title":{"rendered":"CULTURA | Sara Zamora en concierto &#8211; 9 de julio"},"content":{"rendered":"<p style=\"text-align: justify;\">Terraza del Centro Joven<br \/>\nEN CONCIERTO. SARA ZAMORA<br \/>\nViernes 9 de julio de 2021<br \/>\n21.00 horas<br \/>\nEntradas: 5 euros<br \/>\nAforo: 130<\/p>\n<p style=\"text-align: justify;\">Venta de entradas:<br \/>\nPor internet: <a href=\"https:\/\/mula.es\/web\/cultura-y-festejos\/cine\/\">https:\/\/mula.es\/web\/cultura-y-festejos\/cine\/<\/a><\/p>\n<p style=\"text-align: justify;\">Venta anticipada: Taquilla Teatro Lope de Vega\/ Terraza Centro Joven<br \/>\nEn d\u00edas de proyecci\u00f3n de cine<\/p>\n<p style=\"text-align: justify;\">En taquilla: D\u00eda 9 de julio, a partir de las 20.00 horas.<\/p>\n<p style=\"text-align: justify;\">Sara Zamora, cantante y compositora afincada en Murcia, es la nueva promesa del jazz.<br \/>\nLleva desde el a\u00f1o 2009 cantando jazz, blues y soul, aunque procede tambi\u00e9n de influencias como el rock, el pop y el rithm and blues.<\/p>\n<p style=\"text-align: justify;\">Su voz negra, sensual y llena de matices cl\u00e1sicos le viene dada debido a su influjo de las principales vocalistas tradicionales del jazz como Sarah Vaughan, Peggy Lee, Ella Fitzgerald o Julie London.<\/p>\n<p style=\"text-align: justify;\">Su experiencia musical abarca colaboraciones en diversas formaciones como la Orquesta Sinf\u00f3nica de la Regi\u00f3n de Murcia y el guitarrista flamenco Carlos Pi\u00f1ana, la Big Band dirigida por Gin\u00e9s Mart\u00ednez Vera y con el reconocido pianista y productor \u00c1ngel Valdegrama.<\/p>\n<p style=\"text-align: justify;\">Ha cantado en prestigiosos teatros, auditorios y festivales, entre los que destaca el Cartagena Jazz Festival.<\/p>\n<p style=\"text-align: justify;\">Para este 2021, est\u00e1 prevista su actuaci\u00f3n en el Festival Internacional de Jazz San Javier el mes de julio, y en la Sala Clamores de Madrid el mes de octubre.<\/p>\n<p style=\"text-align: justify;\">Actualmente, la cantante se encuentra grabando su segundo disco, bajo la direcci\u00f3n de Juan Tae \u201cEl ni\u00f1o de Mula\u201d.<\/p>\n<p style=\"text-align: justify;\">Ya pod\u00e9is disfrutar de su nuevo single \u201cMy other side\u201d en todas las plataformas digitales.<\/p>\n<p style=\"text-align: justify;\">Con este nuevo trabajo, cargado de energ\u00eda, se pretende volver a los a\u00f1os 90\u00b4, reviviendo aquellos sonidos que nos transportan a grandes artistas de la \u00e9poca.<\/p>\n<p style=\"text-align: justify;\">El nuevo videoclip de Sara Zamora se ha grabado en el Teatro Lope de Vega, en Mula.<\/p>\n","protected":false},"excerpt":{"rendered":"<p>Terraza del Centro Joven EN CONCIERTO. SARA ZAMORA Viernes 9 de julio de 2021 21.00 horas Entradas: 5 euros Aforo: 130 Venta de entradas: Por internet: https:\/\/mula.es\/web\/cultura-y-festejos\/cine\/ Venta anticipada: Taquilla Teatro Lope de Vega\/ Terraza Centro Joven En d\u00edas de proyecci\u00f3n de cine En taquilla: D\u00eda 9 de julio, a partir de las 20.00 horas.  [&#8230;]<\/p>\n","protected":false},"author":9,"featured_media":40959,"comment_status":"closed","ping_status":"closed","sticky":false,"template":"","format":"standard","meta":{"jetpack_post_was_ever_published":false,"_jetpack_newsletter_access":"","_jetpack_dont_email_post_to_subs":false,"_jetpack_newsletter_tier_id":0,"_jetpack_memberships_contains_paywalled_content":false,"_jetpack_memberships_contains_paid_content":false,"footnotes":"","jetpack_publicize_message":"","jetpack_publicize_feature_enabled":true,"jetpack_social_post_already_shared":false,"jetpack_social_options":{"image_generator_settings":{"template":"highway","default_image_id":0,"font":"","enabled":false},"version":2}},"categories":[97],"tags":[],"class_list":["post-40958","post","type-post","status-publish","format-standard","has-post-thumbnail","hentry","category-cultura"],"yoast_head":"<!-- This site is optimized with the Yoast SEO plugin v27.5 - https:\/\/yoast.com\/product\/yoast-seo-wordpress\/ -->\n<title>CULTURA | Sara Zamora en concierto - 9 de julio - Ayuntamiento de Mula<\/title>\n<meta name=\"robots\" content=\"index, follow, max-snippet:-1, max-image-preview:large, max-video-preview:-1\" \/>\n<link rel=\"canonical\" href=\"https:\/\/mula.es\/web\/40958-2\/\" \/>\n<meta property=\"og:locale\" content=\"es_ES\" \/>\n<meta property=\"og:type\" content=\"article\" \/>\n<meta property=\"og:title\" content=\"CULTURA | Sara Zamora en concierto - 9 de julio - Ayuntamiento de Mula\" \/>\n<meta property=\"og:description\" content=\"Terraza del Centro Joven EN CONCIERTO. SARA ZAMORA Viernes 9 de julio de 2021 21.00 horas Entradas: 5 euros Aforo: 130 Venta de entradas: Por internet: https:\/\/mula.es\/web\/cultura-y-festejos\/cine\/ Venta anticipada: Taquilla Teatro Lope de Vega\/ Terraza Centro Joven En d\u00edas de proyecci\u00f3n de cine En taquilla: D\u00eda 9 de julio, a partir de las 20.00 horas. [...]\" \/>\n<meta property=\"og:url\" content=\"https:\/\/mula.es\/web\/40958-2\/\" \/>\n<meta property=\"og:site_name\" content=\"Ayuntamiento de Mula\" \/>\n<meta property=\"article:published_time\" content=\"2021-06-18T11:29:09+00:00\" \/>\n<meta property=\"article:modified_time\" content=\"2021-06-18T11:30:26+00:00\" \/>\n<meta property=\"og:image\" content=\"https:\/\/i0.wp.com\/mula.es\/web\/wp-content\/uploads\/2021\/06\/Cartel-concierto-Sara-Zamora.jpg?fit=908%2C1270&ssl=1\" \/>\n\t<meta property=\"og:image:width\" content=\"908\" \/>\n\t<meta property=\"og:image:height\" content=\"1270\" \/>\n\t<meta property=\"og:image:type\" content=\"image\/jpeg\" \/>\n<meta name=\"author\" content=\"Rosario Mart\u00ednez\" \/>\n<meta name=\"twitter:card\" content=\"summary_large_image\" \/>\n<meta name=\"twitter:image\" content=\"https:\/\/mula.es\/web\/wp-content\/uploads\/2020\/06\/cropped-escudo-cuadrado.jpg\" \/>\n<meta name=\"twitter:creator\" content=\"@AyuntamientMula\" \/>\n<meta name=\"twitter:site\" content=\"@AyuntamientMula\" \/>\n<meta name=\"twitter:label1\" content=\"Escrito por\" \/>\n\t<meta name=\"twitter:data1\" content=\"Rosario Mart\u00ednez\" \/>\n\t<meta name=\"twitter:label2\" content=\"Tiempo de lectura\" \/>\n\t<meta name=\"twitter:data2\" content=\"2 minutos\" \/>\n<script type=\"application\/ld+json\" class=\"yoast-schema-graph\">{\"@context\":\"https:\\\/\\\/schema.org\",\"@graph\":[{\"@type\":\"Article\",\"@id\":\"https:\\\/\\\/mula.es\\\/web\\\/40958-2\\\/#article\",\"isPartOf\":{\"@id\":\"https:\\\/\\\/mula.es\\\/web\\\/40958-2\\\/\"},\"author\":{\"name\":\"Rosario Mart\u00ednez\",\"@id\":\"https:\\\/\\\/mula.es\\\/web\\\/#\\\/schema\\\/person\\\/f8d63bd3ab6e7b025268b909b7ab0771\"},\"headline\":\"CULTURA | Sara Zamora en concierto &#8211; 9 de julio\",\"datePublished\":\"2021-06-18T11:29:09+00:00\",\"dateModified\":\"2021-06-18T11:30:26+00:00\",\"mainEntityOfPage\":{\"@id\":\"https:\\\/\\\/mula.es\\\/web\\\/40958-2\\\/\"},\"wordCount\":310,\"image\":{\"@id\":\"https:\\\/\\\/mula.es\\\/web\\\/40958-2\\\/#primaryimage\"},\"thumbnailUrl\":\"https:\\\/\\\/mula.es\\\/web\\\/wp-content\\\/uploads\\\/2021\\\/06\\\/Cartel-concierto-Sara-Zamora.jpg\",\"articleSection\":[\"cultura\"],\"inLanguage\":\"es\"},{\"@type\":\"WebPage\",\"@id\":\"https:\\\/\\\/mula.es\\\/web\\\/40958-2\\\/\",\"url\":\"https:\\\/\\\/mula.es\\\/web\\\/40958-2\\\/\",\"name\":\"CULTURA | Sara Zamora en concierto - 9 de julio - Ayuntamiento de Mula\",\"isPartOf\":{\"@id\":\"https:\\\/\\\/mula.es\\\/web\\\/#website\"},\"primaryImageOfPage\":{\"@id\":\"https:\\\/\\\/mula.es\\\/web\\\/40958-2\\\/#primaryimage\"},\"image\":{\"@id\":\"https:\\\/\\\/mula.es\\\/web\\\/40958-2\\\/#primaryimage\"},\"thumbnailUrl\":\"https:\\\/\\\/mula.es\\\/web\\\/wp-content\\\/uploads\\\/2021\\\/06\\\/Cartel-concierto-Sara-Zamora.jpg\",\"datePublished\":\"2021-06-18T11:29:09+00:00\",\"dateModified\":\"2021-06-18T11:30:26+00:00\",\"author\":{\"@id\":\"https:\\\/\\\/mula.es\\\/web\\\/#\\\/schema\\\/person\\\/f8d63bd3ab6e7b025268b909b7ab0771\"},\"breadcrumb\":{\"@id\":\"https:\\\/\\\/mula.es\\\/web\\\/40958-2\\\/#breadcrumb\"},\"inLanguage\":\"es\",\"potentialAction\":[{\"@type\":\"ReadAction\",\"target\":[\"https:\\\/\\\/mula.es\\\/web\\\/40958-2\\\/\"]}]},{\"@type\":\"ImageObject\",\"inLanguage\":\"es\",\"@id\":\"https:\\\/\\\/mula.es\\\/web\\\/40958-2\\\/#primaryimage\",\"url\":\"https:\\\/\\\/mula.es\\\/web\\\/wp-content\\\/uploads\\\/2021\\\/06\\\/Cartel-concierto-Sara-Zamora.jpg\",\"contentUrl\":\"https:\\\/\\\/mula.es\\\/web\\\/wp-content\\\/uploads\\\/2021\\\/06\\\/Cartel-concierto-Sara-Zamora.jpg\",\"width\":908,\"height\":1270},{\"@type\":\"BreadcrumbList\",\"@id\":\"https:\\\/\\\/mula.es\\\/web\\\/40958-2\\\/#breadcrumb\",\"itemListElement\":[{\"@type\":\"ListItem\",\"position\":1,\"name\":\"Portada\",\"item\":\"https:\\\/\\\/mula.es\\\/web\\\/\"},{\"@type\":\"ListItem\",\"position\":2,\"name\":\"CULTURA | Sara Zamora en concierto &#8211; 9 de julio\"}]},{\"@type\":\"WebSite\",\"@id\":\"https:\\\/\\\/mula.es\\\/web\\\/#website\",\"url\":\"https:\\\/\\\/mula.es\\\/web\\\/\",\"name\":\"Ayuntamiento de Mula\",\"description\":\"P\u00e1gina web del Ayuntamiento de Mula (Regi\u00f3n de Murcia)\",\"potentialAction\":[{\"@type\":\"SearchAction\",\"target\":{\"@type\":\"EntryPoint\",\"urlTemplate\":\"https:\\\/\\\/mula.es\\\/web\\\/?s={search_term_string}\"},\"query-input\":{\"@type\":\"PropertyValueSpecification\",\"valueRequired\":true,\"valueName\":\"search_term_string\"}}],\"inLanguage\":\"es\"},{\"@type\":\"Person\",\"@id\":\"https:\\\/\\\/mula.es\\\/web\\\/#\\\/schema\\\/person\\\/f8d63bd3ab6e7b025268b909b7ab0771\",\"name\":\"Rosario Mart\u00ednez\",\"image\":{\"@type\":\"ImageObject\",\"inLanguage\":\"es\",\"@id\":\"https:\\\/\\\/secure.gravatar.com\\\/avatar\\\/ce916b980ac93e5b1d36e6068357675d4e089a572ebc8789fcb807c2fb2edfef?s=96&d=mm&r=g\",\"url\":\"https:\\\/\\\/secure.gravatar.com\\\/avatar\\\/ce916b980ac93e5b1d36e6068357675d4e089a572ebc8789fcb807c2fb2edfef?s=96&d=mm&r=g\",\"contentUrl\":\"https:\\\/\\\/secure.gravatar.com\\\/avatar\\\/ce916b980ac93e5b1d36e6068357675d4e089a572ebc8789fcb807c2fb2edfef?s=96&d=mm&r=g\",\"caption\":\"Rosario Mart\u00ednez\"},\"url\":\"https:\\\/\\\/mula.es\\\/web\\\/author\\\/rmartinez\\\/\"}]}<\/script>\n<!-- \/ Yoast SEO plugin. -->","yoast_head_json":{"title":"CULTURA | Sara Zamora en concierto - 9 de julio - Ayuntamiento de Mula","robots":{"index":"index","follow":"follow","max-snippet":"max-snippet:-1","max-image-preview":"max-image-preview:large","max-video-preview":"max-video-preview:-1"},"canonical":"https:\/\/mula.es\/web\/40958-2\/","og_locale":"es_ES","og_type":"article","og_title":"CULTURA | Sara Zamora en concierto - 9 de julio - Ayuntamiento de Mula","og_description":"Terraza del Centro Joven EN CONCIERTO. SARA ZAMORA Viernes 9 de julio de 2021 21.00 horas Entradas: 5 euros Aforo: 130 Venta de entradas: Por internet: https:\/\/mula.es\/web\/cultura-y-festejos\/cine\/ Venta anticipada: Taquilla Teatro Lope de Vega\/ Terraza Centro Joven En d\u00edas de proyecci\u00f3n de cine En taquilla: D\u00eda 9 de julio, a partir de las 20.00 horas. [...]","og_url":"https:\/\/mula.es\/web\/40958-2\/","og_site_name":"Ayuntamiento de Mula","article_published_time":"2021-06-18T11:29:09+00:00","article_modified_time":"2021-06-18T11:30:26+00:00","og_image":[{"width":908,"height":1270,"url":"https:\/\/i0.wp.com\/mula.es\/web\/wp-content\/uploads\/2021\/06\/Cartel-concierto-Sara-Zamora.jpg?fit=908%2C1270&ssl=1","type":"image\/jpeg"}],"author":"Rosario Mart\u00ednez","twitter_card":"summary_large_image","twitter_image":"https:\/\/mula.es\/web\/wp-content\/uploads\/2020\/06\/cropped-escudo-cuadrado.jpg","twitter_creator":"@AyuntamientMula","twitter_site":"@AyuntamientMula","twitter_misc":{"Escrito por":"Rosario Mart\u00ednez","Tiempo de lectura":"2 minutos"},"schema":{"@context":"https:\/\/schema.org","@graph":[{"@type":"Article","@id":"https:\/\/mula.es\/web\/40958-2\/#article","isPartOf":{"@id":"https:\/\/mula.es\/web\/40958-2\/"},"author":{"name":"Rosario Mart\u00ednez","@id":"https:\/\/mula.es\/web\/#\/schema\/person\/f8d63bd3ab6e7b025268b909b7ab0771"},"headline":"CULTURA | Sara Zamora en concierto &#8211; 9 de julio","datePublished":"2021-06-18T11:29:09+00:00","dateModified":"2021-06-18T11:30:26+00:00","mainEntityOfPage":{"@id":"https:\/\/mula.es\/web\/40958-2\/"},"wordCount":310,"image":{"@id":"https:\/\/mula.es\/web\/40958-2\/#primaryimage"},"thumbnailUrl":"https:\/\/mula.es\/web\/wp-content\/uploads\/2021\/06\/Cartel-concierto-Sara-Zamora.jpg","articleSection":["cultura"],"inLanguage":"es"},{"@type":"WebPage","@id":"https:\/\/mula.es\/web\/40958-2\/","url":"https:\/\/mula.es\/web\/40958-2\/","name":"CULTURA | Sara Zamora en concierto - 9 de julio - Ayuntamiento de Mula","isPartOf":{"@id":"https:\/\/mula.es\/web\/#website"},"primaryImageOfPage":{"@id":"https:\/\/mula.es\/web\/40958-2\/#primaryimage"},"image":{"@id":"https:\/\/mula.es\/web\/40958-2\/#primaryimage"},"thumbnailUrl":"https:\/\/mula.es\/web\/wp-content\/uploads\/2021\/06\/Cartel-concierto-Sara-Zamora.jpg","datePublished":"2021-06-18T11:29:09+00:00","dateModified":"2021-06-18T11:30:26+00:00","author":{"@id":"https:\/\/mula.es\/web\/#\/schema\/person\/f8d63bd3ab6e7b025268b909b7ab0771"},"breadcrumb":{"@id":"https:\/\/mula.es\/web\/40958-2\/#breadcrumb"},"inLanguage":"es","potentialAction":[{"@type":"ReadAction","target":["https:\/\/mula.es\/web\/40958-2\/"]}]},{"@type":"ImageObject","inLanguage":"es","@id":"https:\/\/mula.es\/web\/40958-2\/#primaryimage","url":"https:\/\/mula.es\/web\/wp-content\/uploads\/2021\/06\/Cartel-concierto-Sara-Zamora.jpg","contentUrl":"https:\/\/mula.es\/web\/wp-content\/uploads\/2021\/06\/Cartel-concierto-Sara-Zamora.jpg","width":908,"height":1270},{"@type":"BreadcrumbList","@id":"https:\/\/mula.es\/web\/40958-2\/#breadcrumb","itemListElement":[{"@type":"ListItem","position":1,"name":"Portada","item":"https:\/\/mula.es\/web\/"},{"@type":"ListItem","position":2,"name":"CULTURA | Sara Zamora en concierto &#8211; 9 de julio"}]},{"@type":"WebSite","@id":"https:\/\/mula.es\/web\/#website","url":"https:\/\/mula.es\/web\/","name":"Ayuntamiento de Mula","description":"P\u00e1gina web del Ayuntamiento de Mula (Regi\u00f3n de Murcia)","potentialAction":[{"@type":"SearchAction","target":{"@type":"EntryPoint","urlTemplate":"https:\/\/mula.es\/web\/?s={search_term_string}"},"query-input":{"@type":"PropertyValueSpecification","valueRequired":true,"valueName":"search_term_string"}}],"inLanguage":"es"},{"@type":"Person","@id":"https:\/\/mula.es\/web\/#\/schema\/person\/f8d63bd3ab6e7b025268b909b7ab0771","name":"Rosario Mart\u00ednez","image":{"@type":"ImageObject","inLanguage":"es","@id":"https:\/\/secure.gravatar.com\/avatar\/ce916b980ac93e5b1d36e6068357675d4e089a572ebc8789fcb807c2fb2edfef?s=96&d=mm&r=g","url":"https:\/\/secure.gravatar.com\/avatar\/ce916b980ac93e5b1d36e6068357675d4e089a572ebc8789fcb807c2fb2edfef?s=96&d=mm&r=g","contentUrl":"https:\/\/secure.gravatar.com\/avatar\/ce916b980ac93e5b1d36e6068357675d4e089a572ebc8789fcb807c2fb2edfef?s=96&d=mm&r=g","caption":"Rosario Mart\u00ednez"},"url":"https:\/\/mula.es\/web\/author\/rmartinez\/"}]}},"jetpack_publicize_connections":[],"jetpack_featured_media_url":"https:\/\/mula.es\/web\/wp-content\/uploads\/2021\/06\/Cartel-concierto-Sara-Zamora.jpg","jetpack_sharing_enabled":true,"jetpack_shortlink":"https:\/\/wp.me\/pa9DMY-aEC","jetpack-related-posts":[],"_links":{"self":[{"href":"https:\/\/mula.es\/web\/wp-json\/wp\/v2\/posts\/40958","targetHints":{"allow":["GET"]}}],"collection":[{"href":"https:\/\/mula.es\/web\/wp-json\/wp\/v2\/posts"}],"about":[{"href":"https:\/\/mula.es\/web\/wp-json\/wp\/v2\/types\/post"}],"author":[{"embeddable":true,"href":"https:\/\/mula.es\/web\/wp-json\/wp\/v2\/users\/9"}],"replies":[{"embeddable":true,"href":"https:\/\/mula.es\/web\/wp-json\/wp\/v2\/comments?post=40958"}],"version-history":[{"count":3,"href":"https:\/\/mula.es\/web\/wp-json\/wp\/v2\/posts\/40958\/revisions"}],"predecessor-version":[{"id":40962,"href":"https:\/\/mula.es\/web\/wp-json\/wp\/v2\/posts\/40958\/revisions\/40962"}],"wp:featuredmedia":[{"embeddable":true,"href":"https:\/\/mula.es\/web\/wp-json\/wp\/v2\/media\/40959"}],"wp:attachment":[{"href":"https:\/\/mula.es\/web\/wp-json\/wp\/v2\/media?parent=40958"}],"wp:term":[{"taxonomy":"category","embeddable":true,"href":"https:\/\/mula.es\/web\/wp-json\/wp\/v2\/categories?post=40958"},{"taxonomy":"post_tag","embeddable":true,"href":"https:\/\/mula.es\/web\/wp-json\/wp\/v2\/tags?post=40958"}],"curies":[{"name":"wp","href":"https:\/\/api.w.org\/{rel}","templated":true}]}}