{"id":41105,"date":"2021-07-01T20:07:44","date_gmt":"2021-07-01T18:07:44","guid":{"rendered":"https:\/\/mula.es\/web\/?p=41105"},"modified":"2021-07-01T20:07:57","modified_gmt":"2021-07-01T18:07:57","slug":"deportes-el-atleta-muleno-mo-katir-convocado-en-la-delegacion-olimpica-que-representara-a-espana-en-tokio","status":"publish","type":"post","link":"https:\/\/mula.es\/web\/deportes-el-atleta-muleno-mo-katir-convocado-en-la-delegacion-olimpica-que-representara-a-espana-en-tokio\/","title":{"rendered":"DEPORTES | El atleta mule\u00f1o Mo Katir convocado en la delegaci\u00f3n ol\u00edmpica que representar\u00e1 a Espa\u00f1a en Tokio"},"content":{"rendered":"<p style=\"text-align: justify;\">El atleta mule\u00f1o Mo Katir participar\u00e1 en los Juegos Ol\u00edmpicos de Tokio disputando la prueba de 5000m, as\u00ed lo ha confirmado durante la jornada de hoy el Comit\u00e9 Ol\u00edmpico Espa\u00f1ol en la Junta de Federaciones Ol\u00edmpicas en la que se aprobado la composici\u00f3n final de la delegaci\u00f3n ol\u00edmpica que representar\u00e1 a Espa\u00f1a en Tokio.<\/p>\n<p style=\"text-align: justify;\">El alcalde de Mula, Juan Jes\u00fas Moreno, tras conocer la noticia se mostraba muy orgulloso y auguraba una excelente participaci\u00f3n del joven mule\u00f1o tras la gran temporada que ha realizado logrando grandes metas y superando todos los retos.<\/p>\n<p style=\"text-align: justify;\">\u201cKatir se merec\u00eda formar parte de la delegaci\u00f3n espa\u00f1ola en Tokio, nunca lo hemos dudado y sabemos que ser\u00e1 un gran embajador de nuestra tierra all\u00e1 donde vaya\u201d, explicaba Moreno, quien resaltaba que han seguido sus pasos desde el comienzo y \u201cestamos frente a un luchador, una persona sencilla y llena de esperanza, pero con un coraje infinito\u201d.<\/p>\n<p style=\"text-align: justify;\">El joven, con 23 a\u00f1os, es el segundo mule\u00f1o en participar en unos Juegos, \u201cya lo hizo Luis Le\u00f3n S\u00e1nchez en Londres 2012.<\/p>\n<p style=\"text-align: justify;\">\u201cSeguiremos los pasos de Moha durante su participaci\u00f3n en Tokio y aqu\u00ed estaremos Mula y todos los mule\u00f1os esperando para recibirle en su regreso, siempre nos hemos sentido muy orgullosos \u00e9l\u201d, resaltaba el acalde quien ha seguido los pasos del joven en los \u00faltimos meses y sobre el que destacaba ha pasado las \u00faltimas semanas concentrado en Sierra Nevada.<\/p>\n<p>&nbsp;<\/p>\n<p>&nbsp;<\/p>\n","protected":false},"excerpt":{"rendered":"<p>El atleta mule\u00f1o Mo Katir participar\u00e1 en los Juegos Ol\u00edmpicos de Tokio disputando la prueba de 5000m, as\u00ed lo ha confirmado durante la jornada de hoy el Comit\u00e9 Ol\u00edmpico Espa\u00f1ol en la Junta de Federaciones Ol\u00edmpicas en la que se aprobado la composici\u00f3n final de la delegaci\u00f3n ol\u00edmpica que representar\u00e1 a Espa\u00f1a en Tokio. El  [&#8230;]<\/p>\n","protected":false},"author":1,"featured_media":41106,"comment_status":"closed","ping_status":"closed","sticky":false,"template":"","format":"standard","meta":{"jetpack_post_was_ever_published":false,"_jetpack_newsletter_access":"","_jetpack_dont_email_post_to_subs":false,"_jetpack_newsletter_tier_id":0,"_jetpack_memberships_contains_paywalled_content":false,"_jetpack_memberships_contains_paid_content":false,"footnotes":"","jetpack_publicize_message":"","jetpack_publicize_feature_enabled":true,"jetpack_social_post_already_shared":false,"jetpack_social_options":{"image_generator_settings":{"template":"highway","default_image_id":0,"font":"","enabled":false},"version":2}},"categories":[88],"tags":[],"class_list":["post-41105","post","type-post","status-publish","format-standard","has-post-thumbnail","hentry","category-deportes"],"yoast_head":"<!-- This site is optimized with the Yoast SEO plugin v27.5 - https:\/\/yoast.com\/product\/yoast-seo-wordpress\/ -->\n<title>DEPORTES | El atleta mule\u00f1o Mo Katir convocado en la delegaci\u00f3n ol\u00edmpica que representar\u00e1 a Espa\u00f1a en Tokio - Ayuntamiento de Mula<\/title>\n<meta name=\"robots\" content=\"index, follow, max-snippet:-1, max-image-preview:large, max-video-preview:-1\" \/>\n<link rel=\"canonical\" href=\"https:\/\/mula.es\/web\/deportes-el-atleta-muleno-mo-katir-convocado-en-la-delegacion-olimpica-que-representara-a-espana-en-tokio\/\" \/>\n<meta property=\"og:locale\" content=\"es_ES\" \/>\n<meta property=\"og:type\" content=\"article\" \/>\n<meta property=\"og:title\" content=\"DEPORTES | El atleta mule\u00f1o Mo Katir convocado en la delegaci\u00f3n ol\u00edmpica que representar\u00e1 a Espa\u00f1a en Tokio - Ayuntamiento de Mula\" \/>\n<meta property=\"og:description\" content=\"El atleta mule\u00f1o Mo Katir participar\u00e1 en los Juegos Ol\u00edmpicos de Tokio disputando la prueba de 5000m, as\u00ed lo ha confirmado durante la jornada de hoy el Comit\u00e9 Ol\u00edmpico Espa\u00f1ol en la Junta de Federaciones Ol\u00edmpicas en la que se aprobado la composici\u00f3n final de la delegaci\u00f3n ol\u00edmpica que representar\u00e1 a Espa\u00f1a en Tokio. El [...]\" \/>\n<meta property=\"og:url\" content=\"https:\/\/mula.es\/web\/deportes-el-atleta-muleno-mo-katir-convocado-en-la-delegacion-olimpica-que-representara-a-espana-en-tokio\/\" \/>\n<meta property=\"og:site_name\" content=\"Ayuntamiento de Mula\" \/>\n<meta property=\"article:published_time\" content=\"2021-07-01T18:07:44+00:00\" \/>\n<meta property=\"article:modified_time\" content=\"2021-07-01T18:07:57+00:00\" \/>\n<meta property=\"og:image\" content=\"https:\/\/i0.wp.com\/mula.es\/web\/wp-content\/uploads\/2021\/07\/Katir-y-alcalde.png?fit=1119%2C748&ssl=1\" \/>\n\t<meta property=\"og:image:width\" content=\"1119\" \/>\n\t<meta property=\"og:image:height\" content=\"748\" \/>\n\t<meta property=\"og:image:type\" content=\"image\/png\" \/>\n<meta name=\"author\" content=\"admin\" \/>\n<meta name=\"twitter:card\" content=\"summary_large_image\" \/>\n<meta name=\"twitter:image\" content=\"https:\/\/mula.es\/web\/wp-content\/uploads\/2020\/06\/cropped-escudo-cuadrado.jpg\" \/>\n<meta name=\"twitter:creator\" content=\"@AyuntamientMula\" \/>\n<meta name=\"twitter:site\" content=\"@AyuntamientMula\" \/>\n<meta name=\"twitter:label1\" content=\"Escrito por\" \/>\n\t<meta name=\"twitter:data1\" content=\"admin\" \/>\n\t<meta name=\"twitter:label2\" content=\"Tiempo de lectura\" \/>\n\t<meta name=\"twitter:data2\" content=\"2 minutos\" \/>\n<script type=\"application\/ld+json\" class=\"yoast-schema-graph\">{\"@context\":\"https:\\\/\\\/schema.org\",\"@graph\":[{\"@type\":\"Article\",\"@id\":\"https:\\\/\\\/mula.es\\\/web\\\/deportes-el-atleta-muleno-mo-katir-convocado-en-la-delegacion-olimpica-que-representara-a-espana-en-tokio\\\/#article\",\"isPartOf\":{\"@id\":\"https:\\\/\\\/mula.es\\\/web\\\/deportes-el-atleta-muleno-mo-katir-convocado-en-la-delegacion-olimpica-que-representara-a-espana-en-tokio\\\/\"},\"author\":{\"name\":\"admin\",\"@id\":\"https:\\\/\\\/mula.es\\\/web\\\/#\\\/schema\\\/person\\\/a0dbffe9f4a3ed4aaebedcfef02f71a1\"},\"headline\":\"DEPORTES | El atleta mule\u00f1o Mo Katir convocado en la delegaci\u00f3n ol\u00edmpica que representar\u00e1 a Espa\u00f1a en Tokio\",\"datePublished\":\"2021-07-01T18:07:44+00:00\",\"dateModified\":\"2021-07-01T18:07:57+00:00\",\"mainEntityOfPage\":{\"@id\":\"https:\\\/\\\/mula.es\\\/web\\\/deportes-el-atleta-muleno-mo-katir-convocado-en-la-delegacion-olimpica-que-representara-a-espana-en-tokio\\\/\"},\"wordCount\":274,\"image\":{\"@id\":\"https:\\\/\\\/mula.es\\\/web\\\/deportes-el-atleta-muleno-mo-katir-convocado-en-la-delegacion-olimpica-que-representara-a-espana-en-tokio\\\/#primaryimage\"},\"thumbnailUrl\":\"https:\\\/\\\/mula.es\\\/web\\\/wp-content\\\/uploads\\\/2021\\\/07\\\/Katir-y-alcalde.png\",\"articleSection\":[\"deportes\"],\"inLanguage\":\"es\"},{\"@type\":\"WebPage\",\"@id\":\"https:\\\/\\\/mula.es\\\/web\\\/deportes-el-atleta-muleno-mo-katir-convocado-en-la-delegacion-olimpica-que-representara-a-espana-en-tokio\\\/\",\"url\":\"https:\\\/\\\/mula.es\\\/web\\\/deportes-el-atleta-muleno-mo-katir-convocado-en-la-delegacion-olimpica-que-representara-a-espana-en-tokio\\\/\",\"name\":\"DEPORTES | El atleta mule\u00f1o Mo Katir convocado en la delegaci\u00f3n ol\u00edmpica que representar\u00e1 a Espa\u00f1a en Tokio - Ayuntamiento de Mula\",\"isPartOf\":{\"@id\":\"https:\\\/\\\/mula.es\\\/web\\\/#website\"},\"primaryImageOfPage\":{\"@id\":\"https:\\\/\\\/mula.es\\\/web\\\/deportes-el-atleta-muleno-mo-katir-convocado-en-la-delegacion-olimpica-que-representara-a-espana-en-tokio\\\/#primaryimage\"},\"image\":{\"@id\":\"https:\\\/\\\/mula.es\\\/web\\\/deportes-el-atleta-muleno-mo-katir-convocado-en-la-delegacion-olimpica-que-representara-a-espana-en-tokio\\\/#primaryimage\"},\"thumbnailUrl\":\"https:\\\/\\\/mula.es\\\/web\\\/wp-content\\\/uploads\\\/2021\\\/07\\\/Katir-y-alcalde.png\",\"datePublished\":\"2021-07-01T18:07:44+00:00\",\"dateModified\":\"2021-07-01T18:07:57+00:00\",\"author\":{\"@id\":\"https:\\\/\\\/mula.es\\\/web\\\/#\\\/schema\\\/person\\\/a0dbffe9f4a3ed4aaebedcfef02f71a1\"},\"breadcrumb\":{\"@id\":\"https:\\\/\\\/mula.es\\\/web\\\/deportes-el-atleta-muleno-mo-katir-convocado-en-la-delegacion-olimpica-que-representara-a-espana-en-tokio\\\/#breadcrumb\"},\"inLanguage\":\"es\",\"potentialAction\":[{\"@type\":\"ReadAction\",\"target\":[\"https:\\\/\\\/mula.es\\\/web\\\/deportes-el-atleta-muleno-mo-katir-convocado-en-la-delegacion-olimpica-que-representara-a-espana-en-tokio\\\/\"]}]},{\"@type\":\"ImageObject\",\"inLanguage\":\"es\",\"@id\":\"https:\\\/\\\/mula.es\\\/web\\\/deportes-el-atleta-muleno-mo-katir-convocado-en-la-delegacion-olimpica-que-representara-a-espana-en-tokio\\\/#primaryimage\",\"url\":\"https:\\\/\\\/mula.es\\\/web\\\/wp-content\\\/uploads\\\/2021\\\/07\\\/Katir-y-alcalde.png\",\"contentUrl\":\"https:\\\/\\\/mula.es\\\/web\\\/wp-content\\\/uploads\\\/2021\\\/07\\\/Katir-y-alcalde.png\",\"width\":1119,\"height\":748},{\"@type\":\"BreadcrumbList\",\"@id\":\"https:\\\/\\\/mula.es\\\/web\\\/deportes-el-atleta-muleno-mo-katir-convocado-en-la-delegacion-olimpica-que-representara-a-espana-en-tokio\\\/#breadcrumb\",\"itemListElement\":[{\"@type\":\"ListItem\",\"position\":1,\"name\":\"Portada\",\"item\":\"https:\\\/\\\/mula.es\\\/web\\\/\"},{\"@type\":\"ListItem\",\"position\":2,\"name\":\"DEPORTES | El atleta mule\u00f1o Mo Katir convocado en la delegaci\u00f3n ol\u00edmpica que representar\u00e1 a Espa\u00f1a en Tokio\"}]},{\"@type\":\"WebSite\",\"@id\":\"https:\\\/\\\/mula.es\\\/web\\\/#website\",\"url\":\"https:\\\/\\\/mula.es\\\/web\\\/\",\"name\":\"Ayuntamiento de Mula\",\"description\":\"P\u00e1gina web del Ayuntamiento de Mula (Regi\u00f3n de Murcia)\",\"potentialAction\":[{\"@type\":\"SearchAction\",\"target\":{\"@type\":\"EntryPoint\",\"urlTemplate\":\"https:\\\/\\\/mula.es\\\/web\\\/?s={search_term_string}\"},\"query-input\":{\"@type\":\"PropertyValueSpecification\",\"valueRequired\":true,\"valueName\":\"search_term_string\"}}],\"inLanguage\":\"es\"},{\"@type\":\"Person\",\"@id\":\"https:\\\/\\\/mula.es\\\/web\\\/#\\\/schema\\\/person\\\/a0dbffe9f4a3ed4aaebedcfef02f71a1\",\"name\":\"admin\",\"image\":{\"@type\":\"ImageObject\",\"inLanguage\":\"es\",\"@id\":\"https:\\\/\\\/secure.gravatar.com\\\/avatar\\\/5423b9cd77f4c7f89a124365a268866f9dfee038c17fe9e37afd92b5920d810e?s=96&d=mm&r=g\",\"url\":\"https:\\\/\\\/secure.gravatar.com\\\/avatar\\\/5423b9cd77f4c7f89a124365a268866f9dfee038c17fe9e37afd92b5920d810e?s=96&d=mm&r=g\",\"contentUrl\":\"https:\\\/\\\/secure.gravatar.com\\\/avatar\\\/5423b9cd77f4c7f89a124365a268866f9dfee038c17fe9e37afd92b5920d810e?s=96&d=mm&r=g\",\"caption\":\"admin\"},\"description\":\"Lorem ipsum dolor sit amet, consectetur adipiscing elit. Nam viverra euismod odio, gravida pellentesque urna varius vitae. Sed dui lorem, adipiscing in adipiscing et, interdum nec metus. Mauris ultricies, justo eu convallis placerat, felis enim ornare nisi, vitae mattis nulla ante id dui. Ut lectus purus, commodo et tincidunt vel, interdum sed lectus. Vestibulum adipiscing tempor nisi id elementi.\",\"url\":\"https:\\\/\\\/mula.es\\\/web\\\/author\\\/jose-maria-boti\\\/\"}]}<\/script>\n<!-- \/ Yoast SEO plugin. -->","yoast_head_json":{"title":"DEPORTES | El atleta mule\u00f1o Mo Katir convocado en la delegaci\u00f3n ol\u00edmpica que representar\u00e1 a Espa\u00f1a en Tokio - Ayuntamiento de Mula","robots":{"index":"index","follow":"follow","max-snippet":"max-snippet:-1","max-image-preview":"max-image-preview:large","max-video-preview":"max-video-preview:-1"},"canonical":"https:\/\/mula.es\/web\/deportes-el-atleta-muleno-mo-katir-convocado-en-la-delegacion-olimpica-que-representara-a-espana-en-tokio\/","og_locale":"es_ES","og_type":"article","og_title":"DEPORTES | El atleta mule\u00f1o Mo Katir convocado en la delegaci\u00f3n ol\u00edmpica que representar\u00e1 a Espa\u00f1a en Tokio - Ayuntamiento de Mula","og_description":"El atleta mule\u00f1o Mo Katir participar\u00e1 en los Juegos Ol\u00edmpicos de Tokio disputando la prueba de 5000m, as\u00ed lo ha confirmado durante la jornada de hoy el Comit\u00e9 Ol\u00edmpico Espa\u00f1ol en la Junta de Federaciones Ol\u00edmpicas en la que se aprobado la composici\u00f3n final de la delegaci\u00f3n ol\u00edmpica que representar\u00e1 a Espa\u00f1a en Tokio. El [...]","og_url":"https:\/\/mula.es\/web\/deportes-el-atleta-muleno-mo-katir-convocado-en-la-delegacion-olimpica-que-representara-a-espana-en-tokio\/","og_site_name":"Ayuntamiento de Mula","article_published_time":"2021-07-01T18:07:44+00:00","article_modified_time":"2021-07-01T18:07:57+00:00","og_image":[{"width":1119,"height":748,"url":"https:\/\/i0.wp.com\/mula.es\/web\/wp-content\/uploads\/2021\/07\/Katir-y-alcalde.png?fit=1119%2C748&ssl=1","type":"image\/png"}],"author":"admin","twitter_card":"summary_large_image","twitter_image":"https:\/\/mula.es\/web\/wp-content\/uploads\/2020\/06\/cropped-escudo-cuadrado.jpg","twitter_creator":"@AyuntamientMula","twitter_site":"@AyuntamientMula","twitter_misc":{"Escrito por":"admin","Tiempo de lectura":"2 minutos"},"schema":{"@context":"https:\/\/schema.org","@graph":[{"@type":"Article","@id":"https:\/\/mula.es\/web\/deportes-el-atleta-muleno-mo-katir-convocado-en-la-delegacion-olimpica-que-representara-a-espana-en-tokio\/#article","isPartOf":{"@id":"https:\/\/mula.es\/web\/deportes-el-atleta-muleno-mo-katir-convocado-en-la-delegacion-olimpica-que-representara-a-espana-en-tokio\/"},"author":{"name":"admin","@id":"https:\/\/mula.es\/web\/#\/schema\/person\/a0dbffe9f4a3ed4aaebedcfef02f71a1"},"headline":"DEPORTES | El atleta mule\u00f1o Mo Katir convocado en la delegaci\u00f3n ol\u00edmpica que representar\u00e1 a Espa\u00f1a en Tokio","datePublished":"2021-07-01T18:07:44+00:00","dateModified":"2021-07-01T18:07:57+00:00","mainEntityOfPage":{"@id":"https:\/\/mula.es\/web\/deportes-el-atleta-muleno-mo-katir-convocado-en-la-delegacion-olimpica-que-representara-a-espana-en-tokio\/"},"wordCount":274,"image":{"@id":"https:\/\/mula.es\/web\/deportes-el-atleta-muleno-mo-katir-convocado-en-la-delegacion-olimpica-que-representara-a-espana-en-tokio\/#primaryimage"},"thumbnailUrl":"https:\/\/mula.es\/web\/wp-content\/uploads\/2021\/07\/Katir-y-alcalde.png","articleSection":["deportes"],"inLanguage":"es"},{"@type":"WebPage","@id":"https:\/\/mula.es\/web\/deportes-el-atleta-muleno-mo-katir-convocado-en-la-delegacion-olimpica-que-representara-a-espana-en-tokio\/","url":"https:\/\/mula.es\/web\/deportes-el-atleta-muleno-mo-katir-convocado-en-la-delegacion-olimpica-que-representara-a-espana-en-tokio\/","name":"DEPORTES | El atleta mule\u00f1o Mo Katir convocado en la delegaci\u00f3n ol\u00edmpica que representar\u00e1 a Espa\u00f1a en Tokio - Ayuntamiento de Mula","isPartOf":{"@id":"https:\/\/mula.es\/web\/#website"},"primaryImageOfPage":{"@id":"https:\/\/mula.es\/web\/deportes-el-atleta-muleno-mo-katir-convocado-en-la-delegacion-olimpica-que-representara-a-espana-en-tokio\/#primaryimage"},"image":{"@id":"https:\/\/mula.es\/web\/deportes-el-atleta-muleno-mo-katir-convocado-en-la-delegacion-olimpica-que-representara-a-espana-en-tokio\/#primaryimage"},"thumbnailUrl":"https:\/\/mula.es\/web\/wp-content\/uploads\/2021\/07\/Katir-y-alcalde.png","datePublished":"2021-07-01T18:07:44+00:00","dateModified":"2021-07-01T18:07:57+00:00","author":{"@id":"https:\/\/mula.es\/web\/#\/schema\/person\/a0dbffe9f4a3ed4aaebedcfef02f71a1"},"breadcrumb":{"@id":"https:\/\/mula.es\/web\/deportes-el-atleta-muleno-mo-katir-convocado-en-la-delegacion-olimpica-que-representara-a-espana-en-tokio\/#breadcrumb"},"inLanguage":"es","potentialAction":[{"@type":"ReadAction","target":["https:\/\/mula.es\/web\/deportes-el-atleta-muleno-mo-katir-convocado-en-la-delegacion-olimpica-que-representara-a-espana-en-tokio\/"]}]},{"@type":"ImageObject","inLanguage":"es","@id":"https:\/\/mula.es\/web\/deportes-el-atleta-muleno-mo-katir-convocado-en-la-delegacion-olimpica-que-representara-a-espana-en-tokio\/#primaryimage","url":"https:\/\/mula.es\/web\/wp-content\/uploads\/2021\/07\/Katir-y-alcalde.png","contentUrl":"https:\/\/mula.es\/web\/wp-content\/uploads\/2021\/07\/Katir-y-alcalde.png","width":1119,"height":748},{"@type":"BreadcrumbList","@id":"https:\/\/mula.es\/web\/deportes-el-atleta-muleno-mo-katir-convocado-en-la-delegacion-olimpica-que-representara-a-espana-en-tokio\/#breadcrumb","itemListElement":[{"@type":"ListItem","position":1,"name":"Portada","item":"https:\/\/mula.es\/web\/"},{"@type":"ListItem","position":2,"name":"DEPORTES | El atleta mule\u00f1o Mo Katir convocado en la delegaci\u00f3n ol\u00edmpica que representar\u00e1 a Espa\u00f1a en Tokio"}]},{"@type":"WebSite","@id":"https:\/\/mula.es\/web\/#website","url":"https:\/\/mula.es\/web\/","name":"Ayuntamiento de Mula","description":"P\u00e1gina web del Ayuntamiento de Mula (Regi\u00f3n de Murcia)","potentialAction":[{"@type":"SearchAction","target":{"@type":"EntryPoint","urlTemplate":"https:\/\/mula.es\/web\/?s={search_term_string}"},"query-input":{"@type":"PropertyValueSpecification","valueRequired":true,"valueName":"search_term_string"}}],"inLanguage":"es"},{"@type":"Person","@id":"https:\/\/mula.es\/web\/#\/schema\/person\/a0dbffe9f4a3ed4aaebedcfef02f71a1","name":"admin","image":{"@type":"ImageObject","inLanguage":"es","@id":"https:\/\/secure.gravatar.com\/avatar\/5423b9cd77f4c7f89a124365a268866f9dfee038c17fe9e37afd92b5920d810e?s=96&d=mm&r=g","url":"https:\/\/secure.gravatar.com\/avatar\/5423b9cd77f4c7f89a124365a268866f9dfee038c17fe9e37afd92b5920d810e?s=96&d=mm&r=g","contentUrl":"https:\/\/secure.gravatar.com\/avatar\/5423b9cd77f4c7f89a124365a268866f9dfee038c17fe9e37afd92b5920d810e?s=96&d=mm&r=g","caption":"admin"},"description":"Lorem ipsum dolor sit amet, consectetur adipiscing elit. Nam viverra euismod odio, gravida pellentesque urna varius vitae. Sed dui lorem, adipiscing in adipiscing et, interdum nec metus. Mauris ultricies, justo eu convallis placerat, felis enim ornare nisi, vitae mattis nulla ante id dui. Ut lectus purus, commodo et tincidunt vel, interdum sed lectus. Vestibulum adipiscing tempor nisi id elementi.","url":"https:\/\/mula.es\/web\/author\/jose-maria-boti\/"}]}},"jetpack_publicize_connections":[],"jetpack_featured_media_url":"https:\/\/mula.es\/web\/wp-content\/uploads\/2021\/07\/Katir-y-alcalde.png","jetpack_sharing_enabled":true,"jetpack_shortlink":"https:\/\/wp.me\/pa9DMY-aGZ","jetpack-related-posts":[],"_links":{"self":[{"href":"https:\/\/mula.es\/web\/wp-json\/wp\/v2\/posts\/41105","targetHints":{"allow":["GET"]}}],"collection":[{"href":"https:\/\/mula.es\/web\/wp-json\/wp\/v2\/posts"}],"about":[{"href":"https:\/\/mula.es\/web\/wp-json\/wp\/v2\/types\/post"}],"author":[{"embeddable":true,"href":"https:\/\/mula.es\/web\/wp-json\/wp\/v2\/users\/1"}],"replies":[{"embeddable":true,"href":"https:\/\/mula.es\/web\/wp-json\/wp\/v2\/comments?post=41105"}],"version-history":[{"count":2,"href":"https:\/\/mula.es\/web\/wp-json\/wp\/v2\/posts\/41105\/revisions"}],"predecessor-version":[{"id":41108,"href":"https:\/\/mula.es\/web\/wp-json\/wp\/v2\/posts\/41105\/revisions\/41108"}],"wp:featuredmedia":[{"embeddable":true,"href":"https:\/\/mula.es\/web\/wp-json\/wp\/v2\/media\/41106"}],"wp:attachment":[{"href":"https:\/\/mula.es\/web\/wp-json\/wp\/v2\/media?parent=41105"}],"wp:term":[{"taxonomy":"category","embeddable":true,"href":"https:\/\/mula.es\/web\/wp-json\/wp\/v2\/categories?post=41105"},{"taxonomy":"post_tag","embeddable":true,"href":"https:\/\/mula.es\/web\/wp-json\/wp\/v2\/tags?post=41105"}],"curies":[{"name":"wp","href":"https:\/\/api.w.org\/{rel}","templated":true}]}}