{"id":41109,"date":"2021-07-01T20:12:54","date_gmt":"2021-07-01T18:12:54","guid":{"rendered":"https:\/\/mula.es\/web\/?p=41109"},"modified":"2021-07-01T20:12:54","modified_gmt":"2021-07-01T18:12:54","slug":"cultura-este-sabado-3-de-julio-empieza-la-temporada-del-cine-de-verano-2021-en-el-centro-joven","status":"publish","type":"post","link":"https:\/\/mula.es\/web\/cultura-este-sabado-3-de-julio-empieza-la-temporada-del-cine-de-verano-2021-en-el-centro-joven\/","title":{"rendered":"CULTURA | Este s\u00e1bado 3 de julio empieza la temporada del Cine de Verano 2021 en el Centro Joven"},"content":{"rendered":"<p style=\"text-align: justify;\">El patrio del Centro Joven acoger\u00e1 un a\u00f1o m\u00e1s la temporada del Cine de Verano 2021 que da comienzo este s\u00e1bado 3 de julio con la proyecci\u00f3n de la pel\u00edcula Expediente Warren.<\/p>\n<p style=\"text-align: justify;\">El concejal de Cultura, Diego Boluda, ha sido el encargado de presentar la temporada del Cine de Verano 2021 cuyas instalaciones dispondr\u00e1n de un aforo de 135 localidades.<\/p>\n<p style=\"text-align: justify;\">Boluda ha comunicado que, aunque conocedores de que el aforo es muy limitado respecto a a\u00f1os anteriores, desde el Ayuntamiento de Mula y en cumplimiento con la normativa actual, sobre todo la referida a la distancia social, debe garantizar el servicio con las m\u00e1ximas condiciones de seguridad para el ciudadano. No debemos perder la perspectiva que seguimos en pandemia y, aunque la situaci\u00f3n haya mejorado, debemos ser cautos y respetar escrupulosamente las medidas que nos dicta la Comunidad Aut\u00f3noma y de esta forma ofrecer cultura segura a la ciudadan\u00eda.<\/p>\n<p style=\"text-align: justify;\">La programaci\u00f3n de cine de verano se ha realizado pensando en todos los p\u00fablicos, en los que habr\u00e1 estrenos, pel\u00edculas infantiles, as\u00ed como pel\u00edculas para p\u00fablico m\u00e1s adulto a lo largo de los meses de julio y agosto. El servicio de venta online de las entradas seguir\u00e1 estando activo, as\u00ed como la compra en la propia taquilla.<\/p>\n<p style=\"text-align: justify;\">Diego Boluda destaca que \u201cnuestro cine de verano presenta, como cada a\u00f1o, un amplio servicio de proyecciones, ya que se proyectar\u00e1n pel\u00edculas todos los d\u00edas de la semana, a excepci\u00f3n de los viernes, donde se llevar\u00e1n a cabo actuaciones teatrales y musicales enmarcadas en la Programaci\u00f3n de Verano que ser\u00e1 presentada la pr\u00f3xima semana. Ha animado a todas y todos a que participen de la programaci\u00f3n y disfruten de este servicio que cada a\u00f1o acoge a mule\u00f1os y personas venidas de pueblos vecinos\u201d.<\/p>\n<p>Venta de entradas on-line:<a href=\"https:\/\/mula.es\/web\/cultura-y-festejos\/cine\/\"> https:\/\/mula.es\/web\/cultura-y-festejos\/cine\/<\/a><\/p>\n","protected":false},"excerpt":{"rendered":"<p>El patrio del Centro Joven acoger\u00e1 un a\u00f1o m\u00e1s la temporada del Cine de Verano 2021 que da comienzo este s\u00e1bado 3 de julio con la proyecci\u00f3n de la pel\u00edcula Expediente Warren. El concejal de Cultura, Diego Boluda, ha sido el encargado de presentar la temporada del Cine de Verano 2021 cuyas instalaciones dispondr\u00e1n de  [&#8230;]<\/p>\n","protected":false},"author":1,"featured_media":41110,"comment_status":"closed","ping_status":"closed","sticky":false,"template":"","format":"standard","meta":{"jetpack_post_was_ever_published":false,"_jetpack_newsletter_access":"","_jetpack_dont_email_post_to_subs":false,"_jetpack_newsletter_tier_id":0,"_jetpack_memberships_contains_paywalled_content":false,"_jetpack_memberships_contains_paid_content":false,"footnotes":"","jetpack_publicize_message":"","jetpack_publicize_feature_enabled":true,"jetpack_social_post_already_shared":false,"jetpack_social_options":{"image_generator_settings":{"template":"highway","default_image_id":0,"font":"","enabled":false},"version":2}},"categories":[78,97],"tags":[],"class_list":["post-41109","post","type-post","status-publish","format-standard","has-post-thumbnail","hentry","category-cine","category-cultura"],"yoast_head":"<!-- This site is optimized with the Yoast SEO plugin v27.5 - https:\/\/yoast.com\/product\/yoast-seo-wordpress\/ -->\n<title>CULTURA | Este s\u00e1bado 3 de julio empieza la temporada del Cine de Verano 2021 en el Centro Joven - Ayuntamiento de Mula<\/title>\n<meta name=\"robots\" content=\"index, follow, max-snippet:-1, max-image-preview:large, max-video-preview:-1\" \/>\n<link rel=\"canonical\" href=\"https:\/\/mula.es\/web\/cultura-este-sabado-3-de-julio-empieza-la-temporada-del-cine-de-verano-2021-en-el-centro-joven\/\" \/>\n<meta property=\"og:locale\" content=\"es_ES\" \/>\n<meta property=\"og:type\" content=\"article\" \/>\n<meta property=\"og:title\" content=\"CULTURA | Este s\u00e1bado 3 de julio empieza la temporada del Cine de Verano 2021 en el Centro Joven - Ayuntamiento de Mula\" \/>\n<meta property=\"og:description\" content=\"El patrio del Centro Joven acoger\u00e1 un a\u00f1o m\u00e1s la temporada del Cine de Verano 2021 que da comienzo este s\u00e1bado 3 de julio con la proyecci\u00f3n de la pel\u00edcula Expediente Warren. El concejal de Cultura, Diego Boluda, ha sido el encargado de presentar la temporada del Cine de Verano 2021 cuyas instalaciones dispondr\u00e1n de [...]\" \/>\n<meta property=\"og:url\" content=\"https:\/\/mula.es\/web\/cultura-este-sabado-3-de-julio-empieza-la-temporada-del-cine-de-verano-2021-en-el-centro-joven\/\" \/>\n<meta property=\"og:site_name\" content=\"Ayuntamiento de Mula\" \/>\n<meta property=\"article:published_time\" content=\"2021-07-01T18:12:54+00:00\" \/>\n<meta property=\"og:image\" content=\"https:\/\/i0.wp.com\/mula.es\/web\/wp-content\/uploads\/2021\/07\/TerrazaCineVerano.jpg?fit=707%2C1024&ssl=1\" \/>\n\t<meta property=\"og:image:width\" content=\"707\" \/>\n\t<meta property=\"og:image:height\" content=\"1024\" \/>\n\t<meta property=\"og:image:type\" content=\"image\/jpeg\" \/>\n<meta name=\"author\" content=\"admin\" \/>\n<meta name=\"twitter:card\" content=\"summary_large_image\" \/>\n<meta name=\"twitter:image\" content=\"https:\/\/mula.es\/web\/wp-content\/uploads\/2020\/06\/cropped-escudo-cuadrado.jpg\" \/>\n<meta name=\"twitter:creator\" content=\"@AyuntamientMula\" \/>\n<meta name=\"twitter:site\" content=\"@AyuntamientMula\" \/>\n<meta name=\"twitter:label1\" content=\"Escrito por\" \/>\n\t<meta name=\"twitter:data1\" content=\"admin\" \/>\n\t<meta name=\"twitter:label2\" content=\"Tiempo de lectura\" \/>\n\t<meta name=\"twitter:data2\" content=\"2 minutos\" \/>\n<script type=\"application\/ld+json\" class=\"yoast-schema-graph\">{\"@context\":\"https:\\\/\\\/schema.org\",\"@graph\":[{\"@type\":\"Article\",\"@id\":\"https:\\\/\\\/mula.es\\\/web\\\/cultura-este-sabado-3-de-julio-empieza-la-temporada-del-cine-de-verano-2021-en-el-centro-joven\\\/#article\",\"isPartOf\":{\"@id\":\"https:\\\/\\\/mula.es\\\/web\\\/cultura-este-sabado-3-de-julio-empieza-la-temporada-del-cine-de-verano-2021-en-el-centro-joven\\\/\"},\"author\":{\"name\":\"admin\",\"@id\":\"https:\\\/\\\/mula.es\\\/web\\\/#\\\/schema\\\/person\\\/a0dbffe9f4a3ed4aaebedcfef02f71a1\"},\"headline\":\"CULTURA | Este s\u00e1bado 3 de julio empieza la temporada del Cine de Verano 2021 en el Centro Joven\",\"datePublished\":\"2021-07-01T18:12:54+00:00\",\"mainEntityOfPage\":{\"@id\":\"https:\\\/\\\/mula.es\\\/web\\\/cultura-este-sabado-3-de-julio-empieza-la-temporada-del-cine-de-verano-2021-en-el-centro-joven\\\/\"},\"wordCount\":340,\"image\":{\"@id\":\"https:\\\/\\\/mula.es\\\/web\\\/cultura-este-sabado-3-de-julio-empieza-la-temporada-del-cine-de-verano-2021-en-el-centro-joven\\\/#primaryimage\"},\"thumbnailUrl\":\"https:\\\/\\\/mula.es\\\/web\\\/wp-content\\\/uploads\\\/2021\\\/07\\\/TerrazaCineVerano.jpg\",\"articleSection\":[\"cine\",\"cultura\"],\"inLanguage\":\"es\"},{\"@type\":\"WebPage\",\"@id\":\"https:\\\/\\\/mula.es\\\/web\\\/cultura-este-sabado-3-de-julio-empieza-la-temporada-del-cine-de-verano-2021-en-el-centro-joven\\\/\",\"url\":\"https:\\\/\\\/mula.es\\\/web\\\/cultura-este-sabado-3-de-julio-empieza-la-temporada-del-cine-de-verano-2021-en-el-centro-joven\\\/\",\"name\":\"CULTURA | Este s\u00e1bado 3 de julio empieza la temporada del Cine de Verano 2021 en el Centro Joven - Ayuntamiento de Mula\",\"isPartOf\":{\"@id\":\"https:\\\/\\\/mula.es\\\/web\\\/#website\"},\"primaryImageOfPage\":{\"@id\":\"https:\\\/\\\/mula.es\\\/web\\\/cultura-este-sabado-3-de-julio-empieza-la-temporada-del-cine-de-verano-2021-en-el-centro-joven\\\/#primaryimage\"},\"image\":{\"@id\":\"https:\\\/\\\/mula.es\\\/web\\\/cultura-este-sabado-3-de-julio-empieza-la-temporada-del-cine-de-verano-2021-en-el-centro-joven\\\/#primaryimage\"},\"thumbnailUrl\":\"https:\\\/\\\/mula.es\\\/web\\\/wp-content\\\/uploads\\\/2021\\\/07\\\/TerrazaCineVerano.jpg\",\"datePublished\":\"2021-07-01T18:12:54+00:00\",\"author\":{\"@id\":\"https:\\\/\\\/mula.es\\\/web\\\/#\\\/schema\\\/person\\\/a0dbffe9f4a3ed4aaebedcfef02f71a1\"},\"breadcrumb\":{\"@id\":\"https:\\\/\\\/mula.es\\\/web\\\/cultura-este-sabado-3-de-julio-empieza-la-temporada-del-cine-de-verano-2021-en-el-centro-joven\\\/#breadcrumb\"},\"inLanguage\":\"es\",\"potentialAction\":[{\"@type\":\"ReadAction\",\"target\":[\"https:\\\/\\\/mula.es\\\/web\\\/cultura-este-sabado-3-de-julio-empieza-la-temporada-del-cine-de-verano-2021-en-el-centro-joven\\\/\"]}]},{\"@type\":\"ImageObject\",\"inLanguage\":\"es\",\"@id\":\"https:\\\/\\\/mula.es\\\/web\\\/cultura-este-sabado-3-de-julio-empieza-la-temporada-del-cine-de-verano-2021-en-el-centro-joven\\\/#primaryimage\",\"url\":\"https:\\\/\\\/mula.es\\\/web\\\/wp-content\\\/uploads\\\/2021\\\/07\\\/TerrazaCineVerano.jpg\",\"contentUrl\":\"https:\\\/\\\/mula.es\\\/web\\\/wp-content\\\/uploads\\\/2021\\\/07\\\/TerrazaCineVerano.jpg\",\"width\":707,\"height\":1024},{\"@type\":\"BreadcrumbList\",\"@id\":\"https:\\\/\\\/mula.es\\\/web\\\/cultura-este-sabado-3-de-julio-empieza-la-temporada-del-cine-de-verano-2021-en-el-centro-joven\\\/#breadcrumb\",\"itemListElement\":[{\"@type\":\"ListItem\",\"position\":1,\"name\":\"Portada\",\"item\":\"https:\\\/\\\/mula.es\\\/web\\\/\"},{\"@type\":\"ListItem\",\"position\":2,\"name\":\"CULTURA | Este s\u00e1bado 3 de julio empieza la temporada del Cine de Verano 2021 en el Centro Joven\"}]},{\"@type\":\"WebSite\",\"@id\":\"https:\\\/\\\/mula.es\\\/web\\\/#website\",\"url\":\"https:\\\/\\\/mula.es\\\/web\\\/\",\"name\":\"Ayuntamiento de Mula\",\"description\":\"P\u00e1gina web del Ayuntamiento de Mula (Regi\u00f3n de Murcia)\",\"potentialAction\":[{\"@type\":\"SearchAction\",\"target\":{\"@type\":\"EntryPoint\",\"urlTemplate\":\"https:\\\/\\\/mula.es\\\/web\\\/?s={search_term_string}\"},\"query-input\":{\"@type\":\"PropertyValueSpecification\",\"valueRequired\":true,\"valueName\":\"search_term_string\"}}],\"inLanguage\":\"es\"},{\"@type\":\"Person\",\"@id\":\"https:\\\/\\\/mula.es\\\/web\\\/#\\\/schema\\\/person\\\/a0dbffe9f4a3ed4aaebedcfef02f71a1\",\"name\":\"admin\",\"image\":{\"@type\":\"ImageObject\",\"inLanguage\":\"es\",\"@id\":\"https:\\\/\\\/secure.gravatar.com\\\/avatar\\\/5423b9cd77f4c7f89a124365a268866f9dfee038c17fe9e37afd92b5920d810e?s=96&d=mm&r=g\",\"url\":\"https:\\\/\\\/secure.gravatar.com\\\/avatar\\\/5423b9cd77f4c7f89a124365a268866f9dfee038c17fe9e37afd92b5920d810e?s=96&d=mm&r=g\",\"contentUrl\":\"https:\\\/\\\/secure.gravatar.com\\\/avatar\\\/5423b9cd77f4c7f89a124365a268866f9dfee038c17fe9e37afd92b5920d810e?s=96&d=mm&r=g\",\"caption\":\"admin\"},\"description\":\"Lorem ipsum dolor sit amet, consectetur adipiscing elit. Nam viverra euismod odio, gravida pellentesque urna varius vitae. Sed dui lorem, adipiscing in adipiscing et, interdum nec metus. Mauris ultricies, justo eu convallis placerat, felis enim ornare nisi, vitae mattis nulla ante id dui. Ut lectus purus, commodo et tincidunt vel, interdum sed lectus. Vestibulum adipiscing tempor nisi id elementi.\",\"url\":\"https:\\\/\\\/mula.es\\\/web\\\/author\\\/jose-maria-boti\\\/\"}]}<\/script>\n<!-- \/ Yoast SEO plugin. -->","yoast_head_json":{"title":"CULTURA | Este s\u00e1bado 3 de julio empieza la temporada del Cine de Verano 2021 en el Centro Joven - Ayuntamiento de Mula","robots":{"index":"index","follow":"follow","max-snippet":"max-snippet:-1","max-image-preview":"max-image-preview:large","max-video-preview":"max-video-preview:-1"},"canonical":"https:\/\/mula.es\/web\/cultura-este-sabado-3-de-julio-empieza-la-temporada-del-cine-de-verano-2021-en-el-centro-joven\/","og_locale":"es_ES","og_type":"article","og_title":"CULTURA | Este s\u00e1bado 3 de julio empieza la temporada del Cine de Verano 2021 en el Centro Joven - Ayuntamiento de Mula","og_description":"El patrio del Centro Joven acoger\u00e1 un a\u00f1o m\u00e1s la temporada del Cine de Verano 2021 que da comienzo este s\u00e1bado 3 de julio con la proyecci\u00f3n de la pel\u00edcula Expediente Warren. El concejal de Cultura, Diego Boluda, ha sido el encargado de presentar la temporada del Cine de Verano 2021 cuyas instalaciones dispondr\u00e1n de [...]","og_url":"https:\/\/mula.es\/web\/cultura-este-sabado-3-de-julio-empieza-la-temporada-del-cine-de-verano-2021-en-el-centro-joven\/","og_site_name":"Ayuntamiento de Mula","article_published_time":"2021-07-01T18:12:54+00:00","og_image":[{"width":707,"height":1024,"url":"https:\/\/i0.wp.com\/mula.es\/web\/wp-content\/uploads\/2021\/07\/TerrazaCineVerano.jpg?fit=707%2C1024&ssl=1","type":"image\/jpeg"}],"author":"admin","twitter_card":"summary_large_image","twitter_image":"https:\/\/mula.es\/web\/wp-content\/uploads\/2020\/06\/cropped-escudo-cuadrado.jpg","twitter_creator":"@AyuntamientMula","twitter_site":"@AyuntamientMula","twitter_misc":{"Escrito por":"admin","Tiempo de lectura":"2 minutos"},"schema":{"@context":"https:\/\/schema.org","@graph":[{"@type":"Article","@id":"https:\/\/mula.es\/web\/cultura-este-sabado-3-de-julio-empieza-la-temporada-del-cine-de-verano-2021-en-el-centro-joven\/#article","isPartOf":{"@id":"https:\/\/mula.es\/web\/cultura-este-sabado-3-de-julio-empieza-la-temporada-del-cine-de-verano-2021-en-el-centro-joven\/"},"author":{"name":"admin","@id":"https:\/\/mula.es\/web\/#\/schema\/person\/a0dbffe9f4a3ed4aaebedcfef02f71a1"},"headline":"CULTURA | Este s\u00e1bado 3 de julio empieza la temporada del Cine de Verano 2021 en el Centro Joven","datePublished":"2021-07-01T18:12:54+00:00","mainEntityOfPage":{"@id":"https:\/\/mula.es\/web\/cultura-este-sabado-3-de-julio-empieza-la-temporada-del-cine-de-verano-2021-en-el-centro-joven\/"},"wordCount":340,"image":{"@id":"https:\/\/mula.es\/web\/cultura-este-sabado-3-de-julio-empieza-la-temporada-del-cine-de-verano-2021-en-el-centro-joven\/#primaryimage"},"thumbnailUrl":"https:\/\/mula.es\/web\/wp-content\/uploads\/2021\/07\/TerrazaCineVerano.jpg","articleSection":["cine","cultura"],"inLanguage":"es"},{"@type":"WebPage","@id":"https:\/\/mula.es\/web\/cultura-este-sabado-3-de-julio-empieza-la-temporada-del-cine-de-verano-2021-en-el-centro-joven\/","url":"https:\/\/mula.es\/web\/cultura-este-sabado-3-de-julio-empieza-la-temporada-del-cine-de-verano-2021-en-el-centro-joven\/","name":"CULTURA | Este s\u00e1bado 3 de julio empieza la temporada del Cine de Verano 2021 en el Centro Joven - Ayuntamiento de Mula","isPartOf":{"@id":"https:\/\/mula.es\/web\/#website"},"primaryImageOfPage":{"@id":"https:\/\/mula.es\/web\/cultura-este-sabado-3-de-julio-empieza-la-temporada-del-cine-de-verano-2021-en-el-centro-joven\/#primaryimage"},"image":{"@id":"https:\/\/mula.es\/web\/cultura-este-sabado-3-de-julio-empieza-la-temporada-del-cine-de-verano-2021-en-el-centro-joven\/#primaryimage"},"thumbnailUrl":"https:\/\/mula.es\/web\/wp-content\/uploads\/2021\/07\/TerrazaCineVerano.jpg","datePublished":"2021-07-01T18:12:54+00:00","author":{"@id":"https:\/\/mula.es\/web\/#\/schema\/person\/a0dbffe9f4a3ed4aaebedcfef02f71a1"},"breadcrumb":{"@id":"https:\/\/mula.es\/web\/cultura-este-sabado-3-de-julio-empieza-la-temporada-del-cine-de-verano-2021-en-el-centro-joven\/#breadcrumb"},"inLanguage":"es","potentialAction":[{"@type":"ReadAction","target":["https:\/\/mula.es\/web\/cultura-este-sabado-3-de-julio-empieza-la-temporada-del-cine-de-verano-2021-en-el-centro-joven\/"]}]},{"@type":"ImageObject","inLanguage":"es","@id":"https:\/\/mula.es\/web\/cultura-este-sabado-3-de-julio-empieza-la-temporada-del-cine-de-verano-2021-en-el-centro-joven\/#primaryimage","url":"https:\/\/mula.es\/web\/wp-content\/uploads\/2021\/07\/TerrazaCineVerano.jpg","contentUrl":"https:\/\/mula.es\/web\/wp-content\/uploads\/2021\/07\/TerrazaCineVerano.jpg","width":707,"height":1024},{"@type":"BreadcrumbList","@id":"https:\/\/mula.es\/web\/cultura-este-sabado-3-de-julio-empieza-la-temporada-del-cine-de-verano-2021-en-el-centro-joven\/#breadcrumb","itemListElement":[{"@type":"ListItem","position":1,"name":"Portada","item":"https:\/\/mula.es\/web\/"},{"@type":"ListItem","position":2,"name":"CULTURA | Este s\u00e1bado 3 de julio empieza la temporada del Cine de Verano 2021 en el Centro Joven"}]},{"@type":"WebSite","@id":"https:\/\/mula.es\/web\/#website","url":"https:\/\/mula.es\/web\/","name":"Ayuntamiento de Mula","description":"P\u00e1gina web del Ayuntamiento de Mula (Regi\u00f3n de Murcia)","potentialAction":[{"@type":"SearchAction","target":{"@type":"EntryPoint","urlTemplate":"https:\/\/mula.es\/web\/?s={search_term_string}"},"query-input":{"@type":"PropertyValueSpecification","valueRequired":true,"valueName":"search_term_string"}}],"inLanguage":"es"},{"@type":"Person","@id":"https:\/\/mula.es\/web\/#\/schema\/person\/a0dbffe9f4a3ed4aaebedcfef02f71a1","name":"admin","image":{"@type":"ImageObject","inLanguage":"es","@id":"https:\/\/secure.gravatar.com\/avatar\/5423b9cd77f4c7f89a124365a268866f9dfee038c17fe9e37afd92b5920d810e?s=96&d=mm&r=g","url":"https:\/\/secure.gravatar.com\/avatar\/5423b9cd77f4c7f89a124365a268866f9dfee038c17fe9e37afd92b5920d810e?s=96&d=mm&r=g","contentUrl":"https:\/\/secure.gravatar.com\/avatar\/5423b9cd77f4c7f89a124365a268866f9dfee038c17fe9e37afd92b5920d810e?s=96&d=mm&r=g","caption":"admin"},"description":"Lorem ipsum dolor sit amet, consectetur adipiscing elit. Nam viverra euismod odio, gravida pellentesque urna varius vitae. Sed dui lorem, adipiscing in adipiscing et, interdum nec metus. Mauris ultricies, justo eu convallis placerat, felis enim ornare nisi, vitae mattis nulla ante id dui. Ut lectus purus, commodo et tincidunt vel, interdum sed lectus. Vestibulum adipiscing tempor nisi id elementi.","url":"https:\/\/mula.es\/web\/author\/jose-maria-boti\/"}]}},"jetpack_publicize_connections":[],"jetpack_featured_media_url":"https:\/\/mula.es\/web\/wp-content\/uploads\/2021\/07\/TerrazaCineVerano.jpg","jetpack_sharing_enabled":true,"jetpack_shortlink":"https:\/\/wp.me\/pa9DMY-aH3","jetpack-related-posts":[],"_links":{"self":[{"href":"https:\/\/mula.es\/web\/wp-json\/wp\/v2\/posts\/41109","targetHints":{"allow":["GET"]}}],"collection":[{"href":"https:\/\/mula.es\/web\/wp-json\/wp\/v2\/posts"}],"about":[{"href":"https:\/\/mula.es\/web\/wp-json\/wp\/v2\/types\/post"}],"author":[{"embeddable":true,"href":"https:\/\/mula.es\/web\/wp-json\/wp\/v2\/users\/1"}],"replies":[{"embeddable":true,"href":"https:\/\/mula.es\/web\/wp-json\/wp\/v2\/comments?post=41109"}],"version-history":[{"count":1,"href":"https:\/\/mula.es\/web\/wp-json\/wp\/v2\/posts\/41109\/revisions"}],"predecessor-version":[{"id":41111,"href":"https:\/\/mula.es\/web\/wp-json\/wp\/v2\/posts\/41109\/revisions\/41111"}],"wp:featuredmedia":[{"embeddable":true,"href":"https:\/\/mula.es\/web\/wp-json\/wp\/v2\/media\/41110"}],"wp:attachment":[{"href":"https:\/\/mula.es\/web\/wp-json\/wp\/v2\/media?parent=41109"}],"wp:term":[{"taxonomy":"category","embeddable":true,"href":"https:\/\/mula.es\/web\/wp-json\/wp\/v2\/categories?post=41109"},{"taxonomy":"post_tag","embeddable":true,"href":"https:\/\/mula.es\/web\/wp-json\/wp\/v2\/tags?post=41109"}],"curies":[{"name":"wp","href":"https:\/\/api.w.org\/{rel}","templated":true}]}}