{"id":41556,"date":"2021-07-19T08:21:00","date_gmt":"2021-07-19T06:21:00","guid":{"rendered":"https:\/\/mula.es\/web\/?p=41556"},"modified":"2021-07-19T08:21:00","modified_gmt":"2021-07-19T06:21:00","slug":"educacion-entrega-de-diplomas-a-los-alumnos-participantes-en-la-primera-quincena-de-la-escuela-de-verano-2021","status":"publish","type":"post","link":"https:\/\/mula.es\/web\/educacion-entrega-de-diplomas-a-los-alumnos-participantes-en-la-primera-quincena-de-la-escuela-de-verano-2021\/","title":{"rendered":"EDUCACI\u00d3N | Entrega de diplomas a los alumnos participantes en la primera quincena de la Escuela de Verano 2021"},"content":{"rendered":"<div class=\"fusion-fullwidth fullwidth-box fusion-builder-row-1 fusion-flex-container nonhundred-percent-fullwidth non-hundred-percent-height-scrolling\" style=\"--awb-border-radius-top-left:0px;--awb-border-radius-top-right:0px;--awb-border-radius-bottom-right:0px;--awb-border-radius-bottom-left:0px;--awb-flex-wrap:wrap;\" ><div class=\"fusion-builder-row fusion-row fusion-flex-align-items-flex-start fusion-flex-content-wrap\" style=\"max-width:1144px;margin-left: calc(-4% \/ 2 );margin-right: calc(-4% \/ 2 );\"><div class=\"fusion-layout-column fusion_builder_column fusion-builder-column-0 fusion_builder_column_1_1 1_1 fusion-flex-column\" style=\"--awb-bg-size:cover;--awb-width-large:100%;--awb-margin-top-large:0px;--awb-spacing-right-large:1.92%;--awb-margin-bottom-large:0px;--awb-spacing-left-large:1.92%;--awb-width-medium:100%;--awb-spacing-right-medium:1.92%;--awb-spacing-left-medium:1.92%;--awb-width-small:100%;--awb-spacing-right-small:1.92%;--awb-spacing-left-small:1.92%;\"><div class=\"fusion-column-wrapper fusion-flex-justify-content-flex-start fusion-content-layout-column\"><div class=\"fusion-text fusion-text-1\"><p style=\"text-align: justify;\">Esta edici\u00f3n cuenta con un Aula Abierta dirigida a ni\u00f1os con necesidades especiales<br \/>\nLos participantes conocen la cultura, el patrimonio y recursos del municipio al tiempo que se divierten y aprenden<br \/>\nCoincidiendo la celebraci\u00f3n de la primera quincena de la Escuela Municipal de Verano de Mula 2021, los alumnos participantes han recibido la visita de los concejales de Presidencia, Alejandra Mart\u00ednez, Educaci\u00f3n y Cultura, Diego Boluda, y Pol\u00edtica Social, Antonia Gabarr\u00f3n, quienes han estado con los participantes y han podido conocer de primera mano el funcionamiento de esta edici\u00f3n de la escuela.<br \/>\nEsta edici\u00f3n, por vez primera, la Escuela Municipal de Verano ha contado con plazas reservadas para ni\u00f1os con necesidades especiales.<br \/>\nAcompa\u00f1ados por personal directivo del CEIP Anita Arnao, donde se desarrolla la escuela, y de monitores del equipo de Cultura de Calle, as\u00ed como los ni\u00f1os participantes que han compartido con ellos sus sensaciones de estos d\u00edas de funcionamiento.<br \/>\nLa visita conclu\u00eda con la entrega de diplomas a los ni\u00f1os que finalizaban su participaci\u00f3n en la Escuela de Verano.<br \/>\nPara los responsables municipales, esta escuela es mucho m\u00e1s que contribuir a la conciliaci\u00f3n laboral, es dar a conocer la cultura, el patrimonio y la riqueza del municipio de Mula a la vez que los ni\u00f1os participantes se divierten, aprenden y juegan. \u00c9stos destacaban, adem\u00e1s, el hecho de poder incorporar por primera vez un Aula Abierta para ni\u00f1os con necesidades especiales que permiten seguir la apuesta de igualdad de oportunidades y accesibilidad.<\/p>\n<\/div><div class=\"fusion-image-carousel fusion-image-carousel-auto fusion-image-carousel-1 fusion-carousel-border\"><div class=\"awb-carousel awb-swiper awb-swiper-carousel awb-carousel--carousel awb-swiper-dots-position-bottom\" data-layout=\"carousel\" data-autoplay=\"no\" data-autoplayspeed=\"2500\" data-autoplaypause=\"no\" data-loop=\"yes\" data-columns=\"5\" data-columnsmedium=\"1\" data-columnssmall=\"1\" data-itemmargin=\"13\" data-itemwidth=\"180\" data-touchscroll=\"no\" data-freemode=\"no\" data-imagesize=\"auto\" data-scrollitems=\"0\" data-centeredslides=\"no\" data-rotationangle=\"50\" data-depth=\"100\" data-speed=\"500\" data-shadow=\"no\" data-pagination=\"bullets\" style=\"--awb-border-width:1px;--awb-border-color:#e9eaee;\"><div class=\"swiper-wrapper awb-image-carousel-wrapper fusion-flex-align-items-center\"><div class=\"swiper-slide\"><div class=\"fusion-carousel-item-wrapper\"><div class=\"fusion-image-wrapper hover-type-none\"><a href=\"https:\/\/mula.es\/web\/wp-content\/uploads\/2021\/07\/everano2.jpg\" target=\"_self\"><img decoding=\"async\" width=\"1024\" height=\"768\" src=\"https:\/\/mula.es\/web\/wp-content\/uploads\/2021\/07\/everano2.jpg\" class=\"attachment-full size-full\" alt=\"\" srcset=\"https:\/\/mula.es\/web\/wp-content\/uploads\/2021\/07\/everano2-200x150.jpg 200w, https:\/\/mula.es\/web\/wp-content\/uploads\/2021\/07\/everano2-400x300.jpg 400w, https:\/\/mula.es\/web\/wp-content\/uploads\/2021\/07\/everano2-600x450.jpg 600w, https:\/\/mula.es\/web\/wp-content\/uploads\/2021\/07\/everano2-800x600.jpg 800w, https:\/\/mula.es\/web\/wp-content\/uploads\/2021\/07\/everano2.jpg 1024w\" sizes=\"(min-width: 2200px) 100vw, (min-width: 784px) 358px, (min-width: 712px) 537px, (min-width: 640px) 712px, \" data-attachment-id=\"41558\" data-permalink=\"https:\/\/mula.es\/web\/educacion-entrega-de-diplomas-a-los-alumnos-participantes-en-la-primera-quincena-de-la-escuela-de-verano-2021\/everano2\/\" data-orig-file=\"https:\/\/mula.es\/web\/wp-content\/uploads\/2021\/07\/everano2.jpg\" data-orig-size=\"1024,768\" data-comments-opened=\"0\" data-image-meta=\"{&quot;aperture&quot;:&quot;0&quot;,&quot;credit&quot;:&quot;&quot;,&quot;camera&quot;:&quot;&quot;,&quot;caption&quot;:&quot;&quot;,&quot;created_timestamp&quot;:&quot;0&quot;,&quot;copyright&quot;:&quot;&quot;,&quot;focal_length&quot;:&quot;0&quot;,&quot;iso&quot;:&quot;0&quot;,&quot;shutter_speed&quot;:&quot;0&quot;,&quot;title&quot;:&quot;&quot;,&quot;orientation&quot;:&quot;0&quot;}\" data-image-title=\"everano2\" data-image-description=\"\" data-image-caption=\"\" data-large-file=\"https:\/\/mula.es\/web\/wp-content\/uploads\/2021\/07\/everano2.jpg\" \/><\/a><\/div><\/div><\/div><div class=\"swiper-slide\"><div class=\"fusion-carousel-item-wrapper\"><div class=\"fusion-image-wrapper hover-type-none\"><a href=\"https:\/\/mula.es\/web\/wp-content\/uploads\/2021\/07\/everano3.jpg\" target=\"_self\"><img decoding=\"async\" width=\"1024\" height=\"768\" src=\"https:\/\/mula.es\/web\/wp-content\/uploads\/2021\/07\/everano3.jpg\" class=\"attachment-full size-full\" alt=\"\" srcset=\"https:\/\/mula.es\/web\/wp-content\/uploads\/2021\/07\/everano3-200x150.jpg 200w, https:\/\/mula.es\/web\/wp-content\/uploads\/2021\/07\/everano3-400x300.jpg 400w, https:\/\/mula.es\/web\/wp-content\/uploads\/2021\/07\/everano3-600x450.jpg 600w, https:\/\/mula.es\/web\/wp-content\/uploads\/2021\/07\/everano3-800x600.jpg 800w, https:\/\/mula.es\/web\/wp-content\/uploads\/2021\/07\/everano3.jpg 1024w\" sizes=\"(min-width: 2200px) 100vw, (min-width: 784px) 358px, (min-width: 712px) 537px, (min-width: 640px) 712px, \" data-attachment-id=\"41559\" data-permalink=\"https:\/\/mula.es\/web\/educacion-entrega-de-diplomas-a-los-alumnos-participantes-en-la-primera-quincena-de-la-escuela-de-verano-2021\/everano3\/\" data-orig-file=\"https:\/\/mula.es\/web\/wp-content\/uploads\/2021\/07\/everano3.jpg\" data-orig-size=\"1024,768\" data-comments-opened=\"0\" data-image-meta=\"{&quot;aperture&quot;:&quot;0&quot;,&quot;credit&quot;:&quot;&quot;,&quot;camera&quot;:&quot;&quot;,&quot;caption&quot;:&quot;&quot;,&quot;created_timestamp&quot;:&quot;0&quot;,&quot;copyright&quot;:&quot;&quot;,&quot;focal_length&quot;:&quot;0&quot;,&quot;iso&quot;:&quot;0&quot;,&quot;shutter_speed&quot;:&quot;0&quot;,&quot;title&quot;:&quot;&quot;,&quot;orientation&quot;:&quot;0&quot;}\" data-image-title=\"everano3\" data-image-description=\"\" data-image-caption=\"\" data-large-file=\"https:\/\/mula.es\/web\/wp-content\/uploads\/2021\/07\/everano3.jpg\" \/><\/a><\/div><\/div><\/div><div class=\"swiper-slide\"><div class=\"fusion-carousel-item-wrapper\"><div class=\"fusion-image-wrapper hover-type-none\"><a href=\"https:\/\/mula.es\/web\/wp-content\/uploads\/2021\/07\/everano4.jpg\" target=\"_self\"><img decoding=\"async\" width=\"1024\" height=\"768\" src=\"https:\/\/mula.es\/web\/wp-content\/uploads\/2021\/07\/everano4.jpg\" class=\"attachment-full size-full\" alt=\"\" srcset=\"https:\/\/mula.es\/web\/wp-content\/uploads\/2021\/07\/everano4-200x150.jpg 200w, https:\/\/mula.es\/web\/wp-content\/uploads\/2021\/07\/everano4-400x300.jpg 400w, https:\/\/mula.es\/web\/wp-content\/uploads\/2021\/07\/everano4-600x450.jpg 600w, https:\/\/mula.es\/web\/wp-content\/uploads\/2021\/07\/everano4-800x600.jpg 800w, https:\/\/mula.es\/web\/wp-content\/uploads\/2021\/07\/everano4.jpg 1024w\" sizes=\"(min-width: 2200px) 100vw, (min-width: 784px) 358px, (min-width: 712px) 537px, (min-width: 640px) 712px, \" data-attachment-id=\"41560\" data-permalink=\"https:\/\/mula.es\/web\/educacion-entrega-de-diplomas-a-los-alumnos-participantes-en-la-primera-quincena-de-la-escuela-de-verano-2021\/everano4\/\" data-orig-file=\"https:\/\/mula.es\/web\/wp-content\/uploads\/2021\/07\/everano4.jpg\" data-orig-size=\"1024,768\" data-comments-opened=\"0\" data-image-meta=\"{&quot;aperture&quot;:&quot;0&quot;,&quot;credit&quot;:&quot;&quot;,&quot;camera&quot;:&quot;&quot;,&quot;caption&quot;:&quot;&quot;,&quot;created_timestamp&quot;:&quot;0&quot;,&quot;copyright&quot;:&quot;&quot;,&quot;focal_length&quot;:&quot;0&quot;,&quot;iso&quot;:&quot;0&quot;,&quot;shutter_speed&quot;:&quot;0&quot;,&quot;title&quot;:&quot;&quot;,&quot;orientation&quot;:&quot;0&quot;}\" data-image-title=\"everano4\" data-image-description=\"\" data-image-caption=\"\" data-large-file=\"https:\/\/mula.es\/web\/wp-content\/uploads\/2021\/07\/everano4.jpg\" \/><\/a><\/div><\/div><\/div><\/div><div class=\"awb-swiper-button awb-swiper-button-prev\"><i class=\"awb-icon-angle-left\" aria-hidden=\"true\"><\/i><\/div><div class=\"awb-swiper-button awb-swiper-button-next\"><i class=\"awb-icon-angle-right\" aria-hidden=\"true\"><\/i><\/div><\/div><\/div><\/div><\/div><\/div><\/div>\n","protected":false},"excerpt":{"rendered":"","protected":false},"author":9,"featured_media":41557,"comment_status":"closed","ping_status":"closed","sticky":false,"template":"","format":"standard","meta":{"jetpack_post_was_ever_published":false,"_jetpack_newsletter_access":"","_jetpack_dont_email_post_to_subs":false,"_jetpack_newsletter_tier_id":0,"_jetpack_memberships_contains_paywalled_content":false,"_jetpack_memberships_contains_paid_content":false,"footnotes":"","jetpack_publicize_message":"","jetpack_publicize_feature_enabled":true,"jetpack_social_post_already_shared":false,"jetpack_social_options":{"image_generator_settings":{"template":"highway","default_image_id":0,"font":"","enabled":false},"version":2}},"categories":[89],"tags":[582],"class_list":["post-41556","post","type-post","status-publish","format-standard","has-post-thumbnail","hentry","category-educacion","tag-escuela-municipal-de-verano"],"yoast_head":"<!-- This site is optimized with the Yoast SEO plugin v27.5 - https:\/\/yoast.com\/product\/yoast-seo-wordpress\/ -->\n<title>EDUCACI\u00d3N | Entrega de diplomas a los alumnos participantes en la primera quincena de la Escuela de Verano 2021 - Ayuntamiento de Mula<\/title>\n<meta name=\"robots\" content=\"index, follow, max-snippet:-1, max-image-preview:large, max-video-preview:-1\" \/>\n<link rel=\"canonical\" href=\"https:\/\/mula.es\/web\/educacion-entrega-de-diplomas-a-los-alumnos-participantes-en-la-primera-quincena-de-la-escuela-de-verano-2021\/\" \/>\n<meta property=\"og:locale\" content=\"es_ES\" \/>\n<meta property=\"og:type\" content=\"article\" \/>\n<meta property=\"og:title\" content=\"EDUCACI\u00d3N | Entrega de diplomas a los alumnos participantes en la primera quincena de la Escuela de Verano 2021 - Ayuntamiento de Mula\" \/>\n<meta property=\"og:url\" content=\"https:\/\/mula.es\/web\/educacion-entrega-de-diplomas-a-los-alumnos-participantes-en-la-primera-quincena-de-la-escuela-de-verano-2021\/\" \/>\n<meta property=\"og:site_name\" content=\"Ayuntamiento de Mula\" \/>\n<meta property=\"article:published_time\" content=\"2021-07-19T06:21:00+00:00\" \/>\n<meta property=\"og:image\" content=\"https:\/\/i0.wp.com\/mula.es\/web\/wp-content\/uploads\/2021\/07\/everano1.jpg?fit=1024%2C768&ssl=1\" \/>\n\t<meta property=\"og:image:width\" content=\"1024\" \/>\n\t<meta property=\"og:image:height\" content=\"768\" \/>\n\t<meta property=\"og:image:type\" content=\"image\/jpeg\" \/>\n<meta name=\"author\" content=\"Rosario Mart\u00ednez\" \/>\n<meta name=\"twitter:card\" content=\"summary_large_image\" \/>\n<meta name=\"twitter:image\" content=\"https:\/\/mula.es\/web\/wp-content\/uploads\/2020\/06\/escudo-cuadrado-e1591045058235.jpg\" \/>\n<meta name=\"twitter:creator\" content=\"@AyuntamientMula\" \/>\n<meta name=\"twitter:site\" content=\"@AyuntamientMula\" \/>\n<meta name=\"twitter:label1\" content=\"Escrito por\" \/>\n\t<meta name=\"twitter:data1\" content=\"Rosario Mart\u00ednez\" \/>\n\t<meta name=\"twitter:label2\" content=\"Tiempo de lectura\" \/>\n\t<meta name=\"twitter:data2\" content=\"2 minutos\" \/>\n<script type=\"application\/ld+json\" class=\"yoast-schema-graph\">{\"@context\":\"https:\\\/\\\/schema.org\",\"@graph\":[{\"@type\":\"Article\",\"@id\":\"https:\\\/\\\/mula.es\\\/web\\\/educacion-entrega-de-diplomas-a-los-alumnos-participantes-en-la-primera-quincena-de-la-escuela-de-verano-2021\\\/#article\",\"isPartOf\":{\"@id\":\"https:\\\/\\\/mula.es\\\/web\\\/educacion-entrega-de-diplomas-a-los-alumnos-participantes-en-la-primera-quincena-de-la-escuela-de-verano-2021\\\/\"},\"author\":{\"name\":\"Rosario Mart\u00ednez\",\"@id\":\"https:\\\/\\\/mula.es\\\/web\\\/#\\\/schema\\\/person\\\/f8d63bd3ab6e7b025268b909b7ab0771\"},\"headline\":\"EDUCACI\u00d3N | Entrega de diplomas a los alumnos participantes en la primera quincena de la Escuela de Verano 2021\",\"datePublished\":\"2021-07-19T06:21:00+00:00\",\"mainEntityOfPage\":{\"@id\":\"https:\\\/\\\/mula.es\\\/web\\\/educacion-entrega-de-diplomas-a-los-alumnos-participantes-en-la-primera-quincena-de-la-escuela-de-verano-2021\\\/\"},\"wordCount\":565,\"image\":{\"@id\":\"https:\\\/\\\/mula.es\\\/web\\\/educacion-entrega-de-diplomas-a-los-alumnos-participantes-en-la-primera-quincena-de-la-escuela-de-verano-2021\\\/#primaryimage\"},\"thumbnailUrl\":\"https:\\\/\\\/mula.es\\\/web\\\/wp-content\\\/uploads\\\/2021\\\/07\\\/everano1.jpg\",\"keywords\":[\"escuela municipal de verano\"],\"articleSection\":[\"educaci\u00f3n\"],\"inLanguage\":\"es\"},{\"@type\":\"WebPage\",\"@id\":\"https:\\\/\\\/mula.es\\\/web\\\/educacion-entrega-de-diplomas-a-los-alumnos-participantes-en-la-primera-quincena-de-la-escuela-de-verano-2021\\\/\",\"url\":\"https:\\\/\\\/mula.es\\\/web\\\/educacion-entrega-de-diplomas-a-los-alumnos-participantes-en-la-primera-quincena-de-la-escuela-de-verano-2021\\\/\",\"name\":\"EDUCACI\u00d3N | Entrega de diplomas a los alumnos participantes en la primera quincena de la Escuela de Verano 2021 - Ayuntamiento de Mula\",\"isPartOf\":{\"@id\":\"https:\\\/\\\/mula.es\\\/web\\\/#website\"},\"primaryImageOfPage\":{\"@id\":\"https:\\\/\\\/mula.es\\\/web\\\/educacion-entrega-de-diplomas-a-los-alumnos-participantes-en-la-primera-quincena-de-la-escuela-de-verano-2021\\\/#primaryimage\"},\"image\":{\"@id\":\"https:\\\/\\\/mula.es\\\/web\\\/educacion-entrega-de-diplomas-a-los-alumnos-participantes-en-la-primera-quincena-de-la-escuela-de-verano-2021\\\/#primaryimage\"},\"thumbnailUrl\":\"https:\\\/\\\/mula.es\\\/web\\\/wp-content\\\/uploads\\\/2021\\\/07\\\/everano1.jpg\",\"datePublished\":\"2021-07-19T06:21:00+00:00\",\"author\":{\"@id\":\"https:\\\/\\\/mula.es\\\/web\\\/#\\\/schema\\\/person\\\/f8d63bd3ab6e7b025268b909b7ab0771\"},\"breadcrumb\":{\"@id\":\"https:\\\/\\\/mula.es\\\/web\\\/educacion-entrega-de-diplomas-a-los-alumnos-participantes-en-la-primera-quincena-de-la-escuela-de-verano-2021\\\/#breadcrumb\"},\"inLanguage\":\"es\",\"potentialAction\":[{\"@type\":\"ReadAction\",\"target\":[\"https:\\\/\\\/mula.es\\\/web\\\/educacion-entrega-de-diplomas-a-los-alumnos-participantes-en-la-primera-quincena-de-la-escuela-de-verano-2021\\\/\"]}]},{\"@type\":\"ImageObject\",\"inLanguage\":\"es\",\"@id\":\"https:\\\/\\\/mula.es\\\/web\\\/educacion-entrega-de-diplomas-a-los-alumnos-participantes-en-la-primera-quincena-de-la-escuela-de-verano-2021\\\/#primaryimage\",\"url\":\"https:\\\/\\\/mula.es\\\/web\\\/wp-content\\\/uploads\\\/2021\\\/07\\\/everano1.jpg\",\"contentUrl\":\"https:\\\/\\\/mula.es\\\/web\\\/wp-content\\\/uploads\\\/2021\\\/07\\\/everano1.jpg\",\"width\":1024,\"height\":768},{\"@type\":\"BreadcrumbList\",\"@id\":\"https:\\\/\\\/mula.es\\\/web\\\/educacion-entrega-de-diplomas-a-los-alumnos-participantes-en-la-primera-quincena-de-la-escuela-de-verano-2021\\\/#breadcrumb\",\"itemListElement\":[{\"@type\":\"ListItem\",\"position\":1,\"name\":\"Portada\",\"item\":\"https:\\\/\\\/mula.es\\\/web\\\/\"},{\"@type\":\"ListItem\",\"position\":2,\"name\":\"EDUCACI\u00d3N | Entrega de diplomas a los alumnos participantes en la primera quincena de la Escuela de Verano 2021\"}]},{\"@type\":\"WebSite\",\"@id\":\"https:\\\/\\\/mula.es\\\/web\\\/#website\",\"url\":\"https:\\\/\\\/mula.es\\\/web\\\/\",\"name\":\"Ayuntamiento de Mula\",\"description\":\"P\u00e1gina web del Ayuntamiento de Mula (Regi\u00f3n de Murcia)\",\"potentialAction\":[{\"@type\":\"SearchAction\",\"target\":{\"@type\":\"EntryPoint\",\"urlTemplate\":\"https:\\\/\\\/mula.es\\\/web\\\/?s={search_term_string}\"},\"query-input\":{\"@type\":\"PropertyValueSpecification\",\"valueRequired\":true,\"valueName\":\"search_term_string\"}}],\"inLanguage\":\"es\"},{\"@type\":\"Person\",\"@id\":\"https:\\\/\\\/mula.es\\\/web\\\/#\\\/schema\\\/person\\\/f8d63bd3ab6e7b025268b909b7ab0771\",\"name\":\"Rosario Mart\u00ednez\",\"image\":{\"@type\":\"ImageObject\",\"inLanguage\":\"es\",\"@id\":\"https:\\\/\\\/secure.gravatar.com\\\/avatar\\\/ce916b980ac93e5b1d36e6068357675d4e089a572ebc8789fcb807c2fb2edfef?s=96&d=mm&r=g\",\"url\":\"https:\\\/\\\/secure.gravatar.com\\\/avatar\\\/ce916b980ac93e5b1d36e6068357675d4e089a572ebc8789fcb807c2fb2edfef?s=96&d=mm&r=g\",\"contentUrl\":\"https:\\\/\\\/secure.gravatar.com\\\/avatar\\\/ce916b980ac93e5b1d36e6068357675d4e089a572ebc8789fcb807c2fb2edfef?s=96&d=mm&r=g\",\"caption\":\"Rosario Mart\u00ednez\"},\"url\":\"https:\\\/\\\/mula.es\\\/web\\\/author\\\/rmartinez\\\/\"}]}<\/script>\n<!-- \/ Yoast SEO plugin. -->","yoast_head_json":{"title":"EDUCACI\u00d3N | Entrega de diplomas a los alumnos participantes en la primera quincena de la Escuela de Verano 2021 - Ayuntamiento de Mula","robots":{"index":"index","follow":"follow","max-snippet":"max-snippet:-1","max-image-preview":"max-image-preview:large","max-video-preview":"max-video-preview:-1"},"canonical":"https:\/\/mula.es\/web\/educacion-entrega-de-diplomas-a-los-alumnos-participantes-en-la-primera-quincena-de-la-escuela-de-verano-2021\/","og_locale":"es_ES","og_type":"article","og_title":"EDUCACI\u00d3N | Entrega de diplomas a los alumnos participantes en la primera quincena de la Escuela de Verano 2021 - Ayuntamiento de Mula","og_url":"https:\/\/mula.es\/web\/educacion-entrega-de-diplomas-a-los-alumnos-participantes-en-la-primera-quincena-de-la-escuela-de-verano-2021\/","og_site_name":"Ayuntamiento de Mula","article_published_time":"2021-07-19T06:21:00+00:00","og_image":[{"width":1024,"height":768,"url":"https:\/\/i0.wp.com\/mula.es\/web\/wp-content\/uploads\/2021\/07\/everano1.jpg?fit=1024%2C768&ssl=1","type":"image\/jpeg"}],"author":"Rosario Mart\u00ednez","twitter_card":"summary_large_image","twitter_image":"https:\/\/mula.es\/web\/wp-content\/uploads\/2020\/06\/escudo-cuadrado-e1591045058235.jpg","twitter_creator":"@AyuntamientMula","twitter_site":"@AyuntamientMula","twitter_misc":{"Escrito por":"Rosario Mart\u00ednez","Tiempo de lectura":"2 minutos"},"schema":{"@context":"https:\/\/schema.org","@graph":[{"@type":"Article","@id":"https:\/\/mula.es\/web\/educacion-entrega-de-diplomas-a-los-alumnos-participantes-en-la-primera-quincena-de-la-escuela-de-verano-2021\/#article","isPartOf":{"@id":"https:\/\/mula.es\/web\/educacion-entrega-de-diplomas-a-los-alumnos-participantes-en-la-primera-quincena-de-la-escuela-de-verano-2021\/"},"author":{"name":"Rosario Mart\u00ednez","@id":"https:\/\/mula.es\/web\/#\/schema\/person\/f8d63bd3ab6e7b025268b909b7ab0771"},"headline":"EDUCACI\u00d3N | Entrega de diplomas a los alumnos participantes en la primera quincena de la Escuela de Verano 2021","datePublished":"2021-07-19T06:21:00+00:00","mainEntityOfPage":{"@id":"https:\/\/mula.es\/web\/educacion-entrega-de-diplomas-a-los-alumnos-participantes-en-la-primera-quincena-de-la-escuela-de-verano-2021\/"},"wordCount":565,"image":{"@id":"https:\/\/mula.es\/web\/educacion-entrega-de-diplomas-a-los-alumnos-participantes-en-la-primera-quincena-de-la-escuela-de-verano-2021\/#primaryimage"},"thumbnailUrl":"https:\/\/mula.es\/web\/wp-content\/uploads\/2021\/07\/everano1.jpg","keywords":["escuela municipal de verano"],"articleSection":["educaci\u00f3n"],"inLanguage":"es"},{"@type":"WebPage","@id":"https:\/\/mula.es\/web\/educacion-entrega-de-diplomas-a-los-alumnos-participantes-en-la-primera-quincena-de-la-escuela-de-verano-2021\/","url":"https:\/\/mula.es\/web\/educacion-entrega-de-diplomas-a-los-alumnos-participantes-en-la-primera-quincena-de-la-escuela-de-verano-2021\/","name":"EDUCACI\u00d3N | Entrega de diplomas a los alumnos participantes en la primera quincena de la Escuela de Verano 2021 - Ayuntamiento de Mula","isPartOf":{"@id":"https:\/\/mula.es\/web\/#website"},"primaryImageOfPage":{"@id":"https:\/\/mula.es\/web\/educacion-entrega-de-diplomas-a-los-alumnos-participantes-en-la-primera-quincena-de-la-escuela-de-verano-2021\/#primaryimage"},"image":{"@id":"https:\/\/mula.es\/web\/educacion-entrega-de-diplomas-a-los-alumnos-participantes-en-la-primera-quincena-de-la-escuela-de-verano-2021\/#primaryimage"},"thumbnailUrl":"https:\/\/mula.es\/web\/wp-content\/uploads\/2021\/07\/everano1.jpg","datePublished":"2021-07-19T06:21:00+00:00","author":{"@id":"https:\/\/mula.es\/web\/#\/schema\/person\/f8d63bd3ab6e7b025268b909b7ab0771"},"breadcrumb":{"@id":"https:\/\/mula.es\/web\/educacion-entrega-de-diplomas-a-los-alumnos-participantes-en-la-primera-quincena-de-la-escuela-de-verano-2021\/#breadcrumb"},"inLanguage":"es","potentialAction":[{"@type":"ReadAction","target":["https:\/\/mula.es\/web\/educacion-entrega-de-diplomas-a-los-alumnos-participantes-en-la-primera-quincena-de-la-escuela-de-verano-2021\/"]}]},{"@type":"ImageObject","inLanguage":"es","@id":"https:\/\/mula.es\/web\/educacion-entrega-de-diplomas-a-los-alumnos-participantes-en-la-primera-quincena-de-la-escuela-de-verano-2021\/#primaryimage","url":"https:\/\/mula.es\/web\/wp-content\/uploads\/2021\/07\/everano1.jpg","contentUrl":"https:\/\/mula.es\/web\/wp-content\/uploads\/2021\/07\/everano1.jpg","width":1024,"height":768},{"@type":"BreadcrumbList","@id":"https:\/\/mula.es\/web\/educacion-entrega-de-diplomas-a-los-alumnos-participantes-en-la-primera-quincena-de-la-escuela-de-verano-2021\/#breadcrumb","itemListElement":[{"@type":"ListItem","position":1,"name":"Portada","item":"https:\/\/mula.es\/web\/"},{"@type":"ListItem","position":2,"name":"EDUCACI\u00d3N | Entrega de diplomas a los alumnos participantes en la primera quincena de la Escuela de Verano 2021"}]},{"@type":"WebSite","@id":"https:\/\/mula.es\/web\/#website","url":"https:\/\/mula.es\/web\/","name":"Ayuntamiento de Mula","description":"P\u00e1gina web del Ayuntamiento de Mula (Regi\u00f3n de Murcia)","potentialAction":[{"@type":"SearchAction","target":{"@type":"EntryPoint","urlTemplate":"https:\/\/mula.es\/web\/?s={search_term_string}"},"query-input":{"@type":"PropertyValueSpecification","valueRequired":true,"valueName":"search_term_string"}}],"inLanguage":"es"},{"@type":"Person","@id":"https:\/\/mula.es\/web\/#\/schema\/person\/f8d63bd3ab6e7b025268b909b7ab0771","name":"Rosario Mart\u00ednez","image":{"@type":"ImageObject","inLanguage":"es","@id":"https:\/\/secure.gravatar.com\/avatar\/ce916b980ac93e5b1d36e6068357675d4e089a572ebc8789fcb807c2fb2edfef?s=96&d=mm&r=g","url":"https:\/\/secure.gravatar.com\/avatar\/ce916b980ac93e5b1d36e6068357675d4e089a572ebc8789fcb807c2fb2edfef?s=96&d=mm&r=g","contentUrl":"https:\/\/secure.gravatar.com\/avatar\/ce916b980ac93e5b1d36e6068357675d4e089a572ebc8789fcb807c2fb2edfef?s=96&d=mm&r=g","caption":"Rosario Mart\u00ednez"},"url":"https:\/\/mula.es\/web\/author\/rmartinez\/"}]}},"jetpack_publicize_connections":[],"jetpack_featured_media_url":"https:\/\/mula.es\/web\/wp-content\/uploads\/2021\/07\/everano1.jpg","jetpack_sharing_enabled":true,"jetpack_shortlink":"https:\/\/wp.me\/pa9DMY-aOg","jetpack-related-posts":[],"_links":{"self":[{"href":"https:\/\/mula.es\/web\/wp-json\/wp\/v2\/posts\/41556","targetHints":{"allow":["GET"]}}],"collection":[{"href":"https:\/\/mula.es\/web\/wp-json\/wp\/v2\/posts"}],"about":[{"href":"https:\/\/mula.es\/web\/wp-json\/wp\/v2\/types\/post"}],"author":[{"embeddable":true,"href":"https:\/\/mula.es\/web\/wp-json\/wp\/v2\/users\/9"}],"replies":[{"embeddable":true,"href":"https:\/\/mula.es\/web\/wp-json\/wp\/v2\/comments?post=41556"}],"version-history":[{"count":1,"href":"https:\/\/mula.es\/web\/wp-json\/wp\/v2\/posts\/41556\/revisions"}],"predecessor-version":[{"id":41561,"href":"https:\/\/mula.es\/web\/wp-json\/wp\/v2\/posts\/41556\/revisions\/41561"}],"wp:featuredmedia":[{"embeddable":true,"href":"https:\/\/mula.es\/web\/wp-json\/wp\/v2\/media\/41557"}],"wp:attachment":[{"href":"https:\/\/mula.es\/web\/wp-json\/wp\/v2\/media?parent=41556"}],"wp:term":[{"taxonomy":"category","embeddable":true,"href":"https:\/\/mula.es\/web\/wp-json\/wp\/v2\/categories?post=41556"},{"taxonomy":"post_tag","embeddable":true,"href":"https:\/\/mula.es\/web\/wp-json\/wp\/v2\/tags?post=41556"}],"curies":[{"name":"wp","href":"https:\/\/api.w.org\/{rel}","templated":true}]}}