{"id":41804,"date":"2021-08-23T11:31:49","date_gmt":"2021-08-23T09:31:49","guid":{"rendered":"https:\/\/mula.es\/web\/?p=41804"},"modified":"2021-08-23T11:31:49","modified_gmt":"2021-08-23T09:31:49","slug":"turismo-el-municipio-de-mula-formara-parte-de-la-programacion-de-7rm-durante-toda-la-semana","status":"publish","type":"post","link":"https:\/\/mula.es\/web\/turismo-el-municipio-de-mula-formara-parte-de-la-programacion-de-7rm-durante-toda-la-semana\/","title":{"rendered":"TURISMO | El municipio de Mula formar\u00e1 parte de la programaci\u00f3n de 7RM durante toda la semana"},"content":{"rendered":"<p style=\"text-align: justify;\">A trav\u00e9s de entrevistas y reportajes diversos se mostrar\u00e1n todos los recursos tur\u00edsticos y patrimoniales, las tradiciones y costumbres y la oferta de ocio, gastronom\u00eda, aguas termales y naturaleza<\/p>\n<p style=\"text-align: justify;\">Mula estar\u00e1 presente de lunes a viernes en los programas \u2018Qu\u00e9date conmigo\u2019 y \u2018Murcia conecta\u2019, dos de los magazines con mayor audiencia de la cadena<\/p>\n<p style=\"text-align: justify;\">El municipio de Mula con sus recursos tur\u00edsticos y patrimoniales, su cultura, tradiciones y sus gentes formar\u00e1n parte de la programaci\u00f3n de la 7RM, la televisi\u00f3n p\u00fablica de la Regi\u00f3n de Murcia, durante toda la semana.<\/p>\n<p style=\"text-align: justify;\">A trav\u00e9s de distintas entrevistas y reportajes, los programas \u2018Qu\u00e9date conmigo\u2019 con Encarna Talavera y \u2018Murcia Conecta\u2019 con Fran S\u00e1ez, centrar\u00e1n gran parte de su programaci\u00f3n al municipio de Mula.<\/p>\n<p style=\"text-align: justify;\">Los programas se emiten de lunes a viernes de 12.00 a 14.00 horas en el caso de \u2018Qu\u00e9date conmigo\u2019 y de 17.00 a 20.00 horas \u2018Murcia conecta\u2019 donde toda la Regi\u00f3n de Murcia y provincias lim\u00edtrofes con acceso al canal podr\u00e1n conocer todos los recursos del municipio y sus costumbres y tradiciones m\u00e1s arraigadas, un impulso m\u00e1s para incentivar la llegada de visitantes para conocer la gran oferta cultural, tur\u00edstica, patrimonial, gastronom\u00eda, aguas termales y de ocio o naturaleza existente en Mula y sus pedan\u00edas.<\/p>\n<p style=\"text-align: justify;\">Para el Ayuntamiento de Mula, desde el \u00e1rea de Turismo, resaltan la gran importancia de poder participar en dos de los programas con mayor audiencia de la cadena unido al trabajo de promoci\u00f3n que se viene realizando desde Mula y que repercutir\u00e1 en seguir mostrando la importancia del municipio y de los recursos disponibles tanto para mule\u00f1os como visitantes.<\/p>\n","protected":false},"excerpt":{"rendered":"<p>A trav\u00e9s de entrevistas y reportajes diversos se mostrar\u00e1n todos los recursos tur\u00edsticos y patrimoniales, las tradiciones y costumbres y la oferta de ocio, gastronom\u00eda, aguas termales y naturaleza Mula estar\u00e1 presente de lunes a viernes en los programas \u2018Qu\u00e9date conmigo\u2019 y \u2018Murcia conecta\u2019, dos de los magazines con mayor audiencia de la cadena El  [&#8230;]<\/p>\n","protected":false},"author":9,"featured_media":41805,"comment_status":"closed","ping_status":"closed","sticky":false,"template":"","format":"standard","meta":{"jetpack_post_was_ever_published":false,"_jetpack_newsletter_access":"","_jetpack_dont_email_post_to_subs":false,"_jetpack_newsletter_tier_id":0,"_jetpack_memberships_contains_paywalled_content":false,"_jetpack_memberships_contains_paid_content":false,"footnotes":"","jetpack_publicize_message":"","jetpack_publicize_feature_enabled":true,"jetpack_social_post_already_shared":false,"jetpack_social_options":{"image_generator_settings":{"template":"highway","default_image_id":0,"font":"","enabled":false},"version":2}},"categories":[75],"tags":[],"class_list":["post-41804","post","type-post","status-publish","format-standard","has-post-thumbnail","hentry","category-turismo"],"yoast_head":"<!-- This site is optimized with the Yoast SEO plugin v27.4 - https:\/\/yoast.com\/product\/yoast-seo-wordpress\/ -->\n<title>TURISMO | El municipio de Mula formar\u00e1 parte de la programaci\u00f3n de 7RM durante toda la semana - Ayuntamiento de Mula<\/title>\n<meta name=\"robots\" content=\"index, follow, max-snippet:-1, max-image-preview:large, max-video-preview:-1\" \/>\n<link rel=\"canonical\" href=\"https:\/\/mula.es\/web\/turismo-el-municipio-de-mula-formara-parte-de-la-programacion-de-7rm-durante-toda-la-semana\/\" \/>\n<meta property=\"og:locale\" content=\"es_ES\" \/>\n<meta property=\"og:type\" content=\"article\" \/>\n<meta property=\"og:title\" content=\"TURISMO | El municipio de Mula formar\u00e1 parte de la programaci\u00f3n de 7RM durante toda la semana - Ayuntamiento de Mula\" \/>\n<meta property=\"og:description\" content=\"A trav\u00e9s de entrevistas y reportajes diversos se mostrar\u00e1n todos los recursos tur\u00edsticos y patrimoniales, las tradiciones y costumbres y la oferta de ocio, gastronom\u00eda, aguas termales y naturaleza Mula estar\u00e1 presente de lunes a viernes en los programas \u2018Qu\u00e9date conmigo\u2019 y \u2018Murcia conecta\u2019, dos de los magazines con mayor audiencia de la cadena El [...]\" \/>\n<meta property=\"og:url\" content=\"https:\/\/mula.es\/web\/turismo-el-municipio-de-mula-formara-parte-de-la-programacion-de-7rm-durante-toda-la-semana\/\" \/>\n<meta property=\"og:site_name\" content=\"Ayuntamiento de Mula\" \/>\n<meta property=\"article:published_time\" content=\"2021-08-23T09:31:49+00:00\" \/>\n<meta property=\"og:image\" content=\"https:\/\/i0.wp.com\/mula.es\/web\/wp-content\/uploads\/2021\/08\/PHOTO-2021-08-23-10-58-24.jpg?fit=967%2C400&ssl=1\" \/>\n\t<meta property=\"og:image:width\" content=\"967\" \/>\n\t<meta property=\"og:image:height\" content=\"400\" \/>\n\t<meta property=\"og:image:type\" content=\"image\/jpeg\" \/>\n<meta name=\"author\" content=\"Rosario Mart\u00ednez\" \/>\n<meta name=\"twitter:card\" content=\"summary_large_image\" \/>\n<meta name=\"twitter:image\" content=\"https:\/\/mula.es\/web\/wp-content\/uploads\/2020\/06\/cropped-escudo-cuadrado.jpg\" \/>\n<meta name=\"twitter:creator\" content=\"@AyuntamientMula\" \/>\n<meta name=\"twitter:site\" content=\"@AyuntamientMula\" \/>\n<meta name=\"twitter:label1\" content=\"Escrito por\" \/>\n\t<meta name=\"twitter:data1\" content=\"Rosario Mart\u00ednez\" \/>\n\t<meta name=\"twitter:label2\" content=\"Tiempo de lectura\" \/>\n\t<meta name=\"twitter:data2\" content=\"2 minutos\" \/>\n<script type=\"application\/ld+json\" class=\"yoast-schema-graph\">{\"@context\":\"https:\\\/\\\/schema.org\",\"@graph\":[{\"@type\":\"Article\",\"@id\":\"https:\\\/\\\/mula.es\\\/web\\\/turismo-el-municipio-de-mula-formara-parte-de-la-programacion-de-7rm-durante-toda-la-semana\\\/#article\",\"isPartOf\":{\"@id\":\"https:\\\/\\\/mula.es\\\/web\\\/turismo-el-municipio-de-mula-formara-parte-de-la-programacion-de-7rm-durante-toda-la-semana\\\/\"},\"author\":{\"name\":\"Rosario Mart\u00ednez\",\"@id\":\"https:\\\/\\\/mula.es\\\/web\\\/#\\\/schema\\\/person\\\/f8d63bd3ab6e7b025268b909b7ab0771\"},\"headline\":\"TURISMO | El municipio de Mula formar\u00e1 parte de la programaci\u00f3n de 7RM durante toda la semana\",\"datePublished\":\"2021-08-23T09:31:49+00:00\",\"mainEntityOfPage\":{\"@id\":\"https:\\\/\\\/mula.es\\\/web\\\/turismo-el-municipio-de-mula-formara-parte-de-la-programacion-de-7rm-durante-toda-la-semana\\\/\"},\"wordCount\":304,\"image\":{\"@id\":\"https:\\\/\\\/mula.es\\\/web\\\/turismo-el-municipio-de-mula-formara-parte-de-la-programacion-de-7rm-durante-toda-la-semana\\\/#primaryimage\"},\"thumbnailUrl\":\"https:\\\/\\\/mula.es\\\/web\\\/wp-content\\\/uploads\\\/2021\\\/08\\\/PHOTO-2021-08-23-10-58-24.jpg\",\"articleSection\":[\"turismo\"],\"inLanguage\":\"es\"},{\"@type\":\"WebPage\",\"@id\":\"https:\\\/\\\/mula.es\\\/web\\\/turismo-el-municipio-de-mula-formara-parte-de-la-programacion-de-7rm-durante-toda-la-semana\\\/\",\"url\":\"https:\\\/\\\/mula.es\\\/web\\\/turismo-el-municipio-de-mula-formara-parte-de-la-programacion-de-7rm-durante-toda-la-semana\\\/\",\"name\":\"TURISMO | El municipio de Mula formar\u00e1 parte de la programaci\u00f3n de 7RM durante toda la semana - Ayuntamiento de Mula\",\"isPartOf\":{\"@id\":\"https:\\\/\\\/mula.es\\\/web\\\/#website\"},\"primaryImageOfPage\":{\"@id\":\"https:\\\/\\\/mula.es\\\/web\\\/turismo-el-municipio-de-mula-formara-parte-de-la-programacion-de-7rm-durante-toda-la-semana\\\/#primaryimage\"},\"image\":{\"@id\":\"https:\\\/\\\/mula.es\\\/web\\\/turismo-el-municipio-de-mula-formara-parte-de-la-programacion-de-7rm-durante-toda-la-semana\\\/#primaryimage\"},\"thumbnailUrl\":\"https:\\\/\\\/mula.es\\\/web\\\/wp-content\\\/uploads\\\/2021\\\/08\\\/PHOTO-2021-08-23-10-58-24.jpg\",\"datePublished\":\"2021-08-23T09:31:49+00:00\",\"author\":{\"@id\":\"https:\\\/\\\/mula.es\\\/web\\\/#\\\/schema\\\/person\\\/f8d63bd3ab6e7b025268b909b7ab0771\"},\"breadcrumb\":{\"@id\":\"https:\\\/\\\/mula.es\\\/web\\\/turismo-el-municipio-de-mula-formara-parte-de-la-programacion-de-7rm-durante-toda-la-semana\\\/#breadcrumb\"},\"inLanguage\":\"es\",\"potentialAction\":[{\"@type\":\"ReadAction\",\"target\":[\"https:\\\/\\\/mula.es\\\/web\\\/turismo-el-municipio-de-mula-formara-parte-de-la-programacion-de-7rm-durante-toda-la-semana\\\/\"]}]},{\"@type\":\"ImageObject\",\"inLanguage\":\"es\",\"@id\":\"https:\\\/\\\/mula.es\\\/web\\\/turismo-el-municipio-de-mula-formara-parte-de-la-programacion-de-7rm-durante-toda-la-semana\\\/#primaryimage\",\"url\":\"https:\\\/\\\/mula.es\\\/web\\\/wp-content\\\/uploads\\\/2021\\\/08\\\/PHOTO-2021-08-23-10-58-24.jpg\",\"contentUrl\":\"https:\\\/\\\/mula.es\\\/web\\\/wp-content\\\/uploads\\\/2021\\\/08\\\/PHOTO-2021-08-23-10-58-24.jpg\",\"width\":967,\"height\":400},{\"@type\":\"BreadcrumbList\",\"@id\":\"https:\\\/\\\/mula.es\\\/web\\\/turismo-el-municipio-de-mula-formara-parte-de-la-programacion-de-7rm-durante-toda-la-semana\\\/#breadcrumb\",\"itemListElement\":[{\"@type\":\"ListItem\",\"position\":1,\"name\":\"Portada\",\"item\":\"https:\\\/\\\/mula.es\\\/web\\\/\"},{\"@type\":\"ListItem\",\"position\":2,\"name\":\"TURISMO | El municipio de Mula formar\u00e1 parte de la programaci\u00f3n de 7RM durante toda la semana\"}]},{\"@type\":\"WebSite\",\"@id\":\"https:\\\/\\\/mula.es\\\/web\\\/#website\",\"url\":\"https:\\\/\\\/mula.es\\\/web\\\/\",\"name\":\"Ayuntamiento de Mula\",\"description\":\"P\u00e1gina web del Ayuntamiento de Mula (Regi\u00f3n de Murcia)\",\"potentialAction\":[{\"@type\":\"SearchAction\",\"target\":{\"@type\":\"EntryPoint\",\"urlTemplate\":\"https:\\\/\\\/mula.es\\\/web\\\/?s={search_term_string}\"},\"query-input\":{\"@type\":\"PropertyValueSpecification\",\"valueRequired\":true,\"valueName\":\"search_term_string\"}}],\"inLanguage\":\"es\"},{\"@type\":\"Person\",\"@id\":\"https:\\\/\\\/mula.es\\\/web\\\/#\\\/schema\\\/person\\\/f8d63bd3ab6e7b025268b909b7ab0771\",\"name\":\"Rosario Mart\u00ednez\",\"image\":{\"@type\":\"ImageObject\",\"inLanguage\":\"es\",\"@id\":\"https:\\\/\\\/secure.gravatar.com\\\/avatar\\\/ce916b980ac93e5b1d36e6068357675d4e089a572ebc8789fcb807c2fb2edfef?s=96&d=mm&r=g\",\"url\":\"https:\\\/\\\/secure.gravatar.com\\\/avatar\\\/ce916b980ac93e5b1d36e6068357675d4e089a572ebc8789fcb807c2fb2edfef?s=96&d=mm&r=g\",\"contentUrl\":\"https:\\\/\\\/secure.gravatar.com\\\/avatar\\\/ce916b980ac93e5b1d36e6068357675d4e089a572ebc8789fcb807c2fb2edfef?s=96&d=mm&r=g\",\"caption\":\"Rosario Mart\u00ednez\"},\"url\":\"https:\\\/\\\/mula.es\\\/web\\\/author\\\/rmartinez\\\/\"}]}<\/script>\n<!-- \/ Yoast SEO plugin. -->","yoast_head_json":{"title":"TURISMO | El municipio de Mula formar\u00e1 parte de la programaci\u00f3n de 7RM durante toda la semana - Ayuntamiento de Mula","robots":{"index":"index","follow":"follow","max-snippet":"max-snippet:-1","max-image-preview":"max-image-preview:large","max-video-preview":"max-video-preview:-1"},"canonical":"https:\/\/mula.es\/web\/turismo-el-municipio-de-mula-formara-parte-de-la-programacion-de-7rm-durante-toda-la-semana\/","og_locale":"es_ES","og_type":"article","og_title":"TURISMO | El municipio de Mula formar\u00e1 parte de la programaci\u00f3n de 7RM durante toda la semana - Ayuntamiento de Mula","og_description":"A trav\u00e9s de entrevistas y reportajes diversos se mostrar\u00e1n todos los recursos tur\u00edsticos y patrimoniales, las tradiciones y costumbres y la oferta de ocio, gastronom\u00eda, aguas termales y naturaleza Mula estar\u00e1 presente de lunes a viernes en los programas \u2018Qu\u00e9date conmigo\u2019 y \u2018Murcia conecta\u2019, dos de los magazines con mayor audiencia de la cadena El [...]","og_url":"https:\/\/mula.es\/web\/turismo-el-municipio-de-mula-formara-parte-de-la-programacion-de-7rm-durante-toda-la-semana\/","og_site_name":"Ayuntamiento de Mula","article_published_time":"2021-08-23T09:31:49+00:00","og_image":[{"width":967,"height":400,"url":"https:\/\/i0.wp.com\/mula.es\/web\/wp-content\/uploads\/2021\/08\/PHOTO-2021-08-23-10-58-24.jpg?fit=967%2C400&ssl=1","type":"image\/jpeg"}],"author":"Rosario Mart\u00ednez","twitter_card":"summary_large_image","twitter_image":"https:\/\/mula.es\/web\/wp-content\/uploads\/2020\/06\/cropped-escudo-cuadrado.jpg","twitter_creator":"@AyuntamientMula","twitter_site":"@AyuntamientMula","twitter_misc":{"Escrito por":"Rosario Mart\u00ednez","Tiempo de lectura":"2 minutos"},"schema":{"@context":"https:\/\/schema.org","@graph":[{"@type":"Article","@id":"https:\/\/mula.es\/web\/turismo-el-municipio-de-mula-formara-parte-de-la-programacion-de-7rm-durante-toda-la-semana\/#article","isPartOf":{"@id":"https:\/\/mula.es\/web\/turismo-el-municipio-de-mula-formara-parte-de-la-programacion-de-7rm-durante-toda-la-semana\/"},"author":{"name":"Rosario Mart\u00ednez","@id":"https:\/\/mula.es\/web\/#\/schema\/person\/f8d63bd3ab6e7b025268b909b7ab0771"},"headline":"TURISMO | El municipio de Mula formar\u00e1 parte de la programaci\u00f3n de 7RM durante toda la semana","datePublished":"2021-08-23T09:31:49+00:00","mainEntityOfPage":{"@id":"https:\/\/mula.es\/web\/turismo-el-municipio-de-mula-formara-parte-de-la-programacion-de-7rm-durante-toda-la-semana\/"},"wordCount":304,"image":{"@id":"https:\/\/mula.es\/web\/turismo-el-municipio-de-mula-formara-parte-de-la-programacion-de-7rm-durante-toda-la-semana\/#primaryimage"},"thumbnailUrl":"https:\/\/mula.es\/web\/wp-content\/uploads\/2021\/08\/PHOTO-2021-08-23-10-58-24.jpg","articleSection":["turismo"],"inLanguage":"es"},{"@type":"WebPage","@id":"https:\/\/mula.es\/web\/turismo-el-municipio-de-mula-formara-parte-de-la-programacion-de-7rm-durante-toda-la-semana\/","url":"https:\/\/mula.es\/web\/turismo-el-municipio-de-mula-formara-parte-de-la-programacion-de-7rm-durante-toda-la-semana\/","name":"TURISMO | El municipio de Mula formar\u00e1 parte de la programaci\u00f3n de 7RM durante toda la semana - Ayuntamiento de Mula","isPartOf":{"@id":"https:\/\/mula.es\/web\/#website"},"primaryImageOfPage":{"@id":"https:\/\/mula.es\/web\/turismo-el-municipio-de-mula-formara-parte-de-la-programacion-de-7rm-durante-toda-la-semana\/#primaryimage"},"image":{"@id":"https:\/\/mula.es\/web\/turismo-el-municipio-de-mula-formara-parte-de-la-programacion-de-7rm-durante-toda-la-semana\/#primaryimage"},"thumbnailUrl":"https:\/\/mula.es\/web\/wp-content\/uploads\/2021\/08\/PHOTO-2021-08-23-10-58-24.jpg","datePublished":"2021-08-23T09:31:49+00:00","author":{"@id":"https:\/\/mula.es\/web\/#\/schema\/person\/f8d63bd3ab6e7b025268b909b7ab0771"},"breadcrumb":{"@id":"https:\/\/mula.es\/web\/turismo-el-municipio-de-mula-formara-parte-de-la-programacion-de-7rm-durante-toda-la-semana\/#breadcrumb"},"inLanguage":"es","potentialAction":[{"@type":"ReadAction","target":["https:\/\/mula.es\/web\/turismo-el-municipio-de-mula-formara-parte-de-la-programacion-de-7rm-durante-toda-la-semana\/"]}]},{"@type":"ImageObject","inLanguage":"es","@id":"https:\/\/mula.es\/web\/turismo-el-municipio-de-mula-formara-parte-de-la-programacion-de-7rm-durante-toda-la-semana\/#primaryimage","url":"https:\/\/mula.es\/web\/wp-content\/uploads\/2021\/08\/PHOTO-2021-08-23-10-58-24.jpg","contentUrl":"https:\/\/mula.es\/web\/wp-content\/uploads\/2021\/08\/PHOTO-2021-08-23-10-58-24.jpg","width":967,"height":400},{"@type":"BreadcrumbList","@id":"https:\/\/mula.es\/web\/turismo-el-municipio-de-mula-formara-parte-de-la-programacion-de-7rm-durante-toda-la-semana\/#breadcrumb","itemListElement":[{"@type":"ListItem","position":1,"name":"Portada","item":"https:\/\/mula.es\/web\/"},{"@type":"ListItem","position":2,"name":"TURISMO | El municipio de Mula formar\u00e1 parte de la programaci\u00f3n de 7RM durante toda la semana"}]},{"@type":"WebSite","@id":"https:\/\/mula.es\/web\/#website","url":"https:\/\/mula.es\/web\/","name":"Ayuntamiento de Mula","description":"P\u00e1gina web del Ayuntamiento de Mula (Regi\u00f3n de Murcia)","potentialAction":[{"@type":"SearchAction","target":{"@type":"EntryPoint","urlTemplate":"https:\/\/mula.es\/web\/?s={search_term_string}"},"query-input":{"@type":"PropertyValueSpecification","valueRequired":true,"valueName":"search_term_string"}}],"inLanguage":"es"},{"@type":"Person","@id":"https:\/\/mula.es\/web\/#\/schema\/person\/f8d63bd3ab6e7b025268b909b7ab0771","name":"Rosario Mart\u00ednez","image":{"@type":"ImageObject","inLanguage":"es","@id":"https:\/\/secure.gravatar.com\/avatar\/ce916b980ac93e5b1d36e6068357675d4e089a572ebc8789fcb807c2fb2edfef?s=96&d=mm&r=g","url":"https:\/\/secure.gravatar.com\/avatar\/ce916b980ac93e5b1d36e6068357675d4e089a572ebc8789fcb807c2fb2edfef?s=96&d=mm&r=g","contentUrl":"https:\/\/secure.gravatar.com\/avatar\/ce916b980ac93e5b1d36e6068357675d4e089a572ebc8789fcb807c2fb2edfef?s=96&d=mm&r=g","caption":"Rosario Mart\u00ednez"},"url":"https:\/\/mula.es\/web\/author\/rmartinez\/"}]}},"jetpack_publicize_connections":[],"jetpack_featured_media_url":"https:\/\/mula.es\/web\/wp-content\/uploads\/2021\/08\/PHOTO-2021-08-23-10-58-24.jpg","jetpack_sharing_enabled":true,"jetpack_shortlink":"https:\/\/wp.me\/pa9DMY-aSg","jetpack-related-posts":[],"_links":{"self":[{"href":"https:\/\/mula.es\/web\/wp-json\/wp\/v2\/posts\/41804","targetHints":{"allow":["GET"]}}],"collection":[{"href":"https:\/\/mula.es\/web\/wp-json\/wp\/v2\/posts"}],"about":[{"href":"https:\/\/mula.es\/web\/wp-json\/wp\/v2\/types\/post"}],"author":[{"embeddable":true,"href":"https:\/\/mula.es\/web\/wp-json\/wp\/v2\/users\/9"}],"replies":[{"embeddable":true,"href":"https:\/\/mula.es\/web\/wp-json\/wp\/v2\/comments?post=41804"}],"version-history":[{"count":1,"href":"https:\/\/mula.es\/web\/wp-json\/wp\/v2\/posts\/41804\/revisions"}],"predecessor-version":[{"id":41806,"href":"https:\/\/mula.es\/web\/wp-json\/wp\/v2\/posts\/41804\/revisions\/41806"}],"wp:featuredmedia":[{"embeddable":true,"href":"https:\/\/mula.es\/web\/wp-json\/wp\/v2\/media\/41805"}],"wp:attachment":[{"href":"https:\/\/mula.es\/web\/wp-json\/wp\/v2\/media?parent=41804"}],"wp:term":[{"taxonomy":"category","embeddable":true,"href":"https:\/\/mula.es\/web\/wp-json\/wp\/v2\/categories?post=41804"},{"taxonomy":"post_tag","embeddable":true,"href":"https:\/\/mula.es\/web\/wp-json\/wp\/v2\/tags?post=41804"}],"curies":[{"name":"wp","href":"https:\/\/api.w.org\/{rel}","templated":true}]}}