{"id":41808,"date":"2021-08-24T12:11:47","date_gmt":"2021-08-24T10:11:47","guid":{"rendered":"https:\/\/mula.es\/web\/?p=41808"},"modified":"2021-08-24T12:11:47","modified_gmt":"2021-08-24T10:11:47","slug":"cultura-dan-comienzo-los-talleres-musicales-de-percusion-barrios-medievales","status":"publish","type":"post","link":"https:\/\/mula.es\/web\/cultura-dan-comienzo-los-talleres-musicales-de-percusion-barrios-medievales\/","title":{"rendered":"CULTURA | Dan comienzo los talleres musicales de percusi\u00f3n Barrios Medievales"},"content":{"rendered":"<div class=\"fusion-fullwidth fullwidth-box fusion-builder-row-1 fusion-flex-container nonhundred-percent-fullwidth non-hundred-percent-height-scrolling\" style=\"--awb-border-radius-top-left:0px;--awb-border-radius-top-right:0px;--awb-border-radius-bottom-right:0px;--awb-border-radius-bottom-left:0px;--awb-flex-wrap:wrap;\" ><div class=\"fusion-builder-row fusion-row fusion-flex-align-items-flex-start fusion-flex-content-wrap\" style=\"max-width:1144px;margin-left: calc(-4% \/ 2 );margin-right: calc(-4% \/ 2 );\"><div class=\"fusion-layout-column fusion_builder_column fusion-builder-column-0 fusion_builder_column_1_1 1_1 fusion-flex-column\" style=\"--awb-bg-size:cover;--awb-width-large:100%;--awb-margin-top-large:0px;--awb-spacing-right-large:1.92%;--awb-margin-bottom-large:0px;--awb-spacing-left-large:1.92%;--awb-width-medium:100%;--awb-spacing-right-medium:1.92%;--awb-spacing-left-medium:1.92%;--awb-width-small:100%;--awb-spacing-right-small:1.92%;--awb-spacing-left-small:1.92%;\"><div class=\"fusion-column-wrapper fusion-flex-justify-content-flex-start fusion-content-layout-column\"><div class=\"fusion-text fusion-text-1\"><p style=\"text-align: justify;\">El barrio de El Pontarr\u00f3n acog\u00eda la primera de estas actividades donde vecinos de la zona pudieron disfrutar de una tarde llena de m\u00fasica y propuestas diferenciadoras<\/p>\n<p style=\"text-align: justify;\">El alcalde de Mula resaltaba el inter\u00e9s de que estas actividades puedan tener continuidad seg\u00fan la demanda de los vecinos<\/p>\n<p style=\"text-align: justify;\">El barrio de los Molinos acoger\u00e1 esta misma actividad el mi\u00e9rcoles a partir de las 19.30 horas<\/p>\n<p style=\"text-align: justify;\">24.08.21 Dan comienzo los Talleres Musicales de Percusi\u00f3n Barrios Medievales que desarrolla la Agrupaci\u00f3n Musical Mule\u00f1a junto al Ayuntamiento de Mula en los barrios de El Pontarr\u00f3n y Los Molinos enmarcado dentro del programa de regeneraci\u00f3n urbana Kair\u00f3s.<\/p>\n<p style=\"text-align: justify;\">Los talleres se prolongar\u00e1n este mi\u00e9rcoles 25 (barrio de los Molinos), el viernes 27 de agosto (Pontarr\u00f3n) y el lunes 30 de agosto Los Molinos) a partir de las 19.30 de forma gratuita y recomendando inscripci\u00f3n en el whatsapp 606 51 20 10 para los participantes.<\/p>\n<p style=\"text-align: justify;\">La actividad desarrollada este lunes en El Pontarr\u00f3n cont\u00f3 con una importante participaci\u00f3n de vecinos de ese barrio. Al acto asist\u00eda, adem\u00e1s, el alcalde de Mula, Juan Jes\u00fas Moreno, acompa\u00f1ado por los concejales de Cultura, Diego Boluda, Pol\u00edtica Social, Antonia Gabarr\u00f3n, y Desarrollo Local, Vicente L\u00f3pez.<\/p>\n<p style=\"text-align: justify;\">Durante la tarde, ni\u00f1os y mayores pudieron disfrutar de la m\u00fasica y pasar una velada diferente y llena de oportunidades.<\/p>\n<p style=\"text-align: justify;\">A trav\u00e9s de estos talleres se pretende promover la actividad sociocultural, utilizar la m\u00fasica y cultura como mecanismo dinamizador de la zona y de inclusi\u00f3n social.<\/p>\n<p style=\"text-align: justify;\">Juan Jes\u00fas Moreno resaltaba la satisfacci\u00f3n de que se puedan realizar actividades en estos barrios y dinamizar la vida social a trav\u00e9s de propuestas diferenciadoras. \u201cNuestra intenci\u00f3n es que estos talleres puedan perdurar en el tiempo, que puedan tener una continuidad\u201d.<\/p>\n<\/div><div class=\"fusion-text fusion-text-2\"><p><a href=\"https:\/\/mula.es\/web\/wp-content\/uploads\/2021\/08\/talleresmusicales2.jpg\"><img decoding=\"async\" data-attachment-id=\"41810\" data-permalink=\"https:\/\/mula.es\/web\/cultura-dan-comienzo-los-talleres-musicales-de-percusion-barrios-medievales\/talleresmusicales2\/\" data-orig-file=\"https:\/\/mula.es\/web\/wp-content\/uploads\/2021\/08\/talleresmusicales2.jpg\" data-orig-size=\"1080,794\" data-comments-opened=\"0\" data-image-meta=\"\" data-image-title=\"talleresmusicales2\" data-image-description=\"\" data-image-caption=\"\" data-large-file=\"https:\/\/mula.es\/web\/wp-content\/uploads\/2021\/08\/talleresmusicales2-1024x753.jpg\" class=\"size-large wp-image-41810 aligncenter\" src=\"https:\/\/mula.es\/web\/wp-content\/uploads\/2021\/08\/talleresmusicales2-1024x753.jpg\" alt=\"\" width=\"1024\" height=\"753\" srcset=\"https:\/\/mula.es\/web\/wp-content\/uploads\/2021\/08\/talleresmusicales2-200x147.jpg 200w, https:\/\/mula.es\/web\/wp-content\/uploads\/2021\/08\/talleresmusicales2-300x221.jpg 300w, https:\/\/mula.es\/web\/wp-content\/uploads\/2021\/08\/talleresmusicales2-400x294.jpg 400w, https:\/\/mula.es\/web\/wp-content\/uploads\/2021\/08\/talleresmusicales2-600x441.jpg 600w, https:\/\/mula.es\/web\/wp-content\/uploads\/2021\/08\/talleresmusicales2-768x565.jpg 768w, https:\/\/mula.es\/web\/wp-content\/uploads\/2021\/08\/talleresmusicales2-800x588.jpg 800w, https:\/\/mula.es\/web\/wp-content\/uploads\/2021\/08\/talleresmusicales2-1024x753.jpg 1024w, https:\/\/mula.es\/web\/wp-content\/uploads\/2021\/08\/talleresmusicales2.jpg 1080w\" sizes=\"(max-width: 1024px) 100vw, 1024px\" \/><\/a><\/p>\n<\/div><\/div><\/div><\/div><\/div>\n","protected":false},"excerpt":{"rendered":"","protected":false},"author":9,"featured_media":41809,"comment_status":"closed","ping_status":"closed","sticky":false,"template":"","format":"standard","meta":{"jetpack_post_was_ever_published":false,"_jetpack_newsletter_access":"","_jetpack_dont_email_post_to_subs":false,"_jetpack_newsletter_tier_id":0,"_jetpack_memberships_contains_paywalled_content":false,"_jetpack_memberships_contains_paid_content":false,"footnotes":"","jetpack_publicize_message":"","jetpack_publicize_feature_enabled":true,"jetpack_social_post_already_shared":false,"jetpack_social_options":{"image_generator_settings":{"template":"highway","default_image_id":0,"font":"","enabled":false},"version":2}},"categories":[97],"tags":[],"class_list":["post-41808","post","type-post","status-publish","format-standard","has-post-thumbnail","hentry","category-cultura"],"yoast_head":"<!-- This site is optimized with the Yoast SEO plugin v27.4 - https:\/\/yoast.com\/product\/yoast-seo-wordpress\/ -->\n<title>CULTURA | Dan comienzo los talleres musicales de percusi\u00f3n Barrios Medievales - Ayuntamiento de Mula<\/title>\n<meta name=\"robots\" content=\"index, follow, max-snippet:-1, max-image-preview:large, max-video-preview:-1\" \/>\n<link rel=\"canonical\" href=\"https:\/\/mula.es\/web\/cultura-dan-comienzo-los-talleres-musicales-de-percusion-barrios-medievales\/\" \/>\n<meta property=\"og:locale\" content=\"es_ES\" \/>\n<meta property=\"og:type\" content=\"article\" \/>\n<meta property=\"og:title\" content=\"CULTURA | Dan comienzo los talleres musicales de percusi\u00f3n Barrios Medievales - Ayuntamiento de Mula\" \/>\n<meta property=\"og:url\" content=\"https:\/\/mula.es\/web\/cultura-dan-comienzo-los-talleres-musicales-de-percusion-barrios-medievales\/\" \/>\n<meta property=\"og:site_name\" content=\"Ayuntamiento de Mula\" \/>\n<meta property=\"article:published_time\" content=\"2021-08-24T10:11:47+00:00\" \/>\n<meta property=\"og:image\" content=\"https:\/\/i0.wp.com\/mula.es\/web\/wp-content\/uploads\/2021\/08\/talleresmusicales1.jpg?fit=1076%2C766&ssl=1\" \/>\n\t<meta property=\"og:image:width\" content=\"1076\" \/>\n\t<meta property=\"og:image:height\" content=\"766\" \/>\n\t<meta property=\"og:image:type\" content=\"image\/jpeg\" \/>\n<meta name=\"author\" content=\"Rosario Mart\u00ednez\" \/>\n<meta name=\"twitter:card\" content=\"summary_large_image\" \/>\n<meta name=\"twitter:image\" content=\"https:\/\/mula.es\/web\/wp-content\/uploads\/2020\/06\/cropped-escudo-cuadrado.jpg\" \/>\n<meta name=\"twitter:creator\" content=\"@AyuntamientMula\" \/>\n<meta name=\"twitter:site\" content=\"@AyuntamientMula\" \/>\n<meta name=\"twitter:label1\" content=\"Escrito por\" \/>\n\t<meta name=\"twitter:data1\" content=\"Rosario Mart\u00ednez\" \/>\n\t<meta name=\"twitter:label2\" content=\"Tiempo de lectura\" \/>\n\t<meta name=\"twitter:data2\" content=\"2 minutos\" \/>\n<script type=\"application\/ld+json\" class=\"yoast-schema-graph\">{\"@context\":\"https:\\\/\\\/schema.org\",\"@graph\":[{\"@type\":\"Article\",\"@id\":\"https:\\\/\\\/mula.es\\\/web\\\/cultura-dan-comienzo-los-talleres-musicales-de-percusion-barrios-medievales\\\/#article\",\"isPartOf\":{\"@id\":\"https:\\\/\\\/mula.es\\\/web\\\/cultura-dan-comienzo-los-talleres-musicales-de-percusion-barrios-medievales\\\/\"},\"author\":{\"name\":\"Rosario Mart\u00ednez\",\"@id\":\"https:\\\/\\\/mula.es\\\/web\\\/#\\\/schema\\\/person\\\/f8d63bd3ab6e7b025268b909b7ab0771\"},\"headline\":\"CULTURA | Dan comienzo los talleres musicales de percusi\u00f3n Barrios Medievales\",\"datePublished\":\"2021-08-24T10:11:47+00:00\",\"mainEntityOfPage\":{\"@id\":\"https:\\\/\\\/mula.es\\\/web\\\/cultura-dan-comienzo-los-talleres-musicales-de-percusion-barrios-medievales\\\/\"},\"wordCount\":559,\"image\":{\"@id\":\"https:\\\/\\\/mula.es\\\/web\\\/cultura-dan-comienzo-los-talleres-musicales-de-percusion-barrios-medievales\\\/#primaryimage\"},\"thumbnailUrl\":\"https:\\\/\\\/mula.es\\\/web\\\/wp-content\\\/uploads\\\/2021\\\/08\\\/talleresmusicales1.jpg\",\"articleSection\":[\"cultura\"],\"inLanguage\":\"es\"},{\"@type\":\"WebPage\",\"@id\":\"https:\\\/\\\/mula.es\\\/web\\\/cultura-dan-comienzo-los-talleres-musicales-de-percusion-barrios-medievales\\\/\",\"url\":\"https:\\\/\\\/mula.es\\\/web\\\/cultura-dan-comienzo-los-talleres-musicales-de-percusion-barrios-medievales\\\/\",\"name\":\"CULTURA | Dan comienzo los talleres musicales de percusi\u00f3n Barrios Medievales - Ayuntamiento de Mula\",\"isPartOf\":{\"@id\":\"https:\\\/\\\/mula.es\\\/web\\\/#website\"},\"primaryImageOfPage\":{\"@id\":\"https:\\\/\\\/mula.es\\\/web\\\/cultura-dan-comienzo-los-talleres-musicales-de-percusion-barrios-medievales\\\/#primaryimage\"},\"image\":{\"@id\":\"https:\\\/\\\/mula.es\\\/web\\\/cultura-dan-comienzo-los-talleres-musicales-de-percusion-barrios-medievales\\\/#primaryimage\"},\"thumbnailUrl\":\"https:\\\/\\\/mula.es\\\/web\\\/wp-content\\\/uploads\\\/2021\\\/08\\\/talleresmusicales1.jpg\",\"datePublished\":\"2021-08-24T10:11:47+00:00\",\"author\":{\"@id\":\"https:\\\/\\\/mula.es\\\/web\\\/#\\\/schema\\\/person\\\/f8d63bd3ab6e7b025268b909b7ab0771\"},\"breadcrumb\":{\"@id\":\"https:\\\/\\\/mula.es\\\/web\\\/cultura-dan-comienzo-los-talleres-musicales-de-percusion-barrios-medievales\\\/#breadcrumb\"},\"inLanguage\":\"es\",\"potentialAction\":[{\"@type\":\"ReadAction\",\"target\":[\"https:\\\/\\\/mula.es\\\/web\\\/cultura-dan-comienzo-los-talleres-musicales-de-percusion-barrios-medievales\\\/\"]}]},{\"@type\":\"ImageObject\",\"inLanguage\":\"es\",\"@id\":\"https:\\\/\\\/mula.es\\\/web\\\/cultura-dan-comienzo-los-talleres-musicales-de-percusion-barrios-medievales\\\/#primaryimage\",\"url\":\"https:\\\/\\\/mula.es\\\/web\\\/wp-content\\\/uploads\\\/2021\\\/08\\\/talleresmusicales1.jpg\",\"contentUrl\":\"https:\\\/\\\/mula.es\\\/web\\\/wp-content\\\/uploads\\\/2021\\\/08\\\/talleresmusicales1.jpg\",\"width\":1076,\"height\":766},{\"@type\":\"BreadcrumbList\",\"@id\":\"https:\\\/\\\/mula.es\\\/web\\\/cultura-dan-comienzo-los-talleres-musicales-de-percusion-barrios-medievales\\\/#breadcrumb\",\"itemListElement\":[{\"@type\":\"ListItem\",\"position\":1,\"name\":\"Portada\",\"item\":\"https:\\\/\\\/mula.es\\\/web\\\/\"},{\"@type\":\"ListItem\",\"position\":2,\"name\":\"CULTURA | Dan comienzo los talleres musicales de percusi\u00f3n Barrios Medievales\"}]},{\"@type\":\"WebSite\",\"@id\":\"https:\\\/\\\/mula.es\\\/web\\\/#website\",\"url\":\"https:\\\/\\\/mula.es\\\/web\\\/\",\"name\":\"Ayuntamiento de Mula\",\"description\":\"P\u00e1gina web del Ayuntamiento de Mula (Regi\u00f3n de Murcia)\",\"potentialAction\":[{\"@type\":\"SearchAction\",\"target\":{\"@type\":\"EntryPoint\",\"urlTemplate\":\"https:\\\/\\\/mula.es\\\/web\\\/?s={search_term_string}\"},\"query-input\":{\"@type\":\"PropertyValueSpecification\",\"valueRequired\":true,\"valueName\":\"search_term_string\"}}],\"inLanguage\":\"es\"},{\"@type\":\"Person\",\"@id\":\"https:\\\/\\\/mula.es\\\/web\\\/#\\\/schema\\\/person\\\/f8d63bd3ab6e7b025268b909b7ab0771\",\"name\":\"Rosario Mart\u00ednez\",\"image\":{\"@type\":\"ImageObject\",\"inLanguage\":\"es\",\"@id\":\"https:\\\/\\\/secure.gravatar.com\\\/avatar\\\/ce916b980ac93e5b1d36e6068357675d4e089a572ebc8789fcb807c2fb2edfef?s=96&d=mm&r=g\",\"url\":\"https:\\\/\\\/secure.gravatar.com\\\/avatar\\\/ce916b980ac93e5b1d36e6068357675d4e089a572ebc8789fcb807c2fb2edfef?s=96&d=mm&r=g\",\"contentUrl\":\"https:\\\/\\\/secure.gravatar.com\\\/avatar\\\/ce916b980ac93e5b1d36e6068357675d4e089a572ebc8789fcb807c2fb2edfef?s=96&d=mm&r=g\",\"caption\":\"Rosario Mart\u00ednez\"},\"url\":\"https:\\\/\\\/mula.es\\\/web\\\/author\\\/rmartinez\\\/\"}]}<\/script>\n<!-- \/ Yoast SEO plugin. -->","yoast_head_json":{"title":"CULTURA | Dan comienzo los talleres musicales de percusi\u00f3n Barrios Medievales - Ayuntamiento de Mula","robots":{"index":"index","follow":"follow","max-snippet":"max-snippet:-1","max-image-preview":"max-image-preview:large","max-video-preview":"max-video-preview:-1"},"canonical":"https:\/\/mula.es\/web\/cultura-dan-comienzo-los-talleres-musicales-de-percusion-barrios-medievales\/","og_locale":"es_ES","og_type":"article","og_title":"CULTURA | Dan comienzo los talleres musicales de percusi\u00f3n Barrios Medievales - Ayuntamiento de Mula","og_url":"https:\/\/mula.es\/web\/cultura-dan-comienzo-los-talleres-musicales-de-percusion-barrios-medievales\/","og_site_name":"Ayuntamiento de Mula","article_published_time":"2021-08-24T10:11:47+00:00","og_image":[{"width":1076,"height":766,"url":"https:\/\/i0.wp.com\/mula.es\/web\/wp-content\/uploads\/2021\/08\/talleresmusicales1.jpg?fit=1076%2C766&ssl=1","type":"image\/jpeg"}],"author":"Rosario Mart\u00ednez","twitter_card":"summary_large_image","twitter_image":"https:\/\/mula.es\/web\/wp-content\/uploads\/2020\/06\/cropped-escudo-cuadrado.jpg","twitter_creator":"@AyuntamientMula","twitter_site":"@AyuntamientMula","twitter_misc":{"Escrito por":"Rosario Mart\u00ednez","Tiempo de lectura":"2 minutos"},"schema":{"@context":"https:\/\/schema.org","@graph":[{"@type":"Article","@id":"https:\/\/mula.es\/web\/cultura-dan-comienzo-los-talleres-musicales-de-percusion-barrios-medievales\/#article","isPartOf":{"@id":"https:\/\/mula.es\/web\/cultura-dan-comienzo-los-talleres-musicales-de-percusion-barrios-medievales\/"},"author":{"name":"Rosario Mart\u00ednez","@id":"https:\/\/mula.es\/web\/#\/schema\/person\/f8d63bd3ab6e7b025268b909b7ab0771"},"headline":"CULTURA | Dan comienzo los talleres musicales de percusi\u00f3n Barrios Medievales","datePublished":"2021-08-24T10:11:47+00:00","mainEntityOfPage":{"@id":"https:\/\/mula.es\/web\/cultura-dan-comienzo-los-talleres-musicales-de-percusion-barrios-medievales\/"},"wordCount":559,"image":{"@id":"https:\/\/mula.es\/web\/cultura-dan-comienzo-los-talleres-musicales-de-percusion-barrios-medievales\/#primaryimage"},"thumbnailUrl":"https:\/\/mula.es\/web\/wp-content\/uploads\/2021\/08\/talleresmusicales1.jpg","articleSection":["cultura"],"inLanguage":"es"},{"@type":"WebPage","@id":"https:\/\/mula.es\/web\/cultura-dan-comienzo-los-talleres-musicales-de-percusion-barrios-medievales\/","url":"https:\/\/mula.es\/web\/cultura-dan-comienzo-los-talleres-musicales-de-percusion-barrios-medievales\/","name":"CULTURA | Dan comienzo los talleres musicales de percusi\u00f3n Barrios Medievales - Ayuntamiento de Mula","isPartOf":{"@id":"https:\/\/mula.es\/web\/#website"},"primaryImageOfPage":{"@id":"https:\/\/mula.es\/web\/cultura-dan-comienzo-los-talleres-musicales-de-percusion-barrios-medievales\/#primaryimage"},"image":{"@id":"https:\/\/mula.es\/web\/cultura-dan-comienzo-los-talleres-musicales-de-percusion-barrios-medievales\/#primaryimage"},"thumbnailUrl":"https:\/\/mula.es\/web\/wp-content\/uploads\/2021\/08\/talleresmusicales1.jpg","datePublished":"2021-08-24T10:11:47+00:00","author":{"@id":"https:\/\/mula.es\/web\/#\/schema\/person\/f8d63bd3ab6e7b025268b909b7ab0771"},"breadcrumb":{"@id":"https:\/\/mula.es\/web\/cultura-dan-comienzo-los-talleres-musicales-de-percusion-barrios-medievales\/#breadcrumb"},"inLanguage":"es","potentialAction":[{"@type":"ReadAction","target":["https:\/\/mula.es\/web\/cultura-dan-comienzo-los-talleres-musicales-de-percusion-barrios-medievales\/"]}]},{"@type":"ImageObject","inLanguage":"es","@id":"https:\/\/mula.es\/web\/cultura-dan-comienzo-los-talleres-musicales-de-percusion-barrios-medievales\/#primaryimage","url":"https:\/\/mula.es\/web\/wp-content\/uploads\/2021\/08\/talleresmusicales1.jpg","contentUrl":"https:\/\/mula.es\/web\/wp-content\/uploads\/2021\/08\/talleresmusicales1.jpg","width":1076,"height":766},{"@type":"BreadcrumbList","@id":"https:\/\/mula.es\/web\/cultura-dan-comienzo-los-talleres-musicales-de-percusion-barrios-medievales\/#breadcrumb","itemListElement":[{"@type":"ListItem","position":1,"name":"Portada","item":"https:\/\/mula.es\/web\/"},{"@type":"ListItem","position":2,"name":"CULTURA | Dan comienzo los talleres musicales de percusi\u00f3n Barrios Medievales"}]},{"@type":"WebSite","@id":"https:\/\/mula.es\/web\/#website","url":"https:\/\/mula.es\/web\/","name":"Ayuntamiento de Mula","description":"P\u00e1gina web del Ayuntamiento de Mula (Regi\u00f3n de Murcia)","potentialAction":[{"@type":"SearchAction","target":{"@type":"EntryPoint","urlTemplate":"https:\/\/mula.es\/web\/?s={search_term_string}"},"query-input":{"@type":"PropertyValueSpecification","valueRequired":true,"valueName":"search_term_string"}}],"inLanguage":"es"},{"@type":"Person","@id":"https:\/\/mula.es\/web\/#\/schema\/person\/f8d63bd3ab6e7b025268b909b7ab0771","name":"Rosario Mart\u00ednez","image":{"@type":"ImageObject","inLanguage":"es","@id":"https:\/\/secure.gravatar.com\/avatar\/ce916b980ac93e5b1d36e6068357675d4e089a572ebc8789fcb807c2fb2edfef?s=96&d=mm&r=g","url":"https:\/\/secure.gravatar.com\/avatar\/ce916b980ac93e5b1d36e6068357675d4e089a572ebc8789fcb807c2fb2edfef?s=96&d=mm&r=g","contentUrl":"https:\/\/secure.gravatar.com\/avatar\/ce916b980ac93e5b1d36e6068357675d4e089a572ebc8789fcb807c2fb2edfef?s=96&d=mm&r=g","caption":"Rosario Mart\u00ednez"},"url":"https:\/\/mula.es\/web\/author\/rmartinez\/"}]}},"jetpack_publicize_connections":[],"jetpack_featured_media_url":"https:\/\/mula.es\/web\/wp-content\/uploads\/2021\/08\/talleresmusicales1.jpg","jetpack_sharing_enabled":true,"jetpack_shortlink":"https:\/\/wp.me\/pa9DMY-aSk","jetpack-related-posts":[],"_links":{"self":[{"href":"https:\/\/mula.es\/web\/wp-json\/wp\/v2\/posts\/41808","targetHints":{"allow":["GET"]}}],"collection":[{"href":"https:\/\/mula.es\/web\/wp-json\/wp\/v2\/posts"}],"about":[{"href":"https:\/\/mula.es\/web\/wp-json\/wp\/v2\/types\/post"}],"author":[{"embeddable":true,"href":"https:\/\/mula.es\/web\/wp-json\/wp\/v2\/users\/9"}],"replies":[{"embeddable":true,"href":"https:\/\/mula.es\/web\/wp-json\/wp\/v2\/comments?post=41808"}],"version-history":[{"count":1,"href":"https:\/\/mula.es\/web\/wp-json\/wp\/v2\/posts\/41808\/revisions"}],"predecessor-version":[{"id":41811,"href":"https:\/\/mula.es\/web\/wp-json\/wp\/v2\/posts\/41808\/revisions\/41811"}],"wp:featuredmedia":[{"embeddable":true,"href":"https:\/\/mula.es\/web\/wp-json\/wp\/v2\/media\/41809"}],"wp:attachment":[{"href":"https:\/\/mula.es\/web\/wp-json\/wp\/v2\/media?parent=41808"}],"wp:term":[{"taxonomy":"category","embeddable":true,"href":"https:\/\/mula.es\/web\/wp-json\/wp\/v2\/categories?post=41808"},{"taxonomy":"post_tag","embeddable":true,"href":"https:\/\/mula.es\/web\/wp-json\/wp\/v2\/tags?post=41808"}],"curies":[{"name":"wp","href":"https:\/\/api.w.org\/{rel}","templated":true}]}}