{"id":41842,"date":"2021-08-28T13:19:42","date_gmt":"2021-08-28T11:19:42","guid":{"rendered":"https:\/\/mula.es\/web\/?p=41842"},"modified":"2021-08-28T13:19:42","modified_gmt":"2021-08-28T11:19:42","slug":"seguridad-ciudadana-aviso-vuelo-helicoptero","status":"publish","type":"post","link":"https:\/\/mula.es\/web\/seguridad-ciudadana-aviso-vuelo-helicoptero\/","title":{"rendered":"SEGURIDAD CIUDADANA | Aviso vuelo helic\u00f3ptero"},"content":{"rendered":"<p style=\"text-align: justify;\">La concejal\u00eda de Seguridad Ciudadana informa para conocimiento de la poblaci\u00f3n que se va a llevar a cabo una revisi\u00f3n a\u00e9rea de las l\u00edneas el\u00e9ctricas de diferentes puntos del municipio durante este fin de semana.<\/p>\n<p>Por dicho motivo, un helic\u00f3ptero sobrevolar\u00e1 la zona en la tarde de hoy s\u00e1bado, 28 de agosto y ma\u00f1ana, domingo 29 de agosto.<\/p>\n","protected":false},"excerpt":{"rendered":"<p>La concejal\u00eda de Seguridad Ciudadana informa para conocimiento de la poblaci\u00f3n que se va a llevar a cabo una revisi\u00f3n a\u00e9rea de las l\u00edneas el\u00e9ctricas de diferentes puntos del municipio durante este fin de semana. Por dicho motivo, un helic\u00f3ptero sobrevolar\u00e1 la zona en la tarde de hoy s\u00e1bado, 28 de agosto y ma\u00f1ana, domingo  [&#8230;]<\/p>\n","protected":false},"author":1,"featured_media":40208,"comment_status":"closed","ping_status":"closed","sticky":false,"template":"","format":"standard","meta":{"jetpack_post_was_ever_published":false,"_jetpack_newsletter_access":"","_jetpack_dont_email_post_to_subs":false,"_jetpack_newsletter_tier_id":0,"_jetpack_memberships_contains_paywalled_content":false,"_jetpack_memberships_contains_paid_content":false,"footnotes":"","jetpack_publicize_message":"","jetpack_publicize_feature_enabled":true,"jetpack_social_post_already_shared":false,"jetpack_social_options":{"image_generator_settings":{"template":"highway","default_image_id":0,"font":"","enabled":false},"version":2}},"categories":[130],"tags":[],"class_list":["post-41842","post","type-post","status-publish","format-standard","has-post-thumbnail","hentry","category-seguridad-ciudadana"],"yoast_head":"<!-- This site is optimized with the Yoast SEO plugin v27.5 - https:\/\/yoast.com\/product\/yoast-seo-wordpress\/ -->\n<title>SEGURIDAD CIUDADANA | Aviso vuelo helic\u00f3ptero - Ayuntamiento de Mula<\/title>\n<meta name=\"robots\" content=\"index, follow, max-snippet:-1, max-image-preview:large, max-video-preview:-1\" \/>\n<link rel=\"canonical\" href=\"https:\/\/mula.es\/web\/seguridad-ciudadana-aviso-vuelo-helicoptero\/\" \/>\n<meta property=\"og:locale\" content=\"es_ES\" \/>\n<meta property=\"og:type\" content=\"article\" \/>\n<meta property=\"og:title\" content=\"SEGURIDAD CIUDADANA | Aviso vuelo helic\u00f3ptero - Ayuntamiento de Mula\" \/>\n<meta property=\"og:description\" content=\"La concejal\u00eda de Seguridad Ciudadana informa para conocimiento de la poblaci\u00f3n que se va a llevar a cabo una revisi\u00f3n a\u00e9rea de las l\u00edneas el\u00e9ctricas de diferentes puntos del municipio durante este fin de semana. Por dicho motivo, un helic\u00f3ptero sobrevolar\u00e1 la zona en la tarde de hoy s\u00e1bado, 28 de agosto y ma\u00f1ana, domingo [...]\" \/>\n<meta property=\"og:url\" content=\"https:\/\/mula.es\/web\/seguridad-ciudadana-aviso-vuelo-helicoptero\/\" \/>\n<meta property=\"og:site_name\" content=\"Ayuntamiento de Mula\" \/>\n<meta property=\"article:published_time\" content=\"2021-08-28T11:19:42+00:00\" \/>\n<meta property=\"og:image\" content=\"https:\/\/i0.wp.com\/mula.es\/web\/wp-content\/uploads\/2021\/05\/logopoliciajpg.jpg?fit=170%2C120&ssl=1\" \/>\n\t<meta property=\"og:image:width\" content=\"170\" \/>\n\t<meta property=\"og:image:height\" content=\"120\" \/>\n\t<meta property=\"og:image:type\" content=\"image\/jpeg\" \/>\n<meta name=\"author\" content=\"admin\" \/>\n<meta name=\"twitter:card\" content=\"summary_large_image\" \/>\n<meta name=\"twitter:image\" content=\"https:\/\/mula.es\/web\/wp-content\/uploads\/2020\/09\/escudo_ayto_sin_fondo.png\" \/>\n<meta name=\"twitter:creator\" content=\"@AyuntamientMula\" \/>\n<meta name=\"twitter:site\" content=\"@AyuntamientMula\" \/>\n<meta name=\"twitter:label1\" content=\"Escrito por\" \/>\n\t<meta name=\"twitter:data1\" content=\"admin\" \/>\n\t<meta name=\"twitter:label2\" content=\"Tiempo de lectura\" \/>\n\t<meta name=\"twitter:data2\" content=\"1 minuto\" \/>\n<script type=\"application\/ld+json\" class=\"yoast-schema-graph\">{\"@context\":\"https:\\\/\\\/schema.org\",\"@graph\":[{\"@type\":\"Article\",\"@id\":\"https:\\\/\\\/mula.es\\\/web\\\/seguridad-ciudadana-aviso-vuelo-helicoptero\\\/#article\",\"isPartOf\":{\"@id\":\"https:\\\/\\\/mula.es\\\/web\\\/seguridad-ciudadana-aviso-vuelo-helicoptero\\\/\"},\"author\":{\"name\":\"admin\",\"@id\":\"https:\\\/\\\/mula.es\\\/web\\\/#\\\/schema\\\/person\\\/a0dbffe9f4a3ed4aaebedcfef02f71a1\"},\"headline\":\"SEGURIDAD CIUDADANA | Aviso vuelo helic\u00f3ptero\",\"datePublished\":\"2021-08-28T11:19:42+00:00\",\"mainEntityOfPage\":{\"@id\":\"https:\\\/\\\/mula.es\\\/web\\\/seguridad-ciudadana-aviso-vuelo-helicoptero\\\/\"},\"wordCount\":71,\"image\":{\"@id\":\"https:\\\/\\\/mula.es\\\/web\\\/seguridad-ciudadana-aviso-vuelo-helicoptero\\\/#primaryimage\"},\"thumbnailUrl\":\"https:\\\/\\\/mula.es\\\/web\\\/wp-content\\\/uploads\\\/2021\\\/05\\\/logopoliciajpg.jpg\",\"articleSection\":[\"seguridad ciudadana\"],\"inLanguage\":\"es\"},{\"@type\":\"WebPage\",\"@id\":\"https:\\\/\\\/mula.es\\\/web\\\/seguridad-ciudadana-aviso-vuelo-helicoptero\\\/\",\"url\":\"https:\\\/\\\/mula.es\\\/web\\\/seguridad-ciudadana-aviso-vuelo-helicoptero\\\/\",\"name\":\"SEGURIDAD CIUDADANA | Aviso vuelo helic\u00f3ptero - Ayuntamiento de Mula\",\"isPartOf\":{\"@id\":\"https:\\\/\\\/mula.es\\\/web\\\/#website\"},\"primaryImageOfPage\":{\"@id\":\"https:\\\/\\\/mula.es\\\/web\\\/seguridad-ciudadana-aviso-vuelo-helicoptero\\\/#primaryimage\"},\"image\":{\"@id\":\"https:\\\/\\\/mula.es\\\/web\\\/seguridad-ciudadana-aviso-vuelo-helicoptero\\\/#primaryimage\"},\"thumbnailUrl\":\"https:\\\/\\\/mula.es\\\/web\\\/wp-content\\\/uploads\\\/2021\\\/05\\\/logopoliciajpg.jpg\",\"datePublished\":\"2021-08-28T11:19:42+00:00\",\"author\":{\"@id\":\"https:\\\/\\\/mula.es\\\/web\\\/#\\\/schema\\\/person\\\/a0dbffe9f4a3ed4aaebedcfef02f71a1\"},\"breadcrumb\":{\"@id\":\"https:\\\/\\\/mula.es\\\/web\\\/seguridad-ciudadana-aviso-vuelo-helicoptero\\\/#breadcrumb\"},\"inLanguage\":\"es\",\"potentialAction\":[{\"@type\":\"ReadAction\",\"target\":[\"https:\\\/\\\/mula.es\\\/web\\\/seguridad-ciudadana-aviso-vuelo-helicoptero\\\/\"]}]},{\"@type\":\"ImageObject\",\"inLanguage\":\"es\",\"@id\":\"https:\\\/\\\/mula.es\\\/web\\\/seguridad-ciudadana-aviso-vuelo-helicoptero\\\/#primaryimage\",\"url\":\"https:\\\/\\\/mula.es\\\/web\\\/wp-content\\\/uploads\\\/2021\\\/05\\\/logopoliciajpg.jpg\",\"contentUrl\":\"https:\\\/\\\/mula.es\\\/web\\\/wp-content\\\/uploads\\\/2021\\\/05\\\/logopoliciajpg.jpg\",\"width\":170,\"height\":120},{\"@type\":\"BreadcrumbList\",\"@id\":\"https:\\\/\\\/mula.es\\\/web\\\/seguridad-ciudadana-aviso-vuelo-helicoptero\\\/#breadcrumb\",\"itemListElement\":[{\"@type\":\"ListItem\",\"position\":1,\"name\":\"Portada\",\"item\":\"https:\\\/\\\/mula.es\\\/web\\\/\"},{\"@type\":\"ListItem\",\"position\":2,\"name\":\"SEGURIDAD CIUDADANA | Aviso vuelo helic\u00f3ptero\"}]},{\"@type\":\"WebSite\",\"@id\":\"https:\\\/\\\/mula.es\\\/web\\\/#website\",\"url\":\"https:\\\/\\\/mula.es\\\/web\\\/\",\"name\":\"Ayuntamiento de Mula\",\"description\":\"P\u00e1gina web del Ayuntamiento de Mula (Regi\u00f3n de Murcia)\",\"potentialAction\":[{\"@type\":\"SearchAction\",\"target\":{\"@type\":\"EntryPoint\",\"urlTemplate\":\"https:\\\/\\\/mula.es\\\/web\\\/?s={search_term_string}\"},\"query-input\":{\"@type\":\"PropertyValueSpecification\",\"valueRequired\":true,\"valueName\":\"search_term_string\"}}],\"inLanguage\":\"es\"},{\"@type\":\"Person\",\"@id\":\"https:\\\/\\\/mula.es\\\/web\\\/#\\\/schema\\\/person\\\/a0dbffe9f4a3ed4aaebedcfef02f71a1\",\"name\":\"admin\",\"image\":{\"@type\":\"ImageObject\",\"inLanguage\":\"es\",\"@id\":\"https:\\\/\\\/secure.gravatar.com\\\/avatar\\\/5423b9cd77f4c7f89a124365a268866f9dfee038c17fe9e37afd92b5920d810e?s=96&d=mm&r=g\",\"url\":\"https:\\\/\\\/secure.gravatar.com\\\/avatar\\\/5423b9cd77f4c7f89a124365a268866f9dfee038c17fe9e37afd92b5920d810e?s=96&d=mm&r=g\",\"contentUrl\":\"https:\\\/\\\/secure.gravatar.com\\\/avatar\\\/5423b9cd77f4c7f89a124365a268866f9dfee038c17fe9e37afd92b5920d810e?s=96&d=mm&r=g\",\"caption\":\"admin\"},\"description\":\"Lorem ipsum dolor sit amet, consectetur adipiscing elit. Nam viverra euismod odio, gravida pellentesque urna varius vitae. Sed dui lorem, adipiscing in adipiscing et, interdum nec metus. Mauris ultricies, justo eu convallis placerat, felis enim ornare nisi, vitae mattis nulla ante id dui. Ut lectus purus, commodo et tincidunt vel, interdum sed lectus. Vestibulum adipiscing tempor nisi id elementi.\",\"url\":\"https:\\\/\\\/mula.es\\\/web\\\/author\\\/jose-maria-boti\\\/\"}]}<\/script>\n<!-- \/ Yoast SEO plugin. -->","yoast_head_json":{"title":"SEGURIDAD CIUDADANA | Aviso vuelo helic\u00f3ptero - Ayuntamiento de Mula","robots":{"index":"index","follow":"follow","max-snippet":"max-snippet:-1","max-image-preview":"max-image-preview:large","max-video-preview":"max-video-preview:-1"},"canonical":"https:\/\/mula.es\/web\/seguridad-ciudadana-aviso-vuelo-helicoptero\/","og_locale":"es_ES","og_type":"article","og_title":"SEGURIDAD CIUDADANA | Aviso vuelo helic\u00f3ptero - Ayuntamiento de Mula","og_description":"La concejal\u00eda de Seguridad Ciudadana informa para conocimiento de la poblaci\u00f3n que se va a llevar a cabo una revisi\u00f3n a\u00e9rea de las l\u00edneas el\u00e9ctricas de diferentes puntos del municipio durante este fin de semana. Por dicho motivo, un helic\u00f3ptero sobrevolar\u00e1 la zona en la tarde de hoy s\u00e1bado, 28 de agosto y ma\u00f1ana, domingo [...]","og_url":"https:\/\/mula.es\/web\/seguridad-ciudadana-aviso-vuelo-helicoptero\/","og_site_name":"Ayuntamiento de Mula","article_published_time":"2021-08-28T11:19:42+00:00","og_image":[{"width":170,"height":120,"url":"https:\/\/i0.wp.com\/mula.es\/web\/wp-content\/uploads\/2021\/05\/logopoliciajpg.jpg?fit=170%2C120&ssl=1","type":"image\/jpeg"}],"author":"admin","twitter_card":"summary_large_image","twitter_image":"https:\/\/mula.es\/web\/wp-content\/uploads\/2020\/09\/escudo_ayto_sin_fondo.png","twitter_creator":"@AyuntamientMula","twitter_site":"@AyuntamientMula","twitter_misc":{"Escrito por":"admin","Tiempo de lectura":"1 minuto"},"schema":{"@context":"https:\/\/schema.org","@graph":[{"@type":"Article","@id":"https:\/\/mula.es\/web\/seguridad-ciudadana-aviso-vuelo-helicoptero\/#article","isPartOf":{"@id":"https:\/\/mula.es\/web\/seguridad-ciudadana-aviso-vuelo-helicoptero\/"},"author":{"name":"admin","@id":"https:\/\/mula.es\/web\/#\/schema\/person\/a0dbffe9f4a3ed4aaebedcfef02f71a1"},"headline":"SEGURIDAD CIUDADANA | Aviso vuelo helic\u00f3ptero","datePublished":"2021-08-28T11:19:42+00:00","mainEntityOfPage":{"@id":"https:\/\/mula.es\/web\/seguridad-ciudadana-aviso-vuelo-helicoptero\/"},"wordCount":71,"image":{"@id":"https:\/\/mula.es\/web\/seguridad-ciudadana-aviso-vuelo-helicoptero\/#primaryimage"},"thumbnailUrl":"https:\/\/mula.es\/web\/wp-content\/uploads\/2021\/05\/logopoliciajpg.jpg","articleSection":["seguridad ciudadana"],"inLanguage":"es"},{"@type":"WebPage","@id":"https:\/\/mula.es\/web\/seguridad-ciudadana-aviso-vuelo-helicoptero\/","url":"https:\/\/mula.es\/web\/seguridad-ciudadana-aviso-vuelo-helicoptero\/","name":"SEGURIDAD CIUDADANA | Aviso vuelo helic\u00f3ptero - Ayuntamiento de Mula","isPartOf":{"@id":"https:\/\/mula.es\/web\/#website"},"primaryImageOfPage":{"@id":"https:\/\/mula.es\/web\/seguridad-ciudadana-aviso-vuelo-helicoptero\/#primaryimage"},"image":{"@id":"https:\/\/mula.es\/web\/seguridad-ciudadana-aviso-vuelo-helicoptero\/#primaryimage"},"thumbnailUrl":"https:\/\/mula.es\/web\/wp-content\/uploads\/2021\/05\/logopoliciajpg.jpg","datePublished":"2021-08-28T11:19:42+00:00","author":{"@id":"https:\/\/mula.es\/web\/#\/schema\/person\/a0dbffe9f4a3ed4aaebedcfef02f71a1"},"breadcrumb":{"@id":"https:\/\/mula.es\/web\/seguridad-ciudadana-aviso-vuelo-helicoptero\/#breadcrumb"},"inLanguage":"es","potentialAction":[{"@type":"ReadAction","target":["https:\/\/mula.es\/web\/seguridad-ciudadana-aviso-vuelo-helicoptero\/"]}]},{"@type":"ImageObject","inLanguage":"es","@id":"https:\/\/mula.es\/web\/seguridad-ciudadana-aviso-vuelo-helicoptero\/#primaryimage","url":"https:\/\/mula.es\/web\/wp-content\/uploads\/2021\/05\/logopoliciajpg.jpg","contentUrl":"https:\/\/mula.es\/web\/wp-content\/uploads\/2021\/05\/logopoliciajpg.jpg","width":170,"height":120},{"@type":"BreadcrumbList","@id":"https:\/\/mula.es\/web\/seguridad-ciudadana-aviso-vuelo-helicoptero\/#breadcrumb","itemListElement":[{"@type":"ListItem","position":1,"name":"Portada","item":"https:\/\/mula.es\/web\/"},{"@type":"ListItem","position":2,"name":"SEGURIDAD CIUDADANA | Aviso vuelo helic\u00f3ptero"}]},{"@type":"WebSite","@id":"https:\/\/mula.es\/web\/#website","url":"https:\/\/mula.es\/web\/","name":"Ayuntamiento de Mula","description":"P\u00e1gina web del Ayuntamiento de Mula (Regi\u00f3n de Murcia)","potentialAction":[{"@type":"SearchAction","target":{"@type":"EntryPoint","urlTemplate":"https:\/\/mula.es\/web\/?s={search_term_string}"},"query-input":{"@type":"PropertyValueSpecification","valueRequired":true,"valueName":"search_term_string"}}],"inLanguage":"es"},{"@type":"Person","@id":"https:\/\/mula.es\/web\/#\/schema\/person\/a0dbffe9f4a3ed4aaebedcfef02f71a1","name":"admin","image":{"@type":"ImageObject","inLanguage":"es","@id":"https:\/\/secure.gravatar.com\/avatar\/5423b9cd77f4c7f89a124365a268866f9dfee038c17fe9e37afd92b5920d810e?s=96&d=mm&r=g","url":"https:\/\/secure.gravatar.com\/avatar\/5423b9cd77f4c7f89a124365a268866f9dfee038c17fe9e37afd92b5920d810e?s=96&d=mm&r=g","contentUrl":"https:\/\/secure.gravatar.com\/avatar\/5423b9cd77f4c7f89a124365a268866f9dfee038c17fe9e37afd92b5920d810e?s=96&d=mm&r=g","caption":"admin"},"description":"Lorem ipsum dolor sit amet, consectetur adipiscing elit. Nam viverra euismod odio, gravida pellentesque urna varius vitae. Sed dui lorem, adipiscing in adipiscing et, interdum nec metus. Mauris ultricies, justo eu convallis placerat, felis enim ornare nisi, vitae mattis nulla ante id dui. Ut lectus purus, commodo et tincidunt vel, interdum sed lectus. Vestibulum adipiscing tempor nisi id elementi.","url":"https:\/\/mula.es\/web\/author\/jose-maria-boti\/"}]}},"jetpack_publicize_connections":[],"jetpack_featured_media_url":"https:\/\/mula.es\/web\/wp-content\/uploads\/2021\/05\/logopoliciajpg.jpg","jetpack_sharing_enabled":true,"jetpack_shortlink":"https:\/\/wp.me\/pa9DMY-aSS","jetpack-related-posts":[],"_links":{"self":[{"href":"https:\/\/mula.es\/web\/wp-json\/wp\/v2\/posts\/41842","targetHints":{"allow":["GET"]}}],"collection":[{"href":"https:\/\/mula.es\/web\/wp-json\/wp\/v2\/posts"}],"about":[{"href":"https:\/\/mula.es\/web\/wp-json\/wp\/v2\/types\/post"}],"author":[{"embeddable":true,"href":"https:\/\/mula.es\/web\/wp-json\/wp\/v2\/users\/1"}],"replies":[{"embeddable":true,"href":"https:\/\/mula.es\/web\/wp-json\/wp\/v2\/comments?post=41842"}],"version-history":[{"count":1,"href":"https:\/\/mula.es\/web\/wp-json\/wp\/v2\/posts\/41842\/revisions"}],"predecessor-version":[{"id":41843,"href":"https:\/\/mula.es\/web\/wp-json\/wp\/v2\/posts\/41842\/revisions\/41843"}],"wp:featuredmedia":[{"embeddable":true,"href":"https:\/\/mula.es\/web\/wp-json\/wp\/v2\/media\/40208"}],"wp:attachment":[{"href":"https:\/\/mula.es\/web\/wp-json\/wp\/v2\/media?parent=41842"}],"wp:term":[{"taxonomy":"category","embeddable":true,"href":"https:\/\/mula.es\/web\/wp-json\/wp\/v2\/categories?post=41842"},{"taxonomy":"post_tag","embeddable":true,"href":"https:\/\/mula.es\/web\/wp-json\/wp\/v2\/tags?post=41842"}],"curies":[{"name":"wp","href":"https:\/\/api.w.org\/{rel}","templated":true}]}}