{"id":41997,"date":"2021-09-14T09:18:22","date_gmt":"2021-09-14T07:18:22","guid":{"rendered":"https:\/\/mula.es\/web\/?p=41997"},"modified":"2021-09-14T09:18:22","modified_gmt":"2021-09-14T07:18:22","slug":"cultura-nuevo-horario-de-la-biblioteca-municipal-y-la-sala-de-estudio","status":"publish","type":"post","link":"https:\/\/mula.es\/web\/cultura-nuevo-horario-de-la-biblioteca-municipal-y-la-sala-de-estudio\/","title":{"rendered":"CULTURA | Nuevo horario de la Biblioteca Municipal y la Sala de estudio"},"content":{"rendered":"<p><strong>HORARIO\u00a0 &#8211; BIBLIOTECA \u2013 SEPTIEMBRE 2021<\/strong><\/p>\n<p><u>DE LUNES A VIERNES<\/u><\/p>\n<ul>\n<li>Ma\u00f1anas de 8:00\u00a0 a\u00a0 14:00 h.<\/li>\n<li>Tardes de 17:00\u00a0 a\u00a0 20:00 h.<\/li>\n<\/ul>\n<p>&nbsp;<\/p>\n<p>*A EXCEPCI\u00d3N DE\u00a0 LA SEMANA DE LAS FIESTAS,<\/p>\n<p>DEL D\u00cdA 20 AL 24,\u00a0 QUE EL HORARIO SER\u00c1 EL SIGUIENTE:<\/p>\n<ul>\n<li>D\u00eda 20 y 22.<\/li>\n<\/ul>\n<p>Ma\u00f1anas de 8:00 a 14:00\u00a0 y tardes CERRADO.<\/p>\n<ul>\n<li>D\u00eda 21, 23 y 24.<\/li>\n<\/ul>\n<p>CERRADO, todo el d\u00eda.<\/p>\n<p>&nbsp;<\/p>\n<p><strong>HORARIO\u00a0 &#8211; SALA DE ESTUDIO \u2013 SEPTIEMBRE 2021<\/strong><\/p>\n<p><strong><u>DE LUNES A VIERNES<\/u><\/strong><\/p>\n<ul>\n<li><strong>De 8:00 de la ma\u00f1ana a 20:00 de la tarde.<\/strong><\/li>\n<\/ul>\n<p><strong>\u00a0<\/strong><\/p>\n<p><strong>*A EXCEPCI\u00d3N DE\u00a0 LA SEMANA DE LAS FIESTAS,<\/strong><\/p>\n<p><strong>DEL D\u00cdA 20 AL 24,\u00a0 QUE EL HORARIO SER\u00c1 EL SIGUIENTE:<\/strong><\/p>\n<p><strong>\u00a0<\/strong><\/p>\n<ul>\n<li><strong>D\u00eda 20 y 22 <\/strong><\/li>\n<\/ul>\n<p><strong>Ma\u00f1anas de 8:00 a 14:00\u00a0 y tardes CERRADO.<\/strong><\/p>\n<ul>\n<li><strong>D\u00eda 21, 23 y 24.<\/strong><\/li>\n<\/ul>\n<p><strong>\u00a0\u00a0\u00a0\u00a0\u00a0\u00a0\u00a0\u00a0 \u00a0\u00a0\u00a0\u00a0\u00a0\u00a0\u00a0\u00a0\u00a0\u00a0\u00a0\u00a0\u00a0\u00a0\u00a0CERRADO, todo el d\u00eda.<\/strong><\/p>\n<p><strong>\u00a0<\/strong><\/p>\n<p>Recordaros que durante la semana de las fiestas en la que se ve reducido el horario de esta Sala de Estudio, pod\u00e9is hacer uso de la Sala de Estudio de 24h. ubicada en el Convento de San Francisco. Disculpen las molestias.<\/p>\n","protected":false},"excerpt":{"rendered":"<p>HORARIO\u00a0 &#8211; BIBLIOTECA \u2013 SEPTIEMBRE 2021 DE LUNES A VIERNES Ma\u00f1anas de 8:00\u00a0 a\u00a0 14:00 h. Tardes de 17:00\u00a0 a\u00a0 20:00 h. &nbsp; *A EXCEPCI\u00d3N DE\u00a0 LA SEMANA DE LAS FIESTAS, DEL D\u00cdA 20 AL 24,\u00a0 QUE EL HORARIO SER\u00c1 EL SIGUIENTE: D\u00eda 20 y 22. Ma\u00f1anas de 8:00 a 14:00\u00a0 y tardes CERRADO. D\u00eda  [&#8230;]<\/p>\n","protected":false},"author":9,"featured_media":13494,"comment_status":"closed","ping_status":"closed","sticky":false,"template":"","format":"standard","meta":{"jetpack_post_was_ever_published":false,"_jetpack_newsletter_access":"","_jetpack_dont_email_post_to_subs":false,"_jetpack_newsletter_tier_id":0,"_jetpack_memberships_contains_paywalled_content":false,"_jetpack_memberships_contains_paid_content":false,"footnotes":"","jetpack_publicize_message":"","jetpack_publicize_feature_enabled":true,"jetpack_social_post_already_shared":false,"jetpack_social_options":{"image_generator_settings":{"template":"highway","default_image_id":0,"font":"","enabled":false},"version":2}},"categories":[97],"tags":[256,218],"class_list":["post-41997","post","type-post","status-publish","format-standard","has-post-thumbnail","hentry","category-cultura","tag-biblioteca-municipal","tag-sala-de-estudio"],"yoast_head":"<!-- This site is optimized with the Yoast SEO plugin v27.4 - https:\/\/yoast.com\/product\/yoast-seo-wordpress\/ -->\n<title>CULTURA | Nuevo horario de la Biblioteca Municipal y la Sala de estudio - Ayuntamiento de Mula<\/title>\n<meta name=\"robots\" content=\"index, follow, max-snippet:-1, max-image-preview:large, max-video-preview:-1\" \/>\n<link rel=\"canonical\" href=\"https:\/\/mula.es\/web\/cultura-nuevo-horario-de-la-biblioteca-municipal-y-la-sala-de-estudio\/\" \/>\n<meta property=\"og:locale\" content=\"es_ES\" \/>\n<meta property=\"og:type\" content=\"article\" \/>\n<meta property=\"og:title\" content=\"CULTURA | Nuevo horario de la Biblioteca Municipal y la Sala de estudio - Ayuntamiento de Mula\" \/>\n<meta property=\"og:description\" content=\"HORARIO\u00a0 &#8211; BIBLIOTECA \u2013 SEPTIEMBRE 2021 DE LUNES A VIERNES Ma\u00f1anas de 8:00\u00a0 a\u00a0 14:00 h. Tardes de 17:00\u00a0 a\u00a0 20:00 h. &nbsp; *A EXCEPCI\u00d3N DE\u00a0 LA SEMANA DE LAS FIESTAS, DEL D\u00cdA 20 AL 24,\u00a0 QUE EL HORARIO SER\u00c1 EL SIGUIENTE: D\u00eda 20 y 22. Ma\u00f1anas de 8:00 a 14:00\u00a0 y tardes CERRADO. D\u00eda [...]\" \/>\n<meta property=\"og:url\" content=\"https:\/\/mula.es\/web\/cultura-nuevo-horario-de-la-biblioteca-municipal-y-la-sala-de-estudio\/\" \/>\n<meta property=\"og:site_name\" content=\"Ayuntamiento de Mula\" \/>\n<meta property=\"article:published_time\" content=\"2021-09-14T07:18:22+00:00\" \/>\n<meta property=\"og:image\" content=\"https:\/\/i0.wp.com\/mula.es\/web\/wp-content\/uploads\/2016\/01\/41_.jpg?fit=800%2C600&ssl=1\" \/>\n\t<meta property=\"og:image:width\" content=\"800\" \/>\n\t<meta property=\"og:image:height\" content=\"600\" \/>\n\t<meta property=\"og:image:type\" content=\"image\/jpeg\" \/>\n<meta name=\"author\" content=\"Rosario Mart\u00ednez\" \/>\n<meta name=\"twitter:card\" content=\"summary_large_image\" \/>\n<meta name=\"twitter:image\" content=\"https:\/\/mula.es\/web\/wp-content\/uploads\/2020\/06\/cropped-escudo-cuadrado.jpg\" \/>\n<meta name=\"twitter:creator\" content=\"@AyuntamientMula\" \/>\n<meta name=\"twitter:site\" content=\"@AyuntamientMula\" \/>\n<meta name=\"twitter:label1\" content=\"Escrito por\" \/>\n\t<meta name=\"twitter:data1\" content=\"Rosario Mart\u00ednez\" \/>\n\t<meta name=\"twitter:label2\" content=\"Tiempo de lectura\" \/>\n\t<meta name=\"twitter:data2\" content=\"1 minuto\" \/>\n<script type=\"application\/ld+json\" class=\"yoast-schema-graph\">{\"@context\":\"https:\\\/\\\/schema.org\",\"@graph\":[{\"@type\":\"Article\",\"@id\":\"https:\\\/\\\/mula.es\\\/web\\\/cultura-nuevo-horario-de-la-biblioteca-municipal-y-la-sala-de-estudio\\\/#article\",\"isPartOf\":{\"@id\":\"https:\\\/\\\/mula.es\\\/web\\\/cultura-nuevo-horario-de-la-biblioteca-municipal-y-la-sala-de-estudio\\\/\"},\"author\":{\"name\":\"Rosario Mart\u00ednez\",\"@id\":\"https:\\\/\\\/mula.es\\\/web\\\/#\\\/schema\\\/person\\\/f8d63bd3ab6e7b025268b909b7ab0771\"},\"headline\":\"CULTURA | Nuevo horario de la Biblioteca Municipal y la Sala de estudio\",\"datePublished\":\"2021-09-14T07:18:22+00:00\",\"mainEntityOfPage\":{\"@id\":\"https:\\\/\\\/mula.es\\\/web\\\/cultura-nuevo-horario-de-la-biblioteca-municipal-y-la-sala-de-estudio\\\/\"},\"wordCount\":166,\"image\":{\"@id\":\"https:\\\/\\\/mula.es\\\/web\\\/cultura-nuevo-horario-de-la-biblioteca-municipal-y-la-sala-de-estudio\\\/#primaryimage\"},\"thumbnailUrl\":\"https:\\\/\\\/mula.es\\\/web\\\/wp-content\\\/uploads\\\/2016\\\/01\\\/41_.jpg\",\"keywords\":[\"biblioteca municipal\",\"sala de estudio\"],\"articleSection\":[\"cultura\"],\"inLanguage\":\"es\"},{\"@type\":\"WebPage\",\"@id\":\"https:\\\/\\\/mula.es\\\/web\\\/cultura-nuevo-horario-de-la-biblioteca-municipal-y-la-sala-de-estudio\\\/\",\"url\":\"https:\\\/\\\/mula.es\\\/web\\\/cultura-nuevo-horario-de-la-biblioteca-municipal-y-la-sala-de-estudio\\\/\",\"name\":\"CULTURA | Nuevo horario de la Biblioteca Municipal y la Sala de estudio - Ayuntamiento de Mula\",\"isPartOf\":{\"@id\":\"https:\\\/\\\/mula.es\\\/web\\\/#website\"},\"primaryImageOfPage\":{\"@id\":\"https:\\\/\\\/mula.es\\\/web\\\/cultura-nuevo-horario-de-la-biblioteca-municipal-y-la-sala-de-estudio\\\/#primaryimage\"},\"image\":{\"@id\":\"https:\\\/\\\/mula.es\\\/web\\\/cultura-nuevo-horario-de-la-biblioteca-municipal-y-la-sala-de-estudio\\\/#primaryimage\"},\"thumbnailUrl\":\"https:\\\/\\\/mula.es\\\/web\\\/wp-content\\\/uploads\\\/2016\\\/01\\\/41_.jpg\",\"datePublished\":\"2021-09-14T07:18:22+00:00\",\"author\":{\"@id\":\"https:\\\/\\\/mula.es\\\/web\\\/#\\\/schema\\\/person\\\/f8d63bd3ab6e7b025268b909b7ab0771\"},\"breadcrumb\":{\"@id\":\"https:\\\/\\\/mula.es\\\/web\\\/cultura-nuevo-horario-de-la-biblioteca-municipal-y-la-sala-de-estudio\\\/#breadcrumb\"},\"inLanguage\":\"es\",\"potentialAction\":[{\"@type\":\"ReadAction\",\"target\":[\"https:\\\/\\\/mula.es\\\/web\\\/cultura-nuevo-horario-de-la-biblioteca-municipal-y-la-sala-de-estudio\\\/\"]}]},{\"@type\":\"ImageObject\",\"inLanguage\":\"es\",\"@id\":\"https:\\\/\\\/mula.es\\\/web\\\/cultura-nuevo-horario-de-la-biblioteca-municipal-y-la-sala-de-estudio\\\/#primaryimage\",\"url\":\"https:\\\/\\\/mula.es\\\/web\\\/wp-content\\\/uploads\\\/2016\\\/01\\\/41_.jpg\",\"contentUrl\":\"https:\\\/\\\/mula.es\\\/web\\\/wp-content\\\/uploads\\\/2016\\\/01\\\/41_.jpg\",\"width\":800,\"height\":600,\"caption\":\"imagen localizaci\u00f3n biblioteca archivo servicios sociales\"},{\"@type\":\"BreadcrumbList\",\"@id\":\"https:\\\/\\\/mula.es\\\/web\\\/cultura-nuevo-horario-de-la-biblioteca-municipal-y-la-sala-de-estudio\\\/#breadcrumb\",\"itemListElement\":[{\"@type\":\"ListItem\",\"position\":1,\"name\":\"Portada\",\"item\":\"https:\\\/\\\/mula.es\\\/web\\\/\"},{\"@type\":\"ListItem\",\"position\":2,\"name\":\"CULTURA | Nuevo horario de la Biblioteca Municipal y la Sala de estudio\"}]},{\"@type\":\"WebSite\",\"@id\":\"https:\\\/\\\/mula.es\\\/web\\\/#website\",\"url\":\"https:\\\/\\\/mula.es\\\/web\\\/\",\"name\":\"Ayuntamiento de Mula\",\"description\":\"P\u00e1gina web del Ayuntamiento de Mula (Regi\u00f3n de Murcia)\",\"potentialAction\":[{\"@type\":\"SearchAction\",\"target\":{\"@type\":\"EntryPoint\",\"urlTemplate\":\"https:\\\/\\\/mula.es\\\/web\\\/?s={search_term_string}\"},\"query-input\":{\"@type\":\"PropertyValueSpecification\",\"valueRequired\":true,\"valueName\":\"search_term_string\"}}],\"inLanguage\":\"es\"},{\"@type\":\"Person\",\"@id\":\"https:\\\/\\\/mula.es\\\/web\\\/#\\\/schema\\\/person\\\/f8d63bd3ab6e7b025268b909b7ab0771\",\"name\":\"Rosario Mart\u00ednez\",\"image\":{\"@type\":\"ImageObject\",\"inLanguage\":\"es\",\"@id\":\"https:\\\/\\\/secure.gravatar.com\\\/avatar\\\/ce916b980ac93e5b1d36e6068357675d4e089a572ebc8789fcb807c2fb2edfef?s=96&d=mm&r=g\",\"url\":\"https:\\\/\\\/secure.gravatar.com\\\/avatar\\\/ce916b980ac93e5b1d36e6068357675d4e089a572ebc8789fcb807c2fb2edfef?s=96&d=mm&r=g\",\"contentUrl\":\"https:\\\/\\\/secure.gravatar.com\\\/avatar\\\/ce916b980ac93e5b1d36e6068357675d4e089a572ebc8789fcb807c2fb2edfef?s=96&d=mm&r=g\",\"caption\":\"Rosario Mart\u00ednez\"},\"url\":\"https:\\\/\\\/mula.es\\\/web\\\/author\\\/rmartinez\\\/\"}]}<\/script>\n<!-- \/ Yoast SEO plugin. -->","yoast_head_json":{"title":"CULTURA | Nuevo horario de la Biblioteca Municipal y la Sala de estudio - Ayuntamiento de Mula","robots":{"index":"index","follow":"follow","max-snippet":"max-snippet:-1","max-image-preview":"max-image-preview:large","max-video-preview":"max-video-preview:-1"},"canonical":"https:\/\/mula.es\/web\/cultura-nuevo-horario-de-la-biblioteca-municipal-y-la-sala-de-estudio\/","og_locale":"es_ES","og_type":"article","og_title":"CULTURA | Nuevo horario de la Biblioteca Municipal y la Sala de estudio - Ayuntamiento de Mula","og_description":"HORARIO\u00a0 &#8211; BIBLIOTECA \u2013 SEPTIEMBRE 2021 DE LUNES A VIERNES Ma\u00f1anas de 8:00\u00a0 a\u00a0 14:00 h. Tardes de 17:00\u00a0 a\u00a0 20:00 h. &nbsp; *A EXCEPCI\u00d3N DE\u00a0 LA SEMANA DE LAS FIESTAS, DEL D\u00cdA 20 AL 24,\u00a0 QUE EL HORARIO SER\u00c1 EL SIGUIENTE: D\u00eda 20 y 22. Ma\u00f1anas de 8:00 a 14:00\u00a0 y tardes CERRADO. D\u00eda [...]","og_url":"https:\/\/mula.es\/web\/cultura-nuevo-horario-de-la-biblioteca-municipal-y-la-sala-de-estudio\/","og_site_name":"Ayuntamiento de Mula","article_published_time":"2021-09-14T07:18:22+00:00","og_image":[{"width":800,"height":600,"url":"https:\/\/i0.wp.com\/mula.es\/web\/wp-content\/uploads\/2016\/01\/41_.jpg?fit=800%2C600&ssl=1","type":"image\/jpeg"}],"author":"Rosario Mart\u00ednez","twitter_card":"summary_large_image","twitter_image":"https:\/\/mula.es\/web\/wp-content\/uploads\/2020\/06\/cropped-escudo-cuadrado.jpg","twitter_creator":"@AyuntamientMula","twitter_site":"@AyuntamientMula","twitter_misc":{"Escrito por":"Rosario Mart\u00ednez","Tiempo de lectura":"1 minuto"},"schema":{"@context":"https:\/\/schema.org","@graph":[{"@type":"Article","@id":"https:\/\/mula.es\/web\/cultura-nuevo-horario-de-la-biblioteca-municipal-y-la-sala-de-estudio\/#article","isPartOf":{"@id":"https:\/\/mula.es\/web\/cultura-nuevo-horario-de-la-biblioteca-municipal-y-la-sala-de-estudio\/"},"author":{"name":"Rosario Mart\u00ednez","@id":"https:\/\/mula.es\/web\/#\/schema\/person\/f8d63bd3ab6e7b025268b909b7ab0771"},"headline":"CULTURA | Nuevo horario de la Biblioteca Municipal y la Sala de estudio","datePublished":"2021-09-14T07:18:22+00:00","mainEntityOfPage":{"@id":"https:\/\/mula.es\/web\/cultura-nuevo-horario-de-la-biblioteca-municipal-y-la-sala-de-estudio\/"},"wordCount":166,"image":{"@id":"https:\/\/mula.es\/web\/cultura-nuevo-horario-de-la-biblioteca-municipal-y-la-sala-de-estudio\/#primaryimage"},"thumbnailUrl":"https:\/\/mula.es\/web\/wp-content\/uploads\/2016\/01\/41_.jpg","keywords":["biblioteca municipal","sala de estudio"],"articleSection":["cultura"],"inLanguage":"es"},{"@type":"WebPage","@id":"https:\/\/mula.es\/web\/cultura-nuevo-horario-de-la-biblioteca-municipal-y-la-sala-de-estudio\/","url":"https:\/\/mula.es\/web\/cultura-nuevo-horario-de-la-biblioteca-municipal-y-la-sala-de-estudio\/","name":"CULTURA | Nuevo horario de la Biblioteca Municipal y la Sala de estudio - Ayuntamiento de Mula","isPartOf":{"@id":"https:\/\/mula.es\/web\/#website"},"primaryImageOfPage":{"@id":"https:\/\/mula.es\/web\/cultura-nuevo-horario-de-la-biblioteca-municipal-y-la-sala-de-estudio\/#primaryimage"},"image":{"@id":"https:\/\/mula.es\/web\/cultura-nuevo-horario-de-la-biblioteca-municipal-y-la-sala-de-estudio\/#primaryimage"},"thumbnailUrl":"https:\/\/mula.es\/web\/wp-content\/uploads\/2016\/01\/41_.jpg","datePublished":"2021-09-14T07:18:22+00:00","author":{"@id":"https:\/\/mula.es\/web\/#\/schema\/person\/f8d63bd3ab6e7b025268b909b7ab0771"},"breadcrumb":{"@id":"https:\/\/mula.es\/web\/cultura-nuevo-horario-de-la-biblioteca-municipal-y-la-sala-de-estudio\/#breadcrumb"},"inLanguage":"es","potentialAction":[{"@type":"ReadAction","target":["https:\/\/mula.es\/web\/cultura-nuevo-horario-de-la-biblioteca-municipal-y-la-sala-de-estudio\/"]}]},{"@type":"ImageObject","inLanguage":"es","@id":"https:\/\/mula.es\/web\/cultura-nuevo-horario-de-la-biblioteca-municipal-y-la-sala-de-estudio\/#primaryimage","url":"https:\/\/mula.es\/web\/wp-content\/uploads\/2016\/01\/41_.jpg","contentUrl":"https:\/\/mula.es\/web\/wp-content\/uploads\/2016\/01\/41_.jpg","width":800,"height":600,"caption":"imagen localizaci\u00f3n biblioteca archivo servicios sociales"},{"@type":"BreadcrumbList","@id":"https:\/\/mula.es\/web\/cultura-nuevo-horario-de-la-biblioteca-municipal-y-la-sala-de-estudio\/#breadcrumb","itemListElement":[{"@type":"ListItem","position":1,"name":"Portada","item":"https:\/\/mula.es\/web\/"},{"@type":"ListItem","position":2,"name":"CULTURA | Nuevo horario de la Biblioteca Municipal y la Sala de estudio"}]},{"@type":"WebSite","@id":"https:\/\/mula.es\/web\/#website","url":"https:\/\/mula.es\/web\/","name":"Ayuntamiento de Mula","description":"P\u00e1gina web del Ayuntamiento de Mula (Regi\u00f3n de Murcia)","potentialAction":[{"@type":"SearchAction","target":{"@type":"EntryPoint","urlTemplate":"https:\/\/mula.es\/web\/?s={search_term_string}"},"query-input":{"@type":"PropertyValueSpecification","valueRequired":true,"valueName":"search_term_string"}}],"inLanguage":"es"},{"@type":"Person","@id":"https:\/\/mula.es\/web\/#\/schema\/person\/f8d63bd3ab6e7b025268b909b7ab0771","name":"Rosario Mart\u00ednez","image":{"@type":"ImageObject","inLanguage":"es","@id":"https:\/\/secure.gravatar.com\/avatar\/ce916b980ac93e5b1d36e6068357675d4e089a572ebc8789fcb807c2fb2edfef?s=96&d=mm&r=g","url":"https:\/\/secure.gravatar.com\/avatar\/ce916b980ac93e5b1d36e6068357675d4e089a572ebc8789fcb807c2fb2edfef?s=96&d=mm&r=g","contentUrl":"https:\/\/secure.gravatar.com\/avatar\/ce916b980ac93e5b1d36e6068357675d4e089a572ebc8789fcb807c2fb2edfef?s=96&d=mm&r=g","caption":"Rosario Mart\u00ednez"},"url":"https:\/\/mula.es\/web\/author\/rmartinez\/"}]}},"jetpack_publicize_connections":[],"jetpack_featured_media_url":"https:\/\/mula.es\/web\/wp-content\/uploads\/2016\/01\/41_.jpg","jetpack_sharing_enabled":true,"jetpack_shortlink":"https:\/\/wp.me\/pa9DMY-aVn","jetpack-related-posts":[],"_links":{"self":[{"href":"https:\/\/mula.es\/web\/wp-json\/wp\/v2\/posts\/41997","targetHints":{"allow":["GET"]}}],"collection":[{"href":"https:\/\/mula.es\/web\/wp-json\/wp\/v2\/posts"}],"about":[{"href":"https:\/\/mula.es\/web\/wp-json\/wp\/v2\/types\/post"}],"author":[{"embeddable":true,"href":"https:\/\/mula.es\/web\/wp-json\/wp\/v2\/users\/9"}],"replies":[{"embeddable":true,"href":"https:\/\/mula.es\/web\/wp-json\/wp\/v2\/comments?post=41997"}],"version-history":[{"count":1,"href":"https:\/\/mula.es\/web\/wp-json\/wp\/v2\/posts\/41997\/revisions"}],"predecessor-version":[{"id":41998,"href":"https:\/\/mula.es\/web\/wp-json\/wp\/v2\/posts\/41997\/revisions\/41998"}],"wp:featuredmedia":[{"embeddable":true,"href":"https:\/\/mula.es\/web\/wp-json\/wp\/v2\/media\/13494"}],"wp:attachment":[{"href":"https:\/\/mula.es\/web\/wp-json\/wp\/v2\/media?parent=41997"}],"wp:term":[{"taxonomy":"category","embeddable":true,"href":"https:\/\/mula.es\/web\/wp-json\/wp\/v2\/categories?post=41997"},{"taxonomy":"post_tag","embeddable":true,"href":"https:\/\/mula.es\/web\/wp-json\/wp\/v2\/tags?post=41997"}],"curies":[{"name":"wp","href":"https:\/\/api.w.org\/{rel}","templated":true}]}}