{"id":42237,"date":"2021-09-27T12:09:34","date_gmt":"2021-09-27T10:09:34","guid":{"rendered":"https:\/\/mula.es\/web\/?p=42237"},"modified":"2021-09-27T12:09:34","modified_gmt":"2021-09-27T10:09:34","slug":"cultura-biblioteca-municipal-y-salas-de-estudio-nuevo-horario","status":"publish","type":"post","link":"https:\/\/mula.es\/web\/cultura-biblioteca-municipal-y-salas-de-estudio-nuevo-horario\/","title":{"rendered":"CULTURA | Biblioteca Municipal y salas de estudio: Nuevo horario"},"content":{"rendered":"<p><strong>HORARIO\u00a0 &#8211; BIBLIOTECA &#8211;<\/strong><\/p>\n<p><strong><u>DE LUNES A VIERNES<\/u><\/strong><\/p>\n<p><strong>Ma\u00f1anas de 8:00\u00a0 a\u00a0 14:00 h.<\/strong><\/p>\n<p><strong>Tardes de 17:00\u00a0 a\u00a0 20:00 h.<\/strong><\/p>\n<p>&nbsp;<\/p>\n<p><strong>HORARIO\u00a0 &#8211; SALA DE ESTUDIO \u2013<\/strong><strong>\u00a0<\/strong><\/p>\n<p><strong><u>DE LUNES A VIERNES<\/u><\/strong><\/p>\n<p><strong>De 8:00 de la ma\u00f1ana a 20:00 de la tarde.<\/strong><\/p>\n<p><strong>Los fines de semana la sala permanecer\u00e1 cerrada. Os recordamos que ten\u00e9is disponible la sala 24h. en el Convento de San Francisco.<\/strong><\/p>\n","protected":false},"excerpt":{"rendered":"<p>HORARIO\u00a0 &#8211; BIBLIOTECA &#8211; DE LUNES A VIERNES Ma\u00f1anas de 8:00\u00a0 a\u00a0 14:00 h. Tardes de 17:00\u00a0 a\u00a0 20:00 h. &nbsp; HORARIO\u00a0 &#8211; SALA DE ESTUDIO \u2013\u00a0 DE LUNES A VIERNES De 8:00 de la ma\u00f1ana a 20:00 de la tarde. Los fines de semana la sala permanecer\u00e1 cerrada. Os recordamos que ten\u00e9is disponible la  [&#8230;]<\/p>\n","protected":false},"author":9,"featured_media":13494,"comment_status":"closed","ping_status":"closed","sticky":false,"template":"","format":"standard","meta":{"jetpack_post_was_ever_published":false,"_jetpack_newsletter_access":"","_jetpack_dont_email_post_to_subs":false,"_jetpack_newsletter_tier_id":0,"_jetpack_memberships_contains_paywalled_content":false,"_jetpack_memberships_contains_paid_content":false,"footnotes":"","jetpack_publicize_message":"","jetpack_publicize_feature_enabled":true,"jetpack_social_post_already_shared":false,"jetpack_social_options":{"image_generator_settings":{"template":"highway","default_image_id":0,"font":"","enabled":false},"version":2}},"categories":[97],"tags":[256,218],"class_list":["post-42237","post","type-post","status-publish","format-standard","has-post-thumbnail","hentry","category-cultura","tag-biblioteca-municipal","tag-sala-de-estudio"],"yoast_head":"<!-- This site is optimized with the Yoast SEO plugin v27.5 - https:\/\/yoast.com\/product\/yoast-seo-wordpress\/ -->\n<title>CULTURA | Biblioteca Municipal y salas de estudio: Nuevo horario - Ayuntamiento de Mula<\/title>\n<meta name=\"robots\" content=\"index, follow, max-snippet:-1, max-image-preview:large, max-video-preview:-1\" \/>\n<link rel=\"canonical\" href=\"https:\/\/mula.es\/web\/cultura-biblioteca-municipal-y-salas-de-estudio-nuevo-horario\/\" \/>\n<meta property=\"og:locale\" content=\"es_ES\" \/>\n<meta property=\"og:type\" content=\"article\" \/>\n<meta property=\"og:title\" content=\"CULTURA | Biblioteca Municipal y salas de estudio: Nuevo horario - Ayuntamiento de Mula\" \/>\n<meta property=\"og:description\" content=\"HORARIO\u00a0 &#8211; BIBLIOTECA &#8211; DE LUNES A VIERNES Ma\u00f1anas de 8:00\u00a0 a\u00a0 14:00 h. Tardes de 17:00\u00a0 a\u00a0 20:00 h. &nbsp; HORARIO\u00a0 &#8211; SALA DE ESTUDIO \u2013\u00a0 DE LUNES A VIERNES De 8:00 de la ma\u00f1ana a 20:00 de la tarde. Los fines de semana la sala permanecer\u00e1 cerrada. Os recordamos que ten\u00e9is disponible la [...]\" \/>\n<meta property=\"og:url\" content=\"https:\/\/mula.es\/web\/cultura-biblioteca-municipal-y-salas-de-estudio-nuevo-horario\/\" \/>\n<meta property=\"og:site_name\" content=\"Ayuntamiento de Mula\" \/>\n<meta property=\"article:published_time\" content=\"2021-09-27T10:09:34+00:00\" \/>\n<meta property=\"og:image\" content=\"https:\/\/i0.wp.com\/mula.es\/web\/wp-content\/uploads\/2016\/01\/41_.jpg?fit=800%2C600&ssl=1\" \/>\n\t<meta property=\"og:image:width\" content=\"800\" \/>\n\t<meta property=\"og:image:height\" content=\"600\" \/>\n\t<meta property=\"og:image:type\" content=\"image\/jpeg\" \/>\n<meta name=\"author\" content=\"Rosario Mart\u00ednez\" \/>\n<meta name=\"twitter:card\" content=\"summary_large_image\" \/>\n<meta name=\"twitter:image\" content=\"https:\/\/mula.es\/web\/wp-content\/uploads\/2020\/06\/cropped-escudo-cuadrado.jpg\" \/>\n<meta name=\"twitter:creator\" content=\"@AyuntamientMula\" \/>\n<meta name=\"twitter:site\" content=\"@AyuntamientMula\" \/>\n<meta name=\"twitter:label1\" content=\"Escrito por\" \/>\n\t<meta name=\"twitter:data1\" content=\"Rosario Mart\u00ednez\" \/>\n\t<meta name=\"twitter:label2\" content=\"Tiempo de lectura\" \/>\n\t<meta name=\"twitter:data2\" content=\"1 minuto\" \/>\n<script type=\"application\/ld+json\" class=\"yoast-schema-graph\">{\"@context\":\"https:\\\/\\\/schema.org\",\"@graph\":[{\"@type\":\"Article\",\"@id\":\"https:\\\/\\\/mula.es\\\/web\\\/cultura-biblioteca-municipal-y-salas-de-estudio-nuevo-horario\\\/#article\",\"isPartOf\":{\"@id\":\"https:\\\/\\\/mula.es\\\/web\\\/cultura-biblioteca-municipal-y-salas-de-estudio-nuevo-horario\\\/\"},\"author\":{\"name\":\"Rosario Mart\u00ednez\",\"@id\":\"https:\\\/\\\/mula.es\\\/web\\\/#\\\/schema\\\/person\\\/f8d63bd3ab6e7b025268b909b7ab0771\"},\"headline\":\"CULTURA | Biblioteca Municipal y salas de estudio: Nuevo horario\",\"datePublished\":\"2021-09-27T10:09:34+00:00\",\"mainEntityOfPage\":{\"@id\":\"https:\\\/\\\/mula.es\\\/web\\\/cultura-biblioteca-municipal-y-salas-de-estudio-nuevo-horario\\\/\"},\"wordCount\":68,\"image\":{\"@id\":\"https:\\\/\\\/mula.es\\\/web\\\/cultura-biblioteca-municipal-y-salas-de-estudio-nuevo-horario\\\/#primaryimage\"},\"thumbnailUrl\":\"https:\\\/\\\/mula.es\\\/web\\\/wp-content\\\/uploads\\\/2016\\\/01\\\/41_.jpg\",\"keywords\":[\"biblioteca municipal\",\"sala de estudio\"],\"articleSection\":[\"cultura\"],\"inLanguage\":\"es\"},{\"@type\":\"WebPage\",\"@id\":\"https:\\\/\\\/mula.es\\\/web\\\/cultura-biblioteca-municipal-y-salas-de-estudio-nuevo-horario\\\/\",\"url\":\"https:\\\/\\\/mula.es\\\/web\\\/cultura-biblioteca-municipal-y-salas-de-estudio-nuevo-horario\\\/\",\"name\":\"CULTURA | Biblioteca Municipal y salas de estudio: Nuevo horario - Ayuntamiento de Mula\",\"isPartOf\":{\"@id\":\"https:\\\/\\\/mula.es\\\/web\\\/#website\"},\"primaryImageOfPage\":{\"@id\":\"https:\\\/\\\/mula.es\\\/web\\\/cultura-biblioteca-municipal-y-salas-de-estudio-nuevo-horario\\\/#primaryimage\"},\"image\":{\"@id\":\"https:\\\/\\\/mula.es\\\/web\\\/cultura-biblioteca-municipal-y-salas-de-estudio-nuevo-horario\\\/#primaryimage\"},\"thumbnailUrl\":\"https:\\\/\\\/mula.es\\\/web\\\/wp-content\\\/uploads\\\/2016\\\/01\\\/41_.jpg\",\"datePublished\":\"2021-09-27T10:09:34+00:00\",\"author\":{\"@id\":\"https:\\\/\\\/mula.es\\\/web\\\/#\\\/schema\\\/person\\\/f8d63bd3ab6e7b025268b909b7ab0771\"},\"breadcrumb\":{\"@id\":\"https:\\\/\\\/mula.es\\\/web\\\/cultura-biblioteca-municipal-y-salas-de-estudio-nuevo-horario\\\/#breadcrumb\"},\"inLanguage\":\"es\",\"potentialAction\":[{\"@type\":\"ReadAction\",\"target\":[\"https:\\\/\\\/mula.es\\\/web\\\/cultura-biblioteca-municipal-y-salas-de-estudio-nuevo-horario\\\/\"]}]},{\"@type\":\"ImageObject\",\"inLanguage\":\"es\",\"@id\":\"https:\\\/\\\/mula.es\\\/web\\\/cultura-biblioteca-municipal-y-salas-de-estudio-nuevo-horario\\\/#primaryimage\",\"url\":\"https:\\\/\\\/mula.es\\\/web\\\/wp-content\\\/uploads\\\/2016\\\/01\\\/41_.jpg\",\"contentUrl\":\"https:\\\/\\\/mula.es\\\/web\\\/wp-content\\\/uploads\\\/2016\\\/01\\\/41_.jpg\",\"width\":800,\"height\":600,\"caption\":\"imagen localizaci\u00f3n biblioteca archivo servicios sociales\"},{\"@type\":\"BreadcrumbList\",\"@id\":\"https:\\\/\\\/mula.es\\\/web\\\/cultura-biblioteca-municipal-y-salas-de-estudio-nuevo-horario\\\/#breadcrumb\",\"itemListElement\":[{\"@type\":\"ListItem\",\"position\":1,\"name\":\"Portada\",\"item\":\"https:\\\/\\\/mula.es\\\/web\\\/\"},{\"@type\":\"ListItem\",\"position\":2,\"name\":\"CULTURA | Biblioteca Municipal y salas de estudio: Nuevo horario\"}]},{\"@type\":\"WebSite\",\"@id\":\"https:\\\/\\\/mula.es\\\/web\\\/#website\",\"url\":\"https:\\\/\\\/mula.es\\\/web\\\/\",\"name\":\"Ayuntamiento de Mula\",\"description\":\"P\u00e1gina web del Ayuntamiento de Mula (Regi\u00f3n de Murcia)\",\"potentialAction\":[{\"@type\":\"SearchAction\",\"target\":{\"@type\":\"EntryPoint\",\"urlTemplate\":\"https:\\\/\\\/mula.es\\\/web\\\/?s={search_term_string}\"},\"query-input\":{\"@type\":\"PropertyValueSpecification\",\"valueRequired\":true,\"valueName\":\"search_term_string\"}}],\"inLanguage\":\"es\"},{\"@type\":\"Person\",\"@id\":\"https:\\\/\\\/mula.es\\\/web\\\/#\\\/schema\\\/person\\\/f8d63bd3ab6e7b025268b909b7ab0771\",\"name\":\"Rosario Mart\u00ednez\",\"image\":{\"@type\":\"ImageObject\",\"inLanguage\":\"es\",\"@id\":\"https:\\\/\\\/secure.gravatar.com\\\/avatar\\\/ce916b980ac93e5b1d36e6068357675d4e089a572ebc8789fcb807c2fb2edfef?s=96&d=mm&r=g\",\"url\":\"https:\\\/\\\/secure.gravatar.com\\\/avatar\\\/ce916b980ac93e5b1d36e6068357675d4e089a572ebc8789fcb807c2fb2edfef?s=96&d=mm&r=g\",\"contentUrl\":\"https:\\\/\\\/secure.gravatar.com\\\/avatar\\\/ce916b980ac93e5b1d36e6068357675d4e089a572ebc8789fcb807c2fb2edfef?s=96&d=mm&r=g\",\"caption\":\"Rosario Mart\u00ednez\"},\"url\":\"https:\\\/\\\/mula.es\\\/web\\\/author\\\/rmartinez\\\/\"}]}<\/script>\n<!-- \/ Yoast SEO plugin. -->","yoast_head_json":{"title":"CULTURA | Biblioteca Municipal y salas de estudio: Nuevo horario - Ayuntamiento de Mula","robots":{"index":"index","follow":"follow","max-snippet":"max-snippet:-1","max-image-preview":"max-image-preview:large","max-video-preview":"max-video-preview:-1"},"canonical":"https:\/\/mula.es\/web\/cultura-biblioteca-municipal-y-salas-de-estudio-nuevo-horario\/","og_locale":"es_ES","og_type":"article","og_title":"CULTURA | Biblioteca Municipal y salas de estudio: Nuevo horario - Ayuntamiento de Mula","og_description":"HORARIO\u00a0 &#8211; BIBLIOTECA &#8211; DE LUNES A VIERNES Ma\u00f1anas de 8:00\u00a0 a\u00a0 14:00 h. Tardes de 17:00\u00a0 a\u00a0 20:00 h. &nbsp; HORARIO\u00a0 &#8211; SALA DE ESTUDIO \u2013\u00a0 DE LUNES A VIERNES De 8:00 de la ma\u00f1ana a 20:00 de la tarde. Los fines de semana la sala permanecer\u00e1 cerrada. Os recordamos que ten\u00e9is disponible la [...]","og_url":"https:\/\/mula.es\/web\/cultura-biblioteca-municipal-y-salas-de-estudio-nuevo-horario\/","og_site_name":"Ayuntamiento de Mula","article_published_time":"2021-09-27T10:09:34+00:00","og_image":[{"width":800,"height":600,"url":"https:\/\/i0.wp.com\/mula.es\/web\/wp-content\/uploads\/2016\/01\/41_.jpg?fit=800%2C600&ssl=1","type":"image\/jpeg"}],"author":"Rosario Mart\u00ednez","twitter_card":"summary_large_image","twitter_image":"https:\/\/mula.es\/web\/wp-content\/uploads\/2020\/06\/cropped-escudo-cuadrado.jpg","twitter_creator":"@AyuntamientMula","twitter_site":"@AyuntamientMula","twitter_misc":{"Escrito por":"Rosario Mart\u00ednez","Tiempo de lectura":"1 minuto"},"schema":{"@context":"https:\/\/schema.org","@graph":[{"@type":"Article","@id":"https:\/\/mula.es\/web\/cultura-biblioteca-municipal-y-salas-de-estudio-nuevo-horario\/#article","isPartOf":{"@id":"https:\/\/mula.es\/web\/cultura-biblioteca-municipal-y-salas-de-estudio-nuevo-horario\/"},"author":{"name":"Rosario Mart\u00ednez","@id":"https:\/\/mula.es\/web\/#\/schema\/person\/f8d63bd3ab6e7b025268b909b7ab0771"},"headline":"CULTURA | Biblioteca Municipal y salas de estudio: Nuevo horario","datePublished":"2021-09-27T10:09:34+00:00","mainEntityOfPage":{"@id":"https:\/\/mula.es\/web\/cultura-biblioteca-municipal-y-salas-de-estudio-nuevo-horario\/"},"wordCount":68,"image":{"@id":"https:\/\/mula.es\/web\/cultura-biblioteca-municipal-y-salas-de-estudio-nuevo-horario\/#primaryimage"},"thumbnailUrl":"https:\/\/mula.es\/web\/wp-content\/uploads\/2016\/01\/41_.jpg","keywords":["biblioteca municipal","sala de estudio"],"articleSection":["cultura"],"inLanguage":"es"},{"@type":"WebPage","@id":"https:\/\/mula.es\/web\/cultura-biblioteca-municipal-y-salas-de-estudio-nuevo-horario\/","url":"https:\/\/mula.es\/web\/cultura-biblioteca-municipal-y-salas-de-estudio-nuevo-horario\/","name":"CULTURA | Biblioteca Municipal y salas de estudio: Nuevo horario - Ayuntamiento de Mula","isPartOf":{"@id":"https:\/\/mula.es\/web\/#website"},"primaryImageOfPage":{"@id":"https:\/\/mula.es\/web\/cultura-biblioteca-municipal-y-salas-de-estudio-nuevo-horario\/#primaryimage"},"image":{"@id":"https:\/\/mula.es\/web\/cultura-biblioteca-municipal-y-salas-de-estudio-nuevo-horario\/#primaryimage"},"thumbnailUrl":"https:\/\/mula.es\/web\/wp-content\/uploads\/2016\/01\/41_.jpg","datePublished":"2021-09-27T10:09:34+00:00","author":{"@id":"https:\/\/mula.es\/web\/#\/schema\/person\/f8d63bd3ab6e7b025268b909b7ab0771"},"breadcrumb":{"@id":"https:\/\/mula.es\/web\/cultura-biblioteca-municipal-y-salas-de-estudio-nuevo-horario\/#breadcrumb"},"inLanguage":"es","potentialAction":[{"@type":"ReadAction","target":["https:\/\/mula.es\/web\/cultura-biblioteca-municipal-y-salas-de-estudio-nuevo-horario\/"]}]},{"@type":"ImageObject","inLanguage":"es","@id":"https:\/\/mula.es\/web\/cultura-biblioteca-municipal-y-salas-de-estudio-nuevo-horario\/#primaryimage","url":"https:\/\/mula.es\/web\/wp-content\/uploads\/2016\/01\/41_.jpg","contentUrl":"https:\/\/mula.es\/web\/wp-content\/uploads\/2016\/01\/41_.jpg","width":800,"height":600,"caption":"imagen localizaci\u00f3n biblioteca archivo servicios sociales"},{"@type":"BreadcrumbList","@id":"https:\/\/mula.es\/web\/cultura-biblioteca-municipal-y-salas-de-estudio-nuevo-horario\/#breadcrumb","itemListElement":[{"@type":"ListItem","position":1,"name":"Portada","item":"https:\/\/mula.es\/web\/"},{"@type":"ListItem","position":2,"name":"CULTURA | Biblioteca Municipal y salas de estudio: Nuevo horario"}]},{"@type":"WebSite","@id":"https:\/\/mula.es\/web\/#website","url":"https:\/\/mula.es\/web\/","name":"Ayuntamiento de Mula","description":"P\u00e1gina web del Ayuntamiento de Mula (Regi\u00f3n de Murcia)","potentialAction":[{"@type":"SearchAction","target":{"@type":"EntryPoint","urlTemplate":"https:\/\/mula.es\/web\/?s={search_term_string}"},"query-input":{"@type":"PropertyValueSpecification","valueRequired":true,"valueName":"search_term_string"}}],"inLanguage":"es"},{"@type":"Person","@id":"https:\/\/mula.es\/web\/#\/schema\/person\/f8d63bd3ab6e7b025268b909b7ab0771","name":"Rosario Mart\u00ednez","image":{"@type":"ImageObject","inLanguage":"es","@id":"https:\/\/secure.gravatar.com\/avatar\/ce916b980ac93e5b1d36e6068357675d4e089a572ebc8789fcb807c2fb2edfef?s=96&d=mm&r=g","url":"https:\/\/secure.gravatar.com\/avatar\/ce916b980ac93e5b1d36e6068357675d4e089a572ebc8789fcb807c2fb2edfef?s=96&d=mm&r=g","contentUrl":"https:\/\/secure.gravatar.com\/avatar\/ce916b980ac93e5b1d36e6068357675d4e089a572ebc8789fcb807c2fb2edfef?s=96&d=mm&r=g","caption":"Rosario Mart\u00ednez"},"url":"https:\/\/mula.es\/web\/author\/rmartinez\/"}]}},"jetpack_publicize_connections":[],"jetpack_featured_media_url":"https:\/\/mula.es\/web\/wp-content\/uploads\/2016\/01\/41_.jpg","jetpack_sharing_enabled":true,"jetpack_shortlink":"https:\/\/wp.me\/pa9DMY-aZf","jetpack-related-posts":[],"_links":{"self":[{"href":"https:\/\/mula.es\/web\/wp-json\/wp\/v2\/posts\/42237","targetHints":{"allow":["GET"]}}],"collection":[{"href":"https:\/\/mula.es\/web\/wp-json\/wp\/v2\/posts"}],"about":[{"href":"https:\/\/mula.es\/web\/wp-json\/wp\/v2\/types\/post"}],"author":[{"embeddable":true,"href":"https:\/\/mula.es\/web\/wp-json\/wp\/v2\/users\/9"}],"replies":[{"embeddable":true,"href":"https:\/\/mula.es\/web\/wp-json\/wp\/v2\/comments?post=42237"}],"version-history":[{"count":1,"href":"https:\/\/mula.es\/web\/wp-json\/wp\/v2\/posts\/42237\/revisions"}],"predecessor-version":[{"id":42238,"href":"https:\/\/mula.es\/web\/wp-json\/wp\/v2\/posts\/42237\/revisions\/42238"}],"wp:featuredmedia":[{"embeddable":true,"href":"https:\/\/mula.es\/web\/wp-json\/wp\/v2\/media\/13494"}],"wp:attachment":[{"href":"https:\/\/mula.es\/web\/wp-json\/wp\/v2\/media?parent=42237"}],"wp:term":[{"taxonomy":"category","embeddable":true,"href":"https:\/\/mula.es\/web\/wp-json\/wp\/v2\/categories?post=42237"},{"taxonomy":"post_tag","embeddable":true,"href":"https:\/\/mula.es\/web\/wp-json\/wp\/v2\/tags?post=42237"}],"curies":[{"name":"wp","href":"https:\/\/api.w.org\/{rel}","templated":true}]}}