{"id":42572,"date":"2021-10-21T08:23:49","date_gmt":"2021-10-21T06:23:49","guid":{"rendered":"https:\/\/mula.es\/web\/?p=42572"},"modified":"2021-10-22T11:22:19","modified_gmt":"2021-10-22T09:22:19","slug":"juventud-espacio-m-retoma-su-actividad-presencial-con-multitud-de-actividades-y-propuestas-para-ninos-y-jovenes-del-municipio-y-pedanias","status":"publish","type":"post","link":"https:\/\/mula.es\/web\/juventud-espacio-m-retoma-su-actividad-presencial-con-multitud-de-actividades-y-propuestas-para-ninos-y-jovenes-del-municipio-y-pedanias\/","title":{"rendered":"JUVENTUD | Espacio M retoma su actividad presencial con multitud de actividades y propuestas para ni\u00f1os y j\u00f3venes del municipio y pedan\u00edas"},"content":{"rendered":"<p><div class=\"fusion-fullwidth fullwidth-box fusion-builder-row-1 fusion-flex-container nonhundred-percent-fullwidth non-hundred-percent-height-scrolling\" style=\"--awb-border-radius-top-left:0px;--awb-border-radius-top-right:0px;--awb-border-radius-bottom-right:0px;--awb-border-radius-bottom-left:0px;--awb-flex-wrap:wrap;\" ><div class=\"fusion-builder-row fusion-row fusion-flex-align-items-flex-start fusion-flex-content-wrap\" style=\"max-width:1144px;margin-left: calc(-4% \/ 2 );margin-right: calc(-4% \/ 2 );\"><div class=\"fusion-layout-column fusion_builder_column fusion-builder-column-0 fusion_builder_column_1_1 1_1 fusion-flex-column\" style=\"--awb-bg-size:cover;--awb-width-large:100%;--awb-margin-top-large:0px;--awb-spacing-right-large:1.92%;--awb-margin-bottom-large:0px;--awb-spacing-left-large:1.92%;--awb-width-medium:100%;--awb-spacing-right-medium:1.92%;--awb-spacing-left-medium:1.92%;--awb-width-small:100%;--awb-spacing-right-small:1.92%;--awb-spacing-left-small:1.92%;\"><div class=\"fusion-column-wrapper fusion-flex-justify-content-flex-start fusion-content-layout-column\"><div class=\"fusion-text fusion-text-1\"><p style=\"text-align: justify;\">Se mantienen algunas de las propuestas desarrolladas en los \u00faltimos meses como Espacio M Virtual y se adaptan los horarios para diversificar los gustos y necesidades de todas las edades<\/p>\n<p style=\"text-align: justify;\">Algunas de las propuestas recogidas en el I Plan de Adolescencia y Juventud del municipio de Mula forman parte del programa de actividades<\/p>\n<p style=\"text-align: justify;\">Espacio M retoma su actividad presencial para j\u00f3venes y ni\u00f1os del municipio de Mula adecu\u00e1ndose a la realidad actual. As\u00ed lo ha anunciado durante la tarde de este mi\u00e9rcoles la concejala de Juventud y Adolescencia, Laura Salas, durante la presentaci\u00f3n del programa de actividades de Espacio M para los pr\u00f3ximos meses y con motivo de Halloween acto en el que ha estado acompa\u00f1ada por el t\u00e9cnico de Juventud, Francisco Egea, el responsable de Cultura de Calle, Esteban Caballero y miembros del Consejo Local de la Juventud de Mula.<\/p>\n<p style=\"text-align: justify;\">Espacio Joven abre sus puertas con multitud de actividades y manteniendo algunas de las que se han llevado a cabo en los \u00faltimos tiempos como Espacio M Virtual que, dado su buena acogida durante la \u00e9poca de pandemia, seguir\u00e1 ofreciendo algunas propuestas. Continua tambi\u00e9n el Programa de Radio Ser Joven en Mula, un espacio de entrevistas para j\u00f3venes y que se realizar\u00e1 en directo en los estudios de Radio Mula. Tambi\u00e9n destaca contar con el Plan de Adolescencia y Juventud, puesto en marcha recientemente y donde los j\u00f3venes y asociaciones y colectivos mule\u00f1os han propuesto algunas de sus inquietudes y necesidades que tambi\u00e9n forman parte de la programaci\u00f3n de Espacio M.<\/p>\n<p style=\"text-align: justify;\">Laura Salas resaltaba que ha desarrollado una programaci\u00f3n recreativa estable y adecuada al municipio con el fin de atender las necesidades y demandas infanto-juveniles de la localidad aprovechando al m\u00e1ximo las posibilidades y recursos del centro.<\/p>\n<p style=\"text-align: justify;\">A trav\u00e9s de los distintos programas se dinamizar\u00e1n y apoyar\u00e1n las programaciones propias de las asociaciones juveniles del municipio fomentando la publicidad de las actividades que se desarrollen desde cauces verdaderamente efectivos, principalmente en centros educativos y a trav\u00e9s de redes sociales para que la informaci\u00f3n llegue de manera efectiva al p\u00fablico.<\/p>\n<p style=\"text-align: justify;\">Tambi\u00e9n se establecen horarios diferenciados para poder atender todas las necesidades de las distintas franjas de edad entre los j\u00f3venes con actividades acorde a cada uno de ellos.<\/p>\n<p style=\"text-align: justify;\">Ludoteca, Espacio M en pedan\u00edas y programas de proyecci\u00f3n social introduciendo el uso de nuevos canales de distribuci\u00f3n y difusi\u00f3n de las programaciones y actuaciones ofertadas por el centro basadas, principalmente, en las nuevas tecnolog\u00edas de la informaci\u00f3n.<\/p>\n<\/div><\/div><\/div><\/div><\/div><div class=\"fusion-fullwidth fullwidth-box fusion-builder-row-2 fusion-flex-container nonhundred-percent-fullwidth non-hundred-percent-height-scrolling\" style=\"--awb-border-radius-top-left:0px;--awb-border-radius-top-right:0px;--awb-border-radius-bottom-right:0px;--awb-border-radius-bottom-left:0px;--awb-flex-wrap:wrap;\" ><div class=\"fusion-builder-row fusion-row fusion-flex-align-items-flex-start fusion-flex-content-wrap\" style=\"max-width:1144px;margin-left: calc(-4% \/ 2 );margin-right: calc(-4% \/ 2 );\"><div class=\"fusion-layout-column fusion_builder_column fusion-builder-column-1 fusion_builder_column_1_1 1_1 fusion-flex-column\" style=\"--awb-bg-size:cover;--awb-width-large:100%;--awb-margin-top-large:0px;--awb-spacing-right-large:1.92%;--awb-margin-bottom-large:20px;--awb-spacing-left-large:1.92%;--awb-width-medium:100%;--awb-order-medium:0;--awb-spacing-right-medium:1.92%;--awb-spacing-left-medium:1.92%;--awb-width-small:100%;--awb-order-small:0;--awb-spacing-right-small:1.92%;--awb-spacing-left-small:1.92%;\"><div class=\"fusion-column-wrapper fusion-column-has-shadow fusion-flex-justify-content-flex-start fusion-content-layout-column\"><div class=\"fusion-image-carousel fusion-image-carousel-auto fusion-image-carousel-1 fusion-carousel-border\"><div class=\"awb-carousel awb-swiper awb-swiper-carousel awb-carousel--carousel awb-swiper-dots-position-bottom\" data-layout=\"carousel\" data-autoplay=\"no\" data-autoplayspeed=\"2500\" data-autoplaypause=\"no\" data-loop=\"yes\" data-columns=\"5\" data-columnsmedium=\"1\" data-columnssmall=\"1\" data-itemmargin=\"13\" data-itemwidth=\"180\" data-touchscroll=\"no\" data-freemode=\"no\" data-imagesize=\"auto\" data-scrollitems=\"0\" data-centeredslides=\"no\" data-rotationangle=\"50\" data-depth=\"100\" data-speed=\"500\" data-shadow=\"no\" data-pagination=\"bullets\" style=\"--awb-border-width:1px;--awb-border-color:#e9eaee;\"><div class=\"swiper-wrapper awb-image-carousel-wrapper fusion-flex-align-items-center\"><div class=\"swiper-slide\"><div class=\"fusion-carousel-item-wrapper\"><div class=\"fusion-image-wrapper hover-type-none\"><a href=\"https:\/\/mula.es\/web\/wp-content\/uploads\/2021\/10\/espaciom6.jpg\" target=\"_self\"><img decoding=\"async\" width=\"1600\" height=\"1131\" src=\"https:\/\/mula.es\/web\/wp-content\/uploads\/2021\/10\/espaciom6.jpg\" class=\"attachment-full size-full\" alt=\"\" srcset=\"https:\/\/mula.es\/web\/wp-content\/uploads\/2021\/10\/espaciom6-200x141.jpg 200w, https:\/\/mula.es\/web\/wp-content\/uploads\/2021\/10\/espaciom6-400x283.jpg 400w, https:\/\/mula.es\/web\/wp-content\/uploads\/2021\/10\/espaciom6-600x424.jpg 600w, https:\/\/mula.es\/web\/wp-content\/uploads\/2021\/10\/espaciom6-800x566.jpg 800w, https:\/\/mula.es\/web\/wp-content\/uploads\/2021\/10\/espaciom6-1200x848.jpg 1200w, https:\/\/mula.es\/web\/wp-content\/uploads\/2021\/10\/espaciom6.jpg 1600w\" sizes=\"(min-width: 2200px) 100vw, (min-width: 928px) 210px, (min-width: 856px) 262px, (min-width: 784px) 349px, (min-width: 712px) 524px, (min-width: 640px) 712px, \" data-attachment-id=\"42604\" data-permalink=\"https:\/\/mula.es\/web\/espaciom6\/\" data-orig-file=\"https:\/\/mula.es\/web\/wp-content\/uploads\/2021\/10\/espaciom6.jpg\" data-orig-size=\"1600,1131\" data-comments-opened=\"0\" data-image-meta=\"{&quot;aperture&quot;:&quot;0&quot;,&quot;credit&quot;:&quot;&quot;,&quot;camera&quot;:&quot;&quot;,&quot;caption&quot;:&quot;&quot;,&quot;created_timestamp&quot;:&quot;0&quot;,&quot;copyright&quot;:&quot;&quot;,&quot;focal_length&quot;:&quot;0&quot;,&quot;iso&quot;:&quot;0&quot;,&quot;shutter_speed&quot;:&quot;0&quot;,&quot;title&quot;:&quot;&quot;,&quot;orientation&quot;:&quot;0&quot;}\" data-image-title=\"espaciom6\" data-image-description=\"\" data-image-caption=\"\" data-large-file=\"https:\/\/mula.es\/web\/wp-content\/uploads\/2021\/10\/espaciom6-1024x724.jpg\" \/><\/a><\/div><\/div><\/div><div class=\"swiper-slide\"><div class=\"fusion-carousel-item-wrapper\"><div class=\"fusion-image-wrapper hover-type-none\"><a href=\"https:\/\/mula.es\/web\/wp-content\/uploads\/2021\/10\/espaciom5.jpg\" target=\"_self\"><img decoding=\"async\" width=\"1600\" height=\"1130\" src=\"https:\/\/mula.es\/web\/wp-content\/uploads\/2021\/10\/espaciom5.jpg\" class=\"attachment-full size-full\" alt=\"\" srcset=\"https:\/\/mula.es\/web\/wp-content\/uploads\/2021\/10\/espaciom5-200x141.jpg 200w, https:\/\/mula.es\/web\/wp-content\/uploads\/2021\/10\/espaciom5-400x283.jpg 400w, https:\/\/mula.es\/web\/wp-content\/uploads\/2021\/10\/espaciom5-600x424.jpg 600w, https:\/\/mula.es\/web\/wp-content\/uploads\/2021\/10\/espaciom5-800x565.jpg 800w, https:\/\/mula.es\/web\/wp-content\/uploads\/2021\/10\/espaciom5-1200x848.jpg 1200w, https:\/\/mula.es\/web\/wp-content\/uploads\/2021\/10\/espaciom5.jpg 1600w\" sizes=\"(min-width: 2200px) 100vw, (min-width: 928px) 210px, (min-width: 856px) 262px, (min-width: 784px) 349px, (min-width: 712px) 524px, (min-width: 640px) 712px, \" data-attachment-id=\"42603\" data-permalink=\"https:\/\/mula.es\/web\/espaciom5\/\" data-orig-file=\"https:\/\/mula.es\/web\/wp-content\/uploads\/2021\/10\/espaciom5.jpg\" data-orig-size=\"1600,1130\" data-comments-opened=\"0\" data-image-meta=\"{&quot;aperture&quot;:&quot;0&quot;,&quot;credit&quot;:&quot;&quot;,&quot;camera&quot;:&quot;&quot;,&quot;caption&quot;:&quot;&quot;,&quot;created_timestamp&quot;:&quot;0&quot;,&quot;copyright&quot;:&quot;&quot;,&quot;focal_length&quot;:&quot;0&quot;,&quot;iso&quot;:&quot;0&quot;,&quot;shutter_speed&quot;:&quot;0&quot;,&quot;title&quot;:&quot;&quot;,&quot;orientation&quot;:&quot;0&quot;}\" data-image-title=\"espaciom5\" data-image-description=\"\" data-image-caption=\"\" data-large-file=\"https:\/\/mula.es\/web\/wp-content\/uploads\/2021\/10\/espaciom5-1024x723.jpg\" \/><\/a><\/div><\/div><\/div><div class=\"swiper-slide\"><div class=\"fusion-carousel-item-wrapper\"><div class=\"fusion-image-wrapper hover-type-none\"><a href=\"https:\/\/mula.es\/web\/wp-content\/uploads\/2021\/10\/espaciom4.jpg\" target=\"_self\"><img decoding=\"async\" width=\"1600\" height=\"1137\" src=\"https:\/\/mula.es\/web\/wp-content\/uploads\/2021\/10\/espaciom4.jpg\" class=\"attachment-full size-full\" alt=\"\" srcset=\"https:\/\/mula.es\/web\/wp-content\/uploads\/2021\/10\/espaciom4-200x142.jpg 200w, https:\/\/mula.es\/web\/wp-content\/uploads\/2021\/10\/espaciom4-400x284.jpg 400w, https:\/\/mula.es\/web\/wp-content\/uploads\/2021\/10\/espaciom4-600x426.jpg 600w, https:\/\/mula.es\/web\/wp-content\/uploads\/2021\/10\/espaciom4-800x569.jpg 800w, https:\/\/mula.es\/web\/wp-content\/uploads\/2021\/10\/espaciom4-1200x853.jpg 1200w, https:\/\/mula.es\/web\/wp-content\/uploads\/2021\/10\/espaciom4.jpg 1600w\" sizes=\"(min-width: 2200px) 100vw, (min-width: 928px) 210px, (min-width: 856px) 262px, (min-width: 784px) 349px, (min-width: 712px) 524px, (min-width: 640px) 712px, \" data-attachment-id=\"42602\" data-permalink=\"https:\/\/mula.es\/web\/espaciom4\/\" data-orig-file=\"https:\/\/mula.es\/web\/wp-content\/uploads\/2021\/10\/espaciom4.jpg\" data-orig-size=\"1600,1137\" data-comments-opened=\"0\" data-image-meta=\"{&quot;aperture&quot;:&quot;0&quot;,&quot;credit&quot;:&quot;&quot;,&quot;camera&quot;:&quot;&quot;,&quot;caption&quot;:&quot;&quot;,&quot;created_timestamp&quot;:&quot;0&quot;,&quot;copyright&quot;:&quot;&quot;,&quot;focal_length&quot;:&quot;0&quot;,&quot;iso&quot;:&quot;0&quot;,&quot;shutter_speed&quot;:&quot;0&quot;,&quot;title&quot;:&quot;&quot;,&quot;orientation&quot;:&quot;0&quot;}\" data-image-title=\"espaciom4\" data-image-description=\"\" data-image-caption=\"\" data-large-file=\"https:\/\/mula.es\/web\/wp-content\/uploads\/2021\/10\/espaciom4-1024x728.jpg\" \/><\/a><\/div><\/div><\/div><div class=\"swiper-slide\"><div class=\"fusion-carousel-item-wrapper\"><div class=\"fusion-image-wrapper hover-type-none\"><a href=\"https:\/\/mula.es\/web\/wp-content\/uploads\/2021\/10\/espaciom3.jpg\" target=\"_self\"><img decoding=\"async\" width=\"1131\" height=\"1600\" src=\"https:\/\/mula.es\/web\/wp-content\/uploads\/2021\/10\/espaciom3.jpg\" class=\"attachment-full size-full\" alt=\"\" srcset=\"https:\/\/mula.es\/web\/wp-content\/uploads\/2021\/10\/espaciom3-200x283.jpg 200w, https:\/\/mula.es\/web\/wp-content\/uploads\/2021\/10\/espaciom3-400x566.jpg 400w, https:\/\/mula.es\/web\/wp-content\/uploads\/2021\/10\/espaciom3-600x849.jpg 600w, https:\/\/mula.es\/web\/wp-content\/uploads\/2021\/10\/espaciom3-800x1132.jpg 800w, https:\/\/mula.es\/web\/wp-content\/uploads\/2021\/10\/espaciom3.jpg 1131w\" sizes=\"(min-width: 2200px) 100vw, (min-width: 928px) 210px, (min-width: 856px) 262px, (min-width: 784px) 349px, (min-width: 712px) 524px, (min-width: 640px) 712px, \" data-attachment-id=\"42601\" data-permalink=\"https:\/\/mula.es\/web\/espaciom3\/\" data-orig-file=\"https:\/\/mula.es\/web\/wp-content\/uploads\/2021\/10\/espaciom3.jpg\" data-orig-size=\"1131,1600\" data-comments-opened=\"0\" data-image-meta=\"{&quot;aperture&quot;:&quot;0&quot;,&quot;credit&quot;:&quot;&quot;,&quot;camera&quot;:&quot;&quot;,&quot;caption&quot;:&quot;&quot;,&quot;created_timestamp&quot;:&quot;0&quot;,&quot;copyright&quot;:&quot;&quot;,&quot;focal_length&quot;:&quot;0&quot;,&quot;iso&quot;:&quot;0&quot;,&quot;shutter_speed&quot;:&quot;0&quot;,&quot;title&quot;:&quot;&quot;,&quot;orientation&quot;:&quot;0&quot;}\" data-image-title=\"espaciom3\" data-image-description=\"\" data-image-caption=\"\" data-large-file=\"https:\/\/mula.es\/web\/wp-content\/uploads\/2021\/10\/espaciom3-724x1024.jpg\" \/><\/a><\/div><\/div><\/div><div class=\"swiper-slide\"><div class=\"fusion-carousel-item-wrapper\"><div class=\"fusion-image-wrapper hover-type-none\"><a href=\"https:\/\/mula.es\/web\/wp-content\/uploads\/2021\/10\/espaciom2.jpg\" target=\"_self\"><img decoding=\"async\" width=\"1132\" height=\"1600\" src=\"https:\/\/mula.es\/web\/wp-content\/uploads\/2021\/10\/espaciom2.jpg\" class=\"attachment-full size-full\" alt=\"\" srcset=\"https:\/\/mula.es\/web\/wp-content\/uploads\/2021\/10\/espaciom2-200x283.jpg 200w, https:\/\/mula.es\/web\/wp-content\/uploads\/2021\/10\/espaciom2-400x565.jpg 400w, https:\/\/mula.es\/web\/wp-content\/uploads\/2021\/10\/espaciom2-600x848.jpg 600w, https:\/\/mula.es\/web\/wp-content\/uploads\/2021\/10\/espaciom2-800x1131.jpg 800w, https:\/\/mula.es\/web\/wp-content\/uploads\/2021\/10\/espaciom2.jpg 1132w\" sizes=\"(min-width: 2200px) 100vw, (min-width: 928px) 210px, (min-width: 856px) 262px, (min-width: 784px) 349px, (min-width: 712px) 524px, (min-width: 640px) 712px, \" data-attachment-id=\"42600\" data-permalink=\"https:\/\/mula.es\/web\/espaciom2\/\" data-orig-file=\"https:\/\/mula.es\/web\/wp-content\/uploads\/2021\/10\/espaciom2.jpg\" data-orig-size=\"1132,1600\" data-comments-opened=\"0\" data-image-meta=\"{&quot;aperture&quot;:&quot;0&quot;,&quot;credit&quot;:&quot;&quot;,&quot;camera&quot;:&quot;&quot;,&quot;caption&quot;:&quot;&quot;,&quot;created_timestamp&quot;:&quot;0&quot;,&quot;copyright&quot;:&quot;&quot;,&quot;focal_length&quot;:&quot;0&quot;,&quot;iso&quot;:&quot;0&quot;,&quot;shutter_speed&quot;:&quot;0&quot;,&quot;title&quot;:&quot;&quot;,&quot;orientation&quot;:&quot;0&quot;}\" data-image-title=\"espaciom2\" data-image-description=\"\" data-image-caption=\"\" data-large-file=\"https:\/\/mula.es\/web\/wp-content\/uploads\/2021\/10\/espaciom2-724x1024.jpg\" \/><\/a><\/div><\/div><\/div><div class=\"swiper-slide\"><div class=\"fusion-carousel-item-wrapper\"><div class=\"fusion-image-wrapper hover-type-none\"><a href=\"https:\/\/mula.es\/web\/wp-content\/uploads\/2021\/10\/espaciom1.jpg\" target=\"_self\"><img decoding=\"async\" width=\"1600\" height=\"1131\" src=\"https:\/\/mula.es\/web\/wp-content\/uploads\/2021\/10\/espaciom1.jpg\" class=\"attachment-full size-full\" alt=\"\" srcset=\"https:\/\/mula.es\/web\/wp-content\/uploads\/2021\/10\/espaciom1-200x141.jpg 200w, https:\/\/mula.es\/web\/wp-content\/uploads\/2021\/10\/espaciom1-400x283.jpg 400w, https:\/\/mula.es\/web\/wp-content\/uploads\/2021\/10\/espaciom1-600x424.jpg 600w, https:\/\/mula.es\/web\/wp-content\/uploads\/2021\/10\/espaciom1-800x566.jpg 800w, https:\/\/mula.es\/web\/wp-content\/uploads\/2021\/10\/espaciom1-1200x848.jpg 1200w, https:\/\/mula.es\/web\/wp-content\/uploads\/2021\/10\/espaciom1.jpg 1600w\" sizes=\"(min-width: 2200px) 100vw, (min-width: 928px) 210px, (min-width: 856px) 262px, (min-width: 784px) 349px, (min-width: 712px) 524px, (min-width: 640px) 712px, \" data-attachment-id=\"42599\" data-permalink=\"https:\/\/mula.es\/web\/espaciom1\/\" data-orig-file=\"https:\/\/mula.es\/web\/wp-content\/uploads\/2021\/10\/espaciom1.jpg\" data-orig-size=\"1600,1131\" data-comments-opened=\"0\" data-image-meta=\"{&quot;aperture&quot;:&quot;0&quot;,&quot;credit&quot;:&quot;&quot;,&quot;camera&quot;:&quot;&quot;,&quot;caption&quot;:&quot;&quot;,&quot;created_timestamp&quot;:&quot;0&quot;,&quot;copyright&quot;:&quot;&quot;,&quot;focal_length&quot;:&quot;0&quot;,&quot;iso&quot;:&quot;0&quot;,&quot;shutter_speed&quot;:&quot;0&quot;,&quot;title&quot;:&quot;&quot;,&quot;orientation&quot;:&quot;0&quot;}\" data-image-title=\"espaciom1\" data-image-description=\"\" data-image-caption=\"\" data-large-file=\"https:\/\/mula.es\/web\/wp-content\/uploads\/2021\/10\/espaciom1-1024x724.jpg\" \/><\/a><\/div><\/div><\/div><div class=\"swiper-slide\"><div class=\"fusion-carousel-item-wrapper\"><div class=\"fusion-image-wrapper hover-type-none\"><a href=\"https:\/\/mula.es\/web\/wp-content\/uploads\/2021\/10\/actividad-consejo-scaled.jpg\" target=\"_self\"><img decoding=\"async\" width=\"1810\" height=\"2560\" src=\"https:\/\/mula.es\/web\/wp-content\/uploads\/2021\/10\/actividad-consejo-scaled.jpg\" class=\"attachment-full size-full\" alt=\"\" srcset=\"https:\/\/mula.es\/web\/wp-content\/uploads\/2021\/10\/actividad-consejo-200x283.jpg 200w, https:\/\/mula.es\/web\/wp-content\/uploads\/2021\/10\/actividad-consejo-400x566.jpg 400w, https:\/\/mula.es\/web\/wp-content\/uploads\/2021\/10\/actividad-consejo-600x849.jpg 600w, https:\/\/mula.es\/web\/wp-content\/uploads\/2021\/10\/actividad-consejo-800x1132.jpg 800w, https:\/\/mula.es\/web\/wp-content\/uploads\/2021\/10\/actividad-consejo-1200x1698.jpg 1200w, https:\/\/mula.es\/web\/wp-content\/uploads\/2021\/10\/actividad-consejo-scaled.jpg 1810w\" sizes=\"(min-width: 2200px) 100vw, (min-width: 928px) 210px, (min-width: 856px) 262px, (min-width: 784px) 349px, (min-width: 712px) 524px, (min-width: 640px) 712px, \" data-attachment-id=\"42598\" data-permalink=\"https:\/\/mula.es\/web\/actividad-consejo\/\" data-orig-file=\"https:\/\/mula.es\/web\/wp-content\/uploads\/2021\/10\/actividad-consejo-scaled.jpg\" data-orig-size=\"1810,2560\" data-comments-opened=\"0\" data-image-meta=\"{&quot;aperture&quot;:&quot;0&quot;,&quot;credit&quot;:&quot;&quot;,&quot;camera&quot;:&quot;&quot;,&quot;caption&quot;:&quot;&quot;,&quot;created_timestamp&quot;:&quot;0&quot;,&quot;copyright&quot;:&quot;&quot;,&quot;focal_length&quot;:&quot;0&quot;,&quot;iso&quot;:&quot;0&quot;,&quot;shutter_speed&quot;:&quot;0&quot;,&quot;title&quot;:&quot;&quot;,&quot;orientation&quot;:&quot;0&quot;}\" data-image-title=\"actividad consejo\" data-image-description=\"\" data-image-caption=\"\" data-large-file=\"https:\/\/mula.es\/web\/wp-content\/uploads\/2021\/10\/actividad-consejo-724x1024.jpg\" \/><\/a><\/div><\/div><\/div><\/div><div class=\"awb-swiper-button awb-swiper-button-prev\"><i class=\"awb-icon-angle-left\" aria-hidden=\"true\"><\/i><\/div><div class=\"awb-swiper-button awb-swiper-button-next\"><i class=\"awb-icon-angle-right\" aria-hidden=\"true\"><\/i><\/div><\/div><\/div><\/div><\/div><\/div><\/div><\/p>\n","protected":false},"excerpt":{"rendered":"","protected":false},"author":9,"featured_media":14289,"comment_status":"closed","ping_status":"closed","sticky":false,"template":"","format":"standard","meta":{"jetpack_post_was_ever_published":false,"_jetpack_newsletter_access":"","_jetpack_dont_email_post_to_subs":false,"_jetpack_newsletter_tier_id":0,"_jetpack_memberships_contains_paywalled_content":false,"_jetpack_memberships_contains_paid_content":false,"footnotes":"","jetpack_publicize_message":"","jetpack_publicize_feature_enabled":true,"jetpack_social_post_already_shared":false,"jetpack_social_options":{"image_generator_settings":{"template":"highway","default_image_id":0,"font":"","enabled":false},"version":2}},"categories":[87],"tags":[279],"class_list":["post-42572","post","type-post","status-publish","format-standard","has-post-thumbnail","hentry","category-juventud-y-adolescencia","tag-espacio-m"],"yoast_head":"<!-- This site is optimized with the Yoast SEO plugin v27.5 - https:\/\/yoast.com\/product\/yoast-seo-wordpress\/ -->\n<title>JUVENTUD | Espacio M retoma su actividad presencial con multitud de actividades y propuestas para ni\u00f1os y j\u00f3venes del municipio y pedan\u00edas - Ayuntamiento de Mula<\/title>\n<meta name=\"robots\" content=\"index, follow, max-snippet:-1, max-image-preview:large, max-video-preview:-1\" \/>\n<link rel=\"canonical\" href=\"https:\/\/mula.es\/web\/juventud-espacio-m-retoma-su-actividad-presencial-con-multitud-de-actividades-y-propuestas-para-ninos-y-jovenes-del-municipio-y-pedanias\/\" \/>\n<meta property=\"og:locale\" content=\"es_ES\" \/>\n<meta property=\"og:type\" content=\"article\" \/>\n<meta property=\"og:title\" content=\"JUVENTUD | Espacio M retoma su actividad presencial con multitud de actividades y propuestas para ni\u00f1os y j\u00f3venes del municipio y pedan\u00edas - Ayuntamiento de Mula\" \/>\n<meta property=\"og:url\" content=\"https:\/\/mula.es\/web\/juventud-espacio-m-retoma-su-actividad-presencial-con-multitud-de-actividades-y-propuestas-para-ninos-y-jovenes-del-municipio-y-pedanias\/\" \/>\n<meta property=\"og:site_name\" content=\"Ayuntamiento de Mula\" \/>\n<meta property=\"article:published_time\" content=\"2021-10-21T06:23:49+00:00\" \/>\n<meta property=\"article:modified_time\" content=\"2021-10-22T09:22:19+00:00\" \/>\n<meta property=\"og:image\" content=\"https:\/\/i0.wp.com\/mula.es\/web\/wp-content\/uploads\/2016\/02\/logoespaciom.png?fit=170%2C120&ssl=1\" \/>\n\t<meta property=\"og:image:width\" content=\"170\" \/>\n\t<meta property=\"og:image:height\" content=\"120\" \/>\n\t<meta property=\"og:image:type\" content=\"image\/png\" \/>\n<meta name=\"author\" content=\"Rosario Mart\u00ednez\" \/>\n<meta name=\"twitter:card\" content=\"summary_large_image\" \/>\n<meta name=\"twitter:image\" content=\"https:\/\/mula.es\/web\/wp-content\/uploads\/2020\/06\/cropped-escudo-cuadrado.jpg\" \/>\n<meta name=\"twitter:creator\" content=\"@AyuntamientMula\" \/>\n<meta name=\"twitter:site\" content=\"@AyuntamientMula\" \/>\n<meta name=\"twitter:label1\" content=\"Escrito por\" \/>\n\t<meta name=\"twitter:data1\" content=\"Rosario Mart\u00ednez\" \/>\n\t<meta name=\"twitter:label2\" content=\"Tiempo de lectura\" \/>\n\t<meta name=\"twitter:data2\" content=\"4 minutos\" \/>\n<script type=\"application\/ld+json\" class=\"yoast-schema-graph\">{\"@context\":\"https:\\\/\\\/schema.org\",\"@graph\":[{\"@type\":\"Article\",\"@id\":\"https:\\\/\\\/mula.es\\\/web\\\/juventud-espacio-m-retoma-su-actividad-presencial-con-multitud-de-actividades-y-propuestas-para-ninos-y-jovenes-del-municipio-y-pedanias\\\/#article\",\"isPartOf\":{\"@id\":\"https:\\\/\\\/mula.es\\\/web\\\/juventud-espacio-m-retoma-su-actividad-presencial-con-multitud-de-actividades-y-propuestas-para-ninos-y-jovenes-del-municipio-y-pedanias\\\/\"},\"author\":{\"name\":\"Rosario Mart\u00ednez\",\"@id\":\"https:\\\/\\\/mula.es\\\/web\\\/#\\\/schema\\\/person\\\/f8d63bd3ab6e7b025268b909b7ab0771\"},\"headline\":\"JUVENTUD | Espacio M retoma su actividad presencial con multitud de actividades y propuestas para ni\u00f1os y j\u00f3venes del municipio y pedan\u00edas\",\"datePublished\":\"2021-10-21T06:23:49+00:00\",\"dateModified\":\"2021-10-22T09:22:19+00:00\",\"mainEntityOfPage\":{\"@id\":\"https:\\\/\\\/mula.es\\\/web\\\/juventud-espacio-m-retoma-su-actividad-presencial-con-multitud-de-actividades-y-propuestas-para-ninos-y-jovenes-del-municipio-y-pedanias\\\/\"},\"wordCount\":1404,\"image\":{\"@id\":\"https:\\\/\\\/mula.es\\\/web\\\/juventud-espacio-m-retoma-su-actividad-presencial-con-multitud-de-actividades-y-propuestas-para-ninos-y-jovenes-del-municipio-y-pedanias\\\/#primaryimage\"},\"thumbnailUrl\":\"https:\\\/\\\/mula.es\\\/web\\\/wp-content\\\/uploads\\\/2016\\\/02\\\/logoespaciom.png\",\"keywords\":[\"espacio m\"],\"articleSection\":[\"juventud y adolescencia\"],\"inLanguage\":\"es\"},{\"@type\":\"WebPage\",\"@id\":\"https:\\\/\\\/mula.es\\\/web\\\/juventud-espacio-m-retoma-su-actividad-presencial-con-multitud-de-actividades-y-propuestas-para-ninos-y-jovenes-del-municipio-y-pedanias\\\/\",\"url\":\"https:\\\/\\\/mula.es\\\/web\\\/juventud-espacio-m-retoma-su-actividad-presencial-con-multitud-de-actividades-y-propuestas-para-ninos-y-jovenes-del-municipio-y-pedanias\\\/\",\"name\":\"JUVENTUD | Espacio M retoma su actividad presencial con multitud de actividades y propuestas para ni\u00f1os y j\u00f3venes del municipio y pedan\u00edas - Ayuntamiento de Mula\",\"isPartOf\":{\"@id\":\"https:\\\/\\\/mula.es\\\/web\\\/#website\"},\"primaryImageOfPage\":{\"@id\":\"https:\\\/\\\/mula.es\\\/web\\\/juventud-espacio-m-retoma-su-actividad-presencial-con-multitud-de-actividades-y-propuestas-para-ninos-y-jovenes-del-municipio-y-pedanias\\\/#primaryimage\"},\"image\":{\"@id\":\"https:\\\/\\\/mula.es\\\/web\\\/juventud-espacio-m-retoma-su-actividad-presencial-con-multitud-de-actividades-y-propuestas-para-ninos-y-jovenes-del-municipio-y-pedanias\\\/#primaryimage\"},\"thumbnailUrl\":\"https:\\\/\\\/mula.es\\\/web\\\/wp-content\\\/uploads\\\/2016\\\/02\\\/logoespaciom.png\",\"datePublished\":\"2021-10-21T06:23:49+00:00\",\"dateModified\":\"2021-10-22T09:22:19+00:00\",\"author\":{\"@id\":\"https:\\\/\\\/mula.es\\\/web\\\/#\\\/schema\\\/person\\\/f8d63bd3ab6e7b025268b909b7ab0771\"},\"breadcrumb\":{\"@id\":\"https:\\\/\\\/mula.es\\\/web\\\/juventud-espacio-m-retoma-su-actividad-presencial-con-multitud-de-actividades-y-propuestas-para-ninos-y-jovenes-del-municipio-y-pedanias\\\/#breadcrumb\"},\"inLanguage\":\"es\",\"potentialAction\":[{\"@type\":\"ReadAction\",\"target\":[\"https:\\\/\\\/mula.es\\\/web\\\/juventud-espacio-m-retoma-su-actividad-presencial-con-multitud-de-actividades-y-propuestas-para-ninos-y-jovenes-del-municipio-y-pedanias\\\/\"]}]},{\"@type\":\"ImageObject\",\"inLanguage\":\"es\",\"@id\":\"https:\\\/\\\/mula.es\\\/web\\\/juventud-espacio-m-retoma-su-actividad-presencial-con-multitud-de-actividades-y-propuestas-para-ninos-y-jovenes-del-municipio-y-pedanias\\\/#primaryimage\",\"url\":\"https:\\\/\\\/mula.es\\\/web\\\/wp-content\\\/uploads\\\/2016\\\/02\\\/logoespaciom.png\",\"contentUrl\":\"https:\\\/\\\/mula.es\\\/web\\\/wp-content\\\/uploads\\\/2016\\\/02\\\/logoespaciom.png\",\"width\":170,\"height\":120,\"caption\":\"Logo Espacio M\"},{\"@type\":\"BreadcrumbList\",\"@id\":\"https:\\\/\\\/mula.es\\\/web\\\/juventud-espacio-m-retoma-su-actividad-presencial-con-multitud-de-actividades-y-propuestas-para-ninos-y-jovenes-del-municipio-y-pedanias\\\/#breadcrumb\",\"itemListElement\":[{\"@type\":\"ListItem\",\"position\":1,\"name\":\"Portada\",\"item\":\"https:\\\/\\\/mula.es\\\/web\\\/\"},{\"@type\":\"ListItem\",\"position\":2,\"name\":\"JUVENTUD | Espacio M retoma su actividad presencial con multitud de actividades y propuestas para ni\u00f1os y j\u00f3venes del municipio y pedan\u00edas\"}]},{\"@type\":\"WebSite\",\"@id\":\"https:\\\/\\\/mula.es\\\/web\\\/#website\",\"url\":\"https:\\\/\\\/mula.es\\\/web\\\/\",\"name\":\"Ayuntamiento de Mula\",\"description\":\"P\u00e1gina web del Ayuntamiento de Mula (Regi\u00f3n de Murcia)\",\"potentialAction\":[{\"@type\":\"SearchAction\",\"target\":{\"@type\":\"EntryPoint\",\"urlTemplate\":\"https:\\\/\\\/mula.es\\\/web\\\/?s={search_term_string}\"},\"query-input\":{\"@type\":\"PropertyValueSpecification\",\"valueRequired\":true,\"valueName\":\"search_term_string\"}}],\"inLanguage\":\"es\"},{\"@type\":\"Person\",\"@id\":\"https:\\\/\\\/mula.es\\\/web\\\/#\\\/schema\\\/person\\\/f8d63bd3ab6e7b025268b909b7ab0771\",\"name\":\"Rosario Mart\u00ednez\",\"image\":{\"@type\":\"ImageObject\",\"inLanguage\":\"es\",\"@id\":\"https:\\\/\\\/secure.gravatar.com\\\/avatar\\\/ce916b980ac93e5b1d36e6068357675d4e089a572ebc8789fcb807c2fb2edfef?s=96&d=mm&r=g\",\"url\":\"https:\\\/\\\/secure.gravatar.com\\\/avatar\\\/ce916b980ac93e5b1d36e6068357675d4e089a572ebc8789fcb807c2fb2edfef?s=96&d=mm&r=g\",\"contentUrl\":\"https:\\\/\\\/secure.gravatar.com\\\/avatar\\\/ce916b980ac93e5b1d36e6068357675d4e089a572ebc8789fcb807c2fb2edfef?s=96&d=mm&r=g\",\"caption\":\"Rosario Mart\u00ednez\"},\"url\":\"https:\\\/\\\/mula.es\\\/web\\\/author\\\/rmartinez\\\/\"}]}<\/script>\n<!-- \/ Yoast SEO plugin. -->","yoast_head_json":{"title":"JUVENTUD | Espacio M retoma su actividad presencial con multitud de actividades y propuestas para ni\u00f1os y j\u00f3venes del municipio y pedan\u00edas - Ayuntamiento de Mula","robots":{"index":"index","follow":"follow","max-snippet":"max-snippet:-1","max-image-preview":"max-image-preview:large","max-video-preview":"max-video-preview:-1"},"canonical":"https:\/\/mula.es\/web\/juventud-espacio-m-retoma-su-actividad-presencial-con-multitud-de-actividades-y-propuestas-para-ninos-y-jovenes-del-municipio-y-pedanias\/","og_locale":"es_ES","og_type":"article","og_title":"JUVENTUD | Espacio M retoma su actividad presencial con multitud de actividades y propuestas para ni\u00f1os y j\u00f3venes del municipio y pedan\u00edas - Ayuntamiento de Mula","og_url":"https:\/\/mula.es\/web\/juventud-espacio-m-retoma-su-actividad-presencial-con-multitud-de-actividades-y-propuestas-para-ninos-y-jovenes-del-municipio-y-pedanias\/","og_site_name":"Ayuntamiento de Mula","article_published_time":"2021-10-21T06:23:49+00:00","article_modified_time":"2021-10-22T09:22:19+00:00","og_image":[{"width":170,"height":120,"url":"https:\/\/i0.wp.com\/mula.es\/web\/wp-content\/uploads\/2016\/02\/logoespaciom.png?fit=170%2C120&ssl=1","type":"image\/png"}],"author":"Rosario Mart\u00ednez","twitter_card":"summary_large_image","twitter_image":"https:\/\/mula.es\/web\/wp-content\/uploads\/2020\/06\/cropped-escudo-cuadrado.jpg","twitter_creator":"@AyuntamientMula","twitter_site":"@AyuntamientMula","twitter_misc":{"Escrito por":"Rosario Mart\u00ednez","Tiempo de lectura":"4 minutos"},"schema":{"@context":"https:\/\/schema.org","@graph":[{"@type":"Article","@id":"https:\/\/mula.es\/web\/juventud-espacio-m-retoma-su-actividad-presencial-con-multitud-de-actividades-y-propuestas-para-ninos-y-jovenes-del-municipio-y-pedanias\/#article","isPartOf":{"@id":"https:\/\/mula.es\/web\/juventud-espacio-m-retoma-su-actividad-presencial-con-multitud-de-actividades-y-propuestas-para-ninos-y-jovenes-del-municipio-y-pedanias\/"},"author":{"name":"Rosario Mart\u00ednez","@id":"https:\/\/mula.es\/web\/#\/schema\/person\/f8d63bd3ab6e7b025268b909b7ab0771"},"headline":"JUVENTUD | Espacio M retoma su actividad presencial con multitud de actividades y propuestas para ni\u00f1os y j\u00f3venes del municipio y pedan\u00edas","datePublished":"2021-10-21T06:23:49+00:00","dateModified":"2021-10-22T09:22:19+00:00","mainEntityOfPage":{"@id":"https:\/\/mula.es\/web\/juventud-espacio-m-retoma-su-actividad-presencial-con-multitud-de-actividades-y-propuestas-para-ninos-y-jovenes-del-municipio-y-pedanias\/"},"wordCount":1404,"image":{"@id":"https:\/\/mula.es\/web\/juventud-espacio-m-retoma-su-actividad-presencial-con-multitud-de-actividades-y-propuestas-para-ninos-y-jovenes-del-municipio-y-pedanias\/#primaryimage"},"thumbnailUrl":"https:\/\/mula.es\/web\/wp-content\/uploads\/2016\/02\/logoespaciom.png","keywords":["espacio m"],"articleSection":["juventud y adolescencia"],"inLanguage":"es"},{"@type":"WebPage","@id":"https:\/\/mula.es\/web\/juventud-espacio-m-retoma-su-actividad-presencial-con-multitud-de-actividades-y-propuestas-para-ninos-y-jovenes-del-municipio-y-pedanias\/","url":"https:\/\/mula.es\/web\/juventud-espacio-m-retoma-su-actividad-presencial-con-multitud-de-actividades-y-propuestas-para-ninos-y-jovenes-del-municipio-y-pedanias\/","name":"JUVENTUD | Espacio M retoma su actividad presencial con multitud de actividades y propuestas para ni\u00f1os y j\u00f3venes del municipio y pedan\u00edas - Ayuntamiento de Mula","isPartOf":{"@id":"https:\/\/mula.es\/web\/#website"},"primaryImageOfPage":{"@id":"https:\/\/mula.es\/web\/juventud-espacio-m-retoma-su-actividad-presencial-con-multitud-de-actividades-y-propuestas-para-ninos-y-jovenes-del-municipio-y-pedanias\/#primaryimage"},"image":{"@id":"https:\/\/mula.es\/web\/juventud-espacio-m-retoma-su-actividad-presencial-con-multitud-de-actividades-y-propuestas-para-ninos-y-jovenes-del-municipio-y-pedanias\/#primaryimage"},"thumbnailUrl":"https:\/\/mula.es\/web\/wp-content\/uploads\/2016\/02\/logoespaciom.png","datePublished":"2021-10-21T06:23:49+00:00","dateModified":"2021-10-22T09:22:19+00:00","author":{"@id":"https:\/\/mula.es\/web\/#\/schema\/person\/f8d63bd3ab6e7b025268b909b7ab0771"},"breadcrumb":{"@id":"https:\/\/mula.es\/web\/juventud-espacio-m-retoma-su-actividad-presencial-con-multitud-de-actividades-y-propuestas-para-ninos-y-jovenes-del-municipio-y-pedanias\/#breadcrumb"},"inLanguage":"es","potentialAction":[{"@type":"ReadAction","target":["https:\/\/mula.es\/web\/juventud-espacio-m-retoma-su-actividad-presencial-con-multitud-de-actividades-y-propuestas-para-ninos-y-jovenes-del-municipio-y-pedanias\/"]}]},{"@type":"ImageObject","inLanguage":"es","@id":"https:\/\/mula.es\/web\/juventud-espacio-m-retoma-su-actividad-presencial-con-multitud-de-actividades-y-propuestas-para-ninos-y-jovenes-del-municipio-y-pedanias\/#primaryimage","url":"https:\/\/mula.es\/web\/wp-content\/uploads\/2016\/02\/logoespaciom.png","contentUrl":"https:\/\/mula.es\/web\/wp-content\/uploads\/2016\/02\/logoespaciom.png","width":170,"height":120,"caption":"Logo Espacio M"},{"@type":"BreadcrumbList","@id":"https:\/\/mula.es\/web\/juventud-espacio-m-retoma-su-actividad-presencial-con-multitud-de-actividades-y-propuestas-para-ninos-y-jovenes-del-municipio-y-pedanias\/#breadcrumb","itemListElement":[{"@type":"ListItem","position":1,"name":"Portada","item":"https:\/\/mula.es\/web\/"},{"@type":"ListItem","position":2,"name":"JUVENTUD | Espacio M retoma su actividad presencial con multitud de actividades y propuestas para ni\u00f1os y j\u00f3venes del municipio y pedan\u00edas"}]},{"@type":"WebSite","@id":"https:\/\/mula.es\/web\/#website","url":"https:\/\/mula.es\/web\/","name":"Ayuntamiento de Mula","description":"P\u00e1gina web del Ayuntamiento de Mula (Regi\u00f3n de Murcia)","potentialAction":[{"@type":"SearchAction","target":{"@type":"EntryPoint","urlTemplate":"https:\/\/mula.es\/web\/?s={search_term_string}"},"query-input":{"@type":"PropertyValueSpecification","valueRequired":true,"valueName":"search_term_string"}}],"inLanguage":"es"},{"@type":"Person","@id":"https:\/\/mula.es\/web\/#\/schema\/person\/f8d63bd3ab6e7b025268b909b7ab0771","name":"Rosario Mart\u00ednez","image":{"@type":"ImageObject","inLanguage":"es","@id":"https:\/\/secure.gravatar.com\/avatar\/ce916b980ac93e5b1d36e6068357675d4e089a572ebc8789fcb807c2fb2edfef?s=96&d=mm&r=g","url":"https:\/\/secure.gravatar.com\/avatar\/ce916b980ac93e5b1d36e6068357675d4e089a572ebc8789fcb807c2fb2edfef?s=96&d=mm&r=g","contentUrl":"https:\/\/secure.gravatar.com\/avatar\/ce916b980ac93e5b1d36e6068357675d4e089a572ebc8789fcb807c2fb2edfef?s=96&d=mm&r=g","caption":"Rosario Mart\u00ednez"},"url":"https:\/\/mula.es\/web\/author\/rmartinez\/"}]}},"jetpack_publicize_connections":[],"jetpack_featured_media_url":"https:\/\/mula.es\/web\/wp-content\/uploads\/2016\/02\/logoespaciom.png","jetpack_sharing_enabled":true,"jetpack_shortlink":"https:\/\/wp.me\/pa9DMY-b4E","jetpack-related-posts":[],"_links":{"self":[{"href":"https:\/\/mula.es\/web\/wp-json\/wp\/v2\/posts\/42572","targetHints":{"allow":["GET"]}}],"collection":[{"href":"https:\/\/mula.es\/web\/wp-json\/wp\/v2\/posts"}],"about":[{"href":"https:\/\/mula.es\/web\/wp-json\/wp\/v2\/types\/post"}],"author":[{"embeddable":true,"href":"https:\/\/mula.es\/web\/wp-json\/wp\/v2\/users\/9"}],"replies":[{"embeddable":true,"href":"https:\/\/mula.es\/web\/wp-json\/wp\/v2\/comments?post=42572"}],"version-history":[{"count":3,"href":"https:\/\/mula.es\/web\/wp-json\/wp\/v2\/posts\/42572\/revisions"}],"predecessor-version":[{"id":42606,"href":"https:\/\/mula.es\/web\/wp-json\/wp\/v2\/posts\/42572\/revisions\/42606"}],"wp:featuredmedia":[{"embeddable":true,"href":"https:\/\/mula.es\/web\/wp-json\/wp\/v2\/media\/14289"}],"wp:attachment":[{"href":"https:\/\/mula.es\/web\/wp-json\/wp\/v2\/media?parent=42572"}],"wp:term":[{"taxonomy":"category","embeddable":true,"href":"https:\/\/mula.es\/web\/wp-json\/wp\/v2\/categories?post=42572"},{"taxonomy":"post_tag","embeddable":true,"href":"https:\/\/mula.es\/web\/wp-json\/wp\/v2\/tags?post=42572"}],"curies":[{"name":"wp","href":"https:\/\/api.w.org\/{rel}","templated":true}]}}