{"id":42609,"date":"2021-10-22T11:37:34","date_gmt":"2021-10-22T09:37:34","guid":{"rendered":"https:\/\/mula.es\/web\/?p=42609"},"modified":"2021-10-22T11:39:16","modified_gmt":"2021-10-22T09:39:16","slug":"cultura-programa-cultural-de-octubre-noviembre-y-diciembre","status":"publish","type":"post","link":"https:\/\/mula.es\/web\/cultura-programa-cultural-de-octubre-noviembre-y-diciembre\/","title":{"rendered":"CULTURA | Programa cultural de octubre, noviembre y diciembre"},"content":{"rendered":"<div class=\"fusion-fullwidth fullwidth-box fusion-builder-row-1 fusion-flex-container nonhundred-percent-fullwidth non-hundred-percent-height-scrolling\" style=\"--awb-border-radius-top-left:0px;--awb-border-radius-top-right:0px;--awb-border-radius-bottom-right:0px;--awb-border-radius-bottom-left:0px;--awb-flex-wrap:wrap;\" ><div class=\"fusion-builder-row fusion-row fusion-flex-align-items-flex-start fusion-flex-content-wrap\" style=\"max-width:1144px;margin-left: calc(-4% \/ 2 );margin-right: calc(-4% \/ 2 );\"><div class=\"fusion-layout-column fusion_builder_column fusion-builder-column-0 fusion_builder_column_1_1 1_1 fusion-flex-column\" style=\"--awb-bg-size:cover;--awb-width-large:100%;--awb-margin-top-large:0px;--awb-spacing-right-large:1.92%;--awb-margin-bottom-large:0px;--awb-spacing-left-large:1.92%;--awb-width-medium:100%;--awb-spacing-right-medium:1.92%;--awb-spacing-left-medium:1.92%;--awb-width-small:100%;--awb-spacing-right-small:1.92%;--awb-spacing-left-small:1.92%;\"><div class=\"fusion-column-wrapper fusion-flex-justify-content-flex-start fusion-content-layout-column\"><div class=\"fusion-text fusion-text-1\"><p style=\"text-align: justify;\">La Concejal\u00eda de Cultura y Patrimonio Hist\u00f3rico se complace en adjuntarle la programaci\u00f3n cultural para octubre, noviembre y diciembre,\u00a0 al tiempo que le anima a participar en los eventos programados.<\/p>\n<div style=\"text-align: justify;\"><\/div>\n<div style=\"text-align: justify;\">Le recuerdo los medios de venta de entradas de los eventos de pago.<\/div>\n<div style=\"text-align: justify;\"><\/div>\n<div style=\"text-align: justify;\">&#8211; Por internet: <a role=\"link\" href=\"https:\/\/l.facebook.com\/l.php?u=https%3A%2F%2Fmula.es%2Fweb%2Fcultura-y-festejos%2Fcine%2F%3Ffbclid%3DIwAR0TtYv6aVsINElsU78YiwBOnChwZdyfephyLkyhkgXUrfUtbmwD1O5-BNo&amp;h=AT174rKkL4OZEBaVZfK4oLLCf6m1p3z1k3rfNhU-mhigktsMGeAcee0h3ywuxIkZSlhb8tDbtvjRktPJs2PW8K_VCpZTCWbPtM1Ouyv084E_2ThIm_uMB-65B1_JfpgGDAI&amp;__tn__=-UK-R&amp;c&#091;0&#093;=AT1GCCXGbXnyaZYrAn9LmrSPdgi4pI0laCesUEF_ti3_DJcaLD8Cltli7zDIQJOg0Yci0HdL-4evBuM2cDik73ZistEjiESEL37TPmfeHGTCu5WibGwJ87zF8IlG73MHPKfGzF2LzD0qRkvPaMgs2StN1pLbsKdL5o6EHnwxa6diBsVFGB5rCuhQKs5J6G17gNjGloqt\" target=\"_blank\" rel=\"nofollow noopener\" data-saferedirecturl=\"https:\/\/www.google.com\/url?q=https:\/\/l.facebook.com\/l.php?u%3Dhttps%253A%252F%252Fmula.es%252Fweb%252Fcultura-y-festejos%252Fcine%252F%253Ffbclid%253DIwAR0TtYv6aVsINElsU78YiwBOnChwZdyfephyLkyhkgXUrfUtbmwD1O5-BNo%26h%3DAT174rKkL4OZEBaVZfK4oLLCf6m1p3z1k3rfNhU-mhigktsMGeAcee0h3ywuxIkZSlhb8tDbtvjRktPJs2PW8K_VCpZTCWbPtM1Ouyv084E_2ThIm_uMB-65B1_JfpgGDAI%26__tn__%3D-UK-R%26c%5B0%5D%3DAT1GCCXGbXnyaZYrAn9LmrSPdgi4pI0laCesUEF_ti3_DJcaLD8Cltli7zDIQJOg0Yci0HdL-4evBuM2cDik73ZistEjiESEL37TPmfeHGTCu5WibGwJ87zF8IlG73MHPKfGzF2LzD0qRkvPaMgs2StN1pLbsKdL5o6EHnwxa6diBsVFGB5rCuhQKs5J6G17gNjGloqt&amp;source=gmail&amp;ust=1634973932495000&amp;usg=AFQjCNEF_4karNugLmBId2mUgHKES_aX2Q\">https:\/\/mula.es\/web\/cultura-y-<wbr \/>festejos\/cine\/<\/a><\/div>\n<div>\n<div dir=\"auto\" style=\"text-align: justify;\">&#8211; Taquilla del Cine Lope de Vega en d\u00edas de proyecci\u00f3n de cine y el d\u00eda del evento una hora antes de su inicio.<\/div>\n<\/div>\n<div dir=\"auto\"><\/div>\n<div dir=\"auto\"><\/div>\n<div dir=\"auto\"><\/div>\n<div dir=\"auto\"><\/div>\n<\/div><\/div><\/div><div class=\"fusion-layout-column fusion_builder_column fusion-builder-column-1 fusion_builder_column_1_1 1_1 fusion-flex-column\" style=\"--awb-bg-size:cover;--awb-width-large:100%;--awb-margin-top-large:0px;--awb-spacing-right-large:1.92%;--awb-margin-bottom-large:0px;--awb-spacing-left-large:1.92%;--awb-width-medium:100%;--awb-spacing-right-medium:1.92%;--awb-spacing-left-medium:1.92%;--awb-width-small:100%;--awb-spacing-right-small:1.92%;--awb-spacing-left-small:1.92%;\"><div class=\"fusion-column-wrapper fusion-flex-justify-content-flex-start fusion-content-layout-column\"><div class=\"fusion-text fusion-text-2\"><p><a href=\"https:\/\/mula.es\/web\/wp-content\/uploads\/2021\/10\/PROGRAMACION-CULTURA-2021-01-scaled.jpg\"><img decoding=\"async\" data-attachment-id=\"42585\" data-permalink=\"https:\/\/mula.es\/web\/cultura-conciertos-exposiciones-literatura-o-pintura-son-algunas-de-las-propuestas-culturales-en-mula-para-los-proximos-meses\/programacion-cultura-2021-01\/\" data-orig-file=\"https:\/\/mula.es\/web\/wp-content\/uploads\/2021\/10\/PROGRAMACION-CULTURA-2021-01-scaled.jpg\" data-orig-size=\"1682,2560\" data-comments-opened=\"0\" data-image-meta=\"\" data-image-title=\"PROGRAMACION CULTURA 2021-01\" data-image-description=\"\" data-image-caption=\"\" data-large-file=\"https:\/\/mula.es\/web\/wp-content\/uploads\/2021\/10\/PROGRAMACION-CULTURA-2021-01-673x1024.jpg\" class=\"size-large wp-image-42585 aligncenter\" src=\"https:\/\/mula.es\/web\/wp-content\/uploads\/2021\/10\/PROGRAMACION-CULTURA-2021-01-673x1024.jpg\" alt=\"\" width=\"673\" height=\"1024\" srcset=\"https:\/\/mula.es\/web\/wp-content\/uploads\/2021\/10\/PROGRAMACION-CULTURA-2021-01-197x300.jpg 197w, https:\/\/mula.es\/web\/wp-content\/uploads\/2021\/10\/PROGRAMACION-CULTURA-2021-01-200x304.jpg 200w, https:\/\/mula.es\/web\/wp-content\/uploads\/2021\/10\/PROGRAMACION-CULTURA-2021-01-400x609.jpg 400w, https:\/\/mula.es\/web\/wp-content\/uploads\/2021\/10\/PROGRAMACION-CULTURA-2021-01-600x913.jpg 600w, https:\/\/mula.es\/web\/wp-content\/uploads\/2021\/10\/PROGRAMACION-CULTURA-2021-01-673x1024.jpg 673w, https:\/\/mula.es\/web\/wp-content\/uploads\/2021\/10\/PROGRAMACION-CULTURA-2021-01-768x1169.jpg 768w, https:\/\/mula.es\/web\/wp-content\/uploads\/2021\/10\/PROGRAMACION-CULTURA-2021-01-800x1217.jpg 800w, https:\/\/mula.es\/web\/wp-content\/uploads\/2021\/10\/PROGRAMACION-CULTURA-2021-01-1009x1536.jpg 1009w, https:\/\/mula.es\/web\/wp-content\/uploads\/2021\/10\/PROGRAMACION-CULTURA-2021-01-1200x1826.jpg 1200w, https:\/\/mula.es\/web\/wp-content\/uploads\/2021\/10\/PROGRAMACION-CULTURA-2021-01-1346x2048.jpg 1346w, https:\/\/mula.es\/web\/wp-content\/uploads\/2021\/10\/PROGRAMACION-CULTURA-2021-01-scaled.jpg 1682w\" sizes=\"(max-width: 673px) 100vw, 673px\" \/><\/a><\/p>\n<\/div><\/div><\/div><\/div><\/div>\n","protected":false},"excerpt":{"rendered":"","protected":false},"author":9,"featured_media":33514,"comment_status":"closed","ping_status":"closed","sticky":false,"template":"","format":"standard","meta":{"jetpack_post_was_ever_published":false,"_jetpack_newsletter_access":"","_jetpack_dont_email_post_to_subs":false,"_jetpack_newsletter_tier_id":0,"_jetpack_memberships_contains_paywalled_content":false,"_jetpack_memberships_contains_paid_content":false,"footnotes":"","jetpack_publicize_message":"","jetpack_publicize_feature_enabled":true,"jetpack_social_post_already_shared":false,"jetpack_social_options":{"image_generator_settings":{"template":"highway","default_image_id":0,"font":"","enabled":false},"version":2}},"categories":[97],"tags":[766],"class_list":["post-42609","post","type-post","status-publish","format-standard","has-post-thumbnail","hentry","category-cultura","tag-programa-cultural"],"yoast_head":"<!-- This site is optimized with the Yoast SEO plugin v27.5 - https:\/\/yoast.com\/product\/yoast-seo-wordpress\/ -->\n<title>CULTURA | Programa cultural de octubre, noviembre y diciembre - Ayuntamiento de Mula<\/title>\n<meta name=\"robots\" content=\"index, follow, max-snippet:-1, max-image-preview:large, max-video-preview:-1\" \/>\n<link rel=\"canonical\" href=\"https:\/\/mula.es\/web\/cultura-programa-cultural-de-octubre-noviembre-y-diciembre\/\" \/>\n<meta property=\"og:locale\" content=\"es_ES\" \/>\n<meta property=\"og:type\" content=\"article\" \/>\n<meta property=\"og:title\" content=\"CULTURA | Programa cultural de octubre, noviembre y diciembre - Ayuntamiento de Mula\" \/>\n<meta property=\"og:url\" content=\"https:\/\/mula.es\/web\/cultura-programa-cultural-de-octubre-noviembre-y-diciembre\/\" \/>\n<meta property=\"og:site_name\" content=\"Ayuntamiento de Mula\" \/>\n<meta property=\"article:published_time\" content=\"2021-10-22T09:37:34+00:00\" \/>\n<meta property=\"article:modified_time\" content=\"2021-10-22T09:39:16+00:00\" \/>\n<meta property=\"og:image\" content=\"https:\/\/i0.wp.com\/mula.es\/web\/wp-content\/uploads\/2020\/06\/cropped-escudo-cuadrado.jpg?fit=512%2C512&ssl=1\" \/>\n\t<meta property=\"og:image:width\" content=\"512\" \/>\n\t<meta property=\"og:image:height\" content=\"512\" \/>\n\t<meta property=\"og:image:type\" content=\"image\/jpeg\" \/>\n<meta name=\"author\" content=\"Rosario Mart\u00ednez\" \/>\n<meta name=\"twitter:card\" content=\"summary_large_image\" \/>\n<meta name=\"twitter:image\" content=\"https:\/\/mula.es\/web\/wp-content\/uploads\/2020\/06\/cropped-escudo-cuadrado.jpg\" \/>\n<meta name=\"twitter:creator\" content=\"@AyuntamientMula\" \/>\n<meta name=\"twitter:site\" content=\"@AyuntamientMula\" \/>\n<meta name=\"twitter:label1\" content=\"Escrito por\" \/>\n\t<meta name=\"twitter:data1\" content=\"Rosario Mart\u00ednez\" \/>\n\t<meta name=\"twitter:label2\" content=\"Tiempo de lectura\" \/>\n\t<meta name=\"twitter:data2\" content=\"1 minuto\" \/>\n<script type=\"application\/ld+json\" class=\"yoast-schema-graph\">{\"@context\":\"https:\\\/\\\/schema.org\",\"@graph\":[{\"@type\":\"Article\",\"@id\":\"https:\\\/\\\/mula.es\\\/web\\\/cultura-programa-cultural-de-octubre-noviembre-y-diciembre\\\/#article\",\"isPartOf\":{\"@id\":\"https:\\\/\\\/mula.es\\\/web\\\/cultura-programa-cultural-de-octubre-noviembre-y-diciembre\\\/\"},\"author\":{\"name\":\"Rosario Mart\u00ednez\",\"@id\":\"https:\\\/\\\/mula.es\\\/web\\\/#\\\/schema\\\/person\\\/f8d63bd3ab6e7b025268b909b7ab0771\"},\"headline\":\"CULTURA | Programa cultural de octubre, noviembre y diciembre\",\"datePublished\":\"2021-10-22T09:37:34+00:00\",\"dateModified\":\"2021-10-22T09:39:16+00:00\",\"mainEntityOfPage\":{\"@id\":\"https:\\\/\\\/mula.es\\\/web\\\/cultura-programa-cultural-de-octubre-noviembre-y-diciembre\\\/\"},\"wordCount\":484,\"image\":{\"@id\":\"https:\\\/\\\/mula.es\\\/web\\\/cultura-programa-cultural-de-octubre-noviembre-y-diciembre\\\/#primaryimage\"},\"thumbnailUrl\":\"https:\\\/\\\/mula.es\\\/web\\\/wp-content\\\/uploads\\\/2020\\\/06\\\/cropped-escudo-cuadrado.jpg\",\"keywords\":[\"programa cultural\"],\"articleSection\":[\"cultura\"],\"inLanguage\":\"es\"},{\"@type\":\"WebPage\",\"@id\":\"https:\\\/\\\/mula.es\\\/web\\\/cultura-programa-cultural-de-octubre-noviembre-y-diciembre\\\/\",\"url\":\"https:\\\/\\\/mula.es\\\/web\\\/cultura-programa-cultural-de-octubre-noviembre-y-diciembre\\\/\",\"name\":\"CULTURA | Programa cultural de octubre, noviembre y diciembre - Ayuntamiento de Mula\",\"isPartOf\":{\"@id\":\"https:\\\/\\\/mula.es\\\/web\\\/#website\"},\"primaryImageOfPage\":{\"@id\":\"https:\\\/\\\/mula.es\\\/web\\\/cultura-programa-cultural-de-octubre-noviembre-y-diciembre\\\/#primaryimage\"},\"image\":{\"@id\":\"https:\\\/\\\/mula.es\\\/web\\\/cultura-programa-cultural-de-octubre-noviembre-y-diciembre\\\/#primaryimage\"},\"thumbnailUrl\":\"https:\\\/\\\/mula.es\\\/web\\\/wp-content\\\/uploads\\\/2020\\\/06\\\/cropped-escudo-cuadrado.jpg\",\"datePublished\":\"2021-10-22T09:37:34+00:00\",\"dateModified\":\"2021-10-22T09:39:16+00:00\",\"author\":{\"@id\":\"https:\\\/\\\/mula.es\\\/web\\\/#\\\/schema\\\/person\\\/f8d63bd3ab6e7b025268b909b7ab0771\"},\"breadcrumb\":{\"@id\":\"https:\\\/\\\/mula.es\\\/web\\\/cultura-programa-cultural-de-octubre-noviembre-y-diciembre\\\/#breadcrumb\"},\"inLanguage\":\"es\",\"potentialAction\":[{\"@type\":\"ReadAction\",\"target\":[\"https:\\\/\\\/mula.es\\\/web\\\/cultura-programa-cultural-de-octubre-noviembre-y-diciembre\\\/\"]}]},{\"@type\":\"ImageObject\",\"inLanguage\":\"es\",\"@id\":\"https:\\\/\\\/mula.es\\\/web\\\/cultura-programa-cultural-de-octubre-noviembre-y-diciembre\\\/#primaryimage\",\"url\":\"https:\\\/\\\/mula.es\\\/web\\\/wp-content\\\/uploads\\\/2020\\\/06\\\/cropped-escudo-cuadrado.jpg\",\"contentUrl\":\"https:\\\/\\\/mula.es\\\/web\\\/wp-content\\\/uploads\\\/2020\\\/06\\\/cropped-escudo-cuadrado.jpg\",\"width\":512,\"height\":512},{\"@type\":\"BreadcrumbList\",\"@id\":\"https:\\\/\\\/mula.es\\\/web\\\/cultura-programa-cultural-de-octubre-noviembre-y-diciembre\\\/#breadcrumb\",\"itemListElement\":[{\"@type\":\"ListItem\",\"position\":1,\"name\":\"Portada\",\"item\":\"https:\\\/\\\/mula.es\\\/web\\\/\"},{\"@type\":\"ListItem\",\"position\":2,\"name\":\"CULTURA | Programa cultural de octubre, noviembre y diciembre\"}]},{\"@type\":\"WebSite\",\"@id\":\"https:\\\/\\\/mula.es\\\/web\\\/#website\",\"url\":\"https:\\\/\\\/mula.es\\\/web\\\/\",\"name\":\"Ayuntamiento de Mula\",\"description\":\"P\u00e1gina web del Ayuntamiento de Mula (Regi\u00f3n de Murcia)\",\"potentialAction\":[{\"@type\":\"SearchAction\",\"target\":{\"@type\":\"EntryPoint\",\"urlTemplate\":\"https:\\\/\\\/mula.es\\\/web\\\/?s={search_term_string}\"},\"query-input\":{\"@type\":\"PropertyValueSpecification\",\"valueRequired\":true,\"valueName\":\"search_term_string\"}}],\"inLanguage\":\"es\"},{\"@type\":\"Person\",\"@id\":\"https:\\\/\\\/mula.es\\\/web\\\/#\\\/schema\\\/person\\\/f8d63bd3ab6e7b025268b909b7ab0771\",\"name\":\"Rosario Mart\u00ednez\",\"image\":{\"@type\":\"ImageObject\",\"inLanguage\":\"es\",\"@id\":\"https:\\\/\\\/secure.gravatar.com\\\/avatar\\\/ce916b980ac93e5b1d36e6068357675d4e089a572ebc8789fcb807c2fb2edfef?s=96&d=mm&r=g\",\"url\":\"https:\\\/\\\/secure.gravatar.com\\\/avatar\\\/ce916b980ac93e5b1d36e6068357675d4e089a572ebc8789fcb807c2fb2edfef?s=96&d=mm&r=g\",\"contentUrl\":\"https:\\\/\\\/secure.gravatar.com\\\/avatar\\\/ce916b980ac93e5b1d36e6068357675d4e089a572ebc8789fcb807c2fb2edfef?s=96&d=mm&r=g\",\"caption\":\"Rosario Mart\u00ednez\"},\"url\":\"https:\\\/\\\/mula.es\\\/web\\\/author\\\/rmartinez\\\/\"}]}<\/script>\n<!-- \/ Yoast SEO plugin. -->","yoast_head_json":{"title":"CULTURA | Programa cultural de octubre, noviembre y diciembre - Ayuntamiento de Mula","robots":{"index":"index","follow":"follow","max-snippet":"max-snippet:-1","max-image-preview":"max-image-preview:large","max-video-preview":"max-video-preview:-1"},"canonical":"https:\/\/mula.es\/web\/cultura-programa-cultural-de-octubre-noviembre-y-diciembre\/","og_locale":"es_ES","og_type":"article","og_title":"CULTURA | Programa cultural de octubre, noviembre y diciembre - Ayuntamiento de Mula","og_url":"https:\/\/mula.es\/web\/cultura-programa-cultural-de-octubre-noviembre-y-diciembre\/","og_site_name":"Ayuntamiento de Mula","article_published_time":"2021-10-22T09:37:34+00:00","article_modified_time":"2021-10-22T09:39:16+00:00","og_image":[{"width":512,"height":512,"url":"https:\/\/i0.wp.com\/mula.es\/web\/wp-content\/uploads\/2020\/06\/cropped-escudo-cuadrado.jpg?fit=512%2C512&ssl=1","type":"image\/jpeg"}],"author":"Rosario Mart\u00ednez","twitter_card":"summary_large_image","twitter_image":"https:\/\/mula.es\/web\/wp-content\/uploads\/2020\/06\/cropped-escudo-cuadrado.jpg","twitter_creator":"@AyuntamientMula","twitter_site":"@AyuntamientMula","twitter_misc":{"Escrito por":"Rosario Mart\u00ednez","Tiempo de lectura":"1 minuto"},"schema":{"@context":"https:\/\/schema.org","@graph":[{"@type":"Article","@id":"https:\/\/mula.es\/web\/cultura-programa-cultural-de-octubre-noviembre-y-diciembre\/#article","isPartOf":{"@id":"https:\/\/mula.es\/web\/cultura-programa-cultural-de-octubre-noviembre-y-diciembre\/"},"author":{"name":"Rosario Mart\u00ednez","@id":"https:\/\/mula.es\/web\/#\/schema\/person\/f8d63bd3ab6e7b025268b909b7ab0771"},"headline":"CULTURA | Programa cultural de octubre, noviembre y diciembre","datePublished":"2021-10-22T09:37:34+00:00","dateModified":"2021-10-22T09:39:16+00:00","mainEntityOfPage":{"@id":"https:\/\/mula.es\/web\/cultura-programa-cultural-de-octubre-noviembre-y-diciembre\/"},"wordCount":484,"image":{"@id":"https:\/\/mula.es\/web\/cultura-programa-cultural-de-octubre-noviembre-y-diciembre\/#primaryimage"},"thumbnailUrl":"https:\/\/mula.es\/web\/wp-content\/uploads\/2020\/06\/cropped-escudo-cuadrado.jpg","keywords":["programa cultural"],"articleSection":["cultura"],"inLanguage":"es"},{"@type":"WebPage","@id":"https:\/\/mula.es\/web\/cultura-programa-cultural-de-octubre-noviembre-y-diciembre\/","url":"https:\/\/mula.es\/web\/cultura-programa-cultural-de-octubre-noviembre-y-diciembre\/","name":"CULTURA | Programa cultural de octubre, noviembre y diciembre - Ayuntamiento de Mula","isPartOf":{"@id":"https:\/\/mula.es\/web\/#website"},"primaryImageOfPage":{"@id":"https:\/\/mula.es\/web\/cultura-programa-cultural-de-octubre-noviembre-y-diciembre\/#primaryimage"},"image":{"@id":"https:\/\/mula.es\/web\/cultura-programa-cultural-de-octubre-noviembre-y-diciembre\/#primaryimage"},"thumbnailUrl":"https:\/\/mula.es\/web\/wp-content\/uploads\/2020\/06\/cropped-escudo-cuadrado.jpg","datePublished":"2021-10-22T09:37:34+00:00","dateModified":"2021-10-22T09:39:16+00:00","author":{"@id":"https:\/\/mula.es\/web\/#\/schema\/person\/f8d63bd3ab6e7b025268b909b7ab0771"},"breadcrumb":{"@id":"https:\/\/mula.es\/web\/cultura-programa-cultural-de-octubre-noviembre-y-diciembre\/#breadcrumb"},"inLanguage":"es","potentialAction":[{"@type":"ReadAction","target":["https:\/\/mula.es\/web\/cultura-programa-cultural-de-octubre-noviembre-y-diciembre\/"]}]},{"@type":"ImageObject","inLanguage":"es","@id":"https:\/\/mula.es\/web\/cultura-programa-cultural-de-octubre-noviembre-y-diciembre\/#primaryimage","url":"https:\/\/mula.es\/web\/wp-content\/uploads\/2020\/06\/cropped-escudo-cuadrado.jpg","contentUrl":"https:\/\/mula.es\/web\/wp-content\/uploads\/2020\/06\/cropped-escudo-cuadrado.jpg","width":512,"height":512},{"@type":"BreadcrumbList","@id":"https:\/\/mula.es\/web\/cultura-programa-cultural-de-octubre-noviembre-y-diciembre\/#breadcrumb","itemListElement":[{"@type":"ListItem","position":1,"name":"Portada","item":"https:\/\/mula.es\/web\/"},{"@type":"ListItem","position":2,"name":"CULTURA | Programa cultural de octubre, noviembre y diciembre"}]},{"@type":"WebSite","@id":"https:\/\/mula.es\/web\/#website","url":"https:\/\/mula.es\/web\/","name":"Ayuntamiento de Mula","description":"P\u00e1gina web del Ayuntamiento de Mula (Regi\u00f3n de Murcia)","potentialAction":[{"@type":"SearchAction","target":{"@type":"EntryPoint","urlTemplate":"https:\/\/mula.es\/web\/?s={search_term_string}"},"query-input":{"@type":"PropertyValueSpecification","valueRequired":true,"valueName":"search_term_string"}}],"inLanguage":"es"},{"@type":"Person","@id":"https:\/\/mula.es\/web\/#\/schema\/person\/f8d63bd3ab6e7b025268b909b7ab0771","name":"Rosario Mart\u00ednez","image":{"@type":"ImageObject","inLanguage":"es","@id":"https:\/\/secure.gravatar.com\/avatar\/ce916b980ac93e5b1d36e6068357675d4e089a572ebc8789fcb807c2fb2edfef?s=96&d=mm&r=g","url":"https:\/\/secure.gravatar.com\/avatar\/ce916b980ac93e5b1d36e6068357675d4e089a572ebc8789fcb807c2fb2edfef?s=96&d=mm&r=g","contentUrl":"https:\/\/secure.gravatar.com\/avatar\/ce916b980ac93e5b1d36e6068357675d4e089a572ebc8789fcb807c2fb2edfef?s=96&d=mm&r=g","caption":"Rosario Mart\u00ednez"},"url":"https:\/\/mula.es\/web\/author\/rmartinez\/"}]}},"jetpack_publicize_connections":[],"jetpack_featured_media_url":"https:\/\/mula.es\/web\/wp-content\/uploads\/2020\/06\/cropped-escudo-cuadrado.jpg","jetpack_sharing_enabled":true,"jetpack_shortlink":"https:\/\/wp.me\/pa9DMY-b5f","jetpack-related-posts":[],"_links":{"self":[{"href":"https:\/\/mula.es\/web\/wp-json\/wp\/v2\/posts\/42609","targetHints":{"allow":["GET"]}}],"collection":[{"href":"https:\/\/mula.es\/web\/wp-json\/wp\/v2\/posts"}],"about":[{"href":"https:\/\/mula.es\/web\/wp-json\/wp\/v2\/types\/post"}],"author":[{"embeddable":true,"href":"https:\/\/mula.es\/web\/wp-json\/wp\/v2\/users\/9"}],"replies":[{"embeddable":true,"href":"https:\/\/mula.es\/web\/wp-json\/wp\/v2\/comments?post=42609"}],"version-history":[{"count":3,"href":"https:\/\/mula.es\/web\/wp-json\/wp\/v2\/posts\/42609\/revisions"}],"predecessor-version":[{"id":42612,"href":"https:\/\/mula.es\/web\/wp-json\/wp\/v2\/posts\/42609\/revisions\/42612"}],"wp:featuredmedia":[{"embeddable":true,"href":"https:\/\/mula.es\/web\/wp-json\/wp\/v2\/media\/33514"}],"wp:attachment":[{"href":"https:\/\/mula.es\/web\/wp-json\/wp\/v2\/media?parent=42609"}],"wp:term":[{"taxonomy":"category","embeddable":true,"href":"https:\/\/mula.es\/web\/wp-json\/wp\/v2\/categories?post=42609"},{"taxonomy":"post_tag","embeddable":true,"href":"https:\/\/mula.es\/web\/wp-json\/wp\/v2\/tags?post=42609"}],"curies":[{"name":"wp","href":"https:\/\/api.w.org\/{rel}","templated":true}]}}