{"id":42695,"date":"2021-10-29T21:09:15","date_gmt":"2021-10-29T19:09:15","guid":{"rendered":"https:\/\/mula.es\/web\/?p=42695"},"modified":"2021-10-29T21:09:15","modified_gmt":"2021-10-29T19:09:15","slug":"mula-inicia-el-expediente-de-nombramiento-como-hijo-adoptivo-de-la-ciudad-para-tomas-buitrago-olivares","status":"publish","type":"post","link":"https:\/\/mula.es\/web\/mula-inicia-el-expediente-de-nombramiento-como-hijo-adoptivo-de-la-ciudad-para-tomas-buitrago-olivares\/","title":{"rendered":"Mula inicia el expediente de nombramiento como Hijo Adoptivo de la Ciudad para Tom\u00e1s Buitrago Olivares"},"content":{"rendered":"<p style=\"text-align: justify;\">El Pleno del Ayuntamiento de Mula ha aprobado por unanimidad de todos los grupos municipales iniciar el expediente de nombramiento como Hijo Adoptivo de la Ciudad de Mula para Tom\u00e1s Buitrago Olivares, quien acaba de dejar su puesto como presidente de la Cooperativa de Frutas y C\u00edtricos de Mula tras m\u00e1s de 30 a\u00f1os en el cargo por su dilatada vida profesional siempre orientada a la mejora de la agricultura y los agricultores.<\/p>\n<p style=\"text-align: justify;\">Naci\u00f3 en jumilla en el a\u00f1o 1934 donde ten\u00eda parte de su familia y a los pocos meses se vino a Mula con sus padres. Creci\u00f3 en las fincas donde su padre fue encargado en Mula y Alhama.<\/p>\n<p style=\"text-align: justify;\">De ni\u00f1o-adolescente incluso estudio m\u00fasica y estuvo en la banda de m\u00fasica de Mula con el saxof\u00f3n hasta que se tuvo que marchar a Alhama con sus padres.<\/p>\n<p style=\"text-align: justify;\">A su vuelta, empez\u00f3 de joven a trabajar en finca de Manuel Llanos y tan joven pas\u00f3 a ser encargado de finca. Despu\u00e9s pas\u00f3 a ser pocero con el aljibero e incluso se fue un tiempo Francia a la vendimia.<\/p>\n<p style=\"text-align: justify;\">Para seguir con el sustento de su familia cogi\u00f3 a medias la finca de las Braulias de los Maluendas. Compagin\u00f3 esto con trabajos externos junto a su hermano Paco dando servicios de fumigaci\u00f3n a los agricultores de la zona y despu\u00e9s ampliando con un taller de maquinaria agr\u00edcola y distribuci\u00f3n de fitosanitarios y abonos. La empresa era Comercial Agr\u00edcola Mule\u00f1a. Al lado junto al restaurante el Cristo.<\/p>\n<p style=\"text-align: justify;\">Hoy esta empresa ha crecido hasta convertirse un Grupo empresarial de servicios al agricultor referente en el levante espa\u00f1ol con 8 delegaciones y m\u00e1s de 120 empleados.<\/p>\n<p style=\"text-align: justify;\">Estuvo presente en la fundaci\u00f3n de la cooperativa junto a su hijo Jos\u00e9 Mar\u00eda Buitrago y ha sido presidente hasta este mismo a\u00f1o.<\/p>\n<p style=\"text-align: justify;\">Ha ganado algunos premios como referente en el sector agr\u00edcola como el de Huertano del A\u00f1o en abril del 2000 o este mismo a\u00f1o con el Premios Agroalimentarios de La Verdad que recibir\u00e1 el 28 de octubre.<\/p>\n","protected":false},"excerpt":{"rendered":"<p>El Pleno del Ayuntamiento de Mula ha aprobado por unanimidad de todos los grupos municipales iniciar el expediente de nombramiento como Hijo Adoptivo de la Ciudad de Mula para Tom\u00e1s Buitrago Olivares, quien acaba de dejar su puesto como presidente de la Cooperativa de Frutas y C\u00edtricos de Mula tras m\u00e1s de 30 a\u00f1os en  [&#8230;]<\/p>\n","protected":false},"author":1,"featured_media":42696,"comment_status":"closed","ping_status":"closed","sticky":false,"template":"","format":"standard","meta":{"jetpack_post_was_ever_published":false,"_jetpack_newsletter_access":"","_jetpack_dont_email_post_to_subs":false,"_jetpack_newsletter_tier_id":0,"_jetpack_memberships_contains_paywalled_content":false,"_jetpack_memberships_contains_paid_content":false,"footnotes":"","jetpack_publicize_message":"","jetpack_publicize_feature_enabled":true,"jetpack_social_post_already_shared":false,"jetpack_social_options":{"image_generator_settings":{"template":"highway","default_image_id":0,"font":"","enabled":false},"version":2}},"categories":[769,768],"tags":[],"class_list":["post-42695","post","type-post","status-publish","format-standard","has-post-thumbnail","hentry","category-hijo-adoptivo","category-pleno"],"yoast_head":"<!-- This site is optimized with the Yoast SEO plugin v27.5 - https:\/\/yoast.com\/product\/yoast-seo-wordpress\/ -->\n<title>Mula inicia el expediente de nombramiento como Hijo Adoptivo de la Ciudad para Tom\u00e1s Buitrago Olivares - Ayuntamiento de Mula<\/title>\n<meta name=\"robots\" content=\"index, follow, max-snippet:-1, max-image-preview:large, max-video-preview:-1\" \/>\n<link rel=\"canonical\" href=\"https:\/\/mula.es\/web\/mula-inicia-el-expediente-de-nombramiento-como-hijo-adoptivo-de-la-ciudad-para-tomas-buitrago-olivares\/\" \/>\n<meta property=\"og:locale\" content=\"es_ES\" \/>\n<meta property=\"og:type\" content=\"article\" \/>\n<meta property=\"og:title\" content=\"Mula inicia el expediente de nombramiento como Hijo Adoptivo de la Ciudad para Tom\u00e1s Buitrago Olivares - Ayuntamiento de Mula\" \/>\n<meta property=\"og:description\" content=\"El Pleno del Ayuntamiento de Mula ha aprobado por unanimidad de todos los grupos municipales iniciar el expediente de nombramiento como Hijo Adoptivo de la Ciudad de Mula para Tom\u00e1s Buitrago Olivares, quien acaba de dejar su puesto como presidente de la Cooperativa de Frutas y C\u00edtricos de Mula tras m\u00e1s de 30 a\u00f1os en [...]\" \/>\n<meta property=\"og:url\" content=\"https:\/\/mula.es\/web\/mula-inicia-el-expediente-de-nombramiento-como-hijo-adoptivo-de-la-ciudad-para-tomas-buitrago-olivares\/\" \/>\n<meta property=\"og:site_name\" content=\"Ayuntamiento de Mula\" \/>\n<meta property=\"article:published_time\" content=\"2021-10-29T19:09:15+00:00\" \/>\n<meta property=\"og:image\" content=\"https:\/\/i0.wp.com\/mula.es\/web\/wp-content\/uploads\/2021\/10\/Fotografia-Tomas-Buitrago.jpg?fit=1024%2C768&ssl=1\" \/>\n\t<meta property=\"og:image:width\" content=\"1024\" \/>\n\t<meta property=\"og:image:height\" content=\"768\" \/>\n\t<meta property=\"og:image:type\" content=\"image\/jpeg\" \/>\n<meta name=\"author\" content=\"admin\" \/>\n<meta name=\"twitter:card\" content=\"summary_large_image\" \/>\n<meta name=\"twitter:image\" content=\"https:\/\/mula.es\/web\/wp-content\/uploads\/2021\/10\/Fotografia-Tomas-Buitrago-1.jpg\" \/>\n<meta name=\"twitter:creator\" content=\"@AyuntamientMula\" \/>\n<meta name=\"twitter:site\" content=\"@AyuntamientMula\" \/>\n<meta name=\"twitter:label1\" content=\"Escrito por\" \/>\n\t<meta name=\"twitter:data1\" content=\"admin\" \/>\n\t<meta name=\"twitter:label2\" content=\"Tiempo de lectura\" \/>\n\t<meta name=\"twitter:data2\" content=\"2 minutos\" \/>\n<script type=\"application\/ld+json\" class=\"yoast-schema-graph\">{\"@context\":\"https:\\\/\\\/schema.org\",\"@graph\":[{\"@type\":\"Article\",\"@id\":\"https:\\\/\\\/mula.es\\\/web\\\/mula-inicia-el-expediente-de-nombramiento-como-hijo-adoptivo-de-la-ciudad-para-tomas-buitrago-olivares\\\/#article\",\"isPartOf\":{\"@id\":\"https:\\\/\\\/mula.es\\\/web\\\/mula-inicia-el-expediente-de-nombramiento-como-hijo-adoptivo-de-la-ciudad-para-tomas-buitrago-olivares\\\/\"},\"author\":{\"name\":\"admin\",\"@id\":\"https:\\\/\\\/mula.es\\\/web\\\/#\\\/schema\\\/person\\\/a0dbffe9f4a3ed4aaebedcfef02f71a1\"},\"headline\":\"Mula inicia el expediente de nombramiento como Hijo Adoptivo de la Ciudad para Tom\u00e1s Buitrago Olivares\",\"datePublished\":\"2021-10-29T19:09:15+00:00\",\"mainEntityOfPage\":{\"@id\":\"https:\\\/\\\/mula.es\\\/web\\\/mula-inicia-el-expediente-de-nombramiento-como-hijo-adoptivo-de-la-ciudad-para-tomas-buitrago-olivares\\\/\"},\"wordCount\":369,\"image\":{\"@id\":\"https:\\\/\\\/mula.es\\\/web\\\/mula-inicia-el-expediente-de-nombramiento-como-hijo-adoptivo-de-la-ciudad-para-tomas-buitrago-olivares\\\/#primaryimage\"},\"thumbnailUrl\":\"https:\\\/\\\/mula.es\\\/web\\\/wp-content\\\/uploads\\\/2021\\\/10\\\/Fotografia-Tomas-Buitrago.jpg\",\"articleSection\":[\"hijo adoptivo\",\"pleno\"],\"inLanguage\":\"es\"},{\"@type\":\"WebPage\",\"@id\":\"https:\\\/\\\/mula.es\\\/web\\\/mula-inicia-el-expediente-de-nombramiento-como-hijo-adoptivo-de-la-ciudad-para-tomas-buitrago-olivares\\\/\",\"url\":\"https:\\\/\\\/mula.es\\\/web\\\/mula-inicia-el-expediente-de-nombramiento-como-hijo-adoptivo-de-la-ciudad-para-tomas-buitrago-olivares\\\/\",\"name\":\"Mula inicia el expediente de nombramiento como Hijo Adoptivo de la Ciudad para Tom\u00e1s Buitrago Olivares - Ayuntamiento de Mula\",\"isPartOf\":{\"@id\":\"https:\\\/\\\/mula.es\\\/web\\\/#website\"},\"primaryImageOfPage\":{\"@id\":\"https:\\\/\\\/mula.es\\\/web\\\/mula-inicia-el-expediente-de-nombramiento-como-hijo-adoptivo-de-la-ciudad-para-tomas-buitrago-olivares\\\/#primaryimage\"},\"image\":{\"@id\":\"https:\\\/\\\/mula.es\\\/web\\\/mula-inicia-el-expediente-de-nombramiento-como-hijo-adoptivo-de-la-ciudad-para-tomas-buitrago-olivares\\\/#primaryimage\"},\"thumbnailUrl\":\"https:\\\/\\\/mula.es\\\/web\\\/wp-content\\\/uploads\\\/2021\\\/10\\\/Fotografia-Tomas-Buitrago.jpg\",\"datePublished\":\"2021-10-29T19:09:15+00:00\",\"author\":{\"@id\":\"https:\\\/\\\/mula.es\\\/web\\\/#\\\/schema\\\/person\\\/a0dbffe9f4a3ed4aaebedcfef02f71a1\"},\"breadcrumb\":{\"@id\":\"https:\\\/\\\/mula.es\\\/web\\\/mula-inicia-el-expediente-de-nombramiento-como-hijo-adoptivo-de-la-ciudad-para-tomas-buitrago-olivares\\\/#breadcrumb\"},\"inLanguage\":\"es\",\"potentialAction\":[{\"@type\":\"ReadAction\",\"target\":[\"https:\\\/\\\/mula.es\\\/web\\\/mula-inicia-el-expediente-de-nombramiento-como-hijo-adoptivo-de-la-ciudad-para-tomas-buitrago-olivares\\\/\"]}]},{\"@type\":\"ImageObject\",\"inLanguage\":\"es\",\"@id\":\"https:\\\/\\\/mula.es\\\/web\\\/mula-inicia-el-expediente-de-nombramiento-como-hijo-adoptivo-de-la-ciudad-para-tomas-buitrago-olivares\\\/#primaryimage\",\"url\":\"https:\\\/\\\/mula.es\\\/web\\\/wp-content\\\/uploads\\\/2021\\\/10\\\/Fotografia-Tomas-Buitrago.jpg\",\"contentUrl\":\"https:\\\/\\\/mula.es\\\/web\\\/wp-content\\\/uploads\\\/2021\\\/10\\\/Fotografia-Tomas-Buitrago.jpg\",\"width\":1024,\"height\":768},{\"@type\":\"BreadcrumbList\",\"@id\":\"https:\\\/\\\/mula.es\\\/web\\\/mula-inicia-el-expediente-de-nombramiento-como-hijo-adoptivo-de-la-ciudad-para-tomas-buitrago-olivares\\\/#breadcrumb\",\"itemListElement\":[{\"@type\":\"ListItem\",\"position\":1,\"name\":\"Portada\",\"item\":\"https:\\\/\\\/mula.es\\\/web\\\/\"},{\"@type\":\"ListItem\",\"position\":2,\"name\":\"Mula inicia el expediente de nombramiento como Hijo Adoptivo de la Ciudad para Tom\u00e1s Buitrago Olivares\"}]},{\"@type\":\"WebSite\",\"@id\":\"https:\\\/\\\/mula.es\\\/web\\\/#website\",\"url\":\"https:\\\/\\\/mula.es\\\/web\\\/\",\"name\":\"Ayuntamiento de Mula\",\"description\":\"P\u00e1gina web del Ayuntamiento de Mula (Regi\u00f3n de Murcia)\",\"potentialAction\":[{\"@type\":\"SearchAction\",\"target\":{\"@type\":\"EntryPoint\",\"urlTemplate\":\"https:\\\/\\\/mula.es\\\/web\\\/?s={search_term_string}\"},\"query-input\":{\"@type\":\"PropertyValueSpecification\",\"valueRequired\":true,\"valueName\":\"search_term_string\"}}],\"inLanguage\":\"es\"},{\"@type\":\"Person\",\"@id\":\"https:\\\/\\\/mula.es\\\/web\\\/#\\\/schema\\\/person\\\/a0dbffe9f4a3ed4aaebedcfef02f71a1\",\"name\":\"admin\",\"image\":{\"@type\":\"ImageObject\",\"inLanguage\":\"es\",\"@id\":\"https:\\\/\\\/secure.gravatar.com\\\/avatar\\\/5423b9cd77f4c7f89a124365a268866f9dfee038c17fe9e37afd92b5920d810e?s=96&d=mm&r=g\",\"url\":\"https:\\\/\\\/secure.gravatar.com\\\/avatar\\\/5423b9cd77f4c7f89a124365a268866f9dfee038c17fe9e37afd92b5920d810e?s=96&d=mm&r=g\",\"contentUrl\":\"https:\\\/\\\/secure.gravatar.com\\\/avatar\\\/5423b9cd77f4c7f89a124365a268866f9dfee038c17fe9e37afd92b5920d810e?s=96&d=mm&r=g\",\"caption\":\"admin\"},\"description\":\"Lorem ipsum dolor sit amet, consectetur adipiscing elit. Nam viverra euismod odio, gravida pellentesque urna varius vitae. Sed dui lorem, adipiscing in adipiscing et, interdum nec metus. Mauris ultricies, justo eu convallis placerat, felis enim ornare nisi, vitae mattis nulla ante id dui. Ut lectus purus, commodo et tincidunt vel, interdum sed lectus. Vestibulum adipiscing tempor nisi id elementi.\",\"url\":\"https:\\\/\\\/mula.es\\\/web\\\/author\\\/jose-maria-boti\\\/\"}]}<\/script>\n<!-- \/ Yoast SEO plugin. -->","yoast_head_json":{"title":"Mula inicia el expediente de nombramiento como Hijo Adoptivo de la Ciudad para Tom\u00e1s Buitrago Olivares - Ayuntamiento de Mula","robots":{"index":"index","follow":"follow","max-snippet":"max-snippet:-1","max-image-preview":"max-image-preview:large","max-video-preview":"max-video-preview:-1"},"canonical":"https:\/\/mula.es\/web\/mula-inicia-el-expediente-de-nombramiento-como-hijo-adoptivo-de-la-ciudad-para-tomas-buitrago-olivares\/","og_locale":"es_ES","og_type":"article","og_title":"Mula inicia el expediente de nombramiento como Hijo Adoptivo de la Ciudad para Tom\u00e1s Buitrago Olivares - Ayuntamiento de Mula","og_description":"El Pleno del Ayuntamiento de Mula ha aprobado por unanimidad de todos los grupos municipales iniciar el expediente de nombramiento como Hijo Adoptivo de la Ciudad de Mula para Tom\u00e1s Buitrago Olivares, quien acaba de dejar su puesto como presidente de la Cooperativa de Frutas y C\u00edtricos de Mula tras m\u00e1s de 30 a\u00f1os en [...]","og_url":"https:\/\/mula.es\/web\/mula-inicia-el-expediente-de-nombramiento-como-hijo-adoptivo-de-la-ciudad-para-tomas-buitrago-olivares\/","og_site_name":"Ayuntamiento de Mula","article_published_time":"2021-10-29T19:09:15+00:00","og_image":[{"width":1024,"height":768,"url":"https:\/\/i0.wp.com\/mula.es\/web\/wp-content\/uploads\/2021\/10\/Fotografia-Tomas-Buitrago.jpg?fit=1024%2C768&ssl=1","type":"image\/jpeg"}],"author":"admin","twitter_card":"summary_large_image","twitter_image":"https:\/\/mula.es\/web\/wp-content\/uploads\/2021\/10\/Fotografia-Tomas-Buitrago-1.jpg","twitter_creator":"@AyuntamientMula","twitter_site":"@AyuntamientMula","twitter_misc":{"Escrito por":"admin","Tiempo de lectura":"2 minutos"},"schema":{"@context":"https:\/\/schema.org","@graph":[{"@type":"Article","@id":"https:\/\/mula.es\/web\/mula-inicia-el-expediente-de-nombramiento-como-hijo-adoptivo-de-la-ciudad-para-tomas-buitrago-olivares\/#article","isPartOf":{"@id":"https:\/\/mula.es\/web\/mula-inicia-el-expediente-de-nombramiento-como-hijo-adoptivo-de-la-ciudad-para-tomas-buitrago-olivares\/"},"author":{"name":"admin","@id":"https:\/\/mula.es\/web\/#\/schema\/person\/a0dbffe9f4a3ed4aaebedcfef02f71a1"},"headline":"Mula inicia el expediente de nombramiento como Hijo Adoptivo de la Ciudad para Tom\u00e1s Buitrago Olivares","datePublished":"2021-10-29T19:09:15+00:00","mainEntityOfPage":{"@id":"https:\/\/mula.es\/web\/mula-inicia-el-expediente-de-nombramiento-como-hijo-adoptivo-de-la-ciudad-para-tomas-buitrago-olivares\/"},"wordCount":369,"image":{"@id":"https:\/\/mula.es\/web\/mula-inicia-el-expediente-de-nombramiento-como-hijo-adoptivo-de-la-ciudad-para-tomas-buitrago-olivares\/#primaryimage"},"thumbnailUrl":"https:\/\/mula.es\/web\/wp-content\/uploads\/2021\/10\/Fotografia-Tomas-Buitrago.jpg","articleSection":["hijo adoptivo","pleno"],"inLanguage":"es"},{"@type":"WebPage","@id":"https:\/\/mula.es\/web\/mula-inicia-el-expediente-de-nombramiento-como-hijo-adoptivo-de-la-ciudad-para-tomas-buitrago-olivares\/","url":"https:\/\/mula.es\/web\/mula-inicia-el-expediente-de-nombramiento-como-hijo-adoptivo-de-la-ciudad-para-tomas-buitrago-olivares\/","name":"Mula inicia el expediente de nombramiento como Hijo Adoptivo de la Ciudad para Tom\u00e1s Buitrago Olivares - Ayuntamiento de Mula","isPartOf":{"@id":"https:\/\/mula.es\/web\/#website"},"primaryImageOfPage":{"@id":"https:\/\/mula.es\/web\/mula-inicia-el-expediente-de-nombramiento-como-hijo-adoptivo-de-la-ciudad-para-tomas-buitrago-olivares\/#primaryimage"},"image":{"@id":"https:\/\/mula.es\/web\/mula-inicia-el-expediente-de-nombramiento-como-hijo-adoptivo-de-la-ciudad-para-tomas-buitrago-olivares\/#primaryimage"},"thumbnailUrl":"https:\/\/mula.es\/web\/wp-content\/uploads\/2021\/10\/Fotografia-Tomas-Buitrago.jpg","datePublished":"2021-10-29T19:09:15+00:00","author":{"@id":"https:\/\/mula.es\/web\/#\/schema\/person\/a0dbffe9f4a3ed4aaebedcfef02f71a1"},"breadcrumb":{"@id":"https:\/\/mula.es\/web\/mula-inicia-el-expediente-de-nombramiento-como-hijo-adoptivo-de-la-ciudad-para-tomas-buitrago-olivares\/#breadcrumb"},"inLanguage":"es","potentialAction":[{"@type":"ReadAction","target":["https:\/\/mula.es\/web\/mula-inicia-el-expediente-de-nombramiento-como-hijo-adoptivo-de-la-ciudad-para-tomas-buitrago-olivares\/"]}]},{"@type":"ImageObject","inLanguage":"es","@id":"https:\/\/mula.es\/web\/mula-inicia-el-expediente-de-nombramiento-como-hijo-adoptivo-de-la-ciudad-para-tomas-buitrago-olivares\/#primaryimage","url":"https:\/\/mula.es\/web\/wp-content\/uploads\/2021\/10\/Fotografia-Tomas-Buitrago.jpg","contentUrl":"https:\/\/mula.es\/web\/wp-content\/uploads\/2021\/10\/Fotografia-Tomas-Buitrago.jpg","width":1024,"height":768},{"@type":"BreadcrumbList","@id":"https:\/\/mula.es\/web\/mula-inicia-el-expediente-de-nombramiento-como-hijo-adoptivo-de-la-ciudad-para-tomas-buitrago-olivares\/#breadcrumb","itemListElement":[{"@type":"ListItem","position":1,"name":"Portada","item":"https:\/\/mula.es\/web\/"},{"@type":"ListItem","position":2,"name":"Mula inicia el expediente de nombramiento como Hijo Adoptivo de la Ciudad para Tom\u00e1s Buitrago Olivares"}]},{"@type":"WebSite","@id":"https:\/\/mula.es\/web\/#website","url":"https:\/\/mula.es\/web\/","name":"Ayuntamiento de Mula","description":"P\u00e1gina web del Ayuntamiento de Mula (Regi\u00f3n de Murcia)","potentialAction":[{"@type":"SearchAction","target":{"@type":"EntryPoint","urlTemplate":"https:\/\/mula.es\/web\/?s={search_term_string}"},"query-input":{"@type":"PropertyValueSpecification","valueRequired":true,"valueName":"search_term_string"}}],"inLanguage":"es"},{"@type":"Person","@id":"https:\/\/mula.es\/web\/#\/schema\/person\/a0dbffe9f4a3ed4aaebedcfef02f71a1","name":"admin","image":{"@type":"ImageObject","inLanguage":"es","@id":"https:\/\/secure.gravatar.com\/avatar\/5423b9cd77f4c7f89a124365a268866f9dfee038c17fe9e37afd92b5920d810e?s=96&d=mm&r=g","url":"https:\/\/secure.gravatar.com\/avatar\/5423b9cd77f4c7f89a124365a268866f9dfee038c17fe9e37afd92b5920d810e?s=96&d=mm&r=g","contentUrl":"https:\/\/secure.gravatar.com\/avatar\/5423b9cd77f4c7f89a124365a268866f9dfee038c17fe9e37afd92b5920d810e?s=96&d=mm&r=g","caption":"admin"},"description":"Lorem ipsum dolor sit amet, consectetur adipiscing elit. Nam viverra euismod odio, gravida pellentesque urna varius vitae. Sed dui lorem, adipiscing in adipiscing et, interdum nec metus. Mauris ultricies, justo eu convallis placerat, felis enim ornare nisi, vitae mattis nulla ante id dui. Ut lectus purus, commodo et tincidunt vel, interdum sed lectus. Vestibulum adipiscing tempor nisi id elementi.","url":"https:\/\/mula.es\/web\/author\/jose-maria-boti\/"}]}},"jetpack_publicize_connections":[],"jetpack_featured_media_url":"https:\/\/mula.es\/web\/wp-content\/uploads\/2021\/10\/Fotografia-Tomas-Buitrago.jpg","jetpack_sharing_enabled":true,"jetpack_shortlink":"https:\/\/wp.me\/pa9DMY-b6D","jetpack-related-posts":[],"_links":{"self":[{"href":"https:\/\/mula.es\/web\/wp-json\/wp\/v2\/posts\/42695","targetHints":{"allow":["GET"]}}],"collection":[{"href":"https:\/\/mula.es\/web\/wp-json\/wp\/v2\/posts"}],"about":[{"href":"https:\/\/mula.es\/web\/wp-json\/wp\/v2\/types\/post"}],"author":[{"embeddable":true,"href":"https:\/\/mula.es\/web\/wp-json\/wp\/v2\/users\/1"}],"replies":[{"embeddable":true,"href":"https:\/\/mula.es\/web\/wp-json\/wp\/v2\/comments?post=42695"}],"version-history":[{"count":1,"href":"https:\/\/mula.es\/web\/wp-json\/wp\/v2\/posts\/42695\/revisions"}],"predecessor-version":[{"id":42698,"href":"https:\/\/mula.es\/web\/wp-json\/wp\/v2\/posts\/42695\/revisions\/42698"}],"wp:featuredmedia":[{"embeddable":true,"href":"https:\/\/mula.es\/web\/wp-json\/wp\/v2\/media\/42696"}],"wp:attachment":[{"href":"https:\/\/mula.es\/web\/wp-json\/wp\/v2\/media?parent=42695"}],"wp:term":[{"taxonomy":"category","embeddable":true,"href":"https:\/\/mula.es\/web\/wp-json\/wp\/v2\/categories?post=42695"},{"taxonomy":"post_tag","embeddable":true,"href":"https:\/\/mula.es\/web\/wp-json\/wp\/v2\/tags?post=42695"}],"curies":[{"name":"wp","href":"https:\/\/api.w.org\/{rel}","templated":true}]}}