{"id":42818,"date":"2021-11-17T13:22:21","date_gmt":"2021-11-17T12:22:21","guid":{"rendered":"https:\/\/mula.es\/web\/?p=42818"},"modified":"2021-11-18T09:14:33","modified_gmt":"2021-11-18T08:14:33","slug":"igualdad-25-de-noviembre-dia-internacional-contra-la-violencia-de-genero-actividades","status":"publish","type":"post","link":"https:\/\/mula.es\/web\/igualdad-25-de-noviembre-dia-internacional-contra-la-violencia-de-genero-actividades\/","title":{"rendered":"IGUALDAD | Mula conmemora el D\u00eda Internacional para la Eliminaci\u00f3n de la Violencia de G\u00e9nero con un gran n\u00famero de actividades para dar visibilidad a este problema social"},"content":{"rendered":"<p><div class=\"fusion-fullwidth fullwidth-box fusion-builder-row-1 fusion-flex-container nonhundred-percent-fullwidth non-hundred-percent-height-scrolling\" style=\"--awb-border-radius-top-left:0px;--awb-border-radius-top-right:0px;--awb-border-radius-bottom-right:0px;--awb-border-radius-bottom-left:0px;--awb-flex-wrap:wrap;\" ><div class=\"fusion-builder-row fusion-row fusion-flex-align-items-flex-start fusion-flex-content-wrap\" style=\"max-width:1144px;margin-left: calc(-4% \/ 2 );margin-right: calc(-4% \/ 2 );\"><div class=\"fusion-layout-column fusion_builder_column fusion-builder-column-0 fusion_builder_column_1_1 1_1 fusion-flex-column\" style=\"--awb-bg-size:cover;--awb-width-large:100%;--awb-margin-top-large:0px;--awb-spacing-right-large:1.92%;--awb-margin-bottom-large:20px;--awb-spacing-left-large:1.92%;--awb-width-medium:100%;--awb-order-medium:0;--awb-spacing-right-medium:1.92%;--awb-spacing-left-medium:1.92%;--awb-width-small:100%;--awb-order-small:0;--awb-spacing-right-small:1.92%;--awb-spacing-left-small:1.92%;\"><div class=\"fusion-column-wrapper fusion-column-has-shadow fusion-flex-justify-content-flex-start fusion-content-layout-column\"><div class=\"fusion-text fusion-text-1\"><p style=\"text-align: justify;\">Talleres, recitales, cuentacuentos, charlas e informaci\u00f3n itinerante son algunas de las propuestas que se prolongar\u00e1n durante todo el mes de noviembre y hasta el 3 de diciembre<\/p>\n<p style=\"text-align: justify;\">La concejal\u00eda de Mujer e Igualdad del Ayuntamiento de Mula organiza, con motivo de la conmemoraci\u00f3n del D\u00eda Internacional para la Eliminaci\u00f3n de la Violencia de G\u00e9nero el pr\u00f3ximo 25 de noviembre, diversas actividades para concienciar y seguir dando visibilidad a este grave problema.<\/p>\n<p style=\"text-align: justify;\">El alcalde de Mula, Juan Jes\u00fas Moreno, ha acompa\u00f1ado a la titular de Igualdad, Pilar Gil, en la presentaci\u00f3n de las actividades.<\/p>\n<p style=\"text-align: justify;\">Entre otras destaca la colocaci\u00f3n del lazo violeta en la fachada del Ayuntamiento el lunes 22 de noviembre con el encendido, al anochecer, de la fachada del Ayuntamiento con la iluminaci\u00f3n conmemorativa por el 25-N.<\/p>\n<p style=\"text-align: justify;\">El martes d\u00eda 23 se presenta el I Plan Municipal de Prevenci\u00f3n de Violencia de G\u00e9nero en el refectorio del Convento San Francisco.<\/p>\n<p style=\"text-align: justify;\">El mi\u00e9rcoles d\u00eda 24, homenaje a las mujeres y ni\u00f1os v\u00edctimas de la violencia de g\u00e9nero en la plaza del Hospital y, posteriormente, en el refectorio del Convento San Francisco, recital de poes\u00eda a cargo de Magdalena S\u00e1nchez Blesa.<\/p>\n<p style=\"text-align: justify;\">El jueves d\u00eda 25, acto institucional por el D\u00eda Internacional para la Eliminaci\u00f3n de la Violencia de G\u00e9nero con la lectura del manifiesto contra la violencia de g\u00e9nero a cargo de la concejal de Mujer e Igualdad, Pilar Gil, entrega de los premios del concurso de fotograf\u00eda por el D\u00eda Internacional para la Eliminaci\u00f3n de la Violencia de G\u00e9nero y recital de guitarra espa\u00f1ola a cargo de Juan Llorente.<\/p>\n<p style=\"text-align: justify;\">El s\u00e1bado d\u00eda 27 se celebra un taller de defensa personal a cargo del Club Warriors y el viernes 3 de diciembre cuentacuentos \u2018La pirata Saskia\u2019.<\/p>\n<p style=\"text-align: justify;\">Adem\u00e1s, durante todo el mes de noviembre se realizar\u00e1n actividades dirigidas a los j\u00f3venes organizadas por la concejal\u00eda de Mujer e Igualdad con la colaboraci\u00f3n de los dos centros de ense\u00f1anza de educaci\u00f3n secundaria y el CAVI, as\u00ed como campa\u00f1as de comunicaci\u00f3n, recreos en acci\u00f3n, puntos violeta itinerantes y grupos sorora.<\/p>\n<\/div><\/div><\/div><\/div><\/div><div class=\"fusion-fullwidth fullwidth-box fusion-builder-row-2 fusion-flex-container nonhundred-percent-fullwidth non-hundred-percent-height-scrolling\" style=\"--awb-border-radius-top-left:0px;--awb-border-radius-top-right:0px;--awb-border-radius-bottom-right:0px;--awb-border-radius-bottom-left:0px;--awb-flex-wrap:wrap;\" ><div class=\"fusion-builder-row fusion-row fusion-flex-align-items-flex-start fusion-flex-content-wrap\" style=\"max-width:1144px;margin-left: calc(-4% \/ 2 );margin-right: calc(-4% \/ 2 );\"><div class=\"fusion-layout-column fusion_builder_column fusion-builder-column-1 fusion_builder_column_1_2 1_2 fusion-flex-column\" style=\"--awb-bg-size:cover;--awb-width-large:50%;--awb-margin-top-large:0px;--awb-spacing-right-large:3.84%;--awb-margin-bottom-large:20px;--awb-spacing-left-large:3.84%;--awb-width-medium:50%;--awb-order-medium:0;--awb-spacing-right-medium:3.84%;--awb-spacing-left-medium:3.84%;--awb-width-small:100%;--awb-order-small:0;--awb-spacing-right-small:1.92%;--awb-spacing-left-small:1.92%;\"><div class=\"fusion-column-wrapper fusion-column-has-shadow fusion-flex-justify-content-flex-start fusion-content-layout-column\"><div class=\"fusion-text fusion-text-2\"><p><a href=\"https:\/\/mula.es\/web\/wp-content\/uploads\/2021\/11\/Cartel-taller-defensa-femenina.jpg\"><img decoding=\"async\" data-attachment-id=\"42821\" data-permalink=\"https:\/\/mula.es\/web\/igualdad-25-de-noviembre-dia-internacional-contra-la-violencia-de-genero-actividades\/cartel-taller-defensa-femenina\/\" data-orig-file=\"https:\/\/mula.es\/web\/wp-content\/uploads\/2021\/11\/Cartel-taller-defensa-femenina.jpg\" data-orig-size=\"960,540\" data-comments-opened=\"0\" data-image-meta=\"\" data-image-title=\"Cartel taller defensa femenina\" data-image-description=\"\" data-image-caption=\"\" data-large-file=\"https:\/\/mula.es\/web\/wp-content\/uploads\/2021\/11\/Cartel-taller-defensa-femenina.jpg\" class=\"size-full wp-image-42821 aligncenter\" src=\"https:\/\/mula.es\/web\/wp-content\/uploads\/2021\/11\/Cartel-taller-defensa-femenina.jpg\" alt=\"\" width=\"960\" height=\"540\" srcset=\"https:\/\/mula.es\/web\/wp-content\/uploads\/2021\/11\/Cartel-taller-defensa-femenina-200x113.jpg 200w, https:\/\/mula.es\/web\/wp-content\/uploads\/2021\/11\/Cartel-taller-defensa-femenina-300x169.jpg 300w, https:\/\/mula.es\/web\/wp-content\/uploads\/2021\/11\/Cartel-taller-defensa-femenina-400x225.jpg 400w, https:\/\/mula.es\/web\/wp-content\/uploads\/2021\/11\/Cartel-taller-defensa-femenina-600x338.jpg 600w, https:\/\/mula.es\/web\/wp-content\/uploads\/2021\/11\/Cartel-taller-defensa-femenina-768x432.jpg 768w, https:\/\/mula.es\/web\/wp-content\/uploads\/2021\/11\/Cartel-taller-defensa-femenina-800x450.jpg 800w, https:\/\/mula.es\/web\/wp-content\/uploads\/2021\/11\/Cartel-taller-defensa-femenina.jpg 960w\" sizes=\"(max-width: 960px) 100vw, 960px\" \/><\/a><\/p>\n<\/div><\/div><\/div><div class=\"fusion-layout-column fusion_builder_column fusion-builder-column-2 fusion_builder_column_1_2 1_2 fusion-flex-column\" style=\"--awb-bg-size:cover;--awb-width-large:50%;--awb-margin-top-large:0px;--awb-spacing-right-large:3.84%;--awb-margin-bottom-large:20px;--awb-spacing-left-large:3.84%;--awb-width-medium:50%;--awb-order-medium:0;--awb-spacing-right-medium:3.84%;--awb-spacing-left-medium:3.84%;--awb-width-small:100%;--awb-order-small:0;--awb-spacing-right-small:1.92%;--awb-spacing-left-small:1.92%;\"><div class=\"fusion-column-wrapper fusion-column-has-shadow fusion-flex-justify-content-flex-start fusion-content-layout-column\"><div class=\"fusion-text fusion-text-3\"><p><a href=\"https:\/\/mula.es\/web\/wp-content\/uploads\/2021\/11\/Cartel-I-Plan-de-Prevencion-scaled.jpg\"><img decoding=\"async\" data-attachment-id=\"42839\" data-permalink=\"https:\/\/mula.es\/web\/igualdad-25-de-noviembre-dia-internacional-contra-la-violencia-de-genero-actividades\/cartel-i-plan-de-prevencion\/\" data-orig-file=\"https:\/\/mula.es\/web\/wp-content\/uploads\/2021\/11\/Cartel-I-Plan-de-Prevencion-scaled.jpg\" data-orig-size=\"1824,2560\" data-comments-opened=\"0\" data-image-meta=\"\" data-image-title=\"Cartel I Plan de Prevenci\u00f3n\" data-image-description=\"\" data-image-caption=\"\" data-large-file=\"https:\/\/mula.es\/web\/wp-content\/uploads\/2021\/11\/Cartel-I-Plan-de-Prevencion-730x1024.jpg\" class=\"size-large wp-image-42839 aligncenter\" src=\"https:\/\/mula.es\/web\/wp-content\/uploads\/2021\/11\/Cartel-I-Plan-de-Prevencion-730x1024.jpg\" alt=\"\" width=\"730\" height=\"1024\" srcset=\"https:\/\/mula.es\/web\/wp-content\/uploads\/2021\/11\/Cartel-I-Plan-de-Prevencion-200x281.jpg 200w, https:\/\/mula.es\/web\/wp-content\/uploads\/2021\/11\/Cartel-I-Plan-de-Prevencion-214x300.jpg 214w, https:\/\/mula.es\/web\/wp-content\/uploads\/2021\/11\/Cartel-I-Plan-de-Prevencion-400x561.jpg 400w, https:\/\/mula.es\/web\/wp-content\/uploads\/2021\/11\/Cartel-I-Plan-de-Prevencion-600x842.jpg 600w, https:\/\/mula.es\/web\/wp-content\/uploads\/2021\/11\/Cartel-I-Plan-de-Prevencion-730x1024.jpg 730w, https:\/\/mula.es\/web\/wp-content\/uploads\/2021\/11\/Cartel-I-Plan-de-Prevencion-768x1078.jpg 768w, https:\/\/mula.es\/web\/wp-content\/uploads\/2021\/11\/Cartel-I-Plan-de-Prevencion-800x1123.jpg 800w, https:\/\/mula.es\/web\/wp-content\/uploads\/2021\/11\/Cartel-I-Plan-de-Prevencion-1095x1536.jpg 1095w, https:\/\/mula.es\/web\/wp-content\/uploads\/2021\/11\/Cartel-I-Plan-de-Prevencion-1200x1684.jpg 1200w, https:\/\/mula.es\/web\/wp-content\/uploads\/2021\/11\/Cartel-I-Plan-de-Prevencion-1459x2048.jpg 1459w, https:\/\/mula.es\/web\/wp-content\/uploads\/2021\/11\/Cartel-I-Plan-de-Prevencion-scaled.jpg 1824w\" sizes=\"(max-width: 730px) 100vw, 730px\" \/><\/a><\/p>\n<\/div><\/div><\/div><\/div><\/div><div class=\"fusion-fullwidth fullwidth-box fusion-builder-row-3 fusion-flex-container nonhundred-percent-fullwidth non-hundred-percent-height-scrolling\" style=\"--awb-border-radius-top-left:0px;--awb-border-radius-top-right:0px;--awb-border-radius-bottom-right:0px;--awb-border-radius-bottom-left:0px;--awb-flex-wrap:wrap;\" ><div class=\"fusion-builder-row fusion-row fusion-flex-align-items-flex-start fusion-flex-content-wrap\" style=\"max-width:1144px;margin-left: calc(-4% \/ 2 );margin-right: calc(-4% \/ 2 );\"><div class=\"fusion-layout-column fusion_builder_column fusion-builder-column-3 fusion_builder_column_1_2 1_2 fusion-flex-column\" style=\"--awb-bg-size:cover;--awb-width-large:50%;--awb-margin-top-large:0px;--awb-spacing-right-large:3.84%;--awb-margin-bottom-large:20px;--awb-spacing-left-large:3.84%;--awb-width-medium:50%;--awb-order-medium:0;--awb-spacing-right-medium:3.84%;--awb-spacing-left-medium:3.84%;--awb-width-small:100%;--awb-order-small:0;--awb-spacing-right-small:1.92%;--awb-spacing-left-small:1.92%;\"><div class=\"fusion-column-wrapper fusion-column-has-shadow fusion-flex-justify-content-flex-start fusion-content-layout-column\"><div class=\"fusion-text fusion-text-4\"><p><a href=\"https:\/\/mula.es\/web\/wp-content\/uploads\/2021\/11\/Cartel-programacion-25N-scaled.jpg\"><img decoding=\"async\" data-attachment-id=\"42820\" data-permalink=\"https:\/\/mula.es\/web\/igualdad-25-de-noviembre-dia-internacional-contra-la-violencia-de-genero-actividades\/cartel-programacion-25n\/\" data-orig-file=\"https:\/\/mula.es\/web\/wp-content\/uploads\/2021\/11\/Cartel-programacion-25N-scaled.jpg\" data-orig-size=\"1824,2560\" data-comments-opened=\"0\" data-image-meta=\"\" data-image-title=\"Cartel programaci\u00f3n 25N\" data-image-description=\"\" data-image-caption=\"\" data-large-file=\"https:\/\/mula.es\/web\/wp-content\/uploads\/2021\/11\/Cartel-programacion-25N-730x1024.jpg\" class=\"size-large wp-image-42820 aligncenter\" src=\"https:\/\/mula.es\/web\/wp-content\/uploads\/2021\/11\/Cartel-programacion-25N-730x1024.jpg\" alt=\"\" width=\"730\" height=\"1024\" srcset=\"https:\/\/mula.es\/web\/wp-content\/uploads\/2021\/11\/Cartel-programacion-25N-200x281.jpg 200w, https:\/\/mula.es\/web\/wp-content\/uploads\/2021\/11\/Cartel-programacion-25N-214x300.jpg 214w, https:\/\/mula.es\/web\/wp-content\/uploads\/2021\/11\/Cartel-programacion-25N-400x561.jpg 400w, https:\/\/mula.es\/web\/wp-content\/uploads\/2021\/11\/Cartel-programacion-25N-600x842.jpg 600w, https:\/\/mula.es\/web\/wp-content\/uploads\/2021\/11\/Cartel-programacion-25N-730x1024.jpg 730w, https:\/\/mula.es\/web\/wp-content\/uploads\/2021\/11\/Cartel-programacion-25N-768x1078.jpg 768w, https:\/\/mula.es\/web\/wp-content\/uploads\/2021\/11\/Cartel-programacion-25N-800x1123.jpg 800w, https:\/\/mula.es\/web\/wp-content\/uploads\/2021\/11\/Cartel-programacion-25N-1095x1536.jpg 1095w, https:\/\/mula.es\/web\/wp-content\/uploads\/2021\/11\/Cartel-programacion-25N-1200x1684.jpg 1200w, https:\/\/mula.es\/web\/wp-content\/uploads\/2021\/11\/Cartel-programacion-25N-1459x2048.jpg 1459w, https:\/\/mula.es\/web\/wp-content\/uploads\/2021\/11\/Cartel-programacion-25N-scaled.jpg 1824w\" sizes=\"(max-width: 730px) 100vw, 730px\" \/><\/a><\/p>\n<\/div><\/div><\/div><div class=\"fusion-layout-column fusion_builder_column fusion-builder-column-4 fusion_builder_column_1_2 1_2 fusion-flex-column\" style=\"--awb-bg-size:cover;--awb-width-large:50%;--awb-margin-top-large:0px;--awb-spacing-right-large:3.84%;--awb-margin-bottom-large:20px;--awb-spacing-left-large:3.84%;--awb-width-medium:50%;--awb-order-medium:0;--awb-spacing-right-medium:3.84%;--awb-spacing-left-medium:3.84%;--awb-width-small:100%;--awb-order-small:0;--awb-spacing-right-small:1.92%;--awb-spacing-left-small:1.92%;\"><div class=\"fusion-column-wrapper fusion-column-has-shadow fusion-flex-justify-content-flex-start fusion-content-layout-column\"><div class=\"fusion-text fusion-text-5\"><p><a href=\"https:\/\/mula.es\/web\/wp-content\/uploads\/2021\/11\/Cartel-cuentacuentos-25N.jpeg\"><img decoding=\"async\" data-attachment-id=\"42822\" data-permalink=\"https:\/\/mula.es\/web\/igualdad-25-de-noviembre-dia-internacional-contra-la-violencia-de-genero-actividades\/cartel-cuentacuentos-25n\/\" data-orig-file=\"https:\/\/mula.es\/web\/wp-content\/uploads\/2021\/11\/Cartel-cuentacuentos-25N.jpeg\" data-orig-size=\"452,640\" data-comments-opened=\"0\" data-image-meta=\"\" data-image-title=\"Cartel cuentacuentos 25N\" data-image-description=\"\" data-image-caption=\"\" data-large-file=\"https:\/\/mula.es\/web\/wp-content\/uploads\/2021\/11\/Cartel-cuentacuentos-25N.jpeg\" class=\"size-full wp-image-42822 aligncenter\" src=\"https:\/\/mula.es\/web\/wp-content\/uploads\/2021\/11\/Cartel-cuentacuentos-25N.jpeg\" alt=\"\" width=\"452\" height=\"640\" srcset=\"https:\/\/mula.es\/web\/wp-content\/uploads\/2021\/11\/Cartel-cuentacuentos-25N-200x283.jpeg 200w, https:\/\/mula.es\/web\/wp-content\/uploads\/2021\/11\/Cartel-cuentacuentos-25N-212x300.jpeg 212w, https:\/\/mula.es\/web\/wp-content\/uploads\/2021\/11\/Cartel-cuentacuentos-25N-400x566.jpeg 400w, https:\/\/mula.es\/web\/wp-content\/uploads\/2021\/11\/Cartel-cuentacuentos-25N.jpeg 452w\" sizes=\"(max-width: 452px) 100vw, 452px\" \/><\/a><\/p>\n<\/div><\/div><\/div><\/div><\/div><\/p>\n","protected":false},"excerpt":{"rendered":"","protected":false},"author":9,"featured_media":42836,"comment_status":"closed","ping_status":"closed","sticky":false,"template":"","format":"standard","meta":{"jetpack_post_was_ever_published":false,"_jetpack_newsletter_access":"","_jetpack_dont_email_post_to_subs":false,"_jetpack_newsletter_tier_id":0,"_jetpack_memberships_contains_paywalled_content":false,"_jetpack_memberships_contains_paid_content":false,"footnotes":"","jetpack_publicize_message":"","jetpack_publicize_feature_enabled":true,"jetpack_social_post_already_shared":false,"jetpack_social_options":{"image_generator_settings":{"template":"highway","default_image_id":0,"font":"","enabled":false},"version":2}},"categories":[147,116],"tags":[625],"class_list":["post-42818","post","type-post","status-publish","format-standard","has-post-thumbnail","hentry","category-igualdad","category-mujer","tag-dia-internacional-contra-la-violencia-de-genero"],"yoast_head":"<!-- This site is optimized with the Yoast SEO plugin v27.4 - https:\/\/yoast.com\/product\/yoast-seo-wordpress\/ -->\n<title>IGUALDAD | Mula conmemora el D\u00eda Internacional para la Eliminaci\u00f3n de la Violencia de G\u00e9nero con un gran n\u00famero de actividades para dar visibilidad a este problema social - Ayuntamiento de Mula<\/title>\n<meta name=\"robots\" content=\"index, follow, max-snippet:-1, max-image-preview:large, max-video-preview:-1\" \/>\n<link rel=\"canonical\" href=\"https:\/\/mula.es\/web\/igualdad-25-de-noviembre-dia-internacional-contra-la-violencia-de-genero-actividades\/\" \/>\n<meta property=\"og:locale\" content=\"es_ES\" \/>\n<meta property=\"og:type\" content=\"article\" \/>\n<meta property=\"og:title\" content=\"IGUALDAD | Mula conmemora el D\u00eda Internacional para la Eliminaci\u00f3n de la Violencia de G\u00e9nero con un gran n\u00famero de actividades para dar visibilidad a este problema social - Ayuntamiento de Mula\" \/>\n<meta property=\"og:url\" content=\"https:\/\/mula.es\/web\/igualdad-25-de-noviembre-dia-internacional-contra-la-violencia-de-genero-actividades\/\" \/>\n<meta property=\"og:site_name\" content=\"Ayuntamiento de Mula\" \/>\n<meta property=\"article:published_time\" content=\"2021-11-17T12:22:21+00:00\" \/>\n<meta property=\"article:modified_time\" content=\"2021-11-18T08:14:33+00:00\" \/>\n<meta property=\"og:image\" content=\"https:\/\/i0.wp.com\/mula.es\/web\/wp-content\/uploads\/2021\/11\/presentacionviolenciagenero2021-scaled.jpg?fit=2560%2C1920&ssl=1\" \/>\n\t<meta property=\"og:image:width\" content=\"2560\" \/>\n\t<meta property=\"og:image:height\" content=\"1920\" \/>\n\t<meta property=\"og:image:type\" content=\"image\/jpeg\" \/>\n<meta name=\"author\" content=\"Rosario Mart\u00ednez\" \/>\n<meta name=\"twitter:card\" content=\"summary_large_image\" \/>\n<meta name=\"twitter:image\" content=\"https:\/\/mula.es\/web\/wp-content\/uploads\/2020\/06\/cropped-escudo-cuadrado.jpg\" \/>\n<meta name=\"twitter:creator\" content=\"@AyuntamientMula\" \/>\n<meta name=\"twitter:site\" content=\"@AyuntamientMula\" \/>\n<meta name=\"twitter:label1\" content=\"Escrito por\" \/>\n\t<meta name=\"twitter:data1\" content=\"Rosario Mart\u00ednez\" \/>\n\t<meta name=\"twitter:label2\" content=\"Tiempo de lectura\" \/>\n\t<meta name=\"twitter:data2\" content=\"4 minutos\" \/>\n<script type=\"application\/ld+json\" class=\"yoast-schema-graph\">{\"@context\":\"https:\\\/\\\/schema.org\",\"@graph\":[{\"@type\":\"Article\",\"@id\":\"https:\\\/\\\/mula.es\\\/web\\\/igualdad-25-de-noviembre-dia-internacional-contra-la-violencia-de-genero-actividades\\\/#article\",\"isPartOf\":{\"@id\":\"https:\\\/\\\/mula.es\\\/web\\\/igualdad-25-de-noviembre-dia-internacional-contra-la-violencia-de-genero-actividades\\\/\"},\"author\":{\"name\":\"Rosario Mart\u00ednez\",\"@id\":\"https:\\\/\\\/mula.es\\\/web\\\/#\\\/schema\\\/person\\\/f8d63bd3ab6e7b025268b909b7ab0771\"},\"headline\":\"IGUALDAD | Mula conmemora el D\u00eda Internacional para la Eliminaci\u00f3n de la Violencia de G\u00e9nero con un gran n\u00famero de actividades para dar visibilidad a este problema social\",\"datePublished\":\"2021-11-17T12:22:21+00:00\",\"dateModified\":\"2021-11-18T08:14:33+00:00\",\"mainEntityOfPage\":{\"@id\":\"https:\\\/\\\/mula.es\\\/web\\\/igualdad-25-de-noviembre-dia-internacional-contra-la-violencia-de-genero-actividades\\\/\"},\"wordCount\":2822,\"image\":{\"@id\":\"https:\\\/\\\/mula.es\\\/web\\\/igualdad-25-de-noviembre-dia-internacional-contra-la-violencia-de-genero-actividades\\\/#primaryimage\"},\"thumbnailUrl\":\"https:\\\/\\\/mula.es\\\/web\\\/wp-content\\\/uploads\\\/2021\\\/11\\\/presentacionviolenciagenero2021-scaled.jpg\",\"keywords\":[\"d\u00eda internacional contra la violencia de g\u00e9nero\"],\"articleSection\":[\"igualdad\",\"mujer\"],\"inLanguage\":\"es\"},{\"@type\":\"WebPage\",\"@id\":\"https:\\\/\\\/mula.es\\\/web\\\/igualdad-25-de-noviembre-dia-internacional-contra-la-violencia-de-genero-actividades\\\/\",\"url\":\"https:\\\/\\\/mula.es\\\/web\\\/igualdad-25-de-noviembre-dia-internacional-contra-la-violencia-de-genero-actividades\\\/\",\"name\":\"IGUALDAD | Mula conmemora el D\u00eda Internacional para la Eliminaci\u00f3n de la Violencia de G\u00e9nero con un gran n\u00famero de actividades para dar visibilidad a este problema social - Ayuntamiento de Mula\",\"isPartOf\":{\"@id\":\"https:\\\/\\\/mula.es\\\/web\\\/#website\"},\"primaryImageOfPage\":{\"@id\":\"https:\\\/\\\/mula.es\\\/web\\\/igualdad-25-de-noviembre-dia-internacional-contra-la-violencia-de-genero-actividades\\\/#primaryimage\"},\"image\":{\"@id\":\"https:\\\/\\\/mula.es\\\/web\\\/igualdad-25-de-noviembre-dia-internacional-contra-la-violencia-de-genero-actividades\\\/#primaryimage\"},\"thumbnailUrl\":\"https:\\\/\\\/mula.es\\\/web\\\/wp-content\\\/uploads\\\/2021\\\/11\\\/presentacionviolenciagenero2021-scaled.jpg\",\"datePublished\":\"2021-11-17T12:22:21+00:00\",\"dateModified\":\"2021-11-18T08:14:33+00:00\",\"author\":{\"@id\":\"https:\\\/\\\/mula.es\\\/web\\\/#\\\/schema\\\/person\\\/f8d63bd3ab6e7b025268b909b7ab0771\"},\"breadcrumb\":{\"@id\":\"https:\\\/\\\/mula.es\\\/web\\\/igualdad-25-de-noviembre-dia-internacional-contra-la-violencia-de-genero-actividades\\\/#breadcrumb\"},\"inLanguage\":\"es\",\"potentialAction\":[{\"@type\":\"ReadAction\",\"target\":[\"https:\\\/\\\/mula.es\\\/web\\\/igualdad-25-de-noviembre-dia-internacional-contra-la-violencia-de-genero-actividades\\\/\"]}]},{\"@type\":\"ImageObject\",\"inLanguage\":\"es\",\"@id\":\"https:\\\/\\\/mula.es\\\/web\\\/igualdad-25-de-noviembre-dia-internacional-contra-la-violencia-de-genero-actividades\\\/#primaryimage\",\"url\":\"https:\\\/\\\/mula.es\\\/web\\\/wp-content\\\/uploads\\\/2021\\\/11\\\/presentacionviolenciagenero2021-scaled.jpg\",\"contentUrl\":\"https:\\\/\\\/mula.es\\\/web\\\/wp-content\\\/uploads\\\/2021\\\/11\\\/presentacionviolenciagenero2021-scaled.jpg\",\"width\":2560,\"height\":1920},{\"@type\":\"BreadcrumbList\",\"@id\":\"https:\\\/\\\/mula.es\\\/web\\\/igualdad-25-de-noviembre-dia-internacional-contra-la-violencia-de-genero-actividades\\\/#breadcrumb\",\"itemListElement\":[{\"@type\":\"ListItem\",\"position\":1,\"name\":\"Portada\",\"item\":\"https:\\\/\\\/mula.es\\\/web\\\/\"},{\"@type\":\"ListItem\",\"position\":2,\"name\":\"IGUALDAD | Mula conmemora el D\u00eda Internacional para la Eliminaci\u00f3n de la Violencia de G\u00e9nero con un gran n\u00famero de actividades para dar visibilidad a este problema social\"}]},{\"@type\":\"WebSite\",\"@id\":\"https:\\\/\\\/mula.es\\\/web\\\/#website\",\"url\":\"https:\\\/\\\/mula.es\\\/web\\\/\",\"name\":\"Ayuntamiento de Mula\",\"description\":\"P\u00e1gina web del Ayuntamiento de Mula (Regi\u00f3n de Murcia)\",\"potentialAction\":[{\"@type\":\"SearchAction\",\"target\":{\"@type\":\"EntryPoint\",\"urlTemplate\":\"https:\\\/\\\/mula.es\\\/web\\\/?s={search_term_string}\"},\"query-input\":{\"@type\":\"PropertyValueSpecification\",\"valueRequired\":true,\"valueName\":\"search_term_string\"}}],\"inLanguage\":\"es\"},{\"@type\":\"Person\",\"@id\":\"https:\\\/\\\/mula.es\\\/web\\\/#\\\/schema\\\/person\\\/f8d63bd3ab6e7b025268b909b7ab0771\",\"name\":\"Rosario Mart\u00ednez\",\"image\":{\"@type\":\"ImageObject\",\"inLanguage\":\"es\",\"@id\":\"https:\\\/\\\/secure.gravatar.com\\\/avatar\\\/ce916b980ac93e5b1d36e6068357675d4e089a572ebc8789fcb807c2fb2edfef?s=96&d=mm&r=g\",\"url\":\"https:\\\/\\\/secure.gravatar.com\\\/avatar\\\/ce916b980ac93e5b1d36e6068357675d4e089a572ebc8789fcb807c2fb2edfef?s=96&d=mm&r=g\",\"contentUrl\":\"https:\\\/\\\/secure.gravatar.com\\\/avatar\\\/ce916b980ac93e5b1d36e6068357675d4e089a572ebc8789fcb807c2fb2edfef?s=96&d=mm&r=g\",\"caption\":\"Rosario Mart\u00ednez\"},\"url\":\"https:\\\/\\\/mula.es\\\/web\\\/author\\\/rmartinez\\\/\"}]}<\/script>\n<!-- \/ Yoast SEO plugin. -->","yoast_head_json":{"title":"IGUALDAD | Mula conmemora el D\u00eda Internacional para la Eliminaci\u00f3n de la Violencia de G\u00e9nero con un gran n\u00famero de actividades para dar visibilidad a este problema social - Ayuntamiento de Mula","robots":{"index":"index","follow":"follow","max-snippet":"max-snippet:-1","max-image-preview":"max-image-preview:large","max-video-preview":"max-video-preview:-1"},"canonical":"https:\/\/mula.es\/web\/igualdad-25-de-noviembre-dia-internacional-contra-la-violencia-de-genero-actividades\/","og_locale":"es_ES","og_type":"article","og_title":"IGUALDAD | Mula conmemora el D\u00eda Internacional para la Eliminaci\u00f3n de la Violencia de G\u00e9nero con un gran n\u00famero de actividades para dar visibilidad a este problema social - Ayuntamiento de Mula","og_url":"https:\/\/mula.es\/web\/igualdad-25-de-noviembre-dia-internacional-contra-la-violencia-de-genero-actividades\/","og_site_name":"Ayuntamiento de Mula","article_published_time":"2021-11-17T12:22:21+00:00","article_modified_time":"2021-11-18T08:14:33+00:00","og_image":[{"width":2560,"height":1920,"url":"https:\/\/i0.wp.com\/mula.es\/web\/wp-content\/uploads\/2021\/11\/presentacionviolenciagenero2021-scaled.jpg?fit=2560%2C1920&ssl=1","type":"image\/jpeg"}],"author":"Rosario Mart\u00ednez","twitter_card":"summary_large_image","twitter_image":"https:\/\/mula.es\/web\/wp-content\/uploads\/2020\/06\/cropped-escudo-cuadrado.jpg","twitter_creator":"@AyuntamientMula","twitter_site":"@AyuntamientMula","twitter_misc":{"Escrito por":"Rosario Mart\u00ednez","Tiempo de lectura":"4 minutos"},"schema":{"@context":"https:\/\/schema.org","@graph":[{"@type":"Article","@id":"https:\/\/mula.es\/web\/igualdad-25-de-noviembre-dia-internacional-contra-la-violencia-de-genero-actividades\/#article","isPartOf":{"@id":"https:\/\/mula.es\/web\/igualdad-25-de-noviembre-dia-internacional-contra-la-violencia-de-genero-actividades\/"},"author":{"name":"Rosario Mart\u00ednez","@id":"https:\/\/mula.es\/web\/#\/schema\/person\/f8d63bd3ab6e7b025268b909b7ab0771"},"headline":"IGUALDAD | Mula conmemora el D\u00eda Internacional para la Eliminaci\u00f3n de la Violencia de G\u00e9nero con un gran n\u00famero de actividades para dar visibilidad a este problema social","datePublished":"2021-11-17T12:22:21+00:00","dateModified":"2021-11-18T08:14:33+00:00","mainEntityOfPage":{"@id":"https:\/\/mula.es\/web\/igualdad-25-de-noviembre-dia-internacional-contra-la-violencia-de-genero-actividades\/"},"wordCount":2822,"image":{"@id":"https:\/\/mula.es\/web\/igualdad-25-de-noviembre-dia-internacional-contra-la-violencia-de-genero-actividades\/#primaryimage"},"thumbnailUrl":"https:\/\/mula.es\/web\/wp-content\/uploads\/2021\/11\/presentacionviolenciagenero2021-scaled.jpg","keywords":["d\u00eda internacional contra la violencia de g\u00e9nero"],"articleSection":["igualdad","mujer"],"inLanguage":"es"},{"@type":"WebPage","@id":"https:\/\/mula.es\/web\/igualdad-25-de-noviembre-dia-internacional-contra-la-violencia-de-genero-actividades\/","url":"https:\/\/mula.es\/web\/igualdad-25-de-noviembre-dia-internacional-contra-la-violencia-de-genero-actividades\/","name":"IGUALDAD | Mula conmemora el D\u00eda Internacional para la Eliminaci\u00f3n de la Violencia de G\u00e9nero con un gran n\u00famero de actividades para dar visibilidad a este problema social - Ayuntamiento de Mula","isPartOf":{"@id":"https:\/\/mula.es\/web\/#website"},"primaryImageOfPage":{"@id":"https:\/\/mula.es\/web\/igualdad-25-de-noviembre-dia-internacional-contra-la-violencia-de-genero-actividades\/#primaryimage"},"image":{"@id":"https:\/\/mula.es\/web\/igualdad-25-de-noviembre-dia-internacional-contra-la-violencia-de-genero-actividades\/#primaryimage"},"thumbnailUrl":"https:\/\/mula.es\/web\/wp-content\/uploads\/2021\/11\/presentacionviolenciagenero2021-scaled.jpg","datePublished":"2021-11-17T12:22:21+00:00","dateModified":"2021-11-18T08:14:33+00:00","author":{"@id":"https:\/\/mula.es\/web\/#\/schema\/person\/f8d63bd3ab6e7b025268b909b7ab0771"},"breadcrumb":{"@id":"https:\/\/mula.es\/web\/igualdad-25-de-noviembre-dia-internacional-contra-la-violencia-de-genero-actividades\/#breadcrumb"},"inLanguage":"es","potentialAction":[{"@type":"ReadAction","target":["https:\/\/mula.es\/web\/igualdad-25-de-noviembre-dia-internacional-contra-la-violencia-de-genero-actividades\/"]}]},{"@type":"ImageObject","inLanguage":"es","@id":"https:\/\/mula.es\/web\/igualdad-25-de-noviembre-dia-internacional-contra-la-violencia-de-genero-actividades\/#primaryimage","url":"https:\/\/mula.es\/web\/wp-content\/uploads\/2021\/11\/presentacionviolenciagenero2021-scaled.jpg","contentUrl":"https:\/\/mula.es\/web\/wp-content\/uploads\/2021\/11\/presentacionviolenciagenero2021-scaled.jpg","width":2560,"height":1920},{"@type":"BreadcrumbList","@id":"https:\/\/mula.es\/web\/igualdad-25-de-noviembre-dia-internacional-contra-la-violencia-de-genero-actividades\/#breadcrumb","itemListElement":[{"@type":"ListItem","position":1,"name":"Portada","item":"https:\/\/mula.es\/web\/"},{"@type":"ListItem","position":2,"name":"IGUALDAD | Mula conmemora el D\u00eda Internacional para la Eliminaci\u00f3n de la Violencia de G\u00e9nero con un gran n\u00famero de actividades para dar visibilidad a este problema social"}]},{"@type":"WebSite","@id":"https:\/\/mula.es\/web\/#website","url":"https:\/\/mula.es\/web\/","name":"Ayuntamiento de Mula","description":"P\u00e1gina web del Ayuntamiento de Mula (Regi\u00f3n de Murcia)","potentialAction":[{"@type":"SearchAction","target":{"@type":"EntryPoint","urlTemplate":"https:\/\/mula.es\/web\/?s={search_term_string}"},"query-input":{"@type":"PropertyValueSpecification","valueRequired":true,"valueName":"search_term_string"}}],"inLanguage":"es"},{"@type":"Person","@id":"https:\/\/mula.es\/web\/#\/schema\/person\/f8d63bd3ab6e7b025268b909b7ab0771","name":"Rosario Mart\u00ednez","image":{"@type":"ImageObject","inLanguage":"es","@id":"https:\/\/secure.gravatar.com\/avatar\/ce916b980ac93e5b1d36e6068357675d4e089a572ebc8789fcb807c2fb2edfef?s=96&d=mm&r=g","url":"https:\/\/secure.gravatar.com\/avatar\/ce916b980ac93e5b1d36e6068357675d4e089a572ebc8789fcb807c2fb2edfef?s=96&d=mm&r=g","contentUrl":"https:\/\/secure.gravatar.com\/avatar\/ce916b980ac93e5b1d36e6068357675d4e089a572ebc8789fcb807c2fb2edfef?s=96&d=mm&r=g","caption":"Rosario Mart\u00ednez"},"url":"https:\/\/mula.es\/web\/author\/rmartinez\/"}]}},"jetpack_publicize_connections":[],"jetpack_featured_media_url":"https:\/\/mula.es\/web\/wp-content\/uploads\/2021\/11\/presentacionviolenciagenero2021-scaled.jpg","jetpack_sharing_enabled":true,"jetpack_shortlink":"https:\/\/wp.me\/pa9DMY-b8C","jetpack-related-posts":[],"_links":{"self":[{"href":"https:\/\/mula.es\/web\/wp-json\/wp\/v2\/posts\/42818","targetHints":{"allow":["GET"]}}],"collection":[{"href":"https:\/\/mula.es\/web\/wp-json\/wp\/v2\/posts"}],"about":[{"href":"https:\/\/mula.es\/web\/wp-json\/wp\/v2\/types\/post"}],"author":[{"embeddable":true,"href":"https:\/\/mula.es\/web\/wp-json\/wp\/v2\/users\/9"}],"replies":[{"embeddable":true,"href":"https:\/\/mula.es\/web\/wp-json\/wp\/v2\/comments?post=42818"}],"version-history":[{"count":7,"href":"https:\/\/mula.es\/web\/wp-json\/wp\/v2\/posts\/42818\/revisions"}],"predecessor-version":[{"id":42840,"href":"https:\/\/mula.es\/web\/wp-json\/wp\/v2\/posts\/42818\/revisions\/42840"}],"wp:featuredmedia":[{"embeddable":true,"href":"https:\/\/mula.es\/web\/wp-json\/wp\/v2\/media\/42836"}],"wp:attachment":[{"href":"https:\/\/mula.es\/web\/wp-json\/wp\/v2\/media?parent=42818"}],"wp:term":[{"taxonomy":"category","embeddable":true,"href":"https:\/\/mula.es\/web\/wp-json\/wp\/v2\/categories?post=42818"},{"taxonomy":"post_tag","embeddable":true,"href":"https:\/\/mula.es\/web\/wp-json\/wp\/v2\/tags?post=42818"}],"curies":[{"name":"wp","href":"https:\/\/api.w.org\/{rel}","templated":true}]}}