{"id":42903,"date":"2021-11-25T09:09:38","date_gmt":"2021-11-25T08:09:38","guid":{"rendered":"https:\/\/mula.es\/web\/?p=42903"},"modified":"2021-11-25T09:09:38","modified_gmt":"2021-11-25T08:09:38","slug":"igualdad-presentado-el-i-plan-municipal-de-prevencion-de-violencia-de-genero-del-municipio-de-mula","status":"publish","type":"post","link":"https:\/\/mula.es\/web\/igualdad-presentado-el-i-plan-municipal-de-prevencion-de-violencia-de-genero-del-municipio-de-mula\/","title":{"rendered":"IGUALDAD | Presentado el I Plan Municipal de Prevenci\u00f3n de Violencia de G\u00e9nero del municipio de Mula"},"content":{"rendered":"<p><div class=\"fusion-fullwidth fullwidth-box fusion-builder-row-1 fusion-flex-container nonhundred-percent-fullwidth non-hundred-percent-height-scrolling\" style=\"--awb-border-radius-top-left:0px;--awb-border-radius-top-right:0px;--awb-border-radius-bottom-right:0px;--awb-border-radius-bottom-left:0px;--awb-flex-wrap:wrap;\" ><div class=\"fusion-builder-row fusion-row fusion-flex-align-items-flex-start fusion-flex-content-wrap\" style=\"max-width:1144px;margin-left: calc(-4% \/ 2 );margin-right: calc(-4% \/ 2 );\"><div class=\"fusion-layout-column fusion_builder_column fusion-builder-column-0 fusion_builder_column_1_1 1_1 fusion-flex-column\" style=\"--awb-bg-size:cover;--awb-width-large:100%;--awb-margin-top-large:0px;--awb-spacing-right-large:1.92%;--awb-margin-bottom-large:0px;--awb-spacing-left-large:1.92%;--awb-width-medium:100%;--awb-spacing-right-medium:1.92%;--awb-spacing-left-medium:1.92%;--awb-width-small:100%;--awb-spacing-right-small:1.92%;--awb-spacing-left-small:1.92%;\"><div class=\"fusion-column-wrapper fusion-flex-justify-content-flex-start fusion-content-layout-column\"><div class=\"fusion-text fusion-text-1\"><p style=\"text-align: justify;\">La presentaci\u00f3n coincide con las actividades previas a la conmemoraci\u00f3n del 25-N D\u00eda Internacional para la Eliminaci\u00f3n de la Violencia de G\u00e9nero<\/p>\n<p style=\"text-align: justify;\">El documento establece las herramientas necesarias para trabajar en la prevenci\u00f3n y situaciones adversas frente a la violencia de g\u00e9nero<\/p>\n<p style=\"text-align: justify;\">Coincidiendo con las actividades previas a la conmemoraci\u00f3n del 25-N, D\u00eda Internacional para la Eliminaci\u00f3n de la Violencia de G\u00e9nero, la concejal\u00eda de Igualdad del Ayuntamiento de Mula ha presentado el I Plan Municipal de Prevenci\u00f3n de Violencia de G\u00e9nero\u2019.<\/p>\n<p style=\"text-align: justify;\">El acto ten\u00eda lugar durante la ma\u00f1ana de este martes en el refectorio del Convento de San Francisco y contaba con la presencia del alcalde de Mula, Juan Jes\u00fas Moreno, la concejal de Mujer e Igualdad, Pilar Gil, el Comisario Jefe de la Polic\u00eda Local de Mula y coordinar de este Plan, Fidel Bedia, as\u00ed como Lorena Guti\u00e9rrez Navarro, autora del mismo, miembros de la corporaci\u00f3n municipal y una importante representaci\u00f3n de asociaciones y colectivos del municipio de Mula,<\/p>\n<p style=\"text-align: justify;\">Este I Plan Municipal de Prevenci\u00f3n de Violencia de G\u00e9nero establece las principales pautas y actuaciones en situaciones relacionadas con la violencia de g\u00e9nero. Va dirigido tanto a t\u00e9cnicos, profesionales municipales y cualquier persona que pueda encontrarse en alg\u00fan momento con atenci\u00f3n a la prevenci\u00f3n de violencia.<\/p>\n<p style=\"text-align: justify;\">En el mismo se recogen datos, estad\u00edsticas y cuestiones diversas que facilitar\u00e1n hacer un mejor uso de los recursos y establecen las pautas de c\u00f3mo actuar en cada situaci\u00f3n.<\/p>\n<p style=\"text-align: justify;\">Es un paso que reitera el compromiso del Ayuntamiento de Mula en la lucha para erradicar la violencia de g\u00e9nero<\/p>\n<p style=\"text-align: justify;\">Para el alcalde de Mula, Juan Jes\u00fas Moreno, \u201cel hecho de contar de un documento elaborado por especialistas en la materia que nos gu\u00eden y contribuya a mejorar todos los aspectos relacionados con la prevenci\u00f3n y tratamiento de la violencia de g\u00e9nero es de vital importancia para seguir mejorando y atajando este grave problema\u201d.<\/p>\n<p style=\"text-align: justify;\">Por su parte, Pilar Gil agradec\u00eda a todas las personas que se hab\u00edan implicado y hab\u00edan participado en la elaboraci\u00f3n de este documento que se establec\u00eda \u201ccomo una herramienta indispensable para todas las personas que ten\u00edan que actuar ante una situaci\u00f3n desfavorable y, principalmente, en c\u00f3mo evitar llegar a una situaci\u00f3n relacionada con la violencia de g\u00e9nero\u201d.<\/p>\n<\/div><\/div><\/div><\/div><\/div><div class=\"fusion-fullwidth fullwidth-box fusion-builder-row-2 fusion-flex-container nonhundred-percent-fullwidth non-hundred-percent-height-scrolling\" style=\"--awb-border-radius-top-left:0px;--awb-border-radius-top-right:0px;--awb-border-radius-bottom-right:0px;--awb-border-radius-bottom-left:0px;--awb-flex-wrap:wrap;\" ><div class=\"fusion-builder-row fusion-row fusion-flex-align-items-flex-start fusion-flex-content-wrap\" style=\"max-width:1144px;margin-left: calc(-4% \/ 2 );margin-right: calc(-4% \/ 2 );\"><div class=\"fusion-layout-column fusion_builder_column fusion-builder-column-1 fusion_builder_column_1_1 1_1 fusion-flex-column\" style=\"--awb-bg-size:cover;--awb-width-large:100%;--awb-margin-top-large:0px;--awb-spacing-right-large:1.92%;--awb-margin-bottom-large:20px;--awb-spacing-left-large:1.92%;--awb-width-medium:100%;--awb-order-medium:0;--awb-spacing-right-medium:1.92%;--awb-spacing-left-medium:1.92%;--awb-width-small:100%;--awb-order-small:0;--awb-spacing-right-small:1.92%;--awb-spacing-left-small:1.92%;\"><div class=\"fusion-column-wrapper fusion-column-has-shadow fusion-flex-justify-content-flex-start fusion-content-layout-column\"><div class=\"fusion-text fusion-text-2\"><p><a href=\"https:\/\/mula.es\/web\/wp-content\/uploads\/2021\/11\/plan_violencia_2021_1-scaled.jpg\"><img decoding=\"async\" data-attachment-id=\"42905\" data-permalink=\"https:\/\/mula.es\/web\/igualdad-presentado-el-i-plan-municipal-de-prevencion-de-violencia-de-genero-del-municipio-de-mula\/plan_violencia_2021_1\/\" data-orig-file=\"https:\/\/mula.es\/web\/wp-content\/uploads\/2021\/11\/plan_violencia_2021_1-scaled.jpg\" data-orig-size=\"2560,1920\" data-comments-opened=\"0\" data-image-meta=\"\" data-image-title=\"plan_violencia_2021_1\" data-image-description=\"\" data-image-caption=\"\" data-large-file=\"https:\/\/mula.es\/web\/wp-content\/uploads\/2021\/11\/plan_violencia_2021_1-1024x768.jpg\" class=\"alignnone size-large wp-image-42905\" src=\"https:\/\/mula.es\/web\/wp-content\/uploads\/2021\/11\/plan_violencia_2021_1-1024x768.jpg\" alt=\"\" width=\"1024\" height=\"768\" srcset=\"https:\/\/mula.es\/web\/wp-content\/uploads\/2021\/11\/plan_violencia_2021_1-200x150.jpg 200w, https:\/\/mula.es\/web\/wp-content\/uploads\/2021\/11\/plan_violencia_2021_1-300x225.jpg 300w, https:\/\/mula.es\/web\/wp-content\/uploads\/2021\/11\/plan_violencia_2021_1-400x300.jpg 400w, https:\/\/mula.es\/web\/wp-content\/uploads\/2021\/11\/plan_violencia_2021_1-600x450.jpg 600w, https:\/\/mula.es\/web\/wp-content\/uploads\/2021\/11\/plan_violencia_2021_1-768x576.jpg 768w, https:\/\/mula.es\/web\/wp-content\/uploads\/2021\/11\/plan_violencia_2021_1-800x600.jpg 800w, https:\/\/mula.es\/web\/wp-content\/uploads\/2021\/11\/plan_violencia_2021_1-1024x768.jpg 1024w, https:\/\/mula.es\/web\/wp-content\/uploads\/2021\/11\/plan_violencia_2021_1-1200x900.jpg 1200w, https:\/\/mula.es\/web\/wp-content\/uploads\/2021\/11\/plan_violencia_2021_1-1536x1152.jpg 1536w\" sizes=\"(max-width: 1024px) 100vw, 1024px\" \/><\/a><\/p>\n<\/div><\/div><\/div><\/div><\/div><\/p>\n","protected":false},"excerpt":{"rendered":"","protected":false},"author":9,"featured_media":42904,"comment_status":"closed","ping_status":"closed","sticky":false,"template":"","format":"standard","meta":{"jetpack_post_was_ever_published":false,"_jetpack_newsletter_access":"","_jetpack_dont_email_post_to_subs":false,"_jetpack_newsletter_tier_id":0,"_jetpack_memberships_contains_paywalled_content":false,"_jetpack_memberships_contains_paid_content":false,"footnotes":"","jetpack_publicize_message":"","jetpack_publicize_feature_enabled":true,"jetpack_social_post_already_shared":false,"jetpack_social_options":{"image_generator_settings":{"template":"highway","default_image_id":0,"font":"","enabled":false},"version":2}},"categories":[147],"tags":[],"class_list":["post-42903","post","type-post","status-publish","format-standard","has-post-thumbnail","hentry","category-igualdad"],"yoast_head":"<!-- This site is optimized with the Yoast SEO plugin v27.5 - https:\/\/yoast.com\/product\/yoast-seo-wordpress\/ -->\n<title>IGUALDAD | Presentado el I Plan Municipal de Prevenci\u00f3n de Violencia de G\u00e9nero del municipio de Mula - Ayuntamiento de Mula<\/title>\n<meta name=\"robots\" content=\"index, follow, max-snippet:-1, max-image-preview:large, max-video-preview:-1\" \/>\n<link rel=\"canonical\" href=\"https:\/\/mula.es\/web\/igualdad-presentado-el-i-plan-municipal-de-prevencion-de-violencia-de-genero-del-municipio-de-mula\/\" \/>\n<meta property=\"og:locale\" content=\"es_ES\" \/>\n<meta property=\"og:type\" content=\"article\" \/>\n<meta property=\"og:title\" content=\"IGUALDAD | Presentado el I Plan Municipal de Prevenci\u00f3n de Violencia de G\u00e9nero del municipio de Mula - Ayuntamiento de Mula\" \/>\n<meta property=\"og:url\" content=\"https:\/\/mula.es\/web\/igualdad-presentado-el-i-plan-municipal-de-prevencion-de-violencia-de-genero-del-municipio-de-mula\/\" \/>\n<meta property=\"og:site_name\" content=\"Ayuntamiento de Mula\" \/>\n<meta property=\"article:published_time\" content=\"2021-11-25T08:09:38+00:00\" \/>\n<meta property=\"og:image\" content=\"https:\/\/i0.wp.com\/mula.es\/web\/wp-content\/uploads\/2021\/11\/plan_violencia_2021_2-scaled.jpg?fit=2560%2C1920&ssl=1\" \/>\n\t<meta property=\"og:image:width\" content=\"2560\" \/>\n\t<meta property=\"og:image:height\" content=\"1920\" \/>\n\t<meta property=\"og:image:type\" content=\"image\/jpeg\" \/>\n<meta name=\"author\" content=\"Rosario Mart\u00ednez\" \/>\n<meta name=\"twitter:card\" content=\"summary_large_image\" \/>\n<meta name=\"twitter:image\" content=\"https:\/\/mula.es\/web\/wp-content\/uploads\/2020\/06\/cropped-escudo-cuadrado.jpg\" \/>\n<meta name=\"twitter:creator\" content=\"@AyuntamientMula\" \/>\n<meta name=\"twitter:site\" content=\"@AyuntamientMula\" \/>\n<meta name=\"twitter:label1\" content=\"Escrito por\" \/>\n\t<meta name=\"twitter:data1\" content=\"Rosario Mart\u00ednez\" \/>\n\t<meta name=\"twitter:label2\" content=\"Tiempo de lectura\" \/>\n\t<meta name=\"twitter:data2\" content=\"2 minutos\" \/>\n<script type=\"application\/ld+json\" class=\"yoast-schema-graph\">{\"@context\":\"https:\\\/\\\/schema.org\",\"@graph\":[{\"@type\":\"Article\",\"@id\":\"https:\\\/\\\/mula.es\\\/web\\\/igualdad-presentado-el-i-plan-municipal-de-prevencion-de-violencia-de-genero-del-municipio-de-mula\\\/#article\",\"isPartOf\":{\"@id\":\"https:\\\/\\\/mula.es\\\/web\\\/igualdad-presentado-el-i-plan-municipal-de-prevencion-de-violencia-de-genero-del-municipio-de-mula\\\/\"},\"author\":{\"name\":\"Rosario Mart\u00ednez\",\"@id\":\"https:\\\/\\\/mula.es\\\/web\\\/#\\\/schema\\\/person\\\/f8d63bd3ab6e7b025268b909b7ab0771\"},\"headline\":\"IGUALDAD | Presentado el I Plan Municipal de Prevenci\u00f3n de Violencia de G\u00e9nero del municipio de Mula\",\"datePublished\":\"2021-11-25T08:09:38+00:00\",\"mainEntityOfPage\":{\"@id\":\"https:\\\/\\\/mula.es\\\/web\\\/igualdad-presentado-el-i-plan-municipal-de-prevencion-de-violencia-de-genero-del-municipio-de-mula\\\/\"},\"wordCount\":1215,\"image\":{\"@id\":\"https:\\\/\\\/mula.es\\\/web\\\/igualdad-presentado-el-i-plan-municipal-de-prevencion-de-violencia-de-genero-del-municipio-de-mula\\\/#primaryimage\"},\"thumbnailUrl\":\"https:\\\/\\\/mula.es\\\/web\\\/wp-content\\\/uploads\\\/2021\\\/11\\\/plan_violencia_2021_2-scaled.jpg\",\"articleSection\":[\"igualdad\"],\"inLanguage\":\"es\"},{\"@type\":\"WebPage\",\"@id\":\"https:\\\/\\\/mula.es\\\/web\\\/igualdad-presentado-el-i-plan-municipal-de-prevencion-de-violencia-de-genero-del-municipio-de-mula\\\/\",\"url\":\"https:\\\/\\\/mula.es\\\/web\\\/igualdad-presentado-el-i-plan-municipal-de-prevencion-de-violencia-de-genero-del-municipio-de-mula\\\/\",\"name\":\"IGUALDAD | Presentado el I Plan Municipal de Prevenci\u00f3n de Violencia de G\u00e9nero del municipio de Mula - Ayuntamiento de Mula\",\"isPartOf\":{\"@id\":\"https:\\\/\\\/mula.es\\\/web\\\/#website\"},\"primaryImageOfPage\":{\"@id\":\"https:\\\/\\\/mula.es\\\/web\\\/igualdad-presentado-el-i-plan-municipal-de-prevencion-de-violencia-de-genero-del-municipio-de-mula\\\/#primaryimage\"},\"image\":{\"@id\":\"https:\\\/\\\/mula.es\\\/web\\\/igualdad-presentado-el-i-plan-municipal-de-prevencion-de-violencia-de-genero-del-municipio-de-mula\\\/#primaryimage\"},\"thumbnailUrl\":\"https:\\\/\\\/mula.es\\\/web\\\/wp-content\\\/uploads\\\/2021\\\/11\\\/plan_violencia_2021_2-scaled.jpg\",\"datePublished\":\"2021-11-25T08:09:38+00:00\",\"author\":{\"@id\":\"https:\\\/\\\/mula.es\\\/web\\\/#\\\/schema\\\/person\\\/f8d63bd3ab6e7b025268b909b7ab0771\"},\"breadcrumb\":{\"@id\":\"https:\\\/\\\/mula.es\\\/web\\\/igualdad-presentado-el-i-plan-municipal-de-prevencion-de-violencia-de-genero-del-municipio-de-mula\\\/#breadcrumb\"},\"inLanguage\":\"es\",\"potentialAction\":[{\"@type\":\"ReadAction\",\"target\":[\"https:\\\/\\\/mula.es\\\/web\\\/igualdad-presentado-el-i-plan-municipal-de-prevencion-de-violencia-de-genero-del-municipio-de-mula\\\/\"]}]},{\"@type\":\"ImageObject\",\"inLanguage\":\"es\",\"@id\":\"https:\\\/\\\/mula.es\\\/web\\\/igualdad-presentado-el-i-plan-municipal-de-prevencion-de-violencia-de-genero-del-municipio-de-mula\\\/#primaryimage\",\"url\":\"https:\\\/\\\/mula.es\\\/web\\\/wp-content\\\/uploads\\\/2021\\\/11\\\/plan_violencia_2021_2-scaled.jpg\",\"contentUrl\":\"https:\\\/\\\/mula.es\\\/web\\\/wp-content\\\/uploads\\\/2021\\\/11\\\/plan_violencia_2021_2-scaled.jpg\",\"width\":2560,\"height\":1920},{\"@type\":\"BreadcrumbList\",\"@id\":\"https:\\\/\\\/mula.es\\\/web\\\/igualdad-presentado-el-i-plan-municipal-de-prevencion-de-violencia-de-genero-del-municipio-de-mula\\\/#breadcrumb\",\"itemListElement\":[{\"@type\":\"ListItem\",\"position\":1,\"name\":\"Portada\",\"item\":\"https:\\\/\\\/mula.es\\\/web\\\/\"},{\"@type\":\"ListItem\",\"position\":2,\"name\":\"IGUALDAD | Presentado el I Plan Municipal de Prevenci\u00f3n de Violencia de G\u00e9nero del municipio de Mula\"}]},{\"@type\":\"WebSite\",\"@id\":\"https:\\\/\\\/mula.es\\\/web\\\/#website\",\"url\":\"https:\\\/\\\/mula.es\\\/web\\\/\",\"name\":\"Ayuntamiento de Mula\",\"description\":\"P\u00e1gina web del Ayuntamiento de Mula (Regi\u00f3n de Murcia)\",\"potentialAction\":[{\"@type\":\"SearchAction\",\"target\":{\"@type\":\"EntryPoint\",\"urlTemplate\":\"https:\\\/\\\/mula.es\\\/web\\\/?s={search_term_string}\"},\"query-input\":{\"@type\":\"PropertyValueSpecification\",\"valueRequired\":true,\"valueName\":\"search_term_string\"}}],\"inLanguage\":\"es\"},{\"@type\":\"Person\",\"@id\":\"https:\\\/\\\/mula.es\\\/web\\\/#\\\/schema\\\/person\\\/f8d63bd3ab6e7b025268b909b7ab0771\",\"name\":\"Rosario Mart\u00ednez\",\"image\":{\"@type\":\"ImageObject\",\"inLanguage\":\"es\",\"@id\":\"https:\\\/\\\/secure.gravatar.com\\\/avatar\\\/ce916b980ac93e5b1d36e6068357675d4e089a572ebc8789fcb807c2fb2edfef?s=96&d=mm&r=g\",\"url\":\"https:\\\/\\\/secure.gravatar.com\\\/avatar\\\/ce916b980ac93e5b1d36e6068357675d4e089a572ebc8789fcb807c2fb2edfef?s=96&d=mm&r=g\",\"contentUrl\":\"https:\\\/\\\/secure.gravatar.com\\\/avatar\\\/ce916b980ac93e5b1d36e6068357675d4e089a572ebc8789fcb807c2fb2edfef?s=96&d=mm&r=g\",\"caption\":\"Rosario Mart\u00ednez\"},\"url\":\"https:\\\/\\\/mula.es\\\/web\\\/author\\\/rmartinez\\\/\"}]}<\/script>\n<!-- \/ Yoast SEO plugin. -->","yoast_head_json":{"title":"IGUALDAD | Presentado el I Plan Municipal de Prevenci\u00f3n de Violencia de G\u00e9nero del municipio de Mula - Ayuntamiento de Mula","robots":{"index":"index","follow":"follow","max-snippet":"max-snippet:-1","max-image-preview":"max-image-preview:large","max-video-preview":"max-video-preview:-1"},"canonical":"https:\/\/mula.es\/web\/igualdad-presentado-el-i-plan-municipal-de-prevencion-de-violencia-de-genero-del-municipio-de-mula\/","og_locale":"es_ES","og_type":"article","og_title":"IGUALDAD | Presentado el I Plan Municipal de Prevenci\u00f3n de Violencia de G\u00e9nero del municipio de Mula - Ayuntamiento de Mula","og_url":"https:\/\/mula.es\/web\/igualdad-presentado-el-i-plan-municipal-de-prevencion-de-violencia-de-genero-del-municipio-de-mula\/","og_site_name":"Ayuntamiento de Mula","article_published_time":"2021-11-25T08:09:38+00:00","og_image":[{"width":2560,"height":1920,"url":"https:\/\/i0.wp.com\/mula.es\/web\/wp-content\/uploads\/2021\/11\/plan_violencia_2021_2-scaled.jpg?fit=2560%2C1920&ssl=1","type":"image\/jpeg"}],"author":"Rosario Mart\u00ednez","twitter_card":"summary_large_image","twitter_image":"https:\/\/mula.es\/web\/wp-content\/uploads\/2020\/06\/cropped-escudo-cuadrado.jpg","twitter_creator":"@AyuntamientMula","twitter_site":"@AyuntamientMula","twitter_misc":{"Escrito por":"Rosario Mart\u00ednez","Tiempo de lectura":"2 minutos"},"schema":{"@context":"https:\/\/schema.org","@graph":[{"@type":"Article","@id":"https:\/\/mula.es\/web\/igualdad-presentado-el-i-plan-municipal-de-prevencion-de-violencia-de-genero-del-municipio-de-mula\/#article","isPartOf":{"@id":"https:\/\/mula.es\/web\/igualdad-presentado-el-i-plan-municipal-de-prevencion-de-violencia-de-genero-del-municipio-de-mula\/"},"author":{"name":"Rosario Mart\u00ednez","@id":"https:\/\/mula.es\/web\/#\/schema\/person\/f8d63bd3ab6e7b025268b909b7ab0771"},"headline":"IGUALDAD | Presentado el I Plan Municipal de Prevenci\u00f3n de Violencia de G\u00e9nero del municipio de Mula","datePublished":"2021-11-25T08:09:38+00:00","mainEntityOfPage":{"@id":"https:\/\/mula.es\/web\/igualdad-presentado-el-i-plan-municipal-de-prevencion-de-violencia-de-genero-del-municipio-de-mula\/"},"wordCount":1215,"image":{"@id":"https:\/\/mula.es\/web\/igualdad-presentado-el-i-plan-municipal-de-prevencion-de-violencia-de-genero-del-municipio-de-mula\/#primaryimage"},"thumbnailUrl":"https:\/\/mula.es\/web\/wp-content\/uploads\/2021\/11\/plan_violencia_2021_2-scaled.jpg","articleSection":["igualdad"],"inLanguage":"es"},{"@type":"WebPage","@id":"https:\/\/mula.es\/web\/igualdad-presentado-el-i-plan-municipal-de-prevencion-de-violencia-de-genero-del-municipio-de-mula\/","url":"https:\/\/mula.es\/web\/igualdad-presentado-el-i-plan-municipal-de-prevencion-de-violencia-de-genero-del-municipio-de-mula\/","name":"IGUALDAD | Presentado el I Plan Municipal de Prevenci\u00f3n de Violencia de G\u00e9nero del municipio de Mula - Ayuntamiento de Mula","isPartOf":{"@id":"https:\/\/mula.es\/web\/#website"},"primaryImageOfPage":{"@id":"https:\/\/mula.es\/web\/igualdad-presentado-el-i-plan-municipal-de-prevencion-de-violencia-de-genero-del-municipio-de-mula\/#primaryimage"},"image":{"@id":"https:\/\/mula.es\/web\/igualdad-presentado-el-i-plan-municipal-de-prevencion-de-violencia-de-genero-del-municipio-de-mula\/#primaryimage"},"thumbnailUrl":"https:\/\/mula.es\/web\/wp-content\/uploads\/2021\/11\/plan_violencia_2021_2-scaled.jpg","datePublished":"2021-11-25T08:09:38+00:00","author":{"@id":"https:\/\/mula.es\/web\/#\/schema\/person\/f8d63bd3ab6e7b025268b909b7ab0771"},"breadcrumb":{"@id":"https:\/\/mula.es\/web\/igualdad-presentado-el-i-plan-municipal-de-prevencion-de-violencia-de-genero-del-municipio-de-mula\/#breadcrumb"},"inLanguage":"es","potentialAction":[{"@type":"ReadAction","target":["https:\/\/mula.es\/web\/igualdad-presentado-el-i-plan-municipal-de-prevencion-de-violencia-de-genero-del-municipio-de-mula\/"]}]},{"@type":"ImageObject","inLanguage":"es","@id":"https:\/\/mula.es\/web\/igualdad-presentado-el-i-plan-municipal-de-prevencion-de-violencia-de-genero-del-municipio-de-mula\/#primaryimage","url":"https:\/\/mula.es\/web\/wp-content\/uploads\/2021\/11\/plan_violencia_2021_2-scaled.jpg","contentUrl":"https:\/\/mula.es\/web\/wp-content\/uploads\/2021\/11\/plan_violencia_2021_2-scaled.jpg","width":2560,"height":1920},{"@type":"BreadcrumbList","@id":"https:\/\/mula.es\/web\/igualdad-presentado-el-i-plan-municipal-de-prevencion-de-violencia-de-genero-del-municipio-de-mula\/#breadcrumb","itemListElement":[{"@type":"ListItem","position":1,"name":"Portada","item":"https:\/\/mula.es\/web\/"},{"@type":"ListItem","position":2,"name":"IGUALDAD | Presentado el I Plan Municipal de Prevenci\u00f3n de Violencia de G\u00e9nero del municipio de Mula"}]},{"@type":"WebSite","@id":"https:\/\/mula.es\/web\/#website","url":"https:\/\/mula.es\/web\/","name":"Ayuntamiento de Mula","description":"P\u00e1gina web del Ayuntamiento de Mula (Regi\u00f3n de Murcia)","potentialAction":[{"@type":"SearchAction","target":{"@type":"EntryPoint","urlTemplate":"https:\/\/mula.es\/web\/?s={search_term_string}"},"query-input":{"@type":"PropertyValueSpecification","valueRequired":true,"valueName":"search_term_string"}}],"inLanguage":"es"},{"@type":"Person","@id":"https:\/\/mula.es\/web\/#\/schema\/person\/f8d63bd3ab6e7b025268b909b7ab0771","name":"Rosario Mart\u00ednez","image":{"@type":"ImageObject","inLanguage":"es","@id":"https:\/\/secure.gravatar.com\/avatar\/ce916b980ac93e5b1d36e6068357675d4e089a572ebc8789fcb807c2fb2edfef?s=96&d=mm&r=g","url":"https:\/\/secure.gravatar.com\/avatar\/ce916b980ac93e5b1d36e6068357675d4e089a572ebc8789fcb807c2fb2edfef?s=96&d=mm&r=g","contentUrl":"https:\/\/secure.gravatar.com\/avatar\/ce916b980ac93e5b1d36e6068357675d4e089a572ebc8789fcb807c2fb2edfef?s=96&d=mm&r=g","caption":"Rosario Mart\u00ednez"},"url":"https:\/\/mula.es\/web\/author\/rmartinez\/"}]}},"jetpack_publicize_connections":[],"jetpack_featured_media_url":"https:\/\/mula.es\/web\/wp-content\/uploads\/2021\/11\/plan_violencia_2021_2-scaled.jpg","jetpack_sharing_enabled":true,"jetpack_shortlink":"https:\/\/wp.me\/pa9DMY-b9Z","jetpack-related-posts":[],"_links":{"self":[{"href":"https:\/\/mula.es\/web\/wp-json\/wp\/v2\/posts\/42903","targetHints":{"allow":["GET"]}}],"collection":[{"href":"https:\/\/mula.es\/web\/wp-json\/wp\/v2\/posts"}],"about":[{"href":"https:\/\/mula.es\/web\/wp-json\/wp\/v2\/types\/post"}],"author":[{"embeddable":true,"href":"https:\/\/mula.es\/web\/wp-json\/wp\/v2\/users\/9"}],"replies":[{"embeddable":true,"href":"https:\/\/mula.es\/web\/wp-json\/wp\/v2\/comments?post=42903"}],"version-history":[{"count":1,"href":"https:\/\/mula.es\/web\/wp-json\/wp\/v2\/posts\/42903\/revisions"}],"predecessor-version":[{"id":42906,"href":"https:\/\/mula.es\/web\/wp-json\/wp\/v2\/posts\/42903\/revisions\/42906"}],"wp:featuredmedia":[{"embeddable":true,"href":"https:\/\/mula.es\/web\/wp-json\/wp\/v2\/media\/42904"}],"wp:attachment":[{"href":"https:\/\/mula.es\/web\/wp-json\/wp\/v2\/media?parent=42903"}],"wp:term":[{"taxonomy":"category","embeddable":true,"href":"https:\/\/mula.es\/web\/wp-json\/wp\/v2\/categories?post=42903"},{"taxonomy":"post_tag","embeddable":true,"href":"https:\/\/mula.es\/web\/wp-json\/wp\/v2\/tags?post=42903"}],"curies":[{"name":"wp","href":"https:\/\/api.w.org\/{rel}","templated":true}]}}