{"id":42913,"date":"2021-11-26T08:29:42","date_gmt":"2021-11-26T07:29:42","guid":{"rendered":"https:\/\/mula.es\/web\/?p=42913"},"modified":"2021-11-26T08:29:42","modified_gmt":"2021-11-26T07:29:42","slug":"medio-ambiente-la-concejalia-de-medio-ambiente-organiza-una-representacion-teatral-este-huerto-esta-muy-vivo","status":"publish","type":"post","link":"https:\/\/mula.es\/web\/medio-ambiente-la-concejalia-de-medio-ambiente-organiza-una-representacion-teatral-este-huerto-esta-muy-vivo\/","title":{"rendered":"MEDIO AMBIENTE | La Concejal\u00eda de Medio Ambiente organiza una representaci\u00f3n teatral \u00abEste huerto est\u00e1 muy vivo\u00bb"},"content":{"rendered":"<p><div class=\"fusion-fullwidth fullwidth-box fusion-builder-row-1 fusion-flex-container nonhundred-percent-fullwidth non-hundred-percent-height-scrolling\" style=\"--awb-border-radius-top-left:0px;--awb-border-radius-top-right:0px;--awb-border-radius-bottom-right:0px;--awb-border-radius-bottom-left:0px;--awb-flex-wrap:wrap;\" ><div class=\"fusion-builder-row fusion-row fusion-flex-align-items-flex-start fusion-flex-content-wrap\" style=\"max-width:1144px;margin-left: calc(-4% \/ 2 );margin-right: calc(-4% \/ 2 );\"><div class=\"fusion-layout-column fusion_builder_column fusion-builder-column-0 fusion_builder_column_1_1 1_1 fusion-flex-column\" style=\"--awb-bg-size:cover;--awb-width-large:100%;--awb-margin-top-large:0px;--awb-spacing-right-large:1.92%;--awb-margin-bottom-large:0px;--awb-spacing-left-large:1.92%;--awb-width-medium:100%;--awb-spacing-right-medium:1.92%;--awb-spacing-left-medium:1.92%;--awb-width-small:100%;--awb-spacing-right-small:1.92%;--awb-spacing-left-small:1.92%;\"><div class=\"fusion-column-wrapper fusion-flex-justify-content-flex-start fusion-content-layout-column\"><div class=\"fusion-text fusion-text-1\"><p style=\"text-align: justify;\">La concejal\u00eda de Medio Ambiente del Ayuntamiento de Mula ha organizado, en el teatro Lope de Vega la representaci\u00f3n teatral \u201cEste huerto est\u00e1 muy vivo\u201d dirigida a los escolares de primaria como iniciativa en la concienciaci\u00f3n y sensibilizaci\u00f3n en la reducci\u00f3n de residuos con el objetivo de ense\u00f1arles a conocer el proceso de compostaje, el ciclo de la materia, la correcta separaci\u00f3n de los residuos generados en el centro escolar, etc. En esta primera edici\u00f3n, han participado alumnos de los centros de Anita Arnao, Florentino Bayona, Cristo Crucificado y Santa Clara.<\/p>\n<p style=\"text-align: justify;\">Esta actividad se enmarca en la Semana Europea para la Reducci\u00f3n de Residuos (EWWR) en la que se abordan las 3 ERRES: Reducci\u00f3n de residuos, Reutilizaci\u00f3n de productos, Reciclaje de materiales, en este orden.\u00a0Estas son las principales Rs (aunque hay muchas otras) a tener en cuenta a la hora de reevaluar los h\u00e1bitos de consumo.\u00a0Este a\u00f1o, la Semana Europea para la Reducci\u00f3n de Residuos les reta\u00a0a actuar juntos para dar forma a comunidades circulares\u00a0destinadas a prevenir la producci\u00f3n de residuos.<\/p>\n<\/div><\/div><\/div><\/div><\/div><div class=\"fusion-fullwidth fullwidth-box fusion-builder-row-2 fusion-flex-container nonhundred-percent-fullwidth non-hundred-percent-height-scrolling\" style=\"--awb-border-radius-top-left:0px;--awb-border-radius-top-right:0px;--awb-border-radius-bottom-right:0px;--awb-border-radius-bottom-left:0px;--awb-flex-wrap:wrap;\" ><div class=\"fusion-builder-row fusion-row fusion-flex-align-items-flex-start fusion-flex-content-wrap\" style=\"max-width:1144px;margin-left: calc(-4% \/ 2 );margin-right: calc(-4% \/ 2 );\"><div class=\"fusion-layout-column fusion_builder_column fusion-builder-column-1 fusion_builder_column_1_1 1_1 fusion-flex-column\" style=\"--awb-bg-size:cover;--awb-width-large:100%;--awb-margin-top-large:0px;--awb-spacing-right-large:1.92%;--awb-margin-bottom-large:20px;--awb-spacing-left-large:1.92%;--awb-width-medium:100%;--awb-order-medium:0;--awb-spacing-right-medium:1.92%;--awb-spacing-left-medium:1.92%;--awb-width-small:100%;--awb-order-small:0;--awb-spacing-right-small:1.92%;--awb-spacing-left-small:1.92%;\"><div class=\"fusion-column-wrapper fusion-column-has-shadow fusion-flex-justify-content-flex-start fusion-content-layout-column\"><div class=\"fusion-text fusion-text-2\"><p><a href=\"https:\/\/mula.es\/web\/wp-content\/uploads\/2021\/11\/obramambi2.jpg\"><img decoding=\"async\" data-attachment-id=\"42916\" data-permalink=\"https:\/\/mula.es\/web\/medio-ambiente-la-concejalia-de-medio-ambiente-organiza-una-representacion-teatral-este-huerto-esta-muy-vivo\/obramambi2\/\" data-orig-file=\"https:\/\/mula.es\/web\/wp-content\/uploads\/2021\/11\/obramambi2.jpg\" data-orig-size=\"1599,1200\" data-comments-opened=\"0\" data-image-meta=\"\" data-image-title=\"obramambi2\" data-image-description=\"\" data-image-caption=\"\" data-large-file=\"https:\/\/mula.es\/web\/wp-content\/uploads\/2021\/11\/obramambi2-1024x768.jpg\" class=\"size-large wp-image-42916 aligncenter\" src=\"https:\/\/mula.es\/web\/wp-content\/uploads\/2021\/11\/obramambi2-1024x768.jpg\" alt=\"\" width=\"1024\" height=\"768\" srcset=\"https:\/\/mula.es\/web\/wp-content\/uploads\/2021\/11\/obramambi2-200x150.jpg 200w, https:\/\/mula.es\/web\/wp-content\/uploads\/2021\/11\/obramambi2-300x225.jpg 300w, https:\/\/mula.es\/web\/wp-content\/uploads\/2021\/11\/obramambi2-400x300.jpg 400w, https:\/\/mula.es\/web\/wp-content\/uploads\/2021\/11\/obramambi2-600x450.jpg 600w, https:\/\/mula.es\/web\/wp-content\/uploads\/2021\/11\/obramambi2-768x576.jpg 768w, https:\/\/mula.es\/web\/wp-content\/uploads\/2021\/11\/obramambi2-800x600.jpg 800w, https:\/\/mula.es\/web\/wp-content\/uploads\/2021\/11\/obramambi2-1024x768.jpg 1024w, https:\/\/mula.es\/web\/wp-content\/uploads\/2021\/11\/obramambi2-1200x901.jpg 1200w, https:\/\/mula.es\/web\/wp-content\/uploads\/2021\/11\/obramambi2-1536x1153.jpg 1536w, https:\/\/mula.es\/web\/wp-content\/uploads\/2021\/11\/obramambi2.jpg 1599w\" sizes=\"(max-width: 1024px) 100vw, 1024px\" \/><\/a><\/p>\n<\/div><\/div><\/div><\/div><\/div><\/p>\n","protected":false},"excerpt":{"rendered":"","protected":false},"author":9,"featured_media":42914,"comment_status":"closed","ping_status":"closed","sticky":false,"template":"","format":"standard","meta":{"jetpack_post_was_ever_published":false,"_jetpack_newsletter_access":"","_jetpack_dont_email_post_to_subs":false,"_jetpack_newsletter_tier_id":0,"_jetpack_memberships_contains_paywalled_content":false,"_jetpack_memberships_contains_paid_content":false,"footnotes":"","jetpack_publicize_message":"","jetpack_publicize_feature_enabled":true,"jetpack_social_post_already_shared":false,"jetpack_social_options":{"image_generator_settings":{"template":"highway","default_image_id":0,"font":"","enabled":false},"version":2}},"categories":[153],"tags":[],"class_list":["post-42913","post","type-post","status-publish","format-standard","has-post-thumbnail","hentry","category-medio-ambiente"],"yoast_head":"<!-- This site is optimized with the Yoast SEO plugin v27.5 - https:\/\/yoast.com\/product\/yoast-seo-wordpress\/ -->\n<title>MEDIO AMBIENTE | La Concejal\u00eda de Medio Ambiente organiza una representaci\u00f3n teatral &quot;Este huerto est\u00e1 muy vivo&quot; - Ayuntamiento de Mula<\/title>\n<meta name=\"robots\" content=\"index, follow, max-snippet:-1, max-image-preview:large, max-video-preview:-1\" \/>\n<link rel=\"canonical\" href=\"https:\/\/mula.es\/web\/medio-ambiente-la-concejalia-de-medio-ambiente-organiza-una-representacion-teatral-este-huerto-esta-muy-vivo\/\" \/>\n<meta property=\"og:locale\" content=\"es_ES\" \/>\n<meta property=\"og:type\" content=\"article\" \/>\n<meta property=\"og:title\" content=\"MEDIO AMBIENTE | La Concejal\u00eda de Medio Ambiente organiza una representaci\u00f3n teatral &quot;Este huerto est\u00e1 muy vivo&quot; - Ayuntamiento de Mula\" \/>\n<meta property=\"og:url\" content=\"https:\/\/mula.es\/web\/medio-ambiente-la-concejalia-de-medio-ambiente-organiza-una-representacion-teatral-este-huerto-esta-muy-vivo\/\" \/>\n<meta property=\"og:site_name\" content=\"Ayuntamiento de Mula\" \/>\n<meta property=\"article:published_time\" content=\"2021-11-26T07:29:42+00:00\" \/>\n<meta property=\"og:image\" content=\"https:\/\/i0.wp.com\/mula.es\/web\/wp-content\/uploads\/2021\/11\/obramambi2021.jpg?fit=1599%2C1200&ssl=1\" \/>\n\t<meta property=\"og:image:width\" content=\"1599\" \/>\n\t<meta property=\"og:image:height\" content=\"1200\" \/>\n\t<meta property=\"og:image:type\" content=\"image\/jpeg\" \/>\n<meta name=\"author\" content=\"Rosario Mart\u00ednez\" \/>\n<meta name=\"twitter:card\" content=\"summary_large_image\" \/>\n<meta name=\"twitter:image\" content=\"https:\/\/mula.es\/web\/wp-content\/uploads\/2020\/06\/cropped-escudo-cuadrado.jpg\" \/>\n<meta name=\"twitter:creator\" content=\"@AyuntamientMula\" \/>\n<meta name=\"twitter:site\" content=\"@AyuntamientMula\" \/>\n<meta name=\"twitter:label1\" content=\"Escrito por\" \/>\n\t<meta name=\"twitter:data1\" content=\"Rosario Mart\u00ednez\" \/>\n\t<meta name=\"twitter:label2\" content=\"Tiempo de lectura\" \/>\n\t<meta name=\"twitter:data2\" content=\"1 minuto\" \/>\n<script type=\"application\/ld+json\" class=\"yoast-schema-graph\">{\"@context\":\"https:\\\/\\\/schema.org\",\"@graph\":[{\"@type\":\"Article\",\"@id\":\"https:\\\/\\\/mula.es\\\/web\\\/medio-ambiente-la-concejalia-de-medio-ambiente-organiza-una-representacion-teatral-este-huerto-esta-muy-vivo\\\/#article\",\"isPartOf\":{\"@id\":\"https:\\\/\\\/mula.es\\\/web\\\/medio-ambiente-la-concejalia-de-medio-ambiente-organiza-una-representacion-teatral-este-huerto-esta-muy-vivo\\\/\"},\"author\":{\"name\":\"Rosario Mart\u00ednez\",\"@id\":\"https:\\\/\\\/mula.es\\\/web\\\/#\\\/schema\\\/person\\\/f8d63bd3ab6e7b025268b909b7ab0771\"},\"headline\":\"MEDIO AMBIENTE | La Concejal\u00eda de Medio Ambiente organiza una representaci\u00f3n teatral \u00abEste huerto est\u00e1 muy vivo\u00bb\",\"datePublished\":\"2021-11-26T07:29:42+00:00\",\"mainEntityOfPage\":{\"@id\":\"https:\\\/\\\/mula.es\\\/web\\\/medio-ambiente-la-concejalia-de-medio-ambiente-organiza-una-representacion-teatral-este-huerto-esta-muy-vivo\\\/\"},\"wordCount\":989,\"image\":{\"@id\":\"https:\\\/\\\/mula.es\\\/web\\\/medio-ambiente-la-concejalia-de-medio-ambiente-organiza-una-representacion-teatral-este-huerto-esta-muy-vivo\\\/#primaryimage\"},\"thumbnailUrl\":\"https:\\\/\\\/mula.es\\\/web\\\/wp-content\\\/uploads\\\/2021\\\/11\\\/obramambi2021.jpg\",\"articleSection\":[\"medio ambiente\"],\"inLanguage\":\"es\"},{\"@type\":\"WebPage\",\"@id\":\"https:\\\/\\\/mula.es\\\/web\\\/medio-ambiente-la-concejalia-de-medio-ambiente-organiza-una-representacion-teatral-este-huerto-esta-muy-vivo\\\/\",\"url\":\"https:\\\/\\\/mula.es\\\/web\\\/medio-ambiente-la-concejalia-de-medio-ambiente-organiza-una-representacion-teatral-este-huerto-esta-muy-vivo\\\/\",\"name\":\"MEDIO AMBIENTE | La Concejal\u00eda de Medio Ambiente organiza una representaci\u00f3n teatral \\\"Este huerto est\u00e1 muy vivo\\\" - Ayuntamiento de Mula\",\"isPartOf\":{\"@id\":\"https:\\\/\\\/mula.es\\\/web\\\/#website\"},\"primaryImageOfPage\":{\"@id\":\"https:\\\/\\\/mula.es\\\/web\\\/medio-ambiente-la-concejalia-de-medio-ambiente-organiza-una-representacion-teatral-este-huerto-esta-muy-vivo\\\/#primaryimage\"},\"image\":{\"@id\":\"https:\\\/\\\/mula.es\\\/web\\\/medio-ambiente-la-concejalia-de-medio-ambiente-organiza-una-representacion-teatral-este-huerto-esta-muy-vivo\\\/#primaryimage\"},\"thumbnailUrl\":\"https:\\\/\\\/mula.es\\\/web\\\/wp-content\\\/uploads\\\/2021\\\/11\\\/obramambi2021.jpg\",\"datePublished\":\"2021-11-26T07:29:42+00:00\",\"author\":{\"@id\":\"https:\\\/\\\/mula.es\\\/web\\\/#\\\/schema\\\/person\\\/f8d63bd3ab6e7b025268b909b7ab0771\"},\"breadcrumb\":{\"@id\":\"https:\\\/\\\/mula.es\\\/web\\\/medio-ambiente-la-concejalia-de-medio-ambiente-organiza-una-representacion-teatral-este-huerto-esta-muy-vivo\\\/#breadcrumb\"},\"inLanguage\":\"es\",\"potentialAction\":[{\"@type\":\"ReadAction\",\"target\":[\"https:\\\/\\\/mula.es\\\/web\\\/medio-ambiente-la-concejalia-de-medio-ambiente-organiza-una-representacion-teatral-este-huerto-esta-muy-vivo\\\/\"]}]},{\"@type\":\"ImageObject\",\"inLanguage\":\"es\",\"@id\":\"https:\\\/\\\/mula.es\\\/web\\\/medio-ambiente-la-concejalia-de-medio-ambiente-organiza-una-representacion-teatral-este-huerto-esta-muy-vivo\\\/#primaryimage\",\"url\":\"https:\\\/\\\/mula.es\\\/web\\\/wp-content\\\/uploads\\\/2021\\\/11\\\/obramambi2021.jpg\",\"contentUrl\":\"https:\\\/\\\/mula.es\\\/web\\\/wp-content\\\/uploads\\\/2021\\\/11\\\/obramambi2021.jpg\",\"width\":1599,\"height\":1200},{\"@type\":\"BreadcrumbList\",\"@id\":\"https:\\\/\\\/mula.es\\\/web\\\/medio-ambiente-la-concejalia-de-medio-ambiente-organiza-una-representacion-teatral-este-huerto-esta-muy-vivo\\\/#breadcrumb\",\"itemListElement\":[{\"@type\":\"ListItem\",\"position\":1,\"name\":\"Portada\",\"item\":\"https:\\\/\\\/mula.es\\\/web\\\/\"},{\"@type\":\"ListItem\",\"position\":2,\"name\":\"MEDIO AMBIENTE | La Concejal\u00eda de Medio Ambiente organiza una representaci\u00f3n teatral \u00abEste huerto est\u00e1 muy vivo\u00bb\"}]},{\"@type\":\"WebSite\",\"@id\":\"https:\\\/\\\/mula.es\\\/web\\\/#website\",\"url\":\"https:\\\/\\\/mula.es\\\/web\\\/\",\"name\":\"Ayuntamiento de Mula\",\"description\":\"P\u00e1gina web del Ayuntamiento de Mula (Regi\u00f3n de Murcia)\",\"potentialAction\":[{\"@type\":\"SearchAction\",\"target\":{\"@type\":\"EntryPoint\",\"urlTemplate\":\"https:\\\/\\\/mula.es\\\/web\\\/?s={search_term_string}\"},\"query-input\":{\"@type\":\"PropertyValueSpecification\",\"valueRequired\":true,\"valueName\":\"search_term_string\"}}],\"inLanguage\":\"es\"},{\"@type\":\"Person\",\"@id\":\"https:\\\/\\\/mula.es\\\/web\\\/#\\\/schema\\\/person\\\/f8d63bd3ab6e7b025268b909b7ab0771\",\"name\":\"Rosario Mart\u00ednez\",\"image\":{\"@type\":\"ImageObject\",\"inLanguage\":\"es\",\"@id\":\"https:\\\/\\\/secure.gravatar.com\\\/avatar\\\/ce916b980ac93e5b1d36e6068357675d4e089a572ebc8789fcb807c2fb2edfef?s=96&d=mm&r=g\",\"url\":\"https:\\\/\\\/secure.gravatar.com\\\/avatar\\\/ce916b980ac93e5b1d36e6068357675d4e089a572ebc8789fcb807c2fb2edfef?s=96&d=mm&r=g\",\"contentUrl\":\"https:\\\/\\\/secure.gravatar.com\\\/avatar\\\/ce916b980ac93e5b1d36e6068357675d4e089a572ebc8789fcb807c2fb2edfef?s=96&d=mm&r=g\",\"caption\":\"Rosario Mart\u00ednez\"},\"url\":\"https:\\\/\\\/mula.es\\\/web\\\/author\\\/rmartinez\\\/\"}]}<\/script>\n<!-- \/ Yoast SEO plugin. -->","yoast_head_json":{"title":"MEDIO AMBIENTE | La Concejal\u00eda de Medio Ambiente organiza una representaci\u00f3n teatral \"Este huerto est\u00e1 muy vivo\" - Ayuntamiento de Mula","robots":{"index":"index","follow":"follow","max-snippet":"max-snippet:-1","max-image-preview":"max-image-preview:large","max-video-preview":"max-video-preview:-1"},"canonical":"https:\/\/mula.es\/web\/medio-ambiente-la-concejalia-de-medio-ambiente-organiza-una-representacion-teatral-este-huerto-esta-muy-vivo\/","og_locale":"es_ES","og_type":"article","og_title":"MEDIO AMBIENTE | La Concejal\u00eda de Medio Ambiente organiza una representaci\u00f3n teatral \"Este huerto est\u00e1 muy vivo\" - Ayuntamiento de Mula","og_url":"https:\/\/mula.es\/web\/medio-ambiente-la-concejalia-de-medio-ambiente-organiza-una-representacion-teatral-este-huerto-esta-muy-vivo\/","og_site_name":"Ayuntamiento de Mula","article_published_time":"2021-11-26T07:29:42+00:00","og_image":[{"width":1599,"height":1200,"url":"https:\/\/i0.wp.com\/mula.es\/web\/wp-content\/uploads\/2021\/11\/obramambi2021.jpg?fit=1599%2C1200&ssl=1","type":"image\/jpeg"}],"author":"Rosario Mart\u00ednez","twitter_card":"summary_large_image","twitter_image":"https:\/\/mula.es\/web\/wp-content\/uploads\/2020\/06\/cropped-escudo-cuadrado.jpg","twitter_creator":"@AyuntamientMula","twitter_site":"@AyuntamientMula","twitter_misc":{"Escrito por":"Rosario Mart\u00ednez","Tiempo de lectura":"1 minuto"},"schema":{"@context":"https:\/\/schema.org","@graph":[{"@type":"Article","@id":"https:\/\/mula.es\/web\/medio-ambiente-la-concejalia-de-medio-ambiente-organiza-una-representacion-teatral-este-huerto-esta-muy-vivo\/#article","isPartOf":{"@id":"https:\/\/mula.es\/web\/medio-ambiente-la-concejalia-de-medio-ambiente-organiza-una-representacion-teatral-este-huerto-esta-muy-vivo\/"},"author":{"name":"Rosario Mart\u00ednez","@id":"https:\/\/mula.es\/web\/#\/schema\/person\/f8d63bd3ab6e7b025268b909b7ab0771"},"headline":"MEDIO AMBIENTE | La Concejal\u00eda de Medio Ambiente organiza una representaci\u00f3n teatral \u00abEste huerto est\u00e1 muy vivo\u00bb","datePublished":"2021-11-26T07:29:42+00:00","mainEntityOfPage":{"@id":"https:\/\/mula.es\/web\/medio-ambiente-la-concejalia-de-medio-ambiente-organiza-una-representacion-teatral-este-huerto-esta-muy-vivo\/"},"wordCount":989,"image":{"@id":"https:\/\/mula.es\/web\/medio-ambiente-la-concejalia-de-medio-ambiente-organiza-una-representacion-teatral-este-huerto-esta-muy-vivo\/#primaryimage"},"thumbnailUrl":"https:\/\/mula.es\/web\/wp-content\/uploads\/2021\/11\/obramambi2021.jpg","articleSection":["medio ambiente"],"inLanguage":"es"},{"@type":"WebPage","@id":"https:\/\/mula.es\/web\/medio-ambiente-la-concejalia-de-medio-ambiente-organiza-una-representacion-teatral-este-huerto-esta-muy-vivo\/","url":"https:\/\/mula.es\/web\/medio-ambiente-la-concejalia-de-medio-ambiente-organiza-una-representacion-teatral-este-huerto-esta-muy-vivo\/","name":"MEDIO AMBIENTE | La Concejal\u00eda de Medio Ambiente organiza una representaci\u00f3n teatral \"Este huerto est\u00e1 muy vivo\" - Ayuntamiento de Mula","isPartOf":{"@id":"https:\/\/mula.es\/web\/#website"},"primaryImageOfPage":{"@id":"https:\/\/mula.es\/web\/medio-ambiente-la-concejalia-de-medio-ambiente-organiza-una-representacion-teatral-este-huerto-esta-muy-vivo\/#primaryimage"},"image":{"@id":"https:\/\/mula.es\/web\/medio-ambiente-la-concejalia-de-medio-ambiente-organiza-una-representacion-teatral-este-huerto-esta-muy-vivo\/#primaryimage"},"thumbnailUrl":"https:\/\/mula.es\/web\/wp-content\/uploads\/2021\/11\/obramambi2021.jpg","datePublished":"2021-11-26T07:29:42+00:00","author":{"@id":"https:\/\/mula.es\/web\/#\/schema\/person\/f8d63bd3ab6e7b025268b909b7ab0771"},"breadcrumb":{"@id":"https:\/\/mula.es\/web\/medio-ambiente-la-concejalia-de-medio-ambiente-organiza-una-representacion-teatral-este-huerto-esta-muy-vivo\/#breadcrumb"},"inLanguage":"es","potentialAction":[{"@type":"ReadAction","target":["https:\/\/mula.es\/web\/medio-ambiente-la-concejalia-de-medio-ambiente-organiza-una-representacion-teatral-este-huerto-esta-muy-vivo\/"]}]},{"@type":"ImageObject","inLanguage":"es","@id":"https:\/\/mula.es\/web\/medio-ambiente-la-concejalia-de-medio-ambiente-organiza-una-representacion-teatral-este-huerto-esta-muy-vivo\/#primaryimage","url":"https:\/\/mula.es\/web\/wp-content\/uploads\/2021\/11\/obramambi2021.jpg","contentUrl":"https:\/\/mula.es\/web\/wp-content\/uploads\/2021\/11\/obramambi2021.jpg","width":1599,"height":1200},{"@type":"BreadcrumbList","@id":"https:\/\/mula.es\/web\/medio-ambiente-la-concejalia-de-medio-ambiente-organiza-una-representacion-teatral-este-huerto-esta-muy-vivo\/#breadcrumb","itemListElement":[{"@type":"ListItem","position":1,"name":"Portada","item":"https:\/\/mula.es\/web\/"},{"@type":"ListItem","position":2,"name":"MEDIO AMBIENTE | La Concejal\u00eda de Medio Ambiente organiza una representaci\u00f3n teatral \u00abEste huerto est\u00e1 muy vivo\u00bb"}]},{"@type":"WebSite","@id":"https:\/\/mula.es\/web\/#website","url":"https:\/\/mula.es\/web\/","name":"Ayuntamiento de Mula","description":"P\u00e1gina web del Ayuntamiento de Mula (Regi\u00f3n de Murcia)","potentialAction":[{"@type":"SearchAction","target":{"@type":"EntryPoint","urlTemplate":"https:\/\/mula.es\/web\/?s={search_term_string}"},"query-input":{"@type":"PropertyValueSpecification","valueRequired":true,"valueName":"search_term_string"}}],"inLanguage":"es"},{"@type":"Person","@id":"https:\/\/mula.es\/web\/#\/schema\/person\/f8d63bd3ab6e7b025268b909b7ab0771","name":"Rosario Mart\u00ednez","image":{"@type":"ImageObject","inLanguage":"es","@id":"https:\/\/secure.gravatar.com\/avatar\/ce916b980ac93e5b1d36e6068357675d4e089a572ebc8789fcb807c2fb2edfef?s=96&d=mm&r=g","url":"https:\/\/secure.gravatar.com\/avatar\/ce916b980ac93e5b1d36e6068357675d4e089a572ebc8789fcb807c2fb2edfef?s=96&d=mm&r=g","contentUrl":"https:\/\/secure.gravatar.com\/avatar\/ce916b980ac93e5b1d36e6068357675d4e089a572ebc8789fcb807c2fb2edfef?s=96&d=mm&r=g","caption":"Rosario Mart\u00ednez"},"url":"https:\/\/mula.es\/web\/author\/rmartinez\/"}]}},"jetpack_publicize_connections":[],"jetpack_featured_media_url":"https:\/\/mula.es\/web\/wp-content\/uploads\/2021\/11\/obramambi2021.jpg","jetpack_sharing_enabled":true,"jetpack_shortlink":"https:\/\/wp.me\/pa9DMY-ba9","jetpack-related-posts":[],"_links":{"self":[{"href":"https:\/\/mula.es\/web\/wp-json\/wp\/v2\/posts\/42913","targetHints":{"allow":["GET"]}}],"collection":[{"href":"https:\/\/mula.es\/web\/wp-json\/wp\/v2\/posts"}],"about":[{"href":"https:\/\/mula.es\/web\/wp-json\/wp\/v2\/types\/post"}],"author":[{"embeddable":true,"href":"https:\/\/mula.es\/web\/wp-json\/wp\/v2\/users\/9"}],"replies":[{"embeddable":true,"href":"https:\/\/mula.es\/web\/wp-json\/wp\/v2\/comments?post=42913"}],"version-history":[{"count":1,"href":"https:\/\/mula.es\/web\/wp-json\/wp\/v2\/posts\/42913\/revisions"}],"predecessor-version":[{"id":42917,"href":"https:\/\/mula.es\/web\/wp-json\/wp\/v2\/posts\/42913\/revisions\/42917"}],"wp:featuredmedia":[{"embeddable":true,"href":"https:\/\/mula.es\/web\/wp-json\/wp\/v2\/media\/42914"}],"wp:attachment":[{"href":"https:\/\/mula.es\/web\/wp-json\/wp\/v2\/media?parent=42913"}],"wp:term":[{"taxonomy":"category","embeddable":true,"href":"https:\/\/mula.es\/web\/wp-json\/wp\/v2\/categories?post=42913"},{"taxonomy":"post_tag","embeddable":true,"href":"https:\/\/mula.es\/web\/wp-json\/wp\/v2\/tags?post=42913"}],"curies":[{"name":"wp","href":"https:\/\/api.w.org\/{rel}","templated":true}]}}