{"id":43035,"date":"2021-12-06T11:24:17","date_gmt":"2021-12-06T10:24:17","guid":{"rendered":"https:\/\/mula.es\/web\/?p=43035"},"modified":"2021-12-06T11:26:52","modified_gmt":"2021-12-06T10:26:52","slug":"navidad-el-barrio-de-los-molinos-inaugura-su-tradicional-belen","status":"publish","type":"post","link":"https:\/\/mula.es\/web\/navidad-el-barrio-de-los-molinos-inaugura-su-tradicional-belen\/","title":{"rendered":"NAVIDAD | El barrio de Los Molinos inaugura su tradicional Bel\u00e9n"},"content":{"rendered":"<div class=\"fusion-fullwidth fullwidth-box fusion-builder-row-1 fusion-flex-container nonhundred-percent-fullwidth non-hundred-percent-height-scrolling\" style=\"--awb-border-radius-top-left:0px;--awb-border-radius-top-right:0px;--awb-border-radius-bottom-right:0px;--awb-border-radius-bottom-left:0px;--awb-flex-wrap:wrap;\" ><div class=\"fusion-builder-row fusion-row fusion-flex-align-items-flex-start fusion-flex-content-wrap\" style=\"max-width:1144px;margin-left: calc(-4% \/ 2 );margin-right: calc(-4% \/ 2 );\"><div class=\"fusion-layout-column fusion_builder_column fusion-builder-column-0 fusion_builder_column_1_1 1_1 fusion-flex-column\" style=\"--awb-bg-size:cover;--awb-width-large:100%;--awb-margin-top-large:0px;--awb-spacing-right-large:1.92%;--awb-margin-bottom-large:0px;--awb-spacing-left-large:1.92%;--awb-width-medium:100%;--awb-spacing-right-medium:1.92%;--awb-spacing-left-medium:1.92%;--awb-width-small:100%;--awb-spacing-right-small:1.92%;--awb-spacing-left-small:1.92%;\"><div class=\"fusion-column-wrapper fusion-flex-justify-content-flex-start fusion-content-layout-column\"><div class=\"fusion-text fusion-text-1\"><p style=\"text-align: justify;\">El alcalde de Mula, Juan Jes\u00fas Moreno, junto a miembros del equipo de Gobierno local participaban durante la tarde de este viernes en la inauguraci\u00f3n del Bel\u00e9n de la asociaci\u00f3n de Vecinos del Barrio de Los Molinos.<\/p>\n<p style=\"text-align: justify;\">Ubicado en las instalaciones del Lavadero, sede de la asociaci\u00f3n, permanecer\u00e1 abierto durante todas las fiestas en horario de 16.00 a 19.00 horas para todas aquellas personas que quieran visitarlo.<\/p>\n<p style=\"text-align: justify;\">Este Bel\u00e9n es uno de los m\u00e1s destacados del municipio ya que est\u00e1 elaborado \u00edntegramente por todos los vecinos del Barrio.<\/p>\n<p style=\"text-align: justify;\">El alcalde de Mula resaltaba la importancia de \u201cunidad y convivencia entre los vecinos del barrio\u201d, al tiempo que anima a todos los mule\u00f1os a disfrutar del gran trabajo que hab\u00edan realizado los vecinos de Los Molinos\u201d.<\/p>\n<\/div><\/div><\/div><div class=\"fusion-layout-column fusion_builder_column fusion-builder-column-1 fusion_builder_column_1_2 1_2 fusion-flex-column\" style=\"--awb-bg-size:cover;--awb-width-large:50%;--awb-margin-top-large:0px;--awb-spacing-right-large:3.84%;--awb-margin-bottom-large:0px;--awb-spacing-left-large:3.84%;--awb-width-medium:50%;--awb-spacing-right-medium:3.84%;--awb-spacing-left-medium:3.84%;--awb-width-small:100%;--awb-spacing-right-small:1.92%;--awb-spacing-left-small:1.92%;\"><div class=\"fusion-column-wrapper fusion-flex-justify-content-flex-start fusion-content-layout-column\"><div class=\"fusion-image-element \" style=\"--awb-caption-title-font-family:var(--h2_typography-font-family);--awb-caption-title-font-weight:var(--h2_typography-font-weight);--awb-caption-title-font-style:var(--h2_typography-font-style);--awb-caption-title-size:var(--h2_typography-font-size);--awb-caption-title-transform:var(--h2_typography-text-transform);--awb-caption-title-line-height:var(--h2_typography-line-height);--awb-caption-title-letter-spacing:var(--h2_typography-letter-spacing);\"><span class=\" fusion-imageframe imageframe-none imageframe-1 hover-type-none\"><a href=\"https:\/\/mula.es\/web\/wp-content\/uploads\/2021\/12\/Belen-Barrio-de-los-Molinos-2.jpg\" class=\"fusion-lightbox\" data-rel=\"iLightbox[91b0da9398f0bd4dab9]\" data-title=\"Belen Barrio de los Molinos 2\" title=\"Belen Barrio de los Molinos 2\"><img decoding=\"async\" width=\"1024\" height=\"683\" src=\"https:\/\/mula.es\/web\/wp-content\/uploads\/2021\/12\/Belen-Barrio-de-los-Molinos-2.jpg\" alt class=\"img-responsive wp-image-43039\" srcset=\"https:\/\/mula.es\/web\/wp-content\/uploads\/2021\/12\/Belen-Barrio-de-los-Molinos-2-200x133.jpg 200w, https:\/\/mula.es\/web\/wp-content\/uploads\/2021\/12\/Belen-Barrio-de-los-Molinos-2-400x267.jpg 400w, https:\/\/mula.es\/web\/wp-content\/uploads\/2021\/12\/Belen-Barrio-de-los-Molinos-2-600x400.jpg 600w, https:\/\/mula.es\/web\/wp-content\/uploads\/2021\/12\/Belen-Barrio-de-los-Molinos-2-800x534.jpg 800w, https:\/\/mula.es\/web\/wp-content\/uploads\/2021\/12\/Belen-Barrio-de-los-Molinos-2.jpg 1024w\" sizes=\"(max-width: 640px) 100vw, 600px\" \/><\/a><\/span><\/div><\/div><\/div><div class=\"fusion-layout-column fusion_builder_column fusion-builder-column-2 fusion_builder_column_1_2 1_2 fusion-flex-column\" style=\"--awb-bg-size:cover;--awb-width-large:50%;--awb-margin-top-large:0px;--awb-spacing-right-large:3.84%;--awb-margin-bottom-large:0px;--awb-spacing-left-large:3.84%;--awb-width-medium:50%;--awb-spacing-right-medium:3.84%;--awb-spacing-left-medium:3.84%;--awb-width-small:100%;--awb-spacing-right-small:1.92%;--awb-spacing-left-small:1.92%;\"><div class=\"fusion-column-wrapper fusion-flex-justify-content-flex-start fusion-content-layout-column\"><div class=\"fusion-image-element \" style=\"--awb-caption-title-font-family:var(--h2_typography-font-family);--awb-caption-title-font-weight:var(--h2_typography-font-weight);--awb-caption-title-font-style:var(--h2_typography-font-style);--awb-caption-title-size:var(--h2_typography-font-size);--awb-caption-title-transform:var(--h2_typography-text-transform);--awb-caption-title-line-height:var(--h2_typography-line-height);--awb-caption-title-letter-spacing:var(--h2_typography-letter-spacing);\"><span class=\" fusion-imageframe imageframe-none imageframe-2 hover-type-none\"><a href=\"https:\/\/mula.es\/web\/wp-content\/uploads\/2021\/12\/Belen-Barrio-de-los-Molinos-3.jpg\" class=\"fusion-lightbox\" data-rel=\"iLightbox[6504f509ea01e8e0523]\" data-title=\"Belen Barrio de los Molinos 3\" title=\"Belen Barrio de los Molinos 3\"><img decoding=\"async\" width=\"1024\" height=\"683\" src=\"https:\/\/mula.es\/web\/wp-content\/uploads\/2021\/12\/Belen-Barrio-de-los-Molinos-3.jpg\" alt class=\"img-responsive wp-image-43040\" srcset=\"https:\/\/mula.es\/web\/wp-content\/uploads\/2021\/12\/Belen-Barrio-de-los-Molinos-3-200x133.jpg 200w, https:\/\/mula.es\/web\/wp-content\/uploads\/2021\/12\/Belen-Barrio-de-los-Molinos-3-400x267.jpg 400w, https:\/\/mula.es\/web\/wp-content\/uploads\/2021\/12\/Belen-Barrio-de-los-Molinos-3-600x400.jpg 600w, https:\/\/mula.es\/web\/wp-content\/uploads\/2021\/12\/Belen-Barrio-de-los-Molinos-3-800x534.jpg 800w, https:\/\/mula.es\/web\/wp-content\/uploads\/2021\/12\/Belen-Barrio-de-los-Molinos-3.jpg 1024w\" sizes=\"(max-width: 640px) 100vw, 600px\" \/><\/a><\/span><\/div><\/div><\/div><\/div><\/div>\n","protected":false},"excerpt":{"rendered":"","protected":false},"author":1,"featured_media":43036,"comment_status":"closed","ping_status":"closed","sticky":false,"template":"","format":"standard","meta":{"jetpack_post_was_ever_published":false,"_jetpack_newsletter_access":"","_jetpack_dont_email_post_to_subs":false,"_jetpack_newsletter_tier_id":0,"_jetpack_memberships_contains_paywalled_content":false,"_jetpack_memberships_contains_paid_content":false,"footnotes":"","jetpack_publicize_message":"","jetpack_publicize_feature_enabled":true,"jetpack_social_post_already_shared":false,"jetpack_social_options":{"image_generator_settings":{"template":"highway","default_image_id":0,"font":"","enabled":false},"version":2}},"categories":[127,392,336],"tags":[],"class_list":["post-43035","post","type-post","status-publish","format-standard","has-post-thumbnail","hentry","category-alcalde","category-alcaldia","category-navidad"],"yoast_head":"<!-- This site is optimized with the Yoast SEO plugin v27.5 - https:\/\/yoast.com\/product\/yoast-seo-wordpress\/ -->\n<title>NAVIDAD | El barrio de Los Molinos inaugura su tradicional Bel\u00e9n - Ayuntamiento de Mula<\/title>\n<meta name=\"robots\" content=\"index, follow, max-snippet:-1, max-image-preview:large, max-video-preview:-1\" \/>\n<link rel=\"canonical\" href=\"https:\/\/mula.es\/web\/navidad-el-barrio-de-los-molinos-inaugura-su-tradicional-belen\/\" \/>\n<meta property=\"og:locale\" content=\"es_ES\" \/>\n<meta property=\"og:type\" content=\"article\" \/>\n<meta property=\"og:title\" content=\"NAVIDAD | El barrio de Los Molinos inaugura su tradicional Bel\u00e9n - Ayuntamiento de Mula\" \/>\n<meta property=\"og:url\" content=\"https:\/\/mula.es\/web\/navidad-el-barrio-de-los-molinos-inaugura-su-tradicional-belen\/\" \/>\n<meta property=\"og:site_name\" content=\"Ayuntamiento de Mula\" \/>\n<meta property=\"article:published_time\" content=\"2021-12-06T10:24:17+00:00\" \/>\n<meta property=\"article:modified_time\" content=\"2021-12-06T10:26:52+00:00\" \/>\n<meta property=\"og:image\" content=\"https:\/\/i0.wp.com\/mula.es\/web\/wp-content\/uploads\/2021\/12\/Belen-Barrio-de-los-Molinos.jpg?fit=1024%2C683&ssl=1\" \/>\n\t<meta property=\"og:image:width\" content=\"1024\" \/>\n\t<meta property=\"og:image:height\" content=\"683\" \/>\n\t<meta property=\"og:image:type\" content=\"image\/jpeg\" \/>\n<meta name=\"author\" content=\"admin\" \/>\n<meta name=\"twitter:card\" content=\"summary_large_image\" \/>\n<meta name=\"twitter:image\" content=\"https:\/\/mula.es\/web\/wp-content\/uploads\/2020\/06\/cropped-escudo-cuadrado.jpg\" \/>\n<meta name=\"twitter:creator\" content=\"@AyuntamientMula\" \/>\n<meta name=\"twitter:site\" content=\"@AyuntamientMula\" \/>\n<meta name=\"twitter:label1\" content=\"Escrito por\" \/>\n\t<meta name=\"twitter:data1\" content=\"admin\" \/>\n\t<meta name=\"twitter:label2\" content=\"Tiempo de lectura\" \/>\n\t<meta name=\"twitter:data2\" content=\"1 minuto\" \/>\n<script type=\"application\/ld+json\" class=\"yoast-schema-graph\">{\"@context\":\"https:\\\/\\\/schema.org\",\"@graph\":[{\"@type\":\"Article\",\"@id\":\"https:\\\/\\\/mula.es\\\/web\\\/navidad-el-barrio-de-los-molinos-inaugura-su-tradicional-belen\\\/#article\",\"isPartOf\":{\"@id\":\"https:\\\/\\\/mula.es\\\/web\\\/navidad-el-barrio-de-los-molinos-inaugura-su-tradicional-belen\\\/\"},\"author\":{\"name\":\"admin\",\"@id\":\"https:\\\/\\\/mula.es\\\/web\\\/#\\\/schema\\\/person\\\/a0dbffe9f4a3ed4aaebedcfef02f71a1\"},\"headline\":\"NAVIDAD | El barrio de Los Molinos inaugura su tradicional Bel\u00e9n\",\"datePublished\":\"2021-12-06T10:24:17+00:00\",\"dateModified\":\"2021-12-06T10:26:52+00:00\",\"mainEntityOfPage\":{\"@id\":\"https:\\\/\\\/mula.es\\\/web\\\/navidad-el-barrio-de-los-molinos-inaugura-su-tradicional-belen\\\/\"},\"wordCount\":726,\"image\":{\"@id\":\"https:\\\/\\\/mula.es\\\/web\\\/navidad-el-barrio-de-los-molinos-inaugura-su-tradicional-belen\\\/#primaryimage\"},\"thumbnailUrl\":\"https:\\\/\\\/mula.es\\\/web\\\/wp-content\\\/uploads\\\/2021\\\/12\\\/Belen-Barrio-de-los-Molinos.jpg\",\"articleSection\":[\"alcalde\",\"alcald\u00eda\",\"navidad\"],\"inLanguage\":\"es\"},{\"@type\":\"WebPage\",\"@id\":\"https:\\\/\\\/mula.es\\\/web\\\/navidad-el-barrio-de-los-molinos-inaugura-su-tradicional-belen\\\/\",\"url\":\"https:\\\/\\\/mula.es\\\/web\\\/navidad-el-barrio-de-los-molinos-inaugura-su-tradicional-belen\\\/\",\"name\":\"NAVIDAD | El barrio de Los Molinos inaugura su tradicional Bel\u00e9n - Ayuntamiento de Mula\",\"isPartOf\":{\"@id\":\"https:\\\/\\\/mula.es\\\/web\\\/#website\"},\"primaryImageOfPage\":{\"@id\":\"https:\\\/\\\/mula.es\\\/web\\\/navidad-el-barrio-de-los-molinos-inaugura-su-tradicional-belen\\\/#primaryimage\"},\"image\":{\"@id\":\"https:\\\/\\\/mula.es\\\/web\\\/navidad-el-barrio-de-los-molinos-inaugura-su-tradicional-belen\\\/#primaryimage\"},\"thumbnailUrl\":\"https:\\\/\\\/mula.es\\\/web\\\/wp-content\\\/uploads\\\/2021\\\/12\\\/Belen-Barrio-de-los-Molinos.jpg\",\"datePublished\":\"2021-12-06T10:24:17+00:00\",\"dateModified\":\"2021-12-06T10:26:52+00:00\",\"author\":{\"@id\":\"https:\\\/\\\/mula.es\\\/web\\\/#\\\/schema\\\/person\\\/a0dbffe9f4a3ed4aaebedcfef02f71a1\"},\"breadcrumb\":{\"@id\":\"https:\\\/\\\/mula.es\\\/web\\\/navidad-el-barrio-de-los-molinos-inaugura-su-tradicional-belen\\\/#breadcrumb\"},\"inLanguage\":\"es\",\"potentialAction\":[{\"@type\":\"ReadAction\",\"target\":[\"https:\\\/\\\/mula.es\\\/web\\\/navidad-el-barrio-de-los-molinos-inaugura-su-tradicional-belen\\\/\"]}]},{\"@type\":\"ImageObject\",\"inLanguage\":\"es\",\"@id\":\"https:\\\/\\\/mula.es\\\/web\\\/navidad-el-barrio-de-los-molinos-inaugura-su-tradicional-belen\\\/#primaryimage\",\"url\":\"https:\\\/\\\/mula.es\\\/web\\\/wp-content\\\/uploads\\\/2021\\\/12\\\/Belen-Barrio-de-los-Molinos.jpg\",\"contentUrl\":\"https:\\\/\\\/mula.es\\\/web\\\/wp-content\\\/uploads\\\/2021\\\/12\\\/Belen-Barrio-de-los-Molinos.jpg\",\"width\":1024,\"height\":683},{\"@type\":\"BreadcrumbList\",\"@id\":\"https:\\\/\\\/mula.es\\\/web\\\/navidad-el-barrio-de-los-molinos-inaugura-su-tradicional-belen\\\/#breadcrumb\",\"itemListElement\":[{\"@type\":\"ListItem\",\"position\":1,\"name\":\"Portada\",\"item\":\"https:\\\/\\\/mula.es\\\/web\\\/\"},{\"@type\":\"ListItem\",\"position\":2,\"name\":\"NAVIDAD | El barrio de Los Molinos inaugura su tradicional Bel\u00e9n\"}]},{\"@type\":\"WebSite\",\"@id\":\"https:\\\/\\\/mula.es\\\/web\\\/#website\",\"url\":\"https:\\\/\\\/mula.es\\\/web\\\/\",\"name\":\"Ayuntamiento de Mula\",\"description\":\"P\u00e1gina web del Ayuntamiento de Mula (Regi\u00f3n de Murcia)\",\"potentialAction\":[{\"@type\":\"SearchAction\",\"target\":{\"@type\":\"EntryPoint\",\"urlTemplate\":\"https:\\\/\\\/mula.es\\\/web\\\/?s={search_term_string}\"},\"query-input\":{\"@type\":\"PropertyValueSpecification\",\"valueRequired\":true,\"valueName\":\"search_term_string\"}}],\"inLanguage\":\"es\"},{\"@type\":\"Person\",\"@id\":\"https:\\\/\\\/mula.es\\\/web\\\/#\\\/schema\\\/person\\\/a0dbffe9f4a3ed4aaebedcfef02f71a1\",\"name\":\"admin\",\"image\":{\"@type\":\"ImageObject\",\"inLanguage\":\"es\",\"@id\":\"https:\\\/\\\/secure.gravatar.com\\\/avatar\\\/5423b9cd77f4c7f89a124365a268866f9dfee038c17fe9e37afd92b5920d810e?s=96&d=mm&r=g\",\"url\":\"https:\\\/\\\/secure.gravatar.com\\\/avatar\\\/5423b9cd77f4c7f89a124365a268866f9dfee038c17fe9e37afd92b5920d810e?s=96&d=mm&r=g\",\"contentUrl\":\"https:\\\/\\\/secure.gravatar.com\\\/avatar\\\/5423b9cd77f4c7f89a124365a268866f9dfee038c17fe9e37afd92b5920d810e?s=96&d=mm&r=g\",\"caption\":\"admin\"},\"description\":\"Lorem ipsum dolor sit amet, consectetur adipiscing elit. Nam viverra euismod odio, gravida pellentesque urna varius vitae. Sed dui lorem, adipiscing in adipiscing et, interdum nec metus. Mauris ultricies, justo eu convallis placerat, felis enim ornare nisi, vitae mattis nulla ante id dui. Ut lectus purus, commodo et tincidunt vel, interdum sed lectus. Vestibulum adipiscing tempor nisi id elementi.\",\"url\":\"https:\\\/\\\/mula.es\\\/web\\\/author\\\/jose-maria-boti\\\/\"}]}<\/script>\n<!-- \/ Yoast SEO plugin. -->","yoast_head_json":{"title":"NAVIDAD | El barrio de Los Molinos inaugura su tradicional Bel\u00e9n - Ayuntamiento de Mula","robots":{"index":"index","follow":"follow","max-snippet":"max-snippet:-1","max-image-preview":"max-image-preview:large","max-video-preview":"max-video-preview:-1"},"canonical":"https:\/\/mula.es\/web\/navidad-el-barrio-de-los-molinos-inaugura-su-tradicional-belen\/","og_locale":"es_ES","og_type":"article","og_title":"NAVIDAD | El barrio de Los Molinos inaugura su tradicional Bel\u00e9n - Ayuntamiento de Mula","og_url":"https:\/\/mula.es\/web\/navidad-el-barrio-de-los-molinos-inaugura-su-tradicional-belen\/","og_site_name":"Ayuntamiento de Mula","article_published_time":"2021-12-06T10:24:17+00:00","article_modified_time":"2021-12-06T10:26:52+00:00","og_image":[{"width":1024,"height":683,"url":"https:\/\/i0.wp.com\/mula.es\/web\/wp-content\/uploads\/2021\/12\/Belen-Barrio-de-los-Molinos.jpg?fit=1024%2C683&ssl=1","type":"image\/jpeg"}],"author":"admin","twitter_card":"summary_large_image","twitter_image":"https:\/\/mula.es\/web\/wp-content\/uploads\/2020\/06\/cropped-escudo-cuadrado.jpg","twitter_creator":"@AyuntamientMula","twitter_site":"@AyuntamientMula","twitter_misc":{"Escrito por":"admin","Tiempo de lectura":"1 minuto"},"schema":{"@context":"https:\/\/schema.org","@graph":[{"@type":"Article","@id":"https:\/\/mula.es\/web\/navidad-el-barrio-de-los-molinos-inaugura-su-tradicional-belen\/#article","isPartOf":{"@id":"https:\/\/mula.es\/web\/navidad-el-barrio-de-los-molinos-inaugura-su-tradicional-belen\/"},"author":{"name":"admin","@id":"https:\/\/mula.es\/web\/#\/schema\/person\/a0dbffe9f4a3ed4aaebedcfef02f71a1"},"headline":"NAVIDAD | El barrio de Los Molinos inaugura su tradicional Bel\u00e9n","datePublished":"2021-12-06T10:24:17+00:00","dateModified":"2021-12-06T10:26:52+00:00","mainEntityOfPage":{"@id":"https:\/\/mula.es\/web\/navidad-el-barrio-de-los-molinos-inaugura-su-tradicional-belen\/"},"wordCount":726,"image":{"@id":"https:\/\/mula.es\/web\/navidad-el-barrio-de-los-molinos-inaugura-su-tradicional-belen\/#primaryimage"},"thumbnailUrl":"https:\/\/mula.es\/web\/wp-content\/uploads\/2021\/12\/Belen-Barrio-de-los-Molinos.jpg","articleSection":["alcalde","alcald\u00eda","navidad"],"inLanguage":"es"},{"@type":"WebPage","@id":"https:\/\/mula.es\/web\/navidad-el-barrio-de-los-molinos-inaugura-su-tradicional-belen\/","url":"https:\/\/mula.es\/web\/navidad-el-barrio-de-los-molinos-inaugura-su-tradicional-belen\/","name":"NAVIDAD | El barrio de Los Molinos inaugura su tradicional Bel\u00e9n - Ayuntamiento de Mula","isPartOf":{"@id":"https:\/\/mula.es\/web\/#website"},"primaryImageOfPage":{"@id":"https:\/\/mula.es\/web\/navidad-el-barrio-de-los-molinos-inaugura-su-tradicional-belen\/#primaryimage"},"image":{"@id":"https:\/\/mula.es\/web\/navidad-el-barrio-de-los-molinos-inaugura-su-tradicional-belen\/#primaryimage"},"thumbnailUrl":"https:\/\/mula.es\/web\/wp-content\/uploads\/2021\/12\/Belen-Barrio-de-los-Molinos.jpg","datePublished":"2021-12-06T10:24:17+00:00","dateModified":"2021-12-06T10:26:52+00:00","author":{"@id":"https:\/\/mula.es\/web\/#\/schema\/person\/a0dbffe9f4a3ed4aaebedcfef02f71a1"},"breadcrumb":{"@id":"https:\/\/mula.es\/web\/navidad-el-barrio-de-los-molinos-inaugura-su-tradicional-belen\/#breadcrumb"},"inLanguage":"es","potentialAction":[{"@type":"ReadAction","target":["https:\/\/mula.es\/web\/navidad-el-barrio-de-los-molinos-inaugura-su-tradicional-belen\/"]}]},{"@type":"ImageObject","inLanguage":"es","@id":"https:\/\/mula.es\/web\/navidad-el-barrio-de-los-molinos-inaugura-su-tradicional-belen\/#primaryimage","url":"https:\/\/mula.es\/web\/wp-content\/uploads\/2021\/12\/Belen-Barrio-de-los-Molinos.jpg","contentUrl":"https:\/\/mula.es\/web\/wp-content\/uploads\/2021\/12\/Belen-Barrio-de-los-Molinos.jpg","width":1024,"height":683},{"@type":"BreadcrumbList","@id":"https:\/\/mula.es\/web\/navidad-el-barrio-de-los-molinos-inaugura-su-tradicional-belen\/#breadcrumb","itemListElement":[{"@type":"ListItem","position":1,"name":"Portada","item":"https:\/\/mula.es\/web\/"},{"@type":"ListItem","position":2,"name":"NAVIDAD | El barrio de Los Molinos inaugura su tradicional Bel\u00e9n"}]},{"@type":"WebSite","@id":"https:\/\/mula.es\/web\/#website","url":"https:\/\/mula.es\/web\/","name":"Ayuntamiento de Mula","description":"P\u00e1gina web del Ayuntamiento de Mula (Regi\u00f3n de Murcia)","potentialAction":[{"@type":"SearchAction","target":{"@type":"EntryPoint","urlTemplate":"https:\/\/mula.es\/web\/?s={search_term_string}"},"query-input":{"@type":"PropertyValueSpecification","valueRequired":true,"valueName":"search_term_string"}}],"inLanguage":"es"},{"@type":"Person","@id":"https:\/\/mula.es\/web\/#\/schema\/person\/a0dbffe9f4a3ed4aaebedcfef02f71a1","name":"admin","image":{"@type":"ImageObject","inLanguage":"es","@id":"https:\/\/secure.gravatar.com\/avatar\/5423b9cd77f4c7f89a124365a268866f9dfee038c17fe9e37afd92b5920d810e?s=96&d=mm&r=g","url":"https:\/\/secure.gravatar.com\/avatar\/5423b9cd77f4c7f89a124365a268866f9dfee038c17fe9e37afd92b5920d810e?s=96&d=mm&r=g","contentUrl":"https:\/\/secure.gravatar.com\/avatar\/5423b9cd77f4c7f89a124365a268866f9dfee038c17fe9e37afd92b5920d810e?s=96&d=mm&r=g","caption":"admin"},"description":"Lorem ipsum dolor sit amet, consectetur adipiscing elit. Nam viverra euismod odio, gravida pellentesque urna varius vitae. Sed dui lorem, adipiscing in adipiscing et, interdum nec metus. Mauris ultricies, justo eu convallis placerat, felis enim ornare nisi, vitae mattis nulla ante id dui. Ut lectus purus, commodo et tincidunt vel, interdum sed lectus. Vestibulum adipiscing tempor nisi id elementi.","url":"https:\/\/mula.es\/web\/author\/jose-maria-boti\/"}]}},"jetpack_publicize_connections":[],"jetpack_featured_media_url":"https:\/\/mula.es\/web\/wp-content\/uploads\/2021\/12\/Belen-Barrio-de-los-Molinos.jpg","jetpack_sharing_enabled":true,"jetpack_shortlink":"https:\/\/wp.me\/pa9DMY-bc7","jetpack-related-posts":[],"_links":{"self":[{"href":"https:\/\/mula.es\/web\/wp-json\/wp\/v2\/posts\/43035","targetHints":{"allow":["GET"]}}],"collection":[{"href":"https:\/\/mula.es\/web\/wp-json\/wp\/v2\/posts"}],"about":[{"href":"https:\/\/mula.es\/web\/wp-json\/wp\/v2\/types\/post"}],"author":[{"embeddable":true,"href":"https:\/\/mula.es\/web\/wp-json\/wp\/v2\/users\/1"}],"replies":[{"embeddable":true,"href":"https:\/\/mula.es\/web\/wp-json\/wp\/v2\/comments?post=43035"}],"version-history":[{"count":3,"href":"https:\/\/mula.es\/web\/wp-json\/wp\/v2\/posts\/43035\/revisions"}],"predecessor-version":[{"id":43041,"href":"https:\/\/mula.es\/web\/wp-json\/wp\/v2\/posts\/43035\/revisions\/43041"}],"wp:featuredmedia":[{"embeddable":true,"href":"https:\/\/mula.es\/web\/wp-json\/wp\/v2\/media\/43036"}],"wp:attachment":[{"href":"https:\/\/mula.es\/web\/wp-json\/wp\/v2\/media?parent=43035"}],"wp:term":[{"taxonomy":"category","embeddable":true,"href":"https:\/\/mula.es\/web\/wp-json\/wp\/v2\/categories?post=43035"},{"taxonomy":"post_tag","embeddable":true,"href":"https:\/\/mula.es\/web\/wp-json\/wp\/v2\/tags?post=43035"}],"curies":[{"name":"wp","href":"https:\/\/api.w.org\/{rel}","templated":true}]}}