{"id":43042,"date":"2021-12-06T11:43:37","date_gmt":"2021-12-06T10:43:37","guid":{"rendered":"https:\/\/mula.es\/web\/?p=43042"},"modified":"2021-12-06T11:58:16","modified_gmt":"2021-12-06T10:58:16","slug":"visita-del-presidente-del-gobierno-de-espana-pedro-sanchez-a-la-cooperativa-frutas-y-citricos-de-mula-frucimu","status":"publish","type":"post","link":"https:\/\/mula.es\/web\/visita-del-presidente-del-gobierno-de-espana-pedro-sanchez-a-la-cooperativa-frutas-y-citricos-de-mula-frucimu\/","title":{"rendered":"Visita del Presidente del Gobierno de Espa\u00f1a, Pedro S\u00e1nchez, a la Cooperativa Frutas y C\u00edtricos de Mula (FRUCIMU)"},"content":{"rendered":"<div class=\"fusion-fullwidth fullwidth-box fusion-builder-row-1 fusion-flex-container nonhundred-percent-fullwidth non-hundred-percent-height-scrolling\" style=\"--awb-border-radius-top-left:0px;--awb-border-radius-top-right:0px;--awb-border-radius-bottom-right:0px;--awb-border-radius-bottom-left:0px;--awb-flex-wrap:wrap;\" ><div class=\"fusion-builder-row fusion-row fusion-flex-align-items-flex-start fusion-flex-content-wrap\" style=\"max-width:1144px;margin-left: calc(-4% \/ 2 );margin-right: calc(-4% \/ 2 );\"><div class=\"fusion-layout-column fusion_builder_column fusion-builder-column-0 fusion_builder_column_1_1 1_1 fusion-flex-column\" style=\"--awb-bg-size:cover;--awb-width-large:100%;--awb-margin-top-large:0px;--awb-spacing-right-large:1.92%;--awb-margin-bottom-large:20px;--awb-spacing-left-large:1.92%;--awb-width-medium:100%;--awb-order-medium:0;--awb-spacing-right-medium:1.92%;--awb-spacing-left-medium:1.92%;--awb-width-small:100%;--awb-order-small:0;--awb-spacing-right-small:1.92%;--awb-spacing-left-small:1.92%;\"><div class=\"fusion-column-wrapper fusion-column-has-shadow fusion-flex-justify-content-flex-start fusion-content-layout-column\"><div class=\"fusion-video fusion-youtube\" style=\"--awb-max-width:600px;--awb-max-height:360px;--awb-align-self:center;--awb-width:100%;\"><div class=\"video-shortcode\"><div class=\"fluid-width-video-wrapper\" style=\"padding-top:60%;\" ><iframe title=\"YouTube video player 1\" src=\"https:\/\/www.youtube.com\/embed\/60Qhnh4kzQw?wmode=transparent&autoplay=0\" width=\"600\" height=\"360\" allowfullscreen allow=\"autoplay; clipboard-write; encrypted-media; gyroscope; picture-in-picture;\"><\/iframe><\/div><\/div><\/div><\/div><\/div><div class=\"fusion-layout-column fusion_builder_column fusion-builder-column-1 fusion_builder_column_1_2 1_2 fusion-flex-column\" style=\"--awb-bg-size:cover;--awb-width-large:50%;--awb-margin-top-large:0px;--awb-spacing-right-large:3.84%;--awb-margin-bottom-large:20px;--awb-spacing-left-large:3.84%;--awb-width-medium:50%;--awb-order-medium:0;--awb-spacing-right-medium:3.84%;--awb-spacing-left-medium:3.84%;--awb-width-small:100%;--awb-order-small:0;--awb-spacing-right-small:1.92%;--awb-spacing-left-small:1.92%;\"><div class=\"fusion-column-wrapper fusion-column-has-shadow fusion-flex-justify-content-flex-start fusion-content-layout-column\"><div class=\"fusion-image-element \" style=\"--awb-caption-title-font-family:var(--h2_typography-font-family);--awb-caption-title-font-weight:var(--h2_typography-font-weight);--awb-caption-title-font-style:var(--h2_typography-font-style);--awb-caption-title-size:var(--h2_typography-font-size);--awb-caption-title-transform:var(--h2_typography-text-transform);--awb-caption-title-line-height:var(--h2_typography-line-height);--awb-caption-title-letter-spacing:var(--h2_typography-letter-spacing);\"><span class=\" fusion-imageframe imageframe-none imageframe-1 hover-type-zoomin\"><a href=\"https:\/\/mula.es\/web\/wp-content\/uploads\/2021\/12\/Pedro-Sanchez-Frucimu-1.jpg\" class=\"fusion-lightbox\" data-rel=\"iLightbox[0ec53a0242eace71b25]\" data-title=\"Pedro Sanchez Frucimu 1\" title=\"Pedro Sanchez Frucimu 1\"><img decoding=\"async\" width=\"2000\" height=\"1330\" src=\"https:\/\/mula.es\/web\/wp-content\/uploads\/2021\/12\/Pedro-Sanchez-Frucimu-1.jpg\" alt class=\"img-responsive wp-image-43044\" srcset=\"https:\/\/mula.es\/web\/wp-content\/uploads\/2021\/12\/Pedro-Sanchez-Frucimu-1-200x133.jpg 200w, https:\/\/mula.es\/web\/wp-content\/uploads\/2021\/12\/Pedro-Sanchez-Frucimu-1-400x266.jpg 400w, https:\/\/mula.es\/web\/wp-content\/uploads\/2021\/12\/Pedro-Sanchez-Frucimu-1-600x399.jpg 600w, https:\/\/mula.es\/web\/wp-content\/uploads\/2021\/12\/Pedro-Sanchez-Frucimu-1-800x532.jpg 800w, https:\/\/mula.es\/web\/wp-content\/uploads\/2021\/12\/Pedro-Sanchez-Frucimu-1-1200x798.jpg 1200w, https:\/\/mula.es\/web\/wp-content\/uploads\/2021\/12\/Pedro-Sanchez-Frucimu-1.jpg 2000w\" sizes=\"(max-width: 640px) 100vw, 600px\" \/><\/a><\/span><\/div><\/div><\/div><div class=\"fusion-layout-column fusion_builder_column fusion-builder-column-2 fusion_builder_column_1_2 1_2 fusion-flex-column\" style=\"--awb-bg-size:cover;--awb-width-large:50%;--awb-margin-top-large:0px;--awb-spacing-right-large:3.84%;--awb-margin-bottom-large:20px;--awb-spacing-left-large:3.84%;--awb-width-medium:50%;--awb-order-medium:0;--awb-spacing-right-medium:3.84%;--awb-spacing-left-medium:3.84%;--awb-width-small:100%;--awb-order-small:0;--awb-spacing-right-small:1.92%;--awb-spacing-left-small:1.92%;\"><div class=\"fusion-column-wrapper fusion-column-has-shadow fusion-flex-justify-content-flex-start fusion-content-layout-column\"><div class=\"fusion-image-element \" style=\"--awb-caption-title-font-family:var(--h2_typography-font-family);--awb-caption-title-font-weight:var(--h2_typography-font-weight);--awb-caption-title-font-style:var(--h2_typography-font-style);--awb-caption-title-size:var(--h2_typography-font-size);--awb-caption-title-transform:var(--h2_typography-text-transform);--awb-caption-title-line-height:var(--h2_typography-line-height);--awb-caption-title-letter-spacing:var(--h2_typography-letter-spacing);\"><span class=\" fusion-imageframe imageframe-none imageframe-2 hover-type-zoomin\"><a href=\"https:\/\/mula.es\/web\/wp-content\/uploads\/2021\/12\/Pedro-Sanchez-Frucimu-2.jpg\" class=\"fusion-lightbox\" data-rel=\"iLightbox[6d04b8ca9abee68babe]\" data-title=\"Pedro Sanchez Frucimu 2\" title=\"Pedro Sanchez Frucimu 2\"><img decoding=\"async\" width=\"2000\" height=\"1330\" src=\"https:\/\/mula.es\/web\/wp-content\/uploads\/2021\/12\/Pedro-Sanchez-Frucimu-2.jpg\" alt class=\"img-responsive wp-image-43045\" srcset=\"https:\/\/mula.es\/web\/wp-content\/uploads\/2021\/12\/Pedro-Sanchez-Frucimu-2-200x133.jpg 200w, https:\/\/mula.es\/web\/wp-content\/uploads\/2021\/12\/Pedro-Sanchez-Frucimu-2-400x266.jpg 400w, https:\/\/mula.es\/web\/wp-content\/uploads\/2021\/12\/Pedro-Sanchez-Frucimu-2-600x399.jpg 600w, https:\/\/mula.es\/web\/wp-content\/uploads\/2021\/12\/Pedro-Sanchez-Frucimu-2-800x532.jpg 800w, https:\/\/mula.es\/web\/wp-content\/uploads\/2021\/12\/Pedro-Sanchez-Frucimu-2-1200x798.jpg 1200w, https:\/\/mula.es\/web\/wp-content\/uploads\/2021\/12\/Pedro-Sanchez-Frucimu-2.jpg 2000w\" sizes=\"(max-width: 640px) 100vw, 600px\" \/><\/a><\/span><\/div><\/div><\/div><div class=\"fusion-layout-column fusion_builder_column fusion-builder-column-3 fusion_builder_column_1_2 1_2 fusion-flex-column\" style=\"--awb-bg-size:cover;--awb-width-large:50%;--awb-margin-top-large:0px;--awb-spacing-right-large:3.84%;--awb-margin-bottom-large:20px;--awb-spacing-left-large:3.84%;--awb-width-medium:50%;--awb-order-medium:0;--awb-spacing-right-medium:3.84%;--awb-spacing-left-medium:3.84%;--awb-width-small:100%;--awb-order-small:0;--awb-spacing-right-small:1.92%;--awb-spacing-left-small:1.92%;\"><div class=\"fusion-column-wrapper fusion-column-has-shadow fusion-flex-justify-content-flex-start fusion-content-layout-column\"><div class=\"fusion-image-element \" style=\"--awb-caption-title-font-family:var(--h2_typography-font-family);--awb-caption-title-font-weight:var(--h2_typography-font-weight);--awb-caption-title-font-style:var(--h2_typography-font-style);--awb-caption-title-size:var(--h2_typography-font-size);--awb-caption-title-transform:var(--h2_typography-text-transform);--awb-caption-title-line-height:var(--h2_typography-line-height);--awb-caption-title-letter-spacing:var(--h2_typography-letter-spacing);\"><span class=\" fusion-imageframe imageframe-none imageframe-3 hover-type-zoomin\"><a href=\"https:\/\/mula.es\/web\/wp-content\/uploads\/2021\/12\/Pedro-Sanchez-Frucimu-4.jpg\" class=\"fusion-lightbox\" data-rel=\"iLightbox[d8e9fdfd6895e6adc1a]\" data-title=\"Pedro Sanchez Frucimu 4\" title=\"Pedro Sanchez Frucimu 4\"><img decoding=\"async\" width=\"2000\" height=\"1330\" src=\"https:\/\/mula.es\/web\/wp-content\/uploads\/2021\/12\/Pedro-Sanchez-Frucimu-4.jpg\" alt class=\"img-responsive wp-image-43046\" srcset=\"https:\/\/mula.es\/web\/wp-content\/uploads\/2021\/12\/Pedro-Sanchez-Frucimu-4-200x133.jpg 200w, https:\/\/mula.es\/web\/wp-content\/uploads\/2021\/12\/Pedro-Sanchez-Frucimu-4-400x266.jpg 400w, https:\/\/mula.es\/web\/wp-content\/uploads\/2021\/12\/Pedro-Sanchez-Frucimu-4-600x399.jpg 600w, https:\/\/mula.es\/web\/wp-content\/uploads\/2021\/12\/Pedro-Sanchez-Frucimu-4-800x532.jpg 800w, https:\/\/mula.es\/web\/wp-content\/uploads\/2021\/12\/Pedro-Sanchez-Frucimu-4-1200x798.jpg 1200w, https:\/\/mula.es\/web\/wp-content\/uploads\/2021\/12\/Pedro-Sanchez-Frucimu-4.jpg 2000w\" sizes=\"(max-width: 640px) 100vw, 600px\" \/><\/a><\/span><\/div><\/div><\/div><div class=\"fusion-layout-column fusion_builder_column fusion-builder-column-4 fusion_builder_column_1_2 1_2 fusion-flex-column\" style=\"--awb-bg-size:cover;--awb-width-large:50%;--awb-margin-top-large:0px;--awb-spacing-right-large:3.84%;--awb-margin-bottom-large:20px;--awb-spacing-left-large:3.84%;--awb-width-medium:50%;--awb-order-medium:0;--awb-spacing-right-medium:3.84%;--awb-spacing-left-medium:3.84%;--awb-width-small:100%;--awb-order-small:0;--awb-spacing-right-small:1.92%;--awb-spacing-left-small:1.92%;\"><div class=\"fusion-column-wrapper fusion-column-has-shadow fusion-flex-justify-content-flex-start fusion-content-layout-column\"><div class=\"fusion-image-element \" style=\"--awb-caption-title-font-family:var(--h2_typography-font-family);--awb-caption-title-font-weight:var(--h2_typography-font-weight);--awb-caption-title-font-style:var(--h2_typography-font-style);--awb-caption-title-size:var(--h2_typography-font-size);--awb-caption-title-transform:var(--h2_typography-text-transform);--awb-caption-title-line-height:var(--h2_typography-line-height);--awb-caption-title-letter-spacing:var(--h2_typography-letter-spacing);\"><span class=\" fusion-imageframe imageframe-none imageframe-4 hover-type-zoomin\"><a href=\"https:\/\/mula.es\/web\/wp-content\/uploads\/2021\/12\/Pedro-Sanchez-Frucimu-3.jpg\" class=\"fusion-lightbox\" data-rel=\"iLightbox[3b14ded699f16fa91b9]\" data-title=\"Pedro Sanchez Frucimu 3\" title=\"Pedro Sanchez Frucimu 3\"><img decoding=\"async\" width=\"2000\" height=\"1330\" src=\"https:\/\/mula.es\/web\/wp-content\/uploads\/2021\/12\/Pedro-Sanchez-Frucimu-3.jpg\" alt class=\"img-responsive wp-image-43050\" srcset=\"https:\/\/mula.es\/web\/wp-content\/uploads\/2021\/12\/Pedro-Sanchez-Frucimu-3-200x133.jpg 200w, https:\/\/mula.es\/web\/wp-content\/uploads\/2021\/12\/Pedro-Sanchez-Frucimu-3-400x266.jpg 400w, https:\/\/mula.es\/web\/wp-content\/uploads\/2021\/12\/Pedro-Sanchez-Frucimu-3-600x399.jpg 600w, https:\/\/mula.es\/web\/wp-content\/uploads\/2021\/12\/Pedro-Sanchez-Frucimu-3-800x532.jpg 800w, https:\/\/mula.es\/web\/wp-content\/uploads\/2021\/12\/Pedro-Sanchez-Frucimu-3-1200x798.jpg 1200w, https:\/\/mula.es\/web\/wp-content\/uploads\/2021\/12\/Pedro-Sanchez-Frucimu-3.jpg 2000w\" sizes=\"(max-width: 640px) 100vw, 600px\" \/><\/a><\/span><\/div><\/div><\/div><div class=\"fusion-layout-column fusion_builder_column fusion-builder-column-5 fusion_builder_column_1_1 1_1 fusion-flex-column\" style=\"--awb-bg-size:cover;--awb-width-large:100%;--awb-margin-top-large:0px;--awb-spacing-right-large:1.92%;--awb-margin-bottom-large:20px;--awb-spacing-left-large:1.92%;--awb-width-medium:100%;--awb-order-medium:0;--awb-spacing-right-medium:1.92%;--awb-spacing-left-medium:1.92%;--awb-width-small:100%;--awb-order-small:0;--awb-spacing-right-small:1.92%;--awb-spacing-left-small:1.92%;\"><div class=\"fusion-column-wrapper fusion-column-has-shadow fusion-flex-justify-content-flex-start fusion-content-layout-column\"><div class=\"fusion-text fusion-text-1\"><div class=\"\" data-block=\"true\" data-editor=\"c7le9\" data-offset-key=\"ojrg-0-0\">\n<div class=\"_1mf _1mj\" data-offset-key=\"ojrg-0-0\"><span data-offset-key=\"ojrg-0-0\">Fuente<\/span><span data-offset-key=\"ojrg-1-0\"> fotograf\u00edas: Pool Moncloa\/Fernando Calvo<\/span><\/div>\n<\/div>\n<div class=\"\" data-block=\"true\" data-editor=\"c7le9\" data-offset-key=\"fgkic-0-0\">\n<div class=\"_1mf _1mj\" data-offset-key=\"fgkic-0-0\"><span data-offset-key=\"fgkic-0-0\">Fuente v\u00eddeos: Pool Moncloa\/Diego del Monte<\/span><\/div>\n<\/div>\n<\/div><\/div><\/div><\/div><\/div>\n","protected":false},"excerpt":{"rendered":"","protected":false},"author":1,"featured_media":33514,"comment_status":"closed","ping_status":"closed","sticky":false,"template":"","format":"standard","meta":{"jetpack_post_was_ever_published":false,"_jetpack_newsletter_access":"","_jetpack_dont_email_post_to_subs":false,"_jetpack_newsletter_tier_id":0,"_jetpack_memberships_contains_paywalled_content":false,"_jetpack_memberships_contains_paid_content":false,"footnotes":"","jetpack_publicize_message":"","jetpack_publicize_feature_enabled":true,"jetpack_social_post_already_shared":false,"jetpack_social_options":{"image_generator_settings":{"template":"highway","default_image_id":0,"font":"","enabled":false},"version":2}},"categories":[1],"tags":[],"class_list":["post-43042","post","type-post","status-publish","format-standard","has-post-thumbnail","hentry","category-uncategorized"],"yoast_head":"<!-- This site is optimized with the Yoast SEO plugin v27.5 - https:\/\/yoast.com\/product\/yoast-seo-wordpress\/ -->\n<title>Visita del Presidente del Gobierno de Espa\u00f1a, Pedro S\u00e1nchez, a la Cooperativa Frutas y C\u00edtricos de Mula (FRUCIMU) - Ayuntamiento de Mula<\/title>\n<meta name=\"robots\" content=\"index, follow, max-snippet:-1, max-image-preview:large, max-video-preview:-1\" \/>\n<link rel=\"canonical\" href=\"https:\/\/mula.es\/web\/visita-del-presidente-del-gobierno-de-espana-pedro-sanchez-a-la-cooperativa-frutas-y-citricos-de-mula-frucimu\/\" \/>\n<meta property=\"og:locale\" content=\"es_ES\" \/>\n<meta property=\"og:type\" content=\"article\" \/>\n<meta property=\"og:title\" content=\"Visita del Presidente del Gobierno de Espa\u00f1a, Pedro S\u00e1nchez, a la Cooperativa Frutas y C\u00edtricos de Mula (FRUCIMU) - Ayuntamiento de Mula\" \/>\n<meta property=\"og:url\" content=\"https:\/\/mula.es\/web\/visita-del-presidente-del-gobierno-de-espana-pedro-sanchez-a-la-cooperativa-frutas-y-citricos-de-mula-frucimu\/\" \/>\n<meta property=\"og:site_name\" content=\"Ayuntamiento de Mula\" \/>\n<meta property=\"article:published_time\" content=\"2021-12-06T10:43:37+00:00\" \/>\n<meta property=\"article:modified_time\" content=\"2021-12-06T10:58:16+00:00\" \/>\n<meta property=\"og:image\" content=\"https:\/\/i0.wp.com\/mula.es\/web\/wp-content\/uploads\/2020\/06\/cropped-escudo-cuadrado.jpg?fit=512%2C512&ssl=1\" \/>\n\t<meta property=\"og:image:width\" content=\"512\" \/>\n\t<meta property=\"og:image:height\" content=\"512\" \/>\n\t<meta property=\"og:image:type\" content=\"image\/jpeg\" \/>\n<meta name=\"author\" content=\"admin\" \/>\n<meta name=\"twitter:card\" content=\"summary_large_image\" \/>\n<meta name=\"twitter:creator\" content=\"@AyuntamientMula\" \/>\n<meta name=\"twitter:site\" content=\"@AyuntamientMula\" \/>\n<meta name=\"twitter:label1\" content=\"Escrito por\" \/>\n\t<meta name=\"twitter:data1\" content=\"admin\" \/>\n\t<meta name=\"twitter:label2\" content=\"Tiempo de lectura\" \/>\n\t<meta name=\"twitter:data2\" content=\"3 minutos\" \/>\n<script type=\"application\/ld+json\" class=\"yoast-schema-graph\">{\"@context\":\"https:\\\/\\\/schema.org\",\"@graph\":[{\"@type\":\"Article\",\"@id\":\"https:\\\/\\\/mula.es\\\/web\\\/visita-del-presidente-del-gobierno-de-espana-pedro-sanchez-a-la-cooperativa-frutas-y-citricos-de-mula-frucimu\\\/#article\",\"isPartOf\":{\"@id\":\"https:\\\/\\\/mula.es\\\/web\\\/visita-del-presidente-del-gobierno-de-espana-pedro-sanchez-a-la-cooperativa-frutas-y-citricos-de-mula-frucimu\\\/\"},\"author\":{\"name\":\"admin\",\"@id\":\"https:\\\/\\\/mula.es\\\/web\\\/#\\\/schema\\\/person\\\/a0dbffe9f4a3ed4aaebedcfef02f71a1\"},\"headline\":\"Visita del Presidente del Gobierno de Espa\u00f1a, Pedro S\u00e1nchez, a la Cooperativa Frutas y C\u00edtricos de Mula (FRUCIMU)\",\"datePublished\":\"2021-12-06T10:43:37+00:00\",\"dateModified\":\"2021-12-06T10:58:16+00:00\",\"mainEntityOfPage\":{\"@id\":\"https:\\\/\\\/mula.es\\\/web\\\/visita-del-presidente-del-gobierno-de-espana-pedro-sanchez-a-la-cooperativa-frutas-y-citricos-de-mula-frucimu\\\/\"},\"wordCount\":2053,\"image\":{\"@id\":\"https:\\\/\\\/mula.es\\\/web\\\/visita-del-presidente-del-gobierno-de-espana-pedro-sanchez-a-la-cooperativa-frutas-y-citricos-de-mula-frucimu\\\/#primaryimage\"},\"thumbnailUrl\":\"https:\\\/\\\/mula.es\\\/web\\\/wp-content\\\/uploads\\\/2020\\\/06\\\/cropped-escudo-cuadrado.jpg\",\"articleSection\":[\"Uncategorized\"],\"inLanguage\":\"es\"},{\"@type\":\"WebPage\",\"@id\":\"https:\\\/\\\/mula.es\\\/web\\\/visita-del-presidente-del-gobierno-de-espana-pedro-sanchez-a-la-cooperativa-frutas-y-citricos-de-mula-frucimu\\\/\",\"url\":\"https:\\\/\\\/mula.es\\\/web\\\/visita-del-presidente-del-gobierno-de-espana-pedro-sanchez-a-la-cooperativa-frutas-y-citricos-de-mula-frucimu\\\/\",\"name\":\"Visita del Presidente del Gobierno de Espa\u00f1a, Pedro S\u00e1nchez, a la Cooperativa Frutas y C\u00edtricos de Mula (FRUCIMU) - Ayuntamiento de Mula\",\"isPartOf\":{\"@id\":\"https:\\\/\\\/mula.es\\\/web\\\/#website\"},\"primaryImageOfPage\":{\"@id\":\"https:\\\/\\\/mula.es\\\/web\\\/visita-del-presidente-del-gobierno-de-espana-pedro-sanchez-a-la-cooperativa-frutas-y-citricos-de-mula-frucimu\\\/#primaryimage\"},\"image\":{\"@id\":\"https:\\\/\\\/mula.es\\\/web\\\/visita-del-presidente-del-gobierno-de-espana-pedro-sanchez-a-la-cooperativa-frutas-y-citricos-de-mula-frucimu\\\/#primaryimage\"},\"thumbnailUrl\":\"https:\\\/\\\/mula.es\\\/web\\\/wp-content\\\/uploads\\\/2020\\\/06\\\/cropped-escudo-cuadrado.jpg\",\"datePublished\":\"2021-12-06T10:43:37+00:00\",\"dateModified\":\"2021-12-06T10:58:16+00:00\",\"author\":{\"@id\":\"https:\\\/\\\/mula.es\\\/web\\\/#\\\/schema\\\/person\\\/a0dbffe9f4a3ed4aaebedcfef02f71a1\"},\"breadcrumb\":{\"@id\":\"https:\\\/\\\/mula.es\\\/web\\\/visita-del-presidente-del-gobierno-de-espana-pedro-sanchez-a-la-cooperativa-frutas-y-citricos-de-mula-frucimu\\\/#breadcrumb\"},\"inLanguage\":\"es\",\"potentialAction\":[{\"@type\":\"ReadAction\",\"target\":[\"https:\\\/\\\/mula.es\\\/web\\\/visita-del-presidente-del-gobierno-de-espana-pedro-sanchez-a-la-cooperativa-frutas-y-citricos-de-mula-frucimu\\\/\"]}]},{\"@type\":\"ImageObject\",\"inLanguage\":\"es\",\"@id\":\"https:\\\/\\\/mula.es\\\/web\\\/visita-del-presidente-del-gobierno-de-espana-pedro-sanchez-a-la-cooperativa-frutas-y-citricos-de-mula-frucimu\\\/#primaryimage\",\"url\":\"https:\\\/\\\/mula.es\\\/web\\\/wp-content\\\/uploads\\\/2020\\\/06\\\/cropped-escudo-cuadrado.jpg\",\"contentUrl\":\"https:\\\/\\\/mula.es\\\/web\\\/wp-content\\\/uploads\\\/2020\\\/06\\\/cropped-escudo-cuadrado.jpg\",\"width\":512,\"height\":512},{\"@type\":\"BreadcrumbList\",\"@id\":\"https:\\\/\\\/mula.es\\\/web\\\/visita-del-presidente-del-gobierno-de-espana-pedro-sanchez-a-la-cooperativa-frutas-y-citricos-de-mula-frucimu\\\/#breadcrumb\",\"itemListElement\":[{\"@type\":\"ListItem\",\"position\":1,\"name\":\"Portada\",\"item\":\"https:\\\/\\\/mula.es\\\/web\\\/\"},{\"@type\":\"ListItem\",\"position\":2,\"name\":\"Visita del Presidente del Gobierno de Espa\u00f1a, Pedro S\u00e1nchez, a la Cooperativa Frutas y C\u00edtricos de Mula (FRUCIMU)\"}]},{\"@type\":\"WebSite\",\"@id\":\"https:\\\/\\\/mula.es\\\/web\\\/#website\",\"url\":\"https:\\\/\\\/mula.es\\\/web\\\/\",\"name\":\"Ayuntamiento de Mula\",\"description\":\"P\u00e1gina web del Ayuntamiento de Mula (Regi\u00f3n de Murcia)\",\"potentialAction\":[{\"@type\":\"SearchAction\",\"target\":{\"@type\":\"EntryPoint\",\"urlTemplate\":\"https:\\\/\\\/mula.es\\\/web\\\/?s={search_term_string}\"},\"query-input\":{\"@type\":\"PropertyValueSpecification\",\"valueRequired\":true,\"valueName\":\"search_term_string\"}}],\"inLanguage\":\"es\"},{\"@type\":\"Person\",\"@id\":\"https:\\\/\\\/mula.es\\\/web\\\/#\\\/schema\\\/person\\\/a0dbffe9f4a3ed4aaebedcfef02f71a1\",\"name\":\"admin\",\"image\":{\"@type\":\"ImageObject\",\"inLanguage\":\"es\",\"@id\":\"https:\\\/\\\/secure.gravatar.com\\\/avatar\\\/5423b9cd77f4c7f89a124365a268866f9dfee038c17fe9e37afd92b5920d810e?s=96&d=mm&r=g\",\"url\":\"https:\\\/\\\/secure.gravatar.com\\\/avatar\\\/5423b9cd77f4c7f89a124365a268866f9dfee038c17fe9e37afd92b5920d810e?s=96&d=mm&r=g\",\"contentUrl\":\"https:\\\/\\\/secure.gravatar.com\\\/avatar\\\/5423b9cd77f4c7f89a124365a268866f9dfee038c17fe9e37afd92b5920d810e?s=96&d=mm&r=g\",\"caption\":\"admin\"},\"description\":\"Lorem ipsum dolor sit amet, consectetur adipiscing elit. Nam viverra euismod odio, gravida pellentesque urna varius vitae. Sed dui lorem, adipiscing in adipiscing et, interdum nec metus. Mauris ultricies, justo eu convallis placerat, felis enim ornare nisi, vitae mattis nulla ante id dui. Ut lectus purus, commodo et tincidunt vel, interdum sed lectus. Vestibulum adipiscing tempor nisi id elementi.\",\"url\":\"https:\\\/\\\/mula.es\\\/web\\\/author\\\/jose-maria-boti\\\/\"}]}<\/script>\n<!-- \/ Yoast SEO plugin. -->","yoast_head_json":{"title":"Visita del Presidente del Gobierno de Espa\u00f1a, Pedro S\u00e1nchez, a la Cooperativa Frutas y C\u00edtricos de Mula (FRUCIMU) - Ayuntamiento de Mula","robots":{"index":"index","follow":"follow","max-snippet":"max-snippet:-1","max-image-preview":"max-image-preview:large","max-video-preview":"max-video-preview:-1"},"canonical":"https:\/\/mula.es\/web\/visita-del-presidente-del-gobierno-de-espana-pedro-sanchez-a-la-cooperativa-frutas-y-citricos-de-mula-frucimu\/","og_locale":"es_ES","og_type":"article","og_title":"Visita del Presidente del Gobierno de Espa\u00f1a, Pedro S\u00e1nchez, a la Cooperativa Frutas y C\u00edtricos de Mula (FRUCIMU) - Ayuntamiento de Mula","og_url":"https:\/\/mula.es\/web\/visita-del-presidente-del-gobierno-de-espana-pedro-sanchez-a-la-cooperativa-frutas-y-citricos-de-mula-frucimu\/","og_site_name":"Ayuntamiento de Mula","article_published_time":"2021-12-06T10:43:37+00:00","article_modified_time":"2021-12-06T10:58:16+00:00","og_image":[{"width":512,"height":512,"url":"https:\/\/i0.wp.com\/mula.es\/web\/wp-content\/uploads\/2020\/06\/cropped-escudo-cuadrado.jpg?fit=512%2C512&ssl=1","type":"image\/jpeg"}],"author":"admin","twitter_card":"summary_large_image","twitter_creator":"@AyuntamientMula","twitter_site":"@AyuntamientMula","twitter_misc":{"Escrito por":"admin","Tiempo de lectura":"3 minutos"},"schema":{"@context":"https:\/\/schema.org","@graph":[{"@type":"Article","@id":"https:\/\/mula.es\/web\/visita-del-presidente-del-gobierno-de-espana-pedro-sanchez-a-la-cooperativa-frutas-y-citricos-de-mula-frucimu\/#article","isPartOf":{"@id":"https:\/\/mula.es\/web\/visita-del-presidente-del-gobierno-de-espana-pedro-sanchez-a-la-cooperativa-frutas-y-citricos-de-mula-frucimu\/"},"author":{"name":"admin","@id":"https:\/\/mula.es\/web\/#\/schema\/person\/a0dbffe9f4a3ed4aaebedcfef02f71a1"},"headline":"Visita del Presidente del Gobierno de Espa\u00f1a, Pedro S\u00e1nchez, a la Cooperativa Frutas y C\u00edtricos de Mula (FRUCIMU)","datePublished":"2021-12-06T10:43:37+00:00","dateModified":"2021-12-06T10:58:16+00:00","mainEntityOfPage":{"@id":"https:\/\/mula.es\/web\/visita-del-presidente-del-gobierno-de-espana-pedro-sanchez-a-la-cooperativa-frutas-y-citricos-de-mula-frucimu\/"},"wordCount":2053,"image":{"@id":"https:\/\/mula.es\/web\/visita-del-presidente-del-gobierno-de-espana-pedro-sanchez-a-la-cooperativa-frutas-y-citricos-de-mula-frucimu\/#primaryimage"},"thumbnailUrl":"https:\/\/mula.es\/web\/wp-content\/uploads\/2020\/06\/cropped-escudo-cuadrado.jpg","articleSection":["Uncategorized"],"inLanguage":"es"},{"@type":"WebPage","@id":"https:\/\/mula.es\/web\/visita-del-presidente-del-gobierno-de-espana-pedro-sanchez-a-la-cooperativa-frutas-y-citricos-de-mula-frucimu\/","url":"https:\/\/mula.es\/web\/visita-del-presidente-del-gobierno-de-espana-pedro-sanchez-a-la-cooperativa-frutas-y-citricos-de-mula-frucimu\/","name":"Visita del Presidente del Gobierno de Espa\u00f1a, Pedro S\u00e1nchez, a la Cooperativa Frutas y C\u00edtricos de Mula (FRUCIMU) - Ayuntamiento de Mula","isPartOf":{"@id":"https:\/\/mula.es\/web\/#website"},"primaryImageOfPage":{"@id":"https:\/\/mula.es\/web\/visita-del-presidente-del-gobierno-de-espana-pedro-sanchez-a-la-cooperativa-frutas-y-citricos-de-mula-frucimu\/#primaryimage"},"image":{"@id":"https:\/\/mula.es\/web\/visita-del-presidente-del-gobierno-de-espana-pedro-sanchez-a-la-cooperativa-frutas-y-citricos-de-mula-frucimu\/#primaryimage"},"thumbnailUrl":"https:\/\/mula.es\/web\/wp-content\/uploads\/2020\/06\/cropped-escudo-cuadrado.jpg","datePublished":"2021-12-06T10:43:37+00:00","dateModified":"2021-12-06T10:58:16+00:00","author":{"@id":"https:\/\/mula.es\/web\/#\/schema\/person\/a0dbffe9f4a3ed4aaebedcfef02f71a1"},"breadcrumb":{"@id":"https:\/\/mula.es\/web\/visita-del-presidente-del-gobierno-de-espana-pedro-sanchez-a-la-cooperativa-frutas-y-citricos-de-mula-frucimu\/#breadcrumb"},"inLanguage":"es","potentialAction":[{"@type":"ReadAction","target":["https:\/\/mula.es\/web\/visita-del-presidente-del-gobierno-de-espana-pedro-sanchez-a-la-cooperativa-frutas-y-citricos-de-mula-frucimu\/"]}]},{"@type":"ImageObject","inLanguage":"es","@id":"https:\/\/mula.es\/web\/visita-del-presidente-del-gobierno-de-espana-pedro-sanchez-a-la-cooperativa-frutas-y-citricos-de-mula-frucimu\/#primaryimage","url":"https:\/\/mula.es\/web\/wp-content\/uploads\/2020\/06\/cropped-escudo-cuadrado.jpg","contentUrl":"https:\/\/mula.es\/web\/wp-content\/uploads\/2020\/06\/cropped-escudo-cuadrado.jpg","width":512,"height":512},{"@type":"BreadcrumbList","@id":"https:\/\/mula.es\/web\/visita-del-presidente-del-gobierno-de-espana-pedro-sanchez-a-la-cooperativa-frutas-y-citricos-de-mula-frucimu\/#breadcrumb","itemListElement":[{"@type":"ListItem","position":1,"name":"Portada","item":"https:\/\/mula.es\/web\/"},{"@type":"ListItem","position":2,"name":"Visita del Presidente del Gobierno de Espa\u00f1a, Pedro S\u00e1nchez, a la Cooperativa Frutas y C\u00edtricos de Mula (FRUCIMU)"}]},{"@type":"WebSite","@id":"https:\/\/mula.es\/web\/#website","url":"https:\/\/mula.es\/web\/","name":"Ayuntamiento de Mula","description":"P\u00e1gina web del Ayuntamiento de Mula (Regi\u00f3n de Murcia)","potentialAction":[{"@type":"SearchAction","target":{"@type":"EntryPoint","urlTemplate":"https:\/\/mula.es\/web\/?s={search_term_string}"},"query-input":{"@type":"PropertyValueSpecification","valueRequired":true,"valueName":"search_term_string"}}],"inLanguage":"es"},{"@type":"Person","@id":"https:\/\/mula.es\/web\/#\/schema\/person\/a0dbffe9f4a3ed4aaebedcfef02f71a1","name":"admin","image":{"@type":"ImageObject","inLanguage":"es","@id":"https:\/\/secure.gravatar.com\/avatar\/5423b9cd77f4c7f89a124365a268866f9dfee038c17fe9e37afd92b5920d810e?s=96&d=mm&r=g","url":"https:\/\/secure.gravatar.com\/avatar\/5423b9cd77f4c7f89a124365a268866f9dfee038c17fe9e37afd92b5920d810e?s=96&d=mm&r=g","contentUrl":"https:\/\/secure.gravatar.com\/avatar\/5423b9cd77f4c7f89a124365a268866f9dfee038c17fe9e37afd92b5920d810e?s=96&d=mm&r=g","caption":"admin"},"description":"Lorem ipsum dolor sit amet, consectetur adipiscing elit. Nam viverra euismod odio, gravida pellentesque urna varius vitae. Sed dui lorem, adipiscing in adipiscing et, interdum nec metus. Mauris ultricies, justo eu convallis placerat, felis enim ornare nisi, vitae mattis nulla ante id dui. Ut lectus purus, commodo et tincidunt vel, interdum sed lectus. Vestibulum adipiscing tempor nisi id elementi.","url":"https:\/\/mula.es\/web\/author\/jose-maria-boti\/"}]}},"jetpack_publicize_connections":[],"jetpack_featured_media_url":"https:\/\/mula.es\/web\/wp-content\/uploads\/2020\/06\/cropped-escudo-cuadrado.jpg","jetpack_sharing_enabled":true,"jetpack_shortlink":"https:\/\/wp.me\/pa9DMY-bce","jetpack-related-posts":[],"_links":{"self":[{"href":"https:\/\/mula.es\/web\/wp-json\/wp\/v2\/posts\/43042","targetHints":{"allow":["GET"]}}],"collection":[{"href":"https:\/\/mula.es\/web\/wp-json\/wp\/v2\/posts"}],"about":[{"href":"https:\/\/mula.es\/web\/wp-json\/wp\/v2\/types\/post"}],"author":[{"embeddable":true,"href":"https:\/\/mula.es\/web\/wp-json\/wp\/v2\/users\/1"}],"replies":[{"embeddable":true,"href":"https:\/\/mula.es\/web\/wp-json\/wp\/v2\/comments?post=43042"}],"version-history":[{"count":6,"href":"https:\/\/mula.es\/web\/wp-json\/wp\/v2\/posts\/43042\/revisions"}],"predecessor-version":[{"id":43052,"href":"https:\/\/mula.es\/web\/wp-json\/wp\/v2\/posts\/43042\/revisions\/43052"}],"wp:featuredmedia":[{"embeddable":true,"href":"https:\/\/mula.es\/web\/wp-json\/wp\/v2\/media\/33514"}],"wp:attachment":[{"href":"https:\/\/mula.es\/web\/wp-json\/wp\/v2\/media?parent=43042"}],"wp:term":[{"taxonomy":"category","embeddable":true,"href":"https:\/\/mula.es\/web\/wp-json\/wp\/v2\/categories?post=43042"},{"taxonomy":"post_tag","embeddable":true,"href":"https:\/\/mula.es\/web\/wp-json\/wp\/v2\/tags?post=43042"}],"curies":[{"name":"wp","href":"https:\/\/api.w.org\/{rel}","templated":true}]}}