{"id":43091,"date":"2021-12-09T14:05:29","date_gmt":"2021-12-09T13:05:29","guid":{"rendered":"https:\/\/mula.es\/web\/?p=43091"},"modified":"2021-12-09T14:05:29","modified_gmt":"2021-12-09T13:05:29","slug":"cultura-inauguracion-de-la-exposicion-los-sonidos-de-la-forma-de-rosa-rodriguez-10-de-diciembre","status":"publish","type":"post","link":"https:\/\/mula.es\/web\/cultura-inauguracion-de-la-exposicion-los-sonidos-de-la-forma-de-rosa-rodriguez-10-de-diciembre\/","title":{"rendered":"CULTURA | Inauguraci\u00f3n de la exposici\u00f3n \u00abLos sonidos de la forma\u00bb de Rosa Rodr\u00edguez &#8211; 10 de diciembre"},"content":{"rendered":"<p><div class=\"fusion-fullwidth fullwidth-box fusion-builder-row-1 fusion-flex-container nonhundred-percent-fullwidth non-hundred-percent-height-scrolling\" style=\"--awb-border-radius-top-left:0px;--awb-border-radius-top-right:0px;--awb-border-radius-bottom-right:0px;--awb-border-radius-bottom-left:0px;--awb-flex-wrap:wrap;\" ><div class=\"fusion-builder-row fusion-row fusion-flex-align-items-flex-start fusion-flex-content-wrap\" style=\"max-width:1144px;margin-left: calc(-4% \/ 2 );margin-right: calc(-4% \/ 2 );\"><div class=\"fusion-layout-column fusion_builder_column fusion-builder-column-0 fusion_builder_column_1_1 1_1 fusion-flex-column\" style=\"--awb-bg-size:cover;--awb-width-large:100%;--awb-margin-top-large:0px;--awb-spacing-right-large:1.92%;--awb-margin-bottom-large:0px;--awb-spacing-left-large:1.92%;--awb-width-medium:100%;--awb-spacing-right-medium:1.92%;--awb-spacing-left-medium:1.92%;--awb-width-small:100%;--awb-spacing-right-small:1.92%;--awb-spacing-left-small:1.92%;\"><div class=\"fusion-column-wrapper fusion-flex-justify-content-flex-start fusion-content-layout-column\"><div class=\"fusion-text fusion-text-1\"><p style=\"text-align: justify;\">El pr\u00f3ximo viernes, 10 de diciembre, a las 18:30 h., en la Sala de Exposiciones Temporales del Museo Ciudad de Mula se inaugura la exposici\u00f3n de Rosa Rodr\u00edguez, \u00abLos sonidos de la forma\u00bb. Durante la inauguraci\u00f3n se podr\u00e1 disfrutar de un concierto de opera en directo. Os esperamos.<\/p>\n<p><a href=\"https:\/\/mula.es\/web\/wp-content\/uploads\/2021\/12\/CURRICULUM-VITAE-ROSA-RODRIGUEZ-2019.pdf\" target=\"_blank\" rel=\"noopener\">CURRICULUM VITAE ROSA RODRIGUEZ<\/a><\/p>\n<\/div><\/div><\/div><\/div><\/div><div class=\"fusion-fullwidth fullwidth-box fusion-builder-row-2 fusion-flex-container nonhundred-percent-fullwidth non-hundred-percent-height-scrolling\" style=\"--awb-border-radius-top-left:0px;--awb-border-radius-top-right:0px;--awb-border-radius-bottom-right:0px;--awb-border-radius-bottom-left:0px;--awb-flex-wrap:wrap;\" ><div class=\"fusion-builder-row fusion-row fusion-flex-align-items-flex-start fusion-flex-content-wrap\" style=\"max-width:1144px;margin-left: calc(-4% \/ 2 );margin-right: calc(-4% \/ 2 );\"><div class=\"fusion-layout-column fusion_builder_column fusion-builder-column-1 fusion_builder_column_1_2 1_2 fusion-flex-column\" style=\"--awb-bg-size:cover;--awb-width-large:50%;--awb-margin-top-large:0px;--awb-spacing-right-large:3.84%;--awb-margin-bottom-large:20px;--awb-spacing-left-large:3.84%;--awb-width-medium:50%;--awb-order-medium:0;--awb-spacing-right-medium:3.84%;--awb-spacing-left-medium:3.84%;--awb-width-small:100%;--awb-order-small:0;--awb-spacing-right-small:1.92%;--awb-spacing-left-small:1.92%;\"><div class=\"fusion-column-wrapper fusion-column-has-shadow fusion-flex-justify-content-flex-start fusion-content-layout-column\"><div class=\"fusion-text fusion-text-2\"><p><a href=\"https:\/\/mula.es\/web\/wp-content\/uploads\/2021\/12\/Folleto-Parte-1.jpeg\"><img decoding=\"async\" data-attachment-id=\"43093\" data-permalink=\"https:\/\/mula.es\/web\/cultura-inauguracion-de-la-exposicion-los-sonidos-de-la-forma-de-rosa-rodriguez-10-de-diciembre\/folleto-parte-1\/\" data-orig-file=\"https:\/\/mula.es\/web\/wp-content\/uploads\/2021\/12\/Folleto-Parte-1.jpeg\" data-orig-size=\"1075,1075\" data-comments-opened=\"0\" data-image-meta=\"\" data-image-title=\"Folleto &#8211; Parte 1\" data-image-description=\"\" data-image-caption=\"\" data-large-file=\"https:\/\/mula.es\/web\/wp-content\/uploads\/2021\/12\/Folleto-Parte-1-1024x1024.jpeg\" class=\"size-large wp-image-43093 aligncenter\" src=\"https:\/\/mula.es\/web\/wp-content\/uploads\/2021\/12\/Folleto-Parte-1-1024x1024.jpeg\" alt=\"\" width=\"1024\" height=\"1024\" srcset=\"https:\/\/mula.es\/web\/wp-content\/uploads\/2021\/12\/Folleto-Parte-1-66x66.jpeg 66w, https:\/\/mula.es\/web\/wp-content\/uploads\/2021\/12\/Folleto-Parte-1-150x150.jpeg 150w, https:\/\/mula.es\/web\/wp-content\/uploads\/2021\/12\/Folleto-Parte-1-200x200.jpeg 200w, https:\/\/mula.es\/web\/wp-content\/uploads\/2021\/12\/Folleto-Parte-1-300x300.jpeg 300w, https:\/\/mula.es\/web\/wp-content\/uploads\/2021\/12\/Folleto-Parte-1-400x400.jpeg 400w, https:\/\/mula.es\/web\/wp-content\/uploads\/2021\/12\/Folleto-Parte-1-600x600.jpeg 600w, https:\/\/mula.es\/web\/wp-content\/uploads\/2021\/12\/Folleto-Parte-1-768x768.jpeg 768w, https:\/\/mula.es\/web\/wp-content\/uploads\/2021\/12\/Folleto-Parte-1-800x800.jpeg 800w, https:\/\/mula.es\/web\/wp-content\/uploads\/2021\/12\/Folleto-Parte-1-1024x1024.jpeg 1024w, https:\/\/mula.es\/web\/wp-content\/uploads\/2021\/12\/Folleto-Parte-1.jpeg 1075w\" sizes=\"(max-width: 1024px) 100vw, 1024px\" \/><\/a><\/p>\n<\/div><\/div><\/div><div class=\"fusion-layout-column fusion_builder_column fusion-builder-column-2 fusion_builder_column_1_2 1_2 fusion-flex-column\" style=\"--awb-bg-size:cover;--awb-width-large:50%;--awb-margin-top-large:0px;--awb-spacing-right-large:3.84%;--awb-margin-bottom-large:20px;--awb-spacing-left-large:3.84%;--awb-width-medium:50%;--awb-order-medium:0;--awb-spacing-right-medium:3.84%;--awb-spacing-left-medium:3.84%;--awb-width-small:100%;--awb-order-small:0;--awb-spacing-right-small:1.92%;--awb-spacing-left-small:1.92%;\"><div class=\"fusion-column-wrapper fusion-column-has-shadow fusion-flex-justify-content-flex-start fusion-content-layout-column\"><div class=\"fusion-text fusion-text-3\"><p><a href=\"https:\/\/mula.es\/web\/wp-content\/uploads\/2021\/12\/Folleto-parte-2.jpeg\"><img decoding=\"async\" data-attachment-id=\"43094\" data-permalink=\"https:\/\/mula.es\/web\/cultura-inauguracion-de-la-exposicion-los-sonidos-de-la-forma-de-rosa-rodriguez-10-de-diciembre\/folleto-parte-2\/\" data-orig-file=\"https:\/\/mula.es\/web\/wp-content\/uploads\/2021\/12\/Folleto-parte-2.jpeg\" data-orig-size=\"1075,1075\" data-comments-opened=\"0\" data-image-meta=\"\" data-image-title=\"Folleto &#8211; parte 2\" data-image-description=\"\" data-image-caption=\"\" data-large-file=\"https:\/\/mula.es\/web\/wp-content\/uploads\/2021\/12\/Folleto-parte-2-1024x1024.jpeg\" class=\"size-large wp-image-43094 aligncenter\" src=\"https:\/\/mula.es\/web\/wp-content\/uploads\/2021\/12\/Folleto-parte-2-1024x1024.jpeg\" alt=\"\" width=\"1024\" height=\"1024\" srcset=\"https:\/\/mula.es\/web\/wp-content\/uploads\/2021\/12\/Folleto-parte-2-66x66.jpeg 66w, https:\/\/mula.es\/web\/wp-content\/uploads\/2021\/12\/Folleto-parte-2-150x150.jpeg 150w, https:\/\/mula.es\/web\/wp-content\/uploads\/2021\/12\/Folleto-parte-2-200x200.jpeg 200w, https:\/\/mula.es\/web\/wp-content\/uploads\/2021\/12\/Folleto-parte-2-300x300.jpeg 300w, https:\/\/mula.es\/web\/wp-content\/uploads\/2021\/12\/Folleto-parte-2-400x400.jpeg 400w, https:\/\/mula.es\/web\/wp-content\/uploads\/2021\/12\/Folleto-parte-2-600x600.jpeg 600w, https:\/\/mula.es\/web\/wp-content\/uploads\/2021\/12\/Folleto-parte-2-768x768.jpeg 768w, https:\/\/mula.es\/web\/wp-content\/uploads\/2021\/12\/Folleto-parte-2-800x800.jpeg 800w, https:\/\/mula.es\/web\/wp-content\/uploads\/2021\/12\/Folleto-parte-2-1024x1024.jpeg 1024w, https:\/\/mula.es\/web\/wp-content\/uploads\/2021\/12\/Folleto-parte-2.jpeg 1075w\" sizes=\"(max-width: 1024px) 100vw, 1024px\" \/><\/a><\/p>\n<\/div><\/div><\/div><\/div><\/div><\/p>\n","protected":false},"excerpt":{"rendered":"","protected":false},"author":9,"featured_media":43095,"comment_status":"closed","ping_status":"closed","sticky":false,"template":"","format":"standard","meta":{"jetpack_post_was_ever_published":false,"_jetpack_newsletter_access":"","_jetpack_dont_email_post_to_subs":false,"_jetpack_newsletter_tier_id":0,"_jetpack_memberships_contains_paywalled_content":false,"_jetpack_memberships_contains_paid_content":false,"footnotes":"","jetpack_publicize_message":"","jetpack_publicize_feature_enabled":true,"jetpack_social_post_already_shared":false,"jetpack_social_options":{"image_generator_settings":{"template":"highway","default_image_id":0,"font":"","enabled":false},"version":2}},"categories":[97],"tags":[],"class_list":["post-43091","post","type-post","status-publish","format-standard","has-post-thumbnail","hentry","category-cultura"],"yoast_head":"<!-- This site is optimized with the Yoast SEO plugin v27.4 - https:\/\/yoast.com\/product\/yoast-seo-wordpress\/ -->\n<title>CULTURA | Inauguraci\u00f3n de la exposici\u00f3n &quot;Los sonidos de la forma&quot; de Rosa Rodr\u00edguez - 10 de diciembre - Ayuntamiento de Mula<\/title>\n<meta name=\"robots\" content=\"index, follow, max-snippet:-1, max-image-preview:large, max-video-preview:-1\" \/>\n<link rel=\"canonical\" href=\"https:\/\/mula.es\/web\/cultura-inauguracion-de-la-exposicion-los-sonidos-de-la-forma-de-rosa-rodriguez-10-de-diciembre\/\" \/>\n<meta property=\"og:locale\" content=\"es_ES\" \/>\n<meta property=\"og:type\" content=\"article\" \/>\n<meta property=\"og:title\" content=\"CULTURA | Inauguraci\u00f3n de la exposici\u00f3n &quot;Los sonidos de la forma&quot; de Rosa Rodr\u00edguez - 10 de diciembre - Ayuntamiento de Mula\" \/>\n<meta property=\"og:url\" content=\"https:\/\/mula.es\/web\/cultura-inauguracion-de-la-exposicion-los-sonidos-de-la-forma-de-rosa-rodriguez-10-de-diciembre\/\" \/>\n<meta property=\"og:site_name\" content=\"Ayuntamiento de Mula\" \/>\n<meta property=\"article:published_time\" content=\"2021-12-09T13:05:29+00:00\" \/>\n<meta property=\"og:image\" content=\"https:\/\/i0.wp.com\/mula.es\/web\/wp-content\/uploads\/2021\/12\/INVITACION-EXPOSICION-ROSA-RODRIGUEZ-2-02-1.jpg?fit=1476%2C945&ssl=1\" \/>\n\t<meta property=\"og:image:width\" content=\"1476\" \/>\n\t<meta property=\"og:image:height\" content=\"945\" \/>\n\t<meta property=\"og:image:type\" content=\"image\/jpeg\" \/>\n<meta name=\"author\" content=\"Rosario Mart\u00ednez\" \/>\n<meta name=\"twitter:card\" content=\"summary_large_image\" \/>\n<meta name=\"twitter:image\" content=\"https:\/\/mula.es\/web\/wp-content\/uploads\/2020\/06\/cropped-escudo-cuadrado.jpg\" \/>\n<meta name=\"twitter:creator\" content=\"@AyuntamientMula\" \/>\n<meta name=\"twitter:site\" content=\"@AyuntamientMula\" \/>\n<meta name=\"twitter:label1\" content=\"Escrito por\" \/>\n\t<meta name=\"twitter:data1\" content=\"Rosario Mart\u00ednez\" \/>\n\t<meta name=\"twitter:label2\" content=\"Tiempo de lectura\" \/>\n\t<meta name=\"twitter:data2\" content=\"1 minuto\" \/>\n<script type=\"application\/ld+json\" class=\"yoast-schema-graph\">{\"@context\":\"https:\\\/\\\/schema.org\",\"@graph\":[{\"@type\":\"Article\",\"@id\":\"https:\\\/\\\/mula.es\\\/web\\\/cultura-inauguracion-de-la-exposicion-los-sonidos-de-la-forma-de-rosa-rodriguez-10-de-diciembre\\\/#article\",\"isPartOf\":{\"@id\":\"https:\\\/\\\/mula.es\\\/web\\\/cultura-inauguracion-de-la-exposicion-los-sonidos-de-la-forma-de-rosa-rodriguez-10-de-diciembre\\\/\"},\"author\":{\"name\":\"Rosario Mart\u00ednez\",\"@id\":\"https:\\\/\\\/mula.es\\\/web\\\/#\\\/schema\\\/person\\\/f8d63bd3ab6e7b025268b909b7ab0771\"},\"headline\":\"CULTURA | Inauguraci\u00f3n de la exposici\u00f3n \u00abLos sonidos de la forma\u00bb de Rosa Rodr\u00edguez &#8211; 10 de diciembre\",\"datePublished\":\"2021-12-09T13:05:29+00:00\",\"mainEntityOfPage\":{\"@id\":\"https:\\\/\\\/mula.es\\\/web\\\/cultura-inauguracion-de-la-exposicion-los-sonidos-de-la-forma-de-rosa-rodriguez-10-de-diciembre\\\/\"},\"wordCount\":1139,\"image\":{\"@id\":\"https:\\\/\\\/mula.es\\\/web\\\/cultura-inauguracion-de-la-exposicion-los-sonidos-de-la-forma-de-rosa-rodriguez-10-de-diciembre\\\/#primaryimage\"},\"thumbnailUrl\":\"https:\\\/\\\/mula.es\\\/web\\\/wp-content\\\/uploads\\\/2021\\\/12\\\/INVITACION-EXPOSICION-ROSA-RODRIGUEZ-2-02-1.jpg\",\"articleSection\":[\"cultura\"],\"inLanguage\":\"es\"},{\"@type\":\"WebPage\",\"@id\":\"https:\\\/\\\/mula.es\\\/web\\\/cultura-inauguracion-de-la-exposicion-los-sonidos-de-la-forma-de-rosa-rodriguez-10-de-diciembre\\\/\",\"url\":\"https:\\\/\\\/mula.es\\\/web\\\/cultura-inauguracion-de-la-exposicion-los-sonidos-de-la-forma-de-rosa-rodriguez-10-de-diciembre\\\/\",\"name\":\"CULTURA | Inauguraci\u00f3n de la exposici\u00f3n \\\"Los sonidos de la forma\\\" de Rosa Rodr\u00edguez - 10 de diciembre - Ayuntamiento de Mula\",\"isPartOf\":{\"@id\":\"https:\\\/\\\/mula.es\\\/web\\\/#website\"},\"primaryImageOfPage\":{\"@id\":\"https:\\\/\\\/mula.es\\\/web\\\/cultura-inauguracion-de-la-exposicion-los-sonidos-de-la-forma-de-rosa-rodriguez-10-de-diciembre\\\/#primaryimage\"},\"image\":{\"@id\":\"https:\\\/\\\/mula.es\\\/web\\\/cultura-inauguracion-de-la-exposicion-los-sonidos-de-la-forma-de-rosa-rodriguez-10-de-diciembre\\\/#primaryimage\"},\"thumbnailUrl\":\"https:\\\/\\\/mula.es\\\/web\\\/wp-content\\\/uploads\\\/2021\\\/12\\\/INVITACION-EXPOSICION-ROSA-RODRIGUEZ-2-02-1.jpg\",\"datePublished\":\"2021-12-09T13:05:29+00:00\",\"author\":{\"@id\":\"https:\\\/\\\/mula.es\\\/web\\\/#\\\/schema\\\/person\\\/f8d63bd3ab6e7b025268b909b7ab0771\"},\"breadcrumb\":{\"@id\":\"https:\\\/\\\/mula.es\\\/web\\\/cultura-inauguracion-de-la-exposicion-los-sonidos-de-la-forma-de-rosa-rodriguez-10-de-diciembre\\\/#breadcrumb\"},\"inLanguage\":\"es\",\"potentialAction\":[{\"@type\":\"ReadAction\",\"target\":[\"https:\\\/\\\/mula.es\\\/web\\\/cultura-inauguracion-de-la-exposicion-los-sonidos-de-la-forma-de-rosa-rodriguez-10-de-diciembre\\\/\"]}]},{\"@type\":\"ImageObject\",\"inLanguage\":\"es\",\"@id\":\"https:\\\/\\\/mula.es\\\/web\\\/cultura-inauguracion-de-la-exposicion-los-sonidos-de-la-forma-de-rosa-rodriguez-10-de-diciembre\\\/#primaryimage\",\"url\":\"https:\\\/\\\/mula.es\\\/web\\\/wp-content\\\/uploads\\\/2021\\\/12\\\/INVITACION-EXPOSICION-ROSA-RODRIGUEZ-2-02-1.jpg\",\"contentUrl\":\"https:\\\/\\\/mula.es\\\/web\\\/wp-content\\\/uploads\\\/2021\\\/12\\\/INVITACION-EXPOSICION-ROSA-RODRIGUEZ-2-02-1.jpg\",\"width\":1476,\"height\":945},{\"@type\":\"BreadcrumbList\",\"@id\":\"https:\\\/\\\/mula.es\\\/web\\\/cultura-inauguracion-de-la-exposicion-los-sonidos-de-la-forma-de-rosa-rodriguez-10-de-diciembre\\\/#breadcrumb\",\"itemListElement\":[{\"@type\":\"ListItem\",\"position\":1,\"name\":\"Portada\",\"item\":\"https:\\\/\\\/mula.es\\\/web\\\/\"},{\"@type\":\"ListItem\",\"position\":2,\"name\":\"CULTURA | Inauguraci\u00f3n de la exposici\u00f3n \u00abLos sonidos de la forma\u00bb de Rosa Rodr\u00edguez &#8211; 10 de diciembre\"}]},{\"@type\":\"WebSite\",\"@id\":\"https:\\\/\\\/mula.es\\\/web\\\/#website\",\"url\":\"https:\\\/\\\/mula.es\\\/web\\\/\",\"name\":\"Ayuntamiento de Mula\",\"description\":\"P\u00e1gina web del Ayuntamiento de Mula (Regi\u00f3n de Murcia)\",\"potentialAction\":[{\"@type\":\"SearchAction\",\"target\":{\"@type\":\"EntryPoint\",\"urlTemplate\":\"https:\\\/\\\/mula.es\\\/web\\\/?s={search_term_string}\"},\"query-input\":{\"@type\":\"PropertyValueSpecification\",\"valueRequired\":true,\"valueName\":\"search_term_string\"}}],\"inLanguage\":\"es\"},{\"@type\":\"Person\",\"@id\":\"https:\\\/\\\/mula.es\\\/web\\\/#\\\/schema\\\/person\\\/f8d63bd3ab6e7b025268b909b7ab0771\",\"name\":\"Rosario Mart\u00ednez\",\"image\":{\"@type\":\"ImageObject\",\"inLanguage\":\"es\",\"@id\":\"https:\\\/\\\/secure.gravatar.com\\\/avatar\\\/ce916b980ac93e5b1d36e6068357675d4e089a572ebc8789fcb807c2fb2edfef?s=96&d=mm&r=g\",\"url\":\"https:\\\/\\\/secure.gravatar.com\\\/avatar\\\/ce916b980ac93e5b1d36e6068357675d4e089a572ebc8789fcb807c2fb2edfef?s=96&d=mm&r=g\",\"contentUrl\":\"https:\\\/\\\/secure.gravatar.com\\\/avatar\\\/ce916b980ac93e5b1d36e6068357675d4e089a572ebc8789fcb807c2fb2edfef?s=96&d=mm&r=g\",\"caption\":\"Rosario Mart\u00ednez\"},\"url\":\"https:\\\/\\\/mula.es\\\/web\\\/author\\\/rmartinez\\\/\"}]}<\/script>\n<!-- \/ Yoast SEO plugin. -->","yoast_head_json":{"title":"CULTURA | Inauguraci\u00f3n de la exposici\u00f3n \"Los sonidos de la forma\" de Rosa Rodr\u00edguez - 10 de diciembre - Ayuntamiento de Mula","robots":{"index":"index","follow":"follow","max-snippet":"max-snippet:-1","max-image-preview":"max-image-preview:large","max-video-preview":"max-video-preview:-1"},"canonical":"https:\/\/mula.es\/web\/cultura-inauguracion-de-la-exposicion-los-sonidos-de-la-forma-de-rosa-rodriguez-10-de-diciembre\/","og_locale":"es_ES","og_type":"article","og_title":"CULTURA | Inauguraci\u00f3n de la exposici\u00f3n \"Los sonidos de la forma\" de Rosa Rodr\u00edguez - 10 de diciembre - Ayuntamiento de Mula","og_url":"https:\/\/mula.es\/web\/cultura-inauguracion-de-la-exposicion-los-sonidos-de-la-forma-de-rosa-rodriguez-10-de-diciembre\/","og_site_name":"Ayuntamiento de Mula","article_published_time":"2021-12-09T13:05:29+00:00","og_image":[{"width":1476,"height":945,"url":"https:\/\/i0.wp.com\/mula.es\/web\/wp-content\/uploads\/2021\/12\/INVITACION-EXPOSICION-ROSA-RODRIGUEZ-2-02-1.jpg?fit=1476%2C945&ssl=1","type":"image\/jpeg"}],"author":"Rosario Mart\u00ednez","twitter_card":"summary_large_image","twitter_image":"https:\/\/mula.es\/web\/wp-content\/uploads\/2020\/06\/cropped-escudo-cuadrado.jpg","twitter_creator":"@AyuntamientMula","twitter_site":"@AyuntamientMula","twitter_misc":{"Escrito por":"Rosario Mart\u00ednez","Tiempo de lectura":"1 minuto"},"schema":{"@context":"https:\/\/schema.org","@graph":[{"@type":"Article","@id":"https:\/\/mula.es\/web\/cultura-inauguracion-de-la-exposicion-los-sonidos-de-la-forma-de-rosa-rodriguez-10-de-diciembre\/#article","isPartOf":{"@id":"https:\/\/mula.es\/web\/cultura-inauguracion-de-la-exposicion-los-sonidos-de-la-forma-de-rosa-rodriguez-10-de-diciembre\/"},"author":{"name":"Rosario Mart\u00ednez","@id":"https:\/\/mula.es\/web\/#\/schema\/person\/f8d63bd3ab6e7b025268b909b7ab0771"},"headline":"CULTURA | Inauguraci\u00f3n de la exposici\u00f3n \u00abLos sonidos de la forma\u00bb de Rosa Rodr\u00edguez &#8211; 10 de diciembre","datePublished":"2021-12-09T13:05:29+00:00","mainEntityOfPage":{"@id":"https:\/\/mula.es\/web\/cultura-inauguracion-de-la-exposicion-los-sonidos-de-la-forma-de-rosa-rodriguez-10-de-diciembre\/"},"wordCount":1139,"image":{"@id":"https:\/\/mula.es\/web\/cultura-inauguracion-de-la-exposicion-los-sonidos-de-la-forma-de-rosa-rodriguez-10-de-diciembre\/#primaryimage"},"thumbnailUrl":"https:\/\/mula.es\/web\/wp-content\/uploads\/2021\/12\/INVITACION-EXPOSICION-ROSA-RODRIGUEZ-2-02-1.jpg","articleSection":["cultura"],"inLanguage":"es"},{"@type":"WebPage","@id":"https:\/\/mula.es\/web\/cultura-inauguracion-de-la-exposicion-los-sonidos-de-la-forma-de-rosa-rodriguez-10-de-diciembre\/","url":"https:\/\/mula.es\/web\/cultura-inauguracion-de-la-exposicion-los-sonidos-de-la-forma-de-rosa-rodriguez-10-de-diciembre\/","name":"CULTURA | Inauguraci\u00f3n de la exposici\u00f3n \"Los sonidos de la forma\" de Rosa Rodr\u00edguez - 10 de diciembre - Ayuntamiento de Mula","isPartOf":{"@id":"https:\/\/mula.es\/web\/#website"},"primaryImageOfPage":{"@id":"https:\/\/mula.es\/web\/cultura-inauguracion-de-la-exposicion-los-sonidos-de-la-forma-de-rosa-rodriguez-10-de-diciembre\/#primaryimage"},"image":{"@id":"https:\/\/mula.es\/web\/cultura-inauguracion-de-la-exposicion-los-sonidos-de-la-forma-de-rosa-rodriguez-10-de-diciembre\/#primaryimage"},"thumbnailUrl":"https:\/\/mula.es\/web\/wp-content\/uploads\/2021\/12\/INVITACION-EXPOSICION-ROSA-RODRIGUEZ-2-02-1.jpg","datePublished":"2021-12-09T13:05:29+00:00","author":{"@id":"https:\/\/mula.es\/web\/#\/schema\/person\/f8d63bd3ab6e7b025268b909b7ab0771"},"breadcrumb":{"@id":"https:\/\/mula.es\/web\/cultura-inauguracion-de-la-exposicion-los-sonidos-de-la-forma-de-rosa-rodriguez-10-de-diciembre\/#breadcrumb"},"inLanguage":"es","potentialAction":[{"@type":"ReadAction","target":["https:\/\/mula.es\/web\/cultura-inauguracion-de-la-exposicion-los-sonidos-de-la-forma-de-rosa-rodriguez-10-de-diciembre\/"]}]},{"@type":"ImageObject","inLanguage":"es","@id":"https:\/\/mula.es\/web\/cultura-inauguracion-de-la-exposicion-los-sonidos-de-la-forma-de-rosa-rodriguez-10-de-diciembre\/#primaryimage","url":"https:\/\/mula.es\/web\/wp-content\/uploads\/2021\/12\/INVITACION-EXPOSICION-ROSA-RODRIGUEZ-2-02-1.jpg","contentUrl":"https:\/\/mula.es\/web\/wp-content\/uploads\/2021\/12\/INVITACION-EXPOSICION-ROSA-RODRIGUEZ-2-02-1.jpg","width":1476,"height":945},{"@type":"BreadcrumbList","@id":"https:\/\/mula.es\/web\/cultura-inauguracion-de-la-exposicion-los-sonidos-de-la-forma-de-rosa-rodriguez-10-de-diciembre\/#breadcrumb","itemListElement":[{"@type":"ListItem","position":1,"name":"Portada","item":"https:\/\/mula.es\/web\/"},{"@type":"ListItem","position":2,"name":"CULTURA | Inauguraci\u00f3n de la exposici\u00f3n \u00abLos sonidos de la forma\u00bb de Rosa Rodr\u00edguez &#8211; 10 de diciembre"}]},{"@type":"WebSite","@id":"https:\/\/mula.es\/web\/#website","url":"https:\/\/mula.es\/web\/","name":"Ayuntamiento de Mula","description":"P\u00e1gina web del Ayuntamiento de Mula (Regi\u00f3n de Murcia)","potentialAction":[{"@type":"SearchAction","target":{"@type":"EntryPoint","urlTemplate":"https:\/\/mula.es\/web\/?s={search_term_string}"},"query-input":{"@type":"PropertyValueSpecification","valueRequired":true,"valueName":"search_term_string"}}],"inLanguage":"es"},{"@type":"Person","@id":"https:\/\/mula.es\/web\/#\/schema\/person\/f8d63bd3ab6e7b025268b909b7ab0771","name":"Rosario Mart\u00ednez","image":{"@type":"ImageObject","inLanguage":"es","@id":"https:\/\/secure.gravatar.com\/avatar\/ce916b980ac93e5b1d36e6068357675d4e089a572ebc8789fcb807c2fb2edfef?s=96&d=mm&r=g","url":"https:\/\/secure.gravatar.com\/avatar\/ce916b980ac93e5b1d36e6068357675d4e089a572ebc8789fcb807c2fb2edfef?s=96&d=mm&r=g","contentUrl":"https:\/\/secure.gravatar.com\/avatar\/ce916b980ac93e5b1d36e6068357675d4e089a572ebc8789fcb807c2fb2edfef?s=96&d=mm&r=g","caption":"Rosario Mart\u00ednez"},"url":"https:\/\/mula.es\/web\/author\/rmartinez\/"}]}},"jetpack_publicize_connections":[],"jetpack_featured_media_url":"https:\/\/mula.es\/web\/wp-content\/uploads\/2021\/12\/INVITACION-EXPOSICION-ROSA-RODRIGUEZ-2-02-1.jpg","jetpack_sharing_enabled":true,"jetpack_shortlink":"https:\/\/wp.me\/pa9DMY-bd1","jetpack-related-posts":[],"_links":{"self":[{"href":"https:\/\/mula.es\/web\/wp-json\/wp\/v2\/posts\/43091","targetHints":{"allow":["GET"]}}],"collection":[{"href":"https:\/\/mula.es\/web\/wp-json\/wp\/v2\/posts"}],"about":[{"href":"https:\/\/mula.es\/web\/wp-json\/wp\/v2\/types\/post"}],"author":[{"embeddable":true,"href":"https:\/\/mula.es\/web\/wp-json\/wp\/v2\/users\/9"}],"replies":[{"embeddable":true,"href":"https:\/\/mula.es\/web\/wp-json\/wp\/v2\/comments?post=43091"}],"version-history":[{"count":1,"href":"https:\/\/mula.es\/web\/wp-json\/wp\/v2\/posts\/43091\/revisions"}],"predecessor-version":[{"id":43096,"href":"https:\/\/mula.es\/web\/wp-json\/wp\/v2\/posts\/43091\/revisions\/43096"}],"wp:featuredmedia":[{"embeddable":true,"href":"https:\/\/mula.es\/web\/wp-json\/wp\/v2\/media\/43095"}],"wp:attachment":[{"href":"https:\/\/mula.es\/web\/wp-json\/wp\/v2\/media?parent=43091"}],"wp:term":[{"taxonomy":"category","embeddable":true,"href":"https:\/\/mula.es\/web\/wp-json\/wp\/v2\/categories?post=43091"},{"taxonomy":"post_tag","embeddable":true,"href":"https:\/\/mula.es\/web\/wp-json\/wp\/v2\/tags?post=43091"}],"curies":[{"name":"wp","href":"https:\/\/api.w.org\/{rel}","templated":true}]}}