{"id":43100,"date":"2021-12-10T08:48:32","date_gmt":"2021-12-10T07:48:32","guid":{"rendered":"https:\/\/mula.es\/web\/?p=43100"},"modified":"2021-12-10T08:48:32","modified_gmt":"2021-12-10T07:48:32","slug":"educacion-julia-pastor-boluda-del-ceip-anita-arnao-finalista-del-concuso-digital-infantil-de-aqualia","status":"publish","type":"post","link":"https:\/\/mula.es\/web\/educacion-julia-pastor-boluda-del-ceip-anita-arnao-finalista-del-concuso-digital-infantil-de-aqualia\/","title":{"rendered":"EDUCACI\u00d3N | Julia Pastor Boluda, del CEIP Anita Arnao, finalista del Concuso Digital Infantil de Aqualia"},"content":{"rendered":"<p style=\"text-align: justify;\">El alcalde de Mula, junto a los concejales de Educaci\u00f3n y Servicios Municipales han acompa\u00f1ado a la alumna en la entrega de este reconocimiento<\/p>\n<p style=\"text-align: justify;\">Julia Pastor Boluda, alumna de 4\u00ba de Primaria del colegio Anita Arnao, recib\u00eda este jueves un reconocimiento como finalista de la 19\u00ba edici\u00f3n nacional del Concurso Digital Infantil de Aqualia con motivo del D\u00eda Mundial de la Educaci\u00f3n Ambiental.<\/p>\n<p style=\"text-align: justify;\">El alcalde de Mula, Juan Jes\u00fas Moreno, junto a los concejales de Educaci\u00f3n, Diego Boluda, y Servicios Municipales, Vicente L\u00f3pez, han estado presentes en la entrega del premio a cargo de un representante de Aqualia y la directora del centro Mar\u00eda Jos\u00e9 Mi\u00f1ano.<\/p>\n<p style=\"text-align: justify;\">Julia Pastor es una de 250 finalistas resultantes de la edici\u00f3n de este a\u00f1o y que ha obtenido un reloj smartwatch por quedar en esta posici\u00f3n.<\/p>\n<p style=\"text-align: justify;\">El objetivo de este certamen es concienciar a los ni\u00f1os de la importancia del agua y el trabajo que hay detr\u00e1s de abrir el grifo y contar con agua de calidad.<\/p>\n","protected":false},"excerpt":{"rendered":"<p>El alcalde de Mula, junto a los concejales de Educaci\u00f3n y Servicios Municipales han acompa\u00f1ado a la alumna en la entrega de este reconocimiento Julia Pastor Boluda, alumna de 4\u00ba de Primaria del colegio Anita Arnao, recib\u00eda este jueves un reconocimiento como finalista de la 19\u00ba edici\u00f3n nacional del Concurso Digital Infantil de Aqualia con  [&#8230;]<\/p>\n","protected":false},"author":9,"featured_media":43101,"comment_status":"closed","ping_status":"closed","sticky":false,"template":"","format":"standard","meta":{"jetpack_post_was_ever_published":false,"_jetpack_newsletter_access":"","_jetpack_dont_email_post_to_subs":false,"_jetpack_newsletter_tier_id":0,"_jetpack_memberships_contains_paywalled_content":false,"_jetpack_memberships_contains_paid_content":false,"footnotes":"","jetpack_publicize_message":"","jetpack_publicize_feature_enabled":true,"jetpack_social_post_already_shared":false,"jetpack_social_options":{"image_generator_settings":{"template":"highway","default_image_id":0,"font":"","enabled":false},"version":2}},"categories":[89,544],"tags":[],"class_list":["post-43100","post","type-post","status-publish","format-standard","has-post-thumbnail","hentry","category-educacion","category-servicios"],"yoast_head":"<!-- This site is optimized with the Yoast SEO plugin v27.4 - https:\/\/yoast.com\/product\/yoast-seo-wordpress\/ -->\n<title>EDUCACI\u00d3N | Julia Pastor Boluda, del CEIP Anita Arnao, finalista del Concuso Digital Infantil de Aqualia - Ayuntamiento de Mula<\/title>\n<meta name=\"robots\" content=\"index, follow, max-snippet:-1, max-image-preview:large, max-video-preview:-1\" \/>\n<link rel=\"canonical\" href=\"https:\/\/mula.es\/web\/educacion-julia-pastor-boluda-del-ceip-anita-arnao-finalista-del-concuso-digital-infantil-de-aqualia\/\" \/>\n<meta property=\"og:locale\" content=\"es_ES\" \/>\n<meta property=\"og:type\" content=\"article\" \/>\n<meta property=\"og:title\" content=\"EDUCACI\u00d3N | Julia Pastor Boluda, del CEIP Anita Arnao, finalista del Concuso Digital Infantil de Aqualia - Ayuntamiento de Mula\" \/>\n<meta property=\"og:description\" content=\"El alcalde de Mula, junto a los concejales de Educaci\u00f3n y Servicios Municipales han acompa\u00f1ado a la alumna en la entrega de este reconocimiento Julia Pastor Boluda, alumna de 4\u00ba de Primaria del colegio Anita Arnao, recib\u00eda este jueves un reconocimiento como finalista de la 19\u00ba edici\u00f3n nacional del Concurso Digital Infantil de Aqualia con [...]\" \/>\n<meta property=\"og:url\" content=\"https:\/\/mula.es\/web\/educacion-julia-pastor-boluda-del-ceip-anita-arnao-finalista-del-concuso-digital-infantil-de-aqualia\/\" \/>\n<meta property=\"og:site_name\" content=\"Ayuntamiento de Mula\" \/>\n<meta property=\"article:published_time\" content=\"2021-12-10T07:48:32+00:00\" \/>\n<meta property=\"og:image\" content=\"https:\/\/i0.wp.com\/mula.es\/web\/wp-content\/uploads\/2021\/12\/premio_aqualia_anita_arnao.jpg?fit=2048%2C1536&ssl=1\" \/>\n\t<meta property=\"og:image:width\" content=\"2048\" \/>\n\t<meta property=\"og:image:height\" content=\"1536\" \/>\n\t<meta property=\"og:image:type\" content=\"image\/jpeg\" \/>\n<meta name=\"author\" content=\"Rosario Mart\u00ednez\" \/>\n<meta name=\"twitter:card\" content=\"summary_large_image\" \/>\n<meta name=\"twitter:image\" content=\"https:\/\/mula.es\/web\/wp-content\/uploads\/2020\/06\/cropped-escudo-cuadrado.jpg\" \/>\n<meta name=\"twitter:creator\" content=\"@AyuntamientMula\" \/>\n<meta name=\"twitter:site\" content=\"@AyuntamientMula\" \/>\n<meta name=\"twitter:label1\" content=\"Escrito por\" \/>\n\t<meta name=\"twitter:data1\" content=\"Rosario Mart\u00ednez\" \/>\n\t<meta name=\"twitter:label2\" content=\"Tiempo de lectura\" \/>\n\t<meta name=\"twitter:data2\" content=\"1 minuto\" \/>\n<script type=\"application\/ld+json\" class=\"yoast-schema-graph\">{\"@context\":\"https:\\\/\\\/schema.org\",\"@graph\":[{\"@type\":\"Article\",\"@id\":\"https:\\\/\\\/mula.es\\\/web\\\/educacion-julia-pastor-boluda-del-ceip-anita-arnao-finalista-del-concuso-digital-infantil-de-aqualia\\\/#article\",\"isPartOf\":{\"@id\":\"https:\\\/\\\/mula.es\\\/web\\\/educacion-julia-pastor-boluda-del-ceip-anita-arnao-finalista-del-concuso-digital-infantil-de-aqualia\\\/\"},\"author\":{\"name\":\"Rosario Mart\u00ednez\",\"@id\":\"https:\\\/\\\/mula.es\\\/web\\\/#\\\/schema\\\/person\\\/f8d63bd3ab6e7b025268b909b7ab0771\"},\"headline\":\"EDUCACI\u00d3N | Julia Pastor Boluda, del CEIP Anita Arnao, finalista del Concuso Digital Infantil de Aqualia\",\"datePublished\":\"2021-12-10T07:48:32+00:00\",\"mainEntityOfPage\":{\"@id\":\"https:\\\/\\\/mula.es\\\/web\\\/educacion-julia-pastor-boluda-del-ceip-anita-arnao-finalista-del-concuso-digital-infantil-de-aqualia\\\/\"},\"wordCount\":192,\"image\":{\"@id\":\"https:\\\/\\\/mula.es\\\/web\\\/educacion-julia-pastor-boluda-del-ceip-anita-arnao-finalista-del-concuso-digital-infantil-de-aqualia\\\/#primaryimage\"},\"thumbnailUrl\":\"https:\\\/\\\/mula.es\\\/web\\\/wp-content\\\/uploads\\\/2021\\\/12\\\/premio_aqualia_anita_arnao.jpg\",\"articleSection\":[\"educaci\u00f3n\",\"servicios\"],\"inLanguage\":\"es\"},{\"@type\":\"WebPage\",\"@id\":\"https:\\\/\\\/mula.es\\\/web\\\/educacion-julia-pastor-boluda-del-ceip-anita-arnao-finalista-del-concuso-digital-infantil-de-aqualia\\\/\",\"url\":\"https:\\\/\\\/mula.es\\\/web\\\/educacion-julia-pastor-boluda-del-ceip-anita-arnao-finalista-del-concuso-digital-infantil-de-aqualia\\\/\",\"name\":\"EDUCACI\u00d3N | Julia Pastor Boluda, del CEIP Anita Arnao, finalista del Concuso Digital Infantil de Aqualia - Ayuntamiento de Mula\",\"isPartOf\":{\"@id\":\"https:\\\/\\\/mula.es\\\/web\\\/#website\"},\"primaryImageOfPage\":{\"@id\":\"https:\\\/\\\/mula.es\\\/web\\\/educacion-julia-pastor-boluda-del-ceip-anita-arnao-finalista-del-concuso-digital-infantil-de-aqualia\\\/#primaryimage\"},\"image\":{\"@id\":\"https:\\\/\\\/mula.es\\\/web\\\/educacion-julia-pastor-boluda-del-ceip-anita-arnao-finalista-del-concuso-digital-infantil-de-aqualia\\\/#primaryimage\"},\"thumbnailUrl\":\"https:\\\/\\\/mula.es\\\/web\\\/wp-content\\\/uploads\\\/2021\\\/12\\\/premio_aqualia_anita_arnao.jpg\",\"datePublished\":\"2021-12-10T07:48:32+00:00\",\"author\":{\"@id\":\"https:\\\/\\\/mula.es\\\/web\\\/#\\\/schema\\\/person\\\/f8d63bd3ab6e7b025268b909b7ab0771\"},\"breadcrumb\":{\"@id\":\"https:\\\/\\\/mula.es\\\/web\\\/educacion-julia-pastor-boluda-del-ceip-anita-arnao-finalista-del-concuso-digital-infantil-de-aqualia\\\/#breadcrumb\"},\"inLanguage\":\"es\",\"potentialAction\":[{\"@type\":\"ReadAction\",\"target\":[\"https:\\\/\\\/mula.es\\\/web\\\/educacion-julia-pastor-boluda-del-ceip-anita-arnao-finalista-del-concuso-digital-infantil-de-aqualia\\\/\"]}]},{\"@type\":\"ImageObject\",\"inLanguage\":\"es\",\"@id\":\"https:\\\/\\\/mula.es\\\/web\\\/educacion-julia-pastor-boluda-del-ceip-anita-arnao-finalista-del-concuso-digital-infantil-de-aqualia\\\/#primaryimage\",\"url\":\"https:\\\/\\\/mula.es\\\/web\\\/wp-content\\\/uploads\\\/2021\\\/12\\\/premio_aqualia_anita_arnao.jpg\",\"contentUrl\":\"https:\\\/\\\/mula.es\\\/web\\\/wp-content\\\/uploads\\\/2021\\\/12\\\/premio_aqualia_anita_arnao.jpg\",\"width\":2048,\"height\":1536},{\"@type\":\"BreadcrumbList\",\"@id\":\"https:\\\/\\\/mula.es\\\/web\\\/educacion-julia-pastor-boluda-del-ceip-anita-arnao-finalista-del-concuso-digital-infantil-de-aqualia\\\/#breadcrumb\",\"itemListElement\":[{\"@type\":\"ListItem\",\"position\":1,\"name\":\"Portada\",\"item\":\"https:\\\/\\\/mula.es\\\/web\\\/\"},{\"@type\":\"ListItem\",\"position\":2,\"name\":\"EDUCACI\u00d3N | Julia Pastor Boluda, del CEIP Anita Arnao, finalista del Concuso Digital Infantil de Aqualia\"}]},{\"@type\":\"WebSite\",\"@id\":\"https:\\\/\\\/mula.es\\\/web\\\/#website\",\"url\":\"https:\\\/\\\/mula.es\\\/web\\\/\",\"name\":\"Ayuntamiento de Mula\",\"description\":\"P\u00e1gina web del Ayuntamiento de Mula (Regi\u00f3n de Murcia)\",\"potentialAction\":[{\"@type\":\"SearchAction\",\"target\":{\"@type\":\"EntryPoint\",\"urlTemplate\":\"https:\\\/\\\/mula.es\\\/web\\\/?s={search_term_string}\"},\"query-input\":{\"@type\":\"PropertyValueSpecification\",\"valueRequired\":true,\"valueName\":\"search_term_string\"}}],\"inLanguage\":\"es\"},{\"@type\":\"Person\",\"@id\":\"https:\\\/\\\/mula.es\\\/web\\\/#\\\/schema\\\/person\\\/f8d63bd3ab6e7b025268b909b7ab0771\",\"name\":\"Rosario Mart\u00ednez\",\"image\":{\"@type\":\"ImageObject\",\"inLanguage\":\"es\",\"@id\":\"https:\\\/\\\/secure.gravatar.com\\\/avatar\\\/ce916b980ac93e5b1d36e6068357675d4e089a572ebc8789fcb807c2fb2edfef?s=96&d=mm&r=g\",\"url\":\"https:\\\/\\\/secure.gravatar.com\\\/avatar\\\/ce916b980ac93e5b1d36e6068357675d4e089a572ebc8789fcb807c2fb2edfef?s=96&d=mm&r=g\",\"contentUrl\":\"https:\\\/\\\/secure.gravatar.com\\\/avatar\\\/ce916b980ac93e5b1d36e6068357675d4e089a572ebc8789fcb807c2fb2edfef?s=96&d=mm&r=g\",\"caption\":\"Rosario Mart\u00ednez\"},\"url\":\"https:\\\/\\\/mula.es\\\/web\\\/author\\\/rmartinez\\\/\"}]}<\/script>\n<!-- \/ Yoast SEO plugin. -->","yoast_head_json":{"title":"EDUCACI\u00d3N | Julia Pastor Boluda, del CEIP Anita Arnao, finalista del Concuso Digital Infantil de Aqualia - Ayuntamiento de Mula","robots":{"index":"index","follow":"follow","max-snippet":"max-snippet:-1","max-image-preview":"max-image-preview:large","max-video-preview":"max-video-preview:-1"},"canonical":"https:\/\/mula.es\/web\/educacion-julia-pastor-boluda-del-ceip-anita-arnao-finalista-del-concuso-digital-infantil-de-aqualia\/","og_locale":"es_ES","og_type":"article","og_title":"EDUCACI\u00d3N | Julia Pastor Boluda, del CEIP Anita Arnao, finalista del Concuso Digital Infantil de Aqualia - Ayuntamiento de Mula","og_description":"El alcalde de Mula, junto a los concejales de Educaci\u00f3n y Servicios Municipales han acompa\u00f1ado a la alumna en la entrega de este reconocimiento Julia Pastor Boluda, alumna de 4\u00ba de Primaria del colegio Anita Arnao, recib\u00eda este jueves un reconocimiento como finalista de la 19\u00ba edici\u00f3n nacional del Concurso Digital Infantil de Aqualia con [...]","og_url":"https:\/\/mula.es\/web\/educacion-julia-pastor-boluda-del-ceip-anita-arnao-finalista-del-concuso-digital-infantil-de-aqualia\/","og_site_name":"Ayuntamiento de Mula","article_published_time":"2021-12-10T07:48:32+00:00","og_image":[{"width":2048,"height":1536,"url":"https:\/\/i0.wp.com\/mula.es\/web\/wp-content\/uploads\/2021\/12\/premio_aqualia_anita_arnao.jpg?fit=2048%2C1536&ssl=1","type":"image\/jpeg"}],"author":"Rosario Mart\u00ednez","twitter_card":"summary_large_image","twitter_image":"https:\/\/mula.es\/web\/wp-content\/uploads\/2020\/06\/cropped-escudo-cuadrado.jpg","twitter_creator":"@AyuntamientMula","twitter_site":"@AyuntamientMula","twitter_misc":{"Escrito por":"Rosario Mart\u00ednez","Tiempo de lectura":"1 minuto"},"schema":{"@context":"https:\/\/schema.org","@graph":[{"@type":"Article","@id":"https:\/\/mula.es\/web\/educacion-julia-pastor-boluda-del-ceip-anita-arnao-finalista-del-concuso-digital-infantil-de-aqualia\/#article","isPartOf":{"@id":"https:\/\/mula.es\/web\/educacion-julia-pastor-boluda-del-ceip-anita-arnao-finalista-del-concuso-digital-infantil-de-aqualia\/"},"author":{"name":"Rosario Mart\u00ednez","@id":"https:\/\/mula.es\/web\/#\/schema\/person\/f8d63bd3ab6e7b025268b909b7ab0771"},"headline":"EDUCACI\u00d3N | Julia Pastor Boluda, del CEIP Anita Arnao, finalista del Concuso Digital Infantil de Aqualia","datePublished":"2021-12-10T07:48:32+00:00","mainEntityOfPage":{"@id":"https:\/\/mula.es\/web\/educacion-julia-pastor-boluda-del-ceip-anita-arnao-finalista-del-concuso-digital-infantil-de-aqualia\/"},"wordCount":192,"image":{"@id":"https:\/\/mula.es\/web\/educacion-julia-pastor-boluda-del-ceip-anita-arnao-finalista-del-concuso-digital-infantil-de-aqualia\/#primaryimage"},"thumbnailUrl":"https:\/\/mula.es\/web\/wp-content\/uploads\/2021\/12\/premio_aqualia_anita_arnao.jpg","articleSection":["educaci\u00f3n","servicios"],"inLanguage":"es"},{"@type":"WebPage","@id":"https:\/\/mula.es\/web\/educacion-julia-pastor-boluda-del-ceip-anita-arnao-finalista-del-concuso-digital-infantil-de-aqualia\/","url":"https:\/\/mula.es\/web\/educacion-julia-pastor-boluda-del-ceip-anita-arnao-finalista-del-concuso-digital-infantil-de-aqualia\/","name":"EDUCACI\u00d3N | Julia Pastor Boluda, del CEIP Anita Arnao, finalista del Concuso Digital Infantil de Aqualia - Ayuntamiento de Mula","isPartOf":{"@id":"https:\/\/mula.es\/web\/#website"},"primaryImageOfPage":{"@id":"https:\/\/mula.es\/web\/educacion-julia-pastor-boluda-del-ceip-anita-arnao-finalista-del-concuso-digital-infantil-de-aqualia\/#primaryimage"},"image":{"@id":"https:\/\/mula.es\/web\/educacion-julia-pastor-boluda-del-ceip-anita-arnao-finalista-del-concuso-digital-infantil-de-aqualia\/#primaryimage"},"thumbnailUrl":"https:\/\/mula.es\/web\/wp-content\/uploads\/2021\/12\/premio_aqualia_anita_arnao.jpg","datePublished":"2021-12-10T07:48:32+00:00","author":{"@id":"https:\/\/mula.es\/web\/#\/schema\/person\/f8d63bd3ab6e7b025268b909b7ab0771"},"breadcrumb":{"@id":"https:\/\/mula.es\/web\/educacion-julia-pastor-boluda-del-ceip-anita-arnao-finalista-del-concuso-digital-infantil-de-aqualia\/#breadcrumb"},"inLanguage":"es","potentialAction":[{"@type":"ReadAction","target":["https:\/\/mula.es\/web\/educacion-julia-pastor-boluda-del-ceip-anita-arnao-finalista-del-concuso-digital-infantil-de-aqualia\/"]}]},{"@type":"ImageObject","inLanguage":"es","@id":"https:\/\/mula.es\/web\/educacion-julia-pastor-boluda-del-ceip-anita-arnao-finalista-del-concuso-digital-infantil-de-aqualia\/#primaryimage","url":"https:\/\/mula.es\/web\/wp-content\/uploads\/2021\/12\/premio_aqualia_anita_arnao.jpg","contentUrl":"https:\/\/mula.es\/web\/wp-content\/uploads\/2021\/12\/premio_aqualia_anita_arnao.jpg","width":2048,"height":1536},{"@type":"BreadcrumbList","@id":"https:\/\/mula.es\/web\/educacion-julia-pastor-boluda-del-ceip-anita-arnao-finalista-del-concuso-digital-infantil-de-aqualia\/#breadcrumb","itemListElement":[{"@type":"ListItem","position":1,"name":"Portada","item":"https:\/\/mula.es\/web\/"},{"@type":"ListItem","position":2,"name":"EDUCACI\u00d3N | Julia Pastor Boluda, del CEIP Anita Arnao, finalista del Concuso Digital Infantil de Aqualia"}]},{"@type":"WebSite","@id":"https:\/\/mula.es\/web\/#website","url":"https:\/\/mula.es\/web\/","name":"Ayuntamiento de Mula","description":"P\u00e1gina web del Ayuntamiento de Mula (Regi\u00f3n de Murcia)","potentialAction":[{"@type":"SearchAction","target":{"@type":"EntryPoint","urlTemplate":"https:\/\/mula.es\/web\/?s={search_term_string}"},"query-input":{"@type":"PropertyValueSpecification","valueRequired":true,"valueName":"search_term_string"}}],"inLanguage":"es"},{"@type":"Person","@id":"https:\/\/mula.es\/web\/#\/schema\/person\/f8d63bd3ab6e7b025268b909b7ab0771","name":"Rosario Mart\u00ednez","image":{"@type":"ImageObject","inLanguage":"es","@id":"https:\/\/secure.gravatar.com\/avatar\/ce916b980ac93e5b1d36e6068357675d4e089a572ebc8789fcb807c2fb2edfef?s=96&d=mm&r=g","url":"https:\/\/secure.gravatar.com\/avatar\/ce916b980ac93e5b1d36e6068357675d4e089a572ebc8789fcb807c2fb2edfef?s=96&d=mm&r=g","contentUrl":"https:\/\/secure.gravatar.com\/avatar\/ce916b980ac93e5b1d36e6068357675d4e089a572ebc8789fcb807c2fb2edfef?s=96&d=mm&r=g","caption":"Rosario Mart\u00ednez"},"url":"https:\/\/mula.es\/web\/author\/rmartinez\/"}]}},"jetpack_publicize_connections":[],"jetpack_featured_media_url":"https:\/\/mula.es\/web\/wp-content\/uploads\/2021\/12\/premio_aqualia_anita_arnao.jpg","jetpack_sharing_enabled":true,"jetpack_shortlink":"https:\/\/wp.me\/pa9DMY-bda","jetpack-related-posts":[],"_links":{"self":[{"href":"https:\/\/mula.es\/web\/wp-json\/wp\/v2\/posts\/43100","targetHints":{"allow":["GET"]}}],"collection":[{"href":"https:\/\/mula.es\/web\/wp-json\/wp\/v2\/posts"}],"about":[{"href":"https:\/\/mula.es\/web\/wp-json\/wp\/v2\/types\/post"}],"author":[{"embeddable":true,"href":"https:\/\/mula.es\/web\/wp-json\/wp\/v2\/users\/9"}],"replies":[{"embeddable":true,"href":"https:\/\/mula.es\/web\/wp-json\/wp\/v2\/comments?post=43100"}],"version-history":[{"count":1,"href":"https:\/\/mula.es\/web\/wp-json\/wp\/v2\/posts\/43100\/revisions"}],"predecessor-version":[{"id":43102,"href":"https:\/\/mula.es\/web\/wp-json\/wp\/v2\/posts\/43100\/revisions\/43102"}],"wp:featuredmedia":[{"embeddable":true,"href":"https:\/\/mula.es\/web\/wp-json\/wp\/v2\/media\/43101"}],"wp:attachment":[{"href":"https:\/\/mula.es\/web\/wp-json\/wp\/v2\/media?parent=43100"}],"wp:term":[{"taxonomy":"category","embeddable":true,"href":"https:\/\/mula.es\/web\/wp-json\/wp\/v2\/categories?post=43100"},{"taxonomy":"post_tag","embeddable":true,"href":"https:\/\/mula.es\/web\/wp-json\/wp\/v2\/tags?post=43100"}],"curies":[{"name":"wp","href":"https:\/\/api.w.org\/{rel}","templated":true}]}}