{"id":43444,"date":"2022-01-20T14:51:54","date_gmt":"2022-01-20T13:51:54","guid":{"rendered":"https:\/\/mula.es\/web\/?p=43444"},"modified":"2022-01-20T14:52:43","modified_gmt":"2022-01-20T13:52:43","slug":"turismo-el-alcalde-de-mula-y-la-concejala-de-turismo-asisten-al-principal-escaparate-turistico-a-nivel-internacional-fitur-2022-para-la-promocion-de-mula-como-destino-unico-y-de-calidad","status":"publish","type":"post","link":"https:\/\/mula.es\/web\/turismo-el-alcalde-de-mula-y-la-concejala-de-turismo-asisten-al-principal-escaparate-turistico-a-nivel-internacional-fitur-2022-para-la-promocion-de-mula-como-destino-unico-y-de-calidad\/","title":{"rendered":"TURISMO | El Alcalde de Mula y la Concejala de Turismo asisten al principal escaparate tur\u00edstico a nivel internacional, FITUR 2022, para la promoci\u00f3n de Mula como destino \u00fanico y de calidad"},"content":{"rendered":"<p><div class=\"fusion-fullwidth fullwidth-box fusion-builder-row-1 fusion-flex-container nonhundred-percent-fullwidth non-hundred-percent-height-scrolling\" style=\"--awb-border-radius-top-left:0px;--awb-border-radius-top-right:0px;--awb-border-radius-bottom-right:0px;--awb-border-radius-bottom-left:0px;--awb-flex-wrap:wrap;\" ><div class=\"fusion-builder-row fusion-row fusion-flex-align-items-flex-start fusion-flex-content-wrap\" style=\"max-width:1144px;margin-left: calc(-4% \/ 2 );margin-right: calc(-4% \/ 2 );\"><div class=\"fusion-layout-column fusion_builder_column fusion-builder-column-0 fusion_builder_column_1_1 1_1 fusion-flex-column\" style=\"--awb-bg-size:cover;--awb-width-large:100%;--awb-margin-top-large:0px;--awb-spacing-right-large:1.92%;--awb-margin-bottom-large:0px;--awb-spacing-left-large:1.92%;--awb-width-medium:100%;--awb-spacing-right-medium:1.92%;--awb-spacing-left-medium:1.92%;--awb-width-small:100%;--awb-spacing-right-small:1.92%;--awb-spacing-left-small:1.92%;\"><div class=\"fusion-column-wrapper fusion-flex-justify-content-flex-start fusion-content-layout-column\"><div class=\"fusion-text fusion-text-1\"><p style=\"text-align: justify;\">El Alcalde de Mula, Juan Jes\u00fas Moreno, y la Concejala de Turismo, Alejandra Mart\u00ednez, asisten a la Feria Internacional de Turismo que se celebra en Madrid durante los d\u00edas 19 a 23 de enero, con una agenda completa de reuniones con empresas del sector tur\u00edstico.<\/p>\n<p style=\"text-align: justify;\">Un a\u00f1o m\u00e1s, Mula estar\u00e1 presente en la feria de turismo m\u00e1s importante a nivel nacional e internacional, FITUR. Durante 5 d\u00edas la Feria ser\u00e1 un punto de encuentro global para los profesionales del sector tur\u00edstico y para el p\u00fablico en general.<\/p>\n<p style=\"text-align: justify;\">El Alcalde y la Concejala se van a reunir con distintas empresas tur\u00edsticas para promocionar\u00a0 Mula como un destino tur\u00edstico \u00fanico y de calidad, con un rico patrimonio cultural.<\/p>\n<\/div><\/div><\/div><\/div><\/div><div class=\"fusion-fullwidth fullwidth-box fusion-builder-row-2 fusion-flex-container nonhundred-percent-fullwidth non-hundred-percent-height-scrolling\" style=\"--awb-border-radius-top-left:0px;--awb-border-radius-top-right:0px;--awb-border-radius-bottom-right:0px;--awb-border-radius-bottom-left:0px;--awb-flex-wrap:wrap;\" ><div class=\"fusion-builder-row fusion-row fusion-flex-align-items-flex-start fusion-flex-content-wrap\" style=\"max-width:1144px;margin-left: calc(-4% \/ 2 );margin-right: calc(-4% \/ 2 );\"><div class=\"fusion-layout-column fusion_builder_column fusion-builder-column-1 fusion_builder_column_1_2 1_2 fusion-flex-column\" style=\"--awb-bg-size:cover;--awb-width-large:50%;--awb-margin-top-large:0px;--awb-spacing-right-large:3.84%;--awb-margin-bottom-large:20px;--awb-spacing-left-large:3.84%;--awb-width-medium:50%;--awb-order-medium:0;--awb-spacing-right-medium:3.84%;--awb-spacing-left-medium:3.84%;--awb-width-small:100%;--awb-order-small:0;--awb-spacing-right-small:1.92%;--awb-spacing-left-small:1.92%;\"><div class=\"fusion-column-wrapper fusion-column-has-shadow fusion-flex-justify-content-flex-start fusion-content-layout-column\"><div class=\"fusion-text fusion-text-2\" style=\"--awb-text-transform:none;\"><p><a href=\"https:\/\/mula.es\/web\/wp-content\/uploads\/2022\/01\/fitur_2022_1.jpg\"><img decoding=\"async\" data-attachment-id=\"43445\" data-permalink=\"https:\/\/mula.es\/web\/turismo-el-alcalde-de-mula-y-la-concejala-de-turismo-asisten-al-principal-escaparate-turistico-a-nivel-internacional-fitur-2022-para-la-promocion-de-mula-como-destino-unico-y-de-calidad\/fitur_2022_1\/\" data-orig-file=\"https:\/\/mula.es\/web\/wp-content\/uploads\/2022\/01\/fitur_2022_1.jpg\" data-orig-size=\"1512,2016\" data-comments-opened=\"0\" data-image-meta=\"\" data-image-title=\"fitur_2022_1\" data-image-description=\"\" data-image-caption=\"\" data-large-file=\"https:\/\/mula.es\/web\/wp-content\/uploads\/2022\/01\/fitur_2022_1-768x1024.jpg\" class=\"size-large wp-image-43445 aligncenter\" src=\"https:\/\/mula.es\/web\/wp-content\/uploads\/2022\/01\/fitur_2022_1-768x1024.jpg\" alt=\"\" width=\"768\" height=\"1024\" srcset=\"https:\/\/mula.es\/web\/wp-content\/uploads\/2022\/01\/fitur_2022_1-200x267.jpg 200w, https:\/\/mula.es\/web\/wp-content\/uploads\/2022\/01\/fitur_2022_1-225x300.jpg 225w, https:\/\/mula.es\/web\/wp-content\/uploads\/2022\/01\/fitur_2022_1-400x533.jpg 400w, https:\/\/mula.es\/web\/wp-content\/uploads\/2022\/01\/fitur_2022_1-600x800.jpg 600w, https:\/\/mula.es\/web\/wp-content\/uploads\/2022\/01\/fitur_2022_1-768x1024.jpg 768w, https:\/\/mula.es\/web\/wp-content\/uploads\/2022\/01\/fitur_2022_1-800x1067.jpg 800w, https:\/\/mula.es\/web\/wp-content\/uploads\/2022\/01\/fitur_2022_1-1152x1536.jpg 1152w, https:\/\/mula.es\/web\/wp-content\/uploads\/2022\/01\/fitur_2022_1-1200x1600.jpg 1200w, https:\/\/mula.es\/web\/wp-content\/uploads\/2022\/01\/fitur_2022_1.jpg 1512w\" sizes=\"(max-width: 768px) 100vw, 768px\" \/><\/a><\/p>\n<\/div><\/div><\/div><div class=\"fusion-layout-column fusion_builder_column fusion-builder-column-2 fusion_builder_column_1_2 1_2 fusion-flex-column\" style=\"--awb-bg-size:cover;--awb-width-large:50%;--awb-margin-top-large:0px;--awb-spacing-right-large:3.84%;--awb-margin-bottom-large:20px;--awb-spacing-left-large:3.84%;--awb-width-medium:50%;--awb-order-medium:0;--awb-spacing-right-medium:3.84%;--awb-spacing-left-medium:3.84%;--awb-width-small:100%;--awb-order-small:0;--awb-spacing-right-small:1.92%;--awb-spacing-left-small:1.92%;\"><div class=\"fusion-column-wrapper fusion-column-has-shadow fusion-flex-justify-content-flex-start fusion-content-layout-column\"><div class=\"fusion-text fusion-text-3\" style=\"--awb-text-transform:none;\"><p><a href=\"https:\/\/mula.es\/web\/wp-content\/uploads\/2022\/01\/fitur_2022_2.jpg\"><img decoding=\"async\" data-attachment-id=\"43446\" data-permalink=\"https:\/\/mula.es\/web\/turismo-el-alcalde-de-mula-y-la-concejala-de-turismo-asisten-al-principal-escaparate-turistico-a-nivel-internacional-fitur-2022-para-la-promocion-de-mula-como-destino-unico-y-de-calidad\/fitur_2022_2\/\" data-orig-file=\"https:\/\/mula.es\/web\/wp-content\/uploads\/2022\/01\/fitur_2022_2.jpg\" data-orig-size=\"1512,2016\" data-comments-opened=\"0\" data-image-meta=\"\" data-image-title=\"fitur_2022_2\" data-image-description=\"\" data-image-caption=\"\" data-large-file=\"https:\/\/mula.es\/web\/wp-content\/uploads\/2022\/01\/fitur_2022_2-768x1024.jpg\" class=\"size-large wp-image-43446 aligncenter\" src=\"https:\/\/mula.es\/web\/wp-content\/uploads\/2022\/01\/fitur_2022_2-768x1024.jpg\" alt=\"\" width=\"768\" height=\"1024\" srcset=\"https:\/\/mula.es\/web\/wp-content\/uploads\/2022\/01\/fitur_2022_2-200x267.jpg 200w, https:\/\/mula.es\/web\/wp-content\/uploads\/2022\/01\/fitur_2022_2-225x300.jpg 225w, https:\/\/mula.es\/web\/wp-content\/uploads\/2022\/01\/fitur_2022_2-400x533.jpg 400w, https:\/\/mula.es\/web\/wp-content\/uploads\/2022\/01\/fitur_2022_2-600x800.jpg 600w, https:\/\/mula.es\/web\/wp-content\/uploads\/2022\/01\/fitur_2022_2-768x1024.jpg 768w, https:\/\/mula.es\/web\/wp-content\/uploads\/2022\/01\/fitur_2022_2-800x1067.jpg 800w, https:\/\/mula.es\/web\/wp-content\/uploads\/2022\/01\/fitur_2022_2-1152x1536.jpg 1152w, https:\/\/mula.es\/web\/wp-content\/uploads\/2022\/01\/fitur_2022_2-1200x1600.jpg 1200w, https:\/\/mula.es\/web\/wp-content\/uploads\/2022\/01\/fitur_2022_2.jpg 1512w\" sizes=\"(max-width: 768px) 100vw, 768px\" \/><\/a><\/p>\n<\/div><\/div><\/div><\/div><\/div><\/p>\n","protected":false},"excerpt":{"rendered":"","protected":false},"author":9,"featured_media":43447,"comment_status":"closed","ping_status":"closed","sticky":false,"template":"","format":"standard","meta":{"jetpack_post_was_ever_published":false,"_jetpack_newsletter_access":"","_jetpack_dont_email_post_to_subs":false,"_jetpack_newsletter_tier_id":0,"_jetpack_memberships_contains_paywalled_content":false,"_jetpack_memberships_contains_paid_content":false,"footnotes":"","jetpack_publicize_message":"","jetpack_publicize_feature_enabled":true,"jetpack_social_post_already_shared":false,"jetpack_social_options":{"image_generator_settings":{"template":"highway","default_image_id":0,"font":"","enabled":false},"version":2}},"categories":[75],"tags":[731],"class_list":["post-43444","post","type-post","status-publish","format-standard","has-post-thumbnail","hentry","category-turismo","tag-fitur"],"yoast_head":"<!-- This site is optimized with the Yoast SEO plugin v27.5 - https:\/\/yoast.com\/product\/yoast-seo-wordpress\/ -->\n<title>TURISMO | El Alcalde de Mula y la Concejala de Turismo asisten al principal escaparate tur\u00edstico a nivel internacional, FITUR 2022, para la promoci\u00f3n de Mula como destino \u00fanico y de calidad - Ayuntamiento de Mula<\/title>\n<meta name=\"robots\" content=\"index, follow, max-snippet:-1, max-image-preview:large, max-video-preview:-1\" \/>\n<link rel=\"canonical\" href=\"https:\/\/mula.es\/web\/turismo-el-alcalde-de-mula-y-la-concejala-de-turismo-asisten-al-principal-escaparate-turistico-a-nivel-internacional-fitur-2022-para-la-promocion-de-mula-como-destino-unico-y-de-calidad\/\" \/>\n<meta property=\"og:locale\" content=\"es_ES\" \/>\n<meta property=\"og:type\" content=\"article\" \/>\n<meta property=\"og:title\" content=\"TURISMO | El Alcalde de Mula y la Concejala de Turismo asisten al principal escaparate tur\u00edstico a nivel internacional, FITUR 2022, para la promoci\u00f3n de Mula como destino \u00fanico y de calidad - Ayuntamiento de Mula\" \/>\n<meta property=\"og:url\" content=\"https:\/\/mula.es\/web\/turismo-el-alcalde-de-mula-y-la-concejala-de-turismo-asisten-al-principal-escaparate-turistico-a-nivel-internacional-fitur-2022-para-la-promocion-de-mula-como-destino-unico-y-de-calidad\/\" \/>\n<meta property=\"og:site_name\" content=\"Ayuntamiento de Mula\" \/>\n<meta property=\"article:published_time\" content=\"2022-01-20T13:51:54+00:00\" \/>\n<meta property=\"article:modified_time\" content=\"2022-01-20T13:52:43+00:00\" \/>\n<meta property=\"og:image\" content=\"https:\/\/i0.wp.com\/mula.es\/web\/wp-content\/uploads\/2022\/01\/fitur_2022_3.jpg?fit=1024%2C683&ssl=1\" \/>\n\t<meta property=\"og:image:width\" content=\"1024\" \/>\n\t<meta property=\"og:image:height\" content=\"683\" \/>\n\t<meta property=\"og:image:type\" content=\"image\/jpeg\" \/>\n<meta name=\"author\" content=\"Rosario Mart\u00ednez\" \/>\n<meta name=\"twitter:card\" content=\"summary_large_image\" \/>\n<meta name=\"twitter:image\" content=\"https:\/\/mula.es\/web\/wp-content\/uploads\/2020\/06\/escudo-cuadrado-e1591045058235.jpg\" \/>\n<meta name=\"twitter:creator\" content=\"@AyuntamientMula\" \/>\n<meta name=\"twitter:site\" content=\"@AyuntamientMula\" \/>\n<meta name=\"twitter:label1\" content=\"Escrito por\" \/>\n\t<meta name=\"twitter:data1\" content=\"Rosario Mart\u00ednez\" \/>\n\t<meta name=\"twitter:label2\" content=\"Tiempo de lectura\" \/>\n\t<meta name=\"twitter:data2\" content=\"6 minutos\" \/>\n<script type=\"application\/ld+json\" class=\"yoast-schema-graph\">{\"@context\":\"https:\\\/\\\/schema.org\",\"@graph\":[{\"@type\":\"Article\",\"@id\":\"https:\\\/\\\/mula.es\\\/web\\\/turismo-el-alcalde-de-mula-y-la-concejala-de-turismo-asisten-al-principal-escaparate-turistico-a-nivel-internacional-fitur-2022-para-la-promocion-de-mula-como-destino-unico-y-de-calidad\\\/#article\",\"isPartOf\":{\"@id\":\"https:\\\/\\\/mula.es\\\/web\\\/turismo-el-alcalde-de-mula-y-la-concejala-de-turismo-asisten-al-principal-escaparate-turistico-a-nivel-internacional-fitur-2022-para-la-promocion-de-mula-como-destino-unico-y-de-calidad\\\/\"},\"author\":{\"name\":\"Rosario Mart\u00ednez\",\"@id\":\"https:\\\/\\\/mula.es\\\/web\\\/#\\\/schema\\\/person\\\/f8d63bd3ab6e7b025268b909b7ab0771\"},\"headline\":\"TURISMO | El Alcalde de Mula y la Concejala de Turismo asisten al principal escaparate tur\u00edstico a nivel internacional, FITUR 2022, para la promoci\u00f3n de Mula como destino \u00fanico y de calidad\",\"datePublished\":\"2022-01-20T13:51:54+00:00\",\"dateModified\":\"2022-01-20T13:52:43+00:00\",\"mainEntityOfPage\":{\"@id\":\"https:\\\/\\\/mula.es\\\/web\\\/turismo-el-alcalde-de-mula-y-la-concejala-de-turismo-asisten-al-principal-escaparate-turistico-a-nivel-internacional-fitur-2022-para-la-promocion-de-mula-como-destino-unico-y-de-calidad\\\/\"},\"wordCount\":1251,\"image\":{\"@id\":\"https:\\\/\\\/mula.es\\\/web\\\/turismo-el-alcalde-de-mula-y-la-concejala-de-turismo-asisten-al-principal-escaparate-turistico-a-nivel-internacional-fitur-2022-para-la-promocion-de-mula-como-destino-unico-y-de-calidad\\\/#primaryimage\"},\"thumbnailUrl\":\"https:\\\/\\\/mula.es\\\/web\\\/wp-content\\\/uploads\\\/2022\\\/01\\\/fitur_2022_3.jpg\",\"keywords\":[\"fitur\"],\"articleSection\":[\"turismo\"],\"inLanguage\":\"es\"},{\"@type\":\"WebPage\",\"@id\":\"https:\\\/\\\/mula.es\\\/web\\\/turismo-el-alcalde-de-mula-y-la-concejala-de-turismo-asisten-al-principal-escaparate-turistico-a-nivel-internacional-fitur-2022-para-la-promocion-de-mula-como-destino-unico-y-de-calidad\\\/\",\"url\":\"https:\\\/\\\/mula.es\\\/web\\\/turismo-el-alcalde-de-mula-y-la-concejala-de-turismo-asisten-al-principal-escaparate-turistico-a-nivel-internacional-fitur-2022-para-la-promocion-de-mula-como-destino-unico-y-de-calidad\\\/\",\"name\":\"TURISMO | El Alcalde de Mula y la Concejala de Turismo asisten al principal escaparate tur\u00edstico a nivel internacional, FITUR 2022, para la promoci\u00f3n de Mula como destino \u00fanico y de calidad - Ayuntamiento de Mula\",\"isPartOf\":{\"@id\":\"https:\\\/\\\/mula.es\\\/web\\\/#website\"},\"primaryImageOfPage\":{\"@id\":\"https:\\\/\\\/mula.es\\\/web\\\/turismo-el-alcalde-de-mula-y-la-concejala-de-turismo-asisten-al-principal-escaparate-turistico-a-nivel-internacional-fitur-2022-para-la-promocion-de-mula-como-destino-unico-y-de-calidad\\\/#primaryimage\"},\"image\":{\"@id\":\"https:\\\/\\\/mula.es\\\/web\\\/turismo-el-alcalde-de-mula-y-la-concejala-de-turismo-asisten-al-principal-escaparate-turistico-a-nivel-internacional-fitur-2022-para-la-promocion-de-mula-como-destino-unico-y-de-calidad\\\/#primaryimage\"},\"thumbnailUrl\":\"https:\\\/\\\/mula.es\\\/web\\\/wp-content\\\/uploads\\\/2022\\\/01\\\/fitur_2022_3.jpg\",\"datePublished\":\"2022-01-20T13:51:54+00:00\",\"dateModified\":\"2022-01-20T13:52:43+00:00\",\"author\":{\"@id\":\"https:\\\/\\\/mula.es\\\/web\\\/#\\\/schema\\\/person\\\/f8d63bd3ab6e7b025268b909b7ab0771\"},\"breadcrumb\":{\"@id\":\"https:\\\/\\\/mula.es\\\/web\\\/turismo-el-alcalde-de-mula-y-la-concejala-de-turismo-asisten-al-principal-escaparate-turistico-a-nivel-internacional-fitur-2022-para-la-promocion-de-mula-como-destino-unico-y-de-calidad\\\/#breadcrumb\"},\"inLanguage\":\"es\",\"potentialAction\":[{\"@type\":\"ReadAction\",\"target\":[\"https:\\\/\\\/mula.es\\\/web\\\/turismo-el-alcalde-de-mula-y-la-concejala-de-turismo-asisten-al-principal-escaparate-turistico-a-nivel-internacional-fitur-2022-para-la-promocion-de-mula-como-destino-unico-y-de-calidad\\\/\"]}]},{\"@type\":\"ImageObject\",\"inLanguage\":\"es\",\"@id\":\"https:\\\/\\\/mula.es\\\/web\\\/turismo-el-alcalde-de-mula-y-la-concejala-de-turismo-asisten-al-principal-escaparate-turistico-a-nivel-internacional-fitur-2022-para-la-promocion-de-mula-como-destino-unico-y-de-calidad\\\/#primaryimage\",\"url\":\"https:\\\/\\\/mula.es\\\/web\\\/wp-content\\\/uploads\\\/2022\\\/01\\\/fitur_2022_3.jpg\",\"contentUrl\":\"https:\\\/\\\/mula.es\\\/web\\\/wp-content\\\/uploads\\\/2022\\\/01\\\/fitur_2022_3.jpg\",\"width\":1024,\"height\":683},{\"@type\":\"BreadcrumbList\",\"@id\":\"https:\\\/\\\/mula.es\\\/web\\\/turismo-el-alcalde-de-mula-y-la-concejala-de-turismo-asisten-al-principal-escaparate-turistico-a-nivel-internacional-fitur-2022-para-la-promocion-de-mula-como-destino-unico-y-de-calidad\\\/#breadcrumb\",\"itemListElement\":[{\"@type\":\"ListItem\",\"position\":1,\"name\":\"Portada\",\"item\":\"https:\\\/\\\/mula.es\\\/web\\\/\"},{\"@type\":\"ListItem\",\"position\":2,\"name\":\"TURISMO | El Alcalde de Mula y la Concejala de Turismo asisten al principal escaparate tur\u00edstico a nivel internacional, FITUR 2022, para la promoci\u00f3n de Mula como destino \u00fanico y de calidad\"}]},{\"@type\":\"WebSite\",\"@id\":\"https:\\\/\\\/mula.es\\\/web\\\/#website\",\"url\":\"https:\\\/\\\/mula.es\\\/web\\\/\",\"name\":\"Ayuntamiento de Mula\",\"description\":\"P\u00e1gina web del Ayuntamiento de Mula (Regi\u00f3n de Murcia)\",\"potentialAction\":[{\"@type\":\"SearchAction\",\"target\":{\"@type\":\"EntryPoint\",\"urlTemplate\":\"https:\\\/\\\/mula.es\\\/web\\\/?s={search_term_string}\"},\"query-input\":{\"@type\":\"PropertyValueSpecification\",\"valueRequired\":true,\"valueName\":\"search_term_string\"}}],\"inLanguage\":\"es\"},{\"@type\":\"Person\",\"@id\":\"https:\\\/\\\/mula.es\\\/web\\\/#\\\/schema\\\/person\\\/f8d63bd3ab6e7b025268b909b7ab0771\",\"name\":\"Rosario Mart\u00ednez\",\"image\":{\"@type\":\"ImageObject\",\"inLanguage\":\"es\",\"@id\":\"https:\\\/\\\/secure.gravatar.com\\\/avatar\\\/ce916b980ac93e5b1d36e6068357675d4e089a572ebc8789fcb807c2fb2edfef?s=96&d=mm&r=g\",\"url\":\"https:\\\/\\\/secure.gravatar.com\\\/avatar\\\/ce916b980ac93e5b1d36e6068357675d4e089a572ebc8789fcb807c2fb2edfef?s=96&d=mm&r=g\",\"contentUrl\":\"https:\\\/\\\/secure.gravatar.com\\\/avatar\\\/ce916b980ac93e5b1d36e6068357675d4e089a572ebc8789fcb807c2fb2edfef?s=96&d=mm&r=g\",\"caption\":\"Rosario Mart\u00ednez\"},\"url\":\"https:\\\/\\\/mula.es\\\/web\\\/author\\\/rmartinez\\\/\"}]}<\/script>\n<!-- \/ Yoast SEO plugin. -->","yoast_head_json":{"title":"TURISMO | El Alcalde de Mula y la Concejala de Turismo asisten al principal escaparate tur\u00edstico a nivel internacional, FITUR 2022, para la promoci\u00f3n de Mula como destino \u00fanico y de calidad - Ayuntamiento de Mula","robots":{"index":"index","follow":"follow","max-snippet":"max-snippet:-1","max-image-preview":"max-image-preview:large","max-video-preview":"max-video-preview:-1"},"canonical":"https:\/\/mula.es\/web\/turismo-el-alcalde-de-mula-y-la-concejala-de-turismo-asisten-al-principal-escaparate-turistico-a-nivel-internacional-fitur-2022-para-la-promocion-de-mula-como-destino-unico-y-de-calidad\/","og_locale":"es_ES","og_type":"article","og_title":"TURISMO | El Alcalde de Mula y la Concejala de Turismo asisten al principal escaparate tur\u00edstico a nivel internacional, FITUR 2022, para la promoci\u00f3n de Mula como destino \u00fanico y de calidad - Ayuntamiento de Mula","og_url":"https:\/\/mula.es\/web\/turismo-el-alcalde-de-mula-y-la-concejala-de-turismo-asisten-al-principal-escaparate-turistico-a-nivel-internacional-fitur-2022-para-la-promocion-de-mula-como-destino-unico-y-de-calidad\/","og_site_name":"Ayuntamiento de Mula","article_published_time":"2022-01-20T13:51:54+00:00","article_modified_time":"2022-01-20T13:52:43+00:00","og_image":[{"width":1024,"height":683,"url":"https:\/\/i0.wp.com\/mula.es\/web\/wp-content\/uploads\/2022\/01\/fitur_2022_3.jpg?fit=1024%2C683&ssl=1","type":"image\/jpeg"}],"author":"Rosario Mart\u00ednez","twitter_card":"summary_large_image","twitter_image":"https:\/\/mula.es\/web\/wp-content\/uploads\/2020\/06\/escudo-cuadrado-e1591045058235.jpg","twitter_creator":"@AyuntamientMula","twitter_site":"@AyuntamientMula","twitter_misc":{"Escrito por":"Rosario Mart\u00ednez","Tiempo de lectura":"6 minutos"},"schema":{"@context":"https:\/\/schema.org","@graph":[{"@type":"Article","@id":"https:\/\/mula.es\/web\/turismo-el-alcalde-de-mula-y-la-concejala-de-turismo-asisten-al-principal-escaparate-turistico-a-nivel-internacional-fitur-2022-para-la-promocion-de-mula-como-destino-unico-y-de-calidad\/#article","isPartOf":{"@id":"https:\/\/mula.es\/web\/turismo-el-alcalde-de-mula-y-la-concejala-de-turismo-asisten-al-principal-escaparate-turistico-a-nivel-internacional-fitur-2022-para-la-promocion-de-mula-como-destino-unico-y-de-calidad\/"},"author":{"name":"Rosario Mart\u00ednez","@id":"https:\/\/mula.es\/web\/#\/schema\/person\/f8d63bd3ab6e7b025268b909b7ab0771"},"headline":"TURISMO | El Alcalde de Mula y la Concejala de Turismo asisten al principal escaparate tur\u00edstico a nivel internacional, FITUR 2022, para la promoci\u00f3n de Mula como destino \u00fanico y de calidad","datePublished":"2022-01-20T13:51:54+00:00","dateModified":"2022-01-20T13:52:43+00:00","mainEntityOfPage":{"@id":"https:\/\/mula.es\/web\/turismo-el-alcalde-de-mula-y-la-concejala-de-turismo-asisten-al-principal-escaparate-turistico-a-nivel-internacional-fitur-2022-para-la-promocion-de-mula-como-destino-unico-y-de-calidad\/"},"wordCount":1251,"image":{"@id":"https:\/\/mula.es\/web\/turismo-el-alcalde-de-mula-y-la-concejala-de-turismo-asisten-al-principal-escaparate-turistico-a-nivel-internacional-fitur-2022-para-la-promocion-de-mula-como-destino-unico-y-de-calidad\/#primaryimage"},"thumbnailUrl":"https:\/\/mula.es\/web\/wp-content\/uploads\/2022\/01\/fitur_2022_3.jpg","keywords":["fitur"],"articleSection":["turismo"],"inLanguage":"es"},{"@type":"WebPage","@id":"https:\/\/mula.es\/web\/turismo-el-alcalde-de-mula-y-la-concejala-de-turismo-asisten-al-principal-escaparate-turistico-a-nivel-internacional-fitur-2022-para-la-promocion-de-mula-como-destino-unico-y-de-calidad\/","url":"https:\/\/mula.es\/web\/turismo-el-alcalde-de-mula-y-la-concejala-de-turismo-asisten-al-principal-escaparate-turistico-a-nivel-internacional-fitur-2022-para-la-promocion-de-mula-como-destino-unico-y-de-calidad\/","name":"TURISMO | El Alcalde de Mula y la Concejala de Turismo asisten al principal escaparate tur\u00edstico a nivel internacional, FITUR 2022, para la promoci\u00f3n de Mula como destino \u00fanico y de calidad - Ayuntamiento de Mula","isPartOf":{"@id":"https:\/\/mula.es\/web\/#website"},"primaryImageOfPage":{"@id":"https:\/\/mula.es\/web\/turismo-el-alcalde-de-mula-y-la-concejala-de-turismo-asisten-al-principal-escaparate-turistico-a-nivel-internacional-fitur-2022-para-la-promocion-de-mula-como-destino-unico-y-de-calidad\/#primaryimage"},"image":{"@id":"https:\/\/mula.es\/web\/turismo-el-alcalde-de-mula-y-la-concejala-de-turismo-asisten-al-principal-escaparate-turistico-a-nivel-internacional-fitur-2022-para-la-promocion-de-mula-como-destino-unico-y-de-calidad\/#primaryimage"},"thumbnailUrl":"https:\/\/mula.es\/web\/wp-content\/uploads\/2022\/01\/fitur_2022_3.jpg","datePublished":"2022-01-20T13:51:54+00:00","dateModified":"2022-01-20T13:52:43+00:00","author":{"@id":"https:\/\/mula.es\/web\/#\/schema\/person\/f8d63bd3ab6e7b025268b909b7ab0771"},"breadcrumb":{"@id":"https:\/\/mula.es\/web\/turismo-el-alcalde-de-mula-y-la-concejala-de-turismo-asisten-al-principal-escaparate-turistico-a-nivel-internacional-fitur-2022-para-la-promocion-de-mula-como-destino-unico-y-de-calidad\/#breadcrumb"},"inLanguage":"es","potentialAction":[{"@type":"ReadAction","target":["https:\/\/mula.es\/web\/turismo-el-alcalde-de-mula-y-la-concejala-de-turismo-asisten-al-principal-escaparate-turistico-a-nivel-internacional-fitur-2022-para-la-promocion-de-mula-como-destino-unico-y-de-calidad\/"]}]},{"@type":"ImageObject","inLanguage":"es","@id":"https:\/\/mula.es\/web\/turismo-el-alcalde-de-mula-y-la-concejala-de-turismo-asisten-al-principal-escaparate-turistico-a-nivel-internacional-fitur-2022-para-la-promocion-de-mula-como-destino-unico-y-de-calidad\/#primaryimage","url":"https:\/\/mula.es\/web\/wp-content\/uploads\/2022\/01\/fitur_2022_3.jpg","contentUrl":"https:\/\/mula.es\/web\/wp-content\/uploads\/2022\/01\/fitur_2022_3.jpg","width":1024,"height":683},{"@type":"BreadcrumbList","@id":"https:\/\/mula.es\/web\/turismo-el-alcalde-de-mula-y-la-concejala-de-turismo-asisten-al-principal-escaparate-turistico-a-nivel-internacional-fitur-2022-para-la-promocion-de-mula-como-destino-unico-y-de-calidad\/#breadcrumb","itemListElement":[{"@type":"ListItem","position":1,"name":"Portada","item":"https:\/\/mula.es\/web\/"},{"@type":"ListItem","position":2,"name":"TURISMO | El Alcalde de Mula y la Concejala de Turismo asisten al principal escaparate tur\u00edstico a nivel internacional, FITUR 2022, para la promoci\u00f3n de Mula como destino \u00fanico y de calidad"}]},{"@type":"WebSite","@id":"https:\/\/mula.es\/web\/#website","url":"https:\/\/mula.es\/web\/","name":"Ayuntamiento de Mula","description":"P\u00e1gina web del Ayuntamiento de Mula (Regi\u00f3n de Murcia)","potentialAction":[{"@type":"SearchAction","target":{"@type":"EntryPoint","urlTemplate":"https:\/\/mula.es\/web\/?s={search_term_string}"},"query-input":{"@type":"PropertyValueSpecification","valueRequired":true,"valueName":"search_term_string"}}],"inLanguage":"es"},{"@type":"Person","@id":"https:\/\/mula.es\/web\/#\/schema\/person\/f8d63bd3ab6e7b025268b909b7ab0771","name":"Rosario Mart\u00ednez","image":{"@type":"ImageObject","inLanguage":"es","@id":"https:\/\/secure.gravatar.com\/avatar\/ce916b980ac93e5b1d36e6068357675d4e089a572ebc8789fcb807c2fb2edfef?s=96&d=mm&r=g","url":"https:\/\/secure.gravatar.com\/avatar\/ce916b980ac93e5b1d36e6068357675d4e089a572ebc8789fcb807c2fb2edfef?s=96&d=mm&r=g","contentUrl":"https:\/\/secure.gravatar.com\/avatar\/ce916b980ac93e5b1d36e6068357675d4e089a572ebc8789fcb807c2fb2edfef?s=96&d=mm&r=g","caption":"Rosario Mart\u00ednez"},"url":"https:\/\/mula.es\/web\/author\/rmartinez\/"}]}},"jetpack_publicize_connections":[],"jetpack_featured_media_url":"https:\/\/mula.es\/web\/wp-content\/uploads\/2022\/01\/fitur_2022_3.jpg","jetpack_sharing_enabled":true,"jetpack_shortlink":"https:\/\/wp.me\/pa9DMY-biI","jetpack-related-posts":[],"_links":{"self":[{"href":"https:\/\/mula.es\/web\/wp-json\/wp\/v2\/posts\/43444","targetHints":{"allow":["GET"]}}],"collection":[{"href":"https:\/\/mula.es\/web\/wp-json\/wp\/v2\/posts"}],"about":[{"href":"https:\/\/mula.es\/web\/wp-json\/wp\/v2\/types\/post"}],"author":[{"embeddable":true,"href":"https:\/\/mula.es\/web\/wp-json\/wp\/v2\/users\/9"}],"replies":[{"embeddable":true,"href":"https:\/\/mula.es\/web\/wp-json\/wp\/v2\/comments?post=43444"}],"version-history":[{"count":2,"href":"https:\/\/mula.es\/web\/wp-json\/wp\/v2\/posts\/43444\/revisions"}],"predecessor-version":[{"id":43449,"href":"https:\/\/mula.es\/web\/wp-json\/wp\/v2\/posts\/43444\/revisions\/43449"}],"wp:featuredmedia":[{"embeddable":true,"href":"https:\/\/mula.es\/web\/wp-json\/wp\/v2\/media\/43447"}],"wp:attachment":[{"href":"https:\/\/mula.es\/web\/wp-json\/wp\/v2\/media?parent=43444"}],"wp:term":[{"taxonomy":"category","embeddable":true,"href":"https:\/\/mula.es\/web\/wp-json\/wp\/v2\/categories?post=43444"},{"taxonomy":"post_tag","embeddable":true,"href":"https:\/\/mula.es\/web\/wp-json\/wp\/v2\/tags?post=43444"}],"curies":[{"name":"wp","href":"https:\/\/api.w.org\/{rel}","templated":true}]}}