{"id":43463,"date":"2022-01-21T13:07:59","date_gmt":"2022-01-21T12:07:59","guid":{"rendered":"https:\/\/mula.es\/web\/?p=43463"},"modified":"2022-01-21T13:20:56","modified_gmt":"2022-01-21T12:20:56","slug":"turismo-presentacion-de-la-campana-turistica-del-municipio-de-mula-2022-en-fitur-21-de-enero-a-las-1715-h","status":"publish","type":"post","link":"https:\/\/mula.es\/web\/turismo-presentacion-de-la-campana-turistica-del-municipio-de-mula-2022-en-fitur-21-de-enero-a-las-1715-h\/","title":{"rendered":"TURISMO | Presentaci\u00f3n de la Campa\u00f1a Tur\u00edstica del municipio de Mula 2022 en FITUR &#8211; 21 de enero a las 17:15 h."},"content":{"rendered":"<p style=\"text-align: justify;\">Hoy, viernes 21 de enero de 2022, a las 17:15 h. se va a presentar <span data-offset-key=\"fgm97-0-0\">la Campa\u00f1a Tur\u00edstica del municipio de <\/span><span data-offset-key=\"fgm97-1-0\">Mula<\/span> 2022 en directo a trav\u00e9s del canal <a href=\"http:\/\/www.regiondemurciaenfitur.es\/\" target=\"_blank\" rel=\"noopener\" data-saferedirecturl=\"https:\/\/www.google.com\/url?q=http:\/\/www.regiondemurciaenfitur.es&amp;source=gmail&amp;ust=1642850193770000&amp;usg=AOvVaw3WfLKK2LrRrejWmitusJa2\">www.regiondemurciaenfitur.es<\/a><\/p>\n<p>&nbsp;<\/p>\n<p>Pincha aqu\u00ed para acceder a la retransmisi\u00f3n:<\/p>\n<p>&nbsp;<\/p>\n<div class=\"video-shortcode\"><iframe title=\"FITUR 2022 | REGI\u00d3N DE MURCIA | VIERNES 21\" width=\"1100\" height=\"825\" src=\"https:\/\/www.youtube.com\/embed\/b3tH8duRF8Y?feature=oembed\" frameborder=\"0\" allow=\"accelerometer; autoplay; clipboard-write; encrypted-media; gyroscope; picture-in-picture\" allowfullscreen><\/iframe><\/div>\n","protected":false},"excerpt":{"rendered":"<p>Hoy, viernes 21 de enero de 2022, a las 17:15 h. se va a presentar la Campa\u00f1a Tur\u00edstica del municipio de Mula 2022 en directo a trav\u00e9s del canal www.regiondemurciaenfitur.es &nbsp; Pincha aqu\u00ed para acceder a la retransmisi\u00f3n: &nbsp;<\/p>\n","protected":false},"author":9,"featured_media":14276,"comment_status":"closed","ping_status":"closed","sticky":false,"template":"","format":"standard","meta":{"jetpack_post_was_ever_published":false,"_jetpack_newsletter_access":"","_jetpack_dont_email_post_to_subs":false,"_jetpack_newsletter_tier_id":0,"_jetpack_memberships_contains_paywalled_content":false,"_jetpack_memberships_contains_paid_content":false,"footnotes":"","jetpack_publicize_message":"","jetpack_publicize_feature_enabled":true,"jetpack_social_post_already_shared":false,"jetpack_social_options":{"image_generator_settings":{"template":"highway","default_image_id":0,"font":"","enabled":false},"version":2}},"categories":[75],"tags":[731,372],"class_list":["post-43463","post","type-post","status-publish","format-standard","has-post-thumbnail","hentry","category-turismo","tag-fitur","tag-la-noche-de-los-tambores"],"yoast_head":"<!-- This site is optimized with the Yoast SEO plugin v27.5 - https:\/\/yoast.com\/product\/yoast-seo-wordpress\/ -->\n<title>TURISMO | Presentaci\u00f3n de la Campa\u00f1a Tur\u00edstica del municipio de Mula 2022 en FITUR - 21 de enero a las 17:15 h. - Ayuntamiento de Mula<\/title>\n<meta name=\"robots\" content=\"index, follow, max-snippet:-1, max-image-preview:large, max-video-preview:-1\" \/>\n<link rel=\"canonical\" href=\"https:\/\/mula.es\/web\/turismo-presentacion-de-la-campana-turistica-del-municipio-de-mula-2022-en-fitur-21-de-enero-a-las-1715-h\/\" \/>\n<meta property=\"og:locale\" content=\"es_ES\" \/>\n<meta property=\"og:type\" content=\"article\" \/>\n<meta property=\"og:title\" content=\"TURISMO | Presentaci\u00f3n de la Campa\u00f1a Tur\u00edstica del municipio de Mula 2022 en FITUR - 21 de enero a las 17:15 h. - Ayuntamiento de Mula\" \/>\n<meta property=\"og:description\" content=\"Hoy, viernes 21 de enero de 2022, a las 17:15 h. se va a presentar la Campa\u00f1a Tur\u00edstica del municipio de Mula 2022 en directo a trav\u00e9s del canal www.regiondemurciaenfitur.es &nbsp; Pincha aqu\u00ed para acceder a la retransmisi\u00f3n: &nbsp;\" \/>\n<meta property=\"og:url\" content=\"https:\/\/mula.es\/web\/turismo-presentacion-de-la-campana-turistica-del-municipio-de-mula-2022-en-fitur-21-de-enero-a-las-1715-h\/\" \/>\n<meta property=\"og:site_name\" content=\"Ayuntamiento de Mula\" \/>\n<meta property=\"article:published_time\" content=\"2022-01-21T12:07:59+00:00\" \/>\n<meta property=\"article:modified_time\" content=\"2022-01-21T12:20:56+00:00\" \/>\n<meta property=\"og:image\" content=\"https:\/\/i0.wp.com\/mula.es\/web\/wp-content\/uploads\/2016\/02\/TURISMO-COLOR.png?fit=565%2C472&ssl=1\" \/>\n\t<meta property=\"og:image:width\" content=\"565\" \/>\n\t<meta property=\"og:image:height\" content=\"472\" \/>\n\t<meta property=\"og:image:type\" content=\"image\/png\" \/>\n<meta name=\"author\" content=\"Rosario Mart\u00ednez\" \/>\n<meta name=\"twitter:card\" content=\"summary_large_image\" \/>\n<meta name=\"twitter:image\" content=\"https:\/\/mula.es\/web\/wp-content\/uploads\/2020\/06\/cropped-escudo-cuadrado.jpg\" \/>\n<meta name=\"twitter:creator\" content=\"@AyuntamientMula\" \/>\n<meta name=\"twitter:site\" content=\"@AyuntamientMula\" \/>\n<meta name=\"twitter:label1\" content=\"Escrito por\" \/>\n\t<meta name=\"twitter:data1\" content=\"Rosario Mart\u00ednez\" \/>\n\t<meta name=\"twitter:label2\" content=\"Tiempo de lectura\" \/>\n\t<meta name=\"twitter:data2\" content=\"1 minuto\" \/>\n<script type=\"application\/ld+json\" class=\"yoast-schema-graph\">{\"@context\":\"https:\\\/\\\/schema.org\",\"@graph\":[{\"@type\":\"Article\",\"@id\":\"https:\\\/\\\/mula.es\\\/web\\\/turismo-presentacion-de-la-campana-turistica-del-municipio-de-mula-2022-en-fitur-21-de-enero-a-las-1715-h\\\/#article\",\"isPartOf\":{\"@id\":\"https:\\\/\\\/mula.es\\\/web\\\/turismo-presentacion-de-la-campana-turistica-del-municipio-de-mula-2022-en-fitur-21-de-enero-a-las-1715-h\\\/\"},\"author\":{\"name\":\"Rosario Mart\u00ednez\",\"@id\":\"https:\\\/\\\/mula.es\\\/web\\\/#\\\/schema\\\/person\\\/f8d63bd3ab6e7b025268b909b7ab0771\"},\"headline\":\"TURISMO | Presentaci\u00f3n de la Campa\u00f1a Tur\u00edstica del municipio de Mula 2022 en FITUR &#8211; 21 de enero a las 17:15 h.\",\"datePublished\":\"2022-01-21T12:07:59+00:00\",\"dateModified\":\"2022-01-21T12:20:56+00:00\",\"mainEntityOfPage\":{\"@id\":\"https:\\\/\\\/mula.es\\\/web\\\/turismo-presentacion-de-la-campana-turistica-del-municipio-de-mula-2022-en-fitur-21-de-enero-a-las-1715-h\\\/\"},\"wordCount\":69,\"image\":{\"@id\":\"https:\\\/\\\/mula.es\\\/web\\\/turismo-presentacion-de-la-campana-turistica-del-municipio-de-mula-2022-en-fitur-21-de-enero-a-las-1715-h\\\/#primaryimage\"},\"thumbnailUrl\":\"https:\\\/\\\/mula.es\\\/web\\\/wp-content\\\/uploads\\\/2016\\\/02\\\/TURISMO-COLOR.png\",\"keywords\":[\"fitur\",\"la noche de los tambores\"],\"articleSection\":[\"turismo\"],\"inLanguage\":\"es\"},{\"@type\":\"WebPage\",\"@id\":\"https:\\\/\\\/mula.es\\\/web\\\/turismo-presentacion-de-la-campana-turistica-del-municipio-de-mula-2022-en-fitur-21-de-enero-a-las-1715-h\\\/\",\"url\":\"https:\\\/\\\/mula.es\\\/web\\\/turismo-presentacion-de-la-campana-turistica-del-municipio-de-mula-2022-en-fitur-21-de-enero-a-las-1715-h\\\/\",\"name\":\"TURISMO | Presentaci\u00f3n de la Campa\u00f1a Tur\u00edstica del municipio de Mula 2022 en FITUR - 21 de enero a las 17:15 h. - Ayuntamiento de Mula\",\"isPartOf\":{\"@id\":\"https:\\\/\\\/mula.es\\\/web\\\/#website\"},\"primaryImageOfPage\":{\"@id\":\"https:\\\/\\\/mula.es\\\/web\\\/turismo-presentacion-de-la-campana-turistica-del-municipio-de-mula-2022-en-fitur-21-de-enero-a-las-1715-h\\\/#primaryimage\"},\"image\":{\"@id\":\"https:\\\/\\\/mula.es\\\/web\\\/turismo-presentacion-de-la-campana-turistica-del-municipio-de-mula-2022-en-fitur-21-de-enero-a-las-1715-h\\\/#primaryimage\"},\"thumbnailUrl\":\"https:\\\/\\\/mula.es\\\/web\\\/wp-content\\\/uploads\\\/2016\\\/02\\\/TURISMO-COLOR.png\",\"datePublished\":\"2022-01-21T12:07:59+00:00\",\"dateModified\":\"2022-01-21T12:20:56+00:00\",\"author\":{\"@id\":\"https:\\\/\\\/mula.es\\\/web\\\/#\\\/schema\\\/person\\\/f8d63bd3ab6e7b025268b909b7ab0771\"},\"breadcrumb\":{\"@id\":\"https:\\\/\\\/mula.es\\\/web\\\/turismo-presentacion-de-la-campana-turistica-del-municipio-de-mula-2022-en-fitur-21-de-enero-a-las-1715-h\\\/#breadcrumb\"},\"inLanguage\":\"es\",\"potentialAction\":[{\"@type\":\"ReadAction\",\"target\":[\"https:\\\/\\\/mula.es\\\/web\\\/turismo-presentacion-de-la-campana-turistica-del-municipio-de-mula-2022-en-fitur-21-de-enero-a-las-1715-h\\\/\"]}]},{\"@type\":\"ImageObject\",\"inLanguage\":\"es\",\"@id\":\"https:\\\/\\\/mula.es\\\/web\\\/turismo-presentacion-de-la-campana-turistica-del-municipio-de-mula-2022-en-fitur-21-de-enero-a-las-1715-h\\\/#primaryimage\",\"url\":\"https:\\\/\\\/mula.es\\\/web\\\/wp-content\\\/uploads\\\/2016\\\/02\\\/TURISMO-COLOR.png\",\"contentUrl\":\"https:\\\/\\\/mula.es\\\/web\\\/wp-content\\\/uploads\\\/2016\\\/02\\\/TURISMO-COLOR.png\",\"width\":565,\"height\":472,\"caption\":\"Logo Turismo\"},{\"@type\":\"BreadcrumbList\",\"@id\":\"https:\\\/\\\/mula.es\\\/web\\\/turismo-presentacion-de-la-campana-turistica-del-municipio-de-mula-2022-en-fitur-21-de-enero-a-las-1715-h\\\/#breadcrumb\",\"itemListElement\":[{\"@type\":\"ListItem\",\"position\":1,\"name\":\"Portada\",\"item\":\"https:\\\/\\\/mula.es\\\/web\\\/\"},{\"@type\":\"ListItem\",\"position\":2,\"name\":\"TURISMO | Presentaci\u00f3n de la Campa\u00f1a Tur\u00edstica del municipio de Mula 2022 en FITUR &#8211; 21 de enero a las 17:15 h.\"}]},{\"@type\":\"WebSite\",\"@id\":\"https:\\\/\\\/mula.es\\\/web\\\/#website\",\"url\":\"https:\\\/\\\/mula.es\\\/web\\\/\",\"name\":\"Ayuntamiento de Mula\",\"description\":\"P\u00e1gina web del Ayuntamiento de Mula (Regi\u00f3n de Murcia)\",\"potentialAction\":[{\"@type\":\"SearchAction\",\"target\":{\"@type\":\"EntryPoint\",\"urlTemplate\":\"https:\\\/\\\/mula.es\\\/web\\\/?s={search_term_string}\"},\"query-input\":{\"@type\":\"PropertyValueSpecification\",\"valueRequired\":true,\"valueName\":\"search_term_string\"}}],\"inLanguage\":\"es\"},{\"@type\":\"Person\",\"@id\":\"https:\\\/\\\/mula.es\\\/web\\\/#\\\/schema\\\/person\\\/f8d63bd3ab6e7b025268b909b7ab0771\",\"name\":\"Rosario Mart\u00ednez\",\"image\":{\"@type\":\"ImageObject\",\"inLanguage\":\"es\",\"@id\":\"https:\\\/\\\/secure.gravatar.com\\\/avatar\\\/ce916b980ac93e5b1d36e6068357675d4e089a572ebc8789fcb807c2fb2edfef?s=96&d=mm&r=g\",\"url\":\"https:\\\/\\\/secure.gravatar.com\\\/avatar\\\/ce916b980ac93e5b1d36e6068357675d4e089a572ebc8789fcb807c2fb2edfef?s=96&d=mm&r=g\",\"contentUrl\":\"https:\\\/\\\/secure.gravatar.com\\\/avatar\\\/ce916b980ac93e5b1d36e6068357675d4e089a572ebc8789fcb807c2fb2edfef?s=96&d=mm&r=g\",\"caption\":\"Rosario Mart\u00ednez\"},\"url\":\"https:\\\/\\\/mula.es\\\/web\\\/author\\\/rmartinez\\\/\"}]}<\/script>\n<!-- \/ Yoast SEO plugin. -->","yoast_head_json":{"title":"TURISMO | Presentaci\u00f3n de la Campa\u00f1a Tur\u00edstica del municipio de Mula 2022 en FITUR - 21 de enero a las 17:15 h. - Ayuntamiento de Mula","robots":{"index":"index","follow":"follow","max-snippet":"max-snippet:-1","max-image-preview":"max-image-preview:large","max-video-preview":"max-video-preview:-1"},"canonical":"https:\/\/mula.es\/web\/turismo-presentacion-de-la-campana-turistica-del-municipio-de-mula-2022-en-fitur-21-de-enero-a-las-1715-h\/","og_locale":"es_ES","og_type":"article","og_title":"TURISMO | Presentaci\u00f3n de la Campa\u00f1a Tur\u00edstica del municipio de Mula 2022 en FITUR - 21 de enero a las 17:15 h. - Ayuntamiento de Mula","og_description":"Hoy, viernes 21 de enero de 2022, a las 17:15 h. se va a presentar la Campa\u00f1a Tur\u00edstica del municipio de Mula 2022 en directo a trav\u00e9s del canal www.regiondemurciaenfitur.es &nbsp; Pincha aqu\u00ed para acceder a la retransmisi\u00f3n: &nbsp;","og_url":"https:\/\/mula.es\/web\/turismo-presentacion-de-la-campana-turistica-del-municipio-de-mula-2022-en-fitur-21-de-enero-a-las-1715-h\/","og_site_name":"Ayuntamiento de Mula","article_published_time":"2022-01-21T12:07:59+00:00","article_modified_time":"2022-01-21T12:20:56+00:00","og_image":[{"width":565,"height":472,"url":"https:\/\/i0.wp.com\/mula.es\/web\/wp-content\/uploads\/2016\/02\/TURISMO-COLOR.png?fit=565%2C472&ssl=1","type":"image\/png"}],"author":"Rosario Mart\u00ednez","twitter_card":"summary_large_image","twitter_image":"https:\/\/mula.es\/web\/wp-content\/uploads\/2020\/06\/cropped-escudo-cuadrado.jpg","twitter_creator":"@AyuntamientMula","twitter_site":"@AyuntamientMula","twitter_misc":{"Escrito por":"Rosario Mart\u00ednez","Tiempo de lectura":"1 minuto"},"schema":{"@context":"https:\/\/schema.org","@graph":[{"@type":"Article","@id":"https:\/\/mula.es\/web\/turismo-presentacion-de-la-campana-turistica-del-municipio-de-mula-2022-en-fitur-21-de-enero-a-las-1715-h\/#article","isPartOf":{"@id":"https:\/\/mula.es\/web\/turismo-presentacion-de-la-campana-turistica-del-municipio-de-mula-2022-en-fitur-21-de-enero-a-las-1715-h\/"},"author":{"name":"Rosario Mart\u00ednez","@id":"https:\/\/mula.es\/web\/#\/schema\/person\/f8d63bd3ab6e7b025268b909b7ab0771"},"headline":"TURISMO | Presentaci\u00f3n de la Campa\u00f1a Tur\u00edstica del municipio de Mula 2022 en FITUR &#8211; 21 de enero a las 17:15 h.","datePublished":"2022-01-21T12:07:59+00:00","dateModified":"2022-01-21T12:20:56+00:00","mainEntityOfPage":{"@id":"https:\/\/mula.es\/web\/turismo-presentacion-de-la-campana-turistica-del-municipio-de-mula-2022-en-fitur-21-de-enero-a-las-1715-h\/"},"wordCount":69,"image":{"@id":"https:\/\/mula.es\/web\/turismo-presentacion-de-la-campana-turistica-del-municipio-de-mula-2022-en-fitur-21-de-enero-a-las-1715-h\/#primaryimage"},"thumbnailUrl":"https:\/\/mula.es\/web\/wp-content\/uploads\/2016\/02\/TURISMO-COLOR.png","keywords":["fitur","la noche de los tambores"],"articleSection":["turismo"],"inLanguage":"es"},{"@type":"WebPage","@id":"https:\/\/mula.es\/web\/turismo-presentacion-de-la-campana-turistica-del-municipio-de-mula-2022-en-fitur-21-de-enero-a-las-1715-h\/","url":"https:\/\/mula.es\/web\/turismo-presentacion-de-la-campana-turistica-del-municipio-de-mula-2022-en-fitur-21-de-enero-a-las-1715-h\/","name":"TURISMO | Presentaci\u00f3n de la Campa\u00f1a Tur\u00edstica del municipio de Mula 2022 en FITUR - 21 de enero a las 17:15 h. - Ayuntamiento de Mula","isPartOf":{"@id":"https:\/\/mula.es\/web\/#website"},"primaryImageOfPage":{"@id":"https:\/\/mula.es\/web\/turismo-presentacion-de-la-campana-turistica-del-municipio-de-mula-2022-en-fitur-21-de-enero-a-las-1715-h\/#primaryimage"},"image":{"@id":"https:\/\/mula.es\/web\/turismo-presentacion-de-la-campana-turistica-del-municipio-de-mula-2022-en-fitur-21-de-enero-a-las-1715-h\/#primaryimage"},"thumbnailUrl":"https:\/\/mula.es\/web\/wp-content\/uploads\/2016\/02\/TURISMO-COLOR.png","datePublished":"2022-01-21T12:07:59+00:00","dateModified":"2022-01-21T12:20:56+00:00","author":{"@id":"https:\/\/mula.es\/web\/#\/schema\/person\/f8d63bd3ab6e7b025268b909b7ab0771"},"breadcrumb":{"@id":"https:\/\/mula.es\/web\/turismo-presentacion-de-la-campana-turistica-del-municipio-de-mula-2022-en-fitur-21-de-enero-a-las-1715-h\/#breadcrumb"},"inLanguage":"es","potentialAction":[{"@type":"ReadAction","target":["https:\/\/mula.es\/web\/turismo-presentacion-de-la-campana-turistica-del-municipio-de-mula-2022-en-fitur-21-de-enero-a-las-1715-h\/"]}]},{"@type":"ImageObject","inLanguage":"es","@id":"https:\/\/mula.es\/web\/turismo-presentacion-de-la-campana-turistica-del-municipio-de-mula-2022-en-fitur-21-de-enero-a-las-1715-h\/#primaryimage","url":"https:\/\/mula.es\/web\/wp-content\/uploads\/2016\/02\/TURISMO-COLOR.png","contentUrl":"https:\/\/mula.es\/web\/wp-content\/uploads\/2016\/02\/TURISMO-COLOR.png","width":565,"height":472,"caption":"Logo Turismo"},{"@type":"BreadcrumbList","@id":"https:\/\/mula.es\/web\/turismo-presentacion-de-la-campana-turistica-del-municipio-de-mula-2022-en-fitur-21-de-enero-a-las-1715-h\/#breadcrumb","itemListElement":[{"@type":"ListItem","position":1,"name":"Portada","item":"https:\/\/mula.es\/web\/"},{"@type":"ListItem","position":2,"name":"TURISMO | Presentaci\u00f3n de la Campa\u00f1a Tur\u00edstica del municipio de Mula 2022 en FITUR &#8211; 21 de enero a las 17:15 h."}]},{"@type":"WebSite","@id":"https:\/\/mula.es\/web\/#website","url":"https:\/\/mula.es\/web\/","name":"Ayuntamiento de Mula","description":"P\u00e1gina web del Ayuntamiento de Mula (Regi\u00f3n de Murcia)","potentialAction":[{"@type":"SearchAction","target":{"@type":"EntryPoint","urlTemplate":"https:\/\/mula.es\/web\/?s={search_term_string}"},"query-input":{"@type":"PropertyValueSpecification","valueRequired":true,"valueName":"search_term_string"}}],"inLanguage":"es"},{"@type":"Person","@id":"https:\/\/mula.es\/web\/#\/schema\/person\/f8d63bd3ab6e7b025268b909b7ab0771","name":"Rosario Mart\u00ednez","image":{"@type":"ImageObject","inLanguage":"es","@id":"https:\/\/secure.gravatar.com\/avatar\/ce916b980ac93e5b1d36e6068357675d4e089a572ebc8789fcb807c2fb2edfef?s=96&d=mm&r=g","url":"https:\/\/secure.gravatar.com\/avatar\/ce916b980ac93e5b1d36e6068357675d4e089a572ebc8789fcb807c2fb2edfef?s=96&d=mm&r=g","contentUrl":"https:\/\/secure.gravatar.com\/avatar\/ce916b980ac93e5b1d36e6068357675d4e089a572ebc8789fcb807c2fb2edfef?s=96&d=mm&r=g","caption":"Rosario Mart\u00ednez"},"url":"https:\/\/mula.es\/web\/author\/rmartinez\/"}]}},"jetpack_publicize_connections":[],"jetpack_featured_media_url":"https:\/\/mula.es\/web\/wp-content\/uploads\/2016\/02\/TURISMO-COLOR.png","jetpack_sharing_enabled":true,"jetpack_shortlink":"https:\/\/wp.me\/pa9DMY-bj1","jetpack-related-posts":[],"_links":{"self":[{"href":"https:\/\/mula.es\/web\/wp-json\/wp\/v2\/posts\/43463","targetHints":{"allow":["GET"]}}],"collection":[{"href":"https:\/\/mula.es\/web\/wp-json\/wp\/v2\/posts"}],"about":[{"href":"https:\/\/mula.es\/web\/wp-json\/wp\/v2\/types\/post"}],"author":[{"embeddable":true,"href":"https:\/\/mula.es\/web\/wp-json\/wp\/v2\/users\/9"}],"replies":[{"embeddable":true,"href":"https:\/\/mula.es\/web\/wp-json\/wp\/v2\/comments?post=43463"}],"version-history":[{"count":2,"href":"https:\/\/mula.es\/web\/wp-json\/wp\/v2\/posts\/43463\/revisions"}],"predecessor-version":[{"id":43466,"href":"https:\/\/mula.es\/web\/wp-json\/wp\/v2\/posts\/43463\/revisions\/43466"}],"wp:featuredmedia":[{"embeddable":true,"href":"https:\/\/mula.es\/web\/wp-json\/wp\/v2\/media\/14276"}],"wp:attachment":[{"href":"https:\/\/mula.es\/web\/wp-json\/wp\/v2\/media?parent=43463"}],"wp:term":[{"taxonomy":"category","embeddable":true,"href":"https:\/\/mula.es\/web\/wp-json\/wp\/v2\/categories?post=43463"},{"taxonomy":"post_tag","embeddable":true,"href":"https:\/\/mula.es\/web\/wp-json\/wp\/v2\/tags?post=43463"}],"curies":[{"name":"wp","href":"https:\/\/api.w.org\/{rel}","templated":true}]}}