{"id":43467,"date":"2022-01-21T13:31:53","date_gmt":"2022-01-21T12:31:53","guid":{"rendered":"https:\/\/mula.es\/web\/?p=43467"},"modified":"2022-01-21T13:31:53","modified_gmt":"2022-01-21T12:31:53","slug":"cultura-el-teatro-vuelve-a-abrir-su-telon-con-el-ciclo-a-escena","status":"publish","type":"post","link":"https:\/\/mula.es\/web\/cultura-el-teatro-vuelve-a-abrir-su-telon-con-el-ciclo-a-escena\/","title":{"rendered":"CULTURA | El Teatro vuelve a abrir su tel\u00f3n con el ciclo \u201cA Escena\u201d"},"content":{"rendered":"<p><div class=\"fusion-fullwidth fullwidth-box fusion-builder-row-1 fusion-flex-container nonhundred-percent-fullwidth non-hundred-percent-height-scrolling\" style=\"--awb-border-radius-top-left:0px;--awb-border-radius-top-right:0px;--awb-border-radius-bottom-right:0px;--awb-border-radius-bottom-left:0px;--awb-flex-wrap:wrap;\" ><div class=\"fusion-builder-row fusion-row fusion-flex-align-items-flex-start fusion-flex-content-wrap\" style=\"max-width:1144px;margin-left: calc(-4% \/ 2 );margin-right: calc(-4% \/ 2 );\"><div class=\"fusion-layout-column fusion_builder_column fusion-builder-column-0 fusion_builder_column_1_1 1_1 fusion-flex-column\" style=\"--awb-bg-size:cover;--awb-width-large:100%;--awb-margin-top-large:0px;--awb-spacing-right-large:1.92%;--awb-margin-bottom-large:0px;--awb-spacing-left-large:1.92%;--awb-width-medium:100%;--awb-spacing-right-medium:1.92%;--awb-spacing-left-medium:1.92%;--awb-width-small:100%;--awb-spacing-right-small:1.92%;--awb-spacing-left-small:1.92%;\"><div class=\"fusion-column-wrapper fusion-flex-justify-content-flex-start fusion-content-layout-column\"><div class=\"fusion-text fusion-text-1\"><p style=\"text-align: justify;\">La Concejal\u00eda de Cultura ha preparado un cartel en el que priman las obras de teatro cl\u00e1sicas.<\/p>\n<p style=\"text-align: justify;\">La Concejal\u00eda de Cultura del Ayuntamiento de Mula abre el 2022 con el ciclo teatral \u201cA Escena\u201d, cuya primera obra comienza el pr\u00f3ximo viernes 28 de enero. Se trata de un ciclo de grandes cl\u00e1sicos del teatro castellano, un conjunto de obras prestigiosas que har\u00e1n disfrutar a todos los espectadores y espectadoras.<\/p>\n<p style=\"text-align: justify;\">La Concejal\u00eda busca con este Ciclo el fomento de la Cultura a trav\u00e9s del teatro, una de las artes perjudicadas con la pandemia. Como ha manifestado Diego Boluda, Concejal de Cultura del Ayuntamiento de Mula: \u00abTras el par\u00f3n de las Navidades retomamos nuestro ciclo de teatro trimestral, en esta ocasi\u00f3n con una vertiente m\u00e1s cl\u00e1sica, con obras como Lope de Vega o Garc\u00eda Lorca. Nuestra apuesta por la Cultura es clara, precios muy accesibles, horarios c\u00f3modos, as\u00ed como ofrecemos cultura segura, respetando y cumpliendo con todas las normas sanitarias vigentes\u201d.<\/p>\n<p style=\"text-align: justify;\">El ciclo teatral comienza el pr\u00f3ximo viernes 28 de enero con la obra \u201cLa Molinera de Arcos\u201d de Alejandro Casona, representada por el grupo Teatro del Matadero de Murcia. El s\u00e1bado 12 de febrero se representar\u00e1 \u201cYerma\u201d de Federico Garc\u00eda Lorca, por Adastea Teatro. El ciclo continuar\u00e1 con la obra \u201cLos locos de Valencia\u201d de Lope de Vega, representada por UGT Teatro el viernes 18 de marzo. \u201cEl Mago de Oz\u201d cerrar\u00e1 este ciclo el viernes 1 de abril, una obra de L. Frank Baum, representada por Keko Teatro, una obra de teatro infantil para que pueda disfrutar toda la familia.<\/p>\n<p style=\"text-align: justify;\">Todas las representaciones tendr\u00e1n lugar en el Teatro Lope de Vega, las tres primeras a las 21 horas y la \u00faltima a las 19 horas. La compra de localidades se podr\u00e1 hacer tanto online, a trav\u00e9s de la web municipal, disponibles a partir del d\u00eda 21 de enero a las 17 horas, como f\u00edsicamente en la taquilla del Teatro. Desde la concejal\u00eda de Cultura animan a todos y todas a que participen de este ciclo teatral que con tanto cari\u00f1o se ha preparado.<\/p>\n<\/div><\/div><\/div><\/div><\/div><div class=\"fusion-fullwidth fullwidth-box fusion-builder-row-2 fusion-flex-container nonhundred-percent-fullwidth non-hundred-percent-height-scrolling\" style=\"--awb-border-radius-top-left:0px;--awb-border-radius-top-right:0px;--awb-border-radius-bottom-right:0px;--awb-border-radius-bottom-left:0px;--awb-flex-wrap:wrap;\" ><div class=\"fusion-builder-row fusion-row fusion-flex-align-items-flex-start fusion-flex-content-wrap\" style=\"max-width:1144px;margin-left: calc(-4% \/ 2 );margin-right: calc(-4% \/ 2 );\"><div class=\"fusion-layout-column fusion_builder_column fusion-builder-column-1 fusion_builder_column_1_1 1_1 fusion-flex-column\" style=\"--awb-bg-size:cover;--awb-width-large:100%;--awb-margin-top-large:0px;--awb-spacing-right-large:1.92%;--awb-margin-bottom-large:20px;--awb-spacing-left-large:1.92%;--awb-width-medium:100%;--awb-order-medium:0;--awb-spacing-right-medium:1.92%;--awb-spacing-left-medium:1.92%;--awb-width-small:100%;--awb-order-small:0;--awb-spacing-right-small:1.92%;--awb-spacing-left-small:1.92%;\"><div class=\"fusion-column-wrapper fusion-column-has-shadow fusion-flex-justify-content-flex-start fusion-content-layout-column\"><div class=\"fusion-text fusion-text-2\" style=\"--awb-text-transform:none;\"><p><a href=\"https:\/\/mula.es\/web\/wp-content\/uploads\/2022\/01\/Cartel-a-escena.jpeg\"><img decoding=\"async\" data-attachment-id=\"43468\" data-permalink=\"https:\/\/mula.es\/web\/cultura-el-teatro-vuelve-a-abrir-su-telon-con-el-ciclo-a-escena\/cartel-a-escena\/\" data-orig-file=\"https:\/\/mula.es\/web\/wp-content\/uploads\/2022\/01\/Cartel-a-escena.jpeg\" data-orig-size=\"1139,1600\" data-comments-opened=\"0\" data-image-meta=\"\" data-image-title=\"Cartel a escena\" data-image-description=\"\" data-image-caption=\"\" data-large-file=\"https:\/\/mula.es\/web\/wp-content\/uploads\/2022\/01\/Cartel-a-escena-729x1024.jpeg\" class=\"size-large wp-image-43468 aligncenter\" src=\"https:\/\/mula.es\/web\/wp-content\/uploads\/2022\/01\/Cartel-a-escena-729x1024.jpeg\" alt=\"\" width=\"729\" height=\"1024\" srcset=\"https:\/\/mula.es\/web\/wp-content\/uploads\/2022\/01\/Cartel-a-escena-200x281.jpeg 200w, https:\/\/mula.es\/web\/wp-content\/uploads\/2022\/01\/Cartel-a-escena-214x300.jpeg 214w, https:\/\/mula.es\/web\/wp-content\/uploads\/2022\/01\/Cartel-a-escena-400x562.jpeg 400w, https:\/\/mula.es\/web\/wp-content\/uploads\/2022\/01\/Cartel-a-escena-600x843.jpeg 600w, https:\/\/mula.es\/web\/wp-content\/uploads\/2022\/01\/Cartel-a-escena-729x1024.jpeg 729w, https:\/\/mula.es\/web\/wp-content\/uploads\/2022\/01\/Cartel-a-escena-768x1079.jpeg 768w, https:\/\/mula.es\/web\/wp-content\/uploads\/2022\/01\/Cartel-a-escena-800x1124.jpeg 800w, https:\/\/mula.es\/web\/wp-content\/uploads\/2022\/01\/Cartel-a-escena-1093x1536.jpeg 1093w, https:\/\/mula.es\/web\/wp-content\/uploads\/2022\/01\/Cartel-a-escena.jpeg 1139w\" sizes=\"(max-width: 729px) 100vw, 729px\" \/><\/a><\/p>\n<\/div><\/div><\/div><\/div><\/div><\/p>\n","protected":false},"excerpt":{"rendered":"","protected":false},"author":9,"featured_media":43469,"comment_status":"closed","ping_status":"closed","sticky":false,"template":"","format":"standard","meta":{"jetpack_post_was_ever_published":false,"_jetpack_newsletter_access":"","_jetpack_dont_email_post_to_subs":false,"_jetpack_newsletter_tier_id":0,"_jetpack_memberships_contains_paywalled_content":false,"_jetpack_memberships_contains_paid_content":false,"footnotes":"","jetpack_publicize_message":"","jetpack_publicize_feature_enabled":true,"jetpack_social_post_already_shared":false,"jetpack_social_options":{"image_generator_settings":{"template":"highway","default_image_id":0,"font":"","enabled":false},"version":2}},"categories":[97],"tags":[783],"class_list":["post-43467","post","type-post","status-publish","format-standard","has-post-thumbnail","hentry","category-cultura","tag-ciclo-teatral"],"yoast_head":"<!-- This site is optimized with the Yoast SEO plugin v27.5 - https:\/\/yoast.com\/product\/yoast-seo-wordpress\/ -->\n<title>CULTURA | El Teatro vuelve a abrir su tel\u00f3n con el ciclo \u201cA Escena\u201d - Ayuntamiento de Mula<\/title>\n<meta name=\"robots\" content=\"index, follow, max-snippet:-1, max-image-preview:large, max-video-preview:-1\" \/>\n<link rel=\"canonical\" href=\"https:\/\/mula.es\/web\/cultura-el-teatro-vuelve-a-abrir-su-telon-con-el-ciclo-a-escena\/\" \/>\n<meta property=\"og:locale\" content=\"es_ES\" \/>\n<meta property=\"og:type\" content=\"article\" \/>\n<meta property=\"og:title\" content=\"CULTURA | El Teatro vuelve a abrir su tel\u00f3n con el ciclo \u201cA Escena\u201d - Ayuntamiento de Mula\" \/>\n<meta property=\"og:url\" content=\"https:\/\/mula.es\/web\/cultura-el-teatro-vuelve-a-abrir-su-telon-con-el-ciclo-a-escena\/\" \/>\n<meta property=\"og:site_name\" content=\"Ayuntamiento de Mula\" \/>\n<meta property=\"article:published_time\" content=\"2022-01-21T12:31:53+00:00\" \/>\n<meta property=\"og:image\" content=\"https:\/\/i0.wp.com\/mula.es\/web\/wp-content\/uploads\/2022\/01\/Concejal-y-cartel.jpeg?fit=1053%2C797&ssl=1\" \/>\n\t<meta property=\"og:image:width\" content=\"1053\" \/>\n\t<meta property=\"og:image:height\" content=\"797\" \/>\n\t<meta property=\"og:image:type\" content=\"image\/jpeg\" \/>\n<meta name=\"author\" content=\"Rosario Mart\u00ednez\" \/>\n<meta name=\"twitter:card\" content=\"summary_large_image\" \/>\n<meta name=\"twitter:image\" content=\"https:\/\/mula.es\/web\/wp-content\/uploads\/2020\/06\/cropped-escudo-cuadrado.jpg\" \/>\n<meta name=\"twitter:creator\" content=\"@AyuntamientMula\" \/>\n<meta name=\"twitter:site\" content=\"@AyuntamientMula\" \/>\n<meta name=\"twitter:label1\" content=\"Escrito por\" \/>\n\t<meta name=\"twitter:data1\" content=\"Rosario Mart\u00ednez\" \/>\n\t<meta name=\"twitter:label2\" content=\"Tiempo de lectura\" \/>\n\t<meta name=\"twitter:data2\" content=\"3 minutos\" \/>\n<script type=\"application\/ld+json\" class=\"yoast-schema-graph\">{\"@context\":\"https:\\\/\\\/schema.org\",\"@graph\":[{\"@type\":\"Article\",\"@id\":\"https:\\\/\\\/mula.es\\\/web\\\/cultura-el-teatro-vuelve-a-abrir-su-telon-con-el-ciclo-a-escena\\\/#article\",\"isPartOf\":{\"@id\":\"https:\\\/\\\/mula.es\\\/web\\\/cultura-el-teatro-vuelve-a-abrir-su-telon-con-el-ciclo-a-escena\\\/\"},\"author\":{\"name\":\"Rosario Mart\u00ednez\",\"@id\":\"https:\\\/\\\/mula.es\\\/web\\\/#\\\/schema\\\/person\\\/f8d63bd3ab6e7b025268b909b7ab0771\"},\"headline\":\"CULTURA | El Teatro vuelve a abrir su tel\u00f3n con el ciclo \u201cA Escena\u201d\",\"datePublished\":\"2022-01-21T12:31:53+00:00\",\"mainEntityOfPage\":{\"@id\":\"https:\\\/\\\/mula.es\\\/web\\\/cultura-el-teatro-vuelve-a-abrir-su-telon-con-el-ciclo-a-escena\\\/\"},\"wordCount\":1162,\"image\":{\"@id\":\"https:\\\/\\\/mula.es\\\/web\\\/cultura-el-teatro-vuelve-a-abrir-su-telon-con-el-ciclo-a-escena\\\/#primaryimage\"},\"thumbnailUrl\":\"https:\\\/\\\/mula.es\\\/web\\\/wp-content\\\/uploads\\\/2022\\\/01\\\/Concejal-y-cartel.jpeg\",\"keywords\":[\"ciclo teatral\"],\"articleSection\":[\"cultura\"],\"inLanguage\":\"es\"},{\"@type\":\"WebPage\",\"@id\":\"https:\\\/\\\/mula.es\\\/web\\\/cultura-el-teatro-vuelve-a-abrir-su-telon-con-el-ciclo-a-escena\\\/\",\"url\":\"https:\\\/\\\/mula.es\\\/web\\\/cultura-el-teatro-vuelve-a-abrir-su-telon-con-el-ciclo-a-escena\\\/\",\"name\":\"CULTURA | El Teatro vuelve a abrir su tel\u00f3n con el ciclo \u201cA Escena\u201d - Ayuntamiento de Mula\",\"isPartOf\":{\"@id\":\"https:\\\/\\\/mula.es\\\/web\\\/#website\"},\"primaryImageOfPage\":{\"@id\":\"https:\\\/\\\/mula.es\\\/web\\\/cultura-el-teatro-vuelve-a-abrir-su-telon-con-el-ciclo-a-escena\\\/#primaryimage\"},\"image\":{\"@id\":\"https:\\\/\\\/mula.es\\\/web\\\/cultura-el-teatro-vuelve-a-abrir-su-telon-con-el-ciclo-a-escena\\\/#primaryimage\"},\"thumbnailUrl\":\"https:\\\/\\\/mula.es\\\/web\\\/wp-content\\\/uploads\\\/2022\\\/01\\\/Concejal-y-cartel.jpeg\",\"datePublished\":\"2022-01-21T12:31:53+00:00\",\"author\":{\"@id\":\"https:\\\/\\\/mula.es\\\/web\\\/#\\\/schema\\\/person\\\/f8d63bd3ab6e7b025268b909b7ab0771\"},\"breadcrumb\":{\"@id\":\"https:\\\/\\\/mula.es\\\/web\\\/cultura-el-teatro-vuelve-a-abrir-su-telon-con-el-ciclo-a-escena\\\/#breadcrumb\"},\"inLanguage\":\"es\",\"potentialAction\":[{\"@type\":\"ReadAction\",\"target\":[\"https:\\\/\\\/mula.es\\\/web\\\/cultura-el-teatro-vuelve-a-abrir-su-telon-con-el-ciclo-a-escena\\\/\"]}]},{\"@type\":\"ImageObject\",\"inLanguage\":\"es\",\"@id\":\"https:\\\/\\\/mula.es\\\/web\\\/cultura-el-teatro-vuelve-a-abrir-su-telon-con-el-ciclo-a-escena\\\/#primaryimage\",\"url\":\"https:\\\/\\\/mula.es\\\/web\\\/wp-content\\\/uploads\\\/2022\\\/01\\\/Concejal-y-cartel.jpeg\",\"contentUrl\":\"https:\\\/\\\/mula.es\\\/web\\\/wp-content\\\/uploads\\\/2022\\\/01\\\/Concejal-y-cartel.jpeg\",\"width\":1053,\"height\":797},{\"@type\":\"BreadcrumbList\",\"@id\":\"https:\\\/\\\/mula.es\\\/web\\\/cultura-el-teatro-vuelve-a-abrir-su-telon-con-el-ciclo-a-escena\\\/#breadcrumb\",\"itemListElement\":[{\"@type\":\"ListItem\",\"position\":1,\"name\":\"Portada\",\"item\":\"https:\\\/\\\/mula.es\\\/web\\\/\"},{\"@type\":\"ListItem\",\"position\":2,\"name\":\"CULTURA | El Teatro vuelve a abrir su tel\u00f3n con el ciclo \u201cA Escena\u201d\"}]},{\"@type\":\"WebSite\",\"@id\":\"https:\\\/\\\/mula.es\\\/web\\\/#website\",\"url\":\"https:\\\/\\\/mula.es\\\/web\\\/\",\"name\":\"Ayuntamiento de Mula\",\"description\":\"P\u00e1gina web del Ayuntamiento de Mula (Regi\u00f3n de Murcia)\",\"potentialAction\":[{\"@type\":\"SearchAction\",\"target\":{\"@type\":\"EntryPoint\",\"urlTemplate\":\"https:\\\/\\\/mula.es\\\/web\\\/?s={search_term_string}\"},\"query-input\":{\"@type\":\"PropertyValueSpecification\",\"valueRequired\":true,\"valueName\":\"search_term_string\"}}],\"inLanguage\":\"es\"},{\"@type\":\"Person\",\"@id\":\"https:\\\/\\\/mula.es\\\/web\\\/#\\\/schema\\\/person\\\/f8d63bd3ab6e7b025268b909b7ab0771\",\"name\":\"Rosario Mart\u00ednez\",\"image\":{\"@type\":\"ImageObject\",\"inLanguage\":\"es\",\"@id\":\"https:\\\/\\\/secure.gravatar.com\\\/avatar\\\/ce916b980ac93e5b1d36e6068357675d4e089a572ebc8789fcb807c2fb2edfef?s=96&d=mm&r=g\",\"url\":\"https:\\\/\\\/secure.gravatar.com\\\/avatar\\\/ce916b980ac93e5b1d36e6068357675d4e089a572ebc8789fcb807c2fb2edfef?s=96&d=mm&r=g\",\"contentUrl\":\"https:\\\/\\\/secure.gravatar.com\\\/avatar\\\/ce916b980ac93e5b1d36e6068357675d4e089a572ebc8789fcb807c2fb2edfef?s=96&d=mm&r=g\",\"caption\":\"Rosario Mart\u00ednez\"},\"url\":\"https:\\\/\\\/mula.es\\\/web\\\/author\\\/rmartinez\\\/\"}]}<\/script>\n<!-- \/ Yoast SEO plugin. -->","yoast_head_json":{"title":"CULTURA | El Teatro vuelve a abrir su tel\u00f3n con el ciclo \u201cA Escena\u201d - Ayuntamiento de Mula","robots":{"index":"index","follow":"follow","max-snippet":"max-snippet:-1","max-image-preview":"max-image-preview:large","max-video-preview":"max-video-preview:-1"},"canonical":"https:\/\/mula.es\/web\/cultura-el-teatro-vuelve-a-abrir-su-telon-con-el-ciclo-a-escena\/","og_locale":"es_ES","og_type":"article","og_title":"CULTURA | El Teatro vuelve a abrir su tel\u00f3n con el ciclo \u201cA Escena\u201d - Ayuntamiento de Mula","og_url":"https:\/\/mula.es\/web\/cultura-el-teatro-vuelve-a-abrir-su-telon-con-el-ciclo-a-escena\/","og_site_name":"Ayuntamiento de Mula","article_published_time":"2022-01-21T12:31:53+00:00","og_image":[{"width":1053,"height":797,"url":"https:\/\/i0.wp.com\/mula.es\/web\/wp-content\/uploads\/2022\/01\/Concejal-y-cartel.jpeg?fit=1053%2C797&ssl=1","type":"image\/jpeg"}],"author":"Rosario Mart\u00ednez","twitter_card":"summary_large_image","twitter_image":"https:\/\/mula.es\/web\/wp-content\/uploads\/2020\/06\/cropped-escudo-cuadrado.jpg","twitter_creator":"@AyuntamientMula","twitter_site":"@AyuntamientMula","twitter_misc":{"Escrito por":"Rosario Mart\u00ednez","Tiempo de lectura":"3 minutos"},"schema":{"@context":"https:\/\/schema.org","@graph":[{"@type":"Article","@id":"https:\/\/mula.es\/web\/cultura-el-teatro-vuelve-a-abrir-su-telon-con-el-ciclo-a-escena\/#article","isPartOf":{"@id":"https:\/\/mula.es\/web\/cultura-el-teatro-vuelve-a-abrir-su-telon-con-el-ciclo-a-escena\/"},"author":{"name":"Rosario Mart\u00ednez","@id":"https:\/\/mula.es\/web\/#\/schema\/person\/f8d63bd3ab6e7b025268b909b7ab0771"},"headline":"CULTURA | El Teatro vuelve a abrir su tel\u00f3n con el ciclo \u201cA Escena\u201d","datePublished":"2022-01-21T12:31:53+00:00","mainEntityOfPage":{"@id":"https:\/\/mula.es\/web\/cultura-el-teatro-vuelve-a-abrir-su-telon-con-el-ciclo-a-escena\/"},"wordCount":1162,"image":{"@id":"https:\/\/mula.es\/web\/cultura-el-teatro-vuelve-a-abrir-su-telon-con-el-ciclo-a-escena\/#primaryimage"},"thumbnailUrl":"https:\/\/mula.es\/web\/wp-content\/uploads\/2022\/01\/Concejal-y-cartel.jpeg","keywords":["ciclo teatral"],"articleSection":["cultura"],"inLanguage":"es"},{"@type":"WebPage","@id":"https:\/\/mula.es\/web\/cultura-el-teatro-vuelve-a-abrir-su-telon-con-el-ciclo-a-escena\/","url":"https:\/\/mula.es\/web\/cultura-el-teatro-vuelve-a-abrir-su-telon-con-el-ciclo-a-escena\/","name":"CULTURA | El Teatro vuelve a abrir su tel\u00f3n con el ciclo \u201cA Escena\u201d - Ayuntamiento de Mula","isPartOf":{"@id":"https:\/\/mula.es\/web\/#website"},"primaryImageOfPage":{"@id":"https:\/\/mula.es\/web\/cultura-el-teatro-vuelve-a-abrir-su-telon-con-el-ciclo-a-escena\/#primaryimage"},"image":{"@id":"https:\/\/mula.es\/web\/cultura-el-teatro-vuelve-a-abrir-su-telon-con-el-ciclo-a-escena\/#primaryimage"},"thumbnailUrl":"https:\/\/mula.es\/web\/wp-content\/uploads\/2022\/01\/Concejal-y-cartel.jpeg","datePublished":"2022-01-21T12:31:53+00:00","author":{"@id":"https:\/\/mula.es\/web\/#\/schema\/person\/f8d63bd3ab6e7b025268b909b7ab0771"},"breadcrumb":{"@id":"https:\/\/mula.es\/web\/cultura-el-teatro-vuelve-a-abrir-su-telon-con-el-ciclo-a-escena\/#breadcrumb"},"inLanguage":"es","potentialAction":[{"@type":"ReadAction","target":["https:\/\/mula.es\/web\/cultura-el-teatro-vuelve-a-abrir-su-telon-con-el-ciclo-a-escena\/"]}]},{"@type":"ImageObject","inLanguage":"es","@id":"https:\/\/mula.es\/web\/cultura-el-teatro-vuelve-a-abrir-su-telon-con-el-ciclo-a-escena\/#primaryimage","url":"https:\/\/mula.es\/web\/wp-content\/uploads\/2022\/01\/Concejal-y-cartel.jpeg","contentUrl":"https:\/\/mula.es\/web\/wp-content\/uploads\/2022\/01\/Concejal-y-cartel.jpeg","width":1053,"height":797},{"@type":"BreadcrumbList","@id":"https:\/\/mula.es\/web\/cultura-el-teatro-vuelve-a-abrir-su-telon-con-el-ciclo-a-escena\/#breadcrumb","itemListElement":[{"@type":"ListItem","position":1,"name":"Portada","item":"https:\/\/mula.es\/web\/"},{"@type":"ListItem","position":2,"name":"CULTURA | El Teatro vuelve a abrir su tel\u00f3n con el ciclo \u201cA Escena\u201d"}]},{"@type":"WebSite","@id":"https:\/\/mula.es\/web\/#website","url":"https:\/\/mula.es\/web\/","name":"Ayuntamiento de Mula","description":"P\u00e1gina web del Ayuntamiento de Mula (Regi\u00f3n de Murcia)","potentialAction":[{"@type":"SearchAction","target":{"@type":"EntryPoint","urlTemplate":"https:\/\/mula.es\/web\/?s={search_term_string}"},"query-input":{"@type":"PropertyValueSpecification","valueRequired":true,"valueName":"search_term_string"}}],"inLanguage":"es"},{"@type":"Person","@id":"https:\/\/mula.es\/web\/#\/schema\/person\/f8d63bd3ab6e7b025268b909b7ab0771","name":"Rosario Mart\u00ednez","image":{"@type":"ImageObject","inLanguage":"es","@id":"https:\/\/secure.gravatar.com\/avatar\/ce916b980ac93e5b1d36e6068357675d4e089a572ebc8789fcb807c2fb2edfef?s=96&d=mm&r=g","url":"https:\/\/secure.gravatar.com\/avatar\/ce916b980ac93e5b1d36e6068357675d4e089a572ebc8789fcb807c2fb2edfef?s=96&d=mm&r=g","contentUrl":"https:\/\/secure.gravatar.com\/avatar\/ce916b980ac93e5b1d36e6068357675d4e089a572ebc8789fcb807c2fb2edfef?s=96&d=mm&r=g","caption":"Rosario Mart\u00ednez"},"url":"https:\/\/mula.es\/web\/author\/rmartinez\/"}]}},"jetpack_publicize_connections":[],"jetpack_featured_media_url":"https:\/\/mula.es\/web\/wp-content\/uploads\/2022\/01\/Concejal-y-cartel.jpeg","jetpack_sharing_enabled":true,"jetpack_shortlink":"https:\/\/wp.me\/pa9DMY-bj5","jetpack-related-posts":[],"_links":{"self":[{"href":"https:\/\/mula.es\/web\/wp-json\/wp\/v2\/posts\/43467","targetHints":{"allow":["GET"]}}],"collection":[{"href":"https:\/\/mula.es\/web\/wp-json\/wp\/v2\/posts"}],"about":[{"href":"https:\/\/mula.es\/web\/wp-json\/wp\/v2\/types\/post"}],"author":[{"embeddable":true,"href":"https:\/\/mula.es\/web\/wp-json\/wp\/v2\/users\/9"}],"replies":[{"embeddable":true,"href":"https:\/\/mula.es\/web\/wp-json\/wp\/v2\/comments?post=43467"}],"version-history":[{"count":1,"href":"https:\/\/mula.es\/web\/wp-json\/wp\/v2\/posts\/43467\/revisions"}],"predecessor-version":[{"id":43470,"href":"https:\/\/mula.es\/web\/wp-json\/wp\/v2\/posts\/43467\/revisions\/43470"}],"wp:featuredmedia":[{"embeddable":true,"href":"https:\/\/mula.es\/web\/wp-json\/wp\/v2\/media\/43469"}],"wp:attachment":[{"href":"https:\/\/mula.es\/web\/wp-json\/wp\/v2\/media?parent=43467"}],"wp:term":[{"taxonomy":"category","embeddable":true,"href":"https:\/\/mula.es\/web\/wp-json\/wp\/v2\/categories?post=43467"},{"taxonomy":"post_tag","embeddable":true,"href":"https:\/\/mula.es\/web\/wp-json\/wp\/v2\/tags?post=43467"}],"curies":[{"name":"wp","href":"https:\/\/api.w.org\/{rel}","templated":true}]}}