{"id":43485,"date":"2022-01-24T14:12:12","date_gmt":"2022-01-24T13:12:12","guid":{"rendered":"https:\/\/mula.es\/web\/?p=43485"},"modified":"2022-01-26T10:20:41","modified_gmt":"2022-01-26T09:20:41","slug":"servicios-sociales-proyecto-de-empleabilidad-en-area-profesional-confeccion-camina-entre-telas","status":"publish","type":"post","link":"https:\/\/mula.es\/web\/servicios-sociales-proyecto-de-empleabilidad-en-area-profesional-confeccion-camina-entre-telas\/","title":{"rendered":"POL\u00cdTICA SOCIAL | Proyecto de Empleabilidad en \u00e1rea profesional confecci\u00f3n: Camina entre telas"},"content":{"rendered":"<p><div class=\"fusion-fullwidth fullwidth-box fusion-builder-row-1 fusion-flex-container nonhundred-percent-fullwidth non-hundred-percent-height-scrolling\" style=\"--awb-border-radius-top-left:0px;--awb-border-radius-top-right:0px;--awb-border-radius-bottom-right:0px;--awb-border-radius-bottom-left:0px;--awb-flex-wrap:wrap;\" ><div class=\"fusion-builder-row fusion-row fusion-flex-align-items-flex-start fusion-flex-content-wrap\" style=\"max-width:1144px;margin-left: calc(-4% \/ 2 );margin-right: calc(-4% \/ 2 );\"><div class=\"fusion-layout-column fusion_builder_column fusion-builder-column-0 fusion_builder_column_1_1 1_1 fusion-flex-column\" style=\"--awb-bg-size:cover;--awb-width-large:100%;--awb-margin-top-large:0px;--awb-spacing-right-large:1.92%;--awb-margin-bottom-large:20px;--awb-spacing-left-large:1.92%;--awb-width-medium:100%;--awb-order-medium:0;--awb-spacing-right-medium:1.92%;--awb-spacing-left-medium:1.92%;--awb-width-small:100%;--awb-order-small:0;--awb-spacing-right-small:1.92%;--awb-spacing-left-small:1.92%;\"><div class=\"fusion-column-wrapper fusion-column-has-shadow fusion-flex-justify-content-flex-start fusion-content-layout-column\"><div class=\"fusion-text fusion-text-1\" style=\"--awb-text-transform:none;\"><ul>\n<li>\n<h2><strong><a href=\"https:\/\/mula.es\/web\/wp-content\/uploads\/2022\/01\/InformacionCeT2022Mula1.pdf\" target=\"_blank\" rel=\"noopener\">Informaci\u00f3n (.pdf)<\/a><\/strong><\/h2>\n<\/li>\n<li>\n<h2><strong><a href=\"https:\/\/mula.es\/web\/wp-content\/uploads\/2022\/01\/Anexo-7-GestionAlumnadoMunicipiosMula.pdf\" target=\"_blank\" rel=\"noopener\">Ficha de inscripci\u00f3n (.pdf)<\/a><\/strong><\/h2>\n<\/li>\n<li>\n<h2><strong><a href=\"https:\/\/mula.es\/web\/wp-content\/uploads\/2022\/01\/Anexo-7-GestionAlumnadoMunicipiosMula.docx\" target=\"_blank\" rel=\"noopener\">Ficha de inscripci\u00f3n (.doc)<\/a><\/strong><\/h2>\n<\/li>\n<\/ul>\n<\/div><\/div><\/div><\/div><\/div><div class=\"fusion-fullwidth fullwidth-box fusion-builder-row-2 fusion-flex-container nonhundred-percent-fullwidth non-hundred-percent-height-scrolling\" style=\"--awb-border-radius-top-left:0px;--awb-border-radius-top-right:0px;--awb-border-radius-bottom-right:0px;--awb-border-radius-bottom-left:0px;--awb-flex-wrap:wrap;\" ><div class=\"fusion-builder-row fusion-row fusion-flex-align-items-flex-start fusion-flex-content-wrap\" style=\"max-width:1144px;margin-left: calc(-4% \/ 2 );margin-right: calc(-4% \/ 2 );\"><div class=\"fusion-layout-column fusion_builder_column fusion-builder-column-1 fusion_builder_column_1_1 1_1 fusion-flex-column\" style=\"--awb-bg-size:cover;--awb-width-large:100%;--awb-margin-top-large:0px;--awb-spacing-right-large:1.92%;--awb-margin-bottom-large:0px;--awb-spacing-left-large:1.92%;--awb-width-medium:100%;--awb-spacing-right-medium:1.92%;--awb-spacing-left-medium:1.92%;--awb-width-small:100%;--awb-spacing-right-small:1.92%;--awb-spacing-left-small:1.92%;\"><div class=\"fusion-column-wrapper fusion-flex-justify-content-flex-start fusion-content-layout-column\"><div class=\"fusion-text fusion-text-2\"><p><strong>Incluye: <\/strong><\/p>\n<p><strong>Formaci\u00f3n ocupacional: <\/strong><\/p>\n<p>\u201cCastellano para extranjeros\/as orientado a la actividad laboral de atenci\u00f3n socio-sanitaria, atenci\u00f3n al cliente textil y confecci\u00f3n\u201d. (40 horas)<\/p>\n<p><u>Contenidos:<\/u><\/p>\n<p>T1. LA PRESENTACI\u00d3N.<\/p>\n<p>T.2 CONOCIMIENTO DEL TIEMPO Y EL CUERPO.\u00a0 T.3 LA FAMILIA Y EL MERCADO<\/p>\n<p>T.4 EL D\u00cdA A D\u00cdA Y LA ROPA.<\/p>\n<p>T.5 EL HOGAR<\/p>\n<p>T.6 LA CIUDAD Y SUS ELEMENTOS.<\/p>\n<p>T.7 SANIDAD.<\/p>\n<p>T.8 EL COLEGIO E INFORMACI\u00d3N B\u00c1SICA PARA LA CIUDADAN\u00cdA.<\/p>\n<p>T.9 LA COMIDA Y LO QUE LE RODEA.<\/p>\n<p>T.10 NOCIONES B\u00c1SICAS DE ATENCI\u00d3N AL CLIENTE.<\/p>\n<p><strong>Lugar:\u00a0 <\/strong><\/p>\n<p>Mula. Escuela Taller.<\/p>\n<p><strong>\u00a0<\/strong><\/p>\n<p><strong>Modalidad:\u00a0 <\/strong><\/p>\n<p>Presencial.<\/p>\n<p><strong>Horario: <\/strong><\/p>\n<p>De 9.30 a 13.30.<\/p>\n<p><strong>Participantes: <\/strong><\/p>\n<p>Perfil:<\/p>\n<ul>\n<li>Personas paradas de larga duraci\u00f3n y en riesgo o situaci\u00f3n de exclusi\u00f3n social atendidas por entidades del tercer sector y servicios de empleo que no pueden acceder al mercado de trabajo en condiciones de igualdad, y que precisen para su inserci\u00f3n laboral de actuaciones espec\u00edficas adicionales a las que presta el Servicio P\u00fablico de Empleo o a las desarrolladas por las distintas Administraciones con financiaci\u00f3n europea.<\/li>\n<li>As\u00ed, en concreto, podr\u00e1n participar aquellas que se encuentren en la situaci\u00f3n indicada en la Ley 44\/2007 Cap\u00edtulo I, art\u00edculo 2:\n<ul>\n<li>Rentas m\u00ednimas o b\u00e1sicas.<\/li>\n<li>Personas que no tengan acceso a las anteriores, que se encuentren en la siguiente situaci\u00f3n: falta de residencia o empadronamiento, haber agotado periodo de percepciones, personas con problemas de drogodependencia, ex reclusos, menores en centros.<\/li>\n<\/ul>\n<\/li>\n<li>Son demandantes de empleo pertenecientes a colectivos considerados de dif\u00edcil inserci\u00f3n:\n<ul>\n<li>Menores de 30 a\u00f1os y mayores de 45.<\/li>\n<li>Mujer v\u00edctima de violencia de g\u00e9nero. o Mujer responsable de familia monoparental con menores a cargo.\u00a0 o Baja\/media empleabilidad con baja cualificaci\u00f3n o estudios b\u00e1sicos.\u00a0 o Persona con discapacidad.<\/li>\n<li>Personas con situaciones de salud que dificultan su acceso a empleos de los sectores profesionales de baja cualificaci\u00f3n.<\/li>\n<\/ul>\n<\/li>\n<li>Residentes en Mula o municipios pertenecientes a la Mancomunidad del R\u00edo Mula.<\/li>\n<\/ul>\n<p><strong>Necesidades del espacio: <\/strong><\/p>\n<ul>\n<li>2 m2 por alumno\/a.<\/li>\n<li>Iluminaci\u00f3n y ventilaci\u00f3n suficiente.<\/li>\n<li>Acceso a ba\u00f1os.<\/li>\n<li>Mesas y sillas en n\u00famero igual o superior al n\u00famero de asistentes.<\/li>\n<li><\/li>\n<\/ul>\n<p><strong>Organizaci\u00f3n formaci\u00f3n: <\/strong><\/p>\n<p>Servicios Sociales se encargar\u00e1 de la selecci\u00f3n e inscripci\u00f3n de las personas participantes.<\/p>\n<p>El grupo debe estar formado por 10 personas aproximadamente, por lo que 5 d\u00edas antes del inicio de la formaci\u00f3n debemos recibir en la direcci\u00f3n integradora@proyectoabraham.org entre 10 y 14 fichas de inscripci\u00f3n debidamente rellenadas y acompa\u00f1adas de la documentaci\u00f3n pertinente.<\/p>\n<p><strong>Calendario: <\/strong><\/p>\n<table width=\"0\">\n<tbody>\n<tr>\n<td width=\"26\"><\/td>\n<td width=\"69\"><\/td>\n<td width=\"96\"><strong>febrero <\/strong><\/td>\n<td width=\"94\"><\/td>\n<td width=\"23\"><\/td>\n<td width=\"72\"><\/td>\n<td width=\"97\"><\/td>\n<td width=\"94\"><\/td>\n<td width=\"95\"><\/td>\n<\/tr>\n<tr>\n<td width=\"26\"><\/td>\n<td width=\"69\"><strong>LUNES <\/strong><\/td>\n<td width=\"96\"><strong>MARTES <\/strong><\/td>\n<td width=\"94\"><strong>MI\u00c9RCOLES <\/strong><\/td>\n<td width=\"23\"><\/td>\n<td width=\"72\"><strong>JUEVES <\/strong><\/td>\n<td width=\"97\"><strong>VIERNES <\/strong><\/td>\n<td width=\"94\"><strong>S\u00c1BADO <\/strong><\/td>\n<td width=\"95\"><strong>DOMINGO <\/strong><\/td>\n<\/tr>\n<tr>\n<td width=\"26\"><strong>\u00a0<\/strong><\/p>\n<p><strong>\u00a0<\/strong><\/td>\n<td width=\"69\"><\/td>\n<td width=\"96\"><strong>1 <\/strong><\/p>\n<p>Sesion presencial<\/td>\n<td width=\"94\"><strong>2 <\/strong><\/p>\n<p>Sesion presencial<\/td>\n<td width=\"23\"><strong>3 <\/strong><\/td>\n<td width=\"72\"><\/td>\n<td width=\"97\"><strong>4 <\/strong><\/p>\n<p>Sesion presencial<\/td>\n<td width=\"94\"><strong>8 <\/strong><\/td>\n<td width=\"95\"><strong>9 <\/strong><\/p>\n<p><strong>\u00a0<\/strong><\/td>\n<\/tr>\n<tr>\n<td width=\"26\"><strong>7 <\/strong><\/td>\n<td width=\"69\"><\/td>\n<td width=\"96\"><strong>8 <\/strong><\/p>\n<p>Sesion presencial<\/td>\n<td width=\"94\"><strong>9 <\/strong><\/p>\n<p>Sesion presencial<\/td>\n<td width=\"23\"><strong>10 <\/strong><\/td>\n<td width=\"72\"><\/td>\n<td width=\"97\"><strong>11<\/strong><\/p>\n<p>Sesion presencial<\/td>\n<td width=\"94\"><strong>12 <\/strong><\/p>\n<p><strong>\u00a0<\/strong><\/td>\n<td width=\"95\"><strong>13 <\/strong><\/p>\n<p><strong>\u00a0<\/strong><\/td>\n<\/tr>\n<tr>\n<td width=\"26\"><strong>14<\/strong><\/p>\n<p><strong>\u00a0 <\/strong><\/td>\n<td width=\"69\"><\/td>\n<td width=\"96\"><strong>15<\/strong><\/p>\n<p>Sesion presencial<\/td>\n<td width=\"94\"><strong>16 <\/strong><\/p>\n<p>Sesion presencial<\/td>\n<td width=\"23\"><strong>17<\/strong><\/td>\n<td width=\"72\"><\/td>\n<td width=\"97\"><strong>18 <\/strong><\/p>\n<p>Sesion presencial<\/td>\n<td width=\"94\"><strong>19 <\/strong><\/p>\n<p><strong>\u00a0<\/strong><\/td>\n<td width=\"95\"><strong>20<\/strong><\/td>\n<\/tr>\n<tr>\n<td width=\"26\"><strong>21 <\/strong><\/td>\n<td width=\"69\"><\/td>\n<td width=\"96\"><strong>22 <\/strong><\/p>\n<p>Sesion presencial<\/td>\n<td width=\"94\"><strong>23 <\/strong><\/td>\n<td width=\"23\"><strong>24<\/strong><\/td>\n<td width=\"72\"><\/td>\n<td width=\"97\"><strong>25 <\/strong><\/p>\n<p><strong>\u00a0<\/strong><\/td>\n<td width=\"94\"><strong>26 <\/strong><\/p>\n<p><strong>\u00a0<\/strong><\/td>\n<td width=\"95\"><strong>27 <\/strong><\/p>\n<p><strong>\u00a0<\/strong><\/td>\n<\/tr>\n<tr>\n<td width=\"26\"><strong>28 <\/strong><\/td>\n<td width=\"69\"><\/td>\n<td width=\"96\"><strong>\u00a0<\/strong><\/td>\n<td width=\"94\"><strong>\u00a0<\/strong><\/td>\n<td width=\"23\"><\/td>\n<td width=\"72\"><\/td>\n<td width=\"97\"><strong>\u00a0<\/strong><\/p>\n<p><strong>\u00a0<\/strong><\/td>\n<td width=\"94\"><strong>\u00a0<\/strong><\/p>\n<p><strong>\u00a0<\/strong><\/td>\n<td width=\"95\"><strong>\u00a0<\/strong><\/p>\n<p><strong>\u00a0<\/strong><\/td>\n<\/tr>\n<\/tbody>\n<\/table>\n<p>CONDICIONES DE ESPACIO DE FORMACI\u00d3N PRESENCIAL:<\/p>\n<p>Se seguir\u00e1n las indicaciones de aforo y uso que el propio ayuntamiento haya planificado para sus espacios o las condiciones deber\u00e1n ser similares a las expuestas por Acuerdo del Consejo de Gobierno de 19 de junio de 2020 (BORM n\u00ba 140, suplemento n\u00ba 13, de 19\/06\/2020):<\/p>\n<p>La ocupaci\u00f3n m\u00e1xima permitida en academias, centros de formaci\u00f3n, otros centros p\u00fablicos y privados de ense\u00f1anza no reglada y autoescuelas no podr\u00e1 ser superior al setenta y cinco por ciento de su aforo, con un m\u00e1ximo de treinta personas.<\/p>\n<p>Desde la Asociaci\u00f3n, siempre:<\/p>\n<ul>\n<li>Pondremos a disposici\u00f3n dispensadores de gel hidroalcoh\u00f3licos o desinfectantes.<\/li>\n<li>Ser\u00e1 obligatorio para el alumnado llevar siempre puesta la mascarilla.<\/li>\n<\/ul>\n<p>Este proyecto cuenta con la financiaci\u00f3n de la Consejer\u00eda de Mujer, Igualdad, LGTBI, Familias y Pol\u00edtica Social, para la realizaci\u00f3n de programas de inter\u00e9s general dirigidas a fines de inter\u00e9s social a desarrollar por entidades del tercer sector en la Comunidad Aut\u00f3noma de la Regi\u00f3n de Murcia, con cargo a la asignaci\u00f3n tributaria del 0,7% del Impuesto sobre la Renta de las Personas F\u00edsicas.<\/p>\n<\/div><\/div><\/div><\/div><\/div><\/p>\n","protected":false},"excerpt":{"rendered":"","protected":false},"author":9,"featured_media":43507,"comment_status":"closed","ping_status":"closed","sticky":false,"template":"","format":"standard","meta":{"jetpack_post_was_ever_published":false,"_jetpack_newsletter_access":"","_jetpack_dont_email_post_to_subs":false,"_jetpack_newsletter_tier_id":0,"_jetpack_memberships_contains_paywalled_content":false,"_jetpack_memberships_contains_paid_content":false,"footnotes":"","jetpack_publicize_message":"","jetpack_publicize_feature_enabled":true,"jetpack_social_post_already_shared":false,"jetpack_social_options":{"image_generator_settings":{"template":"highway","default_image_id":0,"font":"","enabled":false},"version":2}},"categories":[93],"tags":[],"class_list":["post-43485","post","type-post","status-publish","format-standard","has-post-thumbnail","hentry","category-servicios-sociales"],"yoast_head":"<!-- This site is optimized with the Yoast SEO plugin v27.5 - https:\/\/yoast.com\/product\/yoast-seo-wordpress\/ -->\n<title>POL\u00cdTICA SOCIAL | Proyecto de Empleabilidad en \u00e1rea profesional confecci\u00f3n: Camina entre telas - Ayuntamiento de Mula<\/title>\n<meta name=\"robots\" content=\"index, follow, max-snippet:-1, max-image-preview:large, max-video-preview:-1\" \/>\n<link rel=\"canonical\" href=\"https:\/\/mula.es\/web\/servicios-sociales-proyecto-de-empleabilidad-en-area-profesional-confeccion-camina-entre-telas\/\" \/>\n<meta property=\"og:locale\" content=\"es_ES\" \/>\n<meta property=\"og:type\" content=\"article\" \/>\n<meta property=\"og:title\" content=\"POL\u00cdTICA SOCIAL | Proyecto de Empleabilidad en \u00e1rea profesional confecci\u00f3n: Camina entre telas - Ayuntamiento de Mula\" \/>\n<meta property=\"og:url\" content=\"https:\/\/mula.es\/web\/servicios-sociales-proyecto-de-empleabilidad-en-area-profesional-confeccion-camina-entre-telas\/\" \/>\n<meta property=\"og:site_name\" content=\"Ayuntamiento de Mula\" \/>\n<meta property=\"article:published_time\" content=\"2022-01-24T13:12:12+00:00\" \/>\n<meta property=\"article:modified_time\" content=\"2022-01-26T09:20:41+00:00\" \/>\n<meta property=\"og:image\" content=\"https:\/\/i0.wp.com\/mula.es\/web\/wp-content\/uploads\/2022\/01\/IMG-20220124-WA0007.jpg?fit=842%2C1192&ssl=1\" \/>\n\t<meta property=\"og:image:width\" content=\"842\" \/>\n\t<meta property=\"og:image:height\" content=\"1192\" \/>\n\t<meta property=\"og:image:type\" content=\"image\/jpeg\" \/>\n<meta name=\"author\" content=\"Rosario Mart\u00ednez\" \/>\n<meta name=\"twitter:card\" content=\"summary_large_image\" \/>\n<meta name=\"twitter:image\" content=\"https:\/\/mula.es\/web\/wp-content\/uploads\/2020\/06\/cropped-escudo-cuadrado.jpg\" \/>\n<meta name=\"twitter:creator\" content=\"@AyuntamientMula\" \/>\n<meta name=\"twitter:site\" content=\"@AyuntamientMula\" \/>\n<meta name=\"twitter:label1\" content=\"Escrito por\" \/>\n\t<meta name=\"twitter:data1\" content=\"Rosario Mart\u00ednez\" \/>\n\t<meta name=\"twitter:label2\" content=\"Tiempo de lectura\" \/>\n\t<meta name=\"twitter:data2\" content=\"7 minutos\" \/>\n<script type=\"application\/ld+json\" class=\"yoast-schema-graph\">{\"@context\":\"https:\\\/\\\/schema.org\",\"@graph\":[{\"@type\":\"Article\",\"@id\":\"https:\\\/\\\/mula.es\\\/web\\\/servicios-sociales-proyecto-de-empleabilidad-en-area-profesional-confeccion-camina-entre-telas\\\/#article\",\"isPartOf\":{\"@id\":\"https:\\\/\\\/mula.es\\\/web\\\/servicios-sociales-proyecto-de-empleabilidad-en-area-profesional-confeccion-camina-entre-telas\\\/\"},\"author\":{\"name\":\"Rosario Mart\u00ednez\",\"@id\":\"https:\\\/\\\/mula.es\\\/web\\\/#\\\/schema\\\/person\\\/f8d63bd3ab6e7b025268b909b7ab0771\"},\"headline\":\"POL\u00cdTICA SOCIAL | Proyecto de Empleabilidad en \u00e1rea profesional confecci\u00f3n: Camina entre telas\",\"datePublished\":\"2022-01-24T13:12:12+00:00\",\"dateModified\":\"2022-01-26T09:20:41+00:00\",\"mainEntityOfPage\":{\"@id\":\"https:\\\/\\\/mula.es\\\/web\\\/servicios-sociales-proyecto-de-empleabilidad-en-area-profesional-confeccion-camina-entre-telas\\\/\"},\"wordCount\":1471,\"image\":{\"@id\":\"https:\\\/\\\/mula.es\\\/web\\\/servicios-sociales-proyecto-de-empleabilidad-en-area-profesional-confeccion-camina-entre-telas\\\/#primaryimage\"},\"thumbnailUrl\":\"https:\\\/\\\/mula.es\\\/web\\\/wp-content\\\/uploads\\\/2022\\\/01\\\/IMG-20220124-WA0007.jpg\",\"articleSection\":[\"servicios sociales\"],\"inLanguage\":\"es\"},{\"@type\":\"WebPage\",\"@id\":\"https:\\\/\\\/mula.es\\\/web\\\/servicios-sociales-proyecto-de-empleabilidad-en-area-profesional-confeccion-camina-entre-telas\\\/\",\"url\":\"https:\\\/\\\/mula.es\\\/web\\\/servicios-sociales-proyecto-de-empleabilidad-en-area-profesional-confeccion-camina-entre-telas\\\/\",\"name\":\"POL\u00cdTICA SOCIAL | Proyecto de Empleabilidad en \u00e1rea profesional confecci\u00f3n: Camina entre telas - Ayuntamiento de Mula\",\"isPartOf\":{\"@id\":\"https:\\\/\\\/mula.es\\\/web\\\/#website\"},\"primaryImageOfPage\":{\"@id\":\"https:\\\/\\\/mula.es\\\/web\\\/servicios-sociales-proyecto-de-empleabilidad-en-area-profesional-confeccion-camina-entre-telas\\\/#primaryimage\"},\"image\":{\"@id\":\"https:\\\/\\\/mula.es\\\/web\\\/servicios-sociales-proyecto-de-empleabilidad-en-area-profesional-confeccion-camina-entre-telas\\\/#primaryimage\"},\"thumbnailUrl\":\"https:\\\/\\\/mula.es\\\/web\\\/wp-content\\\/uploads\\\/2022\\\/01\\\/IMG-20220124-WA0007.jpg\",\"datePublished\":\"2022-01-24T13:12:12+00:00\",\"dateModified\":\"2022-01-26T09:20:41+00:00\",\"author\":{\"@id\":\"https:\\\/\\\/mula.es\\\/web\\\/#\\\/schema\\\/person\\\/f8d63bd3ab6e7b025268b909b7ab0771\"},\"breadcrumb\":{\"@id\":\"https:\\\/\\\/mula.es\\\/web\\\/servicios-sociales-proyecto-de-empleabilidad-en-area-profesional-confeccion-camina-entre-telas\\\/#breadcrumb\"},\"inLanguage\":\"es\",\"potentialAction\":[{\"@type\":\"ReadAction\",\"target\":[\"https:\\\/\\\/mula.es\\\/web\\\/servicios-sociales-proyecto-de-empleabilidad-en-area-profesional-confeccion-camina-entre-telas\\\/\"]}]},{\"@type\":\"ImageObject\",\"inLanguage\":\"es\",\"@id\":\"https:\\\/\\\/mula.es\\\/web\\\/servicios-sociales-proyecto-de-empleabilidad-en-area-profesional-confeccion-camina-entre-telas\\\/#primaryimage\",\"url\":\"https:\\\/\\\/mula.es\\\/web\\\/wp-content\\\/uploads\\\/2022\\\/01\\\/IMG-20220124-WA0007.jpg\",\"contentUrl\":\"https:\\\/\\\/mula.es\\\/web\\\/wp-content\\\/uploads\\\/2022\\\/01\\\/IMG-20220124-WA0007.jpg\",\"width\":842,\"height\":1192},{\"@type\":\"BreadcrumbList\",\"@id\":\"https:\\\/\\\/mula.es\\\/web\\\/servicios-sociales-proyecto-de-empleabilidad-en-area-profesional-confeccion-camina-entre-telas\\\/#breadcrumb\",\"itemListElement\":[{\"@type\":\"ListItem\",\"position\":1,\"name\":\"Portada\",\"item\":\"https:\\\/\\\/mula.es\\\/web\\\/\"},{\"@type\":\"ListItem\",\"position\":2,\"name\":\"POL\u00cdTICA SOCIAL | Proyecto de Empleabilidad en \u00e1rea profesional confecci\u00f3n: Camina entre telas\"}]},{\"@type\":\"WebSite\",\"@id\":\"https:\\\/\\\/mula.es\\\/web\\\/#website\",\"url\":\"https:\\\/\\\/mula.es\\\/web\\\/\",\"name\":\"Ayuntamiento de Mula\",\"description\":\"P\u00e1gina web del Ayuntamiento de Mula (Regi\u00f3n de Murcia)\",\"potentialAction\":[{\"@type\":\"SearchAction\",\"target\":{\"@type\":\"EntryPoint\",\"urlTemplate\":\"https:\\\/\\\/mula.es\\\/web\\\/?s={search_term_string}\"},\"query-input\":{\"@type\":\"PropertyValueSpecification\",\"valueRequired\":true,\"valueName\":\"search_term_string\"}}],\"inLanguage\":\"es\"},{\"@type\":\"Person\",\"@id\":\"https:\\\/\\\/mula.es\\\/web\\\/#\\\/schema\\\/person\\\/f8d63bd3ab6e7b025268b909b7ab0771\",\"name\":\"Rosario Mart\u00ednez\",\"image\":{\"@type\":\"ImageObject\",\"inLanguage\":\"es\",\"@id\":\"https:\\\/\\\/secure.gravatar.com\\\/avatar\\\/ce916b980ac93e5b1d36e6068357675d4e089a572ebc8789fcb807c2fb2edfef?s=96&d=mm&r=g\",\"url\":\"https:\\\/\\\/secure.gravatar.com\\\/avatar\\\/ce916b980ac93e5b1d36e6068357675d4e089a572ebc8789fcb807c2fb2edfef?s=96&d=mm&r=g\",\"contentUrl\":\"https:\\\/\\\/secure.gravatar.com\\\/avatar\\\/ce916b980ac93e5b1d36e6068357675d4e089a572ebc8789fcb807c2fb2edfef?s=96&d=mm&r=g\",\"caption\":\"Rosario Mart\u00ednez\"},\"url\":\"https:\\\/\\\/mula.es\\\/web\\\/author\\\/rmartinez\\\/\"}]}<\/script>\n<!-- \/ Yoast SEO plugin. -->","yoast_head_json":{"title":"POL\u00cdTICA SOCIAL | Proyecto de Empleabilidad en \u00e1rea profesional confecci\u00f3n: Camina entre telas - Ayuntamiento de Mula","robots":{"index":"index","follow":"follow","max-snippet":"max-snippet:-1","max-image-preview":"max-image-preview:large","max-video-preview":"max-video-preview:-1"},"canonical":"https:\/\/mula.es\/web\/servicios-sociales-proyecto-de-empleabilidad-en-area-profesional-confeccion-camina-entre-telas\/","og_locale":"es_ES","og_type":"article","og_title":"POL\u00cdTICA SOCIAL | Proyecto de Empleabilidad en \u00e1rea profesional confecci\u00f3n: Camina entre telas - Ayuntamiento de Mula","og_url":"https:\/\/mula.es\/web\/servicios-sociales-proyecto-de-empleabilidad-en-area-profesional-confeccion-camina-entre-telas\/","og_site_name":"Ayuntamiento de Mula","article_published_time":"2022-01-24T13:12:12+00:00","article_modified_time":"2022-01-26T09:20:41+00:00","og_image":[{"width":842,"height":1192,"url":"https:\/\/i0.wp.com\/mula.es\/web\/wp-content\/uploads\/2022\/01\/IMG-20220124-WA0007.jpg?fit=842%2C1192&ssl=1","type":"image\/jpeg"}],"author":"Rosario Mart\u00ednez","twitter_card":"summary_large_image","twitter_image":"https:\/\/mula.es\/web\/wp-content\/uploads\/2020\/06\/cropped-escudo-cuadrado.jpg","twitter_creator":"@AyuntamientMula","twitter_site":"@AyuntamientMula","twitter_misc":{"Escrito por":"Rosario Mart\u00ednez","Tiempo de lectura":"7 minutos"},"schema":{"@context":"https:\/\/schema.org","@graph":[{"@type":"Article","@id":"https:\/\/mula.es\/web\/servicios-sociales-proyecto-de-empleabilidad-en-area-profesional-confeccion-camina-entre-telas\/#article","isPartOf":{"@id":"https:\/\/mula.es\/web\/servicios-sociales-proyecto-de-empleabilidad-en-area-profesional-confeccion-camina-entre-telas\/"},"author":{"name":"Rosario Mart\u00ednez","@id":"https:\/\/mula.es\/web\/#\/schema\/person\/f8d63bd3ab6e7b025268b909b7ab0771"},"headline":"POL\u00cdTICA SOCIAL | Proyecto de Empleabilidad en \u00e1rea profesional confecci\u00f3n: Camina entre telas","datePublished":"2022-01-24T13:12:12+00:00","dateModified":"2022-01-26T09:20:41+00:00","mainEntityOfPage":{"@id":"https:\/\/mula.es\/web\/servicios-sociales-proyecto-de-empleabilidad-en-area-profesional-confeccion-camina-entre-telas\/"},"wordCount":1471,"image":{"@id":"https:\/\/mula.es\/web\/servicios-sociales-proyecto-de-empleabilidad-en-area-profesional-confeccion-camina-entre-telas\/#primaryimage"},"thumbnailUrl":"https:\/\/mula.es\/web\/wp-content\/uploads\/2022\/01\/IMG-20220124-WA0007.jpg","articleSection":["servicios sociales"],"inLanguage":"es"},{"@type":"WebPage","@id":"https:\/\/mula.es\/web\/servicios-sociales-proyecto-de-empleabilidad-en-area-profesional-confeccion-camina-entre-telas\/","url":"https:\/\/mula.es\/web\/servicios-sociales-proyecto-de-empleabilidad-en-area-profesional-confeccion-camina-entre-telas\/","name":"POL\u00cdTICA SOCIAL | Proyecto de Empleabilidad en \u00e1rea profesional confecci\u00f3n: Camina entre telas - Ayuntamiento de Mula","isPartOf":{"@id":"https:\/\/mula.es\/web\/#website"},"primaryImageOfPage":{"@id":"https:\/\/mula.es\/web\/servicios-sociales-proyecto-de-empleabilidad-en-area-profesional-confeccion-camina-entre-telas\/#primaryimage"},"image":{"@id":"https:\/\/mula.es\/web\/servicios-sociales-proyecto-de-empleabilidad-en-area-profesional-confeccion-camina-entre-telas\/#primaryimage"},"thumbnailUrl":"https:\/\/mula.es\/web\/wp-content\/uploads\/2022\/01\/IMG-20220124-WA0007.jpg","datePublished":"2022-01-24T13:12:12+00:00","dateModified":"2022-01-26T09:20:41+00:00","author":{"@id":"https:\/\/mula.es\/web\/#\/schema\/person\/f8d63bd3ab6e7b025268b909b7ab0771"},"breadcrumb":{"@id":"https:\/\/mula.es\/web\/servicios-sociales-proyecto-de-empleabilidad-en-area-profesional-confeccion-camina-entre-telas\/#breadcrumb"},"inLanguage":"es","potentialAction":[{"@type":"ReadAction","target":["https:\/\/mula.es\/web\/servicios-sociales-proyecto-de-empleabilidad-en-area-profesional-confeccion-camina-entre-telas\/"]}]},{"@type":"ImageObject","inLanguage":"es","@id":"https:\/\/mula.es\/web\/servicios-sociales-proyecto-de-empleabilidad-en-area-profesional-confeccion-camina-entre-telas\/#primaryimage","url":"https:\/\/mula.es\/web\/wp-content\/uploads\/2022\/01\/IMG-20220124-WA0007.jpg","contentUrl":"https:\/\/mula.es\/web\/wp-content\/uploads\/2022\/01\/IMG-20220124-WA0007.jpg","width":842,"height":1192},{"@type":"BreadcrumbList","@id":"https:\/\/mula.es\/web\/servicios-sociales-proyecto-de-empleabilidad-en-area-profesional-confeccion-camina-entre-telas\/#breadcrumb","itemListElement":[{"@type":"ListItem","position":1,"name":"Portada","item":"https:\/\/mula.es\/web\/"},{"@type":"ListItem","position":2,"name":"POL\u00cdTICA SOCIAL | Proyecto de Empleabilidad en \u00e1rea profesional confecci\u00f3n: Camina entre telas"}]},{"@type":"WebSite","@id":"https:\/\/mula.es\/web\/#website","url":"https:\/\/mula.es\/web\/","name":"Ayuntamiento de Mula","description":"P\u00e1gina web del Ayuntamiento de Mula (Regi\u00f3n de Murcia)","potentialAction":[{"@type":"SearchAction","target":{"@type":"EntryPoint","urlTemplate":"https:\/\/mula.es\/web\/?s={search_term_string}"},"query-input":{"@type":"PropertyValueSpecification","valueRequired":true,"valueName":"search_term_string"}}],"inLanguage":"es"},{"@type":"Person","@id":"https:\/\/mula.es\/web\/#\/schema\/person\/f8d63bd3ab6e7b025268b909b7ab0771","name":"Rosario Mart\u00ednez","image":{"@type":"ImageObject","inLanguage":"es","@id":"https:\/\/secure.gravatar.com\/avatar\/ce916b980ac93e5b1d36e6068357675d4e089a572ebc8789fcb807c2fb2edfef?s=96&d=mm&r=g","url":"https:\/\/secure.gravatar.com\/avatar\/ce916b980ac93e5b1d36e6068357675d4e089a572ebc8789fcb807c2fb2edfef?s=96&d=mm&r=g","contentUrl":"https:\/\/secure.gravatar.com\/avatar\/ce916b980ac93e5b1d36e6068357675d4e089a572ebc8789fcb807c2fb2edfef?s=96&d=mm&r=g","caption":"Rosario Mart\u00ednez"},"url":"https:\/\/mula.es\/web\/author\/rmartinez\/"}]}},"jetpack_publicize_connections":[],"jetpack_featured_media_url":"https:\/\/mula.es\/web\/wp-content\/uploads\/2022\/01\/IMG-20220124-WA0007.jpg","jetpack_sharing_enabled":true,"jetpack_shortlink":"https:\/\/wp.me\/pa9DMY-bjn","jetpack-related-posts":[],"_links":{"self":[{"href":"https:\/\/mula.es\/web\/wp-json\/wp\/v2\/posts\/43485","targetHints":{"allow":["GET"]}}],"collection":[{"href":"https:\/\/mula.es\/web\/wp-json\/wp\/v2\/posts"}],"about":[{"href":"https:\/\/mula.es\/web\/wp-json\/wp\/v2\/types\/post"}],"author":[{"embeddable":true,"href":"https:\/\/mula.es\/web\/wp-json\/wp\/v2\/users\/9"}],"replies":[{"embeddable":true,"href":"https:\/\/mula.es\/web\/wp-json\/wp\/v2\/comments?post=43485"}],"version-history":[{"count":3,"href":"https:\/\/mula.es\/web\/wp-json\/wp\/v2\/posts\/43485\/revisions"}],"predecessor-version":[{"id":43509,"href":"https:\/\/mula.es\/web\/wp-json\/wp\/v2\/posts\/43485\/revisions\/43509"}],"wp:featuredmedia":[{"embeddable":true,"href":"https:\/\/mula.es\/web\/wp-json\/wp\/v2\/media\/43507"}],"wp:attachment":[{"href":"https:\/\/mula.es\/web\/wp-json\/wp\/v2\/media?parent=43485"}],"wp:term":[{"taxonomy":"category","embeddable":true,"href":"https:\/\/mula.es\/web\/wp-json\/wp\/v2\/categories?post=43485"},{"taxonomy":"post_tag","embeddable":true,"href":"https:\/\/mula.es\/web\/wp-json\/wp\/v2\/tags?post=43485"}],"curies":[{"name":"wp","href":"https:\/\/api.w.org\/{rel}","templated":true}]}}