{"id":43573,"date":"2022-02-02T14:44:28","date_gmt":"2022-02-02T13:44:28","guid":{"rendered":"https:\/\/mula.es\/web\/?p=43573"},"modified":"2022-02-02T14:46:16","modified_gmt":"2022-02-02T13:46:16","slug":"deportes-el-alcalde-de-mula-se-reune-con-el-consejero-de-presidencia-turismo-y-deportes-y-el-director-general-de-deportes-para-solicitar-dos-proyectos-esenciales-para-el-deporte-muleno","status":"publish","type":"post","link":"https:\/\/mula.es\/web\/deportes-el-alcalde-de-mula-se-reune-con-el-consejero-de-presidencia-turismo-y-deportes-y-el-director-general-de-deportes-para-solicitar-dos-proyectos-esenciales-para-el-deporte-muleno\/","title":{"rendered":"DEPORTES | El Alcalde de Mula se re\u00fane con el Consejero de Presidencia, Turismo y Deportes y el Director General de Deportes para solicitar dos proyectos esenciales para el deporte mule\u00f1o"},"content":{"rendered":"<p style=\"text-align: justify;\">Se requieren fondos para una pista polideportiva de atletismo y el cambio del c\u00e9sped artificial de los campos de f\u00fatbol 7 y f\u00fatbol 11 de las instalaciones del Jos\u00e9 Soriano Chac\u00f3n.<\/p>\n<p style=\"text-align: justify;\">Mula 2 de febrero de 2022. El Alcalde de Mula, Juan Jes\u00fas Moreno, acompa\u00f1ado por el Concejal de Deportes, Vicente L\u00f3pez, se ha reunido esta ma\u00f1ana con el Consejero de Presidencia, Turismo y Deportes, Marcos Ortu\u00f1o, y con el Director General de Deportes, Francisco Javier S\u00e1nchez, para solicitar fondos para la realizaci\u00f3n de dos proyectos muy importantes para el deporte mule\u00f1o.<\/p>\n<p style=\"text-align: justify;\">La construcci\u00f3n de una pista polideportiva de atletismo y el cambio del c\u00e9sped artificial de los campos de f\u00fatbol 7 y f\u00fatbol 11 de las instalaciones del Complejo Deportivo Jos\u00e9 Soriano Espinosa \u201cChac\u00f3n\u201d son una necesidad en s\u00ed para el municipio y una demanda de los deportistas mule\u00f1os. \u201cTenemos grandes deportistas de \u00e9lite en el municipio de Mula que necesitan unas instalaciones deportivas en condiciones \u00f3ptimas, ellos lo merecen\u201d ha remarcado Juan Jes\u00fas Moreno.<\/p>\n<p style=\"text-align: justify;\">El Consejero ha recogido estas propuestas y ha mostrado su disposici\u00f3n para que puedan llevarse a cabo, emplazando al Alcalde a una nueva reuni\u00f3n en los pr\u00f3ximos meses, cuando se convoquen las nuevas l\u00edneas de ayuda para temas deportivos, tanto de los Fondos Europeos como del Fondo Europeo de Desarrollo Regional (FEDER).<\/p>\n","protected":false},"excerpt":{"rendered":"<p>Se requieren fondos para una pista polideportiva de atletismo y el cambio del c\u00e9sped artificial de los campos de f\u00fatbol 7 y f\u00fatbol 11 de las instalaciones del Jos\u00e9 Soriano Chac\u00f3n. Mula 2 de febrero de 2022. El Alcalde de Mula, Juan Jes\u00fas Moreno, acompa\u00f1ado por el Concejal de Deportes, Vicente L\u00f3pez, se ha reunido  [&#8230;]<\/p>\n","protected":false},"author":9,"featured_media":43574,"comment_status":"closed","ping_status":"closed","sticky":false,"template":"","format":"standard","meta":{"jetpack_post_was_ever_published":false,"_jetpack_newsletter_access":"","_jetpack_dont_email_post_to_subs":false,"_jetpack_newsletter_tier_id":0,"_jetpack_memberships_contains_paywalled_content":false,"_jetpack_memberships_contains_paid_content":false,"footnotes":"","jetpack_publicize_message":"","jetpack_publicize_feature_enabled":true,"jetpack_social_post_already_shared":false,"jetpack_social_options":{"image_generator_settings":{"template":"highway","default_image_id":0,"font":"","enabled":false},"version":2}},"categories":[88],"tags":[],"class_list":["post-43573","post","type-post","status-publish","format-standard","has-post-thumbnail","hentry","category-deportes"],"yoast_head":"<!-- This site is optimized with the Yoast SEO plugin v27.5 - https:\/\/yoast.com\/product\/yoast-seo-wordpress\/ -->\n<title>DEPORTES | El Alcalde de Mula se re\u00fane con el Consejero de Presidencia, Turismo y Deportes y el Director General de Deportes para solicitar dos proyectos esenciales para el deporte mule\u00f1o - Ayuntamiento de Mula<\/title>\n<meta name=\"robots\" content=\"index, follow, max-snippet:-1, max-image-preview:large, max-video-preview:-1\" \/>\n<link rel=\"canonical\" href=\"https:\/\/mula.es\/web\/deportes-el-alcalde-de-mula-se-reune-con-el-consejero-de-presidencia-turismo-y-deportes-y-el-director-general-de-deportes-para-solicitar-dos-proyectos-esenciales-para-el-deporte-muleno\/\" \/>\n<meta property=\"og:locale\" content=\"es_ES\" \/>\n<meta property=\"og:type\" content=\"article\" \/>\n<meta property=\"og:title\" content=\"DEPORTES | El Alcalde de Mula se re\u00fane con el Consejero de Presidencia, Turismo y Deportes y el Director General de Deportes para solicitar dos proyectos esenciales para el deporte mule\u00f1o - Ayuntamiento de Mula\" \/>\n<meta property=\"og:description\" content=\"Se requieren fondos para una pista polideportiva de atletismo y el cambio del c\u00e9sped artificial de los campos de f\u00fatbol 7 y f\u00fatbol 11 de las instalaciones del Jos\u00e9 Soriano Chac\u00f3n. Mula 2 de febrero de 2022. El Alcalde de Mula, Juan Jes\u00fas Moreno, acompa\u00f1ado por el Concejal de Deportes, Vicente L\u00f3pez, se ha reunido [...]\" \/>\n<meta property=\"og:url\" content=\"https:\/\/mula.es\/web\/deportes-el-alcalde-de-mula-se-reune-con-el-consejero-de-presidencia-turismo-y-deportes-y-el-director-general-de-deportes-para-solicitar-dos-proyectos-esenciales-para-el-deporte-muleno\/\" \/>\n<meta property=\"og:site_name\" content=\"Ayuntamiento de Mula\" \/>\n<meta property=\"article:published_time\" content=\"2022-02-02T13:44:28+00:00\" \/>\n<meta property=\"article:modified_time\" content=\"2022-02-02T13:46:16+00:00\" \/>\n<meta property=\"og:image\" content=\"https:\/\/i0.wp.com\/mula.es\/web\/wp-content\/uploads\/2022\/02\/DEPORTES-2.jpg?fit=1024%2C768&ssl=1\" \/>\n\t<meta property=\"og:image:width\" content=\"1024\" \/>\n\t<meta property=\"og:image:height\" content=\"768\" \/>\n\t<meta property=\"og:image:type\" content=\"image\/jpeg\" \/>\n<meta name=\"author\" content=\"Rosario Mart\u00ednez\" \/>\n<meta name=\"twitter:card\" content=\"summary_large_image\" \/>\n<meta name=\"twitter:image\" content=\"https:\/\/mula.es\/web\/wp-content\/uploads\/2020\/06\/cropped-escudo-cuadrado.jpg\" \/>\n<meta name=\"twitter:creator\" content=\"@AyuntamientMula\" \/>\n<meta name=\"twitter:site\" content=\"@AyuntamientMula\" \/>\n<meta name=\"twitter:label1\" content=\"Escrito por\" \/>\n\t<meta name=\"twitter:data1\" content=\"Rosario Mart\u00ednez\" \/>\n\t<meta name=\"twitter:label2\" content=\"Tiempo de lectura\" \/>\n\t<meta name=\"twitter:data2\" content=\"1 minuto\" \/>\n<script type=\"application\/ld+json\" class=\"yoast-schema-graph\">{\"@context\":\"https:\\\/\\\/schema.org\",\"@graph\":[{\"@type\":\"Article\",\"@id\":\"https:\\\/\\\/mula.es\\\/web\\\/deportes-el-alcalde-de-mula-se-reune-con-el-consejero-de-presidencia-turismo-y-deportes-y-el-director-general-de-deportes-para-solicitar-dos-proyectos-esenciales-para-el-deporte-muleno\\\/#article\",\"isPartOf\":{\"@id\":\"https:\\\/\\\/mula.es\\\/web\\\/deportes-el-alcalde-de-mula-se-reune-con-el-consejero-de-presidencia-turismo-y-deportes-y-el-director-general-de-deportes-para-solicitar-dos-proyectos-esenciales-para-el-deporte-muleno\\\/\"},\"author\":{\"name\":\"Rosario Mart\u00ednez\",\"@id\":\"https:\\\/\\\/mula.es\\\/web\\\/#\\\/schema\\\/person\\\/f8d63bd3ab6e7b025268b909b7ab0771\"},\"headline\":\"DEPORTES | El Alcalde de Mula se re\u00fane con el Consejero de Presidencia, Turismo y Deportes y el Director General de Deportes para solicitar dos proyectos esenciales para el deporte mule\u00f1o\",\"datePublished\":\"2022-02-02T13:44:28+00:00\",\"dateModified\":\"2022-02-02T13:46:16+00:00\",\"mainEntityOfPage\":{\"@id\":\"https:\\\/\\\/mula.es\\\/web\\\/deportes-el-alcalde-de-mula-se-reune-con-el-consejero-de-presidencia-turismo-y-deportes-y-el-director-general-de-deportes-para-solicitar-dos-proyectos-esenciales-para-el-deporte-muleno\\\/\"},\"wordCount\":267,\"image\":{\"@id\":\"https:\\\/\\\/mula.es\\\/web\\\/deportes-el-alcalde-de-mula-se-reune-con-el-consejero-de-presidencia-turismo-y-deportes-y-el-director-general-de-deportes-para-solicitar-dos-proyectos-esenciales-para-el-deporte-muleno\\\/#primaryimage\"},\"thumbnailUrl\":\"https:\\\/\\\/mula.es\\\/web\\\/wp-content\\\/uploads\\\/2022\\\/02\\\/DEPORTES-2.jpg\",\"articleSection\":[\"deportes\"],\"inLanguage\":\"es\"},{\"@type\":\"WebPage\",\"@id\":\"https:\\\/\\\/mula.es\\\/web\\\/deportes-el-alcalde-de-mula-se-reune-con-el-consejero-de-presidencia-turismo-y-deportes-y-el-director-general-de-deportes-para-solicitar-dos-proyectos-esenciales-para-el-deporte-muleno\\\/\",\"url\":\"https:\\\/\\\/mula.es\\\/web\\\/deportes-el-alcalde-de-mula-se-reune-con-el-consejero-de-presidencia-turismo-y-deportes-y-el-director-general-de-deportes-para-solicitar-dos-proyectos-esenciales-para-el-deporte-muleno\\\/\",\"name\":\"DEPORTES | El Alcalde de Mula se re\u00fane con el Consejero de Presidencia, Turismo y Deportes y el Director General de Deportes para solicitar dos proyectos esenciales para el deporte mule\u00f1o - Ayuntamiento de Mula\",\"isPartOf\":{\"@id\":\"https:\\\/\\\/mula.es\\\/web\\\/#website\"},\"primaryImageOfPage\":{\"@id\":\"https:\\\/\\\/mula.es\\\/web\\\/deportes-el-alcalde-de-mula-se-reune-con-el-consejero-de-presidencia-turismo-y-deportes-y-el-director-general-de-deportes-para-solicitar-dos-proyectos-esenciales-para-el-deporte-muleno\\\/#primaryimage\"},\"image\":{\"@id\":\"https:\\\/\\\/mula.es\\\/web\\\/deportes-el-alcalde-de-mula-se-reune-con-el-consejero-de-presidencia-turismo-y-deportes-y-el-director-general-de-deportes-para-solicitar-dos-proyectos-esenciales-para-el-deporte-muleno\\\/#primaryimage\"},\"thumbnailUrl\":\"https:\\\/\\\/mula.es\\\/web\\\/wp-content\\\/uploads\\\/2022\\\/02\\\/DEPORTES-2.jpg\",\"datePublished\":\"2022-02-02T13:44:28+00:00\",\"dateModified\":\"2022-02-02T13:46:16+00:00\",\"author\":{\"@id\":\"https:\\\/\\\/mula.es\\\/web\\\/#\\\/schema\\\/person\\\/f8d63bd3ab6e7b025268b909b7ab0771\"},\"breadcrumb\":{\"@id\":\"https:\\\/\\\/mula.es\\\/web\\\/deportes-el-alcalde-de-mula-se-reune-con-el-consejero-de-presidencia-turismo-y-deportes-y-el-director-general-de-deportes-para-solicitar-dos-proyectos-esenciales-para-el-deporte-muleno\\\/#breadcrumb\"},\"inLanguage\":\"es\",\"potentialAction\":[{\"@type\":\"ReadAction\",\"target\":[\"https:\\\/\\\/mula.es\\\/web\\\/deportes-el-alcalde-de-mula-se-reune-con-el-consejero-de-presidencia-turismo-y-deportes-y-el-director-general-de-deportes-para-solicitar-dos-proyectos-esenciales-para-el-deporte-muleno\\\/\"]}]},{\"@type\":\"ImageObject\",\"inLanguage\":\"es\",\"@id\":\"https:\\\/\\\/mula.es\\\/web\\\/deportes-el-alcalde-de-mula-se-reune-con-el-consejero-de-presidencia-turismo-y-deportes-y-el-director-general-de-deportes-para-solicitar-dos-proyectos-esenciales-para-el-deporte-muleno\\\/#primaryimage\",\"url\":\"https:\\\/\\\/mula.es\\\/web\\\/wp-content\\\/uploads\\\/2022\\\/02\\\/DEPORTES-2.jpg\",\"contentUrl\":\"https:\\\/\\\/mula.es\\\/web\\\/wp-content\\\/uploads\\\/2022\\\/02\\\/DEPORTES-2.jpg\",\"width\":1024,\"height\":768},{\"@type\":\"BreadcrumbList\",\"@id\":\"https:\\\/\\\/mula.es\\\/web\\\/deportes-el-alcalde-de-mula-se-reune-con-el-consejero-de-presidencia-turismo-y-deportes-y-el-director-general-de-deportes-para-solicitar-dos-proyectos-esenciales-para-el-deporte-muleno\\\/#breadcrumb\",\"itemListElement\":[{\"@type\":\"ListItem\",\"position\":1,\"name\":\"Portada\",\"item\":\"https:\\\/\\\/mula.es\\\/web\\\/\"},{\"@type\":\"ListItem\",\"position\":2,\"name\":\"DEPORTES | El Alcalde de Mula se re\u00fane con el Consejero de Presidencia, Turismo y Deportes y el Director General de Deportes para solicitar dos proyectos esenciales para el deporte mule\u00f1o\"}]},{\"@type\":\"WebSite\",\"@id\":\"https:\\\/\\\/mula.es\\\/web\\\/#website\",\"url\":\"https:\\\/\\\/mula.es\\\/web\\\/\",\"name\":\"Ayuntamiento de Mula\",\"description\":\"P\u00e1gina web del Ayuntamiento de Mula (Regi\u00f3n de Murcia)\",\"potentialAction\":[{\"@type\":\"SearchAction\",\"target\":{\"@type\":\"EntryPoint\",\"urlTemplate\":\"https:\\\/\\\/mula.es\\\/web\\\/?s={search_term_string}\"},\"query-input\":{\"@type\":\"PropertyValueSpecification\",\"valueRequired\":true,\"valueName\":\"search_term_string\"}}],\"inLanguage\":\"es\"},{\"@type\":\"Person\",\"@id\":\"https:\\\/\\\/mula.es\\\/web\\\/#\\\/schema\\\/person\\\/f8d63bd3ab6e7b025268b909b7ab0771\",\"name\":\"Rosario Mart\u00ednez\",\"image\":{\"@type\":\"ImageObject\",\"inLanguage\":\"es\",\"@id\":\"https:\\\/\\\/secure.gravatar.com\\\/avatar\\\/ce916b980ac93e5b1d36e6068357675d4e089a572ebc8789fcb807c2fb2edfef?s=96&d=mm&r=g\",\"url\":\"https:\\\/\\\/secure.gravatar.com\\\/avatar\\\/ce916b980ac93e5b1d36e6068357675d4e089a572ebc8789fcb807c2fb2edfef?s=96&d=mm&r=g\",\"contentUrl\":\"https:\\\/\\\/secure.gravatar.com\\\/avatar\\\/ce916b980ac93e5b1d36e6068357675d4e089a572ebc8789fcb807c2fb2edfef?s=96&d=mm&r=g\",\"caption\":\"Rosario Mart\u00ednez\"},\"url\":\"https:\\\/\\\/mula.es\\\/web\\\/author\\\/rmartinez\\\/\"}]}<\/script>\n<!-- \/ Yoast SEO plugin. -->","yoast_head_json":{"title":"DEPORTES | El Alcalde de Mula se re\u00fane con el Consejero de Presidencia, Turismo y Deportes y el Director General de Deportes para solicitar dos proyectos esenciales para el deporte mule\u00f1o - Ayuntamiento de Mula","robots":{"index":"index","follow":"follow","max-snippet":"max-snippet:-1","max-image-preview":"max-image-preview:large","max-video-preview":"max-video-preview:-1"},"canonical":"https:\/\/mula.es\/web\/deportes-el-alcalde-de-mula-se-reune-con-el-consejero-de-presidencia-turismo-y-deportes-y-el-director-general-de-deportes-para-solicitar-dos-proyectos-esenciales-para-el-deporte-muleno\/","og_locale":"es_ES","og_type":"article","og_title":"DEPORTES | El Alcalde de Mula se re\u00fane con el Consejero de Presidencia, Turismo y Deportes y el Director General de Deportes para solicitar dos proyectos esenciales para el deporte mule\u00f1o - Ayuntamiento de Mula","og_description":"Se requieren fondos para una pista polideportiva de atletismo y el cambio del c\u00e9sped artificial de los campos de f\u00fatbol 7 y f\u00fatbol 11 de las instalaciones del Jos\u00e9 Soriano Chac\u00f3n. Mula 2 de febrero de 2022. El Alcalde de Mula, Juan Jes\u00fas Moreno, acompa\u00f1ado por el Concejal de Deportes, Vicente L\u00f3pez, se ha reunido [...]","og_url":"https:\/\/mula.es\/web\/deportes-el-alcalde-de-mula-se-reune-con-el-consejero-de-presidencia-turismo-y-deportes-y-el-director-general-de-deportes-para-solicitar-dos-proyectos-esenciales-para-el-deporte-muleno\/","og_site_name":"Ayuntamiento de Mula","article_published_time":"2022-02-02T13:44:28+00:00","article_modified_time":"2022-02-02T13:46:16+00:00","og_image":[{"width":1024,"height":768,"url":"https:\/\/i0.wp.com\/mula.es\/web\/wp-content\/uploads\/2022\/02\/DEPORTES-2.jpg?fit=1024%2C768&ssl=1","type":"image\/jpeg"}],"author":"Rosario Mart\u00ednez","twitter_card":"summary_large_image","twitter_image":"https:\/\/mula.es\/web\/wp-content\/uploads\/2020\/06\/cropped-escudo-cuadrado.jpg","twitter_creator":"@AyuntamientMula","twitter_site":"@AyuntamientMula","twitter_misc":{"Escrito por":"Rosario Mart\u00ednez","Tiempo de lectura":"1 minuto"},"schema":{"@context":"https:\/\/schema.org","@graph":[{"@type":"Article","@id":"https:\/\/mula.es\/web\/deportes-el-alcalde-de-mula-se-reune-con-el-consejero-de-presidencia-turismo-y-deportes-y-el-director-general-de-deportes-para-solicitar-dos-proyectos-esenciales-para-el-deporte-muleno\/#article","isPartOf":{"@id":"https:\/\/mula.es\/web\/deportes-el-alcalde-de-mula-se-reune-con-el-consejero-de-presidencia-turismo-y-deportes-y-el-director-general-de-deportes-para-solicitar-dos-proyectos-esenciales-para-el-deporte-muleno\/"},"author":{"name":"Rosario Mart\u00ednez","@id":"https:\/\/mula.es\/web\/#\/schema\/person\/f8d63bd3ab6e7b025268b909b7ab0771"},"headline":"DEPORTES | El Alcalde de Mula se re\u00fane con el Consejero de Presidencia, Turismo y Deportes y el Director General de Deportes para solicitar dos proyectos esenciales para el deporte mule\u00f1o","datePublished":"2022-02-02T13:44:28+00:00","dateModified":"2022-02-02T13:46:16+00:00","mainEntityOfPage":{"@id":"https:\/\/mula.es\/web\/deportes-el-alcalde-de-mula-se-reune-con-el-consejero-de-presidencia-turismo-y-deportes-y-el-director-general-de-deportes-para-solicitar-dos-proyectos-esenciales-para-el-deporte-muleno\/"},"wordCount":267,"image":{"@id":"https:\/\/mula.es\/web\/deportes-el-alcalde-de-mula-se-reune-con-el-consejero-de-presidencia-turismo-y-deportes-y-el-director-general-de-deportes-para-solicitar-dos-proyectos-esenciales-para-el-deporte-muleno\/#primaryimage"},"thumbnailUrl":"https:\/\/mula.es\/web\/wp-content\/uploads\/2022\/02\/DEPORTES-2.jpg","articleSection":["deportes"],"inLanguage":"es"},{"@type":"WebPage","@id":"https:\/\/mula.es\/web\/deportes-el-alcalde-de-mula-se-reune-con-el-consejero-de-presidencia-turismo-y-deportes-y-el-director-general-de-deportes-para-solicitar-dos-proyectos-esenciales-para-el-deporte-muleno\/","url":"https:\/\/mula.es\/web\/deportes-el-alcalde-de-mula-se-reune-con-el-consejero-de-presidencia-turismo-y-deportes-y-el-director-general-de-deportes-para-solicitar-dos-proyectos-esenciales-para-el-deporte-muleno\/","name":"DEPORTES | El Alcalde de Mula se re\u00fane con el Consejero de Presidencia, Turismo y Deportes y el Director General de Deportes para solicitar dos proyectos esenciales para el deporte mule\u00f1o - Ayuntamiento de Mula","isPartOf":{"@id":"https:\/\/mula.es\/web\/#website"},"primaryImageOfPage":{"@id":"https:\/\/mula.es\/web\/deportes-el-alcalde-de-mula-se-reune-con-el-consejero-de-presidencia-turismo-y-deportes-y-el-director-general-de-deportes-para-solicitar-dos-proyectos-esenciales-para-el-deporte-muleno\/#primaryimage"},"image":{"@id":"https:\/\/mula.es\/web\/deportes-el-alcalde-de-mula-se-reune-con-el-consejero-de-presidencia-turismo-y-deportes-y-el-director-general-de-deportes-para-solicitar-dos-proyectos-esenciales-para-el-deporte-muleno\/#primaryimage"},"thumbnailUrl":"https:\/\/mula.es\/web\/wp-content\/uploads\/2022\/02\/DEPORTES-2.jpg","datePublished":"2022-02-02T13:44:28+00:00","dateModified":"2022-02-02T13:46:16+00:00","author":{"@id":"https:\/\/mula.es\/web\/#\/schema\/person\/f8d63bd3ab6e7b025268b909b7ab0771"},"breadcrumb":{"@id":"https:\/\/mula.es\/web\/deportes-el-alcalde-de-mula-se-reune-con-el-consejero-de-presidencia-turismo-y-deportes-y-el-director-general-de-deportes-para-solicitar-dos-proyectos-esenciales-para-el-deporte-muleno\/#breadcrumb"},"inLanguage":"es","potentialAction":[{"@type":"ReadAction","target":["https:\/\/mula.es\/web\/deportes-el-alcalde-de-mula-se-reune-con-el-consejero-de-presidencia-turismo-y-deportes-y-el-director-general-de-deportes-para-solicitar-dos-proyectos-esenciales-para-el-deporte-muleno\/"]}]},{"@type":"ImageObject","inLanguage":"es","@id":"https:\/\/mula.es\/web\/deportes-el-alcalde-de-mula-se-reune-con-el-consejero-de-presidencia-turismo-y-deportes-y-el-director-general-de-deportes-para-solicitar-dos-proyectos-esenciales-para-el-deporte-muleno\/#primaryimage","url":"https:\/\/mula.es\/web\/wp-content\/uploads\/2022\/02\/DEPORTES-2.jpg","contentUrl":"https:\/\/mula.es\/web\/wp-content\/uploads\/2022\/02\/DEPORTES-2.jpg","width":1024,"height":768},{"@type":"BreadcrumbList","@id":"https:\/\/mula.es\/web\/deportes-el-alcalde-de-mula-se-reune-con-el-consejero-de-presidencia-turismo-y-deportes-y-el-director-general-de-deportes-para-solicitar-dos-proyectos-esenciales-para-el-deporte-muleno\/#breadcrumb","itemListElement":[{"@type":"ListItem","position":1,"name":"Portada","item":"https:\/\/mula.es\/web\/"},{"@type":"ListItem","position":2,"name":"DEPORTES | El Alcalde de Mula se re\u00fane con el Consejero de Presidencia, Turismo y Deportes y el Director General de Deportes para solicitar dos proyectos esenciales para el deporte mule\u00f1o"}]},{"@type":"WebSite","@id":"https:\/\/mula.es\/web\/#website","url":"https:\/\/mula.es\/web\/","name":"Ayuntamiento de Mula","description":"P\u00e1gina web del Ayuntamiento de Mula (Regi\u00f3n de Murcia)","potentialAction":[{"@type":"SearchAction","target":{"@type":"EntryPoint","urlTemplate":"https:\/\/mula.es\/web\/?s={search_term_string}"},"query-input":{"@type":"PropertyValueSpecification","valueRequired":true,"valueName":"search_term_string"}}],"inLanguage":"es"},{"@type":"Person","@id":"https:\/\/mula.es\/web\/#\/schema\/person\/f8d63bd3ab6e7b025268b909b7ab0771","name":"Rosario Mart\u00ednez","image":{"@type":"ImageObject","inLanguage":"es","@id":"https:\/\/secure.gravatar.com\/avatar\/ce916b980ac93e5b1d36e6068357675d4e089a572ebc8789fcb807c2fb2edfef?s=96&d=mm&r=g","url":"https:\/\/secure.gravatar.com\/avatar\/ce916b980ac93e5b1d36e6068357675d4e089a572ebc8789fcb807c2fb2edfef?s=96&d=mm&r=g","contentUrl":"https:\/\/secure.gravatar.com\/avatar\/ce916b980ac93e5b1d36e6068357675d4e089a572ebc8789fcb807c2fb2edfef?s=96&d=mm&r=g","caption":"Rosario Mart\u00ednez"},"url":"https:\/\/mula.es\/web\/author\/rmartinez\/"}]}},"jetpack_publicize_connections":[],"jetpack_featured_media_url":"https:\/\/mula.es\/web\/wp-content\/uploads\/2022\/02\/DEPORTES-2.jpg","jetpack_sharing_enabled":true,"jetpack_shortlink":"https:\/\/wp.me\/pa9DMY-bkN","jetpack-related-posts":[],"_links":{"self":[{"href":"https:\/\/mula.es\/web\/wp-json\/wp\/v2\/posts\/43573","targetHints":{"allow":["GET"]}}],"collection":[{"href":"https:\/\/mula.es\/web\/wp-json\/wp\/v2\/posts"}],"about":[{"href":"https:\/\/mula.es\/web\/wp-json\/wp\/v2\/types\/post"}],"author":[{"embeddable":true,"href":"https:\/\/mula.es\/web\/wp-json\/wp\/v2\/users\/9"}],"replies":[{"embeddable":true,"href":"https:\/\/mula.es\/web\/wp-json\/wp\/v2\/comments?post=43573"}],"version-history":[{"count":2,"href":"https:\/\/mula.es\/web\/wp-json\/wp\/v2\/posts\/43573\/revisions"}],"predecessor-version":[{"id":43576,"href":"https:\/\/mula.es\/web\/wp-json\/wp\/v2\/posts\/43573\/revisions\/43576"}],"wp:featuredmedia":[{"embeddable":true,"href":"https:\/\/mula.es\/web\/wp-json\/wp\/v2\/media\/43574"}],"wp:attachment":[{"href":"https:\/\/mula.es\/web\/wp-json\/wp\/v2\/media?parent=43573"}],"wp:term":[{"taxonomy":"category","embeddable":true,"href":"https:\/\/mula.es\/web\/wp-json\/wp\/v2\/categories?post=43573"},{"taxonomy":"post_tag","embeddable":true,"href":"https:\/\/mula.es\/web\/wp-json\/wp\/v2\/tags?post=43573"}],"curies":[{"name":"wp","href":"https:\/\/api.w.org\/{rel}","templated":true}]}}