{"id":43615,"date":"2022-02-08T13:37:34","date_gmt":"2022-02-08T12:37:34","guid":{"rendered":"https:\/\/mula.es\/web\/?p=43615"},"modified":"2022-02-08T13:39:16","modified_gmt":"2022-02-08T12:39:16","slug":"patrimonio-historico-el-alcalde-de-mula-se-reune-con-la-alcaldesa-y-la-vicealcaldesa-de-cartagena-para-la-creacion-de-una-red-de-conjuntos-historico-artisticos","status":"publish","type":"post","link":"https:\/\/mula.es\/web\/patrimonio-historico-el-alcalde-de-mula-se-reune-con-la-alcaldesa-y-la-vicealcaldesa-de-cartagena-para-la-creacion-de-una-red-de-conjuntos-historico-artisticos\/","title":{"rendered":"PATRIMONIO HIST\u00d3RICO | El Alcalde de Mula se re\u00fane con la Alcaldesa y la Vicealcaldesa de Cartagena para la creaci\u00f3n de una Red de Conjuntos Hist\u00f3rico-Art\u00edsticos."},"content":{"rendered":"<p style=\"text-align: justify;\">El Alcalde de Mula, Juan Jes\u00fas Moreno, se ha reunido con la Alcaldesa de Cartagena, Noelia Arroyo, y la Vicealcaldesa, Ana Bel\u00e9n Castej\u00f3n, para solicitarles que se unan a la creaci\u00f3n de una Red de Conjuntos Hist\u00f3rico-Art\u00edsticos de la Regi\u00f3n de Murcia.<\/p>\n<p style=\"text-align: justify;\">La iniciativa parte del del Ayuntamiento de Mula, que aprob\u00f3 en Pleno la moci\u00f3n para su puesta en marcha, contactando con los dirigentes de los municipios con conjunto hist\u00f3rico-art\u00edstico para que se unan a este proyecto. \u201cLo que se pretende con estas reuniones es explicar la importancia de esta Red que otras Comunidades Aut\u00f3nomas ya tienen, con un resultado muy satisfactorio\u201d, apunta Juan Jes\u00fas.<\/p>\n<p style=\"text-align: justify;\">Actualmente los municipios declarados como conjunto hist\u00f3rico-art\u00edstico son: Aledo, Beniel, Caravaca de la Cruz, Cartagena, Ceheg\u00edn, Jumilla, Lorca, Mula y Murcia. Lo que se pretende por parte del Ayuntamiento de Mula es lograr una cohesi\u00f3n de todos ellos para poder fomentar la importancia de estos patrimonios tanto cultural como tur\u00edsticamente, y poder acogerse, para su mantenimiento, a la financiaci\u00f3n de los Fondos Next Generation.<\/p>\n<p style=\"text-align: justify;\">Esta Red busca tambi\u00e9n fomentar el contacto con los municipios espa\u00f1oles que cuenten con esta declaraci\u00f3n para unir lazos, colaborar con la Administraci\u00f3n Auton\u00f3mica y Estatal, y potenciar un turismo cultural sostenible con la recuperaci\u00f3n del patrimonio, poniendo en valor los cascos hist\u00f3ricos.<\/p>\n<p style=\"text-align: justify;\">El Alcalde se siente muy satisfecho con la reuni\u00f3n mantenida, ya que la Alcaldesa y\u00a0 han mostrado su disposici\u00f3n a sumarse a esta Red de Conjuntos Hist\u00f3rico-Art\u00edsticos, y espera que el resto de reuniones sean igual de satisfactorias, para as\u00ed poder llevar a cabo este proyecto de iniciativa mule\u00f1a.<\/p>\n","protected":false},"excerpt":{"rendered":"<p>El Alcalde de Mula, Juan Jes\u00fas Moreno, se ha reunido con la Alcaldesa de Cartagena, Noelia Arroyo, y la Vicealcaldesa, Ana Bel\u00e9n Castej\u00f3n, para solicitarles que se unan a la creaci\u00f3n de una Red de Conjuntos Hist\u00f3rico-Art\u00edsticos de la Regi\u00f3n de Murcia. La iniciativa parte del del Ayuntamiento de Mula, que aprob\u00f3 en Pleno la  [&#8230;]<\/p>\n","protected":false},"author":1,"featured_media":43616,"comment_status":"closed","ping_status":"closed","sticky":false,"template":"","format":"standard","meta":{"jetpack_post_was_ever_published":false,"_jetpack_newsletter_access":"","_jetpack_dont_email_post_to_subs":false,"_jetpack_newsletter_tier_id":0,"_jetpack_memberships_contains_paywalled_content":false,"_jetpack_memberships_contains_paid_content":false,"footnotes":"","jetpack_publicize_message":"","jetpack_publicize_feature_enabled":true,"jetpack_social_post_already_shared":false,"jetpack_social_options":{"image_generator_settings":{"template":"highway","default_image_id":0,"font":"","enabled":false},"version":2}},"categories":[127,357],"tags":[],"class_list":["post-43615","post","type-post","status-publish","format-standard","has-post-thumbnail","hentry","category-alcalde","category-patrimonio-historico"],"yoast_head":"<!-- This site is optimized with the Yoast SEO plugin v27.5 - https:\/\/yoast.com\/product\/yoast-seo-wordpress\/ -->\n<title>PATRIMONIO HIST\u00d3RICO | El Alcalde de Mula se re\u00fane con la Alcaldesa y la Vicealcaldesa de Cartagena para la creaci\u00f3n de una Red de Conjuntos Hist\u00f3rico-Art\u00edsticos. - Ayuntamiento de Mula<\/title>\n<meta name=\"robots\" content=\"index, follow, max-snippet:-1, max-image-preview:large, max-video-preview:-1\" \/>\n<link rel=\"canonical\" href=\"https:\/\/mula.es\/web\/patrimonio-historico-el-alcalde-de-mula-se-reune-con-la-alcaldesa-y-la-vicealcaldesa-de-cartagena-para-la-creacion-de-una-red-de-conjuntos-historico-artisticos\/\" \/>\n<meta property=\"og:locale\" content=\"es_ES\" \/>\n<meta property=\"og:type\" content=\"article\" \/>\n<meta property=\"og:title\" content=\"PATRIMONIO HIST\u00d3RICO | El Alcalde de Mula se re\u00fane con la Alcaldesa y la Vicealcaldesa de Cartagena para la creaci\u00f3n de una Red de Conjuntos Hist\u00f3rico-Art\u00edsticos. - Ayuntamiento de Mula\" \/>\n<meta property=\"og:description\" content=\"El Alcalde de Mula, Juan Jes\u00fas Moreno, se ha reunido con la Alcaldesa de Cartagena, Noelia Arroyo, y la Vicealcaldesa, Ana Bel\u00e9n Castej\u00f3n, para solicitarles que se unan a la creaci\u00f3n de una Red de Conjuntos Hist\u00f3rico-Art\u00edsticos de la Regi\u00f3n de Murcia. La iniciativa parte del del Ayuntamiento de Mula, que aprob\u00f3 en Pleno la [...]\" \/>\n<meta property=\"og:url\" content=\"https:\/\/mula.es\/web\/patrimonio-historico-el-alcalde-de-mula-se-reune-con-la-alcaldesa-y-la-vicealcaldesa-de-cartagena-para-la-creacion-de-una-red-de-conjuntos-historico-artisticos\/\" \/>\n<meta property=\"og:site_name\" content=\"Ayuntamiento de Mula\" \/>\n<meta property=\"article:published_time\" content=\"2022-02-08T12:37:34+00:00\" \/>\n<meta property=\"article:modified_time\" content=\"2022-02-08T12:39:16+00:00\" \/>\n<meta property=\"og:image\" content=\"https:\/\/i0.wp.com\/mula.es\/web\/wp-content\/uploads\/2022\/02\/FOTOS-REUNION-CARTAGENA-.jpg?fit=1024%2C682&ssl=1\" \/>\n\t<meta property=\"og:image:width\" content=\"1024\" \/>\n\t<meta property=\"og:image:height\" content=\"682\" \/>\n\t<meta property=\"og:image:type\" content=\"image\/jpeg\" \/>\n<meta name=\"author\" content=\"admin\" \/>\n<meta name=\"twitter:card\" content=\"summary_large_image\" \/>\n<meta name=\"twitter:creator\" content=\"@AyuntamientMula\" \/>\n<meta name=\"twitter:site\" content=\"@AyuntamientMula\" \/>\n<meta name=\"twitter:label1\" content=\"Escrito por\" \/>\n\t<meta name=\"twitter:data1\" content=\"admin\" \/>\n\t<meta name=\"twitter:label2\" content=\"Tiempo de lectura\" \/>\n\t<meta name=\"twitter:data2\" content=\"2 minutos\" \/>\n<script type=\"application\/ld+json\" class=\"yoast-schema-graph\">{\"@context\":\"https:\\\/\\\/schema.org\",\"@graph\":[{\"@type\":\"Article\",\"@id\":\"https:\\\/\\\/mula.es\\\/web\\\/patrimonio-historico-el-alcalde-de-mula-se-reune-con-la-alcaldesa-y-la-vicealcaldesa-de-cartagena-para-la-creacion-de-una-red-de-conjuntos-historico-artisticos\\\/#article\",\"isPartOf\":{\"@id\":\"https:\\\/\\\/mula.es\\\/web\\\/patrimonio-historico-el-alcalde-de-mula-se-reune-con-la-alcaldesa-y-la-vicealcaldesa-de-cartagena-para-la-creacion-de-una-red-de-conjuntos-historico-artisticos\\\/\"},\"author\":{\"name\":\"admin\",\"@id\":\"https:\\\/\\\/mula.es\\\/web\\\/#\\\/schema\\\/person\\\/a0dbffe9f4a3ed4aaebedcfef02f71a1\"},\"headline\":\"PATRIMONIO HIST\u00d3RICO | El Alcalde de Mula se re\u00fane con la Alcaldesa y la Vicealcaldesa de Cartagena para la creaci\u00f3n de una Red de Conjuntos Hist\u00f3rico-Art\u00edsticos.\",\"datePublished\":\"2022-02-08T12:37:34+00:00\",\"dateModified\":\"2022-02-08T12:39:16+00:00\",\"mainEntityOfPage\":{\"@id\":\"https:\\\/\\\/mula.es\\\/web\\\/patrimonio-historico-el-alcalde-de-mula-se-reune-con-la-alcaldesa-y-la-vicealcaldesa-de-cartagena-para-la-creacion-de-una-red-de-conjuntos-historico-artisticos\\\/\"},\"wordCount\":322,\"image\":{\"@id\":\"https:\\\/\\\/mula.es\\\/web\\\/patrimonio-historico-el-alcalde-de-mula-se-reune-con-la-alcaldesa-y-la-vicealcaldesa-de-cartagena-para-la-creacion-de-una-red-de-conjuntos-historico-artisticos\\\/#primaryimage\"},\"thumbnailUrl\":\"https:\\\/\\\/mula.es\\\/web\\\/wp-content\\\/uploads\\\/2022\\\/02\\\/FOTOS-REUNION-CARTAGENA-.jpg\",\"articleSection\":[\"alcalde\",\"patrimonio hist\u00f3rico\"],\"inLanguage\":\"es\"},{\"@type\":\"WebPage\",\"@id\":\"https:\\\/\\\/mula.es\\\/web\\\/patrimonio-historico-el-alcalde-de-mula-se-reune-con-la-alcaldesa-y-la-vicealcaldesa-de-cartagena-para-la-creacion-de-una-red-de-conjuntos-historico-artisticos\\\/\",\"url\":\"https:\\\/\\\/mula.es\\\/web\\\/patrimonio-historico-el-alcalde-de-mula-se-reune-con-la-alcaldesa-y-la-vicealcaldesa-de-cartagena-para-la-creacion-de-una-red-de-conjuntos-historico-artisticos\\\/\",\"name\":\"PATRIMONIO HIST\u00d3RICO | El Alcalde de Mula se re\u00fane con la Alcaldesa y la Vicealcaldesa de Cartagena para la creaci\u00f3n de una Red de Conjuntos Hist\u00f3rico-Art\u00edsticos. - Ayuntamiento de Mula\",\"isPartOf\":{\"@id\":\"https:\\\/\\\/mula.es\\\/web\\\/#website\"},\"primaryImageOfPage\":{\"@id\":\"https:\\\/\\\/mula.es\\\/web\\\/patrimonio-historico-el-alcalde-de-mula-se-reune-con-la-alcaldesa-y-la-vicealcaldesa-de-cartagena-para-la-creacion-de-una-red-de-conjuntos-historico-artisticos\\\/#primaryimage\"},\"image\":{\"@id\":\"https:\\\/\\\/mula.es\\\/web\\\/patrimonio-historico-el-alcalde-de-mula-se-reune-con-la-alcaldesa-y-la-vicealcaldesa-de-cartagena-para-la-creacion-de-una-red-de-conjuntos-historico-artisticos\\\/#primaryimage\"},\"thumbnailUrl\":\"https:\\\/\\\/mula.es\\\/web\\\/wp-content\\\/uploads\\\/2022\\\/02\\\/FOTOS-REUNION-CARTAGENA-.jpg\",\"datePublished\":\"2022-02-08T12:37:34+00:00\",\"dateModified\":\"2022-02-08T12:39:16+00:00\",\"author\":{\"@id\":\"https:\\\/\\\/mula.es\\\/web\\\/#\\\/schema\\\/person\\\/a0dbffe9f4a3ed4aaebedcfef02f71a1\"},\"breadcrumb\":{\"@id\":\"https:\\\/\\\/mula.es\\\/web\\\/patrimonio-historico-el-alcalde-de-mula-se-reune-con-la-alcaldesa-y-la-vicealcaldesa-de-cartagena-para-la-creacion-de-una-red-de-conjuntos-historico-artisticos\\\/#breadcrumb\"},\"inLanguage\":\"es\",\"potentialAction\":[{\"@type\":\"ReadAction\",\"target\":[\"https:\\\/\\\/mula.es\\\/web\\\/patrimonio-historico-el-alcalde-de-mula-se-reune-con-la-alcaldesa-y-la-vicealcaldesa-de-cartagena-para-la-creacion-de-una-red-de-conjuntos-historico-artisticos\\\/\"]}]},{\"@type\":\"ImageObject\",\"inLanguage\":\"es\",\"@id\":\"https:\\\/\\\/mula.es\\\/web\\\/patrimonio-historico-el-alcalde-de-mula-se-reune-con-la-alcaldesa-y-la-vicealcaldesa-de-cartagena-para-la-creacion-de-una-red-de-conjuntos-historico-artisticos\\\/#primaryimage\",\"url\":\"https:\\\/\\\/mula.es\\\/web\\\/wp-content\\\/uploads\\\/2022\\\/02\\\/FOTOS-REUNION-CARTAGENA-.jpg\",\"contentUrl\":\"https:\\\/\\\/mula.es\\\/web\\\/wp-content\\\/uploads\\\/2022\\\/02\\\/FOTOS-REUNION-CARTAGENA-.jpg\",\"width\":1024,\"height\":682},{\"@type\":\"BreadcrumbList\",\"@id\":\"https:\\\/\\\/mula.es\\\/web\\\/patrimonio-historico-el-alcalde-de-mula-se-reune-con-la-alcaldesa-y-la-vicealcaldesa-de-cartagena-para-la-creacion-de-una-red-de-conjuntos-historico-artisticos\\\/#breadcrumb\",\"itemListElement\":[{\"@type\":\"ListItem\",\"position\":1,\"name\":\"Portada\",\"item\":\"https:\\\/\\\/mula.es\\\/web\\\/\"},{\"@type\":\"ListItem\",\"position\":2,\"name\":\"PATRIMONIO HIST\u00d3RICO | El Alcalde de Mula se re\u00fane con la Alcaldesa y la Vicealcaldesa de Cartagena para la creaci\u00f3n de una Red de Conjuntos Hist\u00f3rico-Art\u00edsticos.\"}]},{\"@type\":\"WebSite\",\"@id\":\"https:\\\/\\\/mula.es\\\/web\\\/#website\",\"url\":\"https:\\\/\\\/mula.es\\\/web\\\/\",\"name\":\"Ayuntamiento de Mula\",\"description\":\"P\u00e1gina web del Ayuntamiento de Mula (Regi\u00f3n de Murcia)\",\"potentialAction\":[{\"@type\":\"SearchAction\",\"target\":{\"@type\":\"EntryPoint\",\"urlTemplate\":\"https:\\\/\\\/mula.es\\\/web\\\/?s={search_term_string}\"},\"query-input\":{\"@type\":\"PropertyValueSpecification\",\"valueRequired\":true,\"valueName\":\"search_term_string\"}}],\"inLanguage\":\"es\"},{\"@type\":\"Person\",\"@id\":\"https:\\\/\\\/mula.es\\\/web\\\/#\\\/schema\\\/person\\\/a0dbffe9f4a3ed4aaebedcfef02f71a1\",\"name\":\"admin\",\"image\":{\"@type\":\"ImageObject\",\"inLanguage\":\"es\",\"@id\":\"https:\\\/\\\/secure.gravatar.com\\\/avatar\\\/5423b9cd77f4c7f89a124365a268866f9dfee038c17fe9e37afd92b5920d810e?s=96&d=mm&r=g\",\"url\":\"https:\\\/\\\/secure.gravatar.com\\\/avatar\\\/5423b9cd77f4c7f89a124365a268866f9dfee038c17fe9e37afd92b5920d810e?s=96&d=mm&r=g\",\"contentUrl\":\"https:\\\/\\\/secure.gravatar.com\\\/avatar\\\/5423b9cd77f4c7f89a124365a268866f9dfee038c17fe9e37afd92b5920d810e?s=96&d=mm&r=g\",\"caption\":\"admin\"},\"description\":\"Lorem ipsum dolor sit amet, consectetur adipiscing elit. Nam viverra euismod odio, gravida pellentesque urna varius vitae. Sed dui lorem, adipiscing in adipiscing et, interdum nec metus. Mauris ultricies, justo eu convallis placerat, felis enim ornare nisi, vitae mattis nulla ante id dui. Ut lectus purus, commodo et tincidunt vel, interdum sed lectus. Vestibulum adipiscing tempor nisi id elementi.\",\"url\":\"https:\\\/\\\/mula.es\\\/web\\\/author\\\/jose-maria-boti\\\/\"}]}<\/script>\n<!-- \/ Yoast SEO plugin. -->","yoast_head_json":{"title":"PATRIMONIO HIST\u00d3RICO | El Alcalde de Mula se re\u00fane con la Alcaldesa y la Vicealcaldesa de Cartagena para la creaci\u00f3n de una Red de Conjuntos Hist\u00f3rico-Art\u00edsticos. - Ayuntamiento de Mula","robots":{"index":"index","follow":"follow","max-snippet":"max-snippet:-1","max-image-preview":"max-image-preview:large","max-video-preview":"max-video-preview:-1"},"canonical":"https:\/\/mula.es\/web\/patrimonio-historico-el-alcalde-de-mula-se-reune-con-la-alcaldesa-y-la-vicealcaldesa-de-cartagena-para-la-creacion-de-una-red-de-conjuntos-historico-artisticos\/","og_locale":"es_ES","og_type":"article","og_title":"PATRIMONIO HIST\u00d3RICO | El Alcalde de Mula se re\u00fane con la Alcaldesa y la Vicealcaldesa de Cartagena para la creaci\u00f3n de una Red de Conjuntos Hist\u00f3rico-Art\u00edsticos. - Ayuntamiento de Mula","og_description":"El Alcalde de Mula, Juan Jes\u00fas Moreno, se ha reunido con la Alcaldesa de Cartagena, Noelia Arroyo, y la Vicealcaldesa, Ana Bel\u00e9n Castej\u00f3n, para solicitarles que se unan a la creaci\u00f3n de una Red de Conjuntos Hist\u00f3rico-Art\u00edsticos de la Regi\u00f3n de Murcia. La iniciativa parte del del Ayuntamiento de Mula, que aprob\u00f3 en Pleno la [...]","og_url":"https:\/\/mula.es\/web\/patrimonio-historico-el-alcalde-de-mula-se-reune-con-la-alcaldesa-y-la-vicealcaldesa-de-cartagena-para-la-creacion-de-una-red-de-conjuntos-historico-artisticos\/","og_site_name":"Ayuntamiento de Mula","article_published_time":"2022-02-08T12:37:34+00:00","article_modified_time":"2022-02-08T12:39:16+00:00","og_image":[{"width":1024,"height":682,"url":"https:\/\/i0.wp.com\/mula.es\/web\/wp-content\/uploads\/2022\/02\/FOTOS-REUNION-CARTAGENA-.jpg?fit=1024%2C682&ssl=1","type":"image\/jpeg"}],"author":"admin","twitter_card":"summary_large_image","twitter_creator":"@AyuntamientMula","twitter_site":"@AyuntamientMula","twitter_misc":{"Escrito por":"admin","Tiempo de lectura":"2 minutos"},"schema":{"@context":"https:\/\/schema.org","@graph":[{"@type":"Article","@id":"https:\/\/mula.es\/web\/patrimonio-historico-el-alcalde-de-mula-se-reune-con-la-alcaldesa-y-la-vicealcaldesa-de-cartagena-para-la-creacion-de-una-red-de-conjuntos-historico-artisticos\/#article","isPartOf":{"@id":"https:\/\/mula.es\/web\/patrimonio-historico-el-alcalde-de-mula-se-reune-con-la-alcaldesa-y-la-vicealcaldesa-de-cartagena-para-la-creacion-de-una-red-de-conjuntos-historico-artisticos\/"},"author":{"name":"admin","@id":"https:\/\/mula.es\/web\/#\/schema\/person\/a0dbffe9f4a3ed4aaebedcfef02f71a1"},"headline":"PATRIMONIO HIST\u00d3RICO | El Alcalde de Mula se re\u00fane con la Alcaldesa y la Vicealcaldesa de Cartagena para la creaci\u00f3n de una Red de Conjuntos Hist\u00f3rico-Art\u00edsticos.","datePublished":"2022-02-08T12:37:34+00:00","dateModified":"2022-02-08T12:39:16+00:00","mainEntityOfPage":{"@id":"https:\/\/mula.es\/web\/patrimonio-historico-el-alcalde-de-mula-se-reune-con-la-alcaldesa-y-la-vicealcaldesa-de-cartagena-para-la-creacion-de-una-red-de-conjuntos-historico-artisticos\/"},"wordCount":322,"image":{"@id":"https:\/\/mula.es\/web\/patrimonio-historico-el-alcalde-de-mula-se-reune-con-la-alcaldesa-y-la-vicealcaldesa-de-cartagena-para-la-creacion-de-una-red-de-conjuntos-historico-artisticos\/#primaryimage"},"thumbnailUrl":"https:\/\/mula.es\/web\/wp-content\/uploads\/2022\/02\/FOTOS-REUNION-CARTAGENA-.jpg","articleSection":["alcalde","patrimonio hist\u00f3rico"],"inLanguage":"es"},{"@type":"WebPage","@id":"https:\/\/mula.es\/web\/patrimonio-historico-el-alcalde-de-mula-se-reune-con-la-alcaldesa-y-la-vicealcaldesa-de-cartagena-para-la-creacion-de-una-red-de-conjuntos-historico-artisticos\/","url":"https:\/\/mula.es\/web\/patrimonio-historico-el-alcalde-de-mula-se-reune-con-la-alcaldesa-y-la-vicealcaldesa-de-cartagena-para-la-creacion-de-una-red-de-conjuntos-historico-artisticos\/","name":"PATRIMONIO HIST\u00d3RICO | El Alcalde de Mula se re\u00fane con la Alcaldesa y la Vicealcaldesa de Cartagena para la creaci\u00f3n de una Red de Conjuntos Hist\u00f3rico-Art\u00edsticos. - Ayuntamiento de Mula","isPartOf":{"@id":"https:\/\/mula.es\/web\/#website"},"primaryImageOfPage":{"@id":"https:\/\/mula.es\/web\/patrimonio-historico-el-alcalde-de-mula-se-reune-con-la-alcaldesa-y-la-vicealcaldesa-de-cartagena-para-la-creacion-de-una-red-de-conjuntos-historico-artisticos\/#primaryimage"},"image":{"@id":"https:\/\/mula.es\/web\/patrimonio-historico-el-alcalde-de-mula-se-reune-con-la-alcaldesa-y-la-vicealcaldesa-de-cartagena-para-la-creacion-de-una-red-de-conjuntos-historico-artisticos\/#primaryimage"},"thumbnailUrl":"https:\/\/mula.es\/web\/wp-content\/uploads\/2022\/02\/FOTOS-REUNION-CARTAGENA-.jpg","datePublished":"2022-02-08T12:37:34+00:00","dateModified":"2022-02-08T12:39:16+00:00","author":{"@id":"https:\/\/mula.es\/web\/#\/schema\/person\/a0dbffe9f4a3ed4aaebedcfef02f71a1"},"breadcrumb":{"@id":"https:\/\/mula.es\/web\/patrimonio-historico-el-alcalde-de-mula-se-reune-con-la-alcaldesa-y-la-vicealcaldesa-de-cartagena-para-la-creacion-de-una-red-de-conjuntos-historico-artisticos\/#breadcrumb"},"inLanguage":"es","potentialAction":[{"@type":"ReadAction","target":["https:\/\/mula.es\/web\/patrimonio-historico-el-alcalde-de-mula-se-reune-con-la-alcaldesa-y-la-vicealcaldesa-de-cartagena-para-la-creacion-de-una-red-de-conjuntos-historico-artisticos\/"]}]},{"@type":"ImageObject","inLanguage":"es","@id":"https:\/\/mula.es\/web\/patrimonio-historico-el-alcalde-de-mula-se-reune-con-la-alcaldesa-y-la-vicealcaldesa-de-cartagena-para-la-creacion-de-una-red-de-conjuntos-historico-artisticos\/#primaryimage","url":"https:\/\/mula.es\/web\/wp-content\/uploads\/2022\/02\/FOTOS-REUNION-CARTAGENA-.jpg","contentUrl":"https:\/\/mula.es\/web\/wp-content\/uploads\/2022\/02\/FOTOS-REUNION-CARTAGENA-.jpg","width":1024,"height":682},{"@type":"BreadcrumbList","@id":"https:\/\/mula.es\/web\/patrimonio-historico-el-alcalde-de-mula-se-reune-con-la-alcaldesa-y-la-vicealcaldesa-de-cartagena-para-la-creacion-de-una-red-de-conjuntos-historico-artisticos\/#breadcrumb","itemListElement":[{"@type":"ListItem","position":1,"name":"Portada","item":"https:\/\/mula.es\/web\/"},{"@type":"ListItem","position":2,"name":"PATRIMONIO HIST\u00d3RICO | El Alcalde de Mula se re\u00fane con la Alcaldesa y la Vicealcaldesa de Cartagena para la creaci\u00f3n de una Red de Conjuntos Hist\u00f3rico-Art\u00edsticos."}]},{"@type":"WebSite","@id":"https:\/\/mula.es\/web\/#website","url":"https:\/\/mula.es\/web\/","name":"Ayuntamiento de Mula","description":"P\u00e1gina web del Ayuntamiento de Mula (Regi\u00f3n de Murcia)","potentialAction":[{"@type":"SearchAction","target":{"@type":"EntryPoint","urlTemplate":"https:\/\/mula.es\/web\/?s={search_term_string}"},"query-input":{"@type":"PropertyValueSpecification","valueRequired":true,"valueName":"search_term_string"}}],"inLanguage":"es"},{"@type":"Person","@id":"https:\/\/mula.es\/web\/#\/schema\/person\/a0dbffe9f4a3ed4aaebedcfef02f71a1","name":"admin","image":{"@type":"ImageObject","inLanguage":"es","@id":"https:\/\/secure.gravatar.com\/avatar\/5423b9cd77f4c7f89a124365a268866f9dfee038c17fe9e37afd92b5920d810e?s=96&d=mm&r=g","url":"https:\/\/secure.gravatar.com\/avatar\/5423b9cd77f4c7f89a124365a268866f9dfee038c17fe9e37afd92b5920d810e?s=96&d=mm&r=g","contentUrl":"https:\/\/secure.gravatar.com\/avatar\/5423b9cd77f4c7f89a124365a268866f9dfee038c17fe9e37afd92b5920d810e?s=96&d=mm&r=g","caption":"admin"},"description":"Lorem ipsum dolor sit amet, consectetur adipiscing elit. Nam viverra euismod odio, gravida pellentesque urna varius vitae. Sed dui lorem, adipiscing in adipiscing et, interdum nec metus. Mauris ultricies, justo eu convallis placerat, felis enim ornare nisi, vitae mattis nulla ante id dui. Ut lectus purus, commodo et tincidunt vel, interdum sed lectus. Vestibulum adipiscing tempor nisi id elementi.","url":"https:\/\/mula.es\/web\/author\/jose-maria-boti\/"}]}},"jetpack_publicize_connections":[],"jetpack_featured_media_url":"https:\/\/mula.es\/web\/wp-content\/uploads\/2022\/02\/FOTOS-REUNION-CARTAGENA-.jpg","jetpack_sharing_enabled":true,"jetpack_shortlink":"https:\/\/wp.me\/pa9DMY-blt","jetpack-related-posts":[],"_links":{"self":[{"href":"https:\/\/mula.es\/web\/wp-json\/wp\/v2\/posts\/43615","targetHints":{"allow":["GET"]}}],"collection":[{"href":"https:\/\/mula.es\/web\/wp-json\/wp\/v2\/posts"}],"about":[{"href":"https:\/\/mula.es\/web\/wp-json\/wp\/v2\/types\/post"}],"author":[{"embeddable":true,"href":"https:\/\/mula.es\/web\/wp-json\/wp\/v2\/users\/1"}],"replies":[{"embeddable":true,"href":"https:\/\/mula.es\/web\/wp-json\/wp\/v2\/comments?post=43615"}],"version-history":[{"count":2,"href":"https:\/\/mula.es\/web\/wp-json\/wp\/v2\/posts\/43615\/revisions"}],"predecessor-version":[{"id":43618,"href":"https:\/\/mula.es\/web\/wp-json\/wp\/v2\/posts\/43615\/revisions\/43618"}],"wp:featuredmedia":[{"embeddable":true,"href":"https:\/\/mula.es\/web\/wp-json\/wp\/v2\/media\/43616"}],"wp:attachment":[{"href":"https:\/\/mula.es\/web\/wp-json\/wp\/v2\/media?parent=43615"}],"wp:term":[{"taxonomy":"category","embeddable":true,"href":"https:\/\/mula.es\/web\/wp-json\/wp\/v2\/categories?post=43615"},{"taxonomy":"post_tag","embeddable":true,"href":"https:\/\/mula.es\/web\/wp-json\/wp\/v2\/tags?post=43615"}],"curies":[{"name":"wp","href":"https:\/\/api.w.org\/{rel}","templated":true}]}}