{"id":44230,"date":"2022-04-25T08:34:44","date_gmt":"2022-04-25T06:34:44","guid":{"rendered":"https:\/\/mula.es\/web\/?p=44230"},"modified":"2022-04-25T08:34:44","modified_gmt":"2022-04-25T06:34:44","slug":"turismo-ii-concurso-decoracion-de-balcones-ventanas-y-entradas-san-isidro-2022","status":"publish","type":"post","link":"https:\/\/mula.es\/web\/turismo-ii-concurso-decoracion-de-balcones-ventanas-y-entradas-san-isidro-2022\/","title":{"rendered":"TURISMO | II Concurso decoraci\u00f3n de balcones, ventanas y entradas \u00abSan Isidro 2022\u00bb"},"content":{"rendered":"<p><div class=\"fusion-fullwidth fullwidth-box fusion-builder-row-1 fusion-flex-container nonhundred-percent-fullwidth non-hundred-percent-height-scrolling\" style=\"--awb-border-radius-top-left:0px;--awb-border-radius-top-right:0px;--awb-border-radius-bottom-right:0px;--awb-border-radius-bottom-left:0px;--awb-flex-wrap:wrap;\" ><div class=\"fusion-builder-row fusion-row fusion-flex-align-items-flex-start fusion-flex-content-wrap\" style=\"max-width:1144px;margin-left: calc(-4% \/ 2 );margin-right: calc(-4% \/ 2 );\"><div class=\"fusion-layout-column fusion_builder_column fusion-builder-column-0 fusion_builder_column_1_1 1_1 fusion-flex-column\" style=\"--awb-bg-size:cover;--awb-width-large:100%;--awb-margin-top-large:0px;--awb-spacing-right-large:1.92%;--awb-margin-bottom-large:20px;--awb-spacing-left-large:1.92%;--awb-width-medium:100%;--awb-order-medium:0;--awb-spacing-right-medium:1.92%;--awb-spacing-left-medium:1.92%;--awb-width-small:100%;--awb-order-small:0;--awb-spacing-right-small:1.92%;--awb-spacing-left-small:1.92%;\"><div class=\"fusion-column-wrapper fusion-column-has-shadow fusion-flex-justify-content-flex-start fusion-content-layout-column\"><div class=\"fusion-text fusion-text-1\" style=\"--awb-text-transform:none;\"><h2 style=\"text-align: center;\"><strong><a href=\"https:\/\/mula.es\/web\/wp-content\/uploads\/2022\/04\/SAN-ISIDRO-2022.pdf\" target=\"_blank\" rel=\"noopener\">Bases II Concurso decoraci\u00f3n de balcones, ventanas y entradas San Isidro 2022 (.pdf)<\/a><\/strong><\/h2>\n<\/div><\/div><\/div><div class=\"fusion-layout-column fusion_builder_column fusion-builder-column-1 fusion_builder_column_1_1 1_1 fusion-flex-column\" style=\"--awb-bg-size:cover;--awb-width-large:100%;--awb-margin-top-large:0px;--awb-spacing-right-large:1.92%;--awb-margin-bottom-large:0px;--awb-spacing-left-large:1.92%;--awb-width-medium:100%;--awb-spacing-right-medium:1.92%;--awb-spacing-left-medium:1.92%;--awb-width-small:100%;--awb-spacing-right-small:1.92%;--awb-spacing-left-small:1.92%;\"><div class=\"fusion-column-wrapper fusion-flex-justify-content-flex-start fusion-content-layout-column\"><div class=\"fusion-text fusion-text-2\"><p style=\"text-align: justify;\">La Concejal\u00eda de Turismo del Excmo. Ayuntamiento de Mula organiza el <strong>II Concurso de San Isidro para la decoraci\u00f3n de balcones, ventanas y entradas<\/strong>, con el objetivo de contribuir al ambiente festivo en las calles de Mula propio de San Isidro.<\/p>\n<p style=\"text-align: justify;\"><strong>Primero.- <\/strong>Podr\u00e1n participar todos los vecinos del municipio de Mula mayores de edad.<\/p>\n<p style=\"text-align: justify;\"><strong>Segundo.- <\/strong>Entrar\u00e1n en concurso todos los elementos visibles desde la v\u00eda p\u00fablica que contribuyan a la exaltaci\u00f3n y embellecimiento del entorno. Quedan excluidos de este concurso los balcones, ventanas y entradas de edificios p\u00fablicos.<\/p>\n<p style=\"text-align: justify;\"><strong>Tercero.- <\/strong>Los elementos utilizados deber\u00e1n estar bien anclados a la estructura del balc\u00f3n, terraza o ventana, sin que su ubicaci\u00f3n ponga en riesgo la seguridad de viandantes y\/o veh\u00edculos, haci\u00e9ndose responsable la persona inscrita en el concurso de cualquier accidente originado por la ca\u00edda de alg\u00fan elemento o parte de \u00e9ste a la v\u00eda p\u00fablica.<\/p>\n<p style=\"text-align: justify;\"><strong>Cuarto.- <\/strong>Se valorar\u00e1 los aspectos tradicionales de San Isidro y la originalidad de la decoraci\u00f3n.<\/p>\n<p style=\"text-align: justify;\"><strong>Quinto.- <\/strong>Para la participaci\u00f3n se requiere inscripci\u00f3n previa.<\/p>\n<p style=\"text-align: justify;\"><strong>Sexto.- <\/strong>Para la inscripci\u00f3n deber\u00e1n aportar los siguientes datos:<\/p>\n<ul style=\"text-align: justify;\">\n<li>Nombre y apellidos<\/li>\n<li>DNI<\/li>\n<li>Tel\u00e9fono<\/li>\n<li>Correo electr\u00f3nico<\/li>\n<li>Domicilio exacto donde se ubicar\u00e1 la decoraci\u00f3n<\/li>\n<\/ul>\n<p style=\"text-align: justify;\">En caso de que quien se inscriba sea una sociedad, hermandad, pe\u00f1a o cualquier otro colectivo, deber\u00e1n incluir el CIF de la misma.<\/p>\n<p style=\"text-align: justify;\">Las inscripciones podr\u00e1n realizarse hasta las 14 horas del d\u00eda 6 de mayo, mediante correo electr\u00f3nico a la direcci\u00f3n <u>turismo@aytomula.es<\/u>, poniendo en el asunto INSCRIPCI\u00d3N II CONCURSO DECORACI\u00d3N SAN ISIDRO 2022<\/p>\n<p style=\"text-align: justify;\">Protecci\u00f3n de Datos:<\/p>\n<p style=\"text-align: justify;\">El Ayuntamiento de Mula, en aplicaci\u00f3n de la normativa vigente en materia de protecci\u00f3n de datos de car\u00e1cter personal, informa que los datos personales que se recogen a trav\u00e9s del correo electr\u00f3nico se incluyen en los ficheros automatizados espec\u00edficos de usuarios de los servicios de la Concejal\u00eda de Turismo, la cual, adopta las medidas necesarias para garantizar la seguridad, integridad y confidencialidad de los datos conforme a lo dispuesto en el Reglamento (UE) 2016\/679 del Parlamento Europeo y del Consejo, de 27 de abril de 2016, relativo a la protecci\u00f3n de las personas f\u00edsicas en lo que respecta al tratamiento de datos personales y a la libre circulaci\u00f3n de los mismos.<\/p>\n<p style=\"text-align: justify;\"><strong>S\u00e9ptimo.- <\/strong>Los espacios decorados que entren a concurso deber\u00e1n estar instalados entre el 6 y 8 de mayo de 2022. Dentro de este plazo cada concursante enviar\u00e1 una fotograf\u00eda del lugar decorado al correo electr\u00f3nico <u>turismo@aytomula.es<\/u>, indicando su nombre.<\/p>\n<p style=\"text-align: justify;\"><strong>Octavo.- <\/strong>Las decoraciones deber\u00e1n permanecer instaladas hasta el domingo 15 de mayo de 2022.<\/p>\n<p style=\"text-align: justify;\"><strong>Noveno.- <\/strong>Se establecen los siguientes premios:<\/p>\n<ul style=\"text-align: justify;\">\n<li>1er Premio: 100\u20ac<\/li>\n<li>2\u00ba Premio: 75\u20ac<\/li>\n<li>3er Premio:50\u20ac<\/li>\n<\/ul>\n<p style=\"text-align: justify;\"><strong>D\u00e9cimo.- <\/strong>Los ganadores los decidir\u00e1 un jurado nombrado a tal efecto, que recorrer\u00e1 los balcones, ventanas y entradas inscritos.<\/p>\n<p style=\"text-align: justify;\"><strong>Und\u00e9cimo.- <\/strong>Las fotograf\u00edas que pueda tomar el jurado de las decoraciones participantes quedar\u00e1n en propiedad del Excmo. Ayuntamiento de Mula, que se reserva todos los derechos, pudiendo ser utilizados para publicaciones en folletos y\/o publicaciones de promoci\u00f3n tur\u00edstica de nuestra ciudad y municipio.<\/p>\n<p style=\"text-align: justify;\"><strong>Duod\u00e9cimo.- <\/strong>La participaci\u00f3n en este concurso supone la aceptaci\u00f3n de las presentes bases, siendo inapelable el fallo del jurado. La organizaci\u00f3n resolver\u00e1 sobre todas las cuestiones no previstas en estas bases.<\/p>\n<\/div><\/div><\/div><\/div><\/div><div class=\"fusion-fullwidth fullwidth-box fusion-builder-row-2 fusion-flex-container nonhundred-percent-fullwidth non-hundred-percent-height-scrolling\" style=\"--awb-border-radius-top-left:0px;--awb-border-radius-top-right:0px;--awb-border-radius-bottom-right:0px;--awb-border-radius-bottom-left:0px;--awb-flex-wrap:wrap;\" ><div class=\"fusion-builder-row fusion-row fusion-flex-align-items-flex-start fusion-flex-content-wrap\" style=\"max-width:1144px;margin-left: calc(-4% \/ 2 );margin-right: calc(-4% \/ 2 );\"><\/div><\/div><\/p>\n","protected":false},"excerpt":{"rendered":"","protected":false},"author":9,"featured_media":44232,"comment_status":"closed","ping_status":"closed","sticky":false,"template":"","format":"standard","meta":{"jetpack_post_was_ever_published":false,"_jetpack_newsletter_access":"","_jetpack_dont_email_post_to_subs":false,"_jetpack_newsletter_tier_id":0,"_jetpack_memberships_contains_paywalled_content":false,"_jetpack_memberships_contains_paid_content":false,"footnotes":"","jetpack_publicize_message":"","jetpack_publicize_feature_enabled":true,"jetpack_social_post_already_shared":false,"jetpack_social_options":{"image_generator_settings":{"template":"highway","default_image_id":0,"font":"","enabled":false},"version":2}},"categories":[75],"tags":[211],"class_list":["post-44230","post","type-post","status-publish","format-standard","has-post-thumbnail","hentry","category-turismo","tag-san-isidro"],"yoast_head":"<!-- This site is optimized with the Yoast SEO plugin v27.5 - https:\/\/yoast.com\/product\/yoast-seo-wordpress\/ -->\n<title>TURISMO | II Concurso decoraci\u00f3n de balcones, ventanas y entradas &quot;San Isidro 2022&quot; - Ayuntamiento de Mula<\/title>\n<meta name=\"robots\" content=\"index, follow, max-snippet:-1, max-image-preview:large, max-video-preview:-1\" \/>\n<link rel=\"canonical\" href=\"https:\/\/mula.es\/web\/turismo-ii-concurso-decoracion-de-balcones-ventanas-y-entradas-san-isidro-2022\/\" \/>\n<meta property=\"og:locale\" content=\"es_ES\" \/>\n<meta property=\"og:type\" content=\"article\" \/>\n<meta property=\"og:title\" content=\"TURISMO | II Concurso decoraci\u00f3n de balcones, ventanas y entradas &quot;San Isidro 2022&quot; - Ayuntamiento de Mula\" \/>\n<meta property=\"og:url\" content=\"https:\/\/mula.es\/web\/turismo-ii-concurso-decoracion-de-balcones-ventanas-y-entradas-san-isidro-2022\/\" \/>\n<meta property=\"og:site_name\" content=\"Ayuntamiento de Mula\" \/>\n<meta property=\"article:published_time\" content=\"2022-04-25T06:34:44+00:00\" \/>\n<meta property=\"og:image\" content=\"https:\/\/i0.wp.com\/mula.es\/web\/wp-content\/uploads\/2022\/04\/2o-scaled.jpg?fit=1830%2C2560&ssl=1\" \/>\n\t<meta property=\"og:image:width\" content=\"1830\" \/>\n\t<meta property=\"og:image:height\" content=\"2560\" \/>\n\t<meta property=\"og:image:type\" content=\"image\/jpeg\" \/>\n<meta name=\"author\" content=\"Rosario Mart\u00ednez\" \/>\n<meta name=\"twitter:card\" content=\"summary_large_image\" \/>\n<meta name=\"twitter:image\" content=\"https:\/\/mula.es\/web\/wp-content\/uploads\/2020\/06\/cropped-escudo-cuadrado.jpg\" \/>\n<meta name=\"twitter:creator\" content=\"@AyuntamientMula\" \/>\n<meta name=\"twitter:site\" content=\"@AyuntamientMula\" \/>\n<meta name=\"twitter:label1\" content=\"Escrito por\" \/>\n\t<meta name=\"twitter:data1\" content=\"Rosario Mart\u00ednez\" \/>\n\t<meta name=\"twitter:label2\" content=\"Tiempo de lectura\" \/>\n\t<meta name=\"twitter:data2\" content=\"3 minutos\" \/>\n<script type=\"application\/ld+json\" class=\"yoast-schema-graph\">{\"@context\":\"https:\\\/\\\/schema.org\",\"@graph\":[{\"@type\":\"Article\",\"@id\":\"https:\\\/\\\/mula.es\\\/web\\\/turismo-ii-concurso-decoracion-de-balcones-ventanas-y-entradas-san-isidro-2022\\\/#article\",\"isPartOf\":{\"@id\":\"https:\\\/\\\/mula.es\\\/web\\\/turismo-ii-concurso-decoracion-de-balcones-ventanas-y-entradas-san-isidro-2022\\\/\"},\"author\":{\"name\":\"Rosario Mart\u00ednez\",\"@id\":\"https:\\\/\\\/mula.es\\\/web\\\/#\\\/schema\\\/person\\\/f8d63bd3ab6e7b025268b909b7ab0771\"},\"headline\":\"TURISMO | II Concurso decoraci\u00f3n de balcones, ventanas y entradas \u00abSan Isidro 2022\u00bb\",\"datePublished\":\"2022-04-25T06:34:44+00:00\",\"mainEntityOfPage\":{\"@id\":\"https:\\\/\\\/mula.es\\\/web\\\/turismo-ii-concurso-decoracion-de-balcones-ventanas-y-entradas-san-isidro-2022\\\/\"},\"wordCount\":1397,\"image\":{\"@id\":\"https:\\\/\\\/mula.es\\\/web\\\/turismo-ii-concurso-decoracion-de-balcones-ventanas-y-entradas-san-isidro-2022\\\/#primaryimage\"},\"thumbnailUrl\":\"https:\\\/\\\/mula.es\\\/web\\\/wp-content\\\/uploads\\\/2022\\\/04\\\/2o-scaled.jpg\",\"keywords\":[\"san isidro\"],\"articleSection\":[\"turismo\"],\"inLanguage\":\"es\"},{\"@type\":\"WebPage\",\"@id\":\"https:\\\/\\\/mula.es\\\/web\\\/turismo-ii-concurso-decoracion-de-balcones-ventanas-y-entradas-san-isidro-2022\\\/\",\"url\":\"https:\\\/\\\/mula.es\\\/web\\\/turismo-ii-concurso-decoracion-de-balcones-ventanas-y-entradas-san-isidro-2022\\\/\",\"name\":\"TURISMO | II Concurso decoraci\u00f3n de balcones, ventanas y entradas \\\"San Isidro 2022\\\" - Ayuntamiento de Mula\",\"isPartOf\":{\"@id\":\"https:\\\/\\\/mula.es\\\/web\\\/#website\"},\"primaryImageOfPage\":{\"@id\":\"https:\\\/\\\/mula.es\\\/web\\\/turismo-ii-concurso-decoracion-de-balcones-ventanas-y-entradas-san-isidro-2022\\\/#primaryimage\"},\"image\":{\"@id\":\"https:\\\/\\\/mula.es\\\/web\\\/turismo-ii-concurso-decoracion-de-balcones-ventanas-y-entradas-san-isidro-2022\\\/#primaryimage\"},\"thumbnailUrl\":\"https:\\\/\\\/mula.es\\\/web\\\/wp-content\\\/uploads\\\/2022\\\/04\\\/2o-scaled.jpg\",\"datePublished\":\"2022-04-25T06:34:44+00:00\",\"author\":{\"@id\":\"https:\\\/\\\/mula.es\\\/web\\\/#\\\/schema\\\/person\\\/f8d63bd3ab6e7b025268b909b7ab0771\"},\"breadcrumb\":{\"@id\":\"https:\\\/\\\/mula.es\\\/web\\\/turismo-ii-concurso-decoracion-de-balcones-ventanas-y-entradas-san-isidro-2022\\\/#breadcrumb\"},\"inLanguage\":\"es\",\"potentialAction\":[{\"@type\":\"ReadAction\",\"target\":[\"https:\\\/\\\/mula.es\\\/web\\\/turismo-ii-concurso-decoracion-de-balcones-ventanas-y-entradas-san-isidro-2022\\\/\"]}]},{\"@type\":\"ImageObject\",\"inLanguage\":\"es\",\"@id\":\"https:\\\/\\\/mula.es\\\/web\\\/turismo-ii-concurso-decoracion-de-balcones-ventanas-y-entradas-san-isidro-2022\\\/#primaryimage\",\"url\":\"https:\\\/\\\/mula.es\\\/web\\\/wp-content\\\/uploads\\\/2022\\\/04\\\/2o-scaled.jpg\",\"contentUrl\":\"https:\\\/\\\/mula.es\\\/web\\\/wp-content\\\/uploads\\\/2022\\\/04\\\/2o-scaled.jpg\",\"width\":1830,\"height\":2560},{\"@type\":\"BreadcrumbList\",\"@id\":\"https:\\\/\\\/mula.es\\\/web\\\/turismo-ii-concurso-decoracion-de-balcones-ventanas-y-entradas-san-isidro-2022\\\/#breadcrumb\",\"itemListElement\":[{\"@type\":\"ListItem\",\"position\":1,\"name\":\"Portada\",\"item\":\"https:\\\/\\\/mula.es\\\/web\\\/\"},{\"@type\":\"ListItem\",\"position\":2,\"name\":\"TURISMO | II Concurso decoraci\u00f3n de balcones, ventanas y entradas \u00abSan Isidro 2022\u00bb\"}]},{\"@type\":\"WebSite\",\"@id\":\"https:\\\/\\\/mula.es\\\/web\\\/#website\",\"url\":\"https:\\\/\\\/mula.es\\\/web\\\/\",\"name\":\"Ayuntamiento de Mula\",\"description\":\"P\u00e1gina web del Ayuntamiento de Mula (Regi\u00f3n de Murcia)\",\"potentialAction\":[{\"@type\":\"SearchAction\",\"target\":{\"@type\":\"EntryPoint\",\"urlTemplate\":\"https:\\\/\\\/mula.es\\\/web\\\/?s={search_term_string}\"},\"query-input\":{\"@type\":\"PropertyValueSpecification\",\"valueRequired\":true,\"valueName\":\"search_term_string\"}}],\"inLanguage\":\"es\"},{\"@type\":\"Person\",\"@id\":\"https:\\\/\\\/mula.es\\\/web\\\/#\\\/schema\\\/person\\\/f8d63bd3ab6e7b025268b909b7ab0771\",\"name\":\"Rosario Mart\u00ednez\",\"image\":{\"@type\":\"ImageObject\",\"inLanguage\":\"es\",\"@id\":\"https:\\\/\\\/secure.gravatar.com\\\/avatar\\\/ce916b980ac93e5b1d36e6068357675d4e089a572ebc8789fcb807c2fb2edfef?s=96&d=mm&r=g\",\"url\":\"https:\\\/\\\/secure.gravatar.com\\\/avatar\\\/ce916b980ac93e5b1d36e6068357675d4e089a572ebc8789fcb807c2fb2edfef?s=96&d=mm&r=g\",\"contentUrl\":\"https:\\\/\\\/secure.gravatar.com\\\/avatar\\\/ce916b980ac93e5b1d36e6068357675d4e089a572ebc8789fcb807c2fb2edfef?s=96&d=mm&r=g\",\"caption\":\"Rosario Mart\u00ednez\"},\"url\":\"https:\\\/\\\/mula.es\\\/web\\\/author\\\/rmartinez\\\/\"}]}<\/script>\n<!-- \/ Yoast SEO plugin. -->","yoast_head_json":{"title":"TURISMO | II Concurso decoraci\u00f3n de balcones, ventanas y entradas \"San Isidro 2022\" - Ayuntamiento de Mula","robots":{"index":"index","follow":"follow","max-snippet":"max-snippet:-1","max-image-preview":"max-image-preview:large","max-video-preview":"max-video-preview:-1"},"canonical":"https:\/\/mula.es\/web\/turismo-ii-concurso-decoracion-de-balcones-ventanas-y-entradas-san-isidro-2022\/","og_locale":"es_ES","og_type":"article","og_title":"TURISMO | II Concurso decoraci\u00f3n de balcones, ventanas y entradas \"San Isidro 2022\" - Ayuntamiento de Mula","og_url":"https:\/\/mula.es\/web\/turismo-ii-concurso-decoracion-de-balcones-ventanas-y-entradas-san-isidro-2022\/","og_site_name":"Ayuntamiento de Mula","article_published_time":"2022-04-25T06:34:44+00:00","og_image":[{"width":1830,"height":2560,"url":"https:\/\/i0.wp.com\/mula.es\/web\/wp-content\/uploads\/2022\/04\/2o-scaled.jpg?fit=1830%2C2560&ssl=1","type":"image\/jpeg"}],"author":"Rosario Mart\u00ednez","twitter_card":"summary_large_image","twitter_image":"https:\/\/mula.es\/web\/wp-content\/uploads\/2020\/06\/cropped-escudo-cuadrado.jpg","twitter_creator":"@AyuntamientMula","twitter_site":"@AyuntamientMula","twitter_misc":{"Escrito por":"Rosario Mart\u00ednez","Tiempo de lectura":"3 minutos"},"schema":{"@context":"https:\/\/schema.org","@graph":[{"@type":"Article","@id":"https:\/\/mula.es\/web\/turismo-ii-concurso-decoracion-de-balcones-ventanas-y-entradas-san-isidro-2022\/#article","isPartOf":{"@id":"https:\/\/mula.es\/web\/turismo-ii-concurso-decoracion-de-balcones-ventanas-y-entradas-san-isidro-2022\/"},"author":{"name":"Rosario Mart\u00ednez","@id":"https:\/\/mula.es\/web\/#\/schema\/person\/f8d63bd3ab6e7b025268b909b7ab0771"},"headline":"TURISMO | II Concurso decoraci\u00f3n de balcones, ventanas y entradas \u00abSan Isidro 2022\u00bb","datePublished":"2022-04-25T06:34:44+00:00","mainEntityOfPage":{"@id":"https:\/\/mula.es\/web\/turismo-ii-concurso-decoracion-de-balcones-ventanas-y-entradas-san-isidro-2022\/"},"wordCount":1397,"image":{"@id":"https:\/\/mula.es\/web\/turismo-ii-concurso-decoracion-de-balcones-ventanas-y-entradas-san-isidro-2022\/#primaryimage"},"thumbnailUrl":"https:\/\/mula.es\/web\/wp-content\/uploads\/2022\/04\/2o-scaled.jpg","keywords":["san isidro"],"articleSection":["turismo"],"inLanguage":"es"},{"@type":"WebPage","@id":"https:\/\/mula.es\/web\/turismo-ii-concurso-decoracion-de-balcones-ventanas-y-entradas-san-isidro-2022\/","url":"https:\/\/mula.es\/web\/turismo-ii-concurso-decoracion-de-balcones-ventanas-y-entradas-san-isidro-2022\/","name":"TURISMO | II Concurso decoraci\u00f3n de balcones, ventanas y entradas \"San Isidro 2022\" - Ayuntamiento de Mula","isPartOf":{"@id":"https:\/\/mula.es\/web\/#website"},"primaryImageOfPage":{"@id":"https:\/\/mula.es\/web\/turismo-ii-concurso-decoracion-de-balcones-ventanas-y-entradas-san-isidro-2022\/#primaryimage"},"image":{"@id":"https:\/\/mula.es\/web\/turismo-ii-concurso-decoracion-de-balcones-ventanas-y-entradas-san-isidro-2022\/#primaryimage"},"thumbnailUrl":"https:\/\/mula.es\/web\/wp-content\/uploads\/2022\/04\/2o-scaled.jpg","datePublished":"2022-04-25T06:34:44+00:00","author":{"@id":"https:\/\/mula.es\/web\/#\/schema\/person\/f8d63bd3ab6e7b025268b909b7ab0771"},"breadcrumb":{"@id":"https:\/\/mula.es\/web\/turismo-ii-concurso-decoracion-de-balcones-ventanas-y-entradas-san-isidro-2022\/#breadcrumb"},"inLanguage":"es","potentialAction":[{"@type":"ReadAction","target":["https:\/\/mula.es\/web\/turismo-ii-concurso-decoracion-de-balcones-ventanas-y-entradas-san-isidro-2022\/"]}]},{"@type":"ImageObject","inLanguage":"es","@id":"https:\/\/mula.es\/web\/turismo-ii-concurso-decoracion-de-balcones-ventanas-y-entradas-san-isidro-2022\/#primaryimage","url":"https:\/\/mula.es\/web\/wp-content\/uploads\/2022\/04\/2o-scaled.jpg","contentUrl":"https:\/\/mula.es\/web\/wp-content\/uploads\/2022\/04\/2o-scaled.jpg","width":1830,"height":2560},{"@type":"BreadcrumbList","@id":"https:\/\/mula.es\/web\/turismo-ii-concurso-decoracion-de-balcones-ventanas-y-entradas-san-isidro-2022\/#breadcrumb","itemListElement":[{"@type":"ListItem","position":1,"name":"Portada","item":"https:\/\/mula.es\/web\/"},{"@type":"ListItem","position":2,"name":"TURISMO | II Concurso decoraci\u00f3n de balcones, ventanas y entradas \u00abSan Isidro 2022\u00bb"}]},{"@type":"WebSite","@id":"https:\/\/mula.es\/web\/#website","url":"https:\/\/mula.es\/web\/","name":"Ayuntamiento de Mula","description":"P\u00e1gina web del Ayuntamiento de Mula (Regi\u00f3n de Murcia)","potentialAction":[{"@type":"SearchAction","target":{"@type":"EntryPoint","urlTemplate":"https:\/\/mula.es\/web\/?s={search_term_string}"},"query-input":{"@type":"PropertyValueSpecification","valueRequired":true,"valueName":"search_term_string"}}],"inLanguage":"es"},{"@type":"Person","@id":"https:\/\/mula.es\/web\/#\/schema\/person\/f8d63bd3ab6e7b025268b909b7ab0771","name":"Rosario Mart\u00ednez","image":{"@type":"ImageObject","inLanguage":"es","@id":"https:\/\/secure.gravatar.com\/avatar\/ce916b980ac93e5b1d36e6068357675d4e089a572ebc8789fcb807c2fb2edfef?s=96&d=mm&r=g","url":"https:\/\/secure.gravatar.com\/avatar\/ce916b980ac93e5b1d36e6068357675d4e089a572ebc8789fcb807c2fb2edfef?s=96&d=mm&r=g","contentUrl":"https:\/\/secure.gravatar.com\/avatar\/ce916b980ac93e5b1d36e6068357675d4e089a572ebc8789fcb807c2fb2edfef?s=96&d=mm&r=g","caption":"Rosario Mart\u00ednez"},"url":"https:\/\/mula.es\/web\/author\/rmartinez\/"}]}},"jetpack_publicize_connections":[],"jetpack_featured_media_url":"https:\/\/mula.es\/web\/wp-content\/uploads\/2022\/04\/2o-scaled.jpg","jetpack_sharing_enabled":true,"jetpack_shortlink":"https:\/\/wp.me\/pa9DMY-bvo","jetpack-related-posts":[],"_links":{"self":[{"href":"https:\/\/mula.es\/web\/wp-json\/wp\/v2\/posts\/44230","targetHints":{"allow":["GET"]}}],"collection":[{"href":"https:\/\/mula.es\/web\/wp-json\/wp\/v2\/posts"}],"about":[{"href":"https:\/\/mula.es\/web\/wp-json\/wp\/v2\/types\/post"}],"author":[{"embeddable":true,"href":"https:\/\/mula.es\/web\/wp-json\/wp\/v2\/users\/9"}],"replies":[{"embeddable":true,"href":"https:\/\/mula.es\/web\/wp-json\/wp\/v2\/comments?post=44230"}],"version-history":[{"count":1,"href":"https:\/\/mula.es\/web\/wp-json\/wp\/v2\/posts\/44230\/revisions"}],"predecessor-version":[{"id":44233,"href":"https:\/\/mula.es\/web\/wp-json\/wp\/v2\/posts\/44230\/revisions\/44233"}],"wp:featuredmedia":[{"embeddable":true,"href":"https:\/\/mula.es\/web\/wp-json\/wp\/v2\/media\/44232"}],"wp:attachment":[{"href":"https:\/\/mula.es\/web\/wp-json\/wp\/v2\/media?parent=44230"}],"wp:term":[{"taxonomy":"category","embeddable":true,"href":"https:\/\/mula.es\/web\/wp-json\/wp\/v2\/categories?post=44230"},{"taxonomy":"post_tag","embeddable":true,"href":"https:\/\/mula.es\/web\/wp-json\/wp\/v2\/tags?post=44230"}],"curies":[{"name":"wp","href":"https:\/\/api.w.org\/{rel}","templated":true}]}}