{"id":44278,"date":"2022-04-28T14:41:02","date_gmt":"2022-04-28T12:41:02","guid":{"rendered":"https:\/\/mula.es\/web\/?p=44278"},"modified":"2022-04-28T14:41:02","modified_gmt":"2022-04-28T12:41:02","slug":"cultura-presentacion-del-libro-el-fondo-documental-del-marques-de-los-velez-del-archivo-municipal-de-mula-28-de-abril","status":"publish","type":"post","link":"https:\/\/mula.es\/web\/cultura-presentacion-del-libro-el-fondo-documental-del-marques-de-los-velez-del-archivo-municipal-de-mula-28-de-abril\/","title":{"rendered":"CULTURA | Presentaci\u00f3n del libro: \u00abEl fondo documental del Marqu\u00e9s de los V\u00e9lez del Archivo Municipal de Mula\u00bb &#8211; 28 de abril"},"content":{"rendered":"<p><div class=\"fusion-fullwidth fullwidth-box fusion-builder-row-1 fusion-flex-container nonhundred-percent-fullwidth non-hundred-percent-height-scrolling\" style=\"--awb-border-radius-top-left:0px;--awb-border-radius-top-right:0px;--awb-border-radius-bottom-right:0px;--awb-border-radius-bottom-left:0px;--awb-flex-wrap:wrap;\" ><div class=\"fusion-builder-row fusion-row fusion-flex-align-items-flex-start fusion-flex-content-wrap\" style=\"max-width:1144px;margin-left: calc(-4% \/ 2 );margin-right: calc(-4% \/ 2 );\"><div class=\"fusion-layout-column fusion_builder_column fusion-builder-column-0 fusion_builder_column_1_1 1_1 fusion-flex-column\" style=\"--awb-bg-size:cover;--awb-width-large:100%;--awb-margin-top-large:0px;--awb-spacing-right-large:1.92%;--awb-margin-bottom-large:0px;--awb-spacing-left-large:1.92%;--awb-width-medium:100%;--awb-spacing-right-medium:1.92%;--awb-spacing-left-medium:1.92%;--awb-width-small:100%;--awb-spacing-right-small:1.92%;--awb-spacing-left-small:1.92%;\"><div class=\"fusion-column-wrapper fusion-flex-justify-content-flex-start fusion-content-layout-column\"><div class=\"fusion-text fusion-text-1\"><p style=\"text-align: justify;\">La Concejal\u00eda de Cultura y Patrimonio Hist\u00f3rico se complace en invitarle al siguiente acto:<\/p>\n<div style=\"text-align: justify;\"><\/div>\n<div>\n<div style=\"text-align: justify;\">\n<div dir=\"auto\">SEMANA CULTURAL DEL BARROCO<\/div>\n<div>Jueves 28 de abril de 2022<\/div>\n<div dir=\"auto\">Refectorio Convento San Francisco<\/div>\n<div dir=\"auto\">19 horas<\/div>\n<div dir=\"auto\">Conferencia a cargo de D. Jos\u00e9 Boluda Guill\u00e9n \u201cEL FONDO DOCUMENTAL DEL MARQU\u00c9S DE LOS V\u00c9LEZ DEL ARCHIVO MUNICIPAL DE MULA\u201d<\/div>\n<div dir=\"auto\"><\/div>\n<div dir=\"auto\">Iniciamos las actividades de la Semana Cultural del Barroco con esta interesante conferencia sobre el fondo documental m\u00e1s importante del Archivo de Mula e impartida por qui\u00e9n mejor conoce los fondos marquesales por su labor durante m\u00e1s de treinta a\u00f1os como Archivero Municipal.<\/div>\n<\/div>\n<div>\n<div dir=\"auto\" style=\"text-align: justify;\">El acto estaba previsto en el sal\u00f3n de actos del Archivo Municipal pero se traslada al Refectorio del Convento San Francisco.<\/div>\n<div dir=\"auto\" style=\"text-align: justify;\"><\/div>\n<div dir=\"auto\" style=\"text-align: justify;\"><a role=\"link\" href=\"https:\/\/www.facebook.com\/hashtag\/mulaescultura?__eep__=6&amp;__cft__&#091;0&#093;=AZVEV7UWQDHYavZCcdwv-vNP0Avnx4FCKb_smX3EYi8ht-zj-EUaaPxKb6c80tfzF8QfepmLn9XjuPw2CeCIUpH8HCC5BYPPgRnwkubt5vZ4X5y9T5OM5E9fn0_jPrxqy2A&amp;__tn__=*NK-R\" target=\"_blank\" rel=\"noopener\" data-saferedirecturl=\"https:\/\/www.google.com\/url?q=https:\/\/www.facebook.com\/hashtag\/mulaescultura?__eep__%3D6%26__cft__%5B0%5D%3DAZVEV7UWQDHYavZCcdwv-vNP0Avnx4FCKb_smX3EYi8ht-zj-EUaaPxKb6c80tfzF8QfepmLn9XjuPw2CeCIUpH8HCC5BYPPgRnwkubt5vZ4X5y9T5OM5E9fn0_jPrxqy2A%26__tn__%3D*NK-R&amp;source=gmail&amp;ust=1651233915615000&amp;usg=AOvVaw07zdasptltkX_CK3qBEK5u\">#MulaEsCultura<\/a><\/div>\n<\/div>\n<\/div>\n<\/div><\/div><\/div><\/div><\/div><div class=\"fusion-fullwidth fullwidth-box fusion-builder-row-2 fusion-flex-container nonhundred-percent-fullwidth non-hundred-percent-height-scrolling\" style=\"--awb-border-radius-top-left:0px;--awb-border-radius-top-right:0px;--awb-border-radius-bottom-right:0px;--awb-border-radius-bottom-left:0px;--awb-flex-wrap:wrap;\" ><div class=\"fusion-builder-row fusion-row fusion-flex-align-items-flex-start fusion-flex-content-wrap\" style=\"max-width:1144px;margin-left: calc(-4% \/ 2 );margin-right: calc(-4% \/ 2 );\"><div class=\"fusion-layout-column fusion_builder_column fusion-builder-column-1 fusion_builder_column_1_1 1_1 fusion-flex-column\" style=\"--awb-bg-size:cover;--awb-width-large:100%;--awb-margin-top-large:0px;--awb-spacing-right-large:1.92%;--awb-margin-bottom-large:20px;--awb-spacing-left-large:1.92%;--awb-width-medium:100%;--awb-order-medium:0;--awb-spacing-right-medium:1.92%;--awb-spacing-left-medium:1.92%;--awb-width-small:100%;--awb-order-small:0;--awb-spacing-right-small:1.92%;--awb-spacing-left-small:1.92%;\"><div class=\"fusion-column-wrapper fusion-column-has-shadow fusion-flex-justify-content-flex-start fusion-content-layout-column\"><div class=\"fusion-text fusion-text-2\" style=\"--awb-text-transform:none;\"><p><a href=\"https:\/\/mula.es\/web\/wp-content\/uploads\/2022\/04\/BOLUDA2.png\"><img decoding=\"async\" data-attachment-id=\"44279\" data-permalink=\"https:\/\/mula.es\/web\/cultura-presentacion-del-libro-el-fondo-documental-del-marques-de-los-velez-del-archivo-municipal-de-mula-28-de-abril\/boluda2\/\" data-orig-file=\"https:\/\/mula.es\/web\/wp-content\/uploads\/2022\/04\/BOLUDA2.png\" data-orig-size=\"1024,576\" data-comments-opened=\"0\" data-image-meta=\"\" data-image-title=\"BOLUDA2\" data-image-description=\"\" data-image-caption=\"\" data-large-file=\"https:\/\/mula.es\/web\/wp-content\/uploads\/2022\/04\/BOLUDA2.png\" class=\"size-full wp-image-44279 aligncenter\" src=\"https:\/\/mula.es\/web\/wp-content\/uploads\/2022\/04\/BOLUDA2.png\" alt=\"\" width=\"1024\" height=\"576\" srcset=\"https:\/\/mula.es\/web\/wp-content\/uploads\/2022\/04\/BOLUDA2-200x113.png 200w, https:\/\/mula.es\/web\/wp-content\/uploads\/2022\/04\/BOLUDA2-300x169.png 300w, https:\/\/mula.es\/web\/wp-content\/uploads\/2022\/04\/BOLUDA2-400x225.png 400w, https:\/\/mula.es\/web\/wp-content\/uploads\/2022\/04\/BOLUDA2-600x338.png 600w, https:\/\/mula.es\/web\/wp-content\/uploads\/2022\/04\/BOLUDA2-768x432.png 768w, https:\/\/mula.es\/web\/wp-content\/uploads\/2022\/04\/BOLUDA2-800x450.png 800w, https:\/\/mula.es\/web\/wp-content\/uploads\/2022\/04\/BOLUDA2.png 1024w\" sizes=\"(max-width: 1024px) 100vw, 1024px\" \/><\/a><\/p>\n<\/div><\/div><\/div><\/div><\/div><\/p>\n","protected":false},"excerpt":{"rendered":"","protected":false},"author":9,"featured_media":44280,"comment_status":"closed","ping_status":"closed","sticky":false,"template":"","format":"standard","meta":{"jetpack_post_was_ever_published":false,"_jetpack_newsletter_access":"","_jetpack_dont_email_post_to_subs":false,"_jetpack_newsletter_tier_id":0,"_jetpack_memberships_contains_paywalled_content":false,"_jetpack_memberships_contains_paid_content":false,"footnotes":"","jetpack_publicize_message":"","jetpack_publicize_feature_enabled":true,"jetpack_social_post_already_shared":false,"jetpack_social_options":{"image_generator_settings":{"template":"highway","default_image_id":0,"font":"","enabled":false},"version":2}},"categories":[97],"tags":[],"class_list":["post-44278","post","type-post","status-publish","format-standard","has-post-thumbnail","hentry","category-cultura"],"yoast_head":"<!-- This site is optimized with the Yoast SEO plugin v27.5 - https:\/\/yoast.com\/product\/yoast-seo-wordpress\/ -->\n<title>CULTURA | Presentaci\u00f3n del libro: &quot;El fondo documental del Marqu\u00e9s de los V\u00e9lez del Archivo Municipal de Mula&quot; - 28 de abril - Ayuntamiento de Mula<\/title>\n<meta name=\"robots\" content=\"index, follow, max-snippet:-1, max-image-preview:large, max-video-preview:-1\" \/>\n<link rel=\"canonical\" href=\"https:\/\/mula.es\/web\/cultura-presentacion-del-libro-el-fondo-documental-del-marques-de-los-velez-del-archivo-municipal-de-mula-28-de-abril\/\" \/>\n<meta property=\"og:locale\" content=\"es_ES\" \/>\n<meta property=\"og:type\" content=\"article\" \/>\n<meta property=\"og:title\" content=\"CULTURA | Presentaci\u00f3n del libro: &quot;El fondo documental del Marqu\u00e9s de los V\u00e9lez del Archivo Municipal de Mula&quot; - 28 de abril - Ayuntamiento de Mula\" \/>\n<meta property=\"og:url\" content=\"https:\/\/mula.es\/web\/cultura-presentacion-del-libro-el-fondo-documental-del-marques-de-los-velez-del-archivo-municipal-de-mula-28-de-abril\/\" \/>\n<meta property=\"og:site_name\" content=\"Ayuntamiento de Mula\" \/>\n<meta property=\"article:published_time\" content=\"2022-04-28T12:41:02+00:00\" \/>\n<meta property=\"og:image\" content=\"https:\/\/i0.wp.com\/mula.es\/web\/wp-content\/uploads\/2022\/04\/BOLUDA1.png?fit=187%2C270&ssl=1\" \/>\n\t<meta property=\"og:image:width\" content=\"187\" \/>\n\t<meta property=\"og:image:height\" content=\"270\" \/>\n\t<meta property=\"og:image:type\" content=\"image\/png\" \/>\n<meta name=\"author\" content=\"Rosario Mart\u00ednez\" \/>\n<meta name=\"twitter:card\" content=\"summary_large_image\" \/>\n<meta name=\"twitter:image\" content=\"https:\/\/mula.es\/web\/wp-content\/uploads\/2020\/06\/cropped-escudo-cuadrado.jpg\" \/>\n<meta name=\"twitter:creator\" content=\"@AyuntamientMula\" \/>\n<meta name=\"twitter:site\" content=\"@AyuntamientMula\" \/>\n<meta name=\"twitter:label1\" content=\"Escrito por\" \/>\n\t<meta name=\"twitter:data1\" content=\"Rosario Mart\u00ednez\" \/>\n<script type=\"application\/ld+json\" class=\"yoast-schema-graph\">{\"@context\":\"https:\\\/\\\/schema.org\",\"@graph\":[{\"@type\":\"Article\",\"@id\":\"https:\\\/\\\/mula.es\\\/web\\\/cultura-presentacion-del-libro-el-fondo-documental-del-marques-de-los-velez-del-archivo-municipal-de-mula-28-de-abril\\\/#article\",\"isPartOf\":{\"@id\":\"https:\\\/\\\/mula.es\\\/web\\\/cultura-presentacion-del-libro-el-fondo-documental-del-marques-de-los-velez-del-archivo-municipal-de-mula-28-de-abril\\\/\"},\"author\":{\"name\":\"Rosario Mart\u00ednez\",\"@id\":\"https:\\\/\\\/mula.es\\\/web\\\/#\\\/schema\\\/person\\\/f8d63bd3ab6e7b025268b909b7ab0771\"},\"headline\":\"CULTURA | Presentaci\u00f3n del libro: \u00abEl fondo documental del Marqu\u00e9s de los V\u00e9lez del Archivo Municipal de Mula\u00bb &#8211; 28 de abril\",\"datePublished\":\"2022-04-28T12:41:02+00:00\",\"mainEntityOfPage\":{\"@id\":\"https:\\\/\\\/mula.es\\\/web\\\/cultura-presentacion-del-libro-el-fondo-documental-del-marques-de-los-velez-del-archivo-municipal-de-mula-28-de-abril\\\/\"},\"wordCount\":938,\"image\":{\"@id\":\"https:\\\/\\\/mula.es\\\/web\\\/cultura-presentacion-del-libro-el-fondo-documental-del-marques-de-los-velez-del-archivo-municipal-de-mula-28-de-abril\\\/#primaryimage\"},\"thumbnailUrl\":\"https:\\\/\\\/mula.es\\\/web\\\/wp-content\\\/uploads\\\/2022\\\/04\\\/BOLUDA1.png\",\"articleSection\":[\"cultura\"],\"inLanguage\":\"es\"},{\"@type\":\"WebPage\",\"@id\":\"https:\\\/\\\/mula.es\\\/web\\\/cultura-presentacion-del-libro-el-fondo-documental-del-marques-de-los-velez-del-archivo-municipal-de-mula-28-de-abril\\\/\",\"url\":\"https:\\\/\\\/mula.es\\\/web\\\/cultura-presentacion-del-libro-el-fondo-documental-del-marques-de-los-velez-del-archivo-municipal-de-mula-28-de-abril\\\/\",\"name\":\"CULTURA | Presentaci\u00f3n del libro: \\\"El fondo documental del Marqu\u00e9s de los V\u00e9lez del Archivo Municipal de Mula\\\" - 28 de abril - Ayuntamiento de Mula\",\"isPartOf\":{\"@id\":\"https:\\\/\\\/mula.es\\\/web\\\/#website\"},\"primaryImageOfPage\":{\"@id\":\"https:\\\/\\\/mula.es\\\/web\\\/cultura-presentacion-del-libro-el-fondo-documental-del-marques-de-los-velez-del-archivo-municipal-de-mula-28-de-abril\\\/#primaryimage\"},\"image\":{\"@id\":\"https:\\\/\\\/mula.es\\\/web\\\/cultura-presentacion-del-libro-el-fondo-documental-del-marques-de-los-velez-del-archivo-municipal-de-mula-28-de-abril\\\/#primaryimage\"},\"thumbnailUrl\":\"https:\\\/\\\/mula.es\\\/web\\\/wp-content\\\/uploads\\\/2022\\\/04\\\/BOLUDA1.png\",\"datePublished\":\"2022-04-28T12:41:02+00:00\",\"author\":{\"@id\":\"https:\\\/\\\/mula.es\\\/web\\\/#\\\/schema\\\/person\\\/f8d63bd3ab6e7b025268b909b7ab0771\"},\"breadcrumb\":{\"@id\":\"https:\\\/\\\/mula.es\\\/web\\\/cultura-presentacion-del-libro-el-fondo-documental-del-marques-de-los-velez-del-archivo-municipal-de-mula-28-de-abril\\\/#breadcrumb\"},\"inLanguage\":\"es\",\"potentialAction\":[{\"@type\":\"ReadAction\",\"target\":[\"https:\\\/\\\/mula.es\\\/web\\\/cultura-presentacion-del-libro-el-fondo-documental-del-marques-de-los-velez-del-archivo-municipal-de-mula-28-de-abril\\\/\"]}]},{\"@type\":\"ImageObject\",\"inLanguage\":\"es\",\"@id\":\"https:\\\/\\\/mula.es\\\/web\\\/cultura-presentacion-del-libro-el-fondo-documental-del-marques-de-los-velez-del-archivo-municipal-de-mula-28-de-abril\\\/#primaryimage\",\"url\":\"https:\\\/\\\/mula.es\\\/web\\\/wp-content\\\/uploads\\\/2022\\\/04\\\/BOLUDA1.png\",\"contentUrl\":\"https:\\\/\\\/mula.es\\\/web\\\/wp-content\\\/uploads\\\/2022\\\/04\\\/BOLUDA1.png\",\"width\":187,\"height\":270},{\"@type\":\"BreadcrumbList\",\"@id\":\"https:\\\/\\\/mula.es\\\/web\\\/cultura-presentacion-del-libro-el-fondo-documental-del-marques-de-los-velez-del-archivo-municipal-de-mula-28-de-abril\\\/#breadcrumb\",\"itemListElement\":[{\"@type\":\"ListItem\",\"position\":1,\"name\":\"Portada\",\"item\":\"https:\\\/\\\/mula.es\\\/web\\\/\"},{\"@type\":\"ListItem\",\"position\":2,\"name\":\"CULTURA | Presentaci\u00f3n del libro: \u00abEl fondo documental del Marqu\u00e9s de los V\u00e9lez del Archivo Municipal de Mula\u00bb &#8211; 28 de abril\"}]},{\"@type\":\"WebSite\",\"@id\":\"https:\\\/\\\/mula.es\\\/web\\\/#website\",\"url\":\"https:\\\/\\\/mula.es\\\/web\\\/\",\"name\":\"Ayuntamiento de Mula\",\"description\":\"P\u00e1gina web del Ayuntamiento de Mula (Regi\u00f3n de Murcia)\",\"potentialAction\":[{\"@type\":\"SearchAction\",\"target\":{\"@type\":\"EntryPoint\",\"urlTemplate\":\"https:\\\/\\\/mula.es\\\/web\\\/?s={search_term_string}\"},\"query-input\":{\"@type\":\"PropertyValueSpecification\",\"valueRequired\":true,\"valueName\":\"search_term_string\"}}],\"inLanguage\":\"es\"},{\"@type\":\"Person\",\"@id\":\"https:\\\/\\\/mula.es\\\/web\\\/#\\\/schema\\\/person\\\/f8d63bd3ab6e7b025268b909b7ab0771\",\"name\":\"Rosario Mart\u00ednez\",\"image\":{\"@type\":\"ImageObject\",\"inLanguage\":\"es\",\"@id\":\"https:\\\/\\\/secure.gravatar.com\\\/avatar\\\/ce916b980ac93e5b1d36e6068357675d4e089a572ebc8789fcb807c2fb2edfef?s=96&d=mm&r=g\",\"url\":\"https:\\\/\\\/secure.gravatar.com\\\/avatar\\\/ce916b980ac93e5b1d36e6068357675d4e089a572ebc8789fcb807c2fb2edfef?s=96&d=mm&r=g\",\"contentUrl\":\"https:\\\/\\\/secure.gravatar.com\\\/avatar\\\/ce916b980ac93e5b1d36e6068357675d4e089a572ebc8789fcb807c2fb2edfef?s=96&d=mm&r=g\",\"caption\":\"Rosario Mart\u00ednez\"},\"url\":\"https:\\\/\\\/mula.es\\\/web\\\/author\\\/rmartinez\\\/\"}]}<\/script>\n<!-- \/ Yoast SEO plugin. -->","yoast_head_json":{"title":"CULTURA | Presentaci\u00f3n del libro: \"El fondo documental del Marqu\u00e9s de los V\u00e9lez del Archivo Municipal de Mula\" - 28 de abril - Ayuntamiento de Mula","robots":{"index":"index","follow":"follow","max-snippet":"max-snippet:-1","max-image-preview":"max-image-preview:large","max-video-preview":"max-video-preview:-1"},"canonical":"https:\/\/mula.es\/web\/cultura-presentacion-del-libro-el-fondo-documental-del-marques-de-los-velez-del-archivo-municipal-de-mula-28-de-abril\/","og_locale":"es_ES","og_type":"article","og_title":"CULTURA | Presentaci\u00f3n del libro: \"El fondo documental del Marqu\u00e9s de los V\u00e9lez del Archivo Municipal de Mula\" - 28 de abril - Ayuntamiento de Mula","og_url":"https:\/\/mula.es\/web\/cultura-presentacion-del-libro-el-fondo-documental-del-marques-de-los-velez-del-archivo-municipal-de-mula-28-de-abril\/","og_site_name":"Ayuntamiento de Mula","article_published_time":"2022-04-28T12:41:02+00:00","og_image":[{"width":187,"height":270,"url":"https:\/\/i0.wp.com\/mula.es\/web\/wp-content\/uploads\/2022\/04\/BOLUDA1.png?fit=187%2C270&ssl=1","type":"image\/png"}],"author":"Rosario Mart\u00ednez","twitter_card":"summary_large_image","twitter_image":"https:\/\/mula.es\/web\/wp-content\/uploads\/2020\/06\/cropped-escudo-cuadrado.jpg","twitter_creator":"@AyuntamientMula","twitter_site":"@AyuntamientMula","twitter_misc":{"Escrito por":"Rosario Mart\u00ednez"},"schema":{"@context":"https:\/\/schema.org","@graph":[{"@type":"Article","@id":"https:\/\/mula.es\/web\/cultura-presentacion-del-libro-el-fondo-documental-del-marques-de-los-velez-del-archivo-municipal-de-mula-28-de-abril\/#article","isPartOf":{"@id":"https:\/\/mula.es\/web\/cultura-presentacion-del-libro-el-fondo-documental-del-marques-de-los-velez-del-archivo-municipal-de-mula-28-de-abril\/"},"author":{"name":"Rosario Mart\u00ednez","@id":"https:\/\/mula.es\/web\/#\/schema\/person\/f8d63bd3ab6e7b025268b909b7ab0771"},"headline":"CULTURA | Presentaci\u00f3n del libro: \u00abEl fondo documental del Marqu\u00e9s de los V\u00e9lez del Archivo Municipal de Mula\u00bb &#8211; 28 de abril","datePublished":"2022-04-28T12:41:02+00:00","mainEntityOfPage":{"@id":"https:\/\/mula.es\/web\/cultura-presentacion-del-libro-el-fondo-documental-del-marques-de-los-velez-del-archivo-municipal-de-mula-28-de-abril\/"},"wordCount":938,"image":{"@id":"https:\/\/mula.es\/web\/cultura-presentacion-del-libro-el-fondo-documental-del-marques-de-los-velez-del-archivo-municipal-de-mula-28-de-abril\/#primaryimage"},"thumbnailUrl":"https:\/\/mula.es\/web\/wp-content\/uploads\/2022\/04\/BOLUDA1.png","articleSection":["cultura"],"inLanguage":"es"},{"@type":"WebPage","@id":"https:\/\/mula.es\/web\/cultura-presentacion-del-libro-el-fondo-documental-del-marques-de-los-velez-del-archivo-municipal-de-mula-28-de-abril\/","url":"https:\/\/mula.es\/web\/cultura-presentacion-del-libro-el-fondo-documental-del-marques-de-los-velez-del-archivo-municipal-de-mula-28-de-abril\/","name":"CULTURA | Presentaci\u00f3n del libro: \"El fondo documental del Marqu\u00e9s de los V\u00e9lez del Archivo Municipal de Mula\" - 28 de abril - Ayuntamiento de Mula","isPartOf":{"@id":"https:\/\/mula.es\/web\/#website"},"primaryImageOfPage":{"@id":"https:\/\/mula.es\/web\/cultura-presentacion-del-libro-el-fondo-documental-del-marques-de-los-velez-del-archivo-municipal-de-mula-28-de-abril\/#primaryimage"},"image":{"@id":"https:\/\/mula.es\/web\/cultura-presentacion-del-libro-el-fondo-documental-del-marques-de-los-velez-del-archivo-municipal-de-mula-28-de-abril\/#primaryimage"},"thumbnailUrl":"https:\/\/mula.es\/web\/wp-content\/uploads\/2022\/04\/BOLUDA1.png","datePublished":"2022-04-28T12:41:02+00:00","author":{"@id":"https:\/\/mula.es\/web\/#\/schema\/person\/f8d63bd3ab6e7b025268b909b7ab0771"},"breadcrumb":{"@id":"https:\/\/mula.es\/web\/cultura-presentacion-del-libro-el-fondo-documental-del-marques-de-los-velez-del-archivo-municipal-de-mula-28-de-abril\/#breadcrumb"},"inLanguage":"es","potentialAction":[{"@type":"ReadAction","target":["https:\/\/mula.es\/web\/cultura-presentacion-del-libro-el-fondo-documental-del-marques-de-los-velez-del-archivo-municipal-de-mula-28-de-abril\/"]}]},{"@type":"ImageObject","inLanguage":"es","@id":"https:\/\/mula.es\/web\/cultura-presentacion-del-libro-el-fondo-documental-del-marques-de-los-velez-del-archivo-municipal-de-mula-28-de-abril\/#primaryimage","url":"https:\/\/mula.es\/web\/wp-content\/uploads\/2022\/04\/BOLUDA1.png","contentUrl":"https:\/\/mula.es\/web\/wp-content\/uploads\/2022\/04\/BOLUDA1.png","width":187,"height":270},{"@type":"BreadcrumbList","@id":"https:\/\/mula.es\/web\/cultura-presentacion-del-libro-el-fondo-documental-del-marques-de-los-velez-del-archivo-municipal-de-mula-28-de-abril\/#breadcrumb","itemListElement":[{"@type":"ListItem","position":1,"name":"Portada","item":"https:\/\/mula.es\/web\/"},{"@type":"ListItem","position":2,"name":"CULTURA | Presentaci\u00f3n del libro: \u00abEl fondo documental del Marqu\u00e9s de los V\u00e9lez del Archivo Municipal de Mula\u00bb &#8211; 28 de abril"}]},{"@type":"WebSite","@id":"https:\/\/mula.es\/web\/#website","url":"https:\/\/mula.es\/web\/","name":"Ayuntamiento de Mula","description":"P\u00e1gina web del Ayuntamiento de Mula (Regi\u00f3n de Murcia)","potentialAction":[{"@type":"SearchAction","target":{"@type":"EntryPoint","urlTemplate":"https:\/\/mula.es\/web\/?s={search_term_string}"},"query-input":{"@type":"PropertyValueSpecification","valueRequired":true,"valueName":"search_term_string"}}],"inLanguage":"es"},{"@type":"Person","@id":"https:\/\/mula.es\/web\/#\/schema\/person\/f8d63bd3ab6e7b025268b909b7ab0771","name":"Rosario Mart\u00ednez","image":{"@type":"ImageObject","inLanguage":"es","@id":"https:\/\/secure.gravatar.com\/avatar\/ce916b980ac93e5b1d36e6068357675d4e089a572ebc8789fcb807c2fb2edfef?s=96&d=mm&r=g","url":"https:\/\/secure.gravatar.com\/avatar\/ce916b980ac93e5b1d36e6068357675d4e089a572ebc8789fcb807c2fb2edfef?s=96&d=mm&r=g","contentUrl":"https:\/\/secure.gravatar.com\/avatar\/ce916b980ac93e5b1d36e6068357675d4e089a572ebc8789fcb807c2fb2edfef?s=96&d=mm&r=g","caption":"Rosario Mart\u00ednez"},"url":"https:\/\/mula.es\/web\/author\/rmartinez\/"}]}},"jetpack_publicize_connections":[],"jetpack_featured_media_url":"https:\/\/mula.es\/web\/wp-content\/uploads\/2022\/04\/BOLUDA1.png","jetpack_sharing_enabled":true,"jetpack_shortlink":"https:\/\/wp.me\/pa9DMY-bwa","jetpack-related-posts":[],"_links":{"self":[{"href":"https:\/\/mula.es\/web\/wp-json\/wp\/v2\/posts\/44278","targetHints":{"allow":["GET"]}}],"collection":[{"href":"https:\/\/mula.es\/web\/wp-json\/wp\/v2\/posts"}],"about":[{"href":"https:\/\/mula.es\/web\/wp-json\/wp\/v2\/types\/post"}],"author":[{"embeddable":true,"href":"https:\/\/mula.es\/web\/wp-json\/wp\/v2\/users\/9"}],"replies":[{"embeddable":true,"href":"https:\/\/mula.es\/web\/wp-json\/wp\/v2\/comments?post=44278"}],"version-history":[{"count":1,"href":"https:\/\/mula.es\/web\/wp-json\/wp\/v2\/posts\/44278\/revisions"}],"predecessor-version":[{"id":44281,"href":"https:\/\/mula.es\/web\/wp-json\/wp\/v2\/posts\/44278\/revisions\/44281"}],"wp:featuredmedia":[{"embeddable":true,"href":"https:\/\/mula.es\/web\/wp-json\/wp\/v2\/media\/44280"}],"wp:attachment":[{"href":"https:\/\/mula.es\/web\/wp-json\/wp\/v2\/media?parent=44278"}],"wp:term":[{"taxonomy":"category","embeddable":true,"href":"https:\/\/mula.es\/web\/wp-json\/wp\/v2\/categories?post=44278"},{"taxonomy":"post_tag","embeddable":true,"href":"https:\/\/mula.es\/web\/wp-json\/wp\/v2\/tags?post=44278"}],"curies":[{"name":"wp","href":"https:\/\/api.w.org\/{rel}","templated":true}]}}