{"id":44294,"date":"2022-04-29T12:40:44","date_gmt":"2022-04-29T10:40:44","guid":{"rendered":"https:\/\/mula.es\/web\/?p=44294"},"modified":"2022-04-29T12:40:44","modified_gmt":"2022-04-29T10:40:44","slug":"kairos-primer-encuentro-para-la-puesta-en-marcha-de-la-red-de-municipios-conjunto-historico-artistico-de-la-region-de-murcia","status":"publish","type":"post","link":"https:\/\/mula.es\/web\/kairos-primer-encuentro-para-la-puesta-en-marcha-de-la-red-de-municipios-conjunto-historico-artistico-de-la-region-de-murcia\/","title":{"rendered":"KAIR\u00d3S | Primer encuentro para la puesta en marcha de la Red de municipios Conjunto Hist\u00f3rico Art\u00edstico de la Regi\u00f3n de Murcia"},"content":{"rendered":"<p style=\"text-align: justify;\">Participaron los alcaldes de Aledo, Caravaca de la Cruz, Cartagena, Ceheg\u00edn, Jumilla, Lorca y Murcia invitados por Mula coincidiendo con la clausura del Proyecto Kair\u00f3s<\/p>\n<p style=\"text-align: justify;\">Mula acoge el primer encuentro conjunto de los alcaldes de los municipios con declaraci\u00f3n de Conjunto Hist\u00f3rico Art\u00edstico en la Regi\u00f3n de Murcia que establece los primeros nexos de uni\u00f3n para la creaci\u00f3n y puesta en marcha de una Red de municipios Conjunto Hist\u00f3rico Art\u00edstico con la finalidad y el objetivo de trabajar de forma conjunta para la promoci\u00f3n y puesta en valor de estos territorios.<\/p>\n<p style=\"text-align: justify;\">Este primer encuentro coincide con la clausura del Proyecto Kair\u00f3s que se celebra estos d\u00edas en Mula y fruto de Kair\u00f3s surg\u00eda la iniciativa de puesta en marcha de esta Red ya que, seg\u00fan explicaba el alcalde de Mula, Juan Jes\u00fas Moreno, \u201cKair\u00f3s nos ha hecho concienciarnos de que el trabajo conjunto entre ciudades, cada una con sus propios recursos y problemas, con expertos, agentes sociales, colectivos y los propios vecinos nos acerca mucho m\u00e1s a las verdaderas necesidades de nuestros municipios. Kair\u00f3s nos llev\u00f3 a creer en esta Red y as\u00ed si lo trasladamos a cada uno de los municipios Conjunto Hist\u00f3rico de forma individual, ahora en esta primera toma de contacto en com\u00fan, creemos que ha sido un acierto\u201d.<\/p>\n<p style=\"text-align: justify;\">Participaron en el encuentro para la creaci\u00f3n de esta red los alcaldes de Aledo, Francisco Javier Andreo; Caravaca de la Cruz, Jos\u00e9 Francisco Garc\u00eda; Cartagena, Noelia Arroyo; Ceheg\u00edn, Jer\u00f3nimo Moya; Jumilla, Juana Guardiola; Lorca, Diego Jos\u00e9 Mateos; y en representaci\u00f3n de Murcia, Francisca P\u00e9rez; liderados por el alcalde de Mula, Juan Jes\u00fas Moreno.<\/p>\n<p style=\"text-align: justify;\">De este primer encuentro se deriva la puesta en marcha de un borrador que marque las directrices para conformar ya protocolariamente esta red y empezar a trabajar. \u201cTenemos problemas comunes y necesitamos tanto la ayuda de la Comunidad Aut\u00f3noma, la Consejer\u00eda de Cultura y Delegaci\u00f3n del Gobierno para solventar estos problemas y buscar financiaci\u00f3n\u201d, explicaba Juan Jes\u00fas Moreno que resaltaba que \u201cno es f\u00e1cil juntar a ocho alcaldes pero ha sido una reuni\u00f3n muy positiva en la que todos coincidimos en que trabajar por estos Conjuntos Hist\u00f3rico Art\u00edstico es muy importante para nuestros municipios y nuestros ciudadanos y, por eso estamos aqu\u00ed, para intentar ayudarnos sin colores pol\u00edticos y con el objetivo com\u00fan de proteger nuestro patrimonio\u201d.<\/p>\n<p style=\"text-align: justify;\">La alcaldesa de Cartagena, Noelia Arroyo, resaltaba tras la reuni\u00f3n que \u201ccreemos que es una buena oportunidad para afrontar los retos, los desaf\u00edos comunes ya que muchas veces planificar las transformaciones de nuestros cascos hist\u00f3ricos, con toda la complejidad de protecci\u00f3n del patrimonio, poder dinamizarlos y hacer un urbanismo sostenible se convierte en un problema del d\u00eda a d\u00eda. En definitiva, es para lo que se crea esta red para un intercambio de experiencias con nuestros t\u00e9cnicos, expertos y profesionales para que podamos unirnos en esos proyectos que va a sumar a la transformaci\u00f3n de nuestras ciudades\u201d.<\/p>\n<p style=\"text-align: justify;\">Del mismo modo explicaba que muchos de los problemas de estos ocho municipios son comunes y tenemos que aprovechar cualquier oportunidad, cualquier financiaci\u00f3n que venga. \u201cHay que poner el foco dentro de nuestra Regi\u00f3n, tenemos mucho por lo que trabajar y que compartir, creo que va a ser bueno y una grata experiencia adem\u00e1s\u201d.<\/p>\n<p style=\"text-align: justify;\">La Red de municipios Conjunto Hist\u00f3rico Art\u00edstico de la Regi\u00f3n de Murcia empieza a fraguarse a partir de este momento. Ya se han marcado fechas para trabajar en ese protocolo, un borrador que se trabajar\u00e1 desde Mula y se enriquecer\u00e1 con la experiencia de cada uno de los municipios que forman esta red.<\/p>\n","protected":false},"excerpt":{"rendered":"<p>Participaron los alcaldes de Aledo, Caravaca de la Cruz, Cartagena, Ceheg\u00edn, Jumilla, Lorca y Murcia invitados por Mula coincidiendo con la clausura del Proyecto Kair\u00f3s Mula acoge el primer encuentro conjunto de los alcaldes de los municipios con declaraci\u00f3n de Conjunto Hist\u00f3rico Art\u00edstico en la Regi\u00f3n de Murcia que establece los primeros nexos de uni\u00f3n  [&#8230;]<\/p>\n","protected":false},"author":9,"featured_media":44295,"comment_status":"closed","ping_status":"closed","sticky":false,"template":"","format":"standard","meta":{"jetpack_post_was_ever_published":false,"_jetpack_newsletter_access":"","_jetpack_dont_email_post_to_subs":false,"_jetpack_newsletter_tier_id":0,"_jetpack_memberships_contains_paywalled_content":false,"_jetpack_memberships_contains_paid_content":false,"footnotes":"","jetpack_publicize_message":"","jetpack_publicize_feature_enabled":true,"jetpack_social_post_already_shared":false,"jetpack_social_options":{"image_generator_settings":{"template":"highway","default_image_id":0,"font":"","enabled":false},"version":2}},"categories":[606],"tags":[],"class_list":["post-44294","post","type-post","status-publish","format-standard","has-post-thumbnail","hentry","category-kairos"],"yoast_head":"<!-- This site is optimized with the Yoast SEO plugin v27.5 - https:\/\/yoast.com\/product\/yoast-seo-wordpress\/ -->\n<title>KAIR\u00d3S | Primer encuentro para la puesta en marcha de la Red de municipios Conjunto Hist\u00f3rico Art\u00edstico de la Regi\u00f3n de Murcia - Ayuntamiento de Mula<\/title>\n<meta name=\"robots\" content=\"index, follow, max-snippet:-1, max-image-preview:large, max-video-preview:-1\" \/>\n<link rel=\"canonical\" href=\"https:\/\/mula.es\/web\/kairos-primer-encuentro-para-la-puesta-en-marcha-de-la-red-de-municipios-conjunto-historico-artistico-de-la-region-de-murcia\/\" \/>\n<meta property=\"og:locale\" content=\"es_ES\" \/>\n<meta property=\"og:type\" content=\"article\" \/>\n<meta property=\"og:title\" content=\"KAIR\u00d3S | Primer encuentro para la puesta en marcha de la Red de municipios Conjunto Hist\u00f3rico Art\u00edstico de la Regi\u00f3n de Murcia - Ayuntamiento de Mula\" \/>\n<meta property=\"og:description\" content=\"Participaron los alcaldes de Aledo, Caravaca de la Cruz, Cartagena, Ceheg\u00edn, Jumilla, Lorca y Murcia invitados por Mula coincidiendo con la clausura del Proyecto Kair\u00f3s Mula acoge el primer encuentro conjunto de los alcaldes de los municipios con declaraci\u00f3n de Conjunto Hist\u00f3rico Art\u00edstico en la Regi\u00f3n de Murcia que establece los primeros nexos de uni\u00f3n [...]\" \/>\n<meta property=\"og:url\" content=\"https:\/\/mula.es\/web\/kairos-primer-encuentro-para-la-puesta-en-marcha-de-la-red-de-municipios-conjunto-historico-artistico-de-la-region-de-murcia\/\" \/>\n<meta property=\"og:site_name\" content=\"Ayuntamiento de Mula\" \/>\n<meta property=\"article:published_time\" content=\"2022-04-29T10:40:44+00:00\" \/>\n<meta property=\"og:image\" content=\"https:\/\/i0.wp.com\/mula.es\/web\/wp-content\/uploads\/2022\/04\/redconjuntoshistoricos.jpg?fit=960%2C540&ssl=1\" \/>\n\t<meta property=\"og:image:width\" content=\"960\" \/>\n\t<meta property=\"og:image:height\" content=\"540\" \/>\n\t<meta property=\"og:image:type\" content=\"image\/jpeg\" \/>\n<meta name=\"author\" content=\"Rosario Mart\u00ednez\" \/>\n<meta name=\"twitter:card\" content=\"summary_large_image\" \/>\n<meta name=\"twitter:image\" content=\"https:\/\/mula.es\/web\/wp-content\/uploads\/2020\/06\/cropped-escudo-cuadrado.jpg\" \/>\n<meta name=\"twitter:creator\" content=\"@AyuntamientMula\" \/>\n<meta name=\"twitter:site\" content=\"@AyuntamientMula\" \/>\n<meta name=\"twitter:label1\" content=\"Escrito por\" \/>\n\t<meta name=\"twitter:data1\" content=\"Rosario Mart\u00ednez\" \/>\n\t<meta name=\"twitter:label2\" content=\"Tiempo de lectura\" \/>\n\t<meta name=\"twitter:data2\" content=\"3 minutos\" \/>\n<script type=\"application\/ld+json\" class=\"yoast-schema-graph\">{\"@context\":\"https:\\\/\\\/schema.org\",\"@graph\":[{\"@type\":\"Article\",\"@id\":\"https:\\\/\\\/mula.es\\\/web\\\/kairos-primer-encuentro-para-la-puesta-en-marcha-de-la-red-de-municipios-conjunto-historico-artistico-de-la-region-de-murcia\\\/#article\",\"isPartOf\":{\"@id\":\"https:\\\/\\\/mula.es\\\/web\\\/kairos-primer-encuentro-para-la-puesta-en-marcha-de-la-red-de-municipios-conjunto-historico-artistico-de-la-region-de-murcia\\\/\"},\"author\":{\"name\":\"Rosario Mart\u00ednez\",\"@id\":\"https:\\\/\\\/mula.es\\\/web\\\/#\\\/schema\\\/person\\\/f8d63bd3ab6e7b025268b909b7ab0771\"},\"headline\":\"KAIR\u00d3S | Primer encuentro para la puesta en marcha de la Red de municipios Conjunto Hist\u00f3rico Art\u00edstico de la Regi\u00f3n de Murcia\",\"datePublished\":\"2022-04-29T10:40:44+00:00\",\"mainEntityOfPage\":{\"@id\":\"https:\\\/\\\/mula.es\\\/web\\\/kairos-primer-encuentro-para-la-puesta-en-marcha-de-la-red-de-municipios-conjunto-historico-artistico-de-la-region-de-murcia\\\/\"},\"wordCount\":665,\"image\":{\"@id\":\"https:\\\/\\\/mula.es\\\/web\\\/kairos-primer-encuentro-para-la-puesta-en-marcha-de-la-red-de-municipios-conjunto-historico-artistico-de-la-region-de-murcia\\\/#primaryimage\"},\"thumbnailUrl\":\"https:\\\/\\\/mula.es\\\/web\\\/wp-content\\\/uploads\\\/2022\\\/04\\\/redconjuntoshistoricos.jpg\",\"articleSection\":[\"Kair\u00f3s\"],\"inLanguage\":\"es\"},{\"@type\":\"WebPage\",\"@id\":\"https:\\\/\\\/mula.es\\\/web\\\/kairos-primer-encuentro-para-la-puesta-en-marcha-de-la-red-de-municipios-conjunto-historico-artistico-de-la-region-de-murcia\\\/\",\"url\":\"https:\\\/\\\/mula.es\\\/web\\\/kairos-primer-encuentro-para-la-puesta-en-marcha-de-la-red-de-municipios-conjunto-historico-artistico-de-la-region-de-murcia\\\/\",\"name\":\"KAIR\u00d3S | Primer encuentro para la puesta en marcha de la Red de municipios Conjunto Hist\u00f3rico Art\u00edstico de la Regi\u00f3n de Murcia - Ayuntamiento de Mula\",\"isPartOf\":{\"@id\":\"https:\\\/\\\/mula.es\\\/web\\\/#website\"},\"primaryImageOfPage\":{\"@id\":\"https:\\\/\\\/mula.es\\\/web\\\/kairos-primer-encuentro-para-la-puesta-en-marcha-de-la-red-de-municipios-conjunto-historico-artistico-de-la-region-de-murcia\\\/#primaryimage\"},\"image\":{\"@id\":\"https:\\\/\\\/mula.es\\\/web\\\/kairos-primer-encuentro-para-la-puesta-en-marcha-de-la-red-de-municipios-conjunto-historico-artistico-de-la-region-de-murcia\\\/#primaryimage\"},\"thumbnailUrl\":\"https:\\\/\\\/mula.es\\\/web\\\/wp-content\\\/uploads\\\/2022\\\/04\\\/redconjuntoshistoricos.jpg\",\"datePublished\":\"2022-04-29T10:40:44+00:00\",\"author\":{\"@id\":\"https:\\\/\\\/mula.es\\\/web\\\/#\\\/schema\\\/person\\\/f8d63bd3ab6e7b025268b909b7ab0771\"},\"breadcrumb\":{\"@id\":\"https:\\\/\\\/mula.es\\\/web\\\/kairos-primer-encuentro-para-la-puesta-en-marcha-de-la-red-de-municipios-conjunto-historico-artistico-de-la-region-de-murcia\\\/#breadcrumb\"},\"inLanguage\":\"es\",\"potentialAction\":[{\"@type\":\"ReadAction\",\"target\":[\"https:\\\/\\\/mula.es\\\/web\\\/kairos-primer-encuentro-para-la-puesta-en-marcha-de-la-red-de-municipios-conjunto-historico-artistico-de-la-region-de-murcia\\\/\"]}]},{\"@type\":\"ImageObject\",\"inLanguage\":\"es\",\"@id\":\"https:\\\/\\\/mula.es\\\/web\\\/kairos-primer-encuentro-para-la-puesta-en-marcha-de-la-red-de-municipios-conjunto-historico-artistico-de-la-region-de-murcia\\\/#primaryimage\",\"url\":\"https:\\\/\\\/mula.es\\\/web\\\/wp-content\\\/uploads\\\/2022\\\/04\\\/redconjuntoshistoricos.jpg\",\"contentUrl\":\"https:\\\/\\\/mula.es\\\/web\\\/wp-content\\\/uploads\\\/2022\\\/04\\\/redconjuntoshistoricos.jpg\",\"width\":960,\"height\":540},{\"@type\":\"BreadcrumbList\",\"@id\":\"https:\\\/\\\/mula.es\\\/web\\\/kairos-primer-encuentro-para-la-puesta-en-marcha-de-la-red-de-municipios-conjunto-historico-artistico-de-la-region-de-murcia\\\/#breadcrumb\",\"itemListElement\":[{\"@type\":\"ListItem\",\"position\":1,\"name\":\"Portada\",\"item\":\"https:\\\/\\\/mula.es\\\/web\\\/\"},{\"@type\":\"ListItem\",\"position\":2,\"name\":\"KAIR\u00d3S | Primer encuentro para la puesta en marcha de la Red de municipios Conjunto Hist\u00f3rico Art\u00edstico de la Regi\u00f3n de Murcia\"}]},{\"@type\":\"WebSite\",\"@id\":\"https:\\\/\\\/mula.es\\\/web\\\/#website\",\"url\":\"https:\\\/\\\/mula.es\\\/web\\\/\",\"name\":\"Ayuntamiento de Mula\",\"description\":\"P\u00e1gina web del Ayuntamiento de Mula (Regi\u00f3n de Murcia)\",\"potentialAction\":[{\"@type\":\"SearchAction\",\"target\":{\"@type\":\"EntryPoint\",\"urlTemplate\":\"https:\\\/\\\/mula.es\\\/web\\\/?s={search_term_string}\"},\"query-input\":{\"@type\":\"PropertyValueSpecification\",\"valueRequired\":true,\"valueName\":\"search_term_string\"}}],\"inLanguage\":\"es\"},{\"@type\":\"Person\",\"@id\":\"https:\\\/\\\/mula.es\\\/web\\\/#\\\/schema\\\/person\\\/f8d63bd3ab6e7b025268b909b7ab0771\",\"name\":\"Rosario Mart\u00ednez\",\"image\":{\"@type\":\"ImageObject\",\"inLanguage\":\"es\",\"@id\":\"https:\\\/\\\/secure.gravatar.com\\\/avatar\\\/ce916b980ac93e5b1d36e6068357675d4e089a572ebc8789fcb807c2fb2edfef?s=96&d=mm&r=g\",\"url\":\"https:\\\/\\\/secure.gravatar.com\\\/avatar\\\/ce916b980ac93e5b1d36e6068357675d4e089a572ebc8789fcb807c2fb2edfef?s=96&d=mm&r=g\",\"contentUrl\":\"https:\\\/\\\/secure.gravatar.com\\\/avatar\\\/ce916b980ac93e5b1d36e6068357675d4e089a572ebc8789fcb807c2fb2edfef?s=96&d=mm&r=g\",\"caption\":\"Rosario Mart\u00ednez\"},\"url\":\"https:\\\/\\\/mula.es\\\/web\\\/author\\\/rmartinez\\\/\"}]}<\/script>\n<!-- \/ Yoast SEO plugin. -->","yoast_head_json":{"title":"KAIR\u00d3S | Primer encuentro para la puesta en marcha de la Red de municipios Conjunto Hist\u00f3rico Art\u00edstico de la Regi\u00f3n de Murcia - Ayuntamiento de Mula","robots":{"index":"index","follow":"follow","max-snippet":"max-snippet:-1","max-image-preview":"max-image-preview:large","max-video-preview":"max-video-preview:-1"},"canonical":"https:\/\/mula.es\/web\/kairos-primer-encuentro-para-la-puesta-en-marcha-de-la-red-de-municipios-conjunto-historico-artistico-de-la-region-de-murcia\/","og_locale":"es_ES","og_type":"article","og_title":"KAIR\u00d3S | Primer encuentro para la puesta en marcha de la Red de municipios Conjunto Hist\u00f3rico Art\u00edstico de la Regi\u00f3n de Murcia - Ayuntamiento de Mula","og_description":"Participaron los alcaldes de Aledo, Caravaca de la Cruz, Cartagena, Ceheg\u00edn, Jumilla, Lorca y Murcia invitados por Mula coincidiendo con la clausura del Proyecto Kair\u00f3s Mula acoge el primer encuentro conjunto de los alcaldes de los municipios con declaraci\u00f3n de Conjunto Hist\u00f3rico Art\u00edstico en la Regi\u00f3n de Murcia que establece los primeros nexos de uni\u00f3n [...]","og_url":"https:\/\/mula.es\/web\/kairos-primer-encuentro-para-la-puesta-en-marcha-de-la-red-de-municipios-conjunto-historico-artistico-de-la-region-de-murcia\/","og_site_name":"Ayuntamiento de Mula","article_published_time":"2022-04-29T10:40:44+00:00","og_image":[{"width":960,"height":540,"url":"https:\/\/i0.wp.com\/mula.es\/web\/wp-content\/uploads\/2022\/04\/redconjuntoshistoricos.jpg?fit=960%2C540&ssl=1","type":"image\/jpeg"}],"author":"Rosario Mart\u00ednez","twitter_card":"summary_large_image","twitter_image":"https:\/\/mula.es\/web\/wp-content\/uploads\/2020\/06\/cropped-escudo-cuadrado.jpg","twitter_creator":"@AyuntamientMula","twitter_site":"@AyuntamientMula","twitter_misc":{"Escrito por":"Rosario Mart\u00ednez","Tiempo de lectura":"3 minutos"},"schema":{"@context":"https:\/\/schema.org","@graph":[{"@type":"Article","@id":"https:\/\/mula.es\/web\/kairos-primer-encuentro-para-la-puesta-en-marcha-de-la-red-de-municipios-conjunto-historico-artistico-de-la-region-de-murcia\/#article","isPartOf":{"@id":"https:\/\/mula.es\/web\/kairos-primer-encuentro-para-la-puesta-en-marcha-de-la-red-de-municipios-conjunto-historico-artistico-de-la-region-de-murcia\/"},"author":{"name":"Rosario Mart\u00ednez","@id":"https:\/\/mula.es\/web\/#\/schema\/person\/f8d63bd3ab6e7b025268b909b7ab0771"},"headline":"KAIR\u00d3S | Primer encuentro para la puesta en marcha de la Red de municipios Conjunto Hist\u00f3rico Art\u00edstico de la Regi\u00f3n de Murcia","datePublished":"2022-04-29T10:40:44+00:00","mainEntityOfPage":{"@id":"https:\/\/mula.es\/web\/kairos-primer-encuentro-para-la-puesta-en-marcha-de-la-red-de-municipios-conjunto-historico-artistico-de-la-region-de-murcia\/"},"wordCount":665,"image":{"@id":"https:\/\/mula.es\/web\/kairos-primer-encuentro-para-la-puesta-en-marcha-de-la-red-de-municipios-conjunto-historico-artistico-de-la-region-de-murcia\/#primaryimage"},"thumbnailUrl":"https:\/\/mula.es\/web\/wp-content\/uploads\/2022\/04\/redconjuntoshistoricos.jpg","articleSection":["Kair\u00f3s"],"inLanguage":"es"},{"@type":"WebPage","@id":"https:\/\/mula.es\/web\/kairos-primer-encuentro-para-la-puesta-en-marcha-de-la-red-de-municipios-conjunto-historico-artistico-de-la-region-de-murcia\/","url":"https:\/\/mula.es\/web\/kairos-primer-encuentro-para-la-puesta-en-marcha-de-la-red-de-municipios-conjunto-historico-artistico-de-la-region-de-murcia\/","name":"KAIR\u00d3S | Primer encuentro para la puesta en marcha de la Red de municipios Conjunto Hist\u00f3rico Art\u00edstico de la Regi\u00f3n de Murcia - Ayuntamiento de Mula","isPartOf":{"@id":"https:\/\/mula.es\/web\/#website"},"primaryImageOfPage":{"@id":"https:\/\/mula.es\/web\/kairos-primer-encuentro-para-la-puesta-en-marcha-de-la-red-de-municipios-conjunto-historico-artistico-de-la-region-de-murcia\/#primaryimage"},"image":{"@id":"https:\/\/mula.es\/web\/kairos-primer-encuentro-para-la-puesta-en-marcha-de-la-red-de-municipios-conjunto-historico-artistico-de-la-region-de-murcia\/#primaryimage"},"thumbnailUrl":"https:\/\/mula.es\/web\/wp-content\/uploads\/2022\/04\/redconjuntoshistoricos.jpg","datePublished":"2022-04-29T10:40:44+00:00","author":{"@id":"https:\/\/mula.es\/web\/#\/schema\/person\/f8d63bd3ab6e7b025268b909b7ab0771"},"breadcrumb":{"@id":"https:\/\/mula.es\/web\/kairos-primer-encuentro-para-la-puesta-en-marcha-de-la-red-de-municipios-conjunto-historico-artistico-de-la-region-de-murcia\/#breadcrumb"},"inLanguage":"es","potentialAction":[{"@type":"ReadAction","target":["https:\/\/mula.es\/web\/kairos-primer-encuentro-para-la-puesta-en-marcha-de-la-red-de-municipios-conjunto-historico-artistico-de-la-region-de-murcia\/"]}]},{"@type":"ImageObject","inLanguage":"es","@id":"https:\/\/mula.es\/web\/kairos-primer-encuentro-para-la-puesta-en-marcha-de-la-red-de-municipios-conjunto-historico-artistico-de-la-region-de-murcia\/#primaryimage","url":"https:\/\/mula.es\/web\/wp-content\/uploads\/2022\/04\/redconjuntoshistoricos.jpg","contentUrl":"https:\/\/mula.es\/web\/wp-content\/uploads\/2022\/04\/redconjuntoshistoricos.jpg","width":960,"height":540},{"@type":"BreadcrumbList","@id":"https:\/\/mula.es\/web\/kairos-primer-encuentro-para-la-puesta-en-marcha-de-la-red-de-municipios-conjunto-historico-artistico-de-la-region-de-murcia\/#breadcrumb","itemListElement":[{"@type":"ListItem","position":1,"name":"Portada","item":"https:\/\/mula.es\/web\/"},{"@type":"ListItem","position":2,"name":"KAIR\u00d3S | Primer encuentro para la puesta en marcha de la Red de municipios Conjunto Hist\u00f3rico Art\u00edstico de la Regi\u00f3n de Murcia"}]},{"@type":"WebSite","@id":"https:\/\/mula.es\/web\/#website","url":"https:\/\/mula.es\/web\/","name":"Ayuntamiento de Mula","description":"P\u00e1gina web del Ayuntamiento de Mula (Regi\u00f3n de Murcia)","potentialAction":[{"@type":"SearchAction","target":{"@type":"EntryPoint","urlTemplate":"https:\/\/mula.es\/web\/?s={search_term_string}"},"query-input":{"@type":"PropertyValueSpecification","valueRequired":true,"valueName":"search_term_string"}}],"inLanguage":"es"},{"@type":"Person","@id":"https:\/\/mula.es\/web\/#\/schema\/person\/f8d63bd3ab6e7b025268b909b7ab0771","name":"Rosario Mart\u00ednez","image":{"@type":"ImageObject","inLanguage":"es","@id":"https:\/\/secure.gravatar.com\/avatar\/ce916b980ac93e5b1d36e6068357675d4e089a572ebc8789fcb807c2fb2edfef?s=96&d=mm&r=g","url":"https:\/\/secure.gravatar.com\/avatar\/ce916b980ac93e5b1d36e6068357675d4e089a572ebc8789fcb807c2fb2edfef?s=96&d=mm&r=g","contentUrl":"https:\/\/secure.gravatar.com\/avatar\/ce916b980ac93e5b1d36e6068357675d4e089a572ebc8789fcb807c2fb2edfef?s=96&d=mm&r=g","caption":"Rosario Mart\u00ednez"},"url":"https:\/\/mula.es\/web\/author\/rmartinez\/"}]}},"jetpack_publicize_connections":[],"jetpack_featured_media_url":"https:\/\/mula.es\/web\/wp-content\/uploads\/2022\/04\/redconjuntoshistoricos.jpg","jetpack_sharing_enabled":true,"jetpack_shortlink":"https:\/\/wp.me\/pa9DMY-bwq","jetpack-related-posts":[],"_links":{"self":[{"href":"https:\/\/mula.es\/web\/wp-json\/wp\/v2\/posts\/44294","targetHints":{"allow":["GET"]}}],"collection":[{"href":"https:\/\/mula.es\/web\/wp-json\/wp\/v2\/posts"}],"about":[{"href":"https:\/\/mula.es\/web\/wp-json\/wp\/v2\/types\/post"}],"author":[{"embeddable":true,"href":"https:\/\/mula.es\/web\/wp-json\/wp\/v2\/users\/9"}],"replies":[{"embeddable":true,"href":"https:\/\/mula.es\/web\/wp-json\/wp\/v2\/comments?post=44294"}],"version-history":[{"count":1,"href":"https:\/\/mula.es\/web\/wp-json\/wp\/v2\/posts\/44294\/revisions"}],"predecessor-version":[{"id":44296,"href":"https:\/\/mula.es\/web\/wp-json\/wp\/v2\/posts\/44294\/revisions\/44296"}],"wp:featuredmedia":[{"embeddable":true,"href":"https:\/\/mula.es\/web\/wp-json\/wp\/v2\/media\/44295"}],"wp:attachment":[{"href":"https:\/\/mula.es\/web\/wp-json\/wp\/v2\/media?parent=44294"}],"wp:term":[{"taxonomy":"category","embeddable":true,"href":"https:\/\/mula.es\/web\/wp-json\/wp\/v2\/categories?post=44294"},{"taxonomy":"post_tag","embeddable":true,"href":"https:\/\/mula.es\/web\/wp-json\/wp\/v2\/tags?post=44294"}],"curies":[{"name":"wp","href":"https:\/\/api.w.org\/{rel}","templated":true}]}}