{"id":44297,"date":"2022-04-29T12:47:59","date_gmt":"2022-04-29T10:47:59","guid":{"rendered":"https:\/\/mula.es\/web\/?p=44297"},"modified":"2022-04-29T12:47:59","modified_gmt":"2022-04-29T10:47:59","slug":"juventud-la-concejalia-de-juventud-entrega-los-premios-del-concurso-de-fotografia-carnaval-eres-tu-2022","status":"publish","type":"post","link":"https:\/\/mula.es\/web\/juventud-la-concejalia-de-juventud-entrega-los-premios-del-concurso-de-fotografia-carnaval-eres-tu-2022\/","title":{"rendered":"JUVENTUD | La Concejal\u00eda de Juventud entrega los premios del concurso de fotograf\u00eda \u201cCarnaval eres t\u00fa 2022\u201d"},"content":{"rendered":"<p><div class=\"fusion-fullwidth fullwidth-box fusion-builder-row-1 fusion-flex-container nonhundred-percent-fullwidth non-hundred-percent-height-scrolling\" style=\"--awb-border-radius-top-left:0px;--awb-border-radius-top-right:0px;--awb-border-radius-bottom-right:0px;--awb-border-radius-bottom-left:0px;--awb-flex-wrap:wrap;\" ><div class=\"fusion-builder-row fusion-row fusion-flex-align-items-flex-start fusion-flex-content-wrap\" style=\"max-width:1144px;margin-left: calc(-4% \/ 2 );margin-right: calc(-4% \/ 2 );\"><div class=\"fusion-layout-column fusion_builder_column fusion-builder-column-0 fusion_builder_column_1_1 1_1 fusion-flex-column\" style=\"--awb-bg-size:cover;--awb-width-large:100%;--awb-margin-top-large:0px;--awb-spacing-right-large:1.92%;--awb-margin-bottom-large:0px;--awb-spacing-left-large:1.92%;--awb-width-medium:100%;--awb-spacing-right-medium:1.92%;--awb-spacing-left-medium:1.92%;--awb-width-small:100%;--awb-spacing-right-small:1.92%;--awb-spacing-left-small:1.92%;\"><div class=\"fusion-column-wrapper fusion-flex-justify-content-flex-start fusion-content-layout-column\"><div class=\"fusion-text fusion-text-1\"><p style=\"text-align: justify;\">La Concejal\u00eda de Juventud y Adolescencia ha hecho entrega de los premios del concurso de fotograf\u00eda \u201cCarnaval eres t\u00fa 2022\u201d organizado con motivo de la celebraci\u00f3n del mismo. Los premios han sido entregados por la Concejala de Juventud, Laura Salas, y la Concejala de Festejos, Alicia Zapata, acompa\u00f1adas por el t\u00e9cnico de Juventud.<\/p>\n<p style=\"text-align: justify;\">De un total de nueve fotograf\u00edas que cumpl\u00edan con los requisitos para optar a uno de los premios y una vez deliberado el del Jurado, las tres fotos ganadoras han sido las siguientes:<\/p>\n<p style=\"text-align: justify;\">Primer premio para la fotograf\u00eda \u201cHermione Kisamba 1\u201d, de Mar\u00eda Cristina Ortu\u00f1o Mart\u00ednez, dotado con 300\u20ac.<\/p>\n<p style=\"text-align: justify;\">Segundo premio para la fotograf\u00eda \u201cIsildur Tamba Taya\u201d, de Antonio Castillo Caballero, dotado con 150\u20ac.<\/p>\n<p style=\"text-align: justify;\">Tercer premio para la fotograf\u00eda \u201cJuanito entre plumas anda un gato\u201d. de Juan Valera Requena, dotado con 100\u20ac.<\/p>\n<p style=\"text-align: justify;\">La Concejala de Juventud felicita a los tres ganadores por captar la esencia del Carnaval, agradece la participaci\u00f3n a todos los que presentaron sus fotograf\u00edas y anima a todo el mundo a participar en las sucesivas ediciones y el resto de actividades que organiza la Concejal\u00eda.<\/p>\n<\/div><\/div><\/div><\/div><\/div><div class=\"fusion-fullwidth fullwidth-box fusion-builder-row-2 fusion-flex-container nonhundred-percent-fullwidth non-hundred-percent-height-scrolling\" style=\"--awb-border-radius-top-left:0px;--awb-border-radius-top-right:0px;--awb-border-radius-bottom-right:0px;--awb-border-radius-bottom-left:0px;--awb-flex-wrap:wrap;\" ><div class=\"fusion-builder-row fusion-row fusion-flex-align-items-flex-start fusion-flex-content-wrap\" style=\"max-width:1144px;margin-left: calc(-4% \/ 2 );margin-right: calc(-4% \/ 2 );\"><div class=\"fusion-layout-column fusion_builder_column fusion-builder-column-1 fusion_builder_column_1_3 1_3 fusion-flex-column\" style=\"--awb-bg-size:cover;--awb-width-large:33.333333333333%;--awb-margin-top-large:0px;--awb-spacing-right-large:5.76%;--awb-margin-bottom-large:20px;--awb-spacing-left-large:5.76%;--awb-width-medium:33.333333333333%;--awb-order-medium:0;--awb-spacing-right-medium:5.76%;--awb-spacing-left-medium:5.76%;--awb-width-small:100%;--awb-order-small:0;--awb-spacing-right-small:1.92%;--awb-spacing-left-small:1.92%;\"><div class=\"fusion-column-wrapper fusion-column-has-shadow fusion-flex-justify-content-flex-start fusion-content-layout-column\"><div class=\"fusion-text fusion-text-2\" style=\"--awb-text-transform:none;\"><p><a href=\"https:\/\/mula.es\/web\/wp-content\/uploads\/2022\/04\/Primer-premio-Maria-Cristina-Ortuno-Martinez-scaled.jpg\"><img decoding=\"async\" data-attachment-id=\"44298\" data-permalink=\"https:\/\/mula.es\/web\/juventud-la-concejalia-de-juventud-entrega-los-premios-del-concurso-de-fotografia-carnaval-eres-tu-2022\/primer-premio-maria-cristina-ortuno-martinez\/\" data-orig-file=\"https:\/\/mula.es\/web\/wp-content\/uploads\/2022\/04\/Primer-premio-Maria-Cristina-Ortuno-Martinez-scaled.jpg\" data-orig-size=\"1707,2560\" data-comments-opened=\"0\" data-image-meta=\"\" data-image-title=\"Primer premio Mar\u00eda Cristina Ortu\u00f1o Mart\u00ednez\" data-image-description=\"\" data-image-caption=\"\" data-large-file=\"https:\/\/mula.es\/web\/wp-content\/uploads\/2022\/04\/Primer-premio-Maria-Cristina-Ortuno-Martinez-683x1024.jpg\" class=\"size-large wp-image-44298 aligncenter\" src=\"https:\/\/mula.es\/web\/wp-content\/uploads\/2022\/04\/Primer-premio-Maria-Cristina-Ortuno-Martinez-683x1024.jpg\" alt=\"\" width=\"683\" height=\"1024\" srcset=\"https:\/\/mula.es\/web\/wp-content\/uploads\/2022\/04\/Primer-premio-Maria-Cristina-Ortuno-Martinez-200x300.jpg 200w, https:\/\/mula.es\/web\/wp-content\/uploads\/2022\/04\/Primer-premio-Maria-Cristina-Ortuno-Martinez-400x600.jpg 400w, https:\/\/mula.es\/web\/wp-content\/uploads\/2022\/04\/Primer-premio-Maria-Cristina-Ortuno-Martinez-600x900.jpg 600w, https:\/\/mula.es\/web\/wp-content\/uploads\/2022\/04\/Primer-premio-Maria-Cristina-Ortuno-Martinez-683x1024.jpg 683w, https:\/\/mula.es\/web\/wp-content\/uploads\/2022\/04\/Primer-premio-Maria-Cristina-Ortuno-Martinez-768x1152.jpg 768w, https:\/\/mula.es\/web\/wp-content\/uploads\/2022\/04\/Primer-premio-Maria-Cristina-Ortuno-Martinez-800x1200.jpg 800w, https:\/\/mula.es\/web\/wp-content\/uploads\/2022\/04\/Primer-premio-Maria-Cristina-Ortuno-Martinez-1024x1536.jpg 1024w, https:\/\/mula.es\/web\/wp-content\/uploads\/2022\/04\/Primer-premio-Maria-Cristina-Ortuno-Martinez-1200x1800.jpg 1200w, https:\/\/mula.es\/web\/wp-content\/uploads\/2022\/04\/Primer-premio-Maria-Cristina-Ortuno-Martinez-1365x2048.jpg 1365w, https:\/\/mula.es\/web\/wp-content\/uploads\/2022\/04\/Primer-premio-Maria-Cristina-Ortuno-Martinez-scaled.jpg 1707w\" sizes=\"(max-width: 683px) 100vw, 683px\" \/><\/a><\/p>\n<\/div><\/div><\/div><div class=\"fusion-layout-column fusion_builder_column fusion-builder-column-2 fusion_builder_column_1_3 1_3 fusion-flex-column\" style=\"--awb-bg-size:cover;--awb-width-large:33.333333333333%;--awb-margin-top-large:0px;--awb-spacing-right-large:5.76%;--awb-margin-bottom-large:20px;--awb-spacing-left-large:5.76%;--awb-width-medium:33.333333333333%;--awb-order-medium:0;--awb-spacing-right-medium:5.76%;--awb-spacing-left-medium:5.76%;--awb-width-small:100%;--awb-order-small:0;--awb-spacing-right-small:1.92%;--awb-spacing-left-small:1.92%;\"><div class=\"fusion-column-wrapper fusion-column-has-shadow fusion-flex-justify-content-flex-start fusion-content-layout-column\"><div class=\"fusion-text fusion-text-3\" style=\"--awb-text-transform:none;\"><p><a href=\"https:\/\/mula.es\/web\/wp-content\/uploads\/2022\/04\/Segundo-premio-Antonio-Castillo-Caballero-scaled.jpg\"><img decoding=\"async\" data-attachment-id=\"44299\" data-permalink=\"https:\/\/mula.es\/web\/juventud-la-concejalia-de-juventud-entrega-los-premios-del-concurso-de-fotografia-carnaval-eres-tu-2022\/segundo-premio-antonio-castillo-caballero\/\" data-orig-file=\"https:\/\/mula.es\/web\/wp-content\/uploads\/2022\/04\/Segundo-premio-Antonio-Castillo-Caballero-scaled.jpg\" data-orig-size=\"2560,1707\" data-comments-opened=\"0\" data-image-meta=\"\" data-image-title=\"Segundo premio Antonio Castillo Caballero\" data-image-description=\"\" data-image-caption=\"\" data-large-file=\"https:\/\/mula.es\/web\/wp-content\/uploads\/2022\/04\/Segundo-premio-Antonio-Castillo-Caballero-1024x683.jpg\" class=\"size-large wp-image-44299 aligncenter\" src=\"https:\/\/mula.es\/web\/wp-content\/uploads\/2022\/04\/Segundo-premio-Antonio-Castillo-Caballero-1024x683.jpg\" alt=\"\" width=\"1024\" height=\"683\" srcset=\"https:\/\/mula.es\/web\/wp-content\/uploads\/2022\/04\/Segundo-premio-Antonio-Castillo-Caballero-200x133.jpg 200w, https:\/\/mula.es\/web\/wp-content\/uploads\/2022\/04\/Segundo-premio-Antonio-Castillo-Caballero-300x200.jpg 300w, https:\/\/mula.es\/web\/wp-content\/uploads\/2022\/04\/Segundo-premio-Antonio-Castillo-Caballero-400x267.jpg 400w, https:\/\/mula.es\/web\/wp-content\/uploads\/2022\/04\/Segundo-premio-Antonio-Castillo-Caballero-600x400.jpg 600w, https:\/\/mula.es\/web\/wp-content\/uploads\/2022\/04\/Segundo-premio-Antonio-Castillo-Caballero-768x512.jpg 768w, https:\/\/mula.es\/web\/wp-content\/uploads\/2022\/04\/Segundo-premio-Antonio-Castillo-Caballero-800x533.jpg 800w, https:\/\/mula.es\/web\/wp-content\/uploads\/2022\/04\/Segundo-premio-Antonio-Castillo-Caballero-1024x683.jpg 1024w, https:\/\/mula.es\/web\/wp-content\/uploads\/2022\/04\/Segundo-premio-Antonio-Castillo-Caballero-1200x800.jpg 1200w, https:\/\/mula.es\/web\/wp-content\/uploads\/2022\/04\/Segundo-premio-Antonio-Castillo-Caballero-1536x1024.jpg 1536w\" sizes=\"(max-width: 1024px) 100vw, 1024px\" \/><\/a><\/p>\n<\/div><\/div><\/div><div class=\"fusion-layout-column fusion_builder_column fusion-builder-column-3 fusion_builder_column_1_3 1_3 fusion-flex-column\" style=\"--awb-bg-size:cover;--awb-width-large:33.333333333333%;--awb-margin-top-large:0px;--awb-spacing-right-large:5.76%;--awb-margin-bottom-large:20px;--awb-spacing-left-large:5.76%;--awb-width-medium:33.333333333333%;--awb-order-medium:0;--awb-spacing-right-medium:5.76%;--awb-spacing-left-medium:5.76%;--awb-width-small:100%;--awb-order-small:0;--awb-spacing-right-small:1.92%;--awb-spacing-left-small:1.92%;\"><div class=\"fusion-column-wrapper fusion-column-has-shadow fusion-flex-justify-content-flex-start fusion-content-layout-column\"><div class=\"fusion-text fusion-text-4\" style=\"--awb-text-transform:none;\"><p><a href=\"https:\/\/mula.es\/web\/wp-content\/uploads\/2022\/04\/Tercer-premio-Juan-Valera-Requena.jpg\"><img decoding=\"async\" data-attachment-id=\"44300\" data-permalink=\"https:\/\/mula.es\/web\/juventud-la-concejalia-de-juventud-entrega-los-premios-del-concurso-de-fotografia-carnaval-eres-tu-2022\/tercer-premio-juan-valera-requena\/\" data-orig-file=\"https:\/\/mula.es\/web\/wp-content\/uploads\/2022\/04\/Tercer-premio-Juan-Valera-Requena.jpg\" data-orig-size=\"1519,2025\" data-comments-opened=\"0\" data-image-meta=\"\" data-image-title=\"Tercer premio Juan Valera Requena\" data-image-description=\"\" data-image-caption=\"\" data-large-file=\"https:\/\/mula.es\/web\/wp-content\/uploads\/2022\/04\/Tercer-premio-Juan-Valera-Requena-768x1024.jpg\" class=\"size-large wp-image-44300 aligncenter\" src=\"https:\/\/mula.es\/web\/wp-content\/uploads\/2022\/04\/Tercer-premio-Juan-Valera-Requena-768x1024.jpg\" alt=\"\" width=\"768\" height=\"1024\" srcset=\"https:\/\/mula.es\/web\/wp-content\/uploads\/2022\/04\/Tercer-premio-Juan-Valera-Requena-200x267.jpg 200w, https:\/\/mula.es\/web\/wp-content\/uploads\/2022\/04\/Tercer-premio-Juan-Valera-Requena-225x300.jpg 225w, https:\/\/mula.es\/web\/wp-content\/uploads\/2022\/04\/Tercer-premio-Juan-Valera-Requena-400x533.jpg 400w, https:\/\/mula.es\/web\/wp-content\/uploads\/2022\/04\/Tercer-premio-Juan-Valera-Requena-600x800.jpg 600w, https:\/\/mula.es\/web\/wp-content\/uploads\/2022\/04\/Tercer-premio-Juan-Valera-Requena-768x1024.jpg 768w, https:\/\/mula.es\/web\/wp-content\/uploads\/2022\/04\/Tercer-premio-Juan-Valera-Requena-800x1066.jpg 800w, https:\/\/mula.es\/web\/wp-content\/uploads\/2022\/04\/Tercer-premio-Juan-Valera-Requena-1152x1536.jpg 1152w, https:\/\/mula.es\/web\/wp-content\/uploads\/2022\/04\/Tercer-premio-Juan-Valera-Requena-1200x1600.jpg 1200w, https:\/\/mula.es\/web\/wp-content\/uploads\/2022\/04\/Tercer-premio-Juan-Valera-Requena.jpg 1519w\" sizes=\"(max-width: 768px) 100vw, 768px\" \/><\/a><\/p>\n<\/div><\/div><\/div><\/div><\/div><\/p>\n","protected":false},"excerpt":{"rendered":"","protected":false},"author":9,"featured_media":44301,"comment_status":"closed","ping_status":"closed","sticky":false,"template":"","format":"standard","meta":{"jetpack_post_was_ever_published":false,"_jetpack_newsletter_access":"","_jetpack_dont_email_post_to_subs":false,"_jetpack_newsletter_tier_id":0,"_jetpack_memberships_contains_paywalled_content":false,"_jetpack_memberships_contains_paid_content":false,"footnotes":"","jetpack_publicize_message":"","jetpack_publicize_feature_enabled":true,"jetpack_social_post_already_shared":false,"jetpack_social_options":{"image_generator_settings":{"template":"highway","default_image_id":0,"font":"","enabled":false},"version":2}},"categories":[87],"tags":[],"class_list":["post-44297","post","type-post","status-publish","format-standard","has-post-thumbnail","hentry","category-juventud-y-adolescencia"],"yoast_head":"<!-- This site is optimized with the Yoast SEO plugin v27.5 - https:\/\/yoast.com\/product\/yoast-seo-wordpress\/ -->\n<title>JUVENTUD | La Concejal\u00eda de Juventud entrega los premios del concurso de fotograf\u00eda \u201cCarnaval eres t\u00fa 2022\u201d - Ayuntamiento de Mula<\/title>\n<meta name=\"robots\" content=\"index, follow, max-snippet:-1, max-image-preview:large, max-video-preview:-1\" \/>\n<link rel=\"canonical\" href=\"https:\/\/mula.es\/web\/juventud-la-concejalia-de-juventud-entrega-los-premios-del-concurso-de-fotografia-carnaval-eres-tu-2022\/\" \/>\n<meta property=\"og:locale\" content=\"es_ES\" \/>\n<meta property=\"og:type\" content=\"article\" \/>\n<meta property=\"og:title\" content=\"JUVENTUD | La Concejal\u00eda de Juventud entrega los premios del concurso de fotograf\u00eda \u201cCarnaval eres t\u00fa 2022\u201d - Ayuntamiento de Mula\" \/>\n<meta property=\"og:url\" content=\"https:\/\/mula.es\/web\/juventud-la-concejalia-de-juventud-entrega-los-premios-del-concurso-de-fotografia-carnaval-eres-tu-2022\/\" \/>\n<meta property=\"og:site_name\" content=\"Ayuntamiento de Mula\" \/>\n<meta property=\"article:published_time\" content=\"2022-04-29T10:47:59+00:00\" \/>\n<meta property=\"og:image\" content=\"https:\/\/i0.wp.com\/mula.es\/web\/wp-content\/uploads\/2022\/04\/premiosfotografiajuventud2022.jpeg?fit=1600%2C1338&ssl=1\" \/>\n\t<meta property=\"og:image:width\" content=\"1600\" \/>\n\t<meta property=\"og:image:height\" content=\"1338\" \/>\n\t<meta property=\"og:image:type\" content=\"image\/jpeg\" \/>\n<meta name=\"author\" content=\"Rosario Mart\u00ednez\" \/>\n<meta name=\"twitter:card\" content=\"summary_large_image\" \/>\n<meta name=\"twitter:image\" content=\"https:\/\/mula.es\/web\/wp-content\/uploads\/2020\/06\/cropped-escudo-cuadrado.jpg\" \/>\n<meta name=\"twitter:creator\" content=\"@AyuntamientMula\" \/>\n<meta name=\"twitter:site\" content=\"@AyuntamientMula\" \/>\n<meta name=\"twitter:label1\" content=\"Escrito por\" \/>\n\t<meta name=\"twitter:data1\" content=\"Rosario Mart\u00ednez\" \/>\n\t<meta name=\"twitter:label2\" content=\"Tiempo de lectura\" \/>\n\t<meta name=\"twitter:data2\" content=\"1 minuto\" \/>\n<script type=\"application\/ld+json\" class=\"yoast-schema-graph\">{\"@context\":\"https:\\\/\\\/schema.org\",\"@graph\":[{\"@type\":\"Article\",\"@id\":\"https:\\\/\\\/mula.es\\\/web\\\/juventud-la-concejalia-de-juventud-entrega-los-premios-del-concurso-de-fotografia-carnaval-eres-tu-2022\\\/#article\",\"isPartOf\":{\"@id\":\"https:\\\/\\\/mula.es\\\/web\\\/juventud-la-concejalia-de-juventud-entrega-los-premios-del-concurso-de-fotografia-carnaval-eres-tu-2022\\\/\"},\"author\":{\"name\":\"Rosario Mart\u00ednez\",\"@id\":\"https:\\\/\\\/mula.es\\\/web\\\/#\\\/schema\\\/person\\\/f8d63bd3ab6e7b025268b909b7ab0771\"},\"headline\":\"JUVENTUD | La Concejal\u00eda de Juventud entrega los premios del concurso de fotograf\u00eda \u201cCarnaval eres t\u00fa 2022\u201d\",\"datePublished\":\"2022-04-29T10:47:59+00:00\",\"mainEntityOfPage\":{\"@id\":\"https:\\\/\\\/mula.es\\\/web\\\/juventud-la-concejalia-de-juventud-entrega-los-premios-del-concurso-de-fotografia-carnaval-eres-tu-2022\\\/\"},\"wordCount\":1589,\"image\":{\"@id\":\"https:\\\/\\\/mula.es\\\/web\\\/juventud-la-concejalia-de-juventud-entrega-los-premios-del-concurso-de-fotografia-carnaval-eres-tu-2022\\\/#primaryimage\"},\"thumbnailUrl\":\"https:\\\/\\\/mula.es\\\/web\\\/wp-content\\\/uploads\\\/2022\\\/04\\\/premiosfotografiajuventud2022.jpeg\",\"articleSection\":[\"juventud y adolescencia\"],\"inLanguage\":\"es\"},{\"@type\":\"WebPage\",\"@id\":\"https:\\\/\\\/mula.es\\\/web\\\/juventud-la-concejalia-de-juventud-entrega-los-premios-del-concurso-de-fotografia-carnaval-eres-tu-2022\\\/\",\"url\":\"https:\\\/\\\/mula.es\\\/web\\\/juventud-la-concejalia-de-juventud-entrega-los-premios-del-concurso-de-fotografia-carnaval-eres-tu-2022\\\/\",\"name\":\"JUVENTUD | La Concejal\u00eda de Juventud entrega los premios del concurso de fotograf\u00eda \u201cCarnaval eres t\u00fa 2022\u201d - Ayuntamiento de Mula\",\"isPartOf\":{\"@id\":\"https:\\\/\\\/mula.es\\\/web\\\/#website\"},\"primaryImageOfPage\":{\"@id\":\"https:\\\/\\\/mula.es\\\/web\\\/juventud-la-concejalia-de-juventud-entrega-los-premios-del-concurso-de-fotografia-carnaval-eres-tu-2022\\\/#primaryimage\"},\"image\":{\"@id\":\"https:\\\/\\\/mula.es\\\/web\\\/juventud-la-concejalia-de-juventud-entrega-los-premios-del-concurso-de-fotografia-carnaval-eres-tu-2022\\\/#primaryimage\"},\"thumbnailUrl\":\"https:\\\/\\\/mula.es\\\/web\\\/wp-content\\\/uploads\\\/2022\\\/04\\\/premiosfotografiajuventud2022.jpeg\",\"datePublished\":\"2022-04-29T10:47:59+00:00\",\"author\":{\"@id\":\"https:\\\/\\\/mula.es\\\/web\\\/#\\\/schema\\\/person\\\/f8d63bd3ab6e7b025268b909b7ab0771\"},\"breadcrumb\":{\"@id\":\"https:\\\/\\\/mula.es\\\/web\\\/juventud-la-concejalia-de-juventud-entrega-los-premios-del-concurso-de-fotografia-carnaval-eres-tu-2022\\\/#breadcrumb\"},\"inLanguage\":\"es\",\"potentialAction\":[{\"@type\":\"ReadAction\",\"target\":[\"https:\\\/\\\/mula.es\\\/web\\\/juventud-la-concejalia-de-juventud-entrega-los-premios-del-concurso-de-fotografia-carnaval-eres-tu-2022\\\/\"]}]},{\"@type\":\"ImageObject\",\"inLanguage\":\"es\",\"@id\":\"https:\\\/\\\/mula.es\\\/web\\\/juventud-la-concejalia-de-juventud-entrega-los-premios-del-concurso-de-fotografia-carnaval-eres-tu-2022\\\/#primaryimage\",\"url\":\"https:\\\/\\\/mula.es\\\/web\\\/wp-content\\\/uploads\\\/2022\\\/04\\\/premiosfotografiajuventud2022.jpeg\",\"contentUrl\":\"https:\\\/\\\/mula.es\\\/web\\\/wp-content\\\/uploads\\\/2022\\\/04\\\/premiosfotografiajuventud2022.jpeg\",\"width\":1600,\"height\":1338},{\"@type\":\"BreadcrumbList\",\"@id\":\"https:\\\/\\\/mula.es\\\/web\\\/juventud-la-concejalia-de-juventud-entrega-los-premios-del-concurso-de-fotografia-carnaval-eres-tu-2022\\\/#breadcrumb\",\"itemListElement\":[{\"@type\":\"ListItem\",\"position\":1,\"name\":\"Portada\",\"item\":\"https:\\\/\\\/mula.es\\\/web\\\/\"},{\"@type\":\"ListItem\",\"position\":2,\"name\":\"JUVENTUD | La Concejal\u00eda de Juventud entrega los premios del concurso de fotograf\u00eda \u201cCarnaval eres t\u00fa 2022\u201d\"}]},{\"@type\":\"WebSite\",\"@id\":\"https:\\\/\\\/mula.es\\\/web\\\/#website\",\"url\":\"https:\\\/\\\/mula.es\\\/web\\\/\",\"name\":\"Ayuntamiento de Mula\",\"description\":\"P\u00e1gina web del Ayuntamiento de Mula (Regi\u00f3n de Murcia)\",\"potentialAction\":[{\"@type\":\"SearchAction\",\"target\":{\"@type\":\"EntryPoint\",\"urlTemplate\":\"https:\\\/\\\/mula.es\\\/web\\\/?s={search_term_string}\"},\"query-input\":{\"@type\":\"PropertyValueSpecification\",\"valueRequired\":true,\"valueName\":\"search_term_string\"}}],\"inLanguage\":\"es\"},{\"@type\":\"Person\",\"@id\":\"https:\\\/\\\/mula.es\\\/web\\\/#\\\/schema\\\/person\\\/f8d63bd3ab6e7b025268b909b7ab0771\",\"name\":\"Rosario Mart\u00ednez\",\"image\":{\"@type\":\"ImageObject\",\"inLanguage\":\"es\",\"@id\":\"https:\\\/\\\/secure.gravatar.com\\\/avatar\\\/ce916b980ac93e5b1d36e6068357675d4e089a572ebc8789fcb807c2fb2edfef?s=96&d=mm&r=g\",\"url\":\"https:\\\/\\\/secure.gravatar.com\\\/avatar\\\/ce916b980ac93e5b1d36e6068357675d4e089a572ebc8789fcb807c2fb2edfef?s=96&d=mm&r=g\",\"contentUrl\":\"https:\\\/\\\/secure.gravatar.com\\\/avatar\\\/ce916b980ac93e5b1d36e6068357675d4e089a572ebc8789fcb807c2fb2edfef?s=96&d=mm&r=g\",\"caption\":\"Rosario Mart\u00ednez\"},\"url\":\"https:\\\/\\\/mula.es\\\/web\\\/author\\\/rmartinez\\\/\"}]}<\/script>\n<!-- \/ Yoast SEO plugin. -->","yoast_head_json":{"title":"JUVENTUD | La Concejal\u00eda de Juventud entrega los premios del concurso de fotograf\u00eda \u201cCarnaval eres t\u00fa 2022\u201d - Ayuntamiento de Mula","robots":{"index":"index","follow":"follow","max-snippet":"max-snippet:-1","max-image-preview":"max-image-preview:large","max-video-preview":"max-video-preview:-1"},"canonical":"https:\/\/mula.es\/web\/juventud-la-concejalia-de-juventud-entrega-los-premios-del-concurso-de-fotografia-carnaval-eres-tu-2022\/","og_locale":"es_ES","og_type":"article","og_title":"JUVENTUD | La Concejal\u00eda de Juventud entrega los premios del concurso de fotograf\u00eda \u201cCarnaval eres t\u00fa 2022\u201d - Ayuntamiento de Mula","og_url":"https:\/\/mula.es\/web\/juventud-la-concejalia-de-juventud-entrega-los-premios-del-concurso-de-fotografia-carnaval-eres-tu-2022\/","og_site_name":"Ayuntamiento de Mula","article_published_time":"2022-04-29T10:47:59+00:00","og_image":[{"width":1600,"height":1338,"url":"https:\/\/i0.wp.com\/mula.es\/web\/wp-content\/uploads\/2022\/04\/premiosfotografiajuventud2022.jpeg?fit=1600%2C1338&ssl=1","type":"image\/jpeg"}],"author":"Rosario Mart\u00ednez","twitter_card":"summary_large_image","twitter_image":"https:\/\/mula.es\/web\/wp-content\/uploads\/2020\/06\/cropped-escudo-cuadrado.jpg","twitter_creator":"@AyuntamientMula","twitter_site":"@AyuntamientMula","twitter_misc":{"Escrito por":"Rosario Mart\u00ednez","Tiempo de lectura":"1 minuto"},"schema":{"@context":"https:\/\/schema.org","@graph":[{"@type":"Article","@id":"https:\/\/mula.es\/web\/juventud-la-concejalia-de-juventud-entrega-los-premios-del-concurso-de-fotografia-carnaval-eres-tu-2022\/#article","isPartOf":{"@id":"https:\/\/mula.es\/web\/juventud-la-concejalia-de-juventud-entrega-los-premios-del-concurso-de-fotografia-carnaval-eres-tu-2022\/"},"author":{"name":"Rosario Mart\u00ednez","@id":"https:\/\/mula.es\/web\/#\/schema\/person\/f8d63bd3ab6e7b025268b909b7ab0771"},"headline":"JUVENTUD | La Concejal\u00eda de Juventud entrega los premios del concurso de fotograf\u00eda \u201cCarnaval eres t\u00fa 2022\u201d","datePublished":"2022-04-29T10:47:59+00:00","mainEntityOfPage":{"@id":"https:\/\/mula.es\/web\/juventud-la-concejalia-de-juventud-entrega-los-premios-del-concurso-de-fotografia-carnaval-eres-tu-2022\/"},"wordCount":1589,"image":{"@id":"https:\/\/mula.es\/web\/juventud-la-concejalia-de-juventud-entrega-los-premios-del-concurso-de-fotografia-carnaval-eres-tu-2022\/#primaryimage"},"thumbnailUrl":"https:\/\/mula.es\/web\/wp-content\/uploads\/2022\/04\/premiosfotografiajuventud2022.jpeg","articleSection":["juventud y adolescencia"],"inLanguage":"es"},{"@type":"WebPage","@id":"https:\/\/mula.es\/web\/juventud-la-concejalia-de-juventud-entrega-los-premios-del-concurso-de-fotografia-carnaval-eres-tu-2022\/","url":"https:\/\/mula.es\/web\/juventud-la-concejalia-de-juventud-entrega-los-premios-del-concurso-de-fotografia-carnaval-eres-tu-2022\/","name":"JUVENTUD | La Concejal\u00eda de Juventud entrega los premios del concurso de fotograf\u00eda \u201cCarnaval eres t\u00fa 2022\u201d - Ayuntamiento de Mula","isPartOf":{"@id":"https:\/\/mula.es\/web\/#website"},"primaryImageOfPage":{"@id":"https:\/\/mula.es\/web\/juventud-la-concejalia-de-juventud-entrega-los-premios-del-concurso-de-fotografia-carnaval-eres-tu-2022\/#primaryimage"},"image":{"@id":"https:\/\/mula.es\/web\/juventud-la-concejalia-de-juventud-entrega-los-premios-del-concurso-de-fotografia-carnaval-eres-tu-2022\/#primaryimage"},"thumbnailUrl":"https:\/\/mula.es\/web\/wp-content\/uploads\/2022\/04\/premiosfotografiajuventud2022.jpeg","datePublished":"2022-04-29T10:47:59+00:00","author":{"@id":"https:\/\/mula.es\/web\/#\/schema\/person\/f8d63bd3ab6e7b025268b909b7ab0771"},"breadcrumb":{"@id":"https:\/\/mula.es\/web\/juventud-la-concejalia-de-juventud-entrega-los-premios-del-concurso-de-fotografia-carnaval-eres-tu-2022\/#breadcrumb"},"inLanguage":"es","potentialAction":[{"@type":"ReadAction","target":["https:\/\/mula.es\/web\/juventud-la-concejalia-de-juventud-entrega-los-premios-del-concurso-de-fotografia-carnaval-eres-tu-2022\/"]}]},{"@type":"ImageObject","inLanguage":"es","@id":"https:\/\/mula.es\/web\/juventud-la-concejalia-de-juventud-entrega-los-premios-del-concurso-de-fotografia-carnaval-eres-tu-2022\/#primaryimage","url":"https:\/\/mula.es\/web\/wp-content\/uploads\/2022\/04\/premiosfotografiajuventud2022.jpeg","contentUrl":"https:\/\/mula.es\/web\/wp-content\/uploads\/2022\/04\/premiosfotografiajuventud2022.jpeg","width":1600,"height":1338},{"@type":"BreadcrumbList","@id":"https:\/\/mula.es\/web\/juventud-la-concejalia-de-juventud-entrega-los-premios-del-concurso-de-fotografia-carnaval-eres-tu-2022\/#breadcrumb","itemListElement":[{"@type":"ListItem","position":1,"name":"Portada","item":"https:\/\/mula.es\/web\/"},{"@type":"ListItem","position":2,"name":"JUVENTUD | La Concejal\u00eda de Juventud entrega los premios del concurso de fotograf\u00eda \u201cCarnaval eres t\u00fa 2022\u201d"}]},{"@type":"WebSite","@id":"https:\/\/mula.es\/web\/#website","url":"https:\/\/mula.es\/web\/","name":"Ayuntamiento de Mula","description":"P\u00e1gina web del Ayuntamiento de Mula (Regi\u00f3n de Murcia)","potentialAction":[{"@type":"SearchAction","target":{"@type":"EntryPoint","urlTemplate":"https:\/\/mula.es\/web\/?s={search_term_string}"},"query-input":{"@type":"PropertyValueSpecification","valueRequired":true,"valueName":"search_term_string"}}],"inLanguage":"es"},{"@type":"Person","@id":"https:\/\/mula.es\/web\/#\/schema\/person\/f8d63bd3ab6e7b025268b909b7ab0771","name":"Rosario Mart\u00ednez","image":{"@type":"ImageObject","inLanguage":"es","@id":"https:\/\/secure.gravatar.com\/avatar\/ce916b980ac93e5b1d36e6068357675d4e089a572ebc8789fcb807c2fb2edfef?s=96&d=mm&r=g","url":"https:\/\/secure.gravatar.com\/avatar\/ce916b980ac93e5b1d36e6068357675d4e089a572ebc8789fcb807c2fb2edfef?s=96&d=mm&r=g","contentUrl":"https:\/\/secure.gravatar.com\/avatar\/ce916b980ac93e5b1d36e6068357675d4e089a572ebc8789fcb807c2fb2edfef?s=96&d=mm&r=g","caption":"Rosario Mart\u00ednez"},"url":"https:\/\/mula.es\/web\/author\/rmartinez\/"}]}},"jetpack_publicize_connections":[],"jetpack_featured_media_url":"https:\/\/mula.es\/web\/wp-content\/uploads\/2022\/04\/premiosfotografiajuventud2022.jpeg","jetpack_sharing_enabled":true,"jetpack_shortlink":"https:\/\/wp.me\/pa9DMY-bwt","jetpack-related-posts":[],"_links":{"self":[{"href":"https:\/\/mula.es\/web\/wp-json\/wp\/v2\/posts\/44297","targetHints":{"allow":["GET"]}}],"collection":[{"href":"https:\/\/mula.es\/web\/wp-json\/wp\/v2\/posts"}],"about":[{"href":"https:\/\/mula.es\/web\/wp-json\/wp\/v2\/types\/post"}],"author":[{"embeddable":true,"href":"https:\/\/mula.es\/web\/wp-json\/wp\/v2\/users\/9"}],"replies":[{"embeddable":true,"href":"https:\/\/mula.es\/web\/wp-json\/wp\/v2\/comments?post=44297"}],"version-history":[{"count":1,"href":"https:\/\/mula.es\/web\/wp-json\/wp\/v2\/posts\/44297\/revisions"}],"predecessor-version":[{"id":44302,"href":"https:\/\/mula.es\/web\/wp-json\/wp\/v2\/posts\/44297\/revisions\/44302"}],"wp:featuredmedia":[{"embeddable":true,"href":"https:\/\/mula.es\/web\/wp-json\/wp\/v2\/media\/44301"}],"wp:attachment":[{"href":"https:\/\/mula.es\/web\/wp-json\/wp\/v2\/media?parent=44297"}],"wp:term":[{"taxonomy":"category","embeddable":true,"href":"https:\/\/mula.es\/web\/wp-json\/wp\/v2\/categories?post=44297"},{"taxonomy":"post_tag","embeddable":true,"href":"https:\/\/mula.es\/web\/wp-json\/wp\/v2\/tags?post=44297"}],"curies":[{"name":"wp","href":"https:\/\/api.w.org\/{rel}","templated":true}]}}