{"id":44421,"date":"2022-05-13T09:51:52","date_gmt":"2022-05-13T07:51:52","guid":{"rendered":"https:\/\/mula.es\/web\/?p=44421"},"modified":"2022-05-13T09:51:52","modified_gmt":"2022-05-13T07:51:52","slug":"juventud-la-concejalia-de-juventud-muestra-su-apoyo-a-los-jovenes-talentos-mulenos-alvaro-gabarron-y-cristian-lucas","status":"publish","type":"post","link":"https:\/\/mula.es\/web\/juventud-la-concejalia-de-juventud-muestra-su-apoyo-a-los-jovenes-talentos-mulenos-alvaro-gabarron-y-cristian-lucas\/","title":{"rendered":"JUVENTUD | La Concejal\u00eda de Juventud muestra su apoyo a los j\u00f3venes talentos mule\u00f1os \u00c1lvaro Gabarr\u00f3n y Cristian Lucas"},"content":{"rendered":"<p class=\"LO-normal\" style=\"text-align: justify;\"><span style=\"font-size: 13.0pt; line-height: 115%;\">Ambos artistas han terminado un cortometraje que ver\u00e1 la luz en los pr\u00f3ximos meses y est\u00e1n preparando un ambicioso proyecto.<\/span><\/p>\n<p class=\"LO-normal\" style=\"text-align: justify;\"><span style=\"font-size: 13.0pt; line-height: 115%;\">La Concejala de Juventud, Laura Salas, acompa\u00f1ada por el t\u00e9cnico de la Concejal\u00eda, se ha reunido con los j\u00f3venes talentos mule\u00f1os \u00c1lvaro Gabarr\u00f3n y Cristian Lucas para interesarse por los proyectos que tienen pendientes, mostrarle su apoyo y ponerse a su disposici\u00f3n en todo lo que necesiten. <\/span><\/p>\n<p class=\"LO-normal\" style=\"text-align: justify;\"><span style=\"font-size: 13.0pt; line-height: 115%;\">Los dos j\u00f3venes artistas han terminado un cortometraje que ver\u00e1 la luz en los pr\u00f3ximos meses y est\u00e1n preparando un ambicioso proyecto que se desarrollar\u00e1 durante el verano y que dejar\u00e1 a todos los mule\u00f1os con la boca abierta<\/span><span style=\"font-size: 13.0pt; line-height: 115%;\">\u00a0<\/span><\/p>\n<p class=\"LO-normal\" style=\"text-align: justify;\"><span style=\"font-size: 13.0pt; line-height: 115%;\">\u201cSin lugar a dudas estamos ante dos j\u00f3venes que van a dar mucho de qu\u00e9 hablar en el mundo del arte y de la cultura murciana. Son un orgullo para nuestra ciudad y el Ayuntamiento de Mula est\u00e1 encantado de colaborar en proyectos juveniles con tanto coraz\u00f3n y talento\u201d ha afirmado Laura Salas. <\/span><span style=\"font-size: 13.0pt; line-height: 115%;\">\u00a0<\/span><\/p>\n<p class=\"LO-normal\" style=\"text-align: justify;\"><span style=\"font-size: 13.0pt; line-height: 115%;\">Para la Concejal\u00eda de Juventud es fundamental apoyar a los j\u00f3venes talentos mule\u00f1os para que puedan desarrollar sus proyectos y crecer a nivel art\u00edstico.<\/span><\/p>\n","protected":false},"excerpt":{"rendered":"<p>Ambos artistas han terminado un cortometraje que ver\u00e1 la luz en los pr\u00f3ximos meses y est\u00e1n preparando un ambicioso proyecto. La Concejala de Juventud, Laura Salas, acompa\u00f1ada por el t\u00e9cnico de la Concejal\u00eda, se ha reunido con los j\u00f3venes talentos mule\u00f1os \u00c1lvaro Gabarr\u00f3n y Cristian Lucas para interesarse por los proyectos que tienen pendientes, mostrarle  [&#8230;]<\/p>\n","protected":false},"author":9,"featured_media":44422,"comment_status":"closed","ping_status":"closed","sticky":false,"template":"","format":"standard","meta":{"jetpack_post_was_ever_published":false,"_jetpack_newsletter_access":"","_jetpack_dont_email_post_to_subs":false,"_jetpack_newsletter_tier_id":0,"_jetpack_memberships_contains_paywalled_content":false,"_jetpack_memberships_contains_paid_content":false,"footnotes":"","jetpack_publicize_message":"","jetpack_publicize_feature_enabled":true,"jetpack_social_post_already_shared":false,"jetpack_social_options":{"image_generator_settings":{"template":"highway","default_image_id":0,"font":"","enabled":false},"version":2}},"categories":[87],"tags":[],"class_list":["post-44421","post","type-post","status-publish","format-standard","has-post-thumbnail","hentry","category-juventud-y-adolescencia"],"yoast_head":"<!-- This site is optimized with the Yoast SEO plugin v27.4 - https:\/\/yoast.com\/product\/yoast-seo-wordpress\/ -->\n<title>JUVENTUD | La Concejal\u00eda de Juventud muestra su apoyo a los j\u00f3venes talentos mule\u00f1os \u00c1lvaro Gabarr\u00f3n y Cristian Lucas - Ayuntamiento de Mula<\/title>\n<meta name=\"robots\" content=\"index, follow, max-snippet:-1, max-image-preview:large, max-video-preview:-1\" \/>\n<link rel=\"canonical\" href=\"https:\/\/mula.es\/web\/juventud-la-concejalia-de-juventud-muestra-su-apoyo-a-los-jovenes-talentos-mulenos-alvaro-gabarron-y-cristian-lucas\/\" \/>\n<meta property=\"og:locale\" content=\"es_ES\" \/>\n<meta property=\"og:type\" content=\"article\" \/>\n<meta property=\"og:title\" content=\"JUVENTUD | La Concejal\u00eda de Juventud muestra su apoyo a los j\u00f3venes talentos mule\u00f1os \u00c1lvaro Gabarr\u00f3n y Cristian Lucas - Ayuntamiento de Mula\" \/>\n<meta property=\"og:description\" content=\"Ambos artistas han terminado un cortometraje que ver\u00e1 la luz en los pr\u00f3ximos meses y est\u00e1n preparando un ambicioso proyecto. La Concejala de Juventud, Laura Salas, acompa\u00f1ada por el t\u00e9cnico de la Concejal\u00eda, se ha reunido con los j\u00f3venes talentos mule\u00f1os \u00c1lvaro Gabarr\u00f3n y Cristian Lucas para interesarse por los proyectos que tienen pendientes, mostrarle [...]\" \/>\n<meta property=\"og:url\" content=\"https:\/\/mula.es\/web\/juventud-la-concejalia-de-juventud-muestra-su-apoyo-a-los-jovenes-talentos-mulenos-alvaro-gabarron-y-cristian-lucas\/\" \/>\n<meta property=\"og:site_name\" content=\"Ayuntamiento de Mula\" \/>\n<meta property=\"article:published_time\" content=\"2022-05-13T07:51:52+00:00\" \/>\n<meta property=\"og:image\" content=\"https:\/\/i0.wp.com\/mula.es\/web\/wp-content\/uploads\/2022\/05\/Foto-1.jpeg?fit=2048%2C1536&ssl=1\" \/>\n\t<meta property=\"og:image:width\" content=\"2048\" \/>\n\t<meta property=\"og:image:height\" content=\"1536\" \/>\n\t<meta property=\"og:image:type\" content=\"image\/jpeg\" \/>\n<meta name=\"author\" content=\"Rosario Mart\u00ednez\" \/>\n<meta name=\"twitter:card\" content=\"summary_large_image\" \/>\n<meta name=\"twitter:image\" content=\"https:\/\/mula.es\/web\/wp-content\/uploads\/2020\/06\/escudo-cuadrado-e1591045058235.jpg\" \/>\n<meta name=\"twitter:creator\" content=\"@AyuntamientMula\" \/>\n<meta name=\"twitter:site\" content=\"@AyuntamientMula\" \/>\n<meta name=\"twitter:label1\" content=\"Escrito por\" \/>\n\t<meta name=\"twitter:data1\" content=\"Rosario Mart\u00ednez\" \/>\n\t<meta name=\"twitter:label2\" content=\"Tiempo de lectura\" \/>\n\t<meta name=\"twitter:data2\" content=\"1 minuto\" \/>\n<script type=\"application\/ld+json\" class=\"yoast-schema-graph\">{\"@context\":\"https:\\\/\\\/schema.org\",\"@graph\":[{\"@type\":\"Article\",\"@id\":\"https:\\\/\\\/mula.es\\\/web\\\/juventud-la-concejalia-de-juventud-muestra-su-apoyo-a-los-jovenes-talentos-mulenos-alvaro-gabarron-y-cristian-lucas\\\/#article\",\"isPartOf\":{\"@id\":\"https:\\\/\\\/mula.es\\\/web\\\/juventud-la-concejalia-de-juventud-muestra-su-apoyo-a-los-jovenes-talentos-mulenos-alvaro-gabarron-y-cristian-lucas\\\/\"},\"author\":{\"name\":\"Rosario Mart\u00ednez\",\"@id\":\"https:\\\/\\\/mula.es\\\/web\\\/#\\\/schema\\\/person\\\/f8d63bd3ab6e7b025268b909b7ab0771\"},\"headline\":\"JUVENTUD | La Concejal\u00eda de Juventud muestra su apoyo a los j\u00f3venes talentos mule\u00f1os \u00c1lvaro Gabarr\u00f3n y Cristian Lucas\",\"datePublished\":\"2022-05-13T07:51:52+00:00\",\"mainEntityOfPage\":{\"@id\":\"https:\\\/\\\/mula.es\\\/web\\\/juventud-la-concejalia-de-juventud-muestra-su-apoyo-a-los-jovenes-talentos-mulenos-alvaro-gabarron-y-cristian-lucas\\\/\"},\"wordCount\":224,\"image\":{\"@id\":\"https:\\\/\\\/mula.es\\\/web\\\/juventud-la-concejalia-de-juventud-muestra-su-apoyo-a-los-jovenes-talentos-mulenos-alvaro-gabarron-y-cristian-lucas\\\/#primaryimage\"},\"thumbnailUrl\":\"https:\\\/\\\/mula.es\\\/web\\\/wp-content\\\/uploads\\\/2022\\\/05\\\/Foto-1.jpeg\",\"articleSection\":[\"juventud y adolescencia\"],\"inLanguage\":\"es\"},{\"@type\":\"WebPage\",\"@id\":\"https:\\\/\\\/mula.es\\\/web\\\/juventud-la-concejalia-de-juventud-muestra-su-apoyo-a-los-jovenes-talentos-mulenos-alvaro-gabarron-y-cristian-lucas\\\/\",\"url\":\"https:\\\/\\\/mula.es\\\/web\\\/juventud-la-concejalia-de-juventud-muestra-su-apoyo-a-los-jovenes-talentos-mulenos-alvaro-gabarron-y-cristian-lucas\\\/\",\"name\":\"JUVENTUD | La Concejal\u00eda de Juventud muestra su apoyo a los j\u00f3venes talentos mule\u00f1os \u00c1lvaro Gabarr\u00f3n y Cristian Lucas - Ayuntamiento de Mula\",\"isPartOf\":{\"@id\":\"https:\\\/\\\/mula.es\\\/web\\\/#website\"},\"primaryImageOfPage\":{\"@id\":\"https:\\\/\\\/mula.es\\\/web\\\/juventud-la-concejalia-de-juventud-muestra-su-apoyo-a-los-jovenes-talentos-mulenos-alvaro-gabarron-y-cristian-lucas\\\/#primaryimage\"},\"image\":{\"@id\":\"https:\\\/\\\/mula.es\\\/web\\\/juventud-la-concejalia-de-juventud-muestra-su-apoyo-a-los-jovenes-talentos-mulenos-alvaro-gabarron-y-cristian-lucas\\\/#primaryimage\"},\"thumbnailUrl\":\"https:\\\/\\\/mula.es\\\/web\\\/wp-content\\\/uploads\\\/2022\\\/05\\\/Foto-1.jpeg\",\"datePublished\":\"2022-05-13T07:51:52+00:00\",\"author\":{\"@id\":\"https:\\\/\\\/mula.es\\\/web\\\/#\\\/schema\\\/person\\\/f8d63bd3ab6e7b025268b909b7ab0771\"},\"breadcrumb\":{\"@id\":\"https:\\\/\\\/mula.es\\\/web\\\/juventud-la-concejalia-de-juventud-muestra-su-apoyo-a-los-jovenes-talentos-mulenos-alvaro-gabarron-y-cristian-lucas\\\/#breadcrumb\"},\"inLanguage\":\"es\",\"potentialAction\":[{\"@type\":\"ReadAction\",\"target\":[\"https:\\\/\\\/mula.es\\\/web\\\/juventud-la-concejalia-de-juventud-muestra-su-apoyo-a-los-jovenes-talentos-mulenos-alvaro-gabarron-y-cristian-lucas\\\/\"]}]},{\"@type\":\"ImageObject\",\"inLanguage\":\"es\",\"@id\":\"https:\\\/\\\/mula.es\\\/web\\\/juventud-la-concejalia-de-juventud-muestra-su-apoyo-a-los-jovenes-talentos-mulenos-alvaro-gabarron-y-cristian-lucas\\\/#primaryimage\",\"url\":\"https:\\\/\\\/mula.es\\\/web\\\/wp-content\\\/uploads\\\/2022\\\/05\\\/Foto-1.jpeg\",\"contentUrl\":\"https:\\\/\\\/mula.es\\\/web\\\/wp-content\\\/uploads\\\/2022\\\/05\\\/Foto-1.jpeg\",\"width\":2048,\"height\":1536},{\"@type\":\"BreadcrumbList\",\"@id\":\"https:\\\/\\\/mula.es\\\/web\\\/juventud-la-concejalia-de-juventud-muestra-su-apoyo-a-los-jovenes-talentos-mulenos-alvaro-gabarron-y-cristian-lucas\\\/#breadcrumb\",\"itemListElement\":[{\"@type\":\"ListItem\",\"position\":1,\"name\":\"Portada\",\"item\":\"https:\\\/\\\/mula.es\\\/web\\\/\"},{\"@type\":\"ListItem\",\"position\":2,\"name\":\"JUVENTUD | La Concejal\u00eda de Juventud muestra su apoyo a los j\u00f3venes talentos mule\u00f1os \u00c1lvaro Gabarr\u00f3n y Cristian Lucas\"}]},{\"@type\":\"WebSite\",\"@id\":\"https:\\\/\\\/mula.es\\\/web\\\/#website\",\"url\":\"https:\\\/\\\/mula.es\\\/web\\\/\",\"name\":\"Ayuntamiento de Mula\",\"description\":\"P\u00e1gina web del Ayuntamiento de Mula (Regi\u00f3n de Murcia)\",\"potentialAction\":[{\"@type\":\"SearchAction\",\"target\":{\"@type\":\"EntryPoint\",\"urlTemplate\":\"https:\\\/\\\/mula.es\\\/web\\\/?s={search_term_string}\"},\"query-input\":{\"@type\":\"PropertyValueSpecification\",\"valueRequired\":true,\"valueName\":\"search_term_string\"}}],\"inLanguage\":\"es\"},{\"@type\":\"Person\",\"@id\":\"https:\\\/\\\/mula.es\\\/web\\\/#\\\/schema\\\/person\\\/f8d63bd3ab6e7b025268b909b7ab0771\",\"name\":\"Rosario Mart\u00ednez\",\"image\":{\"@type\":\"ImageObject\",\"inLanguage\":\"es\",\"@id\":\"https:\\\/\\\/secure.gravatar.com\\\/avatar\\\/ce916b980ac93e5b1d36e6068357675d4e089a572ebc8789fcb807c2fb2edfef?s=96&d=mm&r=g\",\"url\":\"https:\\\/\\\/secure.gravatar.com\\\/avatar\\\/ce916b980ac93e5b1d36e6068357675d4e089a572ebc8789fcb807c2fb2edfef?s=96&d=mm&r=g\",\"contentUrl\":\"https:\\\/\\\/secure.gravatar.com\\\/avatar\\\/ce916b980ac93e5b1d36e6068357675d4e089a572ebc8789fcb807c2fb2edfef?s=96&d=mm&r=g\",\"caption\":\"Rosario Mart\u00ednez\"},\"url\":\"https:\\\/\\\/mula.es\\\/web\\\/author\\\/rmartinez\\\/\"}]}<\/script>\n<!-- \/ Yoast SEO plugin. -->","yoast_head_json":{"title":"JUVENTUD | La Concejal\u00eda de Juventud muestra su apoyo a los j\u00f3venes talentos mule\u00f1os \u00c1lvaro Gabarr\u00f3n y Cristian Lucas - Ayuntamiento de Mula","robots":{"index":"index","follow":"follow","max-snippet":"max-snippet:-1","max-image-preview":"max-image-preview:large","max-video-preview":"max-video-preview:-1"},"canonical":"https:\/\/mula.es\/web\/juventud-la-concejalia-de-juventud-muestra-su-apoyo-a-los-jovenes-talentos-mulenos-alvaro-gabarron-y-cristian-lucas\/","og_locale":"es_ES","og_type":"article","og_title":"JUVENTUD | La Concejal\u00eda de Juventud muestra su apoyo a los j\u00f3venes talentos mule\u00f1os \u00c1lvaro Gabarr\u00f3n y Cristian Lucas - Ayuntamiento de Mula","og_description":"Ambos artistas han terminado un cortometraje que ver\u00e1 la luz en los pr\u00f3ximos meses y est\u00e1n preparando un ambicioso proyecto. La Concejala de Juventud, Laura Salas, acompa\u00f1ada por el t\u00e9cnico de la Concejal\u00eda, se ha reunido con los j\u00f3venes talentos mule\u00f1os \u00c1lvaro Gabarr\u00f3n y Cristian Lucas para interesarse por los proyectos que tienen pendientes, mostrarle [...]","og_url":"https:\/\/mula.es\/web\/juventud-la-concejalia-de-juventud-muestra-su-apoyo-a-los-jovenes-talentos-mulenos-alvaro-gabarron-y-cristian-lucas\/","og_site_name":"Ayuntamiento de Mula","article_published_time":"2022-05-13T07:51:52+00:00","og_image":[{"width":2048,"height":1536,"url":"https:\/\/i0.wp.com\/mula.es\/web\/wp-content\/uploads\/2022\/05\/Foto-1.jpeg?fit=2048%2C1536&ssl=1","type":"image\/jpeg"}],"author":"Rosario Mart\u00ednez","twitter_card":"summary_large_image","twitter_image":"https:\/\/mula.es\/web\/wp-content\/uploads\/2020\/06\/escudo-cuadrado-e1591045058235.jpg","twitter_creator":"@AyuntamientMula","twitter_site":"@AyuntamientMula","twitter_misc":{"Escrito por":"Rosario Mart\u00ednez","Tiempo de lectura":"1 minuto"},"schema":{"@context":"https:\/\/schema.org","@graph":[{"@type":"Article","@id":"https:\/\/mula.es\/web\/juventud-la-concejalia-de-juventud-muestra-su-apoyo-a-los-jovenes-talentos-mulenos-alvaro-gabarron-y-cristian-lucas\/#article","isPartOf":{"@id":"https:\/\/mula.es\/web\/juventud-la-concejalia-de-juventud-muestra-su-apoyo-a-los-jovenes-talentos-mulenos-alvaro-gabarron-y-cristian-lucas\/"},"author":{"name":"Rosario Mart\u00ednez","@id":"https:\/\/mula.es\/web\/#\/schema\/person\/f8d63bd3ab6e7b025268b909b7ab0771"},"headline":"JUVENTUD | La Concejal\u00eda de Juventud muestra su apoyo a los j\u00f3venes talentos mule\u00f1os \u00c1lvaro Gabarr\u00f3n y Cristian Lucas","datePublished":"2022-05-13T07:51:52+00:00","mainEntityOfPage":{"@id":"https:\/\/mula.es\/web\/juventud-la-concejalia-de-juventud-muestra-su-apoyo-a-los-jovenes-talentos-mulenos-alvaro-gabarron-y-cristian-lucas\/"},"wordCount":224,"image":{"@id":"https:\/\/mula.es\/web\/juventud-la-concejalia-de-juventud-muestra-su-apoyo-a-los-jovenes-talentos-mulenos-alvaro-gabarron-y-cristian-lucas\/#primaryimage"},"thumbnailUrl":"https:\/\/mula.es\/web\/wp-content\/uploads\/2022\/05\/Foto-1.jpeg","articleSection":["juventud y adolescencia"],"inLanguage":"es"},{"@type":"WebPage","@id":"https:\/\/mula.es\/web\/juventud-la-concejalia-de-juventud-muestra-su-apoyo-a-los-jovenes-talentos-mulenos-alvaro-gabarron-y-cristian-lucas\/","url":"https:\/\/mula.es\/web\/juventud-la-concejalia-de-juventud-muestra-su-apoyo-a-los-jovenes-talentos-mulenos-alvaro-gabarron-y-cristian-lucas\/","name":"JUVENTUD | La Concejal\u00eda de Juventud muestra su apoyo a los j\u00f3venes talentos mule\u00f1os \u00c1lvaro Gabarr\u00f3n y Cristian Lucas - Ayuntamiento de Mula","isPartOf":{"@id":"https:\/\/mula.es\/web\/#website"},"primaryImageOfPage":{"@id":"https:\/\/mula.es\/web\/juventud-la-concejalia-de-juventud-muestra-su-apoyo-a-los-jovenes-talentos-mulenos-alvaro-gabarron-y-cristian-lucas\/#primaryimage"},"image":{"@id":"https:\/\/mula.es\/web\/juventud-la-concejalia-de-juventud-muestra-su-apoyo-a-los-jovenes-talentos-mulenos-alvaro-gabarron-y-cristian-lucas\/#primaryimage"},"thumbnailUrl":"https:\/\/mula.es\/web\/wp-content\/uploads\/2022\/05\/Foto-1.jpeg","datePublished":"2022-05-13T07:51:52+00:00","author":{"@id":"https:\/\/mula.es\/web\/#\/schema\/person\/f8d63bd3ab6e7b025268b909b7ab0771"},"breadcrumb":{"@id":"https:\/\/mula.es\/web\/juventud-la-concejalia-de-juventud-muestra-su-apoyo-a-los-jovenes-talentos-mulenos-alvaro-gabarron-y-cristian-lucas\/#breadcrumb"},"inLanguage":"es","potentialAction":[{"@type":"ReadAction","target":["https:\/\/mula.es\/web\/juventud-la-concejalia-de-juventud-muestra-su-apoyo-a-los-jovenes-talentos-mulenos-alvaro-gabarron-y-cristian-lucas\/"]}]},{"@type":"ImageObject","inLanguage":"es","@id":"https:\/\/mula.es\/web\/juventud-la-concejalia-de-juventud-muestra-su-apoyo-a-los-jovenes-talentos-mulenos-alvaro-gabarron-y-cristian-lucas\/#primaryimage","url":"https:\/\/mula.es\/web\/wp-content\/uploads\/2022\/05\/Foto-1.jpeg","contentUrl":"https:\/\/mula.es\/web\/wp-content\/uploads\/2022\/05\/Foto-1.jpeg","width":2048,"height":1536},{"@type":"BreadcrumbList","@id":"https:\/\/mula.es\/web\/juventud-la-concejalia-de-juventud-muestra-su-apoyo-a-los-jovenes-talentos-mulenos-alvaro-gabarron-y-cristian-lucas\/#breadcrumb","itemListElement":[{"@type":"ListItem","position":1,"name":"Portada","item":"https:\/\/mula.es\/web\/"},{"@type":"ListItem","position":2,"name":"JUVENTUD | La Concejal\u00eda de Juventud muestra su apoyo a los j\u00f3venes talentos mule\u00f1os \u00c1lvaro Gabarr\u00f3n y Cristian Lucas"}]},{"@type":"WebSite","@id":"https:\/\/mula.es\/web\/#website","url":"https:\/\/mula.es\/web\/","name":"Ayuntamiento de Mula","description":"P\u00e1gina web del Ayuntamiento de Mula (Regi\u00f3n de Murcia)","potentialAction":[{"@type":"SearchAction","target":{"@type":"EntryPoint","urlTemplate":"https:\/\/mula.es\/web\/?s={search_term_string}"},"query-input":{"@type":"PropertyValueSpecification","valueRequired":true,"valueName":"search_term_string"}}],"inLanguage":"es"},{"@type":"Person","@id":"https:\/\/mula.es\/web\/#\/schema\/person\/f8d63bd3ab6e7b025268b909b7ab0771","name":"Rosario Mart\u00ednez","image":{"@type":"ImageObject","inLanguage":"es","@id":"https:\/\/secure.gravatar.com\/avatar\/ce916b980ac93e5b1d36e6068357675d4e089a572ebc8789fcb807c2fb2edfef?s=96&d=mm&r=g","url":"https:\/\/secure.gravatar.com\/avatar\/ce916b980ac93e5b1d36e6068357675d4e089a572ebc8789fcb807c2fb2edfef?s=96&d=mm&r=g","contentUrl":"https:\/\/secure.gravatar.com\/avatar\/ce916b980ac93e5b1d36e6068357675d4e089a572ebc8789fcb807c2fb2edfef?s=96&d=mm&r=g","caption":"Rosario Mart\u00ednez"},"url":"https:\/\/mula.es\/web\/author\/rmartinez\/"}]}},"jetpack_publicize_connections":[],"jetpack_featured_media_url":"https:\/\/mula.es\/web\/wp-content\/uploads\/2022\/05\/Foto-1.jpeg","jetpack_sharing_enabled":true,"jetpack_shortlink":"https:\/\/wp.me\/pa9DMY-byt","jetpack-related-posts":[],"_links":{"self":[{"href":"https:\/\/mula.es\/web\/wp-json\/wp\/v2\/posts\/44421","targetHints":{"allow":["GET"]}}],"collection":[{"href":"https:\/\/mula.es\/web\/wp-json\/wp\/v2\/posts"}],"about":[{"href":"https:\/\/mula.es\/web\/wp-json\/wp\/v2\/types\/post"}],"author":[{"embeddable":true,"href":"https:\/\/mula.es\/web\/wp-json\/wp\/v2\/users\/9"}],"replies":[{"embeddable":true,"href":"https:\/\/mula.es\/web\/wp-json\/wp\/v2\/comments?post=44421"}],"version-history":[{"count":1,"href":"https:\/\/mula.es\/web\/wp-json\/wp\/v2\/posts\/44421\/revisions"}],"predecessor-version":[{"id":44423,"href":"https:\/\/mula.es\/web\/wp-json\/wp\/v2\/posts\/44421\/revisions\/44423"}],"wp:featuredmedia":[{"embeddable":true,"href":"https:\/\/mula.es\/web\/wp-json\/wp\/v2\/media\/44422"}],"wp:attachment":[{"href":"https:\/\/mula.es\/web\/wp-json\/wp\/v2\/media?parent=44421"}],"wp:term":[{"taxonomy":"category","embeddable":true,"href":"https:\/\/mula.es\/web\/wp-json\/wp\/v2\/categories?post=44421"},{"taxonomy":"post_tag","embeddable":true,"href":"https:\/\/mula.es\/web\/wp-json\/wp\/v2\/tags?post=44421"}],"curies":[{"name":"wp","href":"https:\/\/api.w.org\/{rel}","templated":true}]}}