{"id":44957,"date":"2022-06-08T19:03:42","date_gmt":"2022-06-08T17:03:42","guid":{"rendered":"https:\/\/mula.es\/web\/?p=44957"},"modified":"2022-06-08T19:03:42","modified_gmt":"2022-06-08T17:03:42","slug":"festejos-premio-cartel-fiestas-de-septiembre-2022","status":"publish","type":"post","link":"https:\/\/mula.es\/web\/festejos-premio-cartel-fiestas-de-septiembre-2022\/","title":{"rendered":"FESTEJOS | Premio cartel \u00abFiestas de septiembre 2022\u00bb"},"content":{"rendered":"<p align=\"center\"><span style=\"font-family: Arial, serif;\"><span><b>El Excmo. Ayuntamiento de Mula, a trav\u00e9s de la Concejal\u00eda de Festejos,<\/b><\/span><\/span><\/p>\n<p align=\"center\"><span style=\"font-family: Arial, serif;\"><span><b>convoca el\u00a0<\/b><\/span><\/span><span style=\"font-family: Arial, serif;\"><span><b>concurso<\/b><\/span><\/span><\/p>\n<p align=\"center\"><span style=\"color: #000000;\"><span style=\"font-family: Arial, serif;\"><span><span lang=\"en-US\"><b>PREMIO CARTEL \u201cFIESTAS DE SEPTIEMBRE 2022\u201d<\/b><\/span><\/span><\/span><\/span><\/p>\n<p lang=\"en-US\" align=\"right\">\n<p align=\"justify\">El tema estar\u00e1 relacionado con las Fiestas de Septiembre.<\/p>\n<p align=\"justify\">Los originales podr\u00e1n confeccionarse con libertad de procedimiento (pintura, fotograf\u00eda, collage, montaje fotogr\u00e1fico, soporte inform\u00e1tico, etc.).<\/p>\n<p align=\"justify\">No llevar\u00e1 texto alguno, salvo a criterio del autor\/a, en cuyo caso presentar\u00e1 dos carteles iguales: uno con texto y otro sin \u00e9l. El texto, en su caso, se referir\u00e1 exclusivamente a FIESTAS DE SEPTIEMBRE 2022. MULA<\/p>\n<p align=\"justify\">Las medidas de los carteles ser\u00e1n 50 x 70 cms., en formato vertical, y se presentar\u00e1n montados sobre soporte r\u00edgido.<\/p>\n<p align=\"justify\">El artista que presente un trabajo en soporte inform\u00e1tico entregar\u00e1 el CD, pen o tarjeta de memoria correspondiente.<\/p>\n<p align=\"justify\">Se establece un premio de 500 \u20ac al que se aplicar\u00e1 la retenci\u00f3n fiscal correspondiente.<\/p>\n<p align=\"justify\">El plazo de presentaci\u00f3n de los trabajos finaliza el d\u00eda\u00a029 de junio\u00a0a las 13 horas,\u00a0y ser\u00e1n entregados o enviados a la siguiente direcci\u00f3n: Excmo. Ayuntamiento de Mula. Concejal\u00eda de Festejos. Plaza del Ayuntamiento, 8 &#8211; 30170 MULA (Murcia).<\/p>\n<h3 style=\"text-align: center;\" align=\"justify\"><a href=\"https:\/\/mula.es\/web\/wp-content\/uploads\/2022\/06\/BASES-PREMIO-CARTEL-FIESTAS-DE-SEPTIEMBRE-2022.pdf\"><span style=\"font-family: Arial, serif;\"><span>Bases completas (.pdf)<\/span><\/span><\/a><\/h3>\n<p align=\"justify\">\n","protected":false},"excerpt":{"rendered":"<p>El Excmo. Ayuntamiento de Mula, a trav\u00e9s de la Concejal\u00eda de Festejos, convoca el\u00a0concurso PREMIO CARTEL \u201cFIESTAS DE SEPTIEMBRE 2022\u201d El tema estar\u00e1 relacionado con las Fiestas de Septiembre. Los originales podr\u00e1n confeccionarse con libertad de procedimiento (pintura, fotograf\u00eda, collage, montaje fotogr\u00e1fico, soporte inform\u00e1tico, etc.). No llevar\u00e1 texto alguno, salvo a criterio del autor\/a, en  [&#8230;]<\/p>\n","protected":false},"author":1,"featured_media":33512,"comment_status":"closed","ping_status":"closed","sticky":false,"template":"","format":"standard","meta":{"jetpack_post_was_ever_published":false,"_jetpack_newsletter_access":"","_jetpack_dont_email_post_to_subs":false,"_jetpack_newsletter_tier_id":0,"_jetpack_memberships_contains_paywalled_content":false,"_jetpack_memberships_contains_paid_content":false,"footnotes":"","jetpack_publicize_message":"","jetpack_publicize_feature_enabled":true,"jetpack_social_post_already_shared":true,"jetpack_social_options":{"image_generator_settings":{"template":"highway","default_image_id":0,"font":"","enabled":false},"version":2}},"categories":[171,80],"tags":[],"class_list":["post-44957","post","type-post","status-publish","format-standard","has-post-thumbnail","hentry","category-festejos","category-fiestas"],"yoast_head":"<!-- This site is optimized with the Yoast SEO plugin v27.4 - https:\/\/yoast.com\/product\/yoast-seo-wordpress\/ -->\n<title>FESTEJOS | Premio cartel &quot;Fiestas de septiembre 2022&quot; - Ayuntamiento de Mula<\/title>\n<meta name=\"robots\" content=\"index, follow, max-snippet:-1, max-image-preview:large, max-video-preview:-1\" \/>\n<link rel=\"canonical\" href=\"https:\/\/mula.es\/web\/festejos-premio-cartel-fiestas-de-septiembre-2022\/\" \/>\n<meta property=\"og:locale\" content=\"es_ES\" \/>\n<meta property=\"og:type\" content=\"article\" \/>\n<meta property=\"og:title\" content=\"FESTEJOS | Premio cartel &quot;Fiestas de septiembre 2022&quot; - Ayuntamiento de Mula\" \/>\n<meta property=\"og:description\" content=\"El Excmo. Ayuntamiento de Mula, a trav\u00e9s de la Concejal\u00eda de Festejos, convoca el\u00a0concurso PREMIO CARTEL \u201cFIESTAS DE SEPTIEMBRE 2022\u201d El tema estar\u00e1 relacionado con las Fiestas de Septiembre. Los originales podr\u00e1n confeccionarse con libertad de procedimiento (pintura, fotograf\u00eda, collage, montaje fotogr\u00e1fico, soporte inform\u00e1tico, etc.). No llevar\u00e1 texto alguno, salvo a criterio del autor\/a, en [...]\" \/>\n<meta property=\"og:url\" content=\"https:\/\/mula.es\/web\/festejos-premio-cartel-fiestas-de-septiembre-2022\/\" \/>\n<meta property=\"og:site_name\" content=\"Ayuntamiento de Mula\" \/>\n<meta property=\"article:published_time\" content=\"2022-06-08T17:03:42+00:00\" \/>\n<meta property=\"og:image\" content=\"https:\/\/mula.es\/web\/wp-content\/uploads\/2020\/06\/escudo-cuadrado-e1591045058235.jpg\" \/>\n\t<meta property=\"og:image:width\" content=\"200\" \/>\n\t<meta property=\"og:image:height\" content=\"218\" \/>\n\t<meta property=\"og:image:type\" content=\"image\/jpeg\" \/>\n<meta name=\"author\" content=\"admin\" \/>\n<meta name=\"twitter:card\" content=\"summary_large_image\" \/>\n<meta name=\"twitter:creator\" content=\"@AyuntamientMula\" \/>\n<meta name=\"twitter:site\" content=\"@AyuntamientMula\" \/>\n<meta name=\"twitter:label1\" content=\"Escrito por\" \/>\n\t<meta name=\"twitter:data1\" content=\"admin\" \/>\n\t<meta name=\"twitter:label2\" content=\"Tiempo de lectura\" \/>\n\t<meta name=\"twitter:data2\" content=\"1 minuto\" \/>\n<script type=\"application\/ld+json\" class=\"yoast-schema-graph\">{\"@context\":\"https:\\\/\\\/schema.org\",\"@graph\":[{\"@type\":\"Article\",\"@id\":\"https:\\\/\\\/mula.es\\\/web\\\/festejos-premio-cartel-fiestas-de-septiembre-2022\\\/#article\",\"isPartOf\":{\"@id\":\"https:\\\/\\\/mula.es\\\/web\\\/festejos-premio-cartel-fiestas-de-septiembre-2022\\\/\"},\"author\":{\"name\":\"admin\",\"@id\":\"https:\\\/\\\/mula.es\\\/web\\\/#\\\/schema\\\/person\\\/a0dbffe9f4a3ed4aaebedcfef02f71a1\"},\"headline\":\"FESTEJOS | Premio cartel \u00abFiestas de septiembre 2022\u00bb\",\"datePublished\":\"2022-06-08T17:03:42+00:00\",\"mainEntityOfPage\":{\"@id\":\"https:\\\/\\\/mula.es\\\/web\\\/festejos-premio-cartel-fiestas-de-septiembre-2022\\\/\"},\"wordCount\":193,\"image\":{\"@id\":\"https:\\\/\\\/mula.es\\\/web\\\/festejos-premio-cartel-fiestas-de-septiembre-2022\\\/#primaryimage\"},\"thumbnailUrl\":\"https:\\\/\\\/mula.es\\\/web\\\/wp-content\\\/uploads\\\/2020\\\/06\\\/escudo-cuadrado-e1591045058235.jpg\",\"articleSection\":[\"festejos\",\"fiestas\"],\"inLanguage\":\"es\"},{\"@type\":\"WebPage\",\"@id\":\"https:\\\/\\\/mula.es\\\/web\\\/festejos-premio-cartel-fiestas-de-septiembre-2022\\\/\",\"url\":\"https:\\\/\\\/mula.es\\\/web\\\/festejos-premio-cartel-fiestas-de-septiembre-2022\\\/\",\"name\":\"FESTEJOS | Premio cartel \\\"Fiestas de septiembre 2022\\\" - Ayuntamiento de Mula\",\"isPartOf\":{\"@id\":\"https:\\\/\\\/mula.es\\\/web\\\/#website\"},\"primaryImageOfPage\":{\"@id\":\"https:\\\/\\\/mula.es\\\/web\\\/festejos-premio-cartel-fiestas-de-septiembre-2022\\\/#primaryimage\"},\"image\":{\"@id\":\"https:\\\/\\\/mula.es\\\/web\\\/festejos-premio-cartel-fiestas-de-septiembre-2022\\\/#primaryimage\"},\"thumbnailUrl\":\"https:\\\/\\\/mula.es\\\/web\\\/wp-content\\\/uploads\\\/2020\\\/06\\\/escudo-cuadrado-e1591045058235.jpg\",\"datePublished\":\"2022-06-08T17:03:42+00:00\",\"author\":{\"@id\":\"https:\\\/\\\/mula.es\\\/web\\\/#\\\/schema\\\/person\\\/a0dbffe9f4a3ed4aaebedcfef02f71a1\"},\"breadcrumb\":{\"@id\":\"https:\\\/\\\/mula.es\\\/web\\\/festejos-premio-cartel-fiestas-de-septiembre-2022\\\/#breadcrumb\"},\"inLanguage\":\"es\",\"potentialAction\":[{\"@type\":\"ReadAction\",\"target\":[\"https:\\\/\\\/mula.es\\\/web\\\/festejos-premio-cartel-fiestas-de-septiembre-2022\\\/\"]}]},{\"@type\":\"ImageObject\",\"inLanguage\":\"es\",\"@id\":\"https:\\\/\\\/mula.es\\\/web\\\/festejos-premio-cartel-fiestas-de-septiembre-2022\\\/#primaryimage\",\"url\":\"https:\\\/\\\/mula.es\\\/web\\\/wp-content\\\/uploads\\\/2020\\\/06\\\/escudo-cuadrado-e1591045058235.jpg\",\"contentUrl\":\"https:\\\/\\\/mula.es\\\/web\\\/wp-content\\\/uploads\\\/2020\\\/06\\\/escudo-cuadrado-e1591045058235.jpg\",\"width\":200,\"height\":218},{\"@type\":\"BreadcrumbList\",\"@id\":\"https:\\\/\\\/mula.es\\\/web\\\/festejos-premio-cartel-fiestas-de-septiembre-2022\\\/#breadcrumb\",\"itemListElement\":[{\"@type\":\"ListItem\",\"position\":1,\"name\":\"Portada\",\"item\":\"https:\\\/\\\/mula.es\\\/web\\\/\"},{\"@type\":\"ListItem\",\"position\":2,\"name\":\"FESTEJOS | Premio cartel \u00abFiestas de septiembre 2022\u00bb\"}]},{\"@type\":\"WebSite\",\"@id\":\"https:\\\/\\\/mula.es\\\/web\\\/#website\",\"url\":\"https:\\\/\\\/mula.es\\\/web\\\/\",\"name\":\"Ayuntamiento de Mula\",\"description\":\"P\u00e1gina web del Ayuntamiento de Mula (Regi\u00f3n de Murcia)\",\"potentialAction\":[{\"@type\":\"SearchAction\",\"target\":{\"@type\":\"EntryPoint\",\"urlTemplate\":\"https:\\\/\\\/mula.es\\\/web\\\/?s={search_term_string}\"},\"query-input\":{\"@type\":\"PropertyValueSpecification\",\"valueRequired\":true,\"valueName\":\"search_term_string\"}}],\"inLanguage\":\"es\"},{\"@type\":\"Person\",\"@id\":\"https:\\\/\\\/mula.es\\\/web\\\/#\\\/schema\\\/person\\\/a0dbffe9f4a3ed4aaebedcfef02f71a1\",\"name\":\"admin\",\"image\":{\"@type\":\"ImageObject\",\"inLanguage\":\"es\",\"@id\":\"https:\\\/\\\/secure.gravatar.com\\\/avatar\\\/5423b9cd77f4c7f89a124365a268866f9dfee038c17fe9e37afd92b5920d810e?s=96&d=mm&r=g\",\"url\":\"https:\\\/\\\/secure.gravatar.com\\\/avatar\\\/5423b9cd77f4c7f89a124365a268866f9dfee038c17fe9e37afd92b5920d810e?s=96&d=mm&r=g\",\"contentUrl\":\"https:\\\/\\\/secure.gravatar.com\\\/avatar\\\/5423b9cd77f4c7f89a124365a268866f9dfee038c17fe9e37afd92b5920d810e?s=96&d=mm&r=g\",\"caption\":\"admin\"},\"description\":\"Lorem ipsum dolor sit amet, consectetur adipiscing elit. Nam viverra euismod odio, gravida pellentesque urna varius vitae. Sed dui lorem, adipiscing in adipiscing et, interdum nec metus. Mauris ultricies, justo eu convallis placerat, felis enim ornare nisi, vitae mattis nulla ante id dui. Ut lectus purus, commodo et tincidunt vel, interdum sed lectus. Vestibulum adipiscing tempor nisi id elementi.\",\"url\":\"https:\\\/\\\/mula.es\\\/web\\\/author\\\/jose-maria-boti\\\/\"}]}<\/script>\n<!-- \/ Yoast SEO plugin. -->","yoast_head_json":{"title":"FESTEJOS | Premio cartel \"Fiestas de septiembre 2022\" - Ayuntamiento de Mula","robots":{"index":"index","follow":"follow","max-snippet":"max-snippet:-1","max-image-preview":"max-image-preview:large","max-video-preview":"max-video-preview:-1"},"canonical":"https:\/\/mula.es\/web\/festejos-premio-cartel-fiestas-de-septiembre-2022\/","og_locale":"es_ES","og_type":"article","og_title":"FESTEJOS | Premio cartel \"Fiestas de septiembre 2022\" - Ayuntamiento de Mula","og_description":"El Excmo. Ayuntamiento de Mula, a trav\u00e9s de la Concejal\u00eda de Festejos, convoca el\u00a0concurso PREMIO CARTEL \u201cFIESTAS DE SEPTIEMBRE 2022\u201d El tema estar\u00e1 relacionado con las Fiestas de Septiembre. Los originales podr\u00e1n confeccionarse con libertad de procedimiento (pintura, fotograf\u00eda, collage, montaje fotogr\u00e1fico, soporte inform\u00e1tico, etc.). No llevar\u00e1 texto alguno, salvo a criterio del autor\/a, en [...]","og_url":"https:\/\/mula.es\/web\/festejos-premio-cartel-fiestas-de-septiembre-2022\/","og_site_name":"Ayuntamiento de Mula","article_published_time":"2022-06-08T17:03:42+00:00","og_image":[{"width":200,"height":218,"url":"https:\/\/mula.es\/web\/wp-content\/uploads\/2020\/06\/escudo-cuadrado-e1591045058235.jpg","type":"image\/jpeg"}],"author":"admin","twitter_card":"summary_large_image","twitter_creator":"@AyuntamientMula","twitter_site":"@AyuntamientMula","twitter_misc":{"Escrito por":"admin","Tiempo de lectura":"1 minuto"},"schema":{"@context":"https:\/\/schema.org","@graph":[{"@type":"Article","@id":"https:\/\/mula.es\/web\/festejos-premio-cartel-fiestas-de-septiembre-2022\/#article","isPartOf":{"@id":"https:\/\/mula.es\/web\/festejos-premio-cartel-fiestas-de-septiembre-2022\/"},"author":{"name":"admin","@id":"https:\/\/mula.es\/web\/#\/schema\/person\/a0dbffe9f4a3ed4aaebedcfef02f71a1"},"headline":"FESTEJOS | Premio cartel \u00abFiestas de septiembre 2022\u00bb","datePublished":"2022-06-08T17:03:42+00:00","mainEntityOfPage":{"@id":"https:\/\/mula.es\/web\/festejos-premio-cartel-fiestas-de-septiembre-2022\/"},"wordCount":193,"image":{"@id":"https:\/\/mula.es\/web\/festejos-premio-cartel-fiestas-de-septiembre-2022\/#primaryimage"},"thumbnailUrl":"https:\/\/mula.es\/web\/wp-content\/uploads\/2020\/06\/escudo-cuadrado-e1591045058235.jpg","articleSection":["festejos","fiestas"],"inLanguage":"es"},{"@type":"WebPage","@id":"https:\/\/mula.es\/web\/festejos-premio-cartel-fiestas-de-septiembre-2022\/","url":"https:\/\/mula.es\/web\/festejos-premio-cartel-fiestas-de-septiembre-2022\/","name":"FESTEJOS | Premio cartel \"Fiestas de septiembre 2022\" - Ayuntamiento de Mula","isPartOf":{"@id":"https:\/\/mula.es\/web\/#website"},"primaryImageOfPage":{"@id":"https:\/\/mula.es\/web\/festejos-premio-cartel-fiestas-de-septiembre-2022\/#primaryimage"},"image":{"@id":"https:\/\/mula.es\/web\/festejos-premio-cartel-fiestas-de-septiembre-2022\/#primaryimage"},"thumbnailUrl":"https:\/\/mula.es\/web\/wp-content\/uploads\/2020\/06\/escudo-cuadrado-e1591045058235.jpg","datePublished":"2022-06-08T17:03:42+00:00","author":{"@id":"https:\/\/mula.es\/web\/#\/schema\/person\/a0dbffe9f4a3ed4aaebedcfef02f71a1"},"breadcrumb":{"@id":"https:\/\/mula.es\/web\/festejos-premio-cartel-fiestas-de-septiembre-2022\/#breadcrumb"},"inLanguage":"es","potentialAction":[{"@type":"ReadAction","target":["https:\/\/mula.es\/web\/festejos-premio-cartel-fiestas-de-septiembre-2022\/"]}]},{"@type":"ImageObject","inLanguage":"es","@id":"https:\/\/mula.es\/web\/festejos-premio-cartel-fiestas-de-septiembre-2022\/#primaryimage","url":"https:\/\/mula.es\/web\/wp-content\/uploads\/2020\/06\/escudo-cuadrado-e1591045058235.jpg","contentUrl":"https:\/\/mula.es\/web\/wp-content\/uploads\/2020\/06\/escudo-cuadrado-e1591045058235.jpg","width":200,"height":218},{"@type":"BreadcrumbList","@id":"https:\/\/mula.es\/web\/festejos-premio-cartel-fiestas-de-septiembre-2022\/#breadcrumb","itemListElement":[{"@type":"ListItem","position":1,"name":"Portada","item":"https:\/\/mula.es\/web\/"},{"@type":"ListItem","position":2,"name":"FESTEJOS | Premio cartel \u00abFiestas de septiembre 2022\u00bb"}]},{"@type":"WebSite","@id":"https:\/\/mula.es\/web\/#website","url":"https:\/\/mula.es\/web\/","name":"Ayuntamiento de Mula","description":"P\u00e1gina web del Ayuntamiento de Mula (Regi\u00f3n de Murcia)","potentialAction":[{"@type":"SearchAction","target":{"@type":"EntryPoint","urlTemplate":"https:\/\/mula.es\/web\/?s={search_term_string}"},"query-input":{"@type":"PropertyValueSpecification","valueRequired":true,"valueName":"search_term_string"}}],"inLanguage":"es"},{"@type":"Person","@id":"https:\/\/mula.es\/web\/#\/schema\/person\/a0dbffe9f4a3ed4aaebedcfef02f71a1","name":"admin","image":{"@type":"ImageObject","inLanguage":"es","@id":"https:\/\/secure.gravatar.com\/avatar\/5423b9cd77f4c7f89a124365a268866f9dfee038c17fe9e37afd92b5920d810e?s=96&d=mm&r=g","url":"https:\/\/secure.gravatar.com\/avatar\/5423b9cd77f4c7f89a124365a268866f9dfee038c17fe9e37afd92b5920d810e?s=96&d=mm&r=g","contentUrl":"https:\/\/secure.gravatar.com\/avatar\/5423b9cd77f4c7f89a124365a268866f9dfee038c17fe9e37afd92b5920d810e?s=96&d=mm&r=g","caption":"admin"},"description":"Lorem ipsum dolor sit amet, consectetur adipiscing elit. Nam viverra euismod odio, gravida pellentesque urna varius vitae. Sed dui lorem, adipiscing in adipiscing et, interdum nec metus. Mauris ultricies, justo eu convallis placerat, felis enim ornare nisi, vitae mattis nulla ante id dui. Ut lectus purus, commodo et tincidunt vel, interdum sed lectus. Vestibulum adipiscing tempor nisi id elementi.","url":"https:\/\/mula.es\/web\/author\/jose-maria-boti\/"}]}},"jetpack_publicize_connections":[],"jetpack_featured_media_url":"https:\/\/mula.es\/web\/wp-content\/uploads\/2020\/06\/escudo-cuadrado-e1591045058235.jpg","jetpack_sharing_enabled":true,"jetpack_shortlink":"https:\/\/wp.me\/pa9DMY-bH7","jetpack-related-posts":[],"_links":{"self":[{"href":"https:\/\/mula.es\/web\/wp-json\/wp\/v2\/posts\/44957","targetHints":{"allow":["GET"]}}],"collection":[{"href":"https:\/\/mula.es\/web\/wp-json\/wp\/v2\/posts"}],"about":[{"href":"https:\/\/mula.es\/web\/wp-json\/wp\/v2\/types\/post"}],"author":[{"embeddable":true,"href":"https:\/\/mula.es\/web\/wp-json\/wp\/v2\/users\/1"}],"replies":[{"embeddable":true,"href":"https:\/\/mula.es\/web\/wp-json\/wp\/v2\/comments?post=44957"}],"version-history":[{"count":1,"href":"https:\/\/mula.es\/web\/wp-json\/wp\/v2\/posts\/44957\/revisions"}],"predecessor-version":[{"id":44959,"href":"https:\/\/mula.es\/web\/wp-json\/wp\/v2\/posts\/44957\/revisions\/44959"}],"wp:featuredmedia":[{"embeddable":true,"href":"https:\/\/mula.es\/web\/wp-json\/wp\/v2\/media\/33512"}],"wp:attachment":[{"href":"https:\/\/mula.es\/web\/wp-json\/wp\/v2\/media?parent=44957"}],"wp:term":[{"taxonomy":"category","embeddable":true,"href":"https:\/\/mula.es\/web\/wp-json\/wp\/v2\/categories?post=44957"},{"taxonomy":"post_tag","embeddable":true,"href":"https:\/\/mula.es\/web\/wp-json\/wp\/v2\/tags?post=44957"}],"curies":[{"name":"wp","href":"https:\/\/api.w.org\/{rel}","templated":true}]}}